{"id":128496,"date":"2022-11-17T09:35:17","date_gmt":"2022-11-17T08:35:17","guid":{"rendered":"https:\/\/eurecat.org\/?p=128496"},"modified":"2022-11-18T09:45:34","modified_gmt":"2022-11-18T08:45:34","slug":"xavier-lopez-vicepresidente-de-la-federacion-de-centros-tecnologicos-de-espana","status":"publish","type":"post","link":"https:\/\/eurecat.org\/es\/xavier-lopez-vicepresidente-de-la-federacion-de-centros-tecnologicos-de-espana\/","title":{"rendered":"Xavier L\u00f3pez, vicepresidente de la Federaci\u00f3n de Centros Tecnol\u00f3gicos de Espa\u00f1a"},"content":{"rendered":"<div class=\"fusion-fullwidth fullwidth-box fusion-builder-row-1 fusion-flex-container nonhundred-percent-fullwidth non-hundred-percent-height-scrolling\" style=\"--awb-border-radius-top-left:0px;--awb-border-radius-top-right:0px;--awb-border-radius-bottom-right:0px;--awb-border-radius-bottom-left:0px;--awb-flex-wrap:wrap;\" ><div class=\"fusion-builder-row fusion-row fusion-flex-align-items-flex-start fusion-flex-content-wrap\" style=\"max-width:1424.8px;margin-left: calc(-4% \/ 2 );margin-right: calc(-4% \/ 2 );\"><div class=\"fusion-layout-column fusion_builder_column fusion-builder-column-0 fusion_builder_column_1_1 1_1 fusion-flex-column\" style=\"--awb-bg-size:cover;--awb-width-large:100%;--awb-margin-top-large:0px;--awb-spacing-right-large:1.92%;--awb-margin-bottom-large:0px;--awb-spacing-left-large:1.92%;--awb-width-medium:100%;--awb-spacing-right-medium:1.92%;--awb-spacing-left-medium:1.92%;--awb-width-small:100%;--awb-spacing-right-small:1.92%;--awb-spacing-left-small:1.92%;\"><div class=\"fusion-column-wrapper fusion-flex-justify-content-flex-start fusion-content-layout-column\"><div class=\"fusion-text fusion-text-1\"><p>El director general Corporativo y de Operaciones del centro tecnol\u00f3gico Eurecat, Xavier L\u00f3pez, ha sido reelegido vicepresidente de la Federaci\u00f3n de Centros Tecnol\u00f3gicos de Espa\u00f1a (Fedit), dentro del nuevo Consejo Rector de la entidad, cuya nueva presidenta es Laura Olcina, del ITI.<\/p>\n<p>En palabras de Xavier L\u00f3pez, \u201cFedit abre una nueva etapa, con la reciente reincorporaci\u00f3n de relevantes centros tecnol\u00f3gicos de diferentes comunidades aut\u00f3nomas, reforzando su representatividad y capacidad de prescripci\u00f3n en las pol\u00edticas tecnol\u00f3gicas del Estado\u201d.<\/p>\n<p>\u201cTenemos una gran oportunidad ante nosotros: hemos de ser capaces de trasladar de forma efectiva ante la administraci\u00f3n y los ciudadanos el relevante papel que los centros tecnol\u00f3gicos\u00a0jugamos en nuestra econom\u00eda y sociedad\u201d, ha puesto de relieve Laura Olcina durante su discurso de investidura, en el que ha remarcado que \u201cla fuerza de la Federaci\u00f3n reside en el talento de los centros tecnol\u00f3gicos que forman parte de la misma\u201d.<\/p>\n<p>La Federaci\u00f3n Espa\u00f1ola de Centros Tecnol\u00f3gicos se constituy\u00f3 en 1996 y desde entonces impulsa y fomenta la innovaci\u00f3n, el desarrollo tecnol\u00f3gico y la investigaci\u00f3n privada para incrementar la competitividad de las empresas a trav\u00e9s del fortalecimiento de los centros tecnol\u00f3gicos. Se trata de uno de los principales agentes dinamizadores de I+D+I privada del pa\u00eds y es un importante aliado de la industria en su estrategia competitiva y de internacionalizaci\u00f3n.<\/p>\n<p>En conjunto, Fedit est\u00e1 compuesta por 43 centros tecnol\u00f3gicos, con una plantilla que supera las 6.500 personas que dan servicio a 25.000 empresas de forma anual. En 2021 los centros asociados a Fedit adquirieron ingresos por un valor de m\u00e1s de 660 millones de euros y realizaron m\u00e1s de 5.000 proyectos de I+D+I.<\/p>\n<\/div><\/div><\/div><\/div><\/div>\n","protected":false},"excerpt":{"rendered":"","protected":false},"author":12,"featured_media":128501,"comment_status":"open","ping_status":"closed","sticky":false,"template":"","format":"standard","meta":{"footnotes":""},"categories":[682,134],"tags":[],"class_list":["post-128496","post","type-post","status-publish","format-standard","has-post-thumbnail","hentry","category-corporatiu-es","category-notas-de-prensa"],"yoast_head":"<!-- This site is optimized with the Yoast SEO plugin v27.4 - https:\/\/yoast.com\/product\/yoast-seo-wordpress\/ -->\n<title>Xavier L\u00f3pez, vicepresidente de la Federaci\u00f3n de Centros Tecnol\u00f3gicos de Espa\u00f1a - Eurecat<\/title>\n<meta name=\"robots\" content=\"index, follow, max-snippet:-1, max-image-preview:large, max-video-preview:-1\" \/>\n<link rel=\"canonical\" href=\"https:\/\/eurecat.org\/es\/xavier-lopez-vicepresidente-de-la-federacion-de-centros-tecnologicos-de-espana\/\" \/>\n<meta property=\"og:locale\" content=\"es_ES\" \/>\n<meta property=\"og:type\" content=\"article\" \/>\n<meta property=\"og:title\" content=\"Xavier L\u00f3pez, vicepresidente de la Federaci\u00f3n de Centros Tecnol\u00f3gicos de Espa\u00f1a - Eurecat\" \/>\n<meta property=\"og:url\" content=\"https:\/\/eurecat.org\/es\/xavier-lopez-vicepresidente-de-la-federacion-de-centros-tecnologicos-de-espana\/\" \/>\n<meta property=\"og:site_name\" content=\"Eurecat\" \/>\n<meta property=\"article:published_time\" content=\"2022-11-17T08:35:17+00:00\" \/>\n<meta property=\"article:modified_time\" content=\"2022-11-18T08:45:34+00:00\" \/>\n<meta property=\"og:image\" content=\"https:\/\/eurecat.org\/wp-content\/uploads\/2022\/11\/15102021-DSC_0724-horizontal-800x600px300dpi.jpg\" \/>\n\t<meta property=\"og:image:width\" content=\"800\" \/>\n\t<meta property=\"og:image:height\" content=\"600\" \/>\n\t<meta property=\"og:image:type\" content=\"image\/jpeg\" \/>\n<meta name=\"author\" content=\"EurecatEG\" \/>\n<meta name=\"twitter:card\" content=\"summary_large_image\" \/>\n<meta name=\"twitter:label1\" content=\"Escrito por\" \/>\n\t<meta name=\"twitter:data1\" content=\"EurecatEG\" \/>\n\t<meta name=\"twitter:label2\" content=\"Tiempo de lectura\" \/>\n\t<meta name=\"twitter:data2\" content=\"4 minutos\" \/>\n<script type=\"application\/ld+json\" class=\"yoast-schema-graph\">{\"@context\":\"https:\\\/\\\/schema.org\",\"@graph\":[{\"@type\":\"Article\",\"@id\":\"https:\\\/\\\/eurecat.org\\\/es\\\/xavier-lopez-vicepresidente-de-la-federacion-de-centros-tecnologicos-de-espana\\\/#article\",\"isPartOf\":{\"@id\":\"https:\\\/\\\/eurecat.org\\\/es\\\/xavier-lopez-vicepresidente-de-la-federacion-de-centros-tecnologicos-de-espana\\\/\"},\"author\":{\"name\":\"EurecatEG\",\"@id\":\"https:\\\/\\\/eurecat.org\\\/es\\\/#\\\/schema\\\/person\\\/def9217eded50ee57a9dc4cf0c883f80\"},\"headline\":\"Xavier L\u00f3pez, vicepresidente de la Federaci\u00f3n de Centros Tecnol\u00f3gicos de Espa\u00f1a\",\"datePublished\":\"2022-11-17T08:35:17+00:00\",\"dateModified\":\"2022-11-18T08:45:34+00:00\",\"mainEntityOfPage\":{\"@id\":\"https:\\\/\\\/eurecat.org\\\/es\\\/xavier-lopez-vicepresidente-de-la-federacion-de-centros-tecnologicos-de-espana\\\/\"},\"wordCount\":555,\"commentCount\":0,\"image\":{\"@id\":\"https:\\\/\\\/eurecat.org\\\/es\\\/xavier-lopez-vicepresidente-de-la-federacion-de-centros-tecnologicos-de-espana\\\/#primaryimage\"},\"thumbnailUrl\":\"https:\\\/\\\/eurecat.org\\\/wp-content\\\/uploads\\\/2022\\\/11\\\/15102021-DSC_0724-horizontal-800x600px300dpi.jpg\",\"articleSection\":[\"Corporativo\",\"Notas de prensa\"],\"inLanguage\":\"es\",\"potentialAction\":[{\"@type\":\"CommentAction\",\"name\":\"Comment\",\"target\":[\"https:\\\/\\\/eurecat.org\\\/es\\\/xavier-lopez-vicepresidente-de-la-federacion-de-centros-tecnologicos-de-espana\\\/#respond\"]}]},{\"@type\":\"WebPage\",\"@id\":\"https:\\\/\\\/eurecat.org\\\/es\\\/xavier-lopez-vicepresidente-de-la-federacion-de-centros-tecnologicos-de-espana\\\/\",\"url\":\"https:\\\/\\\/eurecat.org\\\/es\\\/xavier-lopez-vicepresidente-de-la-federacion-de-centros-tecnologicos-de-espana\\\/\",\"name\":\"Xavier L\u00f3pez, vicepresidente de la Federaci\u00f3n de Centros Tecnol\u00f3gicos de Espa\u00f1a - Eurecat\",\"isPartOf\":{\"@id\":\"https:\\\/\\\/eurecat.org\\\/es\\\/#website\"},\"primaryImageOfPage\":{\"@id\":\"https:\\\/\\\/eurecat.org\\\/es\\\/xavier-lopez-vicepresidente-de-la-federacion-de-centros-tecnologicos-de-espana\\\/#primaryimage\"},\"image\":{\"@id\":\"https:\\\/\\\/eurecat.org\\\/es\\\/xavier-lopez-vicepresidente-de-la-federacion-de-centros-tecnologicos-de-espana\\\/#primaryimage\"},\"thumbnailUrl\":\"https:\\\/\\\/eurecat.org\\\/wp-content\\\/uploads\\\/2022\\\/11\\\/15102021-DSC_0724-horizontal-800x600px300dpi.jpg\",\"datePublished\":\"2022-11-17T08:35:17+00:00\",\"dateModified\":\"2022-11-18T08:45:34+00:00\",\"author\":{\"@id\":\"https:\\\/\\\/eurecat.org\\\/es\\\/#\\\/schema\\\/person\\\/def9217eded50ee57a9dc4cf0c883f80\"},\"breadcrumb\":{\"@id\":\"https:\\\/\\\/eurecat.org\\\/es\\\/xavier-lopez-vicepresidente-de-la-federacion-de-centros-tecnologicos-de-espana\\\/#breadcrumb\"},\"inLanguage\":\"es\",\"potentialAction\":[{\"@type\":\"ReadAction\",\"target\":[\"https:\\\/\\\/eurecat.org\\\/es\\\/xavier-lopez-vicepresidente-de-la-federacion-de-centros-tecnologicos-de-espana\\\/\"]}]},{\"@type\":\"ImageObject\",\"inLanguage\":\"es\",\"@id\":\"https:\\\/\\\/eurecat.org\\\/es\\\/xavier-lopez-vicepresidente-de-la-federacion-de-centros-tecnologicos-de-espana\\\/#primaryimage\",\"url\":\"https:\\\/\\\/eurecat.org\\\/wp-content\\\/uploads\\\/2022\\\/11\\\/15102021-DSC_0724-horizontal-800x600px300dpi.jpg\",\"contentUrl\":\"https:\\\/\\\/eurecat.org\\\/wp-content\\\/uploads\\\/2022\\\/11\\\/15102021-DSC_0724-horizontal-800x600px300dpi.jpg\",\"width\":800,\"height\":600},{\"@type\":\"BreadcrumbList\",\"@id\":\"https:\\\/\\\/eurecat.org\\\/es\\\/xavier-lopez-vicepresidente-de-la-federacion-de-centros-tecnologicos-de-espana\\\/#breadcrumb\",\"itemListElement\":[{\"@type\":\"ListItem\",\"position\":1,\"name\":\"Inici\",\"item\":\"https:\\\/\\\/eurecat.org\\\/es\\\/\"},{\"@type\":\"ListItem\",\"position\":2,\"name\":\"Xavier L\u00f3pez, vicepresidente de la Federaci\u00f3n de Centros Tecnol\u00f3gicos de Espa\u00f1a\"}]},{\"@type\":\"WebSite\",\"@id\":\"https:\\\/\\\/eurecat.org\\\/es\\\/#website\",\"url\":\"https:\\\/\\\/eurecat.org\\\/es\\\/\",\"name\":\"Eurecat\",\"description\":\"Otro sitio realizado con WordPress\",\"potentialAction\":[{\"@type\":\"SearchAction\",\"target\":{\"@type\":\"EntryPoint\",\"urlTemplate\":\"https:\\\/\\\/eurecat.org\\\/es\\\/?s={search_term_string}\"},\"query-input\":{\"@type\":\"PropertyValueSpecification\",\"valueRequired\":true,\"valueName\":\"search_term_string\"}}],\"inLanguage\":\"es\"},{\"@type\":\"Person\",\"@id\":\"https:\\\/\\\/eurecat.org\\\/es\\\/#\\\/schema\\\/person\\\/def9217eded50ee57a9dc4cf0c883f80\",\"name\":\"EurecatEG\",\"image\":{\"@type\":\"ImageObject\",\"inLanguage\":\"es\",\"@id\":\"https:\\\/\\\/secure.gravatar.com\\\/avatar\\\/f40dd9b6ecd3e5c591f3c9b033e495ee0ec9877ba77249fbf268b3889350c824?s=96&d=mm&r=g\",\"url\":\"https:\\\/\\\/secure.gravatar.com\\\/avatar\\\/f40dd9b6ecd3e5c591f3c9b033e495ee0ec9877ba77249fbf268b3889350c824?s=96&d=mm&r=g\",\"contentUrl\":\"https:\\\/\\\/secure.gravatar.com\\\/avatar\\\/f40dd9b6ecd3e5c591f3c9b033e495ee0ec9877ba77249fbf268b3889350c824?s=96&d=mm&r=g\",\"caption\":\"EurecatEG\"}}]}<\/script>\n<!-- \/ Yoast SEO plugin. -->","yoast_head_json":{"title":"Xavier L\u00f3pez, vicepresidente de la Federaci\u00f3n de Centros Tecnol\u00f3gicos de Espa\u00f1a - Eurecat","robots":{"index":"index","follow":"follow","max-snippet":"max-snippet:-1","max-image-preview":"max-image-preview:large","max-video-preview":"max-video-preview:-1"},"canonical":"https:\/\/eurecat.org\/es\/xavier-lopez-vicepresidente-de-la-federacion-de-centros-tecnologicos-de-espana\/","og_locale":"es_ES","og_type":"article","og_title":"Xavier L\u00f3pez, vicepresidente de la Federaci\u00f3n de Centros Tecnol\u00f3gicos de Espa\u00f1a - Eurecat","og_url":"https:\/\/eurecat.org\/es\/xavier-lopez-vicepresidente-de-la-federacion-de-centros-tecnologicos-de-espana\/","og_site_name":"Eurecat","article_published_time":"2022-11-17T08:35:17+00:00","article_modified_time":"2022-11-18T08:45:34+00:00","og_image":[{"width":800,"height":600,"url":"https:\/\/eurecat.org\/wp-content\/uploads\/2022\/11\/15102021-DSC_0724-horizontal-800x600px300dpi.jpg","type":"image\/jpeg"}],"author":"EurecatEG","twitter_card":"summary_large_image","twitter_misc":{"Escrito por":"EurecatEG","Tiempo de lectura":"4 minutos"},"schema":{"@context":"https:\/\/schema.org","@graph":[{"@type":"Article","@id":"https:\/\/eurecat.org\/es\/xavier-lopez-vicepresidente-de-la-federacion-de-centros-tecnologicos-de-espana\/#article","isPartOf":{"@id":"https:\/\/eurecat.org\/es\/xavier-lopez-vicepresidente-de-la-federacion-de-centros-tecnologicos-de-espana\/"},"author":{"name":"EurecatEG","@id":"https:\/\/eurecat.org\/es\/#\/schema\/person\/def9217eded50ee57a9dc4cf0c883f80"},"headline":"Xavier L\u00f3pez, vicepresidente de la Federaci\u00f3n de Centros Tecnol\u00f3gicos de Espa\u00f1a","datePublished":"2022-11-17T08:35:17+00:00","dateModified":"2022-11-18T08:45:34+00:00","mainEntityOfPage":{"@id":"https:\/\/eurecat.org\/es\/xavier-lopez-vicepresidente-de-la-federacion-de-centros-tecnologicos-de-espana\/"},"wordCount":555,"commentCount":0,"image":{"@id":"https:\/\/eurecat.org\/es\/xavier-lopez-vicepresidente-de-la-federacion-de-centros-tecnologicos-de-espana\/#primaryimage"},"thumbnailUrl":"https:\/\/eurecat.org\/wp-content\/uploads\/2022\/11\/15102021-DSC_0724-horizontal-800x600px300dpi.jpg","articleSection":["Corporativo","Notas de prensa"],"inLanguage":"es","potentialAction":[{"@type":"CommentAction","name":"Comment","target":["https:\/\/eurecat.org\/es\/xavier-lopez-vicepresidente-de-la-federacion-de-centros-tecnologicos-de-espana\/#respond"]}]},{"@type":"WebPage","@id":"https:\/\/eurecat.org\/es\/xavier-lopez-vicepresidente-de-la-federacion-de-centros-tecnologicos-de-espana\/","url":"https:\/\/eurecat.org\/es\/xavier-lopez-vicepresidente-de-la-federacion-de-centros-tecnologicos-de-espana\/","name":"Xavier L\u00f3pez, vicepresidente de la Federaci\u00f3n de Centros Tecnol\u00f3gicos de Espa\u00f1a - Eurecat","isPartOf":{"@id":"https:\/\/eurecat.org\/es\/#website"},"primaryImageOfPage":{"@id":"https:\/\/eurecat.org\/es\/xavier-lopez-vicepresidente-de-la-federacion-de-centros-tecnologicos-de-espana\/#primaryimage"},"image":{"@id":"https:\/\/eurecat.org\/es\/xavier-lopez-vicepresidente-de-la-federacion-de-centros-tecnologicos-de-espana\/#primaryimage"},"thumbnailUrl":"https:\/\/eurecat.org\/wp-content\/uploads\/2022\/11\/15102021-DSC_0724-horizontal-800x600px300dpi.jpg","datePublished":"2022-11-17T08:35:17+00:00","dateModified":"2022-11-18T08:45:34+00:00","author":{"@id":"https:\/\/eurecat.org\/es\/#\/schema\/person\/def9217eded50ee57a9dc4cf0c883f80"},"breadcrumb":{"@id":"https:\/\/eurecat.org\/es\/xavier-lopez-vicepresidente-de-la-federacion-de-centros-tecnologicos-de-espana\/#breadcrumb"},"inLanguage":"es","potentialAction":[{"@type":"ReadAction","target":["https:\/\/eurecat.org\/es\/xavier-lopez-vicepresidente-de-la-federacion-de-centros-tecnologicos-de-espana\/"]}]},{"@type":"ImageObject","inLanguage":"es","@id":"https:\/\/eurecat.org\/es\/xavier-lopez-vicepresidente-de-la-federacion-de-centros-tecnologicos-de-espana\/#primaryimage","url":"https:\/\/eurecat.org\/wp-content\/uploads\/2022\/11\/15102021-DSC_0724-horizontal-800x600px300dpi.jpg","contentUrl":"https:\/\/eurecat.org\/wp-content\/uploads\/2022\/11\/15102021-DSC_0724-horizontal-800x600px300dpi.jpg","width":800,"height":600},{"@type":"BreadcrumbList","@id":"https:\/\/eurecat.org\/es\/xavier-lopez-vicepresidente-de-la-federacion-de-centros-tecnologicos-de-espana\/#breadcrumb","itemListElement":[{"@type":"ListItem","position":1,"name":"Inici","item":"https:\/\/eurecat.org\/es\/"},{"@type":"ListItem","position":2,"name":"Xavier L\u00f3pez, vicepresidente de la Federaci\u00f3n de Centros Tecnol\u00f3gicos de Espa\u00f1a"}]},{"@type":"WebSite","@id":"https:\/\/eurecat.org\/es\/#website","url":"https:\/\/eurecat.org\/es\/","name":"Eurecat","description":"Otro sitio realizado con WordPress","potentialAction":[{"@type":"SearchAction","target":{"@type":"EntryPoint","urlTemplate":"https:\/\/eurecat.org\/es\/?s={search_term_string}"},"query-input":{"@type":"PropertyValueSpecification","valueRequired":true,"valueName":"search_term_string"}}],"inLanguage":"es"},{"@type":"Person","@id":"https:\/\/eurecat.org\/es\/#\/schema\/person\/def9217eded50ee57a9dc4cf0c883f80","name":"EurecatEG","image":{"@type":"ImageObject","inLanguage":"es","@id":"https:\/\/secure.gravatar.com\/avatar\/f40dd9b6ecd3e5c591f3c9b033e495ee0ec9877ba77249fbf268b3889350c824?s=96&d=mm&r=g","url":"https:\/\/secure.gravatar.com\/avatar\/f40dd9b6ecd3e5c591f3c9b033e495ee0ec9877ba77249fbf268b3889350c824?s=96&d=mm&r=g","contentUrl":"https:\/\/secure.gravatar.com\/avatar\/f40dd9b6ecd3e5c591f3c9b033e495ee0ec9877ba77249fbf268b3889350c824?s=96&d=mm&r=g","caption":"EurecatEG"}}]}},"_links":{"self":[{"href":"https:\/\/eurecat.org\/es\/wp-json\/wp\/v2\/posts\/128496","targetHints":{"allow":["GET"]}}],"collection":[{"href":"https:\/\/eurecat.org\/es\/wp-json\/wp\/v2\/posts"}],"about":[{"href":"https:\/\/eurecat.org\/es\/wp-json\/wp\/v2\/types\/post"}],"author":[{"embeddable":true,"href":"https:\/\/eurecat.org\/es\/wp-json\/wp\/v2\/users\/12"}],"replies":[{"embeddable":true,"href":"https:\/\/eurecat.org\/es\/wp-json\/wp\/v2\/comments?post=128496"}],"version-history":[{"count":1,"href":"https:\/\/eurecat.org\/es\/wp-json\/wp\/v2\/posts\/128496\/revisions"}],"predecessor-version":[{"id":128502,"href":"https:\/\/eurecat.org\/es\/wp-json\/wp\/v2\/posts\/128496\/revisions\/128502"}],"wp:featuredmedia":[{"embeddable":true,"href":"https:\/\/eurecat.org\/es\/wp-json\/wp\/v2\/media\/128501"}],"wp:attachment":[{"href":"https:\/\/eurecat.org\/es\/wp-json\/wp\/v2\/media?parent=128496"}],"wp:term":[{"taxonomy":"category","embeddable":true,"href":"https:\/\/eurecat.org\/es\/wp-json\/wp\/v2\/categories?post=128496"},{"taxonomy":"post_tag","embeddable":true,"href":"https:\/\/eurecat.org\/es\/wp-json\/wp\/v2\/tags?post=128496"}],"curies":[{"name":"wp","href":"https:\/\/api.w.org\/{rel}","templated":true}]}}