{"id":129109,"date":"2022-12-15T10:49:16","date_gmt":"2022-12-15T09:49:16","guid":{"rendered":"https:\/\/eurecat.org\/?p=129109"},"modified":"2022-12-15T10:51:08","modified_gmt":"2022-12-15T09:51:08","slug":"eurecat-ensaya-la-generacion-de-plasticos-inteligentes-mas-sostenibles-y-con-nuevas-prestaciones","status":"publish","type":"post","link":"https:\/\/eurecat.org\/es\/eurecat-ensaya-la-generacion-de-plasticos-inteligentes-mas-sostenibles-y-con-nuevas-prestaciones\/","title":{"rendered":"Eurecat ensaya la generaci\u00f3n de pl\u00e1sticos inteligentes m\u00e1s sostenibles y con nuevas prestaciones"},"content":{"rendered":"<div class=\"fusion-fullwidth fullwidth-box fusion-builder-row-1 fusion-flex-container nonhundred-percent-fullwidth non-hundred-percent-height-scrolling\" style=\"--awb-border-radius-top-left:0px;--awb-border-radius-top-right:0px;--awb-border-radius-bottom-right:0px;--awb-border-radius-bottom-left:0px;--awb-flex-wrap:wrap;\" ><div class=\"fusion-builder-row fusion-row fusion-flex-align-items-flex-start fusion-flex-content-wrap\" style=\"max-width:1424.8px;margin-left: calc(-4% \/ 2 );margin-right: calc(-4% \/ 2 );\"><div class=\"fusion-layout-column fusion_builder_column fusion-builder-column-0 fusion_builder_column_1_1 1_1 fusion-flex-column\" style=\"--awb-bg-size:cover;--awb-width-large:100%;--awb-margin-top-large:0px;--awb-spacing-right-large:1.92%;--awb-margin-bottom-large:0px;--awb-spacing-left-large:1.92%;--awb-width-medium:100%;--awb-spacing-right-medium:1.92%;--awb-spacing-left-medium:1.92%;--awb-width-small:100%;--awb-spacing-right-small:1.92%;--awb-spacing-left-small:1.92%;\"><div class=\"fusion-column-wrapper fusion-flex-justify-content-flex-start fusion-content-layout-column\"><div class=\"fusion-text fusion-text-1\"><p>El centro tecnol\u00f3gico <a href=\"http:\/\/eurecat.org\/\">Eurecat<\/a> ha ensayado la integraci\u00f3n de la electr\u00f3nica y los materiales pl\u00e1sticos para generar nuevos productos de alto valor a\u00f1adido m\u00e1s sostenibles, con peso reducido, sensores integrados y prestaciones avanzadas, en una planta que ha instalado en su sede de Cerdanyola y que fabrica estas piezas con una tecnolog\u00eda l\u00edder conocida como plastr\u00f3nica.<\/p>\n<p>\u201cSe trata de una innovaci\u00f3n con una gran demanda e importancia en sectores como la automoci\u00f3n, la aeron\u00e1utica, el packaging, la electr\u00f3nica de consumo, m\u00e9dico o deportivo\u201d, explica la jefa de Desarrollo de negocio del Mercado de Industria de Base y Bienes de Equipo, Eva Fit\u00e9, quien destaca que esta tecnolog\u00eda \u201ces una oportunidad creciente para las industrias de bienes de equipo, bienes de consumo y herramientas electr\u00f3nicas de mano o <em>light tools<\/em>\u201d.<\/p>\n<p>Seg\u00fan apunta el jefe de la l\u00ednea In Mold Electronics de la Unidad de Functional Printing and Embedded Devices de Eurecat, Iker Arroyo, \u201cmediante la combinaci\u00f3n de la impresi\u00f3n funcional y la hibridaci\u00f3n de componentes electr\u00f3nicos con procesos de transformaci\u00f3n m\u00e1s tradicionales como la inyecci\u00f3n, es posible conseguir dispositivos ligeros, con nuevas funcionalidades integradas en piezas de geometr\u00edas complejas\u201d.<\/p>\n<p>As\u00ed pues, la plastr\u00f3nica \u201cofrece a las empresas la posibilidad de crear productos de alto valor a\u00f1adido que incorporen servicios m\u00e1s complejos, que conecten entre ellos para compartir informaci\u00f3n en tiempo real, con multitecnolog\u00eda y que incorporen dise\u00f1os atractivos y funcionales que, adem\u00e1s, pueden ser fabricados a gran escala\u201d, detalla Iker Arroyo.<\/p>\n<p>En palabras del jefe de la Unidad de Functional Printing and Embedded Devices de Eurecat, Paul Lacharmoise, \u201cel uso de esta tecnolog\u00eda permite un nivel de integraci\u00f3n de los componentes que tiene como resultado unas piezas m\u00e1s ligeras, m\u00e1s compactas y con tama\u00f1os m\u00e1s reducidos\u201d. La plastr\u00f3nica \u201crepresenta una revoluci\u00f3n que da respuesta a las necesidades y a los retos de la nueva movilidad\u201d, a\u00f1ade.<\/p>\n<p>\u00c9ste es el caso de la l\u00ednea piloto de fabricaci\u00f3n de piezas inyectadas desarrollada para el sector del autom\u00f3vil en el proyecto PLASTFUN, que incluyen efectos lum\u00ednicos integrados con circuitos impresos que contienen LEDs y, por otra, los avances en la nanotexturizaci\u00f3n de piezas con sens\u00f3rica impresa integrada.<\/p>\n<p>El jefe de la Unidad de Functional Printing and Embedded Devices de Eurecat remarca que esta tecnolog\u00eda, tambi\u00e9n conocida como In-Mold Electronics, \u201ces de especial relevancia para el sector de la movilidad, porque permite llevar a cabo desarrollos de nuevos productos m\u00e1s inteligentes, m\u00e1s eficientes y tambi\u00e9n m\u00e1s sostenibles\u201d.<\/p>\n<p>En este sentido, Eurecat \u201cha desarrollado en los \u00faltimos tiempos unas capacidades, competencias, know how e infraestructuras en el \u00e1mbito de la plastr\u00f3nica que sit\u00faan a nuestra entidad como un referente, incluso internacional, en estas tecnolog\u00edas\u201d, especifica Paul Lacharmoise.<\/p>\n<p><strong>La primera planta de plastr\u00f3nica del Sur de Europa<\/strong><\/p>\n<p>Situada en Cerdanyola del Vall\u00e8s, la planta piloto de plastr\u00f3nica de Eurecat es la primera de estas caracter\u00edsticas en Europa y permite a las empresas del territorio desarrollar nuevos productos con estas tecnolog\u00edas y adquirir el conocimiento necesario para su producci\u00f3n industrial rentable. Est\u00e1 compuesta por dos salas blancas que permiten la combinaci\u00f3n ordenada de distintos procesos de fabricaci\u00f3n. Una est\u00e1 dedicada a la impresi\u00f3n y la electr\u00f3nica y la otra a los procesos pl\u00e1sticos.<\/p>\n<p>La plastr\u00f3nica permite desarrollar productos con superficies funcionales a unos costes de manufactura competitivos, fabricados en base a la combinaci\u00f3n de multitecnolog\u00eda y multiproceso. Adem\u00e1s, desde la perspectiva de la sostenibilidad, los procesos de fabricaci\u00f3n de los componentes electr\u00f3nicos convencionales generan unos residuos que en la impresi\u00f3n electr\u00f3nica no se producen, por lo que la huella de carbono de los procesos comparativamente en peso espec\u00edfico es inferior. Adicionalmente, aporta una considerable reducci\u00f3n de los consumos energ\u00e9ticos, favoreciendo la competitividad de la industria.<\/p>\n<\/div><\/div><\/div><\/div><\/div>\n","protected":false},"excerpt":{"rendered":"","protected":false},"author":12,"featured_media":129112,"comment_status":"open","ping_status":"closed","sticky":false,"template":"","format":"standard","meta":{"footnotes":""},"categories":[399,405,134],"tags":[],"class_list":["post-129109","post","type-post","status-publish","format-standard","has-post-thumbnail","hentry","category-impresion-funcional","category-materiales-plasticos","category-notas-de-prensa"],"yoast_head":"<!-- This site is optimized with the Yoast SEO plugin v27.4 - https:\/\/yoast.com\/product\/yoast-seo-wordpress\/ -->\n<title>Eurecat ensaya la generaci\u00f3n de pl\u00e1sticos inteligentes m\u00e1s sostenibles y con nuevas prestaciones - Eurecat<\/title>\n<meta name=\"robots\" content=\"index, follow, max-snippet:-1, max-image-preview:large, max-video-preview:-1\" \/>\n<link rel=\"canonical\" href=\"https:\/\/eurecat.org\/es\/eurecat-ensaya-la-generacion-de-plasticos-inteligentes-mas-sostenibles-y-con-nuevas-prestaciones\/\" \/>\n<meta property=\"og:locale\" content=\"es_ES\" \/>\n<meta property=\"og:type\" content=\"article\" \/>\n<meta property=\"og:title\" content=\"Eurecat ensaya la generaci\u00f3n de pl\u00e1sticos inteligentes m\u00e1s sostenibles y con nuevas prestaciones - Eurecat\" \/>\n<meta property=\"og:url\" content=\"https:\/\/eurecat.org\/es\/eurecat-ensaya-la-generacion-de-plasticos-inteligentes-mas-sostenibles-y-con-nuevas-prestaciones\/\" \/>\n<meta property=\"og:site_name\" content=\"Eurecat\" \/>\n<meta property=\"article:published_time\" content=\"2022-12-15T09:49:16+00:00\" \/>\n<meta property=\"article:modified_time\" content=\"2022-12-15T09:51:08+00:00\" \/>\n<meta property=\"og:image\" content=\"https:\/\/eurecat.org\/wp-content\/uploads\/2022\/12\/plastronica2_800px.jpg\" \/>\n\t<meta property=\"og:image:width\" content=\"800\" \/>\n\t<meta property=\"og:image:height\" content=\"533\" \/>\n\t<meta property=\"og:image:type\" content=\"image\/jpeg\" \/>\n<meta name=\"author\" content=\"EurecatEG\" \/>\n<meta name=\"twitter:card\" content=\"summary_large_image\" \/>\n<meta name=\"twitter:label1\" content=\"Escrito por\" \/>\n\t<meta name=\"twitter:data1\" content=\"EurecatEG\" \/>\n\t<meta name=\"twitter:label2\" content=\"Tiempo de lectura\" \/>\n\t<meta name=\"twitter:data2\" content=\"4 minutos\" \/>\n<script type=\"application\/ld+json\" class=\"yoast-schema-graph\">{\"@context\":\"https:\\\/\\\/schema.org\",\"@graph\":[{\"@type\":\"Article\",\"@id\":\"https:\\\/\\\/eurecat.org\\\/es\\\/eurecat-ensaya-la-generacion-de-plasticos-inteligentes-mas-sostenibles-y-con-nuevas-prestaciones\\\/#article\",\"isPartOf\":{\"@id\":\"https:\\\/\\\/eurecat.org\\\/es\\\/eurecat-ensaya-la-generacion-de-plasticos-inteligentes-mas-sostenibles-y-con-nuevas-prestaciones\\\/\"},\"author\":{\"name\":\"EurecatEG\",\"@id\":\"https:\\\/\\\/eurecat.org\\\/es\\\/#\\\/schema\\\/person\\\/def9217eded50ee57a9dc4cf0c883f80\"},\"headline\":\"Eurecat ensaya la generaci\u00f3n de pl\u00e1sticos inteligentes m\u00e1s sostenibles y con nuevas prestaciones\",\"datePublished\":\"2022-12-15T09:49:16+00:00\",\"dateModified\":\"2022-12-15T09:51:08+00:00\",\"mainEntityOfPage\":{\"@id\":\"https:\\\/\\\/eurecat.org\\\/es\\\/eurecat-ensaya-la-generacion-de-plasticos-inteligentes-mas-sostenibles-y-con-nuevas-prestaciones\\\/\"},\"wordCount\":946,\"commentCount\":0,\"image\":{\"@id\":\"https:\\\/\\\/eurecat.org\\\/es\\\/eurecat-ensaya-la-generacion-de-plasticos-inteligentes-mas-sostenibles-y-con-nuevas-prestaciones\\\/#primaryimage\"},\"thumbnailUrl\":\"https:\\\/\\\/eurecat.org\\\/wp-content\\\/uploads\\\/2022\\\/12\\\/plastronica2_800px.jpg\",\"articleSection\":[\"Impresi\u00f3n funcional\",\"Materiales pl\u00e1sticos\",\"Notas de prensa\"],\"inLanguage\":\"es\",\"potentialAction\":[{\"@type\":\"CommentAction\",\"name\":\"Comment\",\"target\":[\"https:\\\/\\\/eurecat.org\\\/es\\\/eurecat-ensaya-la-generacion-de-plasticos-inteligentes-mas-sostenibles-y-con-nuevas-prestaciones\\\/#respond\"]}]},{\"@type\":\"WebPage\",\"@id\":\"https:\\\/\\\/eurecat.org\\\/es\\\/eurecat-ensaya-la-generacion-de-plasticos-inteligentes-mas-sostenibles-y-con-nuevas-prestaciones\\\/\",\"url\":\"https:\\\/\\\/eurecat.org\\\/es\\\/eurecat-ensaya-la-generacion-de-plasticos-inteligentes-mas-sostenibles-y-con-nuevas-prestaciones\\\/\",\"name\":\"Eurecat ensaya la generaci\u00f3n de pl\u00e1sticos inteligentes m\u00e1s sostenibles y con nuevas prestaciones - Eurecat\",\"isPartOf\":{\"@id\":\"https:\\\/\\\/eurecat.org\\\/es\\\/#website\"},\"primaryImageOfPage\":{\"@id\":\"https:\\\/\\\/eurecat.org\\\/es\\\/eurecat-ensaya-la-generacion-de-plasticos-inteligentes-mas-sostenibles-y-con-nuevas-prestaciones\\\/#primaryimage\"},\"image\":{\"@id\":\"https:\\\/\\\/eurecat.org\\\/es\\\/eurecat-ensaya-la-generacion-de-plasticos-inteligentes-mas-sostenibles-y-con-nuevas-prestaciones\\\/#primaryimage\"},\"thumbnailUrl\":\"https:\\\/\\\/eurecat.org\\\/wp-content\\\/uploads\\\/2022\\\/12\\\/plastronica2_800px.jpg\",\"datePublished\":\"2022-12-15T09:49:16+00:00\",\"dateModified\":\"2022-12-15T09:51:08+00:00\",\"author\":{\"@id\":\"https:\\\/\\\/eurecat.org\\\/es\\\/#\\\/schema\\\/person\\\/def9217eded50ee57a9dc4cf0c883f80\"},\"breadcrumb\":{\"@id\":\"https:\\\/\\\/eurecat.org\\\/es\\\/eurecat-ensaya-la-generacion-de-plasticos-inteligentes-mas-sostenibles-y-con-nuevas-prestaciones\\\/#breadcrumb\"},\"inLanguage\":\"es\",\"potentialAction\":[{\"@type\":\"ReadAction\",\"target\":[\"https:\\\/\\\/eurecat.org\\\/es\\\/eurecat-ensaya-la-generacion-de-plasticos-inteligentes-mas-sostenibles-y-con-nuevas-prestaciones\\\/\"]}]},{\"@type\":\"ImageObject\",\"inLanguage\":\"es\",\"@id\":\"https:\\\/\\\/eurecat.org\\\/es\\\/eurecat-ensaya-la-generacion-de-plasticos-inteligentes-mas-sostenibles-y-con-nuevas-prestaciones\\\/#primaryimage\",\"url\":\"https:\\\/\\\/eurecat.org\\\/wp-content\\\/uploads\\\/2022\\\/12\\\/plastronica2_800px.jpg\",\"contentUrl\":\"https:\\\/\\\/eurecat.org\\\/wp-content\\\/uploads\\\/2022\\\/12\\\/plastronica2_800px.jpg\",\"width\":800,\"height\":533},{\"@type\":\"BreadcrumbList\",\"@id\":\"https:\\\/\\\/eurecat.org\\\/es\\\/eurecat-ensaya-la-generacion-de-plasticos-inteligentes-mas-sostenibles-y-con-nuevas-prestaciones\\\/#breadcrumb\",\"itemListElement\":[{\"@type\":\"ListItem\",\"position\":1,\"name\":\"Inici\",\"item\":\"https:\\\/\\\/eurecat.org\\\/es\\\/\"},{\"@type\":\"ListItem\",\"position\":2,\"name\":\"Eurecat ensaya la generaci\u00f3n de pl\u00e1sticos inteligentes m\u00e1s sostenibles y con nuevas prestaciones\"}]},{\"@type\":\"WebSite\",\"@id\":\"https:\\\/\\\/eurecat.org\\\/es\\\/#website\",\"url\":\"https:\\\/\\\/eurecat.org\\\/es\\\/\",\"name\":\"Eurecat\",\"description\":\"Otro sitio realizado con WordPress\",\"potentialAction\":[{\"@type\":\"SearchAction\",\"target\":{\"@type\":\"EntryPoint\",\"urlTemplate\":\"https:\\\/\\\/eurecat.org\\\/es\\\/?s={search_term_string}\"},\"query-input\":{\"@type\":\"PropertyValueSpecification\",\"valueRequired\":true,\"valueName\":\"search_term_string\"}}],\"inLanguage\":\"es\"},{\"@type\":\"Person\",\"@id\":\"https:\\\/\\\/eurecat.org\\\/es\\\/#\\\/schema\\\/person\\\/def9217eded50ee57a9dc4cf0c883f80\",\"name\":\"EurecatEG\",\"image\":{\"@type\":\"ImageObject\",\"inLanguage\":\"es\",\"@id\":\"https:\\\/\\\/secure.gravatar.com\\\/avatar\\\/f40dd9b6ecd3e5c591f3c9b033e495ee0ec9877ba77249fbf268b3889350c824?s=96&d=mm&r=g\",\"url\":\"https:\\\/\\\/secure.gravatar.com\\\/avatar\\\/f40dd9b6ecd3e5c591f3c9b033e495ee0ec9877ba77249fbf268b3889350c824?s=96&d=mm&r=g\",\"contentUrl\":\"https:\\\/\\\/secure.gravatar.com\\\/avatar\\\/f40dd9b6ecd3e5c591f3c9b033e495ee0ec9877ba77249fbf268b3889350c824?s=96&d=mm&r=g\",\"caption\":\"EurecatEG\"}}]}<\/script>\n<!-- \/ Yoast SEO plugin. -->","yoast_head_json":{"title":"Eurecat ensaya la generaci\u00f3n de pl\u00e1sticos inteligentes m\u00e1s sostenibles y con nuevas prestaciones - Eurecat","robots":{"index":"index","follow":"follow","max-snippet":"max-snippet:-1","max-image-preview":"max-image-preview:large","max-video-preview":"max-video-preview:-1"},"canonical":"https:\/\/eurecat.org\/es\/eurecat-ensaya-la-generacion-de-plasticos-inteligentes-mas-sostenibles-y-con-nuevas-prestaciones\/","og_locale":"es_ES","og_type":"article","og_title":"Eurecat ensaya la generaci\u00f3n de pl\u00e1sticos inteligentes m\u00e1s sostenibles y con nuevas prestaciones - Eurecat","og_url":"https:\/\/eurecat.org\/es\/eurecat-ensaya-la-generacion-de-plasticos-inteligentes-mas-sostenibles-y-con-nuevas-prestaciones\/","og_site_name":"Eurecat","article_published_time":"2022-12-15T09:49:16+00:00","article_modified_time":"2022-12-15T09:51:08+00:00","og_image":[{"width":800,"height":533,"url":"https:\/\/eurecat.org\/wp-content\/uploads\/2022\/12\/plastronica2_800px.jpg","type":"image\/jpeg"}],"author":"EurecatEG","twitter_card":"summary_large_image","twitter_misc":{"Escrito por":"EurecatEG","Tiempo de lectura":"4 minutos"},"schema":{"@context":"https:\/\/schema.org","@graph":[{"@type":"Article","@id":"https:\/\/eurecat.org\/es\/eurecat-ensaya-la-generacion-de-plasticos-inteligentes-mas-sostenibles-y-con-nuevas-prestaciones\/#article","isPartOf":{"@id":"https:\/\/eurecat.org\/es\/eurecat-ensaya-la-generacion-de-plasticos-inteligentes-mas-sostenibles-y-con-nuevas-prestaciones\/"},"author":{"name":"EurecatEG","@id":"https:\/\/eurecat.org\/es\/#\/schema\/person\/def9217eded50ee57a9dc4cf0c883f80"},"headline":"Eurecat ensaya la generaci\u00f3n de pl\u00e1sticos inteligentes m\u00e1s sostenibles y con nuevas prestaciones","datePublished":"2022-12-15T09:49:16+00:00","dateModified":"2022-12-15T09:51:08+00:00","mainEntityOfPage":{"@id":"https:\/\/eurecat.org\/es\/eurecat-ensaya-la-generacion-de-plasticos-inteligentes-mas-sostenibles-y-con-nuevas-prestaciones\/"},"wordCount":946,"commentCount":0,"image":{"@id":"https:\/\/eurecat.org\/es\/eurecat-ensaya-la-generacion-de-plasticos-inteligentes-mas-sostenibles-y-con-nuevas-prestaciones\/#primaryimage"},"thumbnailUrl":"https:\/\/eurecat.org\/wp-content\/uploads\/2022\/12\/plastronica2_800px.jpg","articleSection":["Impresi\u00f3n funcional","Materiales pl\u00e1sticos","Notas de prensa"],"inLanguage":"es","potentialAction":[{"@type":"CommentAction","name":"Comment","target":["https:\/\/eurecat.org\/es\/eurecat-ensaya-la-generacion-de-plasticos-inteligentes-mas-sostenibles-y-con-nuevas-prestaciones\/#respond"]}]},{"@type":"WebPage","@id":"https:\/\/eurecat.org\/es\/eurecat-ensaya-la-generacion-de-plasticos-inteligentes-mas-sostenibles-y-con-nuevas-prestaciones\/","url":"https:\/\/eurecat.org\/es\/eurecat-ensaya-la-generacion-de-plasticos-inteligentes-mas-sostenibles-y-con-nuevas-prestaciones\/","name":"Eurecat ensaya la generaci\u00f3n de pl\u00e1sticos inteligentes m\u00e1s sostenibles y con nuevas prestaciones - Eurecat","isPartOf":{"@id":"https:\/\/eurecat.org\/es\/#website"},"primaryImageOfPage":{"@id":"https:\/\/eurecat.org\/es\/eurecat-ensaya-la-generacion-de-plasticos-inteligentes-mas-sostenibles-y-con-nuevas-prestaciones\/#primaryimage"},"image":{"@id":"https:\/\/eurecat.org\/es\/eurecat-ensaya-la-generacion-de-plasticos-inteligentes-mas-sostenibles-y-con-nuevas-prestaciones\/#primaryimage"},"thumbnailUrl":"https:\/\/eurecat.org\/wp-content\/uploads\/2022\/12\/plastronica2_800px.jpg","datePublished":"2022-12-15T09:49:16+00:00","dateModified":"2022-12-15T09:51:08+00:00","author":{"@id":"https:\/\/eurecat.org\/es\/#\/schema\/person\/def9217eded50ee57a9dc4cf0c883f80"},"breadcrumb":{"@id":"https:\/\/eurecat.org\/es\/eurecat-ensaya-la-generacion-de-plasticos-inteligentes-mas-sostenibles-y-con-nuevas-prestaciones\/#breadcrumb"},"inLanguage":"es","potentialAction":[{"@type":"ReadAction","target":["https:\/\/eurecat.org\/es\/eurecat-ensaya-la-generacion-de-plasticos-inteligentes-mas-sostenibles-y-con-nuevas-prestaciones\/"]}]},{"@type":"ImageObject","inLanguage":"es","@id":"https:\/\/eurecat.org\/es\/eurecat-ensaya-la-generacion-de-plasticos-inteligentes-mas-sostenibles-y-con-nuevas-prestaciones\/#primaryimage","url":"https:\/\/eurecat.org\/wp-content\/uploads\/2022\/12\/plastronica2_800px.jpg","contentUrl":"https:\/\/eurecat.org\/wp-content\/uploads\/2022\/12\/plastronica2_800px.jpg","width":800,"height":533},{"@type":"BreadcrumbList","@id":"https:\/\/eurecat.org\/es\/eurecat-ensaya-la-generacion-de-plasticos-inteligentes-mas-sostenibles-y-con-nuevas-prestaciones\/#breadcrumb","itemListElement":[{"@type":"ListItem","position":1,"name":"Inici","item":"https:\/\/eurecat.org\/es\/"},{"@type":"ListItem","position":2,"name":"Eurecat ensaya la generaci\u00f3n de pl\u00e1sticos inteligentes m\u00e1s sostenibles y con nuevas prestaciones"}]},{"@type":"WebSite","@id":"https:\/\/eurecat.org\/es\/#website","url":"https:\/\/eurecat.org\/es\/","name":"Eurecat","description":"Otro sitio realizado con WordPress","potentialAction":[{"@type":"SearchAction","target":{"@type":"EntryPoint","urlTemplate":"https:\/\/eurecat.org\/es\/?s={search_term_string}"},"query-input":{"@type":"PropertyValueSpecification","valueRequired":true,"valueName":"search_term_string"}}],"inLanguage":"es"},{"@type":"Person","@id":"https:\/\/eurecat.org\/es\/#\/schema\/person\/def9217eded50ee57a9dc4cf0c883f80","name":"EurecatEG","image":{"@type":"ImageObject","inLanguage":"es","@id":"https:\/\/secure.gravatar.com\/avatar\/f40dd9b6ecd3e5c591f3c9b033e495ee0ec9877ba77249fbf268b3889350c824?s=96&d=mm&r=g","url":"https:\/\/secure.gravatar.com\/avatar\/f40dd9b6ecd3e5c591f3c9b033e495ee0ec9877ba77249fbf268b3889350c824?s=96&d=mm&r=g","contentUrl":"https:\/\/secure.gravatar.com\/avatar\/f40dd9b6ecd3e5c591f3c9b033e495ee0ec9877ba77249fbf268b3889350c824?s=96&d=mm&r=g","caption":"EurecatEG"}}]}},"_links":{"self":[{"href":"https:\/\/eurecat.org\/es\/wp-json\/wp\/v2\/posts\/129109","targetHints":{"allow":["GET"]}}],"collection":[{"href":"https:\/\/eurecat.org\/es\/wp-json\/wp\/v2\/posts"}],"about":[{"href":"https:\/\/eurecat.org\/es\/wp-json\/wp\/v2\/types\/post"}],"author":[{"embeddable":true,"href":"https:\/\/eurecat.org\/es\/wp-json\/wp\/v2\/users\/12"}],"replies":[{"embeddable":true,"href":"https:\/\/eurecat.org\/es\/wp-json\/wp\/v2\/comments?post=129109"}],"version-history":[{"count":1,"href":"https:\/\/eurecat.org\/es\/wp-json\/wp\/v2\/posts\/129109\/revisions"}],"predecessor-version":[{"id":129115,"href":"https:\/\/eurecat.org\/es\/wp-json\/wp\/v2\/posts\/129109\/revisions\/129115"}],"wp:featuredmedia":[{"embeddable":true,"href":"https:\/\/eurecat.org\/es\/wp-json\/wp\/v2\/media\/129112"}],"wp:attachment":[{"href":"https:\/\/eurecat.org\/es\/wp-json\/wp\/v2\/media?parent=129109"}],"wp:term":[{"taxonomy":"category","embeddable":true,"href":"https:\/\/eurecat.org\/es\/wp-json\/wp\/v2\/categories?post=129109"},{"taxonomy":"post_tag","embeddable":true,"href":"https:\/\/eurecat.org\/es\/wp-json\/wp\/v2\/tags?post=129109"}],"curies":[{"name":"wp","href":"https:\/\/api.w.org\/{rel}","templated":true}]}}