{"id":129356,"date":"2022-12-20T16:51:57","date_gmt":"2022-12-20T15:51:57","guid":{"rendered":"https:\/\/eurecat.org\/?p=129356"},"modified":"2022-12-20T17:20:10","modified_gmt":"2022-12-20T16:20:10","slug":"editorial_innovacion-ahora-y-aqui","status":"publish","type":"post","link":"https:\/\/eurecat.org\/es\/editorial_innovacion-ahora-y-aqui\/","title":{"rendered":"Innovaci\u00f3n, ahora y aqu\u00ed"},"content":{"rendered":"<p><strong><img decoding=\"async\" class=\"alignleft wp-image-129363 size-medium\" src=\"https:\/\/eurecat.org\/wp-content\/uploads\/2022\/12\/RETRAT06_retall_BN-300x232.jpg\" alt=\"\" width=\"300\" height=\"232\" srcset=\"https:\/\/eurecat.org\/wp-content\/uploads\/2022\/12\/RETRAT06_retall_BN-200x154.jpg 200w, https:\/\/eurecat.org\/wp-content\/uploads\/2022\/12\/RETRAT06_retall_BN-300x232.jpg 300w, https:\/\/eurecat.org\/wp-content\/uploads\/2022\/12\/RETRAT06_retall_BN-400x309.jpg 400w, https:\/\/eurecat.org\/wp-content\/uploads\/2022\/12\/RETRAT06_retall_BN-600x463.jpg 600w, https:\/\/eurecat.org\/wp-content\/uploads\/2022\/12\/RETRAT06_retall_BN-768x593.jpg 768w, https:\/\/eurecat.org\/wp-content\/uploads\/2022\/12\/RETRAT06_retall_BN-800x618.jpg 800w, https:\/\/eurecat.org\/wp-content\/uploads\/2022\/12\/RETRAT06_retall_BN.jpg 1134w\" sizes=\"(max-width: 300px) 100vw, 300px\" \/><\/strong><\/p>\n<p><strong>La innovaci\u00f3n<\/strong> se est\u00e1 consolidando como <strong>factor clave para la competitividad empresarial<\/strong>, desde la perspectiva de aplicar con eficiencia los nuevos conocimientos y tecnolog\u00edas para generar valor. Desde este \u00e1ngulo, <strong>Eurecat busca constantemente f\u00f3rmulas que favorezcan la innovaci\u00f3n para permitir la evoluci\u00f3n empresarial e industrial, con especial atenci\u00f3n a los progresos de las peque\u00f1as y medianas empresas, a la vez que velen por el mejor impacto social.<\/strong> Dentro de este marco, este a\u00f1o algunas de nuestras iniciativas y proyectos han impulsado la hibridaci\u00f3n de las tecnolog\u00edas digitales, industriales, biotecnol\u00f3gicas y la sostenibilidad en m\u00faltiples sectores, con avances que abarcan desde la innovaci\u00f3n en bater\u00edas, la mitigaci\u00f3n de los efectos del cambio clim\u00e1tico, las energ\u00edas alternativas como el hidr\u00f3geno verde y la econom\u00eda circular hasta innovaciones que marcan la diferencia en campos como las industrias culturales y creativas, la nutrici\u00f3n de precisi\u00f3n, la salud y la implantaci\u00f3n de la industria 4.0 y los nuevos procesos de fabricaci\u00f3n.<\/p>\n<p>Cada a\u00f1o, la lista de proyectos que llevamos adelante crece y comprende multitud de iniciativas privadas con empresas catalanas l\u00edderes a nivel estatal y europeo con tecnolog\u00edas diferenciales como la <strong>plastr\u00f3nica, las tecnolog\u00edas \u00f3micas o la inteligencia artificial<\/strong> y la participaci\u00f3n en consorcios europeos muy potentes en los que generamos soluciones tecnol\u00f3gicas altamente avanzadas. A partir de ahora, la reci\u00e9n creada <strong>Fundaci\u00f3n Eurecat Latam<\/strong> trabajar\u00e1 estrechamente con el ecosistema de innovaci\u00f3n latinoamericano para que pueda conocer y nutrirse de estas pioneras experiencias llevadas a cabo con empresas catalanas, con la idea de que sea el punto de partida nuevos proyectos tecnol\u00f3gicos con impacto, con la escalabilidad y la autosuficiencia econ\u00f3mica como ejes prioritarios. <strong>Se trata de sumar y facilitar las conexiones para que las empresas catalanas puedan aportar su conocimiento para estimular la innovaci\u00f3n y el desarrollo de proyectos en Latinoam\u00e9rica<\/strong>, promoviendo la traslaci\u00f3n de competencias y de capacidades adquiridas en proyectos de \u00e9xito, adem\u00e1s de contribuir al crecimiento de las empresas catalanas con presencia en la regi\u00f3n, facilitando los v\u00ednculos con el tejido innovador y empresarial.<\/p>\n<p>En la esfera digital, en este newsletter encontrar\u00e1 proyectos de innovaci\u00f3n para la ciudad inteligente, entre los que destaca la introducci\u00f3n de <strong>textiles h\u00edbridos arquitect\u00f3nicos<\/strong> que a\u00f1aden nuevas funcionalidades a las fachadas de los edificios en el \u00e1mbito de la energ\u00eda y la iluminaci\u00f3n. Tambi\u00e9n os hablamos sobre los ganadores de los <strong>Premios RuralApps<\/strong> y de la participaci\u00f3n de Eurecat en el <strong>congreso Puzzle X<\/strong>, un evento que ha abordado c\u00f3mo las \u00faltimas tecnolog\u00edas impactar\u00e1n en la sociedad, las ciudades y las industrias, y en el <strong>Talent Knowledge Congress<\/strong>, donde hemos aportado nuestra experiencia y visi\u00f3n en la gesti\u00f3n del conocimiento.<\/p>\n<p>El apartado dedicado al reportaje recoge un v\u00eddeo que muestra un proyecto con la empresa <strong>Miliunverd<\/strong> para la b\u00fasqueda de un envase sostenible para comercializar su aceite Casol\u00ed. Asimismo, en la secci\u00f3n para reflexionar le acercamos un innovador <strong>programa de formaci\u00f3n a empresas de la Agencia de Estrategia Tur\u00edstica de las Illes Balears<\/strong> (AETIB). Encontrar\u00e1 tambi\u00e9n destacada una informaci\u00f3n que se hace eco de los cuatro proyectos que el centro de referencia en I+D+i en bater\u00edas del sur de Europa, <strong>Battech<\/strong>, ha puesto en marcha este trimestre por un valor de m\u00e1s de cuatro millones de euros, dirigidos al desarrollo de bater\u00edas y al reciclaje de materiales para veh\u00edculos el\u00e9ctricos. Estamos tambi\u00e9n muy satisfechos de compartiros que <strong>Xavier L\u00f3pez<\/strong>, director general Corporativo y de Operaciones de Eurecat, ha sido <strong>reelegido vicepresidente de la Federaci\u00f3n de Centros Tecnol\u00f3gicos de Espa\u00f1a<\/strong> (Fedit), dentro del nuevo Consejo Rector de la entidad, con el que compartimos la visi\u00f3n de sumar ideas, conocimiento y soluciones para fortalecer la capacidad de las empresas para competir con \u00e9xito en el mercado. <strong>El enfoque hacia la innovaci\u00f3n es una visi\u00f3n donde la inspiraci\u00f3n, el conocimiento y las capacidades est\u00e1n al servicio del crecimiento empresarial y social, un objetivo que en Eurecat est\u00e1 \u00edntimamente ligado a la creatividad, el talento y la ambici\u00f3n de nuestro equipo por mejorar el mundo.<\/strong> En su nombre, os deseo unas muy felices fiestas y lo mejor para el nuevo a\u00f1o.<\/p>\n<p><strong>Xavier Torra<br \/>\n<\/strong><strong>Presidente de Eurecat<\/strong><\/p>\n","protected":false},"excerpt":{"rendered":"<p>La innovaci\u00f3n se est\u00e1 consolidando como factor clave para la competitividad empresarial, desde la perspectiva de aplicar con eficiencia los nuevos conocimientos y tecnolog\u00edas para generar valor. Desde este \u00e1ngulo, Eurecat busca constantemente f\u00f3rmulas que favorezcan la innovaci\u00f3n para permitir la evoluci\u00f3n empresarial e industrial, con especial atenci\u00f3n a los progresos de las peque\u00f1as y  [&#8230;]<\/p>\n","protected":false},"author":20,"featured_media":129363,"comment_status":"closed","ping_status":"closed","sticky":false,"template":"","format":"standard","meta":{"footnotes":""},"categories":[133,2217],"tags":[],"class_list":["post-129356","post","type-post","status-publish","format-standard","has-post-thumbnail","hentry","category-blog","category-editorial"],"yoast_head":"<!-- This site is optimized with the Yoast SEO plugin v27.5 - https:\/\/yoast.com\/product\/yoast-seo-wordpress\/ -->\n<title>Innovaci\u00f3n, ahora y aqu\u00ed - Eurecat<\/title>\n<meta name=\"description\" content=\"La innovaci\u00f3n se est\u00e1 consolidando como factor clave para la competitividad empresarial, desde la perspectiva de aplicar con eficiencia los nuevos conocimientos y tecnolog\u00edas para generar valor\" \/>\n<meta name=\"robots\" content=\"index, follow, max-snippet:-1, max-image-preview:large, max-video-preview:-1\" \/>\n<link rel=\"canonical\" href=\"https:\/\/eurecat.org\/es\/editorial_innovacion-ahora-y-aqui\/\" \/>\n<meta property=\"og:locale\" content=\"es_ES\" \/>\n<meta property=\"og:type\" content=\"article\" \/>\n<meta property=\"og:title\" content=\"Innovaci\u00f3n, ahora y aqu\u00ed - Eurecat\" \/>\n<meta property=\"og:description\" content=\"La innovaci\u00f3n se est\u00e1 consolidando como factor clave para la competitividad empresarial, desde la perspectiva de aplicar con eficiencia los nuevos conocimientos y tecnolog\u00edas para generar valor\" \/>\n<meta property=\"og:url\" content=\"https:\/\/eurecat.org\/es\/editorial_innovacion-ahora-y-aqui\/\" \/>\n<meta property=\"og:site_name\" content=\"Eurecat\" \/>\n<meta property=\"article:published_time\" content=\"2022-12-20T15:51:57+00:00\" \/>\n<meta property=\"article:modified_time\" content=\"2022-12-20T16:20:10+00:00\" \/>\n<meta property=\"og:image\" content=\"https:\/\/eurecat.org\/wp-content\/uploads\/2022\/12\/RETRAT06_retall_BN.jpg\" \/>\n\t<meta property=\"og:image:width\" content=\"1134\" \/>\n\t<meta property=\"og:image:height\" content=\"876\" \/>\n\t<meta property=\"og:image:type\" content=\"image\/jpeg\" \/>\n<meta name=\"author\" content=\"EurecatEQZ\" \/>\n<meta name=\"twitter:card\" content=\"summary_large_image\" \/>\n<meta name=\"twitter:label1\" content=\"Escrito por\" \/>\n\t<meta name=\"twitter:data1\" content=\"EurecatEQZ\" \/>\n\t<meta name=\"twitter:label2\" content=\"Tiempo de lectura\" \/>\n\t<meta name=\"twitter:data2\" content=\"4 minutos\" \/>\n<script type=\"application\/ld+json\" class=\"yoast-schema-graph\">{\"@context\":\"https:\\\/\\\/schema.org\",\"@graph\":[{\"@type\":\"Article\",\"@id\":\"https:\\\/\\\/eurecat.org\\\/es\\\/editorial_innovacion-ahora-y-aqui\\\/#article\",\"isPartOf\":{\"@id\":\"https:\\\/\\\/eurecat.org\\\/es\\\/editorial_innovacion-ahora-y-aqui\\\/\"},\"author\":{\"name\":\"EurecatEQZ\",\"@id\":\"https:\\\/\\\/eurecat.org\\\/es\\\/#\\\/schema\\\/person\\\/99d4d39712001e7621b6867b27b40bed\"},\"headline\":\"Innovaci\u00f3n, ahora y aqu\u00ed\",\"datePublished\":\"2022-12-20T15:51:57+00:00\",\"dateModified\":\"2022-12-20T16:20:10+00:00\",\"mainEntityOfPage\":{\"@id\":\"https:\\\/\\\/eurecat.org\\\/es\\\/editorial_innovacion-ahora-y-aqui\\\/\"},\"wordCount\":761,\"image\":{\"@id\":\"https:\\\/\\\/eurecat.org\\\/es\\\/editorial_innovacion-ahora-y-aqui\\\/#primaryimage\"},\"thumbnailUrl\":\"https:\\\/\\\/eurecat.org\\\/wp-content\\\/uploads\\\/2022\\\/12\\\/RETRAT06_retall_BN.jpg\",\"articleSection\":[\"Blog\",\"Editorial\"],\"inLanguage\":\"es\"},{\"@type\":\"WebPage\",\"@id\":\"https:\\\/\\\/eurecat.org\\\/es\\\/editorial_innovacion-ahora-y-aqui\\\/\",\"url\":\"https:\\\/\\\/eurecat.org\\\/es\\\/editorial_innovacion-ahora-y-aqui\\\/\",\"name\":\"Innovaci\u00f3n, ahora y aqu\u00ed - Eurecat\",\"isPartOf\":{\"@id\":\"https:\\\/\\\/eurecat.org\\\/es\\\/#website\"},\"primaryImageOfPage\":{\"@id\":\"https:\\\/\\\/eurecat.org\\\/es\\\/editorial_innovacion-ahora-y-aqui\\\/#primaryimage\"},\"image\":{\"@id\":\"https:\\\/\\\/eurecat.org\\\/es\\\/editorial_innovacion-ahora-y-aqui\\\/#primaryimage\"},\"thumbnailUrl\":\"https:\\\/\\\/eurecat.org\\\/wp-content\\\/uploads\\\/2022\\\/12\\\/RETRAT06_retall_BN.jpg\",\"datePublished\":\"2022-12-20T15:51:57+00:00\",\"dateModified\":\"2022-12-20T16:20:10+00:00\",\"author\":{\"@id\":\"https:\\\/\\\/eurecat.org\\\/es\\\/#\\\/schema\\\/person\\\/99d4d39712001e7621b6867b27b40bed\"},\"description\":\"La innovaci\u00f3n se est\u00e1 consolidando como factor clave para la competitividad empresarial, desde la perspectiva de aplicar con eficiencia los nuevos conocimientos y tecnolog\u00edas para generar valor\",\"breadcrumb\":{\"@id\":\"https:\\\/\\\/eurecat.org\\\/es\\\/editorial_innovacion-ahora-y-aqui\\\/#breadcrumb\"},\"inLanguage\":\"es\",\"potentialAction\":[{\"@type\":\"ReadAction\",\"target\":[\"https:\\\/\\\/eurecat.org\\\/es\\\/editorial_innovacion-ahora-y-aqui\\\/\"]}]},{\"@type\":\"ImageObject\",\"inLanguage\":\"es\",\"@id\":\"https:\\\/\\\/eurecat.org\\\/es\\\/editorial_innovacion-ahora-y-aqui\\\/#primaryimage\",\"url\":\"https:\\\/\\\/eurecat.org\\\/wp-content\\\/uploads\\\/2022\\\/12\\\/RETRAT06_retall_BN.jpg\",\"contentUrl\":\"https:\\\/\\\/eurecat.org\\\/wp-content\\\/uploads\\\/2022\\\/12\\\/RETRAT06_retall_BN.jpg\",\"width\":1134,\"height\":876},{\"@type\":\"BreadcrumbList\",\"@id\":\"https:\\\/\\\/eurecat.org\\\/es\\\/editorial_innovacion-ahora-y-aqui\\\/#breadcrumb\",\"itemListElement\":[{\"@type\":\"ListItem\",\"position\":1,\"name\":\"Inici\",\"item\":\"https:\\\/\\\/eurecat.org\\\/es\\\/\"},{\"@type\":\"ListItem\",\"position\":2,\"name\":\"Innovaci\u00f3n, ahora y aqu\u00ed\"}]},{\"@type\":\"WebSite\",\"@id\":\"https:\\\/\\\/eurecat.org\\\/es\\\/#website\",\"url\":\"https:\\\/\\\/eurecat.org\\\/es\\\/\",\"name\":\"Eurecat\",\"description\":\"Otro sitio realizado con WordPress\",\"potentialAction\":[{\"@type\":\"SearchAction\",\"target\":{\"@type\":\"EntryPoint\",\"urlTemplate\":\"https:\\\/\\\/eurecat.org\\\/es\\\/?s={search_term_string}\"},\"query-input\":{\"@type\":\"PropertyValueSpecification\",\"valueRequired\":true,\"valueName\":\"search_term_string\"}}],\"inLanguage\":\"es\"},{\"@type\":\"Person\",\"@id\":\"https:\\\/\\\/eurecat.org\\\/es\\\/#\\\/schema\\\/person\\\/99d4d39712001e7621b6867b27b40bed\",\"name\":\"EurecatEQZ\",\"image\":{\"@type\":\"ImageObject\",\"inLanguage\":\"es\",\"@id\":\"https:\\\/\\\/secure.gravatar.com\\\/avatar\\\/6deb26ca61bcc34263c59cc62bb8b08ff90b67af7f99943babf5d86396845993?s=96&d=mm&r=g\",\"url\":\"https:\\\/\\\/secure.gravatar.com\\\/avatar\\\/6deb26ca61bcc34263c59cc62bb8b08ff90b67af7f99943babf5d86396845993?s=96&d=mm&r=g\",\"contentUrl\":\"https:\\\/\\\/secure.gravatar.com\\\/avatar\\\/6deb26ca61bcc34263c59cc62bb8b08ff90b67af7f99943babf5d86396845993?s=96&d=mm&r=g\",\"caption\":\"EurecatEQZ\"}}]}<\/script>\n<!-- \/ Yoast SEO plugin. -->","yoast_head_json":{"title":"Innovaci\u00f3n, ahora y aqu\u00ed - Eurecat","description":"La innovaci\u00f3n se est\u00e1 consolidando como factor clave para la competitividad empresarial, desde la perspectiva de aplicar con eficiencia los nuevos conocimientos y tecnolog\u00edas para generar valor","robots":{"index":"index","follow":"follow","max-snippet":"max-snippet:-1","max-image-preview":"max-image-preview:large","max-video-preview":"max-video-preview:-1"},"canonical":"https:\/\/eurecat.org\/es\/editorial_innovacion-ahora-y-aqui\/","og_locale":"es_ES","og_type":"article","og_title":"Innovaci\u00f3n, ahora y aqu\u00ed - Eurecat","og_description":"La innovaci\u00f3n se est\u00e1 consolidando como factor clave para la competitividad empresarial, desde la perspectiva de aplicar con eficiencia los nuevos conocimientos y tecnolog\u00edas para generar valor","og_url":"https:\/\/eurecat.org\/es\/editorial_innovacion-ahora-y-aqui\/","og_site_name":"Eurecat","article_published_time":"2022-12-20T15:51:57+00:00","article_modified_time":"2022-12-20T16:20:10+00:00","og_image":[{"width":1134,"height":876,"url":"https:\/\/eurecat.org\/wp-content\/uploads\/2022\/12\/RETRAT06_retall_BN.jpg","type":"image\/jpeg"}],"author":"EurecatEQZ","twitter_card":"summary_large_image","twitter_misc":{"Escrito por":"EurecatEQZ","Tiempo de lectura":"4 minutos"},"schema":{"@context":"https:\/\/schema.org","@graph":[{"@type":"Article","@id":"https:\/\/eurecat.org\/es\/editorial_innovacion-ahora-y-aqui\/#article","isPartOf":{"@id":"https:\/\/eurecat.org\/es\/editorial_innovacion-ahora-y-aqui\/"},"author":{"name":"EurecatEQZ","@id":"https:\/\/eurecat.org\/es\/#\/schema\/person\/99d4d39712001e7621b6867b27b40bed"},"headline":"Innovaci\u00f3n, ahora y aqu\u00ed","datePublished":"2022-12-20T15:51:57+00:00","dateModified":"2022-12-20T16:20:10+00:00","mainEntityOfPage":{"@id":"https:\/\/eurecat.org\/es\/editorial_innovacion-ahora-y-aqui\/"},"wordCount":761,"image":{"@id":"https:\/\/eurecat.org\/es\/editorial_innovacion-ahora-y-aqui\/#primaryimage"},"thumbnailUrl":"https:\/\/eurecat.org\/wp-content\/uploads\/2022\/12\/RETRAT06_retall_BN.jpg","articleSection":["Blog","Editorial"],"inLanguage":"es"},{"@type":"WebPage","@id":"https:\/\/eurecat.org\/es\/editorial_innovacion-ahora-y-aqui\/","url":"https:\/\/eurecat.org\/es\/editorial_innovacion-ahora-y-aqui\/","name":"Innovaci\u00f3n, ahora y aqu\u00ed - Eurecat","isPartOf":{"@id":"https:\/\/eurecat.org\/es\/#website"},"primaryImageOfPage":{"@id":"https:\/\/eurecat.org\/es\/editorial_innovacion-ahora-y-aqui\/#primaryimage"},"image":{"@id":"https:\/\/eurecat.org\/es\/editorial_innovacion-ahora-y-aqui\/#primaryimage"},"thumbnailUrl":"https:\/\/eurecat.org\/wp-content\/uploads\/2022\/12\/RETRAT06_retall_BN.jpg","datePublished":"2022-12-20T15:51:57+00:00","dateModified":"2022-12-20T16:20:10+00:00","author":{"@id":"https:\/\/eurecat.org\/es\/#\/schema\/person\/99d4d39712001e7621b6867b27b40bed"},"description":"La innovaci\u00f3n se est\u00e1 consolidando como factor clave para la competitividad empresarial, desde la perspectiva de aplicar con eficiencia los nuevos conocimientos y tecnolog\u00edas para generar valor","breadcrumb":{"@id":"https:\/\/eurecat.org\/es\/editorial_innovacion-ahora-y-aqui\/#breadcrumb"},"inLanguage":"es","potentialAction":[{"@type":"ReadAction","target":["https:\/\/eurecat.org\/es\/editorial_innovacion-ahora-y-aqui\/"]}]},{"@type":"ImageObject","inLanguage":"es","@id":"https:\/\/eurecat.org\/es\/editorial_innovacion-ahora-y-aqui\/#primaryimage","url":"https:\/\/eurecat.org\/wp-content\/uploads\/2022\/12\/RETRAT06_retall_BN.jpg","contentUrl":"https:\/\/eurecat.org\/wp-content\/uploads\/2022\/12\/RETRAT06_retall_BN.jpg","width":1134,"height":876},{"@type":"BreadcrumbList","@id":"https:\/\/eurecat.org\/es\/editorial_innovacion-ahora-y-aqui\/#breadcrumb","itemListElement":[{"@type":"ListItem","position":1,"name":"Inici","item":"https:\/\/eurecat.org\/es\/"},{"@type":"ListItem","position":2,"name":"Innovaci\u00f3n, ahora y aqu\u00ed"}]},{"@type":"WebSite","@id":"https:\/\/eurecat.org\/es\/#website","url":"https:\/\/eurecat.org\/es\/","name":"Eurecat","description":"Otro sitio realizado con WordPress","potentialAction":[{"@type":"SearchAction","target":{"@type":"EntryPoint","urlTemplate":"https:\/\/eurecat.org\/es\/?s={search_term_string}"},"query-input":{"@type":"PropertyValueSpecification","valueRequired":true,"valueName":"search_term_string"}}],"inLanguage":"es"},{"@type":"Person","@id":"https:\/\/eurecat.org\/es\/#\/schema\/person\/99d4d39712001e7621b6867b27b40bed","name":"EurecatEQZ","image":{"@type":"ImageObject","inLanguage":"es","@id":"https:\/\/secure.gravatar.com\/avatar\/6deb26ca61bcc34263c59cc62bb8b08ff90b67af7f99943babf5d86396845993?s=96&d=mm&r=g","url":"https:\/\/secure.gravatar.com\/avatar\/6deb26ca61bcc34263c59cc62bb8b08ff90b67af7f99943babf5d86396845993?s=96&d=mm&r=g","contentUrl":"https:\/\/secure.gravatar.com\/avatar\/6deb26ca61bcc34263c59cc62bb8b08ff90b67af7f99943babf5d86396845993?s=96&d=mm&r=g","caption":"EurecatEQZ"}}]}},"_links":{"self":[{"href":"https:\/\/eurecat.org\/es\/wp-json\/wp\/v2\/posts\/129356","targetHints":{"allow":["GET"]}}],"collection":[{"href":"https:\/\/eurecat.org\/es\/wp-json\/wp\/v2\/posts"}],"about":[{"href":"https:\/\/eurecat.org\/es\/wp-json\/wp\/v2\/types\/post"}],"author":[{"embeddable":true,"href":"https:\/\/eurecat.org\/es\/wp-json\/wp\/v2\/users\/20"}],"replies":[{"embeddable":true,"href":"https:\/\/eurecat.org\/es\/wp-json\/wp\/v2\/comments?post=129356"}],"version-history":[{"count":1,"href":"https:\/\/eurecat.org\/es\/wp-json\/wp\/v2\/posts\/129356\/revisions"}],"predecessor-version":[{"id":129393,"href":"https:\/\/eurecat.org\/es\/wp-json\/wp\/v2\/posts\/129356\/revisions\/129393"}],"wp:featuredmedia":[{"embeddable":true,"href":"https:\/\/eurecat.org\/es\/wp-json\/wp\/v2\/media\/129363"}],"wp:attachment":[{"href":"https:\/\/eurecat.org\/es\/wp-json\/wp\/v2\/media?parent=129356"}],"wp:term":[{"taxonomy":"category","embeddable":true,"href":"https:\/\/eurecat.org\/es\/wp-json\/wp\/v2\/categories?post=129356"},{"taxonomy":"post_tag","embeddable":true,"href":"https:\/\/eurecat.org\/es\/wp-json\/wp\/v2\/tags?post=129356"}],"curies":[{"name":"wp","href":"https:\/\/api.w.org\/{rel}","templated":true}]}}