{"id":129455,"date":"2022-12-22T10:00:43","date_gmt":"2022-12-22T09:00:43","guid":{"rendered":"https:\/\/eurecat.org\/?p=129455"},"modified":"2022-12-23T12:22:19","modified_gmt":"2022-12-23T11:22:19","slug":"temps-avellana-se-consolida-evento-referencia-difusion-avellana","status":"publish","type":"post","link":"https:\/\/eurecat.org\/es\/temps-avellana-se-consolida-evento-referencia-difusion-avellana\/","title":{"rendered":"Temps d\u2019Avellana se consolida en la quinta edici\u00f3n como evento de referencia en la difusi\u00f3n de la avellana"},"content":{"rendered":"<div class=\"fusion-fullwidth fullwidth-box fusion-builder-row-1 fusion-flex-container nonhundred-percent-fullwidth non-hundred-percent-height-scrolling\" style=\"--awb-border-radius-top-left:0px;--awb-border-radius-top-right:0px;--awb-border-radius-bottom-right:0px;--awb-border-radius-bottom-left:0px;--awb-flex-wrap:wrap;\" ><div class=\"fusion-builder-row fusion-row fusion-flex-align-items-flex-start fusion-flex-content-wrap\" style=\"max-width:1424.8px;margin-left: calc(-4% \/ 2 );margin-right: calc(-4% \/ 2 );\"><div class=\"fusion-layout-column fusion_builder_column fusion-builder-column-0 fusion_builder_column_1_1 1_1 fusion-flex-column\" style=\"--awb-bg-size:cover;--awb-width-large:100%;--awb-margin-top-large:0px;--awb-spacing-right-large:1.92%;--awb-margin-bottom-large:0px;--awb-spacing-left-large:1.92%;--awb-width-medium:100%;--awb-spacing-right-medium:1.92%;--awb-spacing-left-medium:1.92%;--awb-width-small:100%;--awb-spacing-right-small:1.92%;--awb-spacing-left-small:1.92%;\"><div class=\"fusion-column-wrapper fusion-flex-justify-content-flex-start fusion-content-layout-column\"><div class=\"fusion-text fusion-text-1\"><p>Temps d\u2019Avellana, el programa que pone en valor el fruto seco de referencia en el territorio, se ha consolidado en su quinta edici\u00f3n y ha contado con treinta actividades para todos los p\u00fablicos, incluidas jornadas profesionales y actividades en las escuelas, y con m\u00e1s de una treintena de instituciones, organismos y entidades organizadoras y colaboradoras.<\/p>\n<p>El programa, coordinado por la Oficina T\u00e9cnica de la Avellana que gestiona el centro tecnol\u00f3gico <a href=\"http:\/\/eurecat.org\/\">Eurecat<\/a>, se enmarca en el plan estrat\u00e9gico para la valorizaci\u00f3n del sector de la avellana promovido por el Departamento de Acci\u00f3n Clim\u00e1tica, Alimentaci\u00f3n y Agenda Rural de la Generalitat de Catalunya.<\/p>\n<p>En palabras de la nueva directora de los Servicios Territoriales de Acci\u00f3n Clim\u00e1tica, Alimentaci\u00f3n y Agenda Rural en Tarragona, Gl\u00f2ria Tibau Guasch, \u201cel Temps d\u2019Avellana teje una red de complicidades entre los diferentes agentes del sector para hacer visible la avellana en el territorio y poner en valor el trabajo de los payeses\u201d. En este sentido a\u00f1ade que \u201cel Departamento, seguir\u00e1 apoyando esta y otras iniciativas con la finalidad de conseguir una mejor competitividad de nuestros productos\u201d.<\/p>\n<p>El programa Temps d\u2019Avellana se ha consolidado \u201ccomo el evento m\u00e1s importante de difusi\u00f3n y promoci\u00f3n de la avellana y contribuye a mejorar la presencia del producto y a su reconocimiento social. Cada a\u00f1o hay nuevas actividades y una mayor participaci\u00f3n de agentes\u201d, se\u00f1ala el director de la Oficina T\u00e9cnica de la Avellana y consultor en Turismo y Cultura del centro tecnol\u00f3gico Eurecat, Jaume Salvat.<\/p>\n<p>Temps d\u2019Avellana 2022 ha ofrecido un programa consolidado que este a\u00f1o ha incorporado como novedad destacada la celebraci\u00f3n de la primera Fiesta de la Avellana, organizada por la DOP Avellana de Reus con la C\u00e1mara de Reus y el Ayuntamiento de Reus, que ha distinguido a personas que han trabajado para el futuro del sector en diferentes \u00e1mbitos.<\/p>\n<p>Para las pr\u00f3ximas ediciones, el reto a lograr \u00abes mejorar la participaci\u00f3n de las empresas productoras y elaboradoras del pa\u00eds\u00bb, indica el director de la Oficina T\u00e9cnica de la Avellana, Jaume Salvat.<\/p>\n<h2>Cesi\u00f3n de un fondo bibliogr\u00e1fico especializado en el avellano<\/h2>\n<p>El \u00faltimo de los actos del Temps d\u2019Avellana 2022 ha sido la cesi\u00f3n de un fondo bibliogr\u00e1fico especializado en el avellano a la Biblioteca Central Xavier Amor\u00f3s de Reus que, tras su tratamiento y procesamiento, se pondr\u00e1 a disposici\u00f3n de los usuarios.<\/p>\n<p>El concejal de Cultura y Pol\u00edtica Ling\u00fc\u00edstica del Ayuntamiento de Reus, Daniel Recasens, y el formador y divulgador Joan Gamundi celebraron a mitad de diciembre el acto de firma de cesi\u00f3n del fondo que Gamundi, en el ejercicio de la su actividad profesional y tambi\u00e9n a t\u00edtulo personal ha ido compilando en torno al cultivo del avellano y tambi\u00e9n cualquier aspecto de la avellana, como su consumo y gastronom\u00eda.<\/p>\n<p>El acto, organizado por la Red de Bibliotecas de Reus, cont\u00f3 con la participaci\u00f3n de la investigadora del Instituto de Investigaci\u00f3n y Tecnolog\u00eda Agroalimentarias (IRTA) Merc\u00e8 Rovira y de la directora de los Servicios Territoriales del Departamento de Acci\u00f3n Clim\u00e1tica, Alimentaci\u00f3n y Agenda Rural en Tarragona, Gl\u00f2ria Tibau. Tambi\u00e9n asistieron en representaci\u00f3n de la C\u00e1mara de Reus, Joaquim Brufau; la presidenta de la DOP Avellana de Reus, Ester Gomis, y el director de la Oficina T\u00e9cnica de la Avellana, Jaume Salvat.<\/p>\n<p>Joan Gamundi, nacido en Tortosa, ha sido un formador y divulgador agr\u00edcola, que se inici\u00f3 en los a\u00f1os 60 en torno a la Extensi\u00f3n Agraria y fue pionero en organizar y fomentar la formaci\u00f3n de los agricultores en el momento del auge del cultivo de la avellana en el Baix Camp. Al haber poco material editado en el pa\u00eds, se dedic\u00f3 a traducir art\u00edculos y libros de fuera, muchos en italiano, para que los agricultores tuvieran conocimientos modernos e innovadores.<\/p>\n<\/div><\/div><\/div><\/div><\/div>\n","protected":false},"excerpt":{"rendered":"","protected":false},"author":27,"featured_media":129453,"comment_status":"open","ping_status":"closed","sticky":false,"template":"","format":"standard","meta":{"footnotes":""},"categories":[394,2253,134],"tags":[],"class_list":["post-129455","post","type-post","status-publish","format-standard","has-post-thumbnail","hentry","category-consultoria-es","category-innovacio-turistica-es","category-notas-de-prensa"],"yoast_head":"<!-- This site is optimized with the Yoast SEO plugin v27.4 - https:\/\/yoast.com\/product\/yoast-seo-wordpress\/ -->\n<title>Temps d\u2019Avellana se consolida en la quinta edici\u00f3n como evento de referencia en la difusi\u00f3n de la avellana - Eurecat<\/title>\n<meta name=\"description\" content=\"El Temps d\u2019Avellana se consolida en la quinta edici\u00f3n como evento de referencia en la difusi\u00f3n de la avellana\" \/>\n<meta name=\"robots\" content=\"index, follow, max-snippet:-1, max-image-preview:large, max-video-preview:-1\" \/>\n<link rel=\"canonical\" href=\"https:\/\/eurecat.org\/es\/temps-avellana-se-consolida-evento-referencia-difusion-avellana\/\" \/>\n<meta property=\"og:locale\" content=\"es_ES\" \/>\n<meta property=\"og:type\" content=\"article\" \/>\n<meta property=\"og:title\" content=\"Temps d\u2019Avellana se consolida en la quinta edici\u00f3n como evento de referencia en la difusi\u00f3n de la avellana - Eurecat\" \/>\n<meta property=\"og:description\" content=\"El Temps d\u2019Avellana se consolida en la quinta edici\u00f3n como evento de referencia en la difusi\u00f3n de la avellana\" \/>\n<meta property=\"og:url\" content=\"https:\/\/eurecat.org\/es\/temps-avellana-se-consolida-evento-referencia-difusion-avellana\/\" \/>\n<meta property=\"og:site_name\" content=\"Eurecat\" \/>\n<meta property=\"article:published_time\" content=\"2022-12-22T09:00:43+00:00\" \/>\n<meta property=\"article:modified_time\" content=\"2022-12-23T11:22:19+00:00\" \/>\n<meta property=\"og:image\" content=\"https:\/\/eurecat.org\/wp-content\/uploads\/2022\/12\/Eurecat-Avellana_930x515px.jpg\" \/>\n\t<meta property=\"og:image:width\" content=\"930\" \/>\n\t<meta property=\"og:image:height\" content=\"452\" \/>\n\t<meta property=\"og:image:type\" content=\"image\/jpeg\" \/>\n<meta name=\"author\" content=\"eurecatNG\" \/>\n<meta name=\"twitter:card\" content=\"summary_large_image\" \/>\n<meta name=\"twitter:label1\" content=\"Escrito por\" \/>\n\t<meta name=\"twitter:data1\" content=\"eurecatNG\" \/>\n\t<meta name=\"twitter:label2\" content=\"Tiempo de lectura\" \/>\n\t<meta name=\"twitter:data2\" content=\"4 minutos\" \/>\n<script type=\"application\/ld+json\" class=\"yoast-schema-graph\">{\"@context\":\"https:\\\/\\\/schema.org\",\"@graph\":[{\"@type\":\"Article\",\"@id\":\"https:\\\/\\\/eurecat.org\\\/es\\\/temps-avellana-se-consolida-evento-referencia-difusion-avellana\\\/#article\",\"isPartOf\":{\"@id\":\"https:\\\/\\\/eurecat.org\\\/es\\\/temps-avellana-se-consolida-evento-referencia-difusion-avellana\\\/\"},\"author\":{\"name\":\"eurecatNG\",\"@id\":\"https:\\\/\\\/eurecat.org\\\/es\\\/#\\\/schema\\\/person\\\/8342992d6929ad043b305d3cac68b3f4\"},\"headline\":\"Temps d\u2019Avellana se consolida en la quinta edici\u00f3n como evento de referencia en la difusi\u00f3n de la avellana\",\"datePublished\":\"2022-12-22T09:00:43+00:00\",\"dateModified\":\"2022-12-23T11:22:19+00:00\",\"mainEntityOfPage\":{\"@id\":\"https:\\\/\\\/eurecat.org\\\/es\\\/temps-avellana-se-consolida-evento-referencia-difusion-avellana\\\/\"},\"wordCount\":941,\"commentCount\":0,\"image\":{\"@id\":\"https:\\\/\\\/eurecat.org\\\/es\\\/temps-avellana-se-consolida-evento-referencia-difusion-avellana\\\/#primaryimage\"},\"thumbnailUrl\":\"https:\\\/\\\/eurecat.org\\\/wp-content\\\/uploads\\\/2022\\\/12\\\/Eurecat-Avellana_930x515px.jpg\",\"articleSection\":[\"Consultor\u00eda\",\"Innovaci\u00f3 tur\u00edstica\",\"Notas de prensa\"],\"inLanguage\":\"es\",\"potentialAction\":[{\"@type\":\"CommentAction\",\"name\":\"Comment\",\"target\":[\"https:\\\/\\\/eurecat.org\\\/es\\\/temps-avellana-se-consolida-evento-referencia-difusion-avellana\\\/#respond\"]}]},{\"@type\":\"WebPage\",\"@id\":\"https:\\\/\\\/eurecat.org\\\/es\\\/temps-avellana-se-consolida-evento-referencia-difusion-avellana\\\/\",\"url\":\"https:\\\/\\\/eurecat.org\\\/es\\\/temps-avellana-se-consolida-evento-referencia-difusion-avellana\\\/\",\"name\":\"Temps d\u2019Avellana se consolida en la quinta edici\u00f3n como evento de referencia en la difusi\u00f3n de la avellana - Eurecat\",\"isPartOf\":{\"@id\":\"https:\\\/\\\/eurecat.org\\\/es\\\/#website\"},\"primaryImageOfPage\":{\"@id\":\"https:\\\/\\\/eurecat.org\\\/es\\\/temps-avellana-se-consolida-evento-referencia-difusion-avellana\\\/#primaryimage\"},\"image\":{\"@id\":\"https:\\\/\\\/eurecat.org\\\/es\\\/temps-avellana-se-consolida-evento-referencia-difusion-avellana\\\/#primaryimage\"},\"thumbnailUrl\":\"https:\\\/\\\/eurecat.org\\\/wp-content\\\/uploads\\\/2022\\\/12\\\/Eurecat-Avellana_930x515px.jpg\",\"datePublished\":\"2022-12-22T09:00:43+00:00\",\"dateModified\":\"2022-12-23T11:22:19+00:00\",\"author\":{\"@id\":\"https:\\\/\\\/eurecat.org\\\/es\\\/#\\\/schema\\\/person\\\/8342992d6929ad043b305d3cac68b3f4\"},\"description\":\"El Temps d\u2019Avellana se consolida en la quinta edici\u00f3n como evento de referencia en la difusi\u00f3n de la avellana\",\"breadcrumb\":{\"@id\":\"https:\\\/\\\/eurecat.org\\\/es\\\/temps-avellana-se-consolida-evento-referencia-difusion-avellana\\\/#breadcrumb\"},\"inLanguage\":\"es\",\"potentialAction\":[{\"@type\":\"ReadAction\",\"target\":[\"https:\\\/\\\/eurecat.org\\\/es\\\/temps-avellana-se-consolida-evento-referencia-difusion-avellana\\\/\"]}]},{\"@type\":\"ImageObject\",\"inLanguage\":\"es\",\"@id\":\"https:\\\/\\\/eurecat.org\\\/es\\\/temps-avellana-se-consolida-evento-referencia-difusion-avellana\\\/#primaryimage\",\"url\":\"https:\\\/\\\/eurecat.org\\\/wp-content\\\/uploads\\\/2022\\\/12\\\/Eurecat-Avellana_930x515px.jpg\",\"contentUrl\":\"https:\\\/\\\/eurecat.org\\\/wp-content\\\/uploads\\\/2022\\\/12\\\/Eurecat-Avellana_930x515px.jpg\",\"width\":930,\"height\":452,\"caption\":\"eurecat Avellana\"},{\"@type\":\"BreadcrumbList\",\"@id\":\"https:\\\/\\\/eurecat.org\\\/es\\\/temps-avellana-se-consolida-evento-referencia-difusion-avellana\\\/#breadcrumb\",\"itemListElement\":[{\"@type\":\"ListItem\",\"position\":1,\"name\":\"Inici\",\"item\":\"https:\\\/\\\/eurecat.org\\\/es\\\/\"},{\"@type\":\"ListItem\",\"position\":2,\"name\":\"Temps d\u2019Avellana se consolida en la quinta edici\u00f3n como evento de referencia en la difusi\u00f3n de la avellana\"}]},{\"@type\":\"WebSite\",\"@id\":\"https:\\\/\\\/eurecat.org\\\/es\\\/#website\",\"url\":\"https:\\\/\\\/eurecat.org\\\/es\\\/\",\"name\":\"Eurecat\",\"description\":\"Otro sitio realizado con WordPress\",\"potentialAction\":[{\"@type\":\"SearchAction\",\"target\":{\"@type\":\"EntryPoint\",\"urlTemplate\":\"https:\\\/\\\/eurecat.org\\\/es\\\/?s={search_term_string}\"},\"query-input\":{\"@type\":\"PropertyValueSpecification\",\"valueRequired\":true,\"valueName\":\"search_term_string\"}}],\"inLanguage\":\"es\"},{\"@type\":\"Person\",\"@id\":\"https:\\\/\\\/eurecat.org\\\/es\\\/#\\\/schema\\\/person\\\/8342992d6929ad043b305d3cac68b3f4\",\"name\":\"eurecatNG\",\"image\":{\"@type\":\"ImageObject\",\"inLanguage\":\"es\",\"@id\":\"https:\\\/\\\/secure.gravatar.com\\\/avatar\\\/63200cb70ae4f15a0f673050f36df149dba802bea7614e8f838aaccfcf8ea11d?s=96&d=mm&r=g\",\"url\":\"https:\\\/\\\/secure.gravatar.com\\\/avatar\\\/63200cb70ae4f15a0f673050f36df149dba802bea7614e8f838aaccfcf8ea11d?s=96&d=mm&r=g\",\"contentUrl\":\"https:\\\/\\\/secure.gravatar.com\\\/avatar\\\/63200cb70ae4f15a0f673050f36df149dba802bea7614e8f838aaccfcf8ea11d?s=96&d=mm&r=g\",\"caption\":\"eurecatNG\"}}]}<\/script>\n<!-- \/ Yoast SEO plugin. -->","yoast_head_json":{"title":"Temps d\u2019Avellana se consolida en la quinta edici\u00f3n como evento de referencia en la difusi\u00f3n de la avellana - Eurecat","description":"El Temps d\u2019Avellana se consolida en la quinta edici\u00f3n como evento de referencia en la difusi\u00f3n de la avellana","robots":{"index":"index","follow":"follow","max-snippet":"max-snippet:-1","max-image-preview":"max-image-preview:large","max-video-preview":"max-video-preview:-1"},"canonical":"https:\/\/eurecat.org\/es\/temps-avellana-se-consolida-evento-referencia-difusion-avellana\/","og_locale":"es_ES","og_type":"article","og_title":"Temps d\u2019Avellana se consolida en la quinta edici\u00f3n como evento de referencia en la difusi\u00f3n de la avellana - Eurecat","og_description":"El Temps d\u2019Avellana se consolida en la quinta edici\u00f3n como evento de referencia en la difusi\u00f3n de la avellana","og_url":"https:\/\/eurecat.org\/es\/temps-avellana-se-consolida-evento-referencia-difusion-avellana\/","og_site_name":"Eurecat","article_published_time":"2022-12-22T09:00:43+00:00","article_modified_time":"2022-12-23T11:22:19+00:00","og_image":[{"width":930,"height":452,"url":"https:\/\/eurecat.org\/wp-content\/uploads\/2022\/12\/Eurecat-Avellana_930x515px.jpg","type":"image\/jpeg"}],"author":"eurecatNG","twitter_card":"summary_large_image","twitter_misc":{"Escrito por":"eurecatNG","Tiempo de lectura":"4 minutos"},"schema":{"@context":"https:\/\/schema.org","@graph":[{"@type":"Article","@id":"https:\/\/eurecat.org\/es\/temps-avellana-se-consolida-evento-referencia-difusion-avellana\/#article","isPartOf":{"@id":"https:\/\/eurecat.org\/es\/temps-avellana-se-consolida-evento-referencia-difusion-avellana\/"},"author":{"name":"eurecatNG","@id":"https:\/\/eurecat.org\/es\/#\/schema\/person\/8342992d6929ad043b305d3cac68b3f4"},"headline":"Temps d\u2019Avellana se consolida en la quinta edici\u00f3n como evento de referencia en la difusi\u00f3n de la avellana","datePublished":"2022-12-22T09:00:43+00:00","dateModified":"2022-12-23T11:22:19+00:00","mainEntityOfPage":{"@id":"https:\/\/eurecat.org\/es\/temps-avellana-se-consolida-evento-referencia-difusion-avellana\/"},"wordCount":941,"commentCount":0,"image":{"@id":"https:\/\/eurecat.org\/es\/temps-avellana-se-consolida-evento-referencia-difusion-avellana\/#primaryimage"},"thumbnailUrl":"https:\/\/eurecat.org\/wp-content\/uploads\/2022\/12\/Eurecat-Avellana_930x515px.jpg","articleSection":["Consultor\u00eda","Innovaci\u00f3 tur\u00edstica","Notas de prensa"],"inLanguage":"es","potentialAction":[{"@type":"CommentAction","name":"Comment","target":["https:\/\/eurecat.org\/es\/temps-avellana-se-consolida-evento-referencia-difusion-avellana\/#respond"]}]},{"@type":"WebPage","@id":"https:\/\/eurecat.org\/es\/temps-avellana-se-consolida-evento-referencia-difusion-avellana\/","url":"https:\/\/eurecat.org\/es\/temps-avellana-se-consolida-evento-referencia-difusion-avellana\/","name":"Temps d\u2019Avellana se consolida en la quinta edici\u00f3n como evento de referencia en la difusi\u00f3n de la avellana - Eurecat","isPartOf":{"@id":"https:\/\/eurecat.org\/es\/#website"},"primaryImageOfPage":{"@id":"https:\/\/eurecat.org\/es\/temps-avellana-se-consolida-evento-referencia-difusion-avellana\/#primaryimage"},"image":{"@id":"https:\/\/eurecat.org\/es\/temps-avellana-se-consolida-evento-referencia-difusion-avellana\/#primaryimage"},"thumbnailUrl":"https:\/\/eurecat.org\/wp-content\/uploads\/2022\/12\/Eurecat-Avellana_930x515px.jpg","datePublished":"2022-12-22T09:00:43+00:00","dateModified":"2022-12-23T11:22:19+00:00","author":{"@id":"https:\/\/eurecat.org\/es\/#\/schema\/person\/8342992d6929ad043b305d3cac68b3f4"},"description":"El Temps d\u2019Avellana se consolida en la quinta edici\u00f3n como evento de referencia en la difusi\u00f3n de la avellana","breadcrumb":{"@id":"https:\/\/eurecat.org\/es\/temps-avellana-se-consolida-evento-referencia-difusion-avellana\/#breadcrumb"},"inLanguage":"es","potentialAction":[{"@type":"ReadAction","target":["https:\/\/eurecat.org\/es\/temps-avellana-se-consolida-evento-referencia-difusion-avellana\/"]}]},{"@type":"ImageObject","inLanguage":"es","@id":"https:\/\/eurecat.org\/es\/temps-avellana-se-consolida-evento-referencia-difusion-avellana\/#primaryimage","url":"https:\/\/eurecat.org\/wp-content\/uploads\/2022\/12\/Eurecat-Avellana_930x515px.jpg","contentUrl":"https:\/\/eurecat.org\/wp-content\/uploads\/2022\/12\/Eurecat-Avellana_930x515px.jpg","width":930,"height":452,"caption":"eurecat Avellana"},{"@type":"BreadcrumbList","@id":"https:\/\/eurecat.org\/es\/temps-avellana-se-consolida-evento-referencia-difusion-avellana\/#breadcrumb","itemListElement":[{"@type":"ListItem","position":1,"name":"Inici","item":"https:\/\/eurecat.org\/es\/"},{"@type":"ListItem","position":2,"name":"Temps d\u2019Avellana se consolida en la quinta edici\u00f3n como evento de referencia en la difusi\u00f3n de la avellana"}]},{"@type":"WebSite","@id":"https:\/\/eurecat.org\/es\/#website","url":"https:\/\/eurecat.org\/es\/","name":"Eurecat","description":"Otro sitio realizado con WordPress","potentialAction":[{"@type":"SearchAction","target":{"@type":"EntryPoint","urlTemplate":"https:\/\/eurecat.org\/es\/?s={search_term_string}"},"query-input":{"@type":"PropertyValueSpecification","valueRequired":true,"valueName":"search_term_string"}}],"inLanguage":"es"},{"@type":"Person","@id":"https:\/\/eurecat.org\/es\/#\/schema\/person\/8342992d6929ad043b305d3cac68b3f4","name":"eurecatNG","image":{"@type":"ImageObject","inLanguage":"es","@id":"https:\/\/secure.gravatar.com\/avatar\/63200cb70ae4f15a0f673050f36df149dba802bea7614e8f838aaccfcf8ea11d?s=96&d=mm&r=g","url":"https:\/\/secure.gravatar.com\/avatar\/63200cb70ae4f15a0f673050f36df149dba802bea7614e8f838aaccfcf8ea11d?s=96&d=mm&r=g","contentUrl":"https:\/\/secure.gravatar.com\/avatar\/63200cb70ae4f15a0f673050f36df149dba802bea7614e8f838aaccfcf8ea11d?s=96&d=mm&r=g","caption":"eurecatNG"}}]}},"_links":{"self":[{"href":"https:\/\/eurecat.org\/es\/wp-json\/wp\/v2\/posts\/129455","targetHints":{"allow":["GET"]}}],"collection":[{"href":"https:\/\/eurecat.org\/es\/wp-json\/wp\/v2\/posts"}],"about":[{"href":"https:\/\/eurecat.org\/es\/wp-json\/wp\/v2\/types\/post"}],"author":[{"embeddable":true,"href":"https:\/\/eurecat.org\/es\/wp-json\/wp\/v2\/users\/27"}],"replies":[{"embeddable":true,"href":"https:\/\/eurecat.org\/es\/wp-json\/wp\/v2\/comments?post=129455"}],"version-history":[{"count":2,"href":"https:\/\/eurecat.org\/es\/wp-json\/wp\/v2\/posts\/129455\/revisions"}],"predecessor-version":[{"id":129458,"href":"https:\/\/eurecat.org\/es\/wp-json\/wp\/v2\/posts\/129455\/revisions\/129458"}],"wp:featuredmedia":[{"embeddable":true,"href":"https:\/\/eurecat.org\/es\/wp-json\/wp\/v2\/media\/129453"}],"wp:attachment":[{"href":"https:\/\/eurecat.org\/es\/wp-json\/wp\/v2\/media?parent=129455"}],"wp:term":[{"taxonomy":"category","embeddable":true,"href":"https:\/\/eurecat.org\/es\/wp-json\/wp\/v2\/categories?post=129455"},{"taxonomy":"post_tag","embeddable":true,"href":"https:\/\/eurecat.org\/es\/wp-json\/wp\/v2\/tags?post=129455"}],"curies":[{"name":"wp","href":"https:\/\/api.w.org\/{rel}","templated":true}]}}