{"id":130923,"date":"2023-01-31T09:35:19","date_gmt":"2023-01-31T08:35:19","guid":{"rendered":"https:\/\/eurecat.org\/?p=130923"},"modified":"2023-01-31T09:48:30","modified_gmt":"2023-01-31T08:48:30","slug":"editorial_audacia-y-horizontes-de-exito","status":"publish","type":"post","link":"https:\/\/eurecat.org\/es\/editorial_audacia-y-horizontes-de-exito\/","title":{"rendered":"Audacia y horizontes de \u00e9xito"},"content":{"rendered":"<div class=\"fusion-fullwidth fullwidth-box fusion-builder-row-1 fusion-flex-container nonhundred-percent-fullwidth non-hundred-percent-height-scrolling\" style=\"--awb-border-radius-top-left:0px;--awb-border-radius-top-right:0px;--awb-border-radius-bottom-right:0px;--awb-border-radius-bottom-left:0px;--awb-flex-wrap:wrap;\" ><div class=\"fusion-builder-row fusion-row fusion-flex-align-items-flex-start fusion-flex-content-wrap\" style=\"max-width:1424.8px;margin-left: calc(-4% \/ 2 );margin-right: calc(-4% \/ 2 );\"><div class=\"fusion-layout-column fusion_builder_column fusion-builder-column-0 fusion_builder_column_1_1 1_1 fusion-flex-column\" style=\"--awb-bg-size:cover;--awb-width-large:100%;--awb-margin-top-large:0px;--awb-spacing-right-large:1.92%;--awb-margin-bottom-large:0px;--awb-spacing-left-large:1.92%;--awb-width-medium:100%;--awb-spacing-right-medium:1.92%;--awb-spacing-left-medium:1.92%;--awb-width-small:100%;--awb-spacing-right-small:1.92%;--awb-spacing-left-small:1.92%;\"><div class=\"fusion-column-wrapper fusion-flex-justify-content-flex-start fusion-content-layout-column\"><div class=\"fusion-text fusion-text-1\"><p><strong><img decoding=\"async\" class=\"wp-image-130926 size-medium alignleft\" src=\"https:\/\/eurecat.org\/wp-content\/uploads\/2023\/01\/RETRAT06_gener23-237x300.jpg\" alt=\"Xavier Torra, President Eurecat\" width=\"237\" height=\"300\" srcset=\"https:\/\/eurecat.org\/wp-content\/uploads\/2023\/01\/RETRAT06_gener23-200x253.jpg 200w, https:\/\/eurecat.org\/wp-content\/uploads\/2023\/01\/RETRAT06_gener23-237x300.jpg 237w, https:\/\/eurecat.org\/wp-content\/uploads\/2023\/01\/RETRAT06_gener23-400x507.jpg 400w, https:\/\/eurecat.org\/wp-content\/uploads\/2023\/01\/RETRAT06_gener23.jpg 510w\" sizes=\"(max-width: 237px) 100vw, 237px\" \/><\/strong><\/p>\n<p>La recuperaci\u00f3n de metales y minerales cr\u00edticos en el marco de <strong>la econom\u00eda circular<\/strong>, junto con <strong>la inteligencia artificial<\/strong> y las tecnolog\u00edas en torno al <strong>metaverso<\/strong> acelerar\u00e1n su peso espec\u00edfico a partir de 2023, as\u00ed como <strong>la captura de di\u00f3xido de carbono de la atm\u00f3sfera<\/strong> y la <strong>innovaci\u00f3n en el campo de las bater\u00edas<\/strong>, todos ellos <strong>\u00e1mbitos en los que Eurecat desarrolla proyectos de alto valor tecnol\u00f3gico<\/strong>, con un gran potencial para las pymes y las grandes empresas del sector.<\/p>\n<p>Desde el punto de vista de las tecnolog\u00edas en el <strong>\u00e1rea de biotecnolog\u00eda<\/strong>, los avances en el campo de <strong>la tecnolog\u00eda alimentaria<\/strong> potenciar\u00e1n el crecimiento de los alimentos con contenido proteico innovador. En paralelo, tecnolog\u00edas como la fermentaci\u00f3n y la <strong>agricultura de precisi\u00f3n<\/strong> y las<strong> t\u00e9cnicas de hibridaci\u00f3n gen\u00e9tica<\/strong> gozar\u00e1n de un protagonismo significativo.<\/p>\n<p>Desde un \u00e1ngulo estrat\u00e9gico, se trata de <strong>l\u00edneas tecnol\u00f3gicas donde la hibridaci\u00f3n de tecnolog\u00edas es fundamental para acercar herramientas y soluciones que nos permitan afrontar los nuevos retos<\/strong>, tanto a nivel social como empresarial, derivados del actual per\u00edodo de incertidumbre.<\/p>\n<p>Encontrar\u00e1 todos los detalles ampliados en el newsletter, donde tambi\u00e9n podr\u00e1 leer un art\u00edculo en el apartado \u201cPara reflexionar\u201d centrado en <strong>los desaf\u00edos que marc\u00f3 la COP27<\/strong>. En el reportaje de este mes, le hablamos de la integraci\u00f3n de la electr\u00f3nica y los materiales pl\u00e1sticos para generar nuevos productos de alto valor a\u00f1adido m\u00e1s sostenibles, con peso reducido, sensores integrados y prestaciones avanzadas, en una planta que tenemos en la nuestra sede de Cerdanyola del Vall\u00e8s y que fabrica estas piezas con una tecnolog\u00eda l\u00edder conocida como <strong>plastr\u00f3nica<\/strong>.<\/p>\n<p>En el cap\u00edtulo dedicado a la entrevista, compartimos un proyecto muy innovador que hemos desarrollado con el <strong>Centro de Alto Rendimiento de Sant Cugat<\/strong>, para la creaci\u00f3n de una plataforma de formaci\u00f3n a distancia.<\/p>\n<p>Completan los contenidos los avances de la <strong>Red TecnomiFood<\/strong>, liderada por Eurecat, que ha generado un modelo de investigaci\u00f3n colaborativa pionero en Europa para potenciar las tecnolog\u00edas \u00f3micas en la industria; el inicio del <strong>proyecto SUR3D<\/strong> para desarrollar un material biodegradable con tapones de corcho reciclados para impresi\u00f3n 3D, y nuevas soluciones de movilidad inteligente, en el marco del consorcio europeo <strong>Ride2Rail<\/strong>.<\/p>\n<p>Tambi\u00e9n acercamos los detalles de <strong>un proyecto coordinado por Laboratorios Ordesa<\/strong>, que investigar\u00e1 y desarrollar\u00e1 <strong>nuevas fuentes de prote\u00edna<\/strong> que sirvan de alternativa a las tradicionales de origen animal y la <strong>colaboraci\u00f3n con la entidad social Solidan\u00e7a<\/strong>, que ha permitido ecodise\u00f1ar un contenedor para la recogida de ropa que contribuye a aumentar la circularidad del sector textil.<\/p>\n<p>La incorporaci\u00f3n de Eurecat a la <strong>Red de Destinos Tur\u00edsticos Inteligentes<\/strong> es otra de las novedades que le compartimos en este primer newsletter del a\u00f1o, donde os iremos explicando las innovaciones que vamos alcanzando, mediante soluciones tecnol\u00f3gicas m\u00e1s sostenibles y adecuadas a cada empresa, en un contexto en el que innovar no s\u00f3lo marca la diferencia, sino que mira hacia la audacia para encontrar horizontes de \u00e9xito.<\/p>\n<p><strong>Xavier Torra<br \/>\n<\/strong><strong>Presidente de Eurecat<\/strong><\/p>\n<\/div><\/div><\/div><\/div><\/div>\n","protected":false},"excerpt":{"rendered":"","protected":false},"author":20,"featured_media":130926,"comment_status":"closed","ping_status":"closed","sticky":false,"template":"","format":"standard","meta":{"footnotes":""},"categories":[133,2217],"tags":[],"class_list":["post-130923","post","type-post","status-publish","format-standard","has-post-thumbnail","hentry","category-blog","category-editorial"],"yoast_head":"<!-- This site is optimized with the Yoast SEO plugin v27.5 - https:\/\/yoast.com\/product\/yoast-seo-wordpress\/ -->\n<title>Audacia y horizontes de \u00e9xito - Eurecat<\/title>\n<meta name=\"description\" content=\"L\u00edneas tecnol\u00f3gicas donde la hibridaci\u00f3n de tecnolog\u00edas es fundamental para acercar herramientas y soluciones que nos permitan afrontar los nuevos retos\" \/>\n<meta name=\"robots\" content=\"index, follow, max-snippet:-1, max-image-preview:large, max-video-preview:-1\" \/>\n<link rel=\"canonical\" href=\"https:\/\/eurecat.org\/es\/editorial_audacia-y-horizontes-de-exito\/\" \/>\n<meta property=\"og:locale\" content=\"es_ES\" \/>\n<meta property=\"og:type\" content=\"article\" \/>\n<meta property=\"og:title\" content=\"Audacia y horizontes de \u00e9xito - Eurecat\" \/>\n<meta property=\"og:description\" content=\"L\u00edneas tecnol\u00f3gicas donde la hibridaci\u00f3n de tecnolog\u00edas es fundamental para acercar herramientas y soluciones que nos permitan afrontar los nuevos retos\" \/>\n<meta property=\"og:url\" content=\"https:\/\/eurecat.org\/es\/editorial_audacia-y-horizontes-de-exito\/\" \/>\n<meta property=\"og:site_name\" content=\"Eurecat\" \/>\n<meta property=\"article:published_time\" content=\"2023-01-31T08:35:19+00:00\" \/>\n<meta property=\"article:modified_time\" content=\"2023-01-31T08:48:30+00:00\" \/>\n<meta property=\"og:image\" content=\"https:\/\/eurecat.org\/wp-content\/uploads\/2023\/01\/RETRAT06_gener23.jpg\" \/>\n\t<meta property=\"og:image:width\" content=\"510\" \/>\n\t<meta property=\"og:image:height\" content=\"646\" \/>\n\t<meta property=\"og:image:type\" content=\"image\/jpeg\" \/>\n<meta name=\"author\" content=\"EurecatEQZ\" \/>\n<meta name=\"twitter:card\" content=\"summary_large_image\" \/>\n<meta name=\"twitter:label1\" content=\"Escrito por\" \/>\n\t<meta name=\"twitter:data1\" content=\"EurecatEQZ\" \/>\n\t<meta name=\"twitter:label2\" content=\"Tiempo de lectura\" \/>\n\t<meta name=\"twitter:data2\" content=\"4 minutos\" \/>\n<script type=\"application\/ld+json\" class=\"yoast-schema-graph\">{\"@context\":\"https:\\\/\\\/schema.org\",\"@graph\":[{\"@type\":\"Article\",\"@id\":\"https:\\\/\\\/eurecat.org\\\/es\\\/editorial_audacia-y-horizontes-de-exito\\\/#article\",\"isPartOf\":{\"@id\":\"https:\\\/\\\/eurecat.org\\\/es\\\/editorial_audacia-y-horizontes-de-exito\\\/\"},\"author\":{\"name\":\"EurecatEQZ\",\"@id\":\"https:\\\/\\\/eurecat.org\\\/es\\\/#\\\/schema\\\/person\\\/99d4d39712001e7621b6867b27b40bed\"},\"headline\":\"Audacia y horizontes de \u00e9xito\",\"datePublished\":\"2023-01-31T08:35:19+00:00\",\"dateModified\":\"2023-01-31T08:48:30+00:00\",\"mainEntityOfPage\":{\"@id\":\"https:\\\/\\\/eurecat.org\\\/es\\\/editorial_audacia-y-horizontes-de-exito\\\/\"},\"wordCount\":721,\"image\":{\"@id\":\"https:\\\/\\\/eurecat.org\\\/es\\\/editorial_audacia-y-horizontes-de-exito\\\/#primaryimage\"},\"thumbnailUrl\":\"https:\\\/\\\/eurecat.org\\\/wp-content\\\/uploads\\\/2023\\\/01\\\/RETRAT06_gener23.jpg\",\"articleSection\":[\"Blog\",\"Editorial\"],\"inLanguage\":\"es\"},{\"@type\":\"WebPage\",\"@id\":\"https:\\\/\\\/eurecat.org\\\/es\\\/editorial_audacia-y-horizontes-de-exito\\\/\",\"url\":\"https:\\\/\\\/eurecat.org\\\/es\\\/editorial_audacia-y-horizontes-de-exito\\\/\",\"name\":\"Audacia y horizontes de \u00e9xito - Eurecat\",\"isPartOf\":{\"@id\":\"https:\\\/\\\/eurecat.org\\\/es\\\/#website\"},\"primaryImageOfPage\":{\"@id\":\"https:\\\/\\\/eurecat.org\\\/es\\\/editorial_audacia-y-horizontes-de-exito\\\/#primaryimage\"},\"image\":{\"@id\":\"https:\\\/\\\/eurecat.org\\\/es\\\/editorial_audacia-y-horizontes-de-exito\\\/#primaryimage\"},\"thumbnailUrl\":\"https:\\\/\\\/eurecat.org\\\/wp-content\\\/uploads\\\/2023\\\/01\\\/RETRAT06_gener23.jpg\",\"datePublished\":\"2023-01-31T08:35:19+00:00\",\"dateModified\":\"2023-01-31T08:48:30+00:00\",\"author\":{\"@id\":\"https:\\\/\\\/eurecat.org\\\/es\\\/#\\\/schema\\\/person\\\/99d4d39712001e7621b6867b27b40bed\"},\"description\":\"L\u00edneas tecnol\u00f3gicas donde la hibridaci\u00f3n de tecnolog\u00edas es fundamental para acercar herramientas y soluciones que nos permitan afrontar los nuevos retos\",\"breadcrumb\":{\"@id\":\"https:\\\/\\\/eurecat.org\\\/es\\\/editorial_audacia-y-horizontes-de-exito\\\/#breadcrumb\"},\"inLanguage\":\"es\",\"potentialAction\":[{\"@type\":\"ReadAction\",\"target\":[\"https:\\\/\\\/eurecat.org\\\/es\\\/editorial_audacia-y-horizontes-de-exito\\\/\"]}]},{\"@type\":\"ImageObject\",\"inLanguage\":\"es\",\"@id\":\"https:\\\/\\\/eurecat.org\\\/es\\\/editorial_audacia-y-horizontes-de-exito\\\/#primaryimage\",\"url\":\"https:\\\/\\\/eurecat.org\\\/wp-content\\\/uploads\\\/2023\\\/01\\\/RETRAT06_gener23.jpg\",\"contentUrl\":\"https:\\\/\\\/eurecat.org\\\/wp-content\\\/uploads\\\/2023\\\/01\\\/RETRAT06_gener23.jpg\",\"width\":510,\"height\":646,\"caption\":\"Xavier Torra, President Eurecat\"},{\"@type\":\"BreadcrumbList\",\"@id\":\"https:\\\/\\\/eurecat.org\\\/es\\\/editorial_audacia-y-horizontes-de-exito\\\/#breadcrumb\",\"itemListElement\":[{\"@type\":\"ListItem\",\"position\":1,\"name\":\"Inici\",\"item\":\"https:\\\/\\\/eurecat.org\\\/es\\\/\"},{\"@type\":\"ListItem\",\"position\":2,\"name\":\"Audacia y horizontes de \u00e9xito\"}]},{\"@type\":\"WebSite\",\"@id\":\"https:\\\/\\\/eurecat.org\\\/es\\\/#website\",\"url\":\"https:\\\/\\\/eurecat.org\\\/es\\\/\",\"name\":\"Eurecat\",\"description\":\"Otro sitio realizado con WordPress\",\"potentialAction\":[{\"@type\":\"SearchAction\",\"target\":{\"@type\":\"EntryPoint\",\"urlTemplate\":\"https:\\\/\\\/eurecat.org\\\/es\\\/?s={search_term_string}\"},\"query-input\":{\"@type\":\"PropertyValueSpecification\",\"valueRequired\":true,\"valueName\":\"search_term_string\"}}],\"inLanguage\":\"es\"},{\"@type\":\"Person\",\"@id\":\"https:\\\/\\\/eurecat.org\\\/es\\\/#\\\/schema\\\/person\\\/99d4d39712001e7621b6867b27b40bed\",\"name\":\"EurecatEQZ\",\"image\":{\"@type\":\"ImageObject\",\"inLanguage\":\"es\",\"@id\":\"https:\\\/\\\/secure.gravatar.com\\\/avatar\\\/6deb26ca61bcc34263c59cc62bb8b08ff90b67af7f99943babf5d86396845993?s=96&d=mm&r=g\",\"url\":\"https:\\\/\\\/secure.gravatar.com\\\/avatar\\\/6deb26ca61bcc34263c59cc62bb8b08ff90b67af7f99943babf5d86396845993?s=96&d=mm&r=g\",\"contentUrl\":\"https:\\\/\\\/secure.gravatar.com\\\/avatar\\\/6deb26ca61bcc34263c59cc62bb8b08ff90b67af7f99943babf5d86396845993?s=96&d=mm&r=g\",\"caption\":\"EurecatEQZ\"}}]}<\/script>\n<!-- \/ Yoast SEO plugin. -->","yoast_head_json":{"title":"Audacia y horizontes de \u00e9xito - Eurecat","description":"L\u00edneas tecnol\u00f3gicas donde la hibridaci\u00f3n de tecnolog\u00edas es fundamental para acercar herramientas y soluciones que nos permitan afrontar los nuevos retos","robots":{"index":"index","follow":"follow","max-snippet":"max-snippet:-1","max-image-preview":"max-image-preview:large","max-video-preview":"max-video-preview:-1"},"canonical":"https:\/\/eurecat.org\/es\/editorial_audacia-y-horizontes-de-exito\/","og_locale":"es_ES","og_type":"article","og_title":"Audacia y horizontes de \u00e9xito - Eurecat","og_description":"L\u00edneas tecnol\u00f3gicas donde la hibridaci\u00f3n de tecnolog\u00edas es fundamental para acercar herramientas y soluciones que nos permitan afrontar los nuevos retos","og_url":"https:\/\/eurecat.org\/es\/editorial_audacia-y-horizontes-de-exito\/","og_site_name":"Eurecat","article_published_time":"2023-01-31T08:35:19+00:00","article_modified_time":"2023-01-31T08:48:30+00:00","og_image":[{"width":510,"height":646,"url":"https:\/\/eurecat.org\/wp-content\/uploads\/2023\/01\/RETRAT06_gener23.jpg","type":"image\/jpeg"}],"author":"EurecatEQZ","twitter_card":"summary_large_image","twitter_misc":{"Escrito por":"EurecatEQZ","Tiempo de lectura":"4 minutos"},"schema":{"@context":"https:\/\/schema.org","@graph":[{"@type":"Article","@id":"https:\/\/eurecat.org\/es\/editorial_audacia-y-horizontes-de-exito\/#article","isPartOf":{"@id":"https:\/\/eurecat.org\/es\/editorial_audacia-y-horizontes-de-exito\/"},"author":{"name":"EurecatEQZ","@id":"https:\/\/eurecat.org\/es\/#\/schema\/person\/99d4d39712001e7621b6867b27b40bed"},"headline":"Audacia y horizontes de \u00e9xito","datePublished":"2023-01-31T08:35:19+00:00","dateModified":"2023-01-31T08:48:30+00:00","mainEntityOfPage":{"@id":"https:\/\/eurecat.org\/es\/editorial_audacia-y-horizontes-de-exito\/"},"wordCount":721,"image":{"@id":"https:\/\/eurecat.org\/es\/editorial_audacia-y-horizontes-de-exito\/#primaryimage"},"thumbnailUrl":"https:\/\/eurecat.org\/wp-content\/uploads\/2023\/01\/RETRAT06_gener23.jpg","articleSection":["Blog","Editorial"],"inLanguage":"es"},{"@type":"WebPage","@id":"https:\/\/eurecat.org\/es\/editorial_audacia-y-horizontes-de-exito\/","url":"https:\/\/eurecat.org\/es\/editorial_audacia-y-horizontes-de-exito\/","name":"Audacia y horizontes de \u00e9xito - Eurecat","isPartOf":{"@id":"https:\/\/eurecat.org\/es\/#website"},"primaryImageOfPage":{"@id":"https:\/\/eurecat.org\/es\/editorial_audacia-y-horizontes-de-exito\/#primaryimage"},"image":{"@id":"https:\/\/eurecat.org\/es\/editorial_audacia-y-horizontes-de-exito\/#primaryimage"},"thumbnailUrl":"https:\/\/eurecat.org\/wp-content\/uploads\/2023\/01\/RETRAT06_gener23.jpg","datePublished":"2023-01-31T08:35:19+00:00","dateModified":"2023-01-31T08:48:30+00:00","author":{"@id":"https:\/\/eurecat.org\/es\/#\/schema\/person\/99d4d39712001e7621b6867b27b40bed"},"description":"L\u00edneas tecnol\u00f3gicas donde la hibridaci\u00f3n de tecnolog\u00edas es fundamental para acercar herramientas y soluciones que nos permitan afrontar los nuevos retos","breadcrumb":{"@id":"https:\/\/eurecat.org\/es\/editorial_audacia-y-horizontes-de-exito\/#breadcrumb"},"inLanguage":"es","potentialAction":[{"@type":"ReadAction","target":["https:\/\/eurecat.org\/es\/editorial_audacia-y-horizontes-de-exito\/"]}]},{"@type":"ImageObject","inLanguage":"es","@id":"https:\/\/eurecat.org\/es\/editorial_audacia-y-horizontes-de-exito\/#primaryimage","url":"https:\/\/eurecat.org\/wp-content\/uploads\/2023\/01\/RETRAT06_gener23.jpg","contentUrl":"https:\/\/eurecat.org\/wp-content\/uploads\/2023\/01\/RETRAT06_gener23.jpg","width":510,"height":646,"caption":"Xavier Torra, President Eurecat"},{"@type":"BreadcrumbList","@id":"https:\/\/eurecat.org\/es\/editorial_audacia-y-horizontes-de-exito\/#breadcrumb","itemListElement":[{"@type":"ListItem","position":1,"name":"Inici","item":"https:\/\/eurecat.org\/es\/"},{"@type":"ListItem","position":2,"name":"Audacia y horizontes de \u00e9xito"}]},{"@type":"WebSite","@id":"https:\/\/eurecat.org\/es\/#website","url":"https:\/\/eurecat.org\/es\/","name":"Eurecat","description":"Otro sitio realizado con WordPress","potentialAction":[{"@type":"SearchAction","target":{"@type":"EntryPoint","urlTemplate":"https:\/\/eurecat.org\/es\/?s={search_term_string}"},"query-input":{"@type":"PropertyValueSpecification","valueRequired":true,"valueName":"search_term_string"}}],"inLanguage":"es"},{"@type":"Person","@id":"https:\/\/eurecat.org\/es\/#\/schema\/person\/99d4d39712001e7621b6867b27b40bed","name":"EurecatEQZ","image":{"@type":"ImageObject","inLanguage":"es","@id":"https:\/\/secure.gravatar.com\/avatar\/6deb26ca61bcc34263c59cc62bb8b08ff90b67af7f99943babf5d86396845993?s=96&d=mm&r=g","url":"https:\/\/secure.gravatar.com\/avatar\/6deb26ca61bcc34263c59cc62bb8b08ff90b67af7f99943babf5d86396845993?s=96&d=mm&r=g","contentUrl":"https:\/\/secure.gravatar.com\/avatar\/6deb26ca61bcc34263c59cc62bb8b08ff90b67af7f99943babf5d86396845993?s=96&d=mm&r=g","caption":"EurecatEQZ"}}]}},"_links":{"self":[{"href":"https:\/\/eurecat.org\/es\/wp-json\/wp\/v2\/posts\/130923","targetHints":{"allow":["GET"]}}],"collection":[{"href":"https:\/\/eurecat.org\/es\/wp-json\/wp\/v2\/posts"}],"about":[{"href":"https:\/\/eurecat.org\/es\/wp-json\/wp\/v2\/types\/post"}],"author":[{"embeddable":true,"href":"https:\/\/eurecat.org\/es\/wp-json\/wp\/v2\/users\/20"}],"replies":[{"embeddable":true,"href":"https:\/\/eurecat.org\/es\/wp-json\/wp\/v2\/comments?post=130923"}],"version-history":[{"count":1,"href":"https:\/\/eurecat.org\/es\/wp-json\/wp\/v2\/posts\/130923\/revisions"}],"predecessor-version":[{"id":130934,"href":"https:\/\/eurecat.org\/es\/wp-json\/wp\/v2\/posts\/130923\/revisions\/130934"}],"wp:featuredmedia":[{"embeddable":true,"href":"https:\/\/eurecat.org\/es\/wp-json\/wp\/v2\/media\/130926"}],"wp:attachment":[{"href":"https:\/\/eurecat.org\/es\/wp-json\/wp\/v2\/media?parent=130923"}],"wp:term":[{"taxonomy":"category","embeddable":true,"href":"https:\/\/eurecat.org\/es\/wp-json\/wp\/v2\/categories?post=130923"},{"taxonomy":"post_tag","embeddable":true,"href":"https:\/\/eurecat.org\/es\/wp-json\/wp\/v2\/tags?post=130923"}],"curies":[{"name":"wp","href":"https:\/\/api.w.org\/{rel}","templated":true}]}}