{"id":131480,"date":"2023-02-16T12:07:24","date_gmt":"2023-02-16T11:07:24","guid":{"rendered":"https:\/\/eurecat.org\/?p=131480"},"modified":"2023-02-16T12:10:19","modified_gmt":"2023-02-16T11:10:19","slug":"eurecat-destaca-al-foro-transfiere-les-aliances-estrategiques-per-generar-ecosistemes-dinnovacio-arrelats-al-territori","status":"publish","type":"post","link":"https:\/\/eurecat.org\/es\/eurecat-destaca-al-foro-transfiere-les-aliances-estrategiques-per-generar-ecosistemes-dinnovacio-arrelats-al-territori\/","title":{"rendered":"Eurecat destaca en el Foro Transfiere las alianzas estrat\u00e9gicas para generar ecosistemas de innovaci\u00f3n arraigados en el territorio"},"content":{"rendered":"<div class=\"fusion-fullwidth fullwidth-box fusion-builder-row-1 fusion-flex-container nonhundred-percent-fullwidth non-hundred-percent-height-scrolling\" style=\"--awb-border-radius-top-left:0px;--awb-border-radius-top-right:0px;--awb-border-radius-bottom-right:0px;--awb-border-radius-bottom-left:0px;--awb-flex-wrap:wrap;\" ><div class=\"fusion-builder-row fusion-row fusion-flex-align-items-flex-start fusion-flex-content-wrap\" style=\"max-width:1424.8px;margin-left: calc(-4% \/ 2 );margin-right: calc(-4% \/ 2 );\"><div class=\"fusion-layout-column fusion_builder_column fusion-builder-column-0 fusion_builder_column_1_1 1_1 fusion-flex-column\" style=\"--awb-bg-size:cover;--awb-width-large:100%;--awb-margin-top-large:0px;--awb-spacing-right-large:1.92%;--awb-margin-bottom-large:0px;--awb-spacing-left-large:1.92%;--awb-width-medium:100%;--awb-spacing-right-medium:1.92%;--awb-spacing-left-medium:1.92%;--awb-width-small:100%;--awb-spacing-right-small:1.92%;--awb-spacing-left-small:1.92%;\"><div class=\"fusion-column-wrapper fusion-flex-justify-content-flex-start fusion-content-layout-column\"><div class=\"fusion-text fusion-text-1\"><p>El centro tecnol\u00f3gico <a href=\"http:\/\/eurecat.org\/es\/\">Eurecat<\/a> participa esta semana en el Foro Transfiere, donde comparte con otros agentes de investigaci\u00f3n e innovaci\u00f3n los modelos de creaci\u00f3n de alianzas estrat\u00e9gicas para generar ecosistemas de innovaci\u00f3n y da a conocer los resultados de su investigaci\u00f3n en los \u00e1mbitos de la salud, la industria, el medio ambiente y la agroalimentaci\u00f3n y que, fruto de su modelo propio de valorizaci\u00f3n, se encuentran en v\u00edas de comercializaci\u00f3n.<\/p>\n<p>Seg\u00fan subraya el director general Corporativo y de Operaciones de Eurecat, Xavier L\u00f3pez, \u201centre otras actividades generadoras de impacto, Eurecat impulsa y realiza m\u00e1s de 450 acciones formativas al a\u00f1o y lidera o coordina alianzas estrat\u00e9gicas con otros agentes que acaban creando ecosistemas de innovaci\u00f3n en nuestro territorio, que est\u00e1n al servicio de diferentes sectores y tienen un notable impacto en la sociedad\u201d.<\/p>\n<p>\u00c9ste es el caso por ejemplo del centro de referencia en I+D+I en bater\u00edas del sur de Europa, BATTECH, impulsado junto con el Instituto de Investigaci\u00f3n en Energ\u00eda de Catalunya, que dispone de infraestructuras tecnol\u00f3gicas compartidas y ofrece servicios para los sectores de la movilidad, la sanidad y la agricultura.<\/p>\n<p>Xavier L\u00f3pez ha compartido la experiencia de Eurecat en la mesa redonda sobre el an\u00e1lisis de datos y estudios de impacto social, tecnol\u00f3gico y econ\u00f3mico de los centros tecnol\u00f3gicos organizada por la Federaci\u00f3n Espa\u00f1ola de Centros Tecnol\u00f3gicos (FEDIT), de la que es vicepresidente. \u201cNuestra actividad formativa, de alta especializaci\u00f3n, es una contribuci\u00f3n m\u00e1s que hacemos a la sociedad del conocimiento, con alumnos en activo que ponen en pr\u00e1ctica las innovaciones que han aprendido en los cursos en sus puestos de trabajo y la preparaci\u00f3n de los futuros profesionales de la industria\u201d, afirma Xavier L\u00f3pez.<\/p>\n<p>\u201cLos centros tecnol\u00f3gicos tenemos infraestructuras tecnol\u00f3gicas clave, donde las empresas pueden utilizar tecnolog\u00edas que todav\u00eda no est\u00e1n maduras para anticiparse al mercado, hacer frente a retos complejos de forma colaborativa y formar a sus profesionales\u201d, resalta el director general corporativo de Eurecat, que tambi\u00e9n subraya \u00abla contribuci\u00f3n positiva de Eurecat en las iniciativas para el fomento de la competitividad empresarial y el bienestar de la sociedad a trav\u00e9s de la I+D+I\u00bb.<\/p>\n<p>Eurecat participa en este encuentro de referencia en I+D+I en el sur de Europa, que se celebra en M\u00e1laga los d\u00edas 15, 16 y 17 de febrero, junto con otros centros de la Federaci\u00f3n Espa\u00f1ola de Centros Tecnol\u00f3gicos (FEDIT).<\/p>\n<p>Este a\u00f1o, Eurecat destaca el rol que tiene como creador y vertebrador de ecosistemas de innovaci\u00f3n. Adem\u00e1s, tambi\u00e9n explica las actividades de I+D+I del centro y productos y servicios desarrollados que est\u00e1n muy cerca de mercado, en los espacios destinados a networking y colaboraciones.<\/p>\n<p>En el \u00e1mbito de la agroalimentaci\u00f3n se explica la plataforma AriaPne para la validaci\u00f3n de ingredientes y nutrac\u00e9uticos, que permite identificar sus potenciales actividades biol\u00f3gicas para la industria alimentaria. Tambi\u00e9n se presentar\u00e1 un nuevo potenciador de sabor salado saludable que es el resultado del proyecto Salt4Health.<\/p>\n<p>En cuanto a los sectores industrial y medio ambiental, Eurecat muestra las soluciones desarrolladas de la aplicaci\u00f3n colaborativa NasApp, que genera mapas de malos olores para ayudar a combatir episodios de contaminaci\u00f3n odor\u00edfera y el catalizador bimet\u00e1lico desarrollado para la deshidrogenaci\u00f3n de alcanos.<\/p>\n<p>Por \u00faltimo, en el \u00e1mbito de la salud destaca un nuevo dispositivo port\u00e1til creado para realizar las maniobras de reanimaci\u00f3n cardiopulmonar y dos plataformas de telemedicina y teleasistencia basadas en Internet de las Cosas. Para la monitorizaci\u00f3n remota del estado de salud de los pacientes, Eurecat presenta eKenku. Y muestra el funcionamiento de eKauri para el seguimiento de h\u00e1bitos, rutinas y de la salud de ancianos o personas dependientes en su vida diaria en casa.<\/p>\n<\/div><\/div><\/div><\/div><\/div>\n","protected":false},"excerpt":{"rendered":"","protected":false},"author":12,"featured_media":131483,"comment_status":"open","ping_status":"closed","sticky":false,"template":"","format":"standard","meta":{"footnotes":""},"categories":[682,727,134,411],"tags":[],"class_list":["post-131480","post","type-post","status-publish","format-standard","has-post-thumbnail","hentry","category-corporatiu-es","category-ferias","category-notas-de-prensa","category-sostenibilidad"],"yoast_head":"<!-- This site is optimized with the Yoast SEO plugin v27.4 - https:\/\/yoast.com\/product\/yoast-seo-wordpress\/ -->\n<title>Eurecat destaca en el Foro Transfiere las alianzas estrat\u00e9gicas para generar ecosistemas de innovaci\u00f3n arraigados en el territorio - Eurecat<\/title>\n<meta name=\"robots\" content=\"index, follow, max-snippet:-1, max-image-preview:large, max-video-preview:-1\" \/>\n<link rel=\"canonical\" href=\"https:\/\/eurecat.org\/es\/eurecat-destaca-al-foro-transfiere-les-aliances-estrategiques-per-generar-ecosistemes-dinnovacio-arrelats-al-territori\/\" \/>\n<meta property=\"og:locale\" content=\"es_ES\" \/>\n<meta property=\"og:type\" content=\"article\" \/>\n<meta property=\"og:title\" content=\"Eurecat destaca en el Foro Transfiere las alianzas estrat\u00e9gicas para generar ecosistemas de innovaci\u00f3n arraigados en el territorio - Eurecat\" \/>\n<meta property=\"og:url\" content=\"https:\/\/eurecat.org\/es\/eurecat-destaca-al-foro-transfiere-les-aliances-estrategiques-per-generar-ecosistemes-dinnovacio-arrelats-al-territori\/\" \/>\n<meta property=\"og:site_name\" content=\"Eurecat\" \/>\n<meta property=\"article:published_time\" content=\"2023-02-16T11:07:24+00:00\" \/>\n<meta property=\"article:modified_time\" content=\"2023-02-16T11:10:19+00:00\" \/>\n<meta property=\"og:image\" content=\"https:\/\/eurecat.org\/wp-content\/uploads\/2023\/02\/Foto_Eurecat_Transfiere_800px.jpg\" \/>\n\t<meta property=\"og:image:width\" content=\"800\" \/>\n\t<meta property=\"og:image:height\" content=\"533\" \/>\n\t<meta property=\"og:image:type\" content=\"image\/jpeg\" \/>\n<meta name=\"author\" content=\"EurecatEG\" \/>\n<meta name=\"twitter:card\" content=\"summary_large_image\" \/>\n<meta name=\"twitter:label1\" content=\"Escrito por\" \/>\n\t<meta name=\"twitter:data1\" content=\"EurecatEG\" \/>\n\t<meta name=\"twitter:label2\" content=\"Tiempo de lectura\" \/>\n\t<meta name=\"twitter:data2\" content=\"4 minutos\" \/>\n<script type=\"application\/ld+json\" class=\"yoast-schema-graph\">{\"@context\":\"https:\\\/\\\/schema.org\",\"@graph\":[{\"@type\":\"Article\",\"@id\":\"https:\\\/\\\/eurecat.org\\\/es\\\/eurecat-destaca-al-foro-transfiere-les-aliances-estrategiques-per-generar-ecosistemes-dinnovacio-arrelats-al-territori\\\/#article\",\"isPartOf\":{\"@id\":\"https:\\\/\\\/eurecat.org\\\/es\\\/eurecat-destaca-al-foro-transfiere-les-aliances-estrategiques-per-generar-ecosistemes-dinnovacio-arrelats-al-territori\\\/\"},\"author\":{\"name\":\"EurecatEG\",\"@id\":\"https:\\\/\\\/eurecat.org\\\/es\\\/#\\\/schema\\\/person\\\/def9217eded50ee57a9dc4cf0c883f80\"},\"headline\":\"Eurecat destaca en el Foro Transfiere las alianzas estrat\u00e9gicas para generar ecosistemas de innovaci\u00f3n arraigados en el territorio\",\"datePublished\":\"2023-02-16T11:07:24+00:00\",\"dateModified\":\"2023-02-16T11:10:19+00:00\",\"mainEntityOfPage\":{\"@id\":\"https:\\\/\\\/eurecat.org\\\/es\\\/eurecat-destaca-al-foro-transfiere-les-aliances-estrategiques-per-generar-ecosistemes-dinnovacio-arrelats-al-territori\\\/\"},\"wordCount\":936,\"commentCount\":0,\"image\":{\"@id\":\"https:\\\/\\\/eurecat.org\\\/es\\\/eurecat-destaca-al-foro-transfiere-les-aliances-estrategiques-per-generar-ecosistemes-dinnovacio-arrelats-al-territori\\\/#primaryimage\"},\"thumbnailUrl\":\"https:\\\/\\\/eurecat.org\\\/wp-content\\\/uploads\\\/2023\\\/02\\\/Foto_Eurecat_Transfiere_800px.jpg\",\"articleSection\":[\"Corporativo\",\"Ferias\",\"Notas de prensa\",\"Sostenibilidad\"],\"inLanguage\":\"es\",\"potentialAction\":[{\"@type\":\"CommentAction\",\"name\":\"Comment\",\"target\":[\"https:\\\/\\\/eurecat.org\\\/es\\\/eurecat-destaca-al-foro-transfiere-les-aliances-estrategiques-per-generar-ecosistemes-dinnovacio-arrelats-al-territori\\\/#respond\"]}]},{\"@type\":\"WebPage\",\"@id\":\"https:\\\/\\\/eurecat.org\\\/es\\\/eurecat-destaca-al-foro-transfiere-les-aliances-estrategiques-per-generar-ecosistemes-dinnovacio-arrelats-al-territori\\\/\",\"url\":\"https:\\\/\\\/eurecat.org\\\/es\\\/eurecat-destaca-al-foro-transfiere-les-aliances-estrategiques-per-generar-ecosistemes-dinnovacio-arrelats-al-territori\\\/\",\"name\":\"Eurecat destaca en el Foro Transfiere las alianzas estrat\u00e9gicas para generar ecosistemas de innovaci\u00f3n arraigados en el territorio - Eurecat\",\"isPartOf\":{\"@id\":\"https:\\\/\\\/eurecat.org\\\/es\\\/#website\"},\"primaryImageOfPage\":{\"@id\":\"https:\\\/\\\/eurecat.org\\\/es\\\/eurecat-destaca-al-foro-transfiere-les-aliances-estrategiques-per-generar-ecosistemes-dinnovacio-arrelats-al-territori\\\/#primaryimage\"},\"image\":{\"@id\":\"https:\\\/\\\/eurecat.org\\\/es\\\/eurecat-destaca-al-foro-transfiere-les-aliances-estrategiques-per-generar-ecosistemes-dinnovacio-arrelats-al-territori\\\/#primaryimage\"},\"thumbnailUrl\":\"https:\\\/\\\/eurecat.org\\\/wp-content\\\/uploads\\\/2023\\\/02\\\/Foto_Eurecat_Transfiere_800px.jpg\",\"datePublished\":\"2023-02-16T11:07:24+00:00\",\"dateModified\":\"2023-02-16T11:10:19+00:00\",\"author\":{\"@id\":\"https:\\\/\\\/eurecat.org\\\/es\\\/#\\\/schema\\\/person\\\/def9217eded50ee57a9dc4cf0c883f80\"},\"breadcrumb\":{\"@id\":\"https:\\\/\\\/eurecat.org\\\/es\\\/eurecat-destaca-al-foro-transfiere-les-aliances-estrategiques-per-generar-ecosistemes-dinnovacio-arrelats-al-territori\\\/#breadcrumb\"},\"inLanguage\":\"es\",\"potentialAction\":[{\"@type\":\"ReadAction\",\"target\":[\"https:\\\/\\\/eurecat.org\\\/es\\\/eurecat-destaca-al-foro-transfiere-les-aliances-estrategiques-per-generar-ecosistemes-dinnovacio-arrelats-al-territori\\\/\"]}]},{\"@type\":\"ImageObject\",\"inLanguage\":\"es\",\"@id\":\"https:\\\/\\\/eurecat.org\\\/es\\\/eurecat-destaca-al-foro-transfiere-les-aliances-estrategiques-per-generar-ecosistemes-dinnovacio-arrelats-al-territori\\\/#primaryimage\",\"url\":\"https:\\\/\\\/eurecat.org\\\/wp-content\\\/uploads\\\/2023\\\/02\\\/Foto_Eurecat_Transfiere_800px.jpg\",\"contentUrl\":\"https:\\\/\\\/eurecat.org\\\/wp-content\\\/uploads\\\/2023\\\/02\\\/Foto_Eurecat_Transfiere_800px.jpg\",\"width\":800,\"height\":533},{\"@type\":\"BreadcrumbList\",\"@id\":\"https:\\\/\\\/eurecat.org\\\/es\\\/eurecat-destaca-al-foro-transfiere-les-aliances-estrategiques-per-generar-ecosistemes-dinnovacio-arrelats-al-territori\\\/#breadcrumb\",\"itemListElement\":[{\"@type\":\"ListItem\",\"position\":1,\"name\":\"Inici\",\"item\":\"https:\\\/\\\/eurecat.org\\\/es\\\/\"},{\"@type\":\"ListItem\",\"position\":2,\"name\":\"Eurecat destaca en el Foro Transfiere las alianzas estrat\u00e9gicas para generar ecosistemas de innovaci\u00f3n arraigados en el territorio\"}]},{\"@type\":\"WebSite\",\"@id\":\"https:\\\/\\\/eurecat.org\\\/es\\\/#website\",\"url\":\"https:\\\/\\\/eurecat.org\\\/es\\\/\",\"name\":\"Eurecat\",\"description\":\"Otro sitio realizado con WordPress\",\"potentialAction\":[{\"@type\":\"SearchAction\",\"target\":{\"@type\":\"EntryPoint\",\"urlTemplate\":\"https:\\\/\\\/eurecat.org\\\/es\\\/?s={search_term_string}\"},\"query-input\":{\"@type\":\"PropertyValueSpecification\",\"valueRequired\":true,\"valueName\":\"search_term_string\"}}],\"inLanguage\":\"es\"},{\"@type\":\"Person\",\"@id\":\"https:\\\/\\\/eurecat.org\\\/es\\\/#\\\/schema\\\/person\\\/def9217eded50ee57a9dc4cf0c883f80\",\"name\":\"EurecatEG\",\"image\":{\"@type\":\"ImageObject\",\"inLanguage\":\"es\",\"@id\":\"https:\\\/\\\/secure.gravatar.com\\\/avatar\\\/f40dd9b6ecd3e5c591f3c9b033e495ee0ec9877ba77249fbf268b3889350c824?s=96&d=mm&r=g\",\"url\":\"https:\\\/\\\/secure.gravatar.com\\\/avatar\\\/f40dd9b6ecd3e5c591f3c9b033e495ee0ec9877ba77249fbf268b3889350c824?s=96&d=mm&r=g\",\"contentUrl\":\"https:\\\/\\\/secure.gravatar.com\\\/avatar\\\/f40dd9b6ecd3e5c591f3c9b033e495ee0ec9877ba77249fbf268b3889350c824?s=96&d=mm&r=g\",\"caption\":\"EurecatEG\"}}]}<\/script>\n<!-- \/ Yoast SEO plugin. -->","yoast_head_json":{"title":"Eurecat destaca en el Foro Transfiere las alianzas estrat\u00e9gicas para generar ecosistemas de innovaci\u00f3n arraigados en el territorio - Eurecat","robots":{"index":"index","follow":"follow","max-snippet":"max-snippet:-1","max-image-preview":"max-image-preview:large","max-video-preview":"max-video-preview:-1"},"canonical":"https:\/\/eurecat.org\/es\/eurecat-destaca-al-foro-transfiere-les-aliances-estrategiques-per-generar-ecosistemes-dinnovacio-arrelats-al-territori\/","og_locale":"es_ES","og_type":"article","og_title":"Eurecat destaca en el Foro Transfiere las alianzas estrat\u00e9gicas para generar ecosistemas de innovaci\u00f3n arraigados en el territorio - Eurecat","og_url":"https:\/\/eurecat.org\/es\/eurecat-destaca-al-foro-transfiere-les-aliances-estrategiques-per-generar-ecosistemes-dinnovacio-arrelats-al-territori\/","og_site_name":"Eurecat","article_published_time":"2023-02-16T11:07:24+00:00","article_modified_time":"2023-02-16T11:10:19+00:00","og_image":[{"width":800,"height":533,"url":"https:\/\/eurecat.org\/wp-content\/uploads\/2023\/02\/Foto_Eurecat_Transfiere_800px.jpg","type":"image\/jpeg"}],"author":"EurecatEG","twitter_card":"summary_large_image","twitter_misc":{"Escrito por":"EurecatEG","Tiempo de lectura":"4 minutos"},"schema":{"@context":"https:\/\/schema.org","@graph":[{"@type":"Article","@id":"https:\/\/eurecat.org\/es\/eurecat-destaca-al-foro-transfiere-les-aliances-estrategiques-per-generar-ecosistemes-dinnovacio-arrelats-al-territori\/#article","isPartOf":{"@id":"https:\/\/eurecat.org\/es\/eurecat-destaca-al-foro-transfiere-les-aliances-estrategiques-per-generar-ecosistemes-dinnovacio-arrelats-al-territori\/"},"author":{"name":"EurecatEG","@id":"https:\/\/eurecat.org\/es\/#\/schema\/person\/def9217eded50ee57a9dc4cf0c883f80"},"headline":"Eurecat destaca en el Foro Transfiere las alianzas estrat\u00e9gicas para generar ecosistemas de innovaci\u00f3n arraigados en el territorio","datePublished":"2023-02-16T11:07:24+00:00","dateModified":"2023-02-16T11:10:19+00:00","mainEntityOfPage":{"@id":"https:\/\/eurecat.org\/es\/eurecat-destaca-al-foro-transfiere-les-aliances-estrategiques-per-generar-ecosistemes-dinnovacio-arrelats-al-territori\/"},"wordCount":936,"commentCount":0,"image":{"@id":"https:\/\/eurecat.org\/es\/eurecat-destaca-al-foro-transfiere-les-aliances-estrategiques-per-generar-ecosistemes-dinnovacio-arrelats-al-territori\/#primaryimage"},"thumbnailUrl":"https:\/\/eurecat.org\/wp-content\/uploads\/2023\/02\/Foto_Eurecat_Transfiere_800px.jpg","articleSection":["Corporativo","Ferias","Notas de prensa","Sostenibilidad"],"inLanguage":"es","potentialAction":[{"@type":"CommentAction","name":"Comment","target":["https:\/\/eurecat.org\/es\/eurecat-destaca-al-foro-transfiere-les-aliances-estrategiques-per-generar-ecosistemes-dinnovacio-arrelats-al-territori\/#respond"]}]},{"@type":"WebPage","@id":"https:\/\/eurecat.org\/es\/eurecat-destaca-al-foro-transfiere-les-aliances-estrategiques-per-generar-ecosistemes-dinnovacio-arrelats-al-territori\/","url":"https:\/\/eurecat.org\/es\/eurecat-destaca-al-foro-transfiere-les-aliances-estrategiques-per-generar-ecosistemes-dinnovacio-arrelats-al-territori\/","name":"Eurecat destaca en el Foro Transfiere las alianzas estrat\u00e9gicas para generar ecosistemas de innovaci\u00f3n arraigados en el territorio - Eurecat","isPartOf":{"@id":"https:\/\/eurecat.org\/es\/#website"},"primaryImageOfPage":{"@id":"https:\/\/eurecat.org\/es\/eurecat-destaca-al-foro-transfiere-les-aliances-estrategiques-per-generar-ecosistemes-dinnovacio-arrelats-al-territori\/#primaryimage"},"image":{"@id":"https:\/\/eurecat.org\/es\/eurecat-destaca-al-foro-transfiere-les-aliances-estrategiques-per-generar-ecosistemes-dinnovacio-arrelats-al-territori\/#primaryimage"},"thumbnailUrl":"https:\/\/eurecat.org\/wp-content\/uploads\/2023\/02\/Foto_Eurecat_Transfiere_800px.jpg","datePublished":"2023-02-16T11:07:24+00:00","dateModified":"2023-02-16T11:10:19+00:00","author":{"@id":"https:\/\/eurecat.org\/es\/#\/schema\/person\/def9217eded50ee57a9dc4cf0c883f80"},"breadcrumb":{"@id":"https:\/\/eurecat.org\/es\/eurecat-destaca-al-foro-transfiere-les-aliances-estrategiques-per-generar-ecosistemes-dinnovacio-arrelats-al-territori\/#breadcrumb"},"inLanguage":"es","potentialAction":[{"@type":"ReadAction","target":["https:\/\/eurecat.org\/es\/eurecat-destaca-al-foro-transfiere-les-aliances-estrategiques-per-generar-ecosistemes-dinnovacio-arrelats-al-territori\/"]}]},{"@type":"ImageObject","inLanguage":"es","@id":"https:\/\/eurecat.org\/es\/eurecat-destaca-al-foro-transfiere-les-aliances-estrategiques-per-generar-ecosistemes-dinnovacio-arrelats-al-territori\/#primaryimage","url":"https:\/\/eurecat.org\/wp-content\/uploads\/2023\/02\/Foto_Eurecat_Transfiere_800px.jpg","contentUrl":"https:\/\/eurecat.org\/wp-content\/uploads\/2023\/02\/Foto_Eurecat_Transfiere_800px.jpg","width":800,"height":533},{"@type":"BreadcrumbList","@id":"https:\/\/eurecat.org\/es\/eurecat-destaca-al-foro-transfiere-les-aliances-estrategiques-per-generar-ecosistemes-dinnovacio-arrelats-al-territori\/#breadcrumb","itemListElement":[{"@type":"ListItem","position":1,"name":"Inici","item":"https:\/\/eurecat.org\/es\/"},{"@type":"ListItem","position":2,"name":"Eurecat destaca en el Foro Transfiere las alianzas estrat\u00e9gicas para generar ecosistemas de innovaci\u00f3n arraigados en el territorio"}]},{"@type":"WebSite","@id":"https:\/\/eurecat.org\/es\/#website","url":"https:\/\/eurecat.org\/es\/","name":"Eurecat","description":"Otro sitio realizado con WordPress","potentialAction":[{"@type":"SearchAction","target":{"@type":"EntryPoint","urlTemplate":"https:\/\/eurecat.org\/es\/?s={search_term_string}"},"query-input":{"@type":"PropertyValueSpecification","valueRequired":true,"valueName":"search_term_string"}}],"inLanguage":"es"},{"@type":"Person","@id":"https:\/\/eurecat.org\/es\/#\/schema\/person\/def9217eded50ee57a9dc4cf0c883f80","name":"EurecatEG","image":{"@type":"ImageObject","inLanguage":"es","@id":"https:\/\/secure.gravatar.com\/avatar\/f40dd9b6ecd3e5c591f3c9b033e495ee0ec9877ba77249fbf268b3889350c824?s=96&d=mm&r=g","url":"https:\/\/secure.gravatar.com\/avatar\/f40dd9b6ecd3e5c591f3c9b033e495ee0ec9877ba77249fbf268b3889350c824?s=96&d=mm&r=g","contentUrl":"https:\/\/secure.gravatar.com\/avatar\/f40dd9b6ecd3e5c591f3c9b033e495ee0ec9877ba77249fbf268b3889350c824?s=96&d=mm&r=g","caption":"EurecatEG"}}]}},"_links":{"self":[{"href":"https:\/\/eurecat.org\/es\/wp-json\/wp\/v2\/posts\/131480","targetHints":{"allow":["GET"]}}],"collection":[{"href":"https:\/\/eurecat.org\/es\/wp-json\/wp\/v2\/posts"}],"about":[{"href":"https:\/\/eurecat.org\/es\/wp-json\/wp\/v2\/types\/post"}],"author":[{"embeddable":true,"href":"https:\/\/eurecat.org\/es\/wp-json\/wp\/v2\/users\/12"}],"replies":[{"embeddable":true,"href":"https:\/\/eurecat.org\/es\/wp-json\/wp\/v2\/comments?post=131480"}],"version-history":[{"count":1,"href":"https:\/\/eurecat.org\/es\/wp-json\/wp\/v2\/posts\/131480\/revisions"}],"predecessor-version":[{"id":131486,"href":"https:\/\/eurecat.org\/es\/wp-json\/wp\/v2\/posts\/131480\/revisions\/131486"}],"wp:featuredmedia":[{"embeddable":true,"href":"https:\/\/eurecat.org\/es\/wp-json\/wp\/v2\/media\/131483"}],"wp:attachment":[{"href":"https:\/\/eurecat.org\/es\/wp-json\/wp\/v2\/media?parent=131480"}],"wp:term":[{"taxonomy":"category","embeddable":true,"href":"https:\/\/eurecat.org\/es\/wp-json\/wp\/v2\/categories?post=131480"},{"taxonomy":"post_tag","embeddable":true,"href":"https:\/\/eurecat.org\/es\/wp-json\/wp\/v2\/tags?post=131480"}],"curies":[{"name":"wp","href":"https:\/\/api.w.org\/{rel}","templated":true}]}}