{"id":131980,"date":"2023-03-03T12:18:11","date_gmt":"2023-03-03T11:18:11","guid":{"rendered":"https:\/\/eurecat.org\/?p=131980"},"modified":"2023-03-03T12:19:58","modified_gmt":"2023-03-03T11:19:58","slug":"el-mobile-world-congress-vuelve-a-ser-referente-y-refuerza-el-impulso-del-ecosistema-catalan-de-las-start-ups","status":"publish","type":"post","link":"https:\/\/eurecat.org\/es\/el-mobile-world-congress-vuelve-a-ser-referente-y-refuerza-el-impulso-del-ecosistema-catalan-de-las-start-ups\/","title":{"rendered":"El Mobile World Congress vuelve a ser referente y refuerza el impulso del ecosistema catal\u00e1n de las start-ups"},"content":{"rendered":"<div class=\"fusion-fullwidth fullwidth-box fusion-builder-row-1 fusion-flex-container nonhundred-percent-fullwidth non-hundred-percent-height-scrolling\" style=\"--awb-border-radius-top-left:0px;--awb-border-radius-top-right:0px;--awb-border-radius-bottom-right:0px;--awb-border-radius-bottom-left:0px;--awb-flex-wrap:wrap;\" ><div class=\"fusion-builder-row fusion-row fusion-flex-align-items-flex-start fusion-flex-content-wrap\" style=\"max-width:1424.8px;margin-left: calc(-4% \/ 2 );margin-right: calc(-4% \/ 2 );\"><div class=\"fusion-layout-column fusion_builder_column fusion-builder-column-0 fusion_builder_column_1_1 1_1 fusion-flex-column\" style=\"--awb-bg-size:cover;--awb-width-large:100%;--awb-margin-top-large:0px;--awb-spacing-right-large:1.92%;--awb-margin-bottom-large:0px;--awb-spacing-left-large:1.92%;--awb-width-medium:100%;--awb-spacing-right-medium:1.92%;--awb-spacing-left-medium:1.92%;--awb-width-small:100%;--awb-spacing-right-small:1.92%;--awb-spacing-left-small:1.92%;\"><div class=\"fusion-column-wrapper fusion-flex-justify-content-flex-start fusion-content-layout-column\"><div class=\"fusion-text fusion-text-1\"><p>El Mobile World Congress ha vuelto a \u201cser el referente que era a nivel de cantidad y calidad de visitantes y de expositores\u201d y ha mostrado propuestas \u201cm\u00e1s cercanas al mercado y m\u00e1s inteligibles\u201d, algo que ha contribuido a que sea una edici\u00f3n \u201cm\u00e1s f\u00e1cil de entender y m\u00e1s atractiva para el p\u00fablico, tanto para los visitantes como para los compradores\u201d, ha subrayado hoy el director general de Negocio del centro tecnol\u00f3gico <a href=\"https:\/\/eurecat.org\/\">Eurecat<\/a>, Miquel Rey.<\/p>\n<p>En su opini\u00f3n, la evoluci\u00f3n dentro del congreso del espacio 4YFN \u201ca nivel de las start-ups y de inversiones de un mont\u00f3n de pa\u00edses ha hecho que sea muy interesante y ha puesto de relieve que el ecosistema catal\u00e1n de las start-ups e innovaci\u00f3n funciona, ya que, no solo hay m\u00e1s, sino que aportan nuevas soluciones y se crean empresas y hubs de innovaci\u00f3n que act\u00faan globalmente\u201d.<\/p>\n<p>En conjunto, ha sido un a\u00f1o de muchas aplicaciones en el \u00e1mbito de salud, como las que ha mostrado Eurecat en su estand en el congreso, con soluciones que combinaban inteligencia artificial, realidad virtual, dispositivos y otras innovaciones, adem\u00e1s de conectividad segura y sin latencia, como 5G y 6G.<\/p>\n<p>El MWC ha reunido este a\u00f1o \u201cmultitud de servicios en el cloud, servicios en el edge y operadoras que est\u00e1n desplegando estos nuevos servicios usando 5G\u201d, as\u00ed como \u201caplicaciones de gemelos digitales en diferentes \u00e1mbitos sectoriales; aplicaciones de inteligencia artificial y, como era de esperar tambi\u00e9n, diversas aplicaciones de realidad virtual y realidad aumentada en el entorno del metaverso con dispositivos que permiten tener esta experiencia inmersiva\u201d, ha a\u00f1adido el director del \u00c1rea Digital de Eurecat, Joan Mas.<\/p>\n<p>El congreso se ha convertido en un \u201cescaparate de las tecnolog\u00edas, de sus aplicaciones y, adem\u00e1s, de c\u00f3mo van evolucionando\u201d, ha destacado, por su parte, la directora cient\u00edfica del \u00c1rea Digital de Eurecat, Eugenia Fuenmayor. En la pasada edici\u00f3n, ha a\u00f1adido, \u201cel gran protagonismo fue del 5G; este a\u00f1o, todav\u00eda hay mucho sobre tecnolog\u00eda del 5G, sobre redes y sobre servicios, pero m\u00e1s que eso, son aplicaciones cuya base es el 5G\u201d.<\/p>\n<p>\u201cAhora estamos en pleno auge del metaverso, que es lo que m\u00e1s ha llamado la atenci\u00f3n, y de hecho ha sido dif\u00edcil entrar en las demos, porque hab\u00eda cola de gente esperando en el congreso, donde otro punto de inter\u00e9s, adem\u00e1s del metaverso, han sido los robots\u201d, remarca la directora cient\u00edfica del \u00c1rea Digital de Eurecat.<\/p>\n<p>De acuerdo con el director de Marketing de Eurecat, Carles Fradera, el MWC \u201cha evolucionado de una feria de tecnolog\u00eda a una feria de la aplicaci\u00f3n de las tecnolog\u00edas de la movilidad para un consumidor que vive y act\u00faa de forma diferente\u201d. En este sentido, \u201cla evoluci\u00f3n para que las comunicaciones puedan ser masivas, concurrentes y con m\u00ednimas latencias permite un salto muy relevante en el tipo de aplicaciones\u201d, ha se\u00f1alado.<\/p>\n<p>Los operadores \u201crequieren alianzas para hacer m\u00e1s atractiva su oferta y conseguir ingresos adicionales y fidelizaci\u00f3n\u201d y esto \u201cconstituye una oportunidad \u00fanica para las empresas de nicho\u201d, ha expuesto.<\/p>\n<p>Para la responsable de la innovaci\u00f3n con el ecosistema start-up del centro tecnol\u00f3gico Eurecat, Gemma Batlle, este MWC ha sido realmente \u201cel de la recuperaci\u00f3n despu\u00e9s de la Covid-19, un evento con muchos visitantes y con la participaci\u00f3n de muchas empresas catalanas con innovaciones que se hacen desde aqu\u00ed\u201d, donde ha quedado patente el papel de los hubs que se han implantado recientemente en Catalu\u00f1a, hecho que \u201catrae el ecosistema innovador en m\u00faltiples \u00e1mbitos, estableci\u00e9ndose alianzas entre hubs y start-ups\u201d.<\/p>\n<\/div><\/div><\/div><\/div><\/div>\n","protected":false},"excerpt":{"rendered":"","protected":false},"author":12,"featured_media":131983,"comment_status":"open","ping_status":"closed","sticky":false,"template":"","format":"standard","meta":{"footnotes":""},"categories":[682,727,134],"tags":[],"class_list":["post-131980","post","type-post","status-publish","format-standard","has-post-thumbnail","hentry","category-corporatiu-es","category-ferias","category-notas-de-prensa"],"yoast_head":"<!-- This site is optimized with the Yoast SEO plugin v27.4 - https:\/\/yoast.com\/product\/yoast-seo-wordpress\/ -->\n<title>El Mobile World Congress vuelve a ser referente y refuerza el impulso del ecosistema catal\u00e1n de las start-ups - Eurecat<\/title>\n<meta name=\"robots\" content=\"index, follow, max-snippet:-1, max-image-preview:large, max-video-preview:-1\" \/>\n<link rel=\"canonical\" href=\"https:\/\/eurecat.org\/es\/el-mobile-world-congress-vuelve-a-ser-referente-y-refuerza-el-impulso-del-ecosistema-catalan-de-las-start-ups\/\" \/>\n<meta property=\"og:locale\" content=\"es_ES\" \/>\n<meta property=\"og:type\" content=\"article\" \/>\n<meta property=\"og:title\" content=\"El Mobile World Congress vuelve a ser referente y refuerza el impulso del ecosistema catal\u00e1n de las start-ups - Eurecat\" \/>\n<meta property=\"og:url\" content=\"https:\/\/eurecat.org\/es\/el-mobile-world-congress-vuelve-a-ser-referente-y-refuerza-el-impulso-del-ecosistema-catalan-de-las-start-ups\/\" \/>\n<meta property=\"og:site_name\" content=\"Eurecat\" \/>\n<meta property=\"article:published_time\" content=\"2023-03-03T11:18:11+00:00\" \/>\n<meta property=\"article:modified_time\" content=\"2023-03-03T11:19:58+00:00\" \/>\n<meta property=\"og:image\" content=\"https:\/\/eurecat.org\/wp-content\/uploads\/2023\/03\/MWC_Eurecat_800px.jpg\" \/>\n\t<meta property=\"og:image:width\" content=\"800\" \/>\n\t<meta property=\"og:image:height\" content=\"533\" \/>\n\t<meta property=\"og:image:type\" content=\"image\/jpeg\" \/>\n<meta name=\"author\" content=\"EurecatEG\" \/>\n<meta name=\"twitter:card\" content=\"summary_large_image\" \/>\n<meta name=\"twitter:label1\" content=\"Escrito por\" \/>\n\t<meta name=\"twitter:data1\" content=\"EurecatEG\" \/>\n\t<meta name=\"twitter:label2\" content=\"Tiempo de lectura\" \/>\n\t<meta name=\"twitter:data2\" content=\"4 minutos\" \/>\n<script type=\"application\/ld+json\" class=\"yoast-schema-graph\">{\"@context\":\"https:\\\/\\\/schema.org\",\"@graph\":[{\"@type\":\"Article\",\"@id\":\"https:\\\/\\\/eurecat.org\\\/es\\\/el-mobile-world-congress-vuelve-a-ser-referente-y-refuerza-el-impulso-del-ecosistema-catalan-de-las-start-ups\\\/#article\",\"isPartOf\":{\"@id\":\"https:\\\/\\\/eurecat.org\\\/es\\\/el-mobile-world-congress-vuelve-a-ser-referente-y-refuerza-el-impulso-del-ecosistema-catalan-de-las-start-ups\\\/\"},\"author\":{\"name\":\"EurecatEG\",\"@id\":\"https:\\\/\\\/eurecat.org\\\/es\\\/#\\\/schema\\\/person\\\/def9217eded50ee57a9dc4cf0c883f80\"},\"headline\":\"El Mobile World Congress vuelve a ser referente y refuerza el impulso del ecosistema catal\u00e1n de las start-ups\",\"datePublished\":\"2023-03-03T11:18:11+00:00\",\"dateModified\":\"2023-03-03T11:19:58+00:00\",\"mainEntityOfPage\":{\"@id\":\"https:\\\/\\\/eurecat.org\\\/es\\\/el-mobile-world-congress-vuelve-a-ser-referente-y-refuerza-el-impulso-del-ecosistema-catalan-de-las-start-ups\\\/\"},\"wordCount\":901,\"commentCount\":0,\"image\":{\"@id\":\"https:\\\/\\\/eurecat.org\\\/es\\\/el-mobile-world-congress-vuelve-a-ser-referente-y-refuerza-el-impulso-del-ecosistema-catalan-de-las-start-ups\\\/#primaryimage\"},\"thumbnailUrl\":\"https:\\\/\\\/eurecat.org\\\/wp-content\\\/uploads\\\/2023\\\/03\\\/MWC_Eurecat_800px.jpg\",\"articleSection\":[\"Corporativo\",\"Ferias\",\"Notas de prensa\"],\"inLanguage\":\"es\",\"potentialAction\":[{\"@type\":\"CommentAction\",\"name\":\"Comment\",\"target\":[\"https:\\\/\\\/eurecat.org\\\/es\\\/el-mobile-world-congress-vuelve-a-ser-referente-y-refuerza-el-impulso-del-ecosistema-catalan-de-las-start-ups\\\/#respond\"]}]},{\"@type\":\"WebPage\",\"@id\":\"https:\\\/\\\/eurecat.org\\\/es\\\/el-mobile-world-congress-vuelve-a-ser-referente-y-refuerza-el-impulso-del-ecosistema-catalan-de-las-start-ups\\\/\",\"url\":\"https:\\\/\\\/eurecat.org\\\/es\\\/el-mobile-world-congress-vuelve-a-ser-referente-y-refuerza-el-impulso-del-ecosistema-catalan-de-las-start-ups\\\/\",\"name\":\"El Mobile World Congress vuelve a ser referente y refuerza el impulso del ecosistema catal\u00e1n de las start-ups - Eurecat\",\"isPartOf\":{\"@id\":\"https:\\\/\\\/eurecat.org\\\/es\\\/#website\"},\"primaryImageOfPage\":{\"@id\":\"https:\\\/\\\/eurecat.org\\\/es\\\/el-mobile-world-congress-vuelve-a-ser-referente-y-refuerza-el-impulso-del-ecosistema-catalan-de-las-start-ups\\\/#primaryimage\"},\"image\":{\"@id\":\"https:\\\/\\\/eurecat.org\\\/es\\\/el-mobile-world-congress-vuelve-a-ser-referente-y-refuerza-el-impulso-del-ecosistema-catalan-de-las-start-ups\\\/#primaryimage\"},\"thumbnailUrl\":\"https:\\\/\\\/eurecat.org\\\/wp-content\\\/uploads\\\/2023\\\/03\\\/MWC_Eurecat_800px.jpg\",\"datePublished\":\"2023-03-03T11:18:11+00:00\",\"dateModified\":\"2023-03-03T11:19:58+00:00\",\"author\":{\"@id\":\"https:\\\/\\\/eurecat.org\\\/es\\\/#\\\/schema\\\/person\\\/def9217eded50ee57a9dc4cf0c883f80\"},\"breadcrumb\":{\"@id\":\"https:\\\/\\\/eurecat.org\\\/es\\\/el-mobile-world-congress-vuelve-a-ser-referente-y-refuerza-el-impulso-del-ecosistema-catalan-de-las-start-ups\\\/#breadcrumb\"},\"inLanguage\":\"es\",\"potentialAction\":[{\"@type\":\"ReadAction\",\"target\":[\"https:\\\/\\\/eurecat.org\\\/es\\\/el-mobile-world-congress-vuelve-a-ser-referente-y-refuerza-el-impulso-del-ecosistema-catalan-de-las-start-ups\\\/\"]}]},{\"@type\":\"ImageObject\",\"inLanguage\":\"es\",\"@id\":\"https:\\\/\\\/eurecat.org\\\/es\\\/el-mobile-world-congress-vuelve-a-ser-referente-y-refuerza-el-impulso-del-ecosistema-catalan-de-las-start-ups\\\/#primaryimage\",\"url\":\"https:\\\/\\\/eurecat.org\\\/wp-content\\\/uploads\\\/2023\\\/03\\\/MWC_Eurecat_800px.jpg\",\"contentUrl\":\"https:\\\/\\\/eurecat.org\\\/wp-content\\\/uploads\\\/2023\\\/03\\\/MWC_Eurecat_800px.jpg\",\"width\":800,\"height\":533},{\"@type\":\"BreadcrumbList\",\"@id\":\"https:\\\/\\\/eurecat.org\\\/es\\\/el-mobile-world-congress-vuelve-a-ser-referente-y-refuerza-el-impulso-del-ecosistema-catalan-de-las-start-ups\\\/#breadcrumb\",\"itemListElement\":[{\"@type\":\"ListItem\",\"position\":1,\"name\":\"Inici\",\"item\":\"https:\\\/\\\/eurecat.org\\\/es\\\/\"},{\"@type\":\"ListItem\",\"position\":2,\"name\":\"El Mobile World Congress vuelve a ser referente y refuerza el impulso del ecosistema catal\u00e1n de las start-ups\"}]},{\"@type\":\"WebSite\",\"@id\":\"https:\\\/\\\/eurecat.org\\\/es\\\/#website\",\"url\":\"https:\\\/\\\/eurecat.org\\\/es\\\/\",\"name\":\"Eurecat\",\"description\":\"Otro sitio realizado con WordPress\",\"potentialAction\":[{\"@type\":\"SearchAction\",\"target\":{\"@type\":\"EntryPoint\",\"urlTemplate\":\"https:\\\/\\\/eurecat.org\\\/es\\\/?s={search_term_string}\"},\"query-input\":{\"@type\":\"PropertyValueSpecification\",\"valueRequired\":true,\"valueName\":\"search_term_string\"}}],\"inLanguage\":\"es\"},{\"@type\":\"Person\",\"@id\":\"https:\\\/\\\/eurecat.org\\\/es\\\/#\\\/schema\\\/person\\\/def9217eded50ee57a9dc4cf0c883f80\",\"name\":\"EurecatEG\",\"image\":{\"@type\":\"ImageObject\",\"inLanguage\":\"es\",\"@id\":\"https:\\\/\\\/secure.gravatar.com\\\/avatar\\\/f40dd9b6ecd3e5c591f3c9b033e495ee0ec9877ba77249fbf268b3889350c824?s=96&d=mm&r=g\",\"url\":\"https:\\\/\\\/secure.gravatar.com\\\/avatar\\\/f40dd9b6ecd3e5c591f3c9b033e495ee0ec9877ba77249fbf268b3889350c824?s=96&d=mm&r=g\",\"contentUrl\":\"https:\\\/\\\/secure.gravatar.com\\\/avatar\\\/f40dd9b6ecd3e5c591f3c9b033e495ee0ec9877ba77249fbf268b3889350c824?s=96&d=mm&r=g\",\"caption\":\"EurecatEG\"}}]}<\/script>\n<!-- \/ Yoast SEO plugin. -->","yoast_head_json":{"title":"El Mobile World Congress vuelve a ser referente y refuerza el impulso del ecosistema catal\u00e1n de las start-ups - Eurecat","robots":{"index":"index","follow":"follow","max-snippet":"max-snippet:-1","max-image-preview":"max-image-preview:large","max-video-preview":"max-video-preview:-1"},"canonical":"https:\/\/eurecat.org\/es\/el-mobile-world-congress-vuelve-a-ser-referente-y-refuerza-el-impulso-del-ecosistema-catalan-de-las-start-ups\/","og_locale":"es_ES","og_type":"article","og_title":"El Mobile World Congress vuelve a ser referente y refuerza el impulso del ecosistema catal\u00e1n de las start-ups - Eurecat","og_url":"https:\/\/eurecat.org\/es\/el-mobile-world-congress-vuelve-a-ser-referente-y-refuerza-el-impulso-del-ecosistema-catalan-de-las-start-ups\/","og_site_name":"Eurecat","article_published_time":"2023-03-03T11:18:11+00:00","article_modified_time":"2023-03-03T11:19:58+00:00","og_image":[{"width":800,"height":533,"url":"https:\/\/eurecat.org\/wp-content\/uploads\/2023\/03\/MWC_Eurecat_800px.jpg","type":"image\/jpeg"}],"author":"EurecatEG","twitter_card":"summary_large_image","twitter_misc":{"Escrito por":"EurecatEG","Tiempo de lectura":"4 minutos"},"schema":{"@context":"https:\/\/schema.org","@graph":[{"@type":"Article","@id":"https:\/\/eurecat.org\/es\/el-mobile-world-congress-vuelve-a-ser-referente-y-refuerza-el-impulso-del-ecosistema-catalan-de-las-start-ups\/#article","isPartOf":{"@id":"https:\/\/eurecat.org\/es\/el-mobile-world-congress-vuelve-a-ser-referente-y-refuerza-el-impulso-del-ecosistema-catalan-de-las-start-ups\/"},"author":{"name":"EurecatEG","@id":"https:\/\/eurecat.org\/es\/#\/schema\/person\/def9217eded50ee57a9dc4cf0c883f80"},"headline":"El Mobile World Congress vuelve a ser referente y refuerza el impulso del ecosistema catal\u00e1n de las start-ups","datePublished":"2023-03-03T11:18:11+00:00","dateModified":"2023-03-03T11:19:58+00:00","mainEntityOfPage":{"@id":"https:\/\/eurecat.org\/es\/el-mobile-world-congress-vuelve-a-ser-referente-y-refuerza-el-impulso-del-ecosistema-catalan-de-las-start-ups\/"},"wordCount":901,"commentCount":0,"image":{"@id":"https:\/\/eurecat.org\/es\/el-mobile-world-congress-vuelve-a-ser-referente-y-refuerza-el-impulso-del-ecosistema-catalan-de-las-start-ups\/#primaryimage"},"thumbnailUrl":"https:\/\/eurecat.org\/wp-content\/uploads\/2023\/03\/MWC_Eurecat_800px.jpg","articleSection":["Corporativo","Ferias","Notas de prensa"],"inLanguage":"es","potentialAction":[{"@type":"CommentAction","name":"Comment","target":["https:\/\/eurecat.org\/es\/el-mobile-world-congress-vuelve-a-ser-referente-y-refuerza-el-impulso-del-ecosistema-catalan-de-las-start-ups\/#respond"]}]},{"@type":"WebPage","@id":"https:\/\/eurecat.org\/es\/el-mobile-world-congress-vuelve-a-ser-referente-y-refuerza-el-impulso-del-ecosistema-catalan-de-las-start-ups\/","url":"https:\/\/eurecat.org\/es\/el-mobile-world-congress-vuelve-a-ser-referente-y-refuerza-el-impulso-del-ecosistema-catalan-de-las-start-ups\/","name":"El Mobile World Congress vuelve a ser referente y refuerza el impulso del ecosistema catal\u00e1n de las start-ups - Eurecat","isPartOf":{"@id":"https:\/\/eurecat.org\/es\/#website"},"primaryImageOfPage":{"@id":"https:\/\/eurecat.org\/es\/el-mobile-world-congress-vuelve-a-ser-referente-y-refuerza-el-impulso-del-ecosistema-catalan-de-las-start-ups\/#primaryimage"},"image":{"@id":"https:\/\/eurecat.org\/es\/el-mobile-world-congress-vuelve-a-ser-referente-y-refuerza-el-impulso-del-ecosistema-catalan-de-las-start-ups\/#primaryimage"},"thumbnailUrl":"https:\/\/eurecat.org\/wp-content\/uploads\/2023\/03\/MWC_Eurecat_800px.jpg","datePublished":"2023-03-03T11:18:11+00:00","dateModified":"2023-03-03T11:19:58+00:00","author":{"@id":"https:\/\/eurecat.org\/es\/#\/schema\/person\/def9217eded50ee57a9dc4cf0c883f80"},"breadcrumb":{"@id":"https:\/\/eurecat.org\/es\/el-mobile-world-congress-vuelve-a-ser-referente-y-refuerza-el-impulso-del-ecosistema-catalan-de-las-start-ups\/#breadcrumb"},"inLanguage":"es","potentialAction":[{"@type":"ReadAction","target":["https:\/\/eurecat.org\/es\/el-mobile-world-congress-vuelve-a-ser-referente-y-refuerza-el-impulso-del-ecosistema-catalan-de-las-start-ups\/"]}]},{"@type":"ImageObject","inLanguage":"es","@id":"https:\/\/eurecat.org\/es\/el-mobile-world-congress-vuelve-a-ser-referente-y-refuerza-el-impulso-del-ecosistema-catalan-de-las-start-ups\/#primaryimage","url":"https:\/\/eurecat.org\/wp-content\/uploads\/2023\/03\/MWC_Eurecat_800px.jpg","contentUrl":"https:\/\/eurecat.org\/wp-content\/uploads\/2023\/03\/MWC_Eurecat_800px.jpg","width":800,"height":533},{"@type":"BreadcrumbList","@id":"https:\/\/eurecat.org\/es\/el-mobile-world-congress-vuelve-a-ser-referente-y-refuerza-el-impulso-del-ecosistema-catalan-de-las-start-ups\/#breadcrumb","itemListElement":[{"@type":"ListItem","position":1,"name":"Inici","item":"https:\/\/eurecat.org\/es\/"},{"@type":"ListItem","position":2,"name":"El Mobile World Congress vuelve a ser referente y refuerza el impulso del ecosistema catal\u00e1n de las start-ups"}]},{"@type":"WebSite","@id":"https:\/\/eurecat.org\/es\/#website","url":"https:\/\/eurecat.org\/es\/","name":"Eurecat","description":"Otro sitio realizado con WordPress","potentialAction":[{"@type":"SearchAction","target":{"@type":"EntryPoint","urlTemplate":"https:\/\/eurecat.org\/es\/?s={search_term_string}"},"query-input":{"@type":"PropertyValueSpecification","valueRequired":true,"valueName":"search_term_string"}}],"inLanguage":"es"},{"@type":"Person","@id":"https:\/\/eurecat.org\/es\/#\/schema\/person\/def9217eded50ee57a9dc4cf0c883f80","name":"EurecatEG","image":{"@type":"ImageObject","inLanguage":"es","@id":"https:\/\/secure.gravatar.com\/avatar\/f40dd9b6ecd3e5c591f3c9b033e495ee0ec9877ba77249fbf268b3889350c824?s=96&d=mm&r=g","url":"https:\/\/secure.gravatar.com\/avatar\/f40dd9b6ecd3e5c591f3c9b033e495ee0ec9877ba77249fbf268b3889350c824?s=96&d=mm&r=g","contentUrl":"https:\/\/secure.gravatar.com\/avatar\/f40dd9b6ecd3e5c591f3c9b033e495ee0ec9877ba77249fbf268b3889350c824?s=96&d=mm&r=g","caption":"EurecatEG"}}]}},"_links":{"self":[{"href":"https:\/\/eurecat.org\/es\/wp-json\/wp\/v2\/posts\/131980","targetHints":{"allow":["GET"]}}],"collection":[{"href":"https:\/\/eurecat.org\/es\/wp-json\/wp\/v2\/posts"}],"about":[{"href":"https:\/\/eurecat.org\/es\/wp-json\/wp\/v2\/types\/post"}],"author":[{"embeddable":true,"href":"https:\/\/eurecat.org\/es\/wp-json\/wp\/v2\/users\/12"}],"replies":[{"embeddable":true,"href":"https:\/\/eurecat.org\/es\/wp-json\/wp\/v2\/comments?post=131980"}],"version-history":[{"count":1,"href":"https:\/\/eurecat.org\/es\/wp-json\/wp\/v2\/posts\/131980\/revisions"}],"predecessor-version":[{"id":131986,"href":"https:\/\/eurecat.org\/es\/wp-json\/wp\/v2\/posts\/131980\/revisions\/131986"}],"wp:featuredmedia":[{"embeddable":true,"href":"https:\/\/eurecat.org\/es\/wp-json\/wp\/v2\/media\/131983"}],"wp:attachment":[{"href":"https:\/\/eurecat.org\/es\/wp-json\/wp\/v2\/media?parent=131980"}],"wp:term":[{"taxonomy":"category","embeddable":true,"href":"https:\/\/eurecat.org\/es\/wp-json\/wp\/v2\/categories?post=131980"},{"taxonomy":"post_tag","embeddable":true,"href":"https:\/\/eurecat.org\/es\/wp-json\/wp\/v2\/tags?post=131980"}],"curies":[{"name":"wp","href":"https:\/\/api.w.org\/{rel}","templated":true}]}}