{"id":132043,"date":"2023-03-06T13:10:29","date_gmt":"2023-03-06T12:10:29","guid":{"rendered":"https:\/\/eurecat.org\/?p=132043"},"modified":"2023-03-09T09:05:00","modified_gmt":"2023-03-09T08:05:00","slug":"editorial_la-innovacion-marca-la-diferencia","status":"publish","type":"post","link":"https:\/\/eurecat.org\/es\/editorial_la-innovacion-marca-la-diferencia\/","title":{"rendered":"La innovaci\u00f3n marca la diferencia"},"content":{"rendered":"<p><strong><img decoding=\"async\" class=\"wp-image-132048 size-medium alignleft\" src=\"https:\/\/eurecat.org\/wp-content\/uploads\/2023\/03\/2019FORUMTURISTIC378_retall-300x252.jpg\" alt=\"Xavier Torra\" width=\"300\" height=\"252\" srcset=\"https:\/\/eurecat.org\/wp-content\/uploads\/2023\/03\/2019FORUMTURISTIC378_retall-200x168.jpg 200w, https:\/\/eurecat.org\/wp-content\/uploads\/2023\/03\/2019FORUMTURISTIC378_retall-300x252.jpg 300w, https:\/\/eurecat.org\/wp-content\/uploads\/2023\/03\/2019FORUMTURISTIC378_retall-400x336.jpg 400w, https:\/\/eurecat.org\/wp-content\/uploads\/2023\/03\/2019FORUMTURISTIC378_retall-600x504.jpg 600w, https:\/\/eurecat.org\/wp-content\/uploads\/2023\/03\/2019FORUMTURISTIC378_retall-768x645.jpg 768w, https:\/\/eurecat.org\/wp-content\/uploads\/2023\/03\/2019FORUMTURISTIC378_retall-800x672.jpg 800w, https:\/\/eurecat.org\/wp-content\/uploads\/2023\/03\/2019FORUMTURISTIC378_retall-1160x974.jpg 1160w, https:\/\/eurecat.org\/wp-content\/uploads\/2023\/03\/2019FORUMTURISTIC378_retall-1200x1007.jpg 1200w, https:\/\/eurecat.org\/wp-content\/uploads\/2023\/03\/2019FORUMTURISTIC378_retall-1536x1290.jpg 1536w, https:\/\/eurecat.org\/wp-content\/uploads\/2023\/03\/2019FORUMTURISTIC378_retall.jpg 1577w\" sizes=\"(max-width: 300px) 100vw, 300px\" \/><\/strong><\/p>\n<p><strong>\u00bfQu\u00e9 impacto tiene la innovaci\u00f3n en una empresa?<\/strong> Es una cuesti\u00f3n que nos planteamos continuamente en Eurecat y en la que vemos que <strong>la tecnolog\u00eda es fundamental para impulsar la generaci\u00f3n de nuevos productos y servicios m\u00e1s atractivos y sostenibles y procesos de producci\u00f3n m\u00e1s eficientes y circulares<\/strong>. Un ejemplo muy claro en este sentido es la aceleraci\u00f3n de la transformaci\u00f3n digital, con Mobile World Congress como gran exponente de los cambios efervescentes que se est\u00e1n produciendo en este terreno.<\/p>\n<p>La fluidez con la que est\u00e1n circulando y evolucionando las tecnolog\u00edas marca una pauta de oportunidad muy grande, en un escenario donde la inteligencia artificial ha dado pasos de gigante a la hora de resolver necesidades, tanto desde el punto de vista empresarial como social.<\/p>\n<p>En el campo de la <strong>Inteligencia Artificial Generativa<\/strong>, en 2023 ha comenzado con un gran impacto con la aparici\u00f3n de ChatGPT, que ofrece unas perspectivas enormes, a pesar de las limitaciones que presenta y la clara necesidad de trabajar para evitar errores y sesgos.<\/p>\n<p>La esfera digital nos invita tambi\u00e9n a estar muy atentos al concepto del <strong>metaverso<\/strong>, as\u00ed como a la ampliaci\u00f3n del abanico de aplicaciones de las tecnolog\u00edas inmersivas y a los nuevos horizontes que se visualizan para tecnolog\u00edas como los gemelos digitales, una herramienta con un potencial muy interesante para minimizar el riesgo de errores en las etapas de dise\u00f1o y construcci\u00f3n de nuevos productos.<\/p>\n<p>Desde este \u00e1ngulo, por parte de Eurecat hemos estado presentes en el Mobile World Congress con m\u00faltiples tecnolog\u00edas que se han traducido en <strong>soluciones enfocadas al cuidado de la salud<\/strong>, como un robot de asistencia socialmente inteligente para ayudar a las personas mayores mitigando la soledad en casa, un proyecto de hospital de vanguardia que combina inteligencia artificial y rob\u00f3tica aut\u00f3noma y un blister inteligente que registra si se produce la ingesta de pastillas y que env\u00eda alertas en caso de incumplimiento de la pauta, entre otras innovaciones de alto valor.<\/p>\n<p>Adem\u00e1s de estos avances, en este newsletter le explicamos los detalles de la configuraci\u00f3n de una cocina inteligente que ofrece nuevas funcionalidades a los usuarios dentro del concepto de <strong>hogar conectado<\/strong> y le detallamos el desarrollo de una <strong>impresora de fabricaci\u00f3n aditiva espec\u00edfica para en el sector biom\u00e9dico<\/strong>, as\u00ed como la creaci\u00f3n de una de las primeras aplicaciones de uso de modelos del estado del arte de <strong>estimaci\u00f3n de profundidad con Inteligencia Artificial<\/strong>.<\/p>\n<p>En el plano de la sostenibilidad, le acercamos el <strong>proyecto europeo iWAYS<\/strong>, que estudia nuevas tecnolog\u00edas de recuperaci\u00f3n de agua y calor y sistemas de datos basados en los est\u00e1ndares del Internet Industrial de las Cosas y le compartimos la descripci\u00f3n del ensayo de nuevos tratamientos para mejorar la calidad del agua potable.<\/p>\n<p>En el apartado de reportaje, tiene un audiovisual que muestra c\u00f3mo <strong>SEAT S.A y Eurecat han colaborado en el desarrollo del proyecto pionero Drones in the factory of the future<\/strong>, que explora las oportunidades y ventajas de la navegaci\u00f3n aut\u00f3noma vertical con drones en interior de la planta para trasladar piezas ligeras de una forma m\u00e1s r\u00e1pida, sostenible y eficiente.<\/p>\n<p>El espacio de reflexi\u00f3n de este mes se centra en las <strong>tendencias tecnol\u00f3gicas digitales<\/strong>, a partir de la visi\u00f3n de nuestra directora cient\u00edfica en esta \u00e1rea, <strong>Eugenia Fuenmayor<\/strong>, coincidiendo con el Mobile World Congress. Esperamos que encuentre interesantes todos los contenidos que le hemos preparado y le animamos a compartirlos.<\/p>\n<p><strong>Xavier Torra<br \/>\n<\/strong><strong>Presidente de Eurecat<\/strong><\/p>\n","protected":false},"excerpt":{"rendered":"<p>\u00bfQu\u00e9 impacto tiene la innovaci\u00f3n en una empresa? Es una cuesti\u00f3n que nos planteamos continuamente en Eurecat y en la que vemos que la tecnolog\u00eda es fundamental para impulsar la generaci\u00f3n de nuevos productos y servicios m\u00e1s atractivos y sostenibles y procesos de producci\u00f3n m\u00e1s eficientes y circulares. Un ejemplo muy claro en este sentido  [&#8230;]<\/p>\n","protected":false},"author":20,"featured_media":132048,"comment_status":"closed","ping_status":"closed","sticky":false,"template":"","format":"standard","meta":{"footnotes":""},"categories":[133,2217],"tags":[],"class_list":["post-132043","post","type-post","status-publish","format-standard","has-post-thumbnail","hentry","category-blog","category-editorial"],"yoast_head":"<!-- This site is optimized with the Yoast SEO plugin v27.5 - https:\/\/yoast.com\/product\/yoast-seo-wordpress\/ -->\n<title>La innovaci\u00f3n marca la diferencia - Eurecat<\/title>\n<meta name=\"description\" content=\"\u00bfQu\u00e9 impacto tiene la innovaci\u00f3n en una empresa? Es una cuesti\u00f3n que nos planteamos continuamente en Eurecat y en la que vemos que la tecnolog\u00eda es fundamental\" \/>\n<meta name=\"robots\" content=\"index, follow, max-snippet:-1, max-image-preview:large, max-video-preview:-1\" \/>\n<link rel=\"canonical\" href=\"https:\/\/eurecat.org\/es\/editorial_la-innovacion-marca-la-diferencia\/\" \/>\n<meta property=\"og:locale\" content=\"es_ES\" \/>\n<meta property=\"og:type\" content=\"article\" \/>\n<meta property=\"og:title\" content=\"La innovaci\u00f3n marca la diferencia - Eurecat\" \/>\n<meta property=\"og:description\" content=\"\u00bfQu\u00e9 impacto tiene la innovaci\u00f3n en una empresa? Es una cuesti\u00f3n que nos planteamos continuamente en Eurecat y en la que vemos que la tecnolog\u00eda es fundamental\" \/>\n<meta property=\"og:url\" content=\"https:\/\/eurecat.org\/es\/editorial_la-innovacion-marca-la-diferencia\/\" \/>\n<meta property=\"og:site_name\" content=\"Eurecat\" \/>\n<meta property=\"article:published_time\" content=\"2023-03-06T12:10:29+00:00\" \/>\n<meta property=\"article:modified_time\" content=\"2023-03-09T08:05:00+00:00\" \/>\n<meta property=\"og:image\" content=\"https:\/\/eurecat.org\/wp-content\/uploads\/2023\/03\/2019FORUMTURISTIC378_retall.jpg\" \/>\n\t<meta property=\"og:image:width\" content=\"1577\" \/>\n\t<meta property=\"og:image:height\" content=\"1324\" \/>\n\t<meta property=\"og:image:type\" content=\"image\/jpeg\" \/>\n<meta name=\"author\" content=\"EurecatEQZ\" \/>\n<meta name=\"twitter:card\" content=\"summary_large_image\" \/>\n<meta name=\"twitter:label1\" content=\"Escrito por\" \/>\n\t<meta name=\"twitter:data1\" content=\"EurecatEQZ\" \/>\n\t<meta name=\"twitter:label2\" content=\"Tiempo de lectura\" \/>\n\t<meta name=\"twitter:data2\" content=\"4 minutos\" \/>\n<script type=\"application\/ld+json\" class=\"yoast-schema-graph\">{\"@context\":\"https:\\\/\\\/schema.org\",\"@graph\":[{\"@type\":\"Article\",\"@id\":\"https:\\\/\\\/eurecat.org\\\/es\\\/editorial_la-innovacion-marca-la-diferencia\\\/#article\",\"isPartOf\":{\"@id\":\"https:\\\/\\\/eurecat.org\\\/es\\\/editorial_la-innovacion-marca-la-diferencia\\\/\"},\"author\":{\"name\":\"EurecatEQZ\",\"@id\":\"https:\\\/\\\/eurecat.org\\\/es\\\/#\\\/schema\\\/person\\\/99d4d39712001e7621b6867b27b40bed\"},\"headline\":\"La innovaci\u00f3n marca la diferencia\",\"datePublished\":\"2023-03-06T12:10:29+00:00\",\"dateModified\":\"2023-03-09T08:05:00+00:00\",\"mainEntityOfPage\":{\"@id\":\"https:\\\/\\\/eurecat.org\\\/es\\\/editorial_la-innovacion-marca-la-diferencia\\\/\"},\"wordCount\":615,\"image\":{\"@id\":\"https:\\\/\\\/eurecat.org\\\/es\\\/editorial_la-innovacion-marca-la-diferencia\\\/#primaryimage\"},\"thumbnailUrl\":\"https:\\\/\\\/eurecat.org\\\/wp-content\\\/uploads\\\/2023\\\/03\\\/2019FORUMTURISTIC378_retall.jpg\",\"articleSection\":[\"Blog\",\"Editorial\"],\"inLanguage\":\"es\"},{\"@type\":\"WebPage\",\"@id\":\"https:\\\/\\\/eurecat.org\\\/es\\\/editorial_la-innovacion-marca-la-diferencia\\\/\",\"url\":\"https:\\\/\\\/eurecat.org\\\/es\\\/editorial_la-innovacion-marca-la-diferencia\\\/\",\"name\":\"La innovaci\u00f3n marca la diferencia - Eurecat\",\"isPartOf\":{\"@id\":\"https:\\\/\\\/eurecat.org\\\/es\\\/#website\"},\"primaryImageOfPage\":{\"@id\":\"https:\\\/\\\/eurecat.org\\\/es\\\/editorial_la-innovacion-marca-la-diferencia\\\/#primaryimage\"},\"image\":{\"@id\":\"https:\\\/\\\/eurecat.org\\\/es\\\/editorial_la-innovacion-marca-la-diferencia\\\/#primaryimage\"},\"thumbnailUrl\":\"https:\\\/\\\/eurecat.org\\\/wp-content\\\/uploads\\\/2023\\\/03\\\/2019FORUMTURISTIC378_retall.jpg\",\"datePublished\":\"2023-03-06T12:10:29+00:00\",\"dateModified\":\"2023-03-09T08:05:00+00:00\",\"author\":{\"@id\":\"https:\\\/\\\/eurecat.org\\\/es\\\/#\\\/schema\\\/person\\\/99d4d39712001e7621b6867b27b40bed\"},\"description\":\"\u00bfQu\u00e9 impacto tiene la innovaci\u00f3n en una empresa? Es una cuesti\u00f3n que nos planteamos continuamente en Eurecat y en la que vemos que la tecnolog\u00eda es fundamental\",\"breadcrumb\":{\"@id\":\"https:\\\/\\\/eurecat.org\\\/es\\\/editorial_la-innovacion-marca-la-diferencia\\\/#breadcrumb\"},\"inLanguage\":\"es\",\"potentialAction\":[{\"@type\":\"ReadAction\",\"target\":[\"https:\\\/\\\/eurecat.org\\\/es\\\/editorial_la-innovacion-marca-la-diferencia\\\/\"]}]},{\"@type\":\"ImageObject\",\"inLanguage\":\"es\",\"@id\":\"https:\\\/\\\/eurecat.org\\\/es\\\/editorial_la-innovacion-marca-la-diferencia\\\/#primaryimage\",\"url\":\"https:\\\/\\\/eurecat.org\\\/wp-content\\\/uploads\\\/2023\\\/03\\\/2019FORUMTURISTIC378_retall.jpg\",\"contentUrl\":\"https:\\\/\\\/eurecat.org\\\/wp-content\\\/uploads\\\/2023\\\/03\\\/2019FORUMTURISTIC378_retall.jpg\",\"width\":1577,\"height\":1324,\"caption\":\"Xavier Torra\"},{\"@type\":\"BreadcrumbList\",\"@id\":\"https:\\\/\\\/eurecat.org\\\/es\\\/editorial_la-innovacion-marca-la-diferencia\\\/#breadcrumb\",\"itemListElement\":[{\"@type\":\"ListItem\",\"position\":1,\"name\":\"Inici\",\"item\":\"https:\\\/\\\/eurecat.org\\\/es\\\/\"},{\"@type\":\"ListItem\",\"position\":2,\"name\":\"La innovaci\u00f3n marca la diferencia\"}]},{\"@type\":\"WebSite\",\"@id\":\"https:\\\/\\\/eurecat.org\\\/es\\\/#website\",\"url\":\"https:\\\/\\\/eurecat.org\\\/es\\\/\",\"name\":\"Eurecat\",\"description\":\"Otro sitio realizado con WordPress\",\"potentialAction\":[{\"@type\":\"SearchAction\",\"target\":{\"@type\":\"EntryPoint\",\"urlTemplate\":\"https:\\\/\\\/eurecat.org\\\/es\\\/?s={search_term_string}\"},\"query-input\":{\"@type\":\"PropertyValueSpecification\",\"valueRequired\":true,\"valueName\":\"search_term_string\"}}],\"inLanguage\":\"es\"},{\"@type\":\"Person\",\"@id\":\"https:\\\/\\\/eurecat.org\\\/es\\\/#\\\/schema\\\/person\\\/99d4d39712001e7621b6867b27b40bed\",\"name\":\"EurecatEQZ\",\"image\":{\"@type\":\"ImageObject\",\"inLanguage\":\"es\",\"@id\":\"https:\\\/\\\/secure.gravatar.com\\\/avatar\\\/6deb26ca61bcc34263c59cc62bb8b08ff90b67af7f99943babf5d86396845993?s=96&d=mm&r=g\",\"url\":\"https:\\\/\\\/secure.gravatar.com\\\/avatar\\\/6deb26ca61bcc34263c59cc62bb8b08ff90b67af7f99943babf5d86396845993?s=96&d=mm&r=g\",\"contentUrl\":\"https:\\\/\\\/secure.gravatar.com\\\/avatar\\\/6deb26ca61bcc34263c59cc62bb8b08ff90b67af7f99943babf5d86396845993?s=96&d=mm&r=g\",\"caption\":\"EurecatEQZ\"}}]}<\/script>\n<!-- \/ Yoast SEO plugin. -->","yoast_head_json":{"title":"La innovaci\u00f3n marca la diferencia - Eurecat","description":"\u00bfQu\u00e9 impacto tiene la innovaci\u00f3n en una empresa? Es una cuesti\u00f3n que nos planteamos continuamente en Eurecat y en la que vemos que la tecnolog\u00eda es fundamental","robots":{"index":"index","follow":"follow","max-snippet":"max-snippet:-1","max-image-preview":"max-image-preview:large","max-video-preview":"max-video-preview:-1"},"canonical":"https:\/\/eurecat.org\/es\/editorial_la-innovacion-marca-la-diferencia\/","og_locale":"es_ES","og_type":"article","og_title":"La innovaci\u00f3n marca la diferencia - Eurecat","og_description":"\u00bfQu\u00e9 impacto tiene la innovaci\u00f3n en una empresa? Es una cuesti\u00f3n que nos planteamos continuamente en Eurecat y en la que vemos que la tecnolog\u00eda es fundamental","og_url":"https:\/\/eurecat.org\/es\/editorial_la-innovacion-marca-la-diferencia\/","og_site_name":"Eurecat","article_published_time":"2023-03-06T12:10:29+00:00","article_modified_time":"2023-03-09T08:05:00+00:00","og_image":[{"width":1577,"height":1324,"url":"https:\/\/eurecat.org\/wp-content\/uploads\/2023\/03\/2019FORUMTURISTIC378_retall.jpg","type":"image\/jpeg"}],"author":"EurecatEQZ","twitter_card":"summary_large_image","twitter_misc":{"Escrito por":"EurecatEQZ","Tiempo de lectura":"4 minutos"},"schema":{"@context":"https:\/\/schema.org","@graph":[{"@type":"Article","@id":"https:\/\/eurecat.org\/es\/editorial_la-innovacion-marca-la-diferencia\/#article","isPartOf":{"@id":"https:\/\/eurecat.org\/es\/editorial_la-innovacion-marca-la-diferencia\/"},"author":{"name":"EurecatEQZ","@id":"https:\/\/eurecat.org\/es\/#\/schema\/person\/99d4d39712001e7621b6867b27b40bed"},"headline":"La innovaci\u00f3n marca la diferencia","datePublished":"2023-03-06T12:10:29+00:00","dateModified":"2023-03-09T08:05:00+00:00","mainEntityOfPage":{"@id":"https:\/\/eurecat.org\/es\/editorial_la-innovacion-marca-la-diferencia\/"},"wordCount":615,"image":{"@id":"https:\/\/eurecat.org\/es\/editorial_la-innovacion-marca-la-diferencia\/#primaryimage"},"thumbnailUrl":"https:\/\/eurecat.org\/wp-content\/uploads\/2023\/03\/2019FORUMTURISTIC378_retall.jpg","articleSection":["Blog","Editorial"],"inLanguage":"es"},{"@type":"WebPage","@id":"https:\/\/eurecat.org\/es\/editorial_la-innovacion-marca-la-diferencia\/","url":"https:\/\/eurecat.org\/es\/editorial_la-innovacion-marca-la-diferencia\/","name":"La innovaci\u00f3n marca la diferencia - Eurecat","isPartOf":{"@id":"https:\/\/eurecat.org\/es\/#website"},"primaryImageOfPage":{"@id":"https:\/\/eurecat.org\/es\/editorial_la-innovacion-marca-la-diferencia\/#primaryimage"},"image":{"@id":"https:\/\/eurecat.org\/es\/editorial_la-innovacion-marca-la-diferencia\/#primaryimage"},"thumbnailUrl":"https:\/\/eurecat.org\/wp-content\/uploads\/2023\/03\/2019FORUMTURISTIC378_retall.jpg","datePublished":"2023-03-06T12:10:29+00:00","dateModified":"2023-03-09T08:05:00+00:00","author":{"@id":"https:\/\/eurecat.org\/es\/#\/schema\/person\/99d4d39712001e7621b6867b27b40bed"},"description":"\u00bfQu\u00e9 impacto tiene la innovaci\u00f3n en una empresa? Es una cuesti\u00f3n que nos planteamos continuamente en Eurecat y en la que vemos que la tecnolog\u00eda es fundamental","breadcrumb":{"@id":"https:\/\/eurecat.org\/es\/editorial_la-innovacion-marca-la-diferencia\/#breadcrumb"},"inLanguage":"es","potentialAction":[{"@type":"ReadAction","target":["https:\/\/eurecat.org\/es\/editorial_la-innovacion-marca-la-diferencia\/"]}]},{"@type":"ImageObject","inLanguage":"es","@id":"https:\/\/eurecat.org\/es\/editorial_la-innovacion-marca-la-diferencia\/#primaryimage","url":"https:\/\/eurecat.org\/wp-content\/uploads\/2023\/03\/2019FORUMTURISTIC378_retall.jpg","contentUrl":"https:\/\/eurecat.org\/wp-content\/uploads\/2023\/03\/2019FORUMTURISTIC378_retall.jpg","width":1577,"height":1324,"caption":"Xavier Torra"},{"@type":"BreadcrumbList","@id":"https:\/\/eurecat.org\/es\/editorial_la-innovacion-marca-la-diferencia\/#breadcrumb","itemListElement":[{"@type":"ListItem","position":1,"name":"Inici","item":"https:\/\/eurecat.org\/es\/"},{"@type":"ListItem","position":2,"name":"La innovaci\u00f3n marca la diferencia"}]},{"@type":"WebSite","@id":"https:\/\/eurecat.org\/es\/#website","url":"https:\/\/eurecat.org\/es\/","name":"Eurecat","description":"Otro sitio realizado con WordPress","potentialAction":[{"@type":"SearchAction","target":{"@type":"EntryPoint","urlTemplate":"https:\/\/eurecat.org\/es\/?s={search_term_string}"},"query-input":{"@type":"PropertyValueSpecification","valueRequired":true,"valueName":"search_term_string"}}],"inLanguage":"es"},{"@type":"Person","@id":"https:\/\/eurecat.org\/es\/#\/schema\/person\/99d4d39712001e7621b6867b27b40bed","name":"EurecatEQZ","image":{"@type":"ImageObject","inLanguage":"es","@id":"https:\/\/secure.gravatar.com\/avatar\/6deb26ca61bcc34263c59cc62bb8b08ff90b67af7f99943babf5d86396845993?s=96&d=mm&r=g","url":"https:\/\/secure.gravatar.com\/avatar\/6deb26ca61bcc34263c59cc62bb8b08ff90b67af7f99943babf5d86396845993?s=96&d=mm&r=g","contentUrl":"https:\/\/secure.gravatar.com\/avatar\/6deb26ca61bcc34263c59cc62bb8b08ff90b67af7f99943babf5d86396845993?s=96&d=mm&r=g","caption":"EurecatEQZ"}}]}},"_links":{"self":[{"href":"https:\/\/eurecat.org\/es\/wp-json\/wp\/v2\/posts\/132043","targetHints":{"allow":["GET"]}}],"collection":[{"href":"https:\/\/eurecat.org\/es\/wp-json\/wp\/v2\/posts"}],"about":[{"href":"https:\/\/eurecat.org\/es\/wp-json\/wp\/v2\/types\/post"}],"author":[{"embeddable":true,"href":"https:\/\/eurecat.org\/es\/wp-json\/wp\/v2\/users\/20"}],"replies":[{"embeddable":true,"href":"https:\/\/eurecat.org\/es\/wp-json\/wp\/v2\/comments?post=132043"}],"version-history":[{"count":1,"href":"https:\/\/eurecat.org\/es\/wp-json\/wp\/v2\/posts\/132043\/revisions"}],"predecessor-version":[{"id":132205,"href":"https:\/\/eurecat.org\/es\/wp-json\/wp\/v2\/posts\/132043\/revisions\/132205"}],"wp:featuredmedia":[{"embeddable":true,"href":"https:\/\/eurecat.org\/es\/wp-json\/wp\/v2\/media\/132048"}],"wp:attachment":[{"href":"https:\/\/eurecat.org\/es\/wp-json\/wp\/v2\/media?parent=132043"}],"wp:term":[{"taxonomy":"category","embeddable":true,"href":"https:\/\/eurecat.org\/es\/wp-json\/wp\/v2\/categories?post=132043"},{"taxonomy":"post_tag","embeddable":true,"href":"https:\/\/eurecat.org\/es\/wp-json\/wp\/v2\/tags?post=132043"}],"curies":[{"name":"wp","href":"https:\/\/api.w.org\/{rel}","templated":true}]}}