{"id":132100,"date":"2023-03-07T12:37:37","date_gmt":"2023-03-07T11:37:37","guid":{"rendered":"https:\/\/eurecat.org\/?p=132100"},"modified":"2023-03-07T12:44:30","modified_gmt":"2023-03-07T11:44:30","slug":"centro-tecnologico-eurecat-se-incorpora-innova-irv","status":"publish","type":"post","link":"https:\/\/eurecat.org\/es\/centro-tecnologico-eurecat-se-incorpora-innova-irv\/","title":{"rendered":"El centro tecnol\u00f3gico Eurecat se incorpora a Innova IRV"},"content":{"rendered":"<p>El centro tecnol\u00f3gico <a href=\"https:\/\/eurecat.org\/es\" target=\"_blank\" rel=\"noopener\">Eurecat<\/a> se incorporar\u00e1 como entidad colaboradora al Instituto Ricardo Valle de Innovaci\u00f3n (<a href=\"https:\/\/innovairv.com\/\" target=\"_blank\" rel=\"noopener\">Innova IRV<\/a>), que re\u00fane a los principales l\u00edderes nacionales en microelectr\u00f3nica, tecnolog\u00edas digitales transversales y aplicadas.<\/p>\n<p>Como parte de su incorporaci\u00f3n a la Fundaci\u00f3n, Innova IRV y Eurecat han iniciado los trabajos para definir formas de relaci\u00f3n \u00abwin-win\u00bb, que consideran estrat\u00e9gica para ambas entidades, que cuentan con m\u00faltiples sinergias y complementariedades.<\/p>\n<p>Estos trabajos abordar\u00e1n la identificaci\u00f3n de las capacidades tecnol\u00f3gicas de Eurecat que puedan ser de mayor inter\u00e9s para la comunidad Innova IRV, desde la demanda de innovaci\u00f3n de las empresas, particularmente de aquellas que trabajen en mercados internacionales.<\/p>\n<p>Entre otras, se explorar\u00e1n las \u00e1reas de inteligencia artificial aplicada a entornos sectoriales, como la industria 4.0, salud o agroalimentaci\u00f3n, y otros \u00e1mbitos relativos a econom\u00eda circular.<\/p>\n<p>Adem\u00e1s, se establecer\u00e1n mecanismos de coordinaci\u00f3n y colaboraci\u00f3n en el seno de la Fundaci\u00f3n para la ejecuci\u00f3n de proyectos conjuntos, creaci\u00f3n de nuevas empresas de base tecnol\u00f3gica y participaci\u00f3n en proyectos internacionales de I+D.<\/p>\n<p>Asimismo, se pretende identificar de manera concreta un proyecto que permita comprobar en la pr\u00e1ctica las mejores f\u00f3rmulas de colaboraci\u00f3n escalables a largo plazo. Desde el inicio, el acuerdo contemplar\u00e1 la posibilidad de servir de base para su replicaci\u00f3n con otras entidades y la conformaci\u00f3n de una red m\u00e1s amplia.<\/p>\n<p>En este sentido, Xavier L\u00f3pez, director general Corporativo y de Operaciones de Eurecat, ha destacado que la incorporaci\u00f3n del centro tecnol\u00f3gico a la Fundaci\u00f3n Instituto Ricardo Valle tiene como finalidad \u201csumar y cooperar para generar m\u00e1s valor tecnol\u00f3gico y econ\u00f3mico y nuevas oportunidades para las empresas, mediante innovaciones que impacten en su competitividad, ante los desaf\u00edos que introducen aspectos clave como la digitalizaci\u00f3n o la sostenibilidad\u201d.<\/p>\n<p>Por otra parte, Ezequiel Navarro, presidente de Innova IRV, ha apuntado que este paso supone \u201calinear las estrategias de ambos centros en beneficio de la innovaci\u00f3n y con el objetivo com\u00fan de dar respuesta a las necesidades de las empresas, enfocando la prioridad en el mercado\u201d.<\/p>\n","protected":false},"excerpt":{"rendered":"<p>El centro tecnol\u00f3gico Eurecat se incorporar\u00e1 como entidad colaboradora al Instituto Ricardo Valle de Innovaci\u00f3n (Innova IRV), que re\u00fane a los principales l\u00edderes nacionales en microelectr\u00f3nica, tecnolog\u00edas digitales transversales y aplicadas. Como parte de su incorporaci\u00f3n a la Fundaci\u00f3n, Innova IRV y Eurecat han iniciado los trabajos para definir formas de relaci\u00f3n \u00abwin-win\u00bb, que consideran  [&#8230;]<\/p>\n","protected":false},"author":27,"featured_media":132098,"comment_status":"open","ping_status":"closed","sticky":false,"template":"","format":"standard","meta":{"footnotes":""},"categories":[682,134],"tags":[],"class_list":["post-132100","post","type-post","status-publish","format-standard","has-post-thumbnail","hentry","category-corporatiu-es","category-notas-de-prensa"],"yoast_head":"<!-- This site is optimized with the Yoast SEO plugin v27.5 - https:\/\/yoast.com\/product\/yoast-seo-wordpress\/ -->\n<title>El centro tecnol\u00f3gico Eurecat se incorpora a Innova IRV - Eurecat<\/title>\n<meta name=\"description\" content=\"El centro tecnol\u00f3gico Eurecat se incorporar\u00e1 como entidad colaboradora al Instituto Ricardo Valle de Innovaci\u00f3n (Innova IRV).\" \/>\n<meta name=\"robots\" content=\"index, follow, max-snippet:-1, max-image-preview:large, max-video-preview:-1\" \/>\n<link rel=\"canonical\" href=\"https:\/\/eurecat.org\/es\/centro-tecnologico-eurecat-se-incorpora-innova-irv\/\" \/>\n<meta property=\"og:locale\" content=\"es_ES\" \/>\n<meta property=\"og:type\" content=\"article\" \/>\n<meta property=\"og:title\" content=\"El centro tecnol\u00f3gico Eurecat se incorpora a Innova IRV - Eurecat\" \/>\n<meta property=\"og:description\" content=\"El centro tecnol\u00f3gico Eurecat se incorporar\u00e1 como entidad colaboradora al Instituto Ricardo Valle de Innovaci\u00f3n (Innova IRV).\" \/>\n<meta property=\"og:url\" content=\"https:\/\/eurecat.org\/es\/centro-tecnologico-eurecat-se-incorpora-innova-irv\/\" \/>\n<meta property=\"og:site_name\" content=\"Eurecat\" \/>\n<meta property=\"article:published_time\" content=\"2023-03-07T11:37:37+00:00\" \/>\n<meta property=\"article:modified_time\" content=\"2023-03-07T11:44:30+00:00\" \/>\n<meta property=\"og:image\" content=\"https:\/\/eurecat.org\/wp-content\/uploads\/2023\/03\/Eurecat_edificio_930x515px.jpg\" \/>\n\t<meta property=\"og:image:width\" content=\"930\" \/>\n\t<meta property=\"og:image:height\" content=\"513\" \/>\n\t<meta property=\"og:image:type\" content=\"image\/jpeg\" \/>\n<meta name=\"author\" content=\"eurecatNG\" \/>\n<meta name=\"twitter:card\" content=\"summary_large_image\" \/>\n<meta name=\"twitter:label1\" content=\"Escrito por\" \/>\n\t<meta name=\"twitter:data1\" content=\"eurecatNG\" \/>\n\t<meta name=\"twitter:label2\" content=\"Tiempo de lectura\" \/>\n\t<meta name=\"twitter:data2\" content=\"2 minutos\" \/>\n<script type=\"application\/ld+json\" class=\"yoast-schema-graph\">{\"@context\":\"https:\\\/\\\/schema.org\",\"@graph\":[{\"@type\":\"Article\",\"@id\":\"https:\\\/\\\/eurecat.org\\\/es\\\/centro-tecnologico-eurecat-se-incorpora-innova-irv\\\/#article\",\"isPartOf\":{\"@id\":\"https:\\\/\\\/eurecat.org\\\/es\\\/centro-tecnologico-eurecat-se-incorpora-innova-irv\\\/\"},\"author\":{\"name\":\"eurecatNG\",\"@id\":\"https:\\\/\\\/eurecat.org\\\/es\\\/#\\\/schema\\\/person\\\/8342992d6929ad043b305d3cac68b3f4\"},\"headline\":\"El centro tecnol\u00f3gico Eurecat se incorpora a Innova IRV\",\"datePublished\":\"2023-03-07T11:37:37+00:00\",\"dateModified\":\"2023-03-07T11:44:30+00:00\",\"mainEntityOfPage\":{\"@id\":\"https:\\\/\\\/eurecat.org\\\/es\\\/centro-tecnologico-eurecat-se-incorpora-innova-irv\\\/\"},\"wordCount\":382,\"commentCount\":0,\"image\":{\"@id\":\"https:\\\/\\\/eurecat.org\\\/es\\\/centro-tecnologico-eurecat-se-incorpora-innova-irv\\\/#primaryimage\"},\"thumbnailUrl\":\"https:\\\/\\\/eurecat.org\\\/wp-content\\\/uploads\\\/2023\\\/03\\\/Eurecat_edificio_930x515px.jpg\",\"articleSection\":[\"Corporativo\",\"Notas de prensa\"],\"inLanguage\":\"es\",\"potentialAction\":[{\"@type\":\"CommentAction\",\"name\":\"Comment\",\"target\":[\"https:\\\/\\\/eurecat.org\\\/es\\\/centro-tecnologico-eurecat-se-incorpora-innova-irv\\\/#respond\"]}]},{\"@type\":\"WebPage\",\"@id\":\"https:\\\/\\\/eurecat.org\\\/es\\\/centro-tecnologico-eurecat-se-incorpora-innova-irv\\\/\",\"url\":\"https:\\\/\\\/eurecat.org\\\/es\\\/centro-tecnologico-eurecat-se-incorpora-innova-irv\\\/\",\"name\":\"El centro tecnol\u00f3gico Eurecat se incorpora a Innova IRV - Eurecat\",\"isPartOf\":{\"@id\":\"https:\\\/\\\/eurecat.org\\\/es\\\/#website\"},\"primaryImageOfPage\":{\"@id\":\"https:\\\/\\\/eurecat.org\\\/es\\\/centro-tecnologico-eurecat-se-incorpora-innova-irv\\\/#primaryimage\"},\"image\":{\"@id\":\"https:\\\/\\\/eurecat.org\\\/es\\\/centro-tecnologico-eurecat-se-incorpora-innova-irv\\\/#primaryimage\"},\"thumbnailUrl\":\"https:\\\/\\\/eurecat.org\\\/wp-content\\\/uploads\\\/2023\\\/03\\\/Eurecat_edificio_930x515px.jpg\",\"datePublished\":\"2023-03-07T11:37:37+00:00\",\"dateModified\":\"2023-03-07T11:44:30+00:00\",\"author\":{\"@id\":\"https:\\\/\\\/eurecat.org\\\/es\\\/#\\\/schema\\\/person\\\/8342992d6929ad043b305d3cac68b3f4\"},\"description\":\"El centro tecnol\u00f3gico Eurecat se incorporar\u00e1 como entidad colaboradora al Instituto Ricardo Valle de Innovaci\u00f3n (Innova IRV).\",\"breadcrumb\":{\"@id\":\"https:\\\/\\\/eurecat.org\\\/es\\\/centro-tecnologico-eurecat-se-incorpora-innova-irv\\\/#breadcrumb\"},\"inLanguage\":\"es\",\"potentialAction\":[{\"@type\":\"ReadAction\",\"target\":[\"https:\\\/\\\/eurecat.org\\\/es\\\/centro-tecnologico-eurecat-se-incorpora-innova-irv\\\/\"]}]},{\"@type\":\"ImageObject\",\"inLanguage\":\"es\",\"@id\":\"https:\\\/\\\/eurecat.org\\\/es\\\/centro-tecnologico-eurecat-se-incorpora-innova-irv\\\/#primaryimage\",\"url\":\"https:\\\/\\\/eurecat.org\\\/wp-content\\\/uploads\\\/2023\\\/03\\\/Eurecat_edificio_930x515px.jpg\",\"contentUrl\":\"https:\\\/\\\/eurecat.org\\\/wp-content\\\/uploads\\\/2023\\\/03\\\/Eurecat_edificio_930x515px.jpg\",\"width\":930,\"height\":513,\"caption\":\"eurecat Innova IRV\"},{\"@type\":\"BreadcrumbList\",\"@id\":\"https:\\\/\\\/eurecat.org\\\/es\\\/centro-tecnologico-eurecat-se-incorpora-innova-irv\\\/#breadcrumb\",\"itemListElement\":[{\"@type\":\"ListItem\",\"position\":1,\"name\":\"Inici\",\"item\":\"https:\\\/\\\/eurecat.org\\\/es\\\/\"},{\"@type\":\"ListItem\",\"position\":2,\"name\":\"El centro tecnol\u00f3gico Eurecat se incorpora a Innova IRV\"}]},{\"@type\":\"WebSite\",\"@id\":\"https:\\\/\\\/eurecat.org\\\/es\\\/#website\",\"url\":\"https:\\\/\\\/eurecat.org\\\/es\\\/\",\"name\":\"Eurecat\",\"description\":\"Otro sitio realizado con WordPress\",\"potentialAction\":[{\"@type\":\"SearchAction\",\"target\":{\"@type\":\"EntryPoint\",\"urlTemplate\":\"https:\\\/\\\/eurecat.org\\\/es\\\/?s={search_term_string}\"},\"query-input\":{\"@type\":\"PropertyValueSpecification\",\"valueRequired\":true,\"valueName\":\"search_term_string\"}}],\"inLanguage\":\"es\"},{\"@type\":\"Person\",\"@id\":\"https:\\\/\\\/eurecat.org\\\/es\\\/#\\\/schema\\\/person\\\/8342992d6929ad043b305d3cac68b3f4\",\"name\":\"eurecatNG\",\"image\":{\"@type\":\"ImageObject\",\"inLanguage\":\"es\",\"@id\":\"https:\\\/\\\/secure.gravatar.com\\\/avatar\\\/63200cb70ae4f15a0f673050f36df149dba802bea7614e8f838aaccfcf8ea11d?s=96&d=mm&r=g\",\"url\":\"https:\\\/\\\/secure.gravatar.com\\\/avatar\\\/63200cb70ae4f15a0f673050f36df149dba802bea7614e8f838aaccfcf8ea11d?s=96&d=mm&r=g\",\"contentUrl\":\"https:\\\/\\\/secure.gravatar.com\\\/avatar\\\/63200cb70ae4f15a0f673050f36df149dba802bea7614e8f838aaccfcf8ea11d?s=96&d=mm&r=g\",\"caption\":\"eurecatNG\"}}]}<\/script>\n<!-- \/ Yoast SEO plugin. -->","yoast_head_json":{"title":"El centro tecnol\u00f3gico Eurecat se incorpora a Innova IRV - Eurecat","description":"El centro tecnol\u00f3gico Eurecat se incorporar\u00e1 como entidad colaboradora al Instituto Ricardo Valle de Innovaci\u00f3n (Innova IRV).","robots":{"index":"index","follow":"follow","max-snippet":"max-snippet:-1","max-image-preview":"max-image-preview:large","max-video-preview":"max-video-preview:-1"},"canonical":"https:\/\/eurecat.org\/es\/centro-tecnologico-eurecat-se-incorpora-innova-irv\/","og_locale":"es_ES","og_type":"article","og_title":"El centro tecnol\u00f3gico Eurecat se incorpora a Innova IRV - Eurecat","og_description":"El centro tecnol\u00f3gico Eurecat se incorporar\u00e1 como entidad colaboradora al Instituto Ricardo Valle de Innovaci\u00f3n (Innova IRV).","og_url":"https:\/\/eurecat.org\/es\/centro-tecnologico-eurecat-se-incorpora-innova-irv\/","og_site_name":"Eurecat","article_published_time":"2023-03-07T11:37:37+00:00","article_modified_time":"2023-03-07T11:44:30+00:00","og_image":[{"width":930,"height":513,"url":"https:\/\/eurecat.org\/wp-content\/uploads\/2023\/03\/Eurecat_edificio_930x515px.jpg","type":"image\/jpeg"}],"author":"eurecatNG","twitter_card":"summary_large_image","twitter_misc":{"Escrito por":"eurecatNG","Tiempo de lectura":"2 minutos"},"schema":{"@context":"https:\/\/schema.org","@graph":[{"@type":"Article","@id":"https:\/\/eurecat.org\/es\/centro-tecnologico-eurecat-se-incorpora-innova-irv\/#article","isPartOf":{"@id":"https:\/\/eurecat.org\/es\/centro-tecnologico-eurecat-se-incorpora-innova-irv\/"},"author":{"name":"eurecatNG","@id":"https:\/\/eurecat.org\/es\/#\/schema\/person\/8342992d6929ad043b305d3cac68b3f4"},"headline":"El centro tecnol\u00f3gico Eurecat se incorpora a Innova IRV","datePublished":"2023-03-07T11:37:37+00:00","dateModified":"2023-03-07T11:44:30+00:00","mainEntityOfPage":{"@id":"https:\/\/eurecat.org\/es\/centro-tecnologico-eurecat-se-incorpora-innova-irv\/"},"wordCount":382,"commentCount":0,"image":{"@id":"https:\/\/eurecat.org\/es\/centro-tecnologico-eurecat-se-incorpora-innova-irv\/#primaryimage"},"thumbnailUrl":"https:\/\/eurecat.org\/wp-content\/uploads\/2023\/03\/Eurecat_edificio_930x515px.jpg","articleSection":["Corporativo","Notas de prensa"],"inLanguage":"es","potentialAction":[{"@type":"CommentAction","name":"Comment","target":["https:\/\/eurecat.org\/es\/centro-tecnologico-eurecat-se-incorpora-innova-irv\/#respond"]}]},{"@type":"WebPage","@id":"https:\/\/eurecat.org\/es\/centro-tecnologico-eurecat-se-incorpora-innova-irv\/","url":"https:\/\/eurecat.org\/es\/centro-tecnologico-eurecat-se-incorpora-innova-irv\/","name":"El centro tecnol\u00f3gico Eurecat se incorpora a Innova IRV - Eurecat","isPartOf":{"@id":"https:\/\/eurecat.org\/es\/#website"},"primaryImageOfPage":{"@id":"https:\/\/eurecat.org\/es\/centro-tecnologico-eurecat-se-incorpora-innova-irv\/#primaryimage"},"image":{"@id":"https:\/\/eurecat.org\/es\/centro-tecnologico-eurecat-se-incorpora-innova-irv\/#primaryimage"},"thumbnailUrl":"https:\/\/eurecat.org\/wp-content\/uploads\/2023\/03\/Eurecat_edificio_930x515px.jpg","datePublished":"2023-03-07T11:37:37+00:00","dateModified":"2023-03-07T11:44:30+00:00","author":{"@id":"https:\/\/eurecat.org\/es\/#\/schema\/person\/8342992d6929ad043b305d3cac68b3f4"},"description":"El centro tecnol\u00f3gico Eurecat se incorporar\u00e1 como entidad colaboradora al Instituto Ricardo Valle de Innovaci\u00f3n (Innova IRV).","breadcrumb":{"@id":"https:\/\/eurecat.org\/es\/centro-tecnologico-eurecat-se-incorpora-innova-irv\/#breadcrumb"},"inLanguage":"es","potentialAction":[{"@type":"ReadAction","target":["https:\/\/eurecat.org\/es\/centro-tecnologico-eurecat-se-incorpora-innova-irv\/"]}]},{"@type":"ImageObject","inLanguage":"es","@id":"https:\/\/eurecat.org\/es\/centro-tecnologico-eurecat-se-incorpora-innova-irv\/#primaryimage","url":"https:\/\/eurecat.org\/wp-content\/uploads\/2023\/03\/Eurecat_edificio_930x515px.jpg","contentUrl":"https:\/\/eurecat.org\/wp-content\/uploads\/2023\/03\/Eurecat_edificio_930x515px.jpg","width":930,"height":513,"caption":"eurecat Innova IRV"},{"@type":"BreadcrumbList","@id":"https:\/\/eurecat.org\/es\/centro-tecnologico-eurecat-se-incorpora-innova-irv\/#breadcrumb","itemListElement":[{"@type":"ListItem","position":1,"name":"Inici","item":"https:\/\/eurecat.org\/es\/"},{"@type":"ListItem","position":2,"name":"El centro tecnol\u00f3gico Eurecat se incorpora a Innova IRV"}]},{"@type":"WebSite","@id":"https:\/\/eurecat.org\/es\/#website","url":"https:\/\/eurecat.org\/es\/","name":"Eurecat","description":"Otro sitio realizado con WordPress","potentialAction":[{"@type":"SearchAction","target":{"@type":"EntryPoint","urlTemplate":"https:\/\/eurecat.org\/es\/?s={search_term_string}"},"query-input":{"@type":"PropertyValueSpecification","valueRequired":true,"valueName":"search_term_string"}}],"inLanguage":"es"},{"@type":"Person","@id":"https:\/\/eurecat.org\/es\/#\/schema\/person\/8342992d6929ad043b305d3cac68b3f4","name":"eurecatNG","image":{"@type":"ImageObject","inLanguage":"es","@id":"https:\/\/secure.gravatar.com\/avatar\/63200cb70ae4f15a0f673050f36df149dba802bea7614e8f838aaccfcf8ea11d?s=96&d=mm&r=g","url":"https:\/\/secure.gravatar.com\/avatar\/63200cb70ae4f15a0f673050f36df149dba802bea7614e8f838aaccfcf8ea11d?s=96&d=mm&r=g","contentUrl":"https:\/\/secure.gravatar.com\/avatar\/63200cb70ae4f15a0f673050f36df149dba802bea7614e8f838aaccfcf8ea11d?s=96&d=mm&r=g","caption":"eurecatNG"}}]}},"_links":{"self":[{"href":"https:\/\/eurecat.org\/es\/wp-json\/wp\/v2\/posts\/132100","targetHints":{"allow":["GET"]}}],"collection":[{"href":"https:\/\/eurecat.org\/es\/wp-json\/wp\/v2\/posts"}],"about":[{"href":"https:\/\/eurecat.org\/es\/wp-json\/wp\/v2\/types\/post"}],"author":[{"embeddable":true,"href":"https:\/\/eurecat.org\/es\/wp-json\/wp\/v2\/users\/27"}],"replies":[{"embeddable":true,"href":"https:\/\/eurecat.org\/es\/wp-json\/wp\/v2\/comments?post=132100"}],"version-history":[{"count":1,"href":"https:\/\/eurecat.org\/es\/wp-json\/wp\/v2\/posts\/132100\/revisions"}],"predecessor-version":[{"id":132101,"href":"https:\/\/eurecat.org\/es\/wp-json\/wp\/v2\/posts\/132100\/revisions\/132101"}],"wp:featuredmedia":[{"embeddable":true,"href":"https:\/\/eurecat.org\/es\/wp-json\/wp\/v2\/media\/132098"}],"wp:attachment":[{"href":"https:\/\/eurecat.org\/es\/wp-json\/wp\/v2\/media?parent=132100"}],"wp:term":[{"taxonomy":"category","embeddable":true,"href":"https:\/\/eurecat.org\/es\/wp-json\/wp\/v2\/categories?post=132100"},{"taxonomy":"post_tag","embeddable":true,"href":"https:\/\/eurecat.org\/es\/wp-json\/wp\/v2\/tags?post=132100"}],"curies":[{"name":"wp","href":"https:\/\/api.w.org\/{rel}","templated":true}]}}