{"id":133902,"date":"2023-04-05T08:33:51","date_gmt":"2023-04-05T07:33:51","guid":{"rendered":"https:\/\/eurecat.org\/?p=133902"},"modified":"2023-04-05T09:28:15","modified_gmt":"2023-04-05T08:28:15","slug":"referentes-en-cambio-climatico-y-transicion-ecologica","status":"publish","type":"post","link":"https:\/\/eurecat.org\/es\/referentes-en-cambio-climatico-y-transicion-ecologica\/","title":{"rendered":"Referentes en cambio clim\u00e1tico y transici\u00f3n ecol\u00f3gica"},"content":{"rendered":"<div class=\"fusion-fullwidth fullwidth-box fusion-builder-row-1 fusion-flex-container nonhundred-percent-fullwidth non-hundred-percent-height-scrolling\" style=\"--awb-border-radius-top-left:0px;--awb-border-radius-top-right:0px;--awb-border-radius-bottom-right:0px;--awb-border-radius-bottom-left:0px;--awb-flex-wrap:wrap;\" ><div class=\"fusion-builder-row fusion-row fusion-flex-align-items-flex-start fusion-flex-content-wrap\" style=\"max-width:1424.8px;margin-left: calc(-4% \/ 2 );margin-right: calc(-4% \/ 2 );\"><div class=\"fusion-layout-column fusion_builder_column fusion-builder-column-0 fusion_builder_column_1_1 1_1 fusion-flex-column\" style=\"--awb-bg-size:cover;--awb-width-large:100%;--awb-margin-top-large:0px;--awb-spacing-right-large:1.92%;--awb-margin-bottom-large:0px;--awb-spacing-left-large:1.92%;--awb-width-medium:100%;--awb-spacing-right-medium:1.92%;--awb-spacing-left-medium:1.92%;--awb-width-small:100%;--awb-spacing-right-small:1.92%;--awb-spacing-left-small:1.92%;\"><div class=\"fusion-column-wrapper fusion-flex-justify-content-flex-start fusion-content-layout-column\"><div class=\"fusion-text fusion-text-1\"><p><img decoding=\"async\" class=\"alignleft wp-image-132048 size-medium\" src=\"https:\/\/eurecat.org\/wp-content\/uploads\/2023\/03\/2019FORUMTURISTIC378_retall-300x252.jpg\" alt=\"Xavier Torra\" width=\"300\" height=\"252\" srcset=\"https:\/\/eurecat.org\/wp-content\/uploads\/2023\/03\/2019FORUMTURISTIC378_retall-200x168.jpg 200w, https:\/\/eurecat.org\/wp-content\/uploads\/2023\/03\/2019FORUMTURISTIC378_retall-300x252.jpg 300w, https:\/\/eurecat.org\/wp-content\/uploads\/2023\/03\/2019FORUMTURISTIC378_retall-400x336.jpg 400w, https:\/\/eurecat.org\/wp-content\/uploads\/2023\/03\/2019FORUMTURISTIC378_retall-600x504.jpg 600w, https:\/\/eurecat.org\/wp-content\/uploads\/2023\/03\/2019FORUMTURISTIC378_retall-768x645.jpg 768w, https:\/\/eurecat.org\/wp-content\/uploads\/2023\/03\/2019FORUMTURISTIC378_retall-800x672.jpg 800w, https:\/\/eurecat.org\/wp-content\/uploads\/2023\/03\/2019FORUMTURISTIC378_retall-1160x974.jpg 1160w, https:\/\/eurecat.org\/wp-content\/uploads\/2023\/03\/2019FORUMTURISTIC378_retall-1200x1007.jpg 1200w, https:\/\/eurecat.org\/wp-content\/uploads\/2023\/03\/2019FORUMTURISTIC378_retall-1536x1290.jpg 1536w, https:\/\/eurecat.org\/wp-content\/uploads\/2023\/03\/2019FORUMTURISTIC378_retall.jpg 1577w\" sizes=\"(max-width: 300px) 100vw, 300px\" \/>El cambio clim\u00e1tico es una de las l\u00edneas de especializaci\u00f3n que definen la actividad de la sede de Eurecat en Amposta, donde contamos con un equipo en continuo crecimiento dedicado intensamente a la investigaci\u00f3n aplicada y a la innovaci\u00f3n en este campo. Desde esta misma l\u00ednea, hace un a\u00f1o y medio, se impuls\u00f3 la creaci\u00f3n del Centro en Resiliencia Clim\u00e1tica (CRC), un centro singular y de gran proyecci\u00f3n futura para hacer frente al cambio clim\u00e1tico y potenciar la transici\u00f3n ecol\u00f3gica, para mitigar sus efectos y adaptarnos, pero tambi\u00e9n para estar preparados.<\/p>\n<p>Ahora, casi dos a\u00f1os despu\u00e9s de su inauguraci\u00f3n, los socios impulsores del Centro en Resiliencia Clim\u00e1tica nos hemos reunido hace unas semanas en Eurecat Amposta, en un acto que ha contado con la consellera de Acci\u00f3n Clim\u00e1tica, Alimentaci\u00f3n y Agenda Rural, Teresa Jord\u00e0, y el alcalde de Amposta, Adam Tom\u00e0s, para inaugurar el Living Lab Ebro Bioterritorio y, tambi\u00e9n, para ver el avance de lo que ser\u00e1 el Edificio Semilla del Centro en Resiliencia Clim\u00e1tica, cuya construcci\u00f3n finalizar\u00e1 los pr\u00f3ximos meses.<\/p>\n<p>El potencial del Centro en Resiliencia Clim\u00e1tica es enorme, ya que es un proyecto singular que, adem\u00e1s de ser un elemento de especializaci\u00f3n clara del territorio, busca generar riqueza y valor a\u00f1adido en las Terres de l&#8217;Ebre y tiene vocaci\u00f3n de proyecci\u00f3n en Catalu\u00f1a, porque no podemos perder la oportunidad de ser referente en este \u00e1mbito.<\/p>\n<p>Desde esta \u00f3ptica, trabajamos para codesarrollar tecnolog\u00eda transferible a las empresas y a la sociedad, para hacer frente al cambio clim\u00e1tico, para estar m\u00e1s preparados e incluso aprovechar las oportunidades que puedan derivarse. Con este fin, el \u00faltimo a\u00f1o los socios impulsores hemos puesto en marcha nuevos proyectos para generar conocimiento y tecnolog\u00eda frente a los impactos del cambio clim\u00e1tico en nuestro pa\u00eds y en el conjunto del Mediterr\u00e1neo.<\/p>\n<p>Relacionado con lo anterior, para luchar contra el cambio clim\u00e1tico, la descarbonizaci\u00f3n de la econom\u00eda es fundamental y concentra muchas iniciativas y proyectos de Eurecat. En estas p\u00e1ginas, por ejemplo, encontrar\u00e9is los detalles de la red H2CAT, que coordinamos desde Eurecat y que favorecer\u00e1 la transferencia de tecnolog\u00edas del hidr\u00f3geno renovable a las industrias y a la sociedad.<\/p>\n<p>En este mismo \u00e1mbito, encontrar\u00e9is tambi\u00e9n la visi\u00f3n del responsable de Desarrollo de Negocio del equipo de Movilidad de Eurecat, David Pardos, sobre c\u00f3mo la movilidad aut\u00f3noma, descarbonizada, el\u00e9ctrica y conectada es clave para avanzar en la sostenibilidad del sector, dentro de una serie de entrevistas en el espacio especializado en tecnolog\u00eda \u201cErramesd\u00e9\u201d y que os iremos compartiendo.<\/p>\n<p>Por otra parte y en cuanto a nuestra estrategia de alianzas, os hablamos sobre la incorporaci\u00f3n de Eurecat como entidad colaboradora en el Instituto Ricardo Valle de Innovaci\u00f3n (Innova IRV) y de nuestra participaci\u00f3n en el \u00faltimo Foro Transfiere, donde hemos compartido con otros agentes de investigaci\u00f3n e innovaci\u00f3n los modelos de creaci\u00f3n de alianzas estrat\u00e9gicas para generar ecosistemas de innovaci\u00f3n.<\/p>\n<p>En el campo de la salud, os acercamos informaci\u00f3n sobre un estudio de los efectos de la suplementaci\u00f3n de vitamina B12 para personas que siguen una dieta vegetariana, el desarrollo de un nuevo dispositivo inteligente para el s\u00edndrome de apnea obstructiva del sue\u00f1o con la empresa gerundense Giromed Institute y un prototipo de bl\u00edster inteligente que registra la ingesta de pastillas y env\u00eda alertas en caso de incumplimiento de la pauta.<\/p>\n<p>El reportaje de este n\u00famero est\u00e1 dedicado, coincidiendo con la reciente celebraci\u00f3n del D\u00eda Mundial del Agua, a la importancia de acelerar las fuentes alternativas de agua para asegurar su disponibilidad, un aspecto primordial en un escenario donde los modelos clim\u00e1ticos prev\u00e9n que llover\u00e1 de forma m\u00e1s puntual y concentrada o, directamente, que el volumen de precipitaciones disminuir\u00e1 en Catalu\u00f1a.<\/p>\n<p>Xavier Torra<br \/>\nPresidente de Eurecat<\/p>\n<\/div><\/div><\/div><\/div><\/div>\n","protected":false},"excerpt":{"rendered":"","protected":false},"author":6,"featured_media":132048,"comment_status":"open","ping_status":"closed","sticky":false,"template":"","format":"standard","meta":{"footnotes":""},"categories":[133,2217],"tags":[],"class_list":["post-133902","post","type-post","status-publish","format-standard","has-post-thumbnail","hentry","category-blog","category-editorial"],"yoast_head":"<!-- This site is optimized with the Yoast SEO plugin v27.5 - https:\/\/yoast.com\/product\/yoast-seo-wordpress\/ -->\n<title>Referentes en cambio clim\u00e1tico y transici\u00f3n ecol\u00f3gica - Eurecat<\/title>\n<meta name=\"robots\" content=\"index, follow, max-snippet:-1, max-image-preview:large, max-video-preview:-1\" \/>\n<link rel=\"canonical\" href=\"https:\/\/eurecat.org\/es\/referentes-en-cambio-climatico-y-transicion-ecologica\/\" \/>\n<meta property=\"og:locale\" content=\"es_ES\" \/>\n<meta property=\"og:type\" content=\"article\" \/>\n<meta property=\"og:title\" content=\"Referentes en cambio clim\u00e1tico y transici\u00f3n ecol\u00f3gica - Eurecat\" \/>\n<meta property=\"og:url\" content=\"https:\/\/eurecat.org\/es\/referentes-en-cambio-climatico-y-transicion-ecologica\/\" \/>\n<meta property=\"og:site_name\" content=\"Eurecat\" \/>\n<meta property=\"article:published_time\" content=\"2023-04-05T07:33:51+00:00\" \/>\n<meta property=\"article:modified_time\" content=\"2023-04-05T08:28:15+00:00\" \/>\n<meta property=\"og:image\" content=\"https:\/\/eurecat.org\/wp-content\/uploads\/2023\/03\/2019FORUMTURISTIC378_retall.jpg\" \/>\n\t<meta property=\"og:image:width\" content=\"1577\" \/>\n\t<meta property=\"og:image:height\" content=\"1324\" \/>\n\t<meta property=\"og:image:type\" content=\"image\/jpeg\" \/>\n<meta name=\"author\" content=\"EurecatEM\" \/>\n<meta name=\"twitter:card\" content=\"summary_large_image\" \/>\n<meta name=\"twitter:label1\" content=\"Escrito por\" \/>\n\t<meta name=\"twitter:data1\" content=\"EurecatEM\" \/>\n\t<meta name=\"twitter:label2\" content=\"Tiempo de lectura\" \/>\n\t<meta name=\"twitter:data2\" content=\"4 minutos\" \/>\n<script type=\"application\/ld+json\" class=\"yoast-schema-graph\">{\"@context\":\"https:\\\/\\\/schema.org\",\"@graph\":[{\"@type\":\"Article\",\"@id\":\"https:\\\/\\\/eurecat.org\\\/es\\\/referentes-en-cambio-climatico-y-transicion-ecologica\\\/#article\",\"isPartOf\":{\"@id\":\"https:\\\/\\\/eurecat.org\\\/es\\\/referentes-en-cambio-climatico-y-transicion-ecologica\\\/\"},\"author\":{\"name\":\"EurecatEM\",\"@id\":\"https:\\\/\\\/eurecat.org\\\/es\\\/#\\\/schema\\\/person\\\/540d47fd9da63c4587cbae01b88e4db3\"},\"headline\":\"Referentes en cambio clim\u00e1tico y transici\u00f3n ecol\u00f3gica\",\"datePublished\":\"2023-04-05T07:33:51+00:00\",\"dateModified\":\"2023-04-05T08:28:15+00:00\",\"mainEntityOfPage\":{\"@id\":\"https:\\\/\\\/eurecat.org\\\/es\\\/referentes-en-cambio-climatico-y-transicion-ecologica\\\/\"},\"wordCount\":946,\"commentCount\":0,\"image\":{\"@id\":\"https:\\\/\\\/eurecat.org\\\/es\\\/referentes-en-cambio-climatico-y-transicion-ecologica\\\/#primaryimage\"},\"thumbnailUrl\":\"https:\\\/\\\/eurecat.org\\\/wp-content\\\/uploads\\\/2023\\\/03\\\/2019FORUMTURISTIC378_retall.jpg\",\"articleSection\":[\"Blog\",\"Editorial\"],\"inLanguage\":\"es\",\"potentialAction\":[{\"@type\":\"CommentAction\",\"name\":\"Comment\",\"target\":[\"https:\\\/\\\/eurecat.org\\\/es\\\/referentes-en-cambio-climatico-y-transicion-ecologica\\\/#respond\"]}]},{\"@type\":\"WebPage\",\"@id\":\"https:\\\/\\\/eurecat.org\\\/es\\\/referentes-en-cambio-climatico-y-transicion-ecologica\\\/\",\"url\":\"https:\\\/\\\/eurecat.org\\\/es\\\/referentes-en-cambio-climatico-y-transicion-ecologica\\\/\",\"name\":\"Referentes en cambio clim\u00e1tico y transici\u00f3n ecol\u00f3gica - Eurecat\",\"isPartOf\":{\"@id\":\"https:\\\/\\\/eurecat.org\\\/es\\\/#website\"},\"primaryImageOfPage\":{\"@id\":\"https:\\\/\\\/eurecat.org\\\/es\\\/referentes-en-cambio-climatico-y-transicion-ecologica\\\/#primaryimage\"},\"image\":{\"@id\":\"https:\\\/\\\/eurecat.org\\\/es\\\/referentes-en-cambio-climatico-y-transicion-ecologica\\\/#primaryimage\"},\"thumbnailUrl\":\"https:\\\/\\\/eurecat.org\\\/wp-content\\\/uploads\\\/2023\\\/03\\\/2019FORUMTURISTIC378_retall.jpg\",\"datePublished\":\"2023-04-05T07:33:51+00:00\",\"dateModified\":\"2023-04-05T08:28:15+00:00\",\"author\":{\"@id\":\"https:\\\/\\\/eurecat.org\\\/es\\\/#\\\/schema\\\/person\\\/540d47fd9da63c4587cbae01b88e4db3\"},\"breadcrumb\":{\"@id\":\"https:\\\/\\\/eurecat.org\\\/es\\\/referentes-en-cambio-climatico-y-transicion-ecologica\\\/#breadcrumb\"},\"inLanguage\":\"es\",\"potentialAction\":[{\"@type\":\"ReadAction\",\"target\":[\"https:\\\/\\\/eurecat.org\\\/es\\\/referentes-en-cambio-climatico-y-transicion-ecologica\\\/\"]}]},{\"@type\":\"ImageObject\",\"inLanguage\":\"es\",\"@id\":\"https:\\\/\\\/eurecat.org\\\/es\\\/referentes-en-cambio-climatico-y-transicion-ecologica\\\/#primaryimage\",\"url\":\"https:\\\/\\\/eurecat.org\\\/wp-content\\\/uploads\\\/2023\\\/03\\\/2019FORUMTURISTIC378_retall.jpg\",\"contentUrl\":\"https:\\\/\\\/eurecat.org\\\/wp-content\\\/uploads\\\/2023\\\/03\\\/2019FORUMTURISTIC378_retall.jpg\",\"width\":1577,\"height\":1324,\"caption\":\"Xavier Torra\"},{\"@type\":\"BreadcrumbList\",\"@id\":\"https:\\\/\\\/eurecat.org\\\/es\\\/referentes-en-cambio-climatico-y-transicion-ecologica\\\/#breadcrumb\",\"itemListElement\":[{\"@type\":\"ListItem\",\"position\":1,\"name\":\"Inici\",\"item\":\"https:\\\/\\\/eurecat.org\\\/es\\\/\"},{\"@type\":\"ListItem\",\"position\":2,\"name\":\"Referentes en cambio clim\u00e1tico y transici\u00f3n ecol\u00f3gica\"}]},{\"@type\":\"WebSite\",\"@id\":\"https:\\\/\\\/eurecat.org\\\/es\\\/#website\",\"url\":\"https:\\\/\\\/eurecat.org\\\/es\\\/\",\"name\":\"Eurecat\",\"description\":\"Otro sitio realizado con WordPress\",\"potentialAction\":[{\"@type\":\"SearchAction\",\"target\":{\"@type\":\"EntryPoint\",\"urlTemplate\":\"https:\\\/\\\/eurecat.org\\\/es\\\/?s={search_term_string}\"},\"query-input\":{\"@type\":\"PropertyValueSpecification\",\"valueRequired\":true,\"valueName\":\"search_term_string\"}}],\"inLanguage\":\"es\"},{\"@type\":\"Person\",\"@id\":\"https:\\\/\\\/eurecat.org\\\/es\\\/#\\\/schema\\\/person\\\/540d47fd9da63c4587cbae01b88e4db3\",\"name\":\"EurecatEM\",\"image\":{\"@type\":\"ImageObject\",\"inLanguage\":\"es\",\"@id\":\"https:\\\/\\\/secure.gravatar.com\\\/avatar\\\/deb330c0660ac5bf74cae5724d94229935e34c26df9bce576399b4da2212af05?s=96&d=mm&r=g\",\"url\":\"https:\\\/\\\/secure.gravatar.com\\\/avatar\\\/deb330c0660ac5bf74cae5724d94229935e34c26df9bce576399b4da2212af05?s=96&d=mm&r=g\",\"contentUrl\":\"https:\\\/\\\/secure.gravatar.com\\\/avatar\\\/deb330c0660ac5bf74cae5724d94229935e34c26df9bce576399b4da2212af05?s=96&d=mm&r=g\",\"caption\":\"EurecatEM\"}}]}<\/script>\n<!-- \/ Yoast SEO plugin. -->","yoast_head_json":{"title":"Referentes en cambio clim\u00e1tico y transici\u00f3n ecol\u00f3gica - Eurecat","robots":{"index":"index","follow":"follow","max-snippet":"max-snippet:-1","max-image-preview":"max-image-preview:large","max-video-preview":"max-video-preview:-1"},"canonical":"https:\/\/eurecat.org\/es\/referentes-en-cambio-climatico-y-transicion-ecologica\/","og_locale":"es_ES","og_type":"article","og_title":"Referentes en cambio clim\u00e1tico y transici\u00f3n ecol\u00f3gica - Eurecat","og_url":"https:\/\/eurecat.org\/es\/referentes-en-cambio-climatico-y-transicion-ecologica\/","og_site_name":"Eurecat","article_published_time":"2023-04-05T07:33:51+00:00","article_modified_time":"2023-04-05T08:28:15+00:00","og_image":[{"width":1577,"height":1324,"url":"https:\/\/eurecat.org\/wp-content\/uploads\/2023\/03\/2019FORUMTURISTIC378_retall.jpg","type":"image\/jpeg"}],"author":"EurecatEM","twitter_card":"summary_large_image","twitter_misc":{"Escrito por":"EurecatEM","Tiempo de lectura":"4 minutos"},"schema":{"@context":"https:\/\/schema.org","@graph":[{"@type":"Article","@id":"https:\/\/eurecat.org\/es\/referentes-en-cambio-climatico-y-transicion-ecologica\/#article","isPartOf":{"@id":"https:\/\/eurecat.org\/es\/referentes-en-cambio-climatico-y-transicion-ecologica\/"},"author":{"name":"EurecatEM","@id":"https:\/\/eurecat.org\/es\/#\/schema\/person\/540d47fd9da63c4587cbae01b88e4db3"},"headline":"Referentes en cambio clim\u00e1tico y transici\u00f3n ecol\u00f3gica","datePublished":"2023-04-05T07:33:51+00:00","dateModified":"2023-04-05T08:28:15+00:00","mainEntityOfPage":{"@id":"https:\/\/eurecat.org\/es\/referentes-en-cambio-climatico-y-transicion-ecologica\/"},"wordCount":946,"commentCount":0,"image":{"@id":"https:\/\/eurecat.org\/es\/referentes-en-cambio-climatico-y-transicion-ecologica\/#primaryimage"},"thumbnailUrl":"https:\/\/eurecat.org\/wp-content\/uploads\/2023\/03\/2019FORUMTURISTIC378_retall.jpg","articleSection":["Blog","Editorial"],"inLanguage":"es","potentialAction":[{"@type":"CommentAction","name":"Comment","target":["https:\/\/eurecat.org\/es\/referentes-en-cambio-climatico-y-transicion-ecologica\/#respond"]}]},{"@type":"WebPage","@id":"https:\/\/eurecat.org\/es\/referentes-en-cambio-climatico-y-transicion-ecologica\/","url":"https:\/\/eurecat.org\/es\/referentes-en-cambio-climatico-y-transicion-ecologica\/","name":"Referentes en cambio clim\u00e1tico y transici\u00f3n ecol\u00f3gica - Eurecat","isPartOf":{"@id":"https:\/\/eurecat.org\/es\/#website"},"primaryImageOfPage":{"@id":"https:\/\/eurecat.org\/es\/referentes-en-cambio-climatico-y-transicion-ecologica\/#primaryimage"},"image":{"@id":"https:\/\/eurecat.org\/es\/referentes-en-cambio-climatico-y-transicion-ecologica\/#primaryimage"},"thumbnailUrl":"https:\/\/eurecat.org\/wp-content\/uploads\/2023\/03\/2019FORUMTURISTIC378_retall.jpg","datePublished":"2023-04-05T07:33:51+00:00","dateModified":"2023-04-05T08:28:15+00:00","author":{"@id":"https:\/\/eurecat.org\/es\/#\/schema\/person\/540d47fd9da63c4587cbae01b88e4db3"},"breadcrumb":{"@id":"https:\/\/eurecat.org\/es\/referentes-en-cambio-climatico-y-transicion-ecologica\/#breadcrumb"},"inLanguage":"es","potentialAction":[{"@type":"ReadAction","target":["https:\/\/eurecat.org\/es\/referentes-en-cambio-climatico-y-transicion-ecologica\/"]}]},{"@type":"ImageObject","inLanguage":"es","@id":"https:\/\/eurecat.org\/es\/referentes-en-cambio-climatico-y-transicion-ecologica\/#primaryimage","url":"https:\/\/eurecat.org\/wp-content\/uploads\/2023\/03\/2019FORUMTURISTIC378_retall.jpg","contentUrl":"https:\/\/eurecat.org\/wp-content\/uploads\/2023\/03\/2019FORUMTURISTIC378_retall.jpg","width":1577,"height":1324,"caption":"Xavier Torra"},{"@type":"BreadcrumbList","@id":"https:\/\/eurecat.org\/es\/referentes-en-cambio-climatico-y-transicion-ecologica\/#breadcrumb","itemListElement":[{"@type":"ListItem","position":1,"name":"Inici","item":"https:\/\/eurecat.org\/es\/"},{"@type":"ListItem","position":2,"name":"Referentes en cambio clim\u00e1tico y transici\u00f3n ecol\u00f3gica"}]},{"@type":"WebSite","@id":"https:\/\/eurecat.org\/es\/#website","url":"https:\/\/eurecat.org\/es\/","name":"Eurecat","description":"Otro sitio realizado con WordPress","potentialAction":[{"@type":"SearchAction","target":{"@type":"EntryPoint","urlTemplate":"https:\/\/eurecat.org\/es\/?s={search_term_string}"},"query-input":{"@type":"PropertyValueSpecification","valueRequired":true,"valueName":"search_term_string"}}],"inLanguage":"es"},{"@type":"Person","@id":"https:\/\/eurecat.org\/es\/#\/schema\/person\/540d47fd9da63c4587cbae01b88e4db3","name":"EurecatEM","image":{"@type":"ImageObject","inLanguage":"es","@id":"https:\/\/secure.gravatar.com\/avatar\/deb330c0660ac5bf74cae5724d94229935e34c26df9bce576399b4da2212af05?s=96&d=mm&r=g","url":"https:\/\/secure.gravatar.com\/avatar\/deb330c0660ac5bf74cae5724d94229935e34c26df9bce576399b4da2212af05?s=96&d=mm&r=g","contentUrl":"https:\/\/secure.gravatar.com\/avatar\/deb330c0660ac5bf74cae5724d94229935e34c26df9bce576399b4da2212af05?s=96&d=mm&r=g","caption":"EurecatEM"}}]}},"_links":{"self":[{"href":"https:\/\/eurecat.org\/es\/wp-json\/wp\/v2\/posts\/133902","targetHints":{"allow":["GET"]}}],"collection":[{"href":"https:\/\/eurecat.org\/es\/wp-json\/wp\/v2\/posts"}],"about":[{"href":"https:\/\/eurecat.org\/es\/wp-json\/wp\/v2\/types\/post"}],"author":[{"embeddable":true,"href":"https:\/\/eurecat.org\/es\/wp-json\/wp\/v2\/users\/6"}],"replies":[{"embeddable":true,"href":"https:\/\/eurecat.org\/es\/wp-json\/wp\/v2\/comments?post=133902"}],"version-history":[{"count":1,"href":"https:\/\/eurecat.org\/es\/wp-json\/wp\/v2\/posts\/133902\/revisions"}],"predecessor-version":[{"id":133904,"href":"https:\/\/eurecat.org\/es\/wp-json\/wp\/v2\/posts\/133902\/revisions\/133904"}],"wp:featuredmedia":[{"embeddable":true,"href":"https:\/\/eurecat.org\/es\/wp-json\/wp\/v2\/media\/132048"}],"wp:attachment":[{"href":"https:\/\/eurecat.org\/es\/wp-json\/wp\/v2\/media?parent=133902"}],"wp:term":[{"taxonomy":"category","embeddable":true,"href":"https:\/\/eurecat.org\/es\/wp-json\/wp\/v2\/categories?post=133902"},{"taxonomy":"post_tag","embeddable":true,"href":"https:\/\/eurecat.org\/es\/wp-json\/wp\/v2\/tags?post=133902"}],"curies":[{"name":"wp","href":"https:\/\/api.w.org\/{rel}","templated":true}]}}