{"id":134531,"date":"2023-04-21T12:29:08","date_gmt":"2023-04-21T11:29:08","guid":{"rendered":"https:\/\/eurecat.org\/novetats-cientifiques-i-editorials-deurecat-per-la-diada-de-sant-jordi\/"},"modified":"2023-04-25T09:59:37","modified_gmt":"2023-04-25T08:59:37","slug":"novetats-cientifiques-i-editorials-deurecat-per-la-diada-de-sant-jordi","status":"publish","type":"post","link":"https:\/\/eurecat.org\/es\/novetats-cientifiques-i-editorials-deurecat-per-la-diada-de-sant-jordi\/","title":{"rendered":"Novedades cient\u00edficas y editoriales de Eurecat para la Diada de Sant Jordi 2023"},"content":{"rendered":"<div class=\"fusion-fullwidth fullwidth-box fusion-builder-row-1 fusion-flex-container nonhundred-percent-fullwidth non-hundred-percent-height-scrolling\" style=\"--awb-border-radius-top-left:0px;--awb-border-radius-top-right:0px;--awb-border-radius-bottom-right:0px;--awb-border-radius-bottom-left:0px;--awb-flex-wrap:wrap;\" ><div class=\"fusion-builder-row fusion-row fusion-flex-align-items-flex-start fusion-flex-content-wrap\" style=\"max-width:1424.8px;margin-left: calc(-4% \/ 2 );margin-right: calc(-4% \/ 2 );\"><div class=\"fusion-layout-column fusion_builder_column fusion-builder-column-0 fusion_builder_column_1_1 1_1 fusion-flex-column\" style=\"--awb-bg-size:cover;--awb-width-large:100%;--awb-margin-top-large:0px;--awb-spacing-right-large:1.92%;--awb-margin-bottom-large:0px;--awb-spacing-left-large:1.92%;--awb-width-medium:100%;--awb-spacing-right-medium:1.92%;--awb-spacing-left-medium:1.92%;--awb-width-small:100%;--awb-spacing-right-small:1.92%;--awb-spacing-left-small:1.92%;\"><div class=\"fusion-column-wrapper fusion-flex-justify-content-flex-start fusion-content-layout-column\"><div class=\"fusion-text fusion-text-1\"><p>En Eurecat celebramos el D\u00eda de Sant Jordi impulsando la creaci\u00f3n y la difusi\u00f3n de la cultura cient\u00edfica y las recopilamos a trav\u00e9s de este <strong>Road map literario apl\u00edcado a la ciencia ya la innovaci\u00f3n<\/strong> que abarca desde la elaboraci\u00f3n de papeles a cargo del personal cient\u00edfico, primer paso en la investigaci\u00f3n, a la aplicaci\u00f3n de la innovaci\u00f3n en nuevos proyectos de transformaci\u00f3n digital tambi\u00e9n en el sector literario y por supuesto las novedades literarias de nuestro personal, tambi\u00e9n fuera del \u00e1mbito cient\u00edfico.<\/p>\n<h2>14 papers de divulgaci\u00f3n cient\u00edfica a tu alcance<\/h2>\n<p>A continuaci\u00f3n, puedes consultar 14 papeles publicados en distintos \u00e1mbitos cient\u00edficos como el 3D Printing, algoritmos procedurales o en metab\u00f3lica entre otros.<\/p>\n<ul>\n<li>\n<p class=\"p2\"><span class=\"s1\"><span class=\"Apple-converted-space\">\u00a0<\/span><\/span><strong>Characterization of direct ink write pure silk fibroin based on alcohol post-treatments<\/strong> | La fibro\u00edna de seda es un material peculiar y con mucho potencial en el \u00e1mbito de los dispositivos m\u00e9dicos. Este paper estudia sus propiedades una vez procesado mediante 3D Printing.<\/p>\n<\/li>\n<li>\n<p class=\"p1\"><strong>Controlled poling of a fully printed piezoelectric PVDF-TrFE device as a multifunctional platform with inkjet-printed silver electrodes<span class=\"s1\">\u2020<\/span> <\/strong>| Este trabajo afronta el reto de imprimir dispositivos piezoel\u00e9ctricos, aqu\u00e9llos que generan electricidad a partir de un est\u00edmulo de presi\u00f3n.<\/p>\n<\/li>\n<li>\n<p class=\"p1\"><strong>Space Filling Curves for Optimising Single Point Incremental Sheet Forming using Supervised Learning Algorithms<\/strong> | Nuestra m\u00e1quina de Incremental Sheet Forming de Cerdanyola ha visto mejoradas sus prestaciones al utilizar una nueva generaci\u00f3n de algoritmos procedurales.<\/p>\n<\/li>\n<li>\n<p class=\"p1\"><strong>Design and Experimental Evaluation of an Aerial Solution for Visual Inspection of Tunnel-like Infrastructures<\/strong> | Se presentan los resultados de la investigaci\u00f3n dirigida a la inspecci\u00f3n de infraestructuras tipo t\u00fanel mediante drones a\u00e9reos.<\/p>\n<\/li>\n<li>\n<p class=\"p1\"><strong>Smart textile lighting\/display system with multifunctional fibre devices for large scale smart home and IoT applications<\/strong> | Este trabajo afronta el gran reto de conseguir la funcionalidad de pantallas RGB con tejidos inteligentes.<\/p>\n<\/li>\n<li>\n<p class=\"p1\"><strong>Optimization of a GC-MS Injection-Port Derivatization Methodology to Enhance Metabolomics Analysis Throughput in Biological Samples<\/strong> | Propuesta de metodolog\u00eda para incrementar el rendimiento de los an\u00e1lisis metabol\u00f3micos en plasma por cromatograf\u00eda de gases acoplada a espectrometr\u00eda de masas (GC-MS)<\/p>\n<\/li>\n<li>\n<p class=\"p1\"><strong>Imbalances in TCA, Short Fatty Acids and One-Carbon Metabolisms as Important Features of Homeostatic Disruption Evidenced by a Multi-Omics Integrative Approach of LPS-Induced Chronic Inflammation in Male Wistar Rats<\/strong> | Se profundiza en la comprensi\u00f3n de las alteraciones metab\u00f3licas asociadas a patolog\u00edas con componente inflamatorio clave como la esteatosis hep\u00e1tica no alcoh\u00f3lica o cardiovasculares a partir de la obtenci\u00f3n de firmas metab\u00f3licas inflamatorias.<\/p>\n<\/li>\n<li>\n<p class=\"p1\"><strong>Descriptors of intrinsic hydrodynamic thermal transport: screening a phonon database in a machine learning approach<\/strong> | Una exploraci\u00f3n de los or\u00edgenes intr\u00ednsecos del transporte t\u00e9rmico hidrodin\u00e1mico mediante t\u00e9cnicas abstractas de aprendizaje autom\u00e1tico con el objetivo de encontrar nuevos materiales que sean interesantes para la ciencia y la ingenier\u00eda.<\/p>\n<\/li>\n<li>\n<p class=\"p1\"><strong>A Survey on Uncertainty Estimation in Deep Learning Classification Systems from a Bayesian Perspective<\/strong> | Una encuesta de los distintos m\u00e9todos que se han dise\u00f1ado para proporcionar sistemas de clasificaci\u00f3n basados \u200b\u200ben el aprendizaje profundo con mecanismos para medir la incertidumbre de sus predicciones. Tambi\u00e9n incluye una revisi\u00f3n de algunas de las propiedades a tener en cuenta a la hora de desarrollar estas m\u00e9tricas.<\/p>\n<\/li>\n<li>\n<p class=\"p1\"><strong>Characterization of a proteomic profile associated with organ dysfunction and mortality of sepsis and septic shock<\/strong> | Una forma de identificar mediante t\u00e9cnicas \u00f3micas biomarcadores de prote\u00ednas potenciales que se expresan en pacientes con sepsis y su relaci\u00f3n con la disfunci\u00f3n org\u00e1nica y la mortalidad.<\/p>\n<\/li>\n<li>\n<p class=\"p1\"><strong>A Neurodynamic model of Saliency prediction in V1<\/strong> | Un modelo computacional biol\u00f3gicamente plausible de interacciones laterales de la corteza visual primaria (V1) que es capaz de predecir simult\u00e1neamente la relevancia (atenci\u00f3n visual de abajo a arriba) y diversos procesos visuales como la inducci\u00f3n del brillo, la inducci\u00f3n crom\u00e1tica y el malestar visual.<\/p>\n<\/li>\n<li>\n<p class=\"p1\"><strong>Sea-level rise, marine storms and the resilience of Mediterranean coastal wetlands: lessons learned from the Ebro Delta<\/strong> | La gesti\u00f3n de situaciones extremas en el Mediterr\u00e1neo como la tormenta Gloria con soluciones basadas en la naturaleza es lo m\u00e1s rentable y sostenible a largo plazo. En este trabajo, se habla de la adecuaci\u00f3n de implementar este tipo de soluciones a lo largo de la costa mediterr\u00e1nea.<\/p>\n<\/li>\n<li>\n<p class=\"p1\"><strong>Chlorine Concentration Modelling and Supervision in Water Distribution Systems<\/strong>\u00a0| La calidad del agua potable distribuida por las redes es muy importante para los operadores, en este trabajo se estudia el mayor desinfectante, el cloro, modelizando su concentraci\u00f3n en las redes de distribuci\u00f3n.<\/p>\n<\/li>\n<li>\n<p class=\"p1\"><strong>Life cycle costing for plasma gasification of municipal solid waste: A socioeconomic approach<\/strong> | Este trabajo eval\u00faa los aspectos socioecon\u00f3micos de la gasificaci\u00f3n por plasma promoviendo un sistema de gesti\u00f3n de residuos m\u00e1s sostenible<\/p>\n<\/li>\n<\/ul>\n<h2>Conoce las aplicaciones inmersivas e interactivas para fomentar la lectura que impulsa el proyecto M\u00f6bius<\/h2>\n<p>El proyecto europeo <a href=\"https:\/\/eurecat.org\/es\/portfolio-items\/mobius\/\">M\u00f6bius<\/a>, que coordinamos desde Eurecat, ha empezado a <strong>ensayar herramientas y tecnolog\u00edas para fomentar la lectura en un entorno digital a partir de una nueva experiencia inmersiva<\/strong>, <strong>interactiva y multiplataforma<\/strong> que <strong>modernizar\u00e1 el formato de libro tradicional<\/strong> y aprovechar\u00e1 el potencial de los <strong>prosumidores<\/strong>.<\/p>\n<p>En concreto, el proyecto <strong>est\u00e1 desarrollando una aplicaci\u00f3n web<\/strong> <strong>que busca transformar sus historias en experiencias inmersivas<\/strong> y una <strong>aplicaci\u00f3n m\u00f3vil que permitir\u00e1 al lector disfrutar del libro con audio 3D y visualizaciones<\/strong>. De este modo, se impulsar\u00e1n nuevas experiencias cross-media de libros inmersivos e interactivos con medios digitales que integrar\u00e1n una versi\u00f3n online con capacidad de interacci\u00f3n social, un audiolibro con audio 3D y reproducci\u00f3n binaural para favorecer la inmersi\u00f3n, as\u00ed como contenido audiovisual basado en los elementos art\u00edsticos del libro.<\/p>\n<h2>Novedades editoriales<\/h2>\n<p>En el campo editorial destacamos los llibres de <a href=\"https:\/\/www.jaumecaro.es\/\">Jaume Caro<\/a>, Head of Surface Technology, de la Unidd de Materiales Cer\u00e1micos, qui\u00e9n cuenta con dos obras literarias publicadas por Caligrama en las que ofrece su mirada personal:<\/p>\n<ul>\n<li><a href=\"https:\/\/www.casadellibro.com\/libro-ibd-lo-que-nos-quedo-por-contar\/9788417382018\/6462632?campaignid=17496927113&amp;adgroupid&amp;feeditemid&amp;targetid&amp;matchtype&amp;network=x&amp;device=c&amp;devicemodel&amp;ifmobile%3A%5Bmobile%5D&amp;ifnotmobile%3A%5Bnotmobile%5D=%5Bnotmobile%5D&amp;ifsearch%3A%5Bsearch%5D&amp;ifcontent%3A%5Bdisplay%5D&amp;creative&amp;keyword&amp;placement&amp;target&amp;adposition&amp;gclid=Cj0KCQjwxYOiBhC9ARIsANiEIfbmN51CCTPB-A0cdI9hf6RkPAdN9qC45LM3ooOUq3H03c-evu5piF0aAr-jEALw_wcB\">Lo que nos qued\u00f3 por contar<\/a>: un relato novelado sobre el inicio de la Guerra Civil Espa\u00f1ola en Andaluc\u00eda y Extrrmadura<\/li>\n<li><a href=\"https:\/\/www.casadellibro.com\/libro-ibd-sal-de-tierra-sal-de-mar\/9788417856243\/10081881\">Sal de tierra, sal de mar<\/a>: una historia sobre \u00abvides entrelazadas, deseos frustrados, esperanzas sepultadas en un valle de silencio, com la sal enterrada bajo tierra que anela encontrarse con su hermana del mar\u00bb.<\/li>\n<\/ul>\n<p>Por otra parte, \u00c0urea Rodr\u00edguez, Interim Director at EIT Culture &amp; Creativity, tambi\u00e9n ha publicado en los \u00faltimos meses <a href=\"https:\/\/www.amazon.es\/Antes-muetrta-anal%C3%B3gica-%C3%81urea-Rodr%C3%ADguez\/dp\/8417994998\">Antes muerta que anal\u00f3gica<\/a>, un libro donde ofrece una visi\u00f3n panor\u00e1mica del papel que juegan las nuevas tecnolog\u00edas en \u00e1mbitos como los negocios, la comunicaci\u00f3n, la salud u otros aspectos de nuestra vida cotidiana y que pretende ser una ayuda conceptual con una mirada femenina en un per\u00edodo de transici\u00f3n complejo, que todav\u00eda se encuentra en proceso de construcci\u00f3n.<\/p>\n<p>\u00a1Disfruta de este Sant Jordi con ciencia!<\/p>\n<\/div><\/div><\/div><\/div><\/div>\n","protected":false},"excerpt":{"rendered":"","protected":false},"author":6,"featured_media":134528,"comment_status":"open","ping_status":"closed","sticky":false,"template":"","format":"standard","meta":{"footnotes":""},"categories":[133],"tags":[],"class_list":["post-134531","post","type-post","status-publish","format-standard","has-post-thumbnail","hentry","category-blog"],"yoast_head":"<!-- This site is optimized with the Yoast SEO plugin v27.4 - https:\/\/yoast.com\/product\/yoast-seo-wordpress\/ -->\n<title>Novedades cient\u00edficas y editoriales de Eurecat para la Diada de Sant Jordi 2023 - Eurecat<\/title>\n<meta name=\"robots\" content=\"index, follow, max-snippet:-1, max-image-preview:large, max-video-preview:-1\" \/>\n<link rel=\"canonical\" href=\"https:\/\/eurecat.org\/es\/novetats-cientifiques-i-editorials-deurecat-per-la-diada-de-sant-jordi\/\" \/>\n<meta property=\"og:locale\" content=\"es_ES\" \/>\n<meta property=\"og:type\" content=\"article\" \/>\n<meta property=\"og:title\" content=\"Novedades cient\u00edficas y editoriales de Eurecat para la Diada de Sant Jordi 2023 - Eurecat\" \/>\n<meta property=\"og:url\" content=\"https:\/\/eurecat.org\/es\/novetats-cientifiques-i-editorials-deurecat-per-la-diada-de-sant-jordi\/\" \/>\n<meta property=\"og:site_name\" content=\"Eurecat\" \/>\n<meta property=\"article:published_time\" content=\"2023-04-21T11:29:08+00:00\" \/>\n<meta property=\"article:modified_time\" content=\"2023-04-25T08:59:37+00:00\" \/>\n<meta property=\"og:image\" content=\"https:\/\/eurecat.org\/wp-content\/uploads\/2023\/04\/sant-jordi-eurecat-3.jpg\" \/>\n\t<meta property=\"og:image:width\" content=\"640\" \/>\n\t<meta property=\"og:image:height\" content=\"427\" \/>\n\t<meta property=\"og:image:type\" content=\"image\/jpeg\" \/>\n<meta name=\"author\" content=\"EurecatEM\" \/>\n<meta name=\"twitter:card\" content=\"summary_large_image\" \/>\n<meta name=\"twitter:label1\" content=\"Escrito por\" \/>\n\t<meta name=\"twitter:data1\" content=\"EurecatEM\" \/>\n\t<meta name=\"twitter:label2\" content=\"Tiempo de lectura\" \/>\n\t<meta name=\"twitter:data2\" content=\"7 minutos\" \/>\n<script type=\"application\/ld+json\" class=\"yoast-schema-graph\">{\"@context\":\"https:\\\/\\\/schema.org\",\"@graph\":[{\"@type\":\"Article\",\"@id\":\"https:\\\/\\\/eurecat.org\\\/es\\\/novetats-cientifiques-i-editorials-deurecat-per-la-diada-de-sant-jordi\\\/#article\",\"isPartOf\":{\"@id\":\"https:\\\/\\\/eurecat.org\\\/es\\\/novetats-cientifiques-i-editorials-deurecat-per-la-diada-de-sant-jordi\\\/\"},\"author\":{\"name\":\"EurecatEM\",\"@id\":\"https:\\\/\\\/eurecat.org\\\/es\\\/#\\\/schema\\\/person\\\/540d47fd9da63c4587cbae01b88e4db3\"},\"headline\":\"Novedades cient\u00edficas y editoriales de Eurecat para la Diada de Sant Jordi 2023\",\"datePublished\":\"2023-04-21T11:29:08+00:00\",\"dateModified\":\"2023-04-25T08:59:37+00:00\",\"mainEntityOfPage\":{\"@id\":\"https:\\\/\\\/eurecat.org\\\/es\\\/novetats-cientifiques-i-editorials-deurecat-per-la-diada-de-sant-jordi\\\/\"},\"wordCount\":1429,\"commentCount\":0,\"image\":{\"@id\":\"https:\\\/\\\/eurecat.org\\\/es\\\/novetats-cientifiques-i-editorials-deurecat-per-la-diada-de-sant-jordi\\\/#primaryimage\"},\"thumbnailUrl\":\"https:\\\/\\\/eurecat.org\\\/wp-content\\\/uploads\\\/2023\\\/04\\\/sant-jordi-eurecat-3.jpg\",\"articleSection\":[\"Blog\"],\"inLanguage\":\"es\",\"potentialAction\":[{\"@type\":\"CommentAction\",\"name\":\"Comment\",\"target\":[\"https:\\\/\\\/eurecat.org\\\/es\\\/novetats-cientifiques-i-editorials-deurecat-per-la-diada-de-sant-jordi\\\/#respond\"]}]},{\"@type\":\"WebPage\",\"@id\":\"https:\\\/\\\/eurecat.org\\\/es\\\/novetats-cientifiques-i-editorials-deurecat-per-la-diada-de-sant-jordi\\\/\",\"url\":\"https:\\\/\\\/eurecat.org\\\/es\\\/novetats-cientifiques-i-editorials-deurecat-per-la-diada-de-sant-jordi\\\/\",\"name\":\"Novedades cient\u00edficas y editoriales de Eurecat para la Diada de Sant Jordi 2023 - Eurecat\",\"isPartOf\":{\"@id\":\"https:\\\/\\\/eurecat.org\\\/es\\\/#website\"},\"primaryImageOfPage\":{\"@id\":\"https:\\\/\\\/eurecat.org\\\/es\\\/novetats-cientifiques-i-editorials-deurecat-per-la-diada-de-sant-jordi\\\/#primaryimage\"},\"image\":{\"@id\":\"https:\\\/\\\/eurecat.org\\\/es\\\/novetats-cientifiques-i-editorials-deurecat-per-la-diada-de-sant-jordi\\\/#primaryimage\"},\"thumbnailUrl\":\"https:\\\/\\\/eurecat.org\\\/wp-content\\\/uploads\\\/2023\\\/04\\\/sant-jordi-eurecat-3.jpg\",\"datePublished\":\"2023-04-21T11:29:08+00:00\",\"dateModified\":\"2023-04-25T08:59:37+00:00\",\"author\":{\"@id\":\"https:\\\/\\\/eurecat.org\\\/es\\\/#\\\/schema\\\/person\\\/540d47fd9da63c4587cbae01b88e4db3\"},\"breadcrumb\":{\"@id\":\"https:\\\/\\\/eurecat.org\\\/es\\\/novetats-cientifiques-i-editorials-deurecat-per-la-diada-de-sant-jordi\\\/#breadcrumb\"},\"inLanguage\":\"es\",\"potentialAction\":[{\"@type\":\"ReadAction\",\"target\":[\"https:\\\/\\\/eurecat.org\\\/es\\\/novetats-cientifiques-i-editorials-deurecat-per-la-diada-de-sant-jordi\\\/\"]}]},{\"@type\":\"ImageObject\",\"inLanguage\":\"es\",\"@id\":\"https:\\\/\\\/eurecat.org\\\/es\\\/novetats-cientifiques-i-editorials-deurecat-per-la-diada-de-sant-jordi\\\/#primaryimage\",\"url\":\"https:\\\/\\\/eurecat.org\\\/wp-content\\\/uploads\\\/2023\\\/04\\\/sant-jordi-eurecat-3.jpg\",\"contentUrl\":\"https:\\\/\\\/eurecat.org\\\/wp-content\\\/uploads\\\/2023\\\/04\\\/sant-jordi-eurecat-3.jpg\",\"width\":640,\"height\":427,\"caption\":\"eurecat sant jordi\"},{\"@type\":\"BreadcrumbList\",\"@id\":\"https:\\\/\\\/eurecat.org\\\/es\\\/novetats-cientifiques-i-editorials-deurecat-per-la-diada-de-sant-jordi\\\/#breadcrumb\",\"itemListElement\":[{\"@type\":\"ListItem\",\"position\":1,\"name\":\"Inici\",\"item\":\"https:\\\/\\\/eurecat.org\\\/es\\\/\"},{\"@type\":\"ListItem\",\"position\":2,\"name\":\"Novedades cient\u00edficas y editoriales de Eurecat para la Diada de Sant Jordi 2023\"}]},{\"@type\":\"WebSite\",\"@id\":\"https:\\\/\\\/eurecat.org\\\/es\\\/#website\",\"url\":\"https:\\\/\\\/eurecat.org\\\/es\\\/\",\"name\":\"Eurecat\",\"description\":\"Otro sitio realizado con WordPress\",\"potentialAction\":[{\"@type\":\"SearchAction\",\"target\":{\"@type\":\"EntryPoint\",\"urlTemplate\":\"https:\\\/\\\/eurecat.org\\\/es\\\/?s={search_term_string}\"},\"query-input\":{\"@type\":\"PropertyValueSpecification\",\"valueRequired\":true,\"valueName\":\"search_term_string\"}}],\"inLanguage\":\"es\"},{\"@type\":\"Person\",\"@id\":\"https:\\\/\\\/eurecat.org\\\/es\\\/#\\\/schema\\\/person\\\/540d47fd9da63c4587cbae01b88e4db3\",\"name\":\"EurecatEM\",\"image\":{\"@type\":\"ImageObject\",\"inLanguage\":\"es\",\"@id\":\"https:\\\/\\\/secure.gravatar.com\\\/avatar\\\/deb330c0660ac5bf74cae5724d94229935e34c26df9bce576399b4da2212af05?s=96&d=mm&r=g\",\"url\":\"https:\\\/\\\/secure.gravatar.com\\\/avatar\\\/deb330c0660ac5bf74cae5724d94229935e34c26df9bce576399b4da2212af05?s=96&d=mm&r=g\",\"contentUrl\":\"https:\\\/\\\/secure.gravatar.com\\\/avatar\\\/deb330c0660ac5bf74cae5724d94229935e34c26df9bce576399b4da2212af05?s=96&d=mm&r=g\",\"caption\":\"EurecatEM\"}}]}<\/script>\n<!-- \/ Yoast SEO plugin. -->","yoast_head_json":{"title":"Novedades cient\u00edficas y editoriales de Eurecat para la Diada de Sant Jordi 2023 - Eurecat","robots":{"index":"index","follow":"follow","max-snippet":"max-snippet:-1","max-image-preview":"max-image-preview:large","max-video-preview":"max-video-preview:-1"},"canonical":"https:\/\/eurecat.org\/es\/novetats-cientifiques-i-editorials-deurecat-per-la-diada-de-sant-jordi\/","og_locale":"es_ES","og_type":"article","og_title":"Novedades cient\u00edficas y editoriales de Eurecat para la Diada de Sant Jordi 2023 - Eurecat","og_url":"https:\/\/eurecat.org\/es\/novetats-cientifiques-i-editorials-deurecat-per-la-diada-de-sant-jordi\/","og_site_name":"Eurecat","article_published_time":"2023-04-21T11:29:08+00:00","article_modified_time":"2023-04-25T08:59:37+00:00","og_image":[{"width":640,"height":427,"url":"https:\/\/eurecat.org\/wp-content\/uploads\/2023\/04\/sant-jordi-eurecat-3.jpg","type":"image\/jpeg"}],"author":"EurecatEM","twitter_card":"summary_large_image","twitter_misc":{"Escrito por":"EurecatEM","Tiempo de lectura":"7 minutos"},"schema":{"@context":"https:\/\/schema.org","@graph":[{"@type":"Article","@id":"https:\/\/eurecat.org\/es\/novetats-cientifiques-i-editorials-deurecat-per-la-diada-de-sant-jordi\/#article","isPartOf":{"@id":"https:\/\/eurecat.org\/es\/novetats-cientifiques-i-editorials-deurecat-per-la-diada-de-sant-jordi\/"},"author":{"name":"EurecatEM","@id":"https:\/\/eurecat.org\/es\/#\/schema\/person\/540d47fd9da63c4587cbae01b88e4db3"},"headline":"Novedades cient\u00edficas y editoriales de Eurecat para la Diada de Sant Jordi 2023","datePublished":"2023-04-21T11:29:08+00:00","dateModified":"2023-04-25T08:59:37+00:00","mainEntityOfPage":{"@id":"https:\/\/eurecat.org\/es\/novetats-cientifiques-i-editorials-deurecat-per-la-diada-de-sant-jordi\/"},"wordCount":1429,"commentCount":0,"image":{"@id":"https:\/\/eurecat.org\/es\/novetats-cientifiques-i-editorials-deurecat-per-la-diada-de-sant-jordi\/#primaryimage"},"thumbnailUrl":"https:\/\/eurecat.org\/wp-content\/uploads\/2023\/04\/sant-jordi-eurecat-3.jpg","articleSection":["Blog"],"inLanguage":"es","potentialAction":[{"@type":"CommentAction","name":"Comment","target":["https:\/\/eurecat.org\/es\/novetats-cientifiques-i-editorials-deurecat-per-la-diada-de-sant-jordi\/#respond"]}]},{"@type":"WebPage","@id":"https:\/\/eurecat.org\/es\/novetats-cientifiques-i-editorials-deurecat-per-la-diada-de-sant-jordi\/","url":"https:\/\/eurecat.org\/es\/novetats-cientifiques-i-editorials-deurecat-per-la-diada-de-sant-jordi\/","name":"Novedades cient\u00edficas y editoriales de Eurecat para la Diada de Sant Jordi 2023 - Eurecat","isPartOf":{"@id":"https:\/\/eurecat.org\/es\/#website"},"primaryImageOfPage":{"@id":"https:\/\/eurecat.org\/es\/novetats-cientifiques-i-editorials-deurecat-per-la-diada-de-sant-jordi\/#primaryimage"},"image":{"@id":"https:\/\/eurecat.org\/es\/novetats-cientifiques-i-editorials-deurecat-per-la-diada-de-sant-jordi\/#primaryimage"},"thumbnailUrl":"https:\/\/eurecat.org\/wp-content\/uploads\/2023\/04\/sant-jordi-eurecat-3.jpg","datePublished":"2023-04-21T11:29:08+00:00","dateModified":"2023-04-25T08:59:37+00:00","author":{"@id":"https:\/\/eurecat.org\/es\/#\/schema\/person\/540d47fd9da63c4587cbae01b88e4db3"},"breadcrumb":{"@id":"https:\/\/eurecat.org\/es\/novetats-cientifiques-i-editorials-deurecat-per-la-diada-de-sant-jordi\/#breadcrumb"},"inLanguage":"es","potentialAction":[{"@type":"ReadAction","target":["https:\/\/eurecat.org\/es\/novetats-cientifiques-i-editorials-deurecat-per-la-diada-de-sant-jordi\/"]}]},{"@type":"ImageObject","inLanguage":"es","@id":"https:\/\/eurecat.org\/es\/novetats-cientifiques-i-editorials-deurecat-per-la-diada-de-sant-jordi\/#primaryimage","url":"https:\/\/eurecat.org\/wp-content\/uploads\/2023\/04\/sant-jordi-eurecat-3.jpg","contentUrl":"https:\/\/eurecat.org\/wp-content\/uploads\/2023\/04\/sant-jordi-eurecat-3.jpg","width":640,"height":427,"caption":"eurecat sant jordi"},{"@type":"BreadcrumbList","@id":"https:\/\/eurecat.org\/es\/novetats-cientifiques-i-editorials-deurecat-per-la-diada-de-sant-jordi\/#breadcrumb","itemListElement":[{"@type":"ListItem","position":1,"name":"Inici","item":"https:\/\/eurecat.org\/es\/"},{"@type":"ListItem","position":2,"name":"Novedades cient\u00edficas y editoriales de Eurecat para la Diada de Sant Jordi 2023"}]},{"@type":"WebSite","@id":"https:\/\/eurecat.org\/es\/#website","url":"https:\/\/eurecat.org\/es\/","name":"Eurecat","description":"Otro sitio realizado con WordPress","potentialAction":[{"@type":"SearchAction","target":{"@type":"EntryPoint","urlTemplate":"https:\/\/eurecat.org\/es\/?s={search_term_string}"},"query-input":{"@type":"PropertyValueSpecification","valueRequired":true,"valueName":"search_term_string"}}],"inLanguage":"es"},{"@type":"Person","@id":"https:\/\/eurecat.org\/es\/#\/schema\/person\/540d47fd9da63c4587cbae01b88e4db3","name":"EurecatEM","image":{"@type":"ImageObject","inLanguage":"es","@id":"https:\/\/secure.gravatar.com\/avatar\/deb330c0660ac5bf74cae5724d94229935e34c26df9bce576399b4da2212af05?s=96&d=mm&r=g","url":"https:\/\/secure.gravatar.com\/avatar\/deb330c0660ac5bf74cae5724d94229935e34c26df9bce576399b4da2212af05?s=96&d=mm&r=g","contentUrl":"https:\/\/secure.gravatar.com\/avatar\/deb330c0660ac5bf74cae5724d94229935e34c26df9bce576399b4da2212af05?s=96&d=mm&r=g","caption":"EurecatEM"}}]}},"_links":{"self":[{"href":"https:\/\/eurecat.org\/es\/wp-json\/wp\/v2\/posts\/134531","targetHints":{"allow":["GET"]}}],"collection":[{"href":"https:\/\/eurecat.org\/es\/wp-json\/wp\/v2\/posts"}],"about":[{"href":"https:\/\/eurecat.org\/es\/wp-json\/wp\/v2\/types\/post"}],"author":[{"embeddable":true,"href":"https:\/\/eurecat.org\/es\/wp-json\/wp\/v2\/users\/6"}],"replies":[{"embeddable":true,"href":"https:\/\/eurecat.org\/es\/wp-json\/wp\/v2\/comments?post=134531"}],"version-history":[{"count":1,"href":"https:\/\/eurecat.org\/es\/wp-json\/wp\/v2\/posts\/134531\/revisions"}],"predecessor-version":[{"id":134627,"href":"https:\/\/eurecat.org\/es\/wp-json\/wp\/v2\/posts\/134531\/revisions\/134627"}],"wp:featuredmedia":[{"embeddable":true,"href":"https:\/\/eurecat.org\/es\/wp-json\/wp\/v2\/media\/134528"}],"wp:attachment":[{"href":"https:\/\/eurecat.org\/es\/wp-json\/wp\/v2\/media?parent=134531"}],"wp:term":[{"taxonomy":"category","embeddable":true,"href":"https:\/\/eurecat.org\/es\/wp-json\/wp\/v2\/categories?post=134531"},{"taxonomy":"post_tag","embeddable":true,"href":"https:\/\/eurecat.org\/es\/wp-json\/wp\/v2\/tags?post=134531"}],"curies":[{"name":"wp","href":"https:\/\/api.w.org\/{rel}","templated":true}]}}