{"id":134868,"date":"2023-04-28T09:17:03","date_gmt":"2023-04-28T08:17:03","guid":{"rendered":"https:\/\/eurecat.org\/?p=134868"},"modified":"2023-05-03T09:04:51","modified_gmt":"2023-05-03T08:04:51","slug":"expoebre-innovaciones-cambio-climatico-sector-agroalimentario-tecnologias-fabricacion-avanzada-movilidad-electrica","status":"publish","type":"post","link":"https:\/\/eurecat.org\/es\/expoebre-innovaciones-cambio-climatico-sector-agroalimentario-tecnologias-fabricacion-avanzada-movilidad-electrica\/","title":{"rendered":"Eurecat presenta en la feria Expoebre innovaciones en los \u00e1mbitos del cambio clim\u00e1tico, del sector agroalimentario y de tecnolog\u00edas de fabricaci\u00f3n avanzada y movilidad el\u00e9ctrica"},"content":{"rendered":"<div class=\"fusion-fullwidth fullwidth-box fusion-builder-row-1 fusion-flex-container nonhundred-percent-fullwidth non-hundred-percent-height-scrolling\" style=\"--awb-border-radius-top-left:0px;--awb-border-radius-top-right:0px;--awb-border-radius-bottom-right:0px;--awb-border-radius-bottom-left:0px;--awb-flex-wrap:wrap;\" ><div class=\"fusion-builder-row fusion-row fusion-flex-align-items-flex-start fusion-flex-content-wrap\" style=\"max-width:1424.8px;margin-left: calc(-4% \/ 2 );margin-right: calc(-4% \/ 2 );\"><div class=\"fusion-layout-column fusion_builder_column fusion-builder-column-0 fusion_builder_column_1_1 1_1 fusion-flex-column\" style=\"--awb-bg-size:cover;--awb-width-large:100%;--awb-margin-top-large:0px;--awb-spacing-right-large:1.92%;--awb-margin-bottom-large:0px;--awb-spacing-left-large:1.92%;--awb-width-medium:100%;--awb-spacing-right-medium:1.92%;--awb-spacing-left-medium:1.92%;--awb-width-small:100%;--awb-spacing-right-small:1.92%;--awb-spacing-left-small:1.92%;\"><div class=\"fusion-column-wrapper fusion-flex-justify-content-flex-start fusion-content-layout-column\"><div class=\"fusion-text fusion-text-1\"><p>El centro tecnol\u00f3gico <a href=\"https:\/\/eurecat.org\/\" target=\"_blank\" rel=\"noopener\">Eurecat<\/a> Amposta presenta a partir de hoy en Expoebre, la feria multisectorial de Tortosa, soluciones innovadoras para la adaptaci\u00f3n al cambio clim\u00e1tico, para envases sostenibles y en tecnolog\u00edas basadas en inteligencia artificial para el sector agroalimentario, para la fabricaci\u00f3n avanzada de piezas con impresi\u00f3n 3D y para la movilidad el\u00e9ctrica, dirigidas a empresas de las Terres de l&#8217;Ebre.<\/p>\n<p>En su stand en la zona Ebretech presenta, en el \u00e1mbito de la sostenibilidad, los avances del Centro en Resiliencia Clim\u00e1tica impulsado por Eurecat junto con otras entidades del territorio y de \u00e1mbito catal\u00e1n y espa\u00f1ol, ubicado en Amposta, desde donde desarrolla proyectos de investigaci\u00f3n aplicada y soluciones para la adaptaci\u00f3n y resiliencia frente al cambio clim\u00e1tico.<\/p>\n<p>\u201cNuestro territorio se convierte en un laboratorio vivo (Living Lab) donde impulsar investigaci\u00f3n e innovaci\u00f3n en la adaptaci\u00f3n a la emergencia clim\u00e1tica con soluciones para transferir a las empresas y la sociedad que se pueden extrapolar a otros lugares del Mediterr\u00e1neo, posicionando las Terres de l\u2019Ebre como territorio de referencia en materia de resiliencia clim\u00e1tica en Catalunya\u201d, explica el director cient\u00edfico del Centro en Resiliencia Clim\u00e1tica y director de la L\u00ednea de Cambio Clim\u00e1tico de Eurecat, Carles Ib\u00e1\u00f1ez.<\/p>\n<p>Por otra parte, Eurecat tambi\u00e9n da a conocer \u201ctecnolog\u00edas y proyectos relacionados con la innovaci\u00f3n tur\u00edstica, los bienes de consumo para los sectores del deporte y la construcci\u00f3n o las smart cities\u201d, como indica el responsable de desarrollo corporativo en las Terres de l\u2019Ebre del centro tecnol\u00f3gico Eurecat, Joan Marc Escudero, quien destaca que \u201cel conocimiento transversal y las capacidades multidisciplinares de los equipos del centro tecnol\u00f3gico son el sello diferencial que aporta valor a\u00f1adido a los proyectos desarrollados en \u00e1reas como la sostenibilidad, industrial, digital o biotecnol\u00f3gica\u201d.<\/p>\n<p>Las actividades que se presentan en Expoebre \u201cson una muestra del esfuerzo que los investigadores de Eurecat en la Catalunya Sur dedican a los sectores agroalimentario, qu\u00edmico y tur\u00edstico, entre otros, utilizando tecnolog\u00edas de cambio clim\u00e1tico, sostenibilidad, hidr\u00f3geno verde, nutrici\u00f3n y salud, qu\u00edmica, inteligencia artificial, nuevos materiales, e innovaci\u00f3n y desarrollo de producto, para ayudar a las empresas del territorio y, en general, a la poblaci\u00f3n de las Terres de l&#8217;Ebre y el Camp de Tarragona\u201d, se\u00f1ala el gerente territorial Catalunya Sur de Eurecat, Ignasi Papell.<\/p>\n<h2>Envases innovadores e Inteligencia Artificial para el sector agroalimentario<\/h2>\n<p>En cuanto al sector agroalimentario, Eurecat muestra un envase innovador y ambientalmente sostenible en formato bag-in-box seleccionado por la empresa familiar Miliunverd, ubicada en La S\u00e9nia y en Reus, para comercializar su aceite de oliva virgen extra \u2018Casol\u00ed\u2019.<\/p>\n<p>Tambi\u00e9n presenta un proyecto para optimizar el proceso de curaci\u00f3n de embutidos, implementado con el grupo de alimentaci\u00f3n Splendid Foods, que incorpora Inteligencia Artificial, Internet de las Cosas (IoT) y anal\u00edtica de datos.<\/p>\n<p>En el \u00e1mbito de las soluciones tecnol\u00f3gicas innovadoras para la movilidad el\u00e9ctrica y las ciudades inteligentes, se pueden conocer el conjunto de herramientas de autoevaluaci\u00f3n y de autoprotecci\u00f3n desarrolladas en el marco del proyecto europeo SELFY, liderado por Eurecat, para mejorar la resiliencia de los sistemas de movilidad aut\u00f3noma conectada cooperativa (CCAM) frente a potenciales ciberamenazas, con el objetivo de mejorar la seguridad y la resiliencia de estos sistemas.<\/p>\n<h2>Tecnolog\u00eda de fabricaci\u00f3n avanzada por impresi\u00f3n 3D<\/h2>\n<p>Por otro lado, en el stand de Eurecat en Ebretech se muestra la tecnolog\u00eda de fabricaci\u00f3n avanzada CFIP, que permite reforzar piezas fabricadas por impresi\u00f3n 3D mediante fibras continuas de carbono, multiplicando su resistencia y reduciendo su peso, con dos ejemplos concretos. Por un lado, unas botas de esqu\u00ed y en el \u00e1mbito de la construcci\u00f3n, una viga que incorpora resina biocompatible y fibra de carbono. Esta viga se ha dise\u00f1ado con algoritmos de optimizaci\u00f3n topol\u00f3gica con una metodolog\u00eda creada para la tecnolog\u00eda CFIP junto con la start-up Reinforce 3D, que tiene su sede en las instalaciones de Eurecat Amposta.<\/p>\n<p>Adem\u00e1s, para las peque\u00f1as y medianas empresas de los sectores de la construcci\u00f3n, mantenimiento de infraestructuras y gesti\u00f3n de residuos, Eurecat presenta su Roadmap en Econom\u00eda circular, que ofrece a las pymes un diagn\u00f3stico de madurez en circularidad y la definici\u00f3n de un plan de iniciativas a desarrollar. Las empresas de la demarcaci\u00f3n de Tarragona pueden acceder de forma gratuita a este asesoramiento en el marco del PECT Cuidemos lo que nos une. Carreteras m\u00e1s seguras y sostenibles, cofinanciado por la Generalitat de Catalunya en el marco del Programa operativo FEDER de Catalunya 2014-2020, objetivo de inversi\u00f3n en crecimiento y ocupaci\u00f3n, y por la Diputaci\u00f3n de Tarragona.<\/p>\n<p>Por \u00faltimo, el centro tecnol\u00f3gico Eurecat muestra en Expoebre dos iniciativas colaborativas en las que participa en los \u00e1mbitos del turismo y el hidr\u00f3geno, el CoE in Tourism Innovation y el Valle del Hidr\u00f3geno de Catalunya. En cuanto al Centro de Excelencia en Innovaci\u00f3n Tur\u00edstica, impulsa junto con sus empresas y organizaciones promotoras proyectos innovadores para abordar los retos y tendencias del sector para un turismo m\u00e1s resiliente y sostenible.<\/p>\n<h2>El Centro en Resiliencia Clim\u00e1tica (CRC)<\/h2>\n<p>El Centro en Resiliencia Clim\u00e1tica (CRC) es el centro de excelencia referente en Catalunya y relevante a nivel internacional para impulsar la investigaci\u00f3n y la innovaci\u00f3n en la adaptaci\u00f3n a la emergencia clim\u00e1tica, buscando soluciones transformadoras para transitar hacia el desarrollo sostenible y la digitalizaci\u00f3n.<\/p>\n<p>Las entidades impulsoras del Centro en Resiliencia Clim\u00e1tica son Eurecat, el Ayuntamiento de Amposta, la Universitat Rovira i Virgili (URV), el Consorcio de Pol\u00edticas Ambientales de las Terres de l\u2019Ebre (COPATE), el Centro de Investigaci\u00f3n Ecol\u00f3gica y Aplicaciones Forestales (CREAF, UAB), la Fundaci\u00f3n Catalunya La Pedrera (FCLP), la Fundaci\u00f3n Empresa y Clima (FEyC), el Observatorio del Ebro, SEO\/BirdLife, el Centro Internacional de Investigaci\u00f3n de los Recursos Costeros (CIIRC, UPC) y el Instituto Cartogr\u00e1fico y Geogr\u00e1fico de Catalunya (ICGC).<\/p>\n<\/div><\/div><\/div><\/div><\/div>\n","protected":false},"excerpt":{"rendered":"","protected":false},"author":27,"featured_media":134864,"comment_status":"open","ping_status":"closed","sticky":false,"template":"","format":"standard","meta":{"footnotes":""},"categories":[727,134],"tags":[],"class_list":["post-134868","post","type-post","status-publish","format-standard","has-post-thumbnail","hentry","category-ferias","category-notas-de-prensa"],"yoast_head":"<!-- This site is optimized with the Yoast SEO plugin v27.4 - https:\/\/yoast.com\/product\/yoast-seo-wordpress\/ -->\n<title>Eurecat presenta en la feria Expoebre innovaciones en los \u00e1mbitos del cambio clim\u00e1tico, del sector agroalimentario y de tecnolog\u00edas de fabricaci\u00f3n avanzada y movilidad el\u00e9ctrica - Eurecat<\/title>\n<meta name=\"description\" content=\"Expoebre innovaciones en los \u00e1mbitos del cambio clim\u00e1tico, del sector agroalimentario y de tecnolog\u00edas de fabricaci\u00f3n avanzada y movilidad el\u00e9ctrica\" \/>\n<meta name=\"robots\" content=\"index, follow, max-snippet:-1, max-image-preview:large, max-video-preview:-1\" \/>\n<link rel=\"canonical\" href=\"https:\/\/eurecat.org\/es\/expoebre-innovaciones-cambio-climatico-sector-agroalimentario-tecnologias-fabricacion-avanzada-movilidad-electrica\/\" \/>\n<meta property=\"og:locale\" content=\"es_ES\" \/>\n<meta property=\"og:type\" content=\"article\" \/>\n<meta property=\"og:title\" content=\"Eurecat presenta en la feria Expoebre innovaciones en los \u00e1mbitos del cambio clim\u00e1tico, del sector agroalimentario y de tecnolog\u00edas de fabricaci\u00f3n avanzada y movilidad el\u00e9ctrica - Eurecat\" \/>\n<meta property=\"og:description\" content=\"Expoebre innovaciones en los \u00e1mbitos del cambio clim\u00e1tico, del sector agroalimentario y de tecnolog\u00edas de fabricaci\u00f3n avanzada y movilidad el\u00e9ctrica\" \/>\n<meta property=\"og:url\" content=\"https:\/\/eurecat.org\/es\/expoebre-innovaciones-cambio-climatico-sector-agroalimentario-tecnologias-fabricacion-avanzada-movilidad-electrica\/\" \/>\n<meta property=\"og:site_name\" content=\"Eurecat\" \/>\n<meta property=\"article:published_time\" content=\"2023-04-28T08:17:03+00:00\" \/>\n<meta property=\"article:modified_time\" content=\"2023-05-03T08:04:51+00:00\" \/>\n<meta property=\"og:image\" content=\"https:\/\/eurecat.org\/wp-content\/uploads\/2023\/04\/DeltadelEbre_930x515px.jpg\" \/>\n\t<meta property=\"og:image:width\" content=\"930\" \/>\n\t<meta property=\"og:image:height\" content=\"515\" \/>\n\t<meta property=\"og:image:type\" content=\"image\/jpeg\" \/>\n<meta name=\"author\" content=\"eurecatNG\" \/>\n<meta name=\"twitter:card\" content=\"summary_large_image\" \/>\n<meta name=\"twitter:label1\" content=\"Escrito por\" \/>\n\t<meta name=\"twitter:data1\" content=\"eurecatNG\" \/>\n\t<meta name=\"twitter:label2\" content=\"Tiempo de lectura\" \/>\n\t<meta name=\"twitter:data2\" content=\"6 minutos\" \/>\n<script type=\"application\/ld+json\" class=\"yoast-schema-graph\">{\"@context\":\"https:\\\/\\\/schema.org\",\"@graph\":[{\"@type\":\"Article\",\"@id\":\"https:\\\/\\\/eurecat.org\\\/es\\\/expoebre-innovaciones-cambio-climatico-sector-agroalimentario-tecnologias-fabricacion-avanzada-movilidad-electrica\\\/#article\",\"isPartOf\":{\"@id\":\"https:\\\/\\\/eurecat.org\\\/es\\\/expoebre-innovaciones-cambio-climatico-sector-agroalimentario-tecnologias-fabricacion-avanzada-movilidad-electrica\\\/\"},\"author\":{\"name\":\"eurecatNG\",\"@id\":\"https:\\\/\\\/eurecat.org\\\/es\\\/#\\\/schema\\\/person\\\/8342992d6929ad043b305d3cac68b3f4\"},\"headline\":\"Eurecat presenta en la feria Expoebre innovaciones en los \u00e1mbitos del cambio clim\u00e1tico, del sector agroalimentario y de tecnolog\u00edas de fabricaci\u00f3n avanzada y movilidad el\u00e9ctrica\",\"datePublished\":\"2023-04-28T08:17:03+00:00\",\"dateModified\":\"2023-05-03T08:04:51+00:00\",\"mainEntityOfPage\":{\"@id\":\"https:\\\/\\\/eurecat.org\\\/es\\\/expoebre-innovaciones-cambio-climatico-sector-agroalimentario-tecnologias-fabricacion-avanzada-movilidad-electrica\\\/\"},\"wordCount\":1314,\"commentCount\":0,\"image\":{\"@id\":\"https:\\\/\\\/eurecat.org\\\/es\\\/expoebre-innovaciones-cambio-climatico-sector-agroalimentario-tecnologias-fabricacion-avanzada-movilidad-electrica\\\/#primaryimage\"},\"thumbnailUrl\":\"https:\\\/\\\/eurecat.org\\\/wp-content\\\/uploads\\\/2023\\\/04\\\/DeltadelEbre_930x515px.jpg\",\"articleSection\":[\"Ferias\",\"Notas de prensa\"],\"inLanguage\":\"es\",\"potentialAction\":[{\"@type\":\"CommentAction\",\"name\":\"Comment\",\"target\":[\"https:\\\/\\\/eurecat.org\\\/es\\\/expoebre-innovaciones-cambio-climatico-sector-agroalimentario-tecnologias-fabricacion-avanzada-movilidad-electrica\\\/#respond\"]}]},{\"@type\":\"WebPage\",\"@id\":\"https:\\\/\\\/eurecat.org\\\/es\\\/expoebre-innovaciones-cambio-climatico-sector-agroalimentario-tecnologias-fabricacion-avanzada-movilidad-electrica\\\/\",\"url\":\"https:\\\/\\\/eurecat.org\\\/es\\\/expoebre-innovaciones-cambio-climatico-sector-agroalimentario-tecnologias-fabricacion-avanzada-movilidad-electrica\\\/\",\"name\":\"Eurecat presenta en la feria Expoebre innovaciones en los \u00e1mbitos del cambio clim\u00e1tico, del sector agroalimentario y de tecnolog\u00edas de fabricaci\u00f3n avanzada y movilidad el\u00e9ctrica - Eurecat\",\"isPartOf\":{\"@id\":\"https:\\\/\\\/eurecat.org\\\/es\\\/#website\"},\"primaryImageOfPage\":{\"@id\":\"https:\\\/\\\/eurecat.org\\\/es\\\/expoebre-innovaciones-cambio-climatico-sector-agroalimentario-tecnologias-fabricacion-avanzada-movilidad-electrica\\\/#primaryimage\"},\"image\":{\"@id\":\"https:\\\/\\\/eurecat.org\\\/es\\\/expoebre-innovaciones-cambio-climatico-sector-agroalimentario-tecnologias-fabricacion-avanzada-movilidad-electrica\\\/#primaryimage\"},\"thumbnailUrl\":\"https:\\\/\\\/eurecat.org\\\/wp-content\\\/uploads\\\/2023\\\/04\\\/DeltadelEbre_930x515px.jpg\",\"datePublished\":\"2023-04-28T08:17:03+00:00\",\"dateModified\":\"2023-05-03T08:04:51+00:00\",\"author\":{\"@id\":\"https:\\\/\\\/eurecat.org\\\/es\\\/#\\\/schema\\\/person\\\/8342992d6929ad043b305d3cac68b3f4\"},\"description\":\"Expoebre innovaciones en los \u00e1mbitos del cambio clim\u00e1tico, del sector agroalimentario y de tecnolog\u00edas de fabricaci\u00f3n avanzada y movilidad el\u00e9ctrica\",\"breadcrumb\":{\"@id\":\"https:\\\/\\\/eurecat.org\\\/es\\\/expoebre-innovaciones-cambio-climatico-sector-agroalimentario-tecnologias-fabricacion-avanzada-movilidad-electrica\\\/#breadcrumb\"},\"inLanguage\":\"es\",\"potentialAction\":[{\"@type\":\"ReadAction\",\"target\":[\"https:\\\/\\\/eurecat.org\\\/es\\\/expoebre-innovaciones-cambio-climatico-sector-agroalimentario-tecnologias-fabricacion-avanzada-movilidad-electrica\\\/\"]}]},{\"@type\":\"ImageObject\",\"inLanguage\":\"es\",\"@id\":\"https:\\\/\\\/eurecat.org\\\/es\\\/expoebre-innovaciones-cambio-climatico-sector-agroalimentario-tecnologias-fabricacion-avanzada-movilidad-electrica\\\/#primaryimage\",\"url\":\"https:\\\/\\\/eurecat.org\\\/wp-content\\\/uploads\\\/2023\\\/04\\\/DeltadelEbre_930x515px.jpg\",\"contentUrl\":\"https:\\\/\\\/eurecat.org\\\/wp-content\\\/uploads\\\/2023\\\/04\\\/DeltadelEbre_930x515px.jpg\",\"width\":930,\"height\":515,\"caption\":\"Expoebre Eurecat\"},{\"@type\":\"BreadcrumbList\",\"@id\":\"https:\\\/\\\/eurecat.org\\\/es\\\/expoebre-innovaciones-cambio-climatico-sector-agroalimentario-tecnologias-fabricacion-avanzada-movilidad-electrica\\\/#breadcrumb\",\"itemListElement\":[{\"@type\":\"ListItem\",\"position\":1,\"name\":\"Inici\",\"item\":\"https:\\\/\\\/eurecat.org\\\/es\\\/\"},{\"@type\":\"ListItem\",\"position\":2,\"name\":\"Eurecat presenta en la feria Expoebre innovaciones en los \u00e1mbitos del cambio clim\u00e1tico, del sector agroalimentario y de tecnolog\u00edas de fabricaci\u00f3n avanzada y movilidad el\u00e9ctrica\"}]},{\"@type\":\"WebSite\",\"@id\":\"https:\\\/\\\/eurecat.org\\\/es\\\/#website\",\"url\":\"https:\\\/\\\/eurecat.org\\\/es\\\/\",\"name\":\"Eurecat\",\"description\":\"Otro sitio realizado con WordPress\",\"potentialAction\":[{\"@type\":\"SearchAction\",\"target\":{\"@type\":\"EntryPoint\",\"urlTemplate\":\"https:\\\/\\\/eurecat.org\\\/es\\\/?s={search_term_string}\"},\"query-input\":{\"@type\":\"PropertyValueSpecification\",\"valueRequired\":true,\"valueName\":\"search_term_string\"}}],\"inLanguage\":\"es\"},{\"@type\":\"Person\",\"@id\":\"https:\\\/\\\/eurecat.org\\\/es\\\/#\\\/schema\\\/person\\\/8342992d6929ad043b305d3cac68b3f4\",\"name\":\"eurecatNG\",\"image\":{\"@type\":\"ImageObject\",\"inLanguage\":\"es\",\"@id\":\"https:\\\/\\\/secure.gravatar.com\\\/avatar\\\/63200cb70ae4f15a0f673050f36df149dba802bea7614e8f838aaccfcf8ea11d?s=96&d=mm&r=g\",\"url\":\"https:\\\/\\\/secure.gravatar.com\\\/avatar\\\/63200cb70ae4f15a0f673050f36df149dba802bea7614e8f838aaccfcf8ea11d?s=96&d=mm&r=g\",\"contentUrl\":\"https:\\\/\\\/secure.gravatar.com\\\/avatar\\\/63200cb70ae4f15a0f673050f36df149dba802bea7614e8f838aaccfcf8ea11d?s=96&d=mm&r=g\",\"caption\":\"eurecatNG\"}}]}<\/script>\n<!-- \/ Yoast SEO plugin. -->","yoast_head_json":{"title":"Eurecat presenta en la feria Expoebre innovaciones en los \u00e1mbitos del cambio clim\u00e1tico, del sector agroalimentario y de tecnolog\u00edas de fabricaci\u00f3n avanzada y movilidad el\u00e9ctrica - Eurecat","description":"Expoebre innovaciones en los \u00e1mbitos del cambio clim\u00e1tico, del sector agroalimentario y de tecnolog\u00edas de fabricaci\u00f3n avanzada y movilidad el\u00e9ctrica","robots":{"index":"index","follow":"follow","max-snippet":"max-snippet:-1","max-image-preview":"max-image-preview:large","max-video-preview":"max-video-preview:-1"},"canonical":"https:\/\/eurecat.org\/es\/expoebre-innovaciones-cambio-climatico-sector-agroalimentario-tecnologias-fabricacion-avanzada-movilidad-electrica\/","og_locale":"es_ES","og_type":"article","og_title":"Eurecat presenta en la feria Expoebre innovaciones en los \u00e1mbitos del cambio clim\u00e1tico, del sector agroalimentario y de tecnolog\u00edas de fabricaci\u00f3n avanzada y movilidad el\u00e9ctrica - Eurecat","og_description":"Expoebre innovaciones en los \u00e1mbitos del cambio clim\u00e1tico, del sector agroalimentario y de tecnolog\u00edas de fabricaci\u00f3n avanzada y movilidad el\u00e9ctrica","og_url":"https:\/\/eurecat.org\/es\/expoebre-innovaciones-cambio-climatico-sector-agroalimentario-tecnologias-fabricacion-avanzada-movilidad-electrica\/","og_site_name":"Eurecat","article_published_time":"2023-04-28T08:17:03+00:00","article_modified_time":"2023-05-03T08:04:51+00:00","og_image":[{"width":930,"height":515,"url":"https:\/\/eurecat.org\/wp-content\/uploads\/2023\/04\/DeltadelEbre_930x515px.jpg","type":"image\/jpeg"}],"author":"eurecatNG","twitter_card":"summary_large_image","twitter_misc":{"Escrito por":"eurecatNG","Tiempo de lectura":"6 minutos"},"schema":{"@context":"https:\/\/schema.org","@graph":[{"@type":"Article","@id":"https:\/\/eurecat.org\/es\/expoebre-innovaciones-cambio-climatico-sector-agroalimentario-tecnologias-fabricacion-avanzada-movilidad-electrica\/#article","isPartOf":{"@id":"https:\/\/eurecat.org\/es\/expoebre-innovaciones-cambio-climatico-sector-agroalimentario-tecnologias-fabricacion-avanzada-movilidad-electrica\/"},"author":{"name":"eurecatNG","@id":"https:\/\/eurecat.org\/es\/#\/schema\/person\/8342992d6929ad043b305d3cac68b3f4"},"headline":"Eurecat presenta en la feria Expoebre innovaciones en los \u00e1mbitos del cambio clim\u00e1tico, del sector agroalimentario y de tecnolog\u00edas de fabricaci\u00f3n avanzada y movilidad el\u00e9ctrica","datePublished":"2023-04-28T08:17:03+00:00","dateModified":"2023-05-03T08:04:51+00:00","mainEntityOfPage":{"@id":"https:\/\/eurecat.org\/es\/expoebre-innovaciones-cambio-climatico-sector-agroalimentario-tecnologias-fabricacion-avanzada-movilidad-electrica\/"},"wordCount":1314,"commentCount":0,"image":{"@id":"https:\/\/eurecat.org\/es\/expoebre-innovaciones-cambio-climatico-sector-agroalimentario-tecnologias-fabricacion-avanzada-movilidad-electrica\/#primaryimage"},"thumbnailUrl":"https:\/\/eurecat.org\/wp-content\/uploads\/2023\/04\/DeltadelEbre_930x515px.jpg","articleSection":["Ferias","Notas de prensa"],"inLanguage":"es","potentialAction":[{"@type":"CommentAction","name":"Comment","target":["https:\/\/eurecat.org\/es\/expoebre-innovaciones-cambio-climatico-sector-agroalimentario-tecnologias-fabricacion-avanzada-movilidad-electrica\/#respond"]}]},{"@type":"WebPage","@id":"https:\/\/eurecat.org\/es\/expoebre-innovaciones-cambio-climatico-sector-agroalimentario-tecnologias-fabricacion-avanzada-movilidad-electrica\/","url":"https:\/\/eurecat.org\/es\/expoebre-innovaciones-cambio-climatico-sector-agroalimentario-tecnologias-fabricacion-avanzada-movilidad-electrica\/","name":"Eurecat presenta en la feria Expoebre innovaciones en los \u00e1mbitos del cambio clim\u00e1tico, del sector agroalimentario y de tecnolog\u00edas de fabricaci\u00f3n avanzada y movilidad el\u00e9ctrica - Eurecat","isPartOf":{"@id":"https:\/\/eurecat.org\/es\/#website"},"primaryImageOfPage":{"@id":"https:\/\/eurecat.org\/es\/expoebre-innovaciones-cambio-climatico-sector-agroalimentario-tecnologias-fabricacion-avanzada-movilidad-electrica\/#primaryimage"},"image":{"@id":"https:\/\/eurecat.org\/es\/expoebre-innovaciones-cambio-climatico-sector-agroalimentario-tecnologias-fabricacion-avanzada-movilidad-electrica\/#primaryimage"},"thumbnailUrl":"https:\/\/eurecat.org\/wp-content\/uploads\/2023\/04\/DeltadelEbre_930x515px.jpg","datePublished":"2023-04-28T08:17:03+00:00","dateModified":"2023-05-03T08:04:51+00:00","author":{"@id":"https:\/\/eurecat.org\/es\/#\/schema\/person\/8342992d6929ad043b305d3cac68b3f4"},"description":"Expoebre innovaciones en los \u00e1mbitos del cambio clim\u00e1tico, del sector agroalimentario y de tecnolog\u00edas de fabricaci\u00f3n avanzada y movilidad el\u00e9ctrica","breadcrumb":{"@id":"https:\/\/eurecat.org\/es\/expoebre-innovaciones-cambio-climatico-sector-agroalimentario-tecnologias-fabricacion-avanzada-movilidad-electrica\/#breadcrumb"},"inLanguage":"es","potentialAction":[{"@type":"ReadAction","target":["https:\/\/eurecat.org\/es\/expoebre-innovaciones-cambio-climatico-sector-agroalimentario-tecnologias-fabricacion-avanzada-movilidad-electrica\/"]}]},{"@type":"ImageObject","inLanguage":"es","@id":"https:\/\/eurecat.org\/es\/expoebre-innovaciones-cambio-climatico-sector-agroalimentario-tecnologias-fabricacion-avanzada-movilidad-electrica\/#primaryimage","url":"https:\/\/eurecat.org\/wp-content\/uploads\/2023\/04\/DeltadelEbre_930x515px.jpg","contentUrl":"https:\/\/eurecat.org\/wp-content\/uploads\/2023\/04\/DeltadelEbre_930x515px.jpg","width":930,"height":515,"caption":"Expoebre Eurecat"},{"@type":"BreadcrumbList","@id":"https:\/\/eurecat.org\/es\/expoebre-innovaciones-cambio-climatico-sector-agroalimentario-tecnologias-fabricacion-avanzada-movilidad-electrica\/#breadcrumb","itemListElement":[{"@type":"ListItem","position":1,"name":"Inici","item":"https:\/\/eurecat.org\/es\/"},{"@type":"ListItem","position":2,"name":"Eurecat presenta en la feria Expoebre innovaciones en los \u00e1mbitos del cambio clim\u00e1tico, del sector agroalimentario y de tecnolog\u00edas de fabricaci\u00f3n avanzada y movilidad el\u00e9ctrica"}]},{"@type":"WebSite","@id":"https:\/\/eurecat.org\/es\/#website","url":"https:\/\/eurecat.org\/es\/","name":"Eurecat","description":"Otro sitio realizado con WordPress","potentialAction":[{"@type":"SearchAction","target":{"@type":"EntryPoint","urlTemplate":"https:\/\/eurecat.org\/es\/?s={search_term_string}"},"query-input":{"@type":"PropertyValueSpecification","valueRequired":true,"valueName":"search_term_string"}}],"inLanguage":"es"},{"@type":"Person","@id":"https:\/\/eurecat.org\/es\/#\/schema\/person\/8342992d6929ad043b305d3cac68b3f4","name":"eurecatNG","image":{"@type":"ImageObject","inLanguage":"es","@id":"https:\/\/secure.gravatar.com\/avatar\/63200cb70ae4f15a0f673050f36df149dba802bea7614e8f838aaccfcf8ea11d?s=96&d=mm&r=g","url":"https:\/\/secure.gravatar.com\/avatar\/63200cb70ae4f15a0f673050f36df149dba802bea7614e8f838aaccfcf8ea11d?s=96&d=mm&r=g","contentUrl":"https:\/\/secure.gravatar.com\/avatar\/63200cb70ae4f15a0f673050f36df149dba802bea7614e8f838aaccfcf8ea11d?s=96&d=mm&r=g","caption":"eurecatNG"}}]}},"_links":{"self":[{"href":"https:\/\/eurecat.org\/es\/wp-json\/wp\/v2\/posts\/134868","targetHints":{"allow":["GET"]}}],"collection":[{"href":"https:\/\/eurecat.org\/es\/wp-json\/wp\/v2\/posts"}],"about":[{"href":"https:\/\/eurecat.org\/es\/wp-json\/wp\/v2\/types\/post"}],"author":[{"embeddable":true,"href":"https:\/\/eurecat.org\/es\/wp-json\/wp\/v2\/users\/27"}],"replies":[{"embeddable":true,"href":"https:\/\/eurecat.org\/es\/wp-json\/wp\/v2\/comments?post=134868"}],"version-history":[{"count":1,"href":"https:\/\/eurecat.org\/es\/wp-json\/wp\/v2\/posts\/134868\/revisions"}],"predecessor-version":[{"id":134990,"href":"https:\/\/eurecat.org\/es\/wp-json\/wp\/v2\/posts\/134868\/revisions\/134990"}],"wp:featuredmedia":[{"embeddable":true,"href":"https:\/\/eurecat.org\/es\/wp-json\/wp\/v2\/media\/134864"}],"wp:attachment":[{"href":"https:\/\/eurecat.org\/es\/wp-json\/wp\/v2\/media?parent=134868"}],"wp:term":[{"taxonomy":"category","embeddable":true,"href":"https:\/\/eurecat.org\/es\/wp-json\/wp\/v2\/categories?post=134868"},{"taxonomy":"post_tag","embeddable":true,"href":"https:\/\/eurecat.org\/es\/wp-json\/wp\/v2\/tags?post=134868"}],"curies":[{"name":"wp","href":"https:\/\/api.w.org\/{rel}","templated":true}]}}