{"id":134919,"date":"2023-05-02T11:23:54","date_gmt":"2023-05-02T10:23:54","guid":{"rendered":"https:\/\/eurecat.org\/?p=134919"},"modified":"2023-05-02T11:27:43","modified_gmt":"2023-05-02T10:27:43","slug":"editorial_la-reindustrializacion-mas-que-una-estrategia","status":"publish","type":"post","link":"https:\/\/eurecat.org\/es\/editorial_la-reindustrializacion-mas-que-una-estrategia\/","title":{"rendered":"La reindustrializaci\u00f3n, m\u00e1s que una estrategia"},"content":{"rendered":"<div class=\"fusion-fullwidth fullwidth-box fusion-builder-row-1 fusion-flex-container nonhundred-percent-fullwidth non-hundred-percent-height-scrolling\" style=\"--awb-border-radius-top-left:0px;--awb-border-radius-top-right:0px;--awb-border-radius-bottom-right:0px;--awb-border-radius-bottom-left:0px;--awb-flex-wrap:wrap;\" ><div class=\"fusion-builder-row fusion-row fusion-flex-align-items-flex-start fusion-flex-content-wrap\" style=\"max-width:1424.8px;margin-left: calc(-4% \/ 2 );margin-right: calc(-4% \/ 2 );\"><div class=\"fusion-layout-column fusion_builder_column fusion-builder-column-0 fusion_builder_column_1_1 1_1 fusion-flex-column\" style=\"--awb-bg-size:cover;--awb-width-large:100%;--awb-margin-top-large:0px;--awb-spacing-right-large:1.92%;--awb-margin-bottom-large:0px;--awb-spacing-left-large:1.92%;--awb-width-medium:100%;--awb-spacing-right-medium:1.92%;--awb-spacing-left-medium:1.92%;--awb-width-small:100%;--awb-spacing-right-small:1.92%;--awb-spacing-left-small:1.92%;\"><div class=\"fusion-column-wrapper fusion-flex-justify-content-flex-start fusion-content-layout-column\"><div class=\"fusion-text fusion-text-1\"><p><strong><img decoding=\"async\" class=\"alignleft wp-image-129363 size-medium\" src=\"https:\/\/eurecat.org\/wp-content\/uploads\/2022\/12\/RETRAT06_retall_BN-300x232.jpg\" alt=\"\" width=\"300\" height=\"232\" srcset=\"https:\/\/eurecat.org\/wp-content\/uploads\/2022\/12\/RETRAT06_retall_BN-200x154.jpg 200w, https:\/\/eurecat.org\/wp-content\/uploads\/2022\/12\/RETRAT06_retall_BN-300x232.jpg 300w, https:\/\/eurecat.org\/wp-content\/uploads\/2022\/12\/RETRAT06_retall_BN-400x309.jpg 400w, https:\/\/eurecat.org\/wp-content\/uploads\/2022\/12\/RETRAT06_retall_BN-600x463.jpg 600w, https:\/\/eurecat.org\/wp-content\/uploads\/2022\/12\/RETRAT06_retall_BN-768x593.jpg 768w, https:\/\/eurecat.org\/wp-content\/uploads\/2022\/12\/RETRAT06_retall_BN-800x618.jpg 800w, https:\/\/eurecat.org\/wp-content\/uploads\/2022\/12\/RETRAT06_retall_BN.jpg 1134w\" sizes=\"(max-width: 300px) 100vw, 300px\" \/><\/strong><\/p>\n<p><strong>La reindustrializaci\u00f3n es cada vez m\u00e1s una estrategia clave para muchos pa\u00edses europeos<\/strong>, que en los \u00faltimos a\u00f1os se han dado cuenta de que es fundamental para mejorar su econom\u00eda, aumentar su competitividad a nivel global y favorecer el bienestar de la poblaci\u00f3n. En conjunto, el sector industrial representa el 22 por ciento del PIB de la Uni\u00f3n Europea y emplea a m\u00e1s de 30 millones de personas. En Catalunya, que hab\u00eda sido una de las regiones m\u00e1s industrializadas de Europa y todo el haber perdido peso en las \u00faltimas d\u00e9cadas, \u00e9ste es un sector muy importante de la econom\u00eda, con un porcentaje que ronda el 20 por ciento del PIB y un 17 por ciento del empleo y con una clara voluntad actualmente de volver a superar el 22-23 por ciento.<\/p>\n<p>Pero mantener y hacer crecer estas cifras requiere una decidida <strong>apuesta por la innovaci\u00f3n y la tecnolog\u00eda, si se quiere garantizar la competitividad de las empresas y la sostenibilidad del modelo productivo<\/strong>. Hay que aprovechar, por tanto, todo el potencial que ofrece la hibridaci\u00f3n de tecnolog\u00edas industriales y digitales, para poder configurar un sector tecnol\u00f3gicamente puntero y medioambientalmente sostenible, tal y como se empieza a priorizar desde el \u00e1mbito catal\u00e1n y europeo ante los grandes desaf\u00edos actuales. Mejorar la soberan\u00eda tecnol\u00f3gica e industrial del pa\u00eds es tambi\u00e9n una prioridad compartida con el resto de Europa.<\/p>\n<p>Justo esta es la filosof\u00eda que vertebra tambi\u00e9n proyectos como los que hemos expuesto este \u00faltimo mes en <strong>Advanced Factories<\/strong> y en la feria <strong>JEC World<\/strong>, con soluciones vinculadas, respectivamente, a la visi\u00f3n artificial para el control de calidad en la industria textil 4.0 y a la utilizaci\u00f3n de la compositr\u00f3nica para grandes estructuras ligeras y funcionales, con aplicaci\u00f3n a actividades de vanguardia como la aeron\u00e1utica.<\/p>\n<p>Desde el punto de vista de la sostenibilidad medioambiental, la creaci\u00f3n de <strong>productos electr\u00f3nicos con impresi\u00f3n funcional como alternativa al cobre o silicio<\/strong> presentada hace unas semanas en la feria<strong> LOPEC<\/strong> es otro ejemplo en esta l\u00ednea y que encontrar\u00e1 explicado en el newsletter de abril. junto con los detalles de la convocatoria de la d\u00e9cima edici\u00f3n del Premio Ruralapps y del proyecto europeo <strong>M\u00f6bius<\/strong>, que est\u00e1 trabajando en c\u00f3mo ser\u00e1 el libro del futuro.<\/p>\n<p>Completa este n\u00famero informaciones sobre avances en tecnolog\u00eda de encapsulaci\u00f3n relacionados con la prevenci\u00f3n de enfermedades de la viticultura y una aplicaci\u00f3n para aportar consejos personalidades de salud y bienestar personal a personas mayores dentro del proyecto <strong>xCare<\/strong> de Eurecat.<\/p>\n<p>En la entrevista encontrar\u00e1 la visi\u00f3n de la responsable de Desarrollo de Negocio del Mercado de Industria de Base y Bienes de Equipo de Eurecat, <strong>Eva Fit\u00e9<\/strong>, que profundiza en las \u00faltimas tendencias de la industria manufacturera desde el \u00e1ngulo de la innovaci\u00f3n y sostenibilidad y tienes tambi\u00e9n una aproximaci\u00f3n a todo el potencial que ofrece el hidr\u00f3geno, a partir de la experiencia del director de Tecnolog\u00edas Qu\u00edmicas de Eurecat, <strong>Ricard Garcia Valls<\/strong>. Espero que encuentres interesantes todas estas propuestas, que dibujen un nuevo horizonte definido por una industria avanzada, moderna, productiva y respetuosa con el entorno.<\/p>\n<p><strong>Xavier Torra<br \/>\n<\/strong><strong>Presidente de Eurecat<\/strong><\/p>\n<\/div><\/div><\/div><\/div><\/div>\n","protected":false},"excerpt":{"rendered":"","protected":false},"author":20,"featured_media":129363,"comment_status":"closed","ping_status":"closed","sticky":false,"template":"","format":"standard","meta":{"footnotes":""},"categories":[133,2217],"tags":[2509,2508,483],"class_list":["post-134919","post","type-post","status-publish","format-standard","has-post-thumbnail","hentry","category-blog","category-editorial","tag-hibridacion","tag-reindustrializacion","tag-sostenibilidad"],"yoast_head":"<!-- This site is optimized with the Yoast SEO plugin v27.5 - https:\/\/yoast.com\/product\/yoast-seo-wordpress\/ -->\n<title>La reindustrializaci\u00f3n, m\u00e1s que una estrategia - Eurecat<\/title>\n<meta name=\"description\" content=\"La reindustrializaci\u00f3n es cada vez m\u00e1s una estrategia clave para muchos pa\u00edses europeos, en Catalunya el sector industrial tiene un porcentaje que ronda el 20 por ciento del PIB\" \/>\n<meta name=\"robots\" content=\"index, follow, max-snippet:-1, max-image-preview:large, max-video-preview:-1\" \/>\n<link rel=\"canonical\" href=\"https:\/\/eurecat.org\/es\/editorial_la-reindustrializacion-mas-que-una-estrategia\/\" \/>\n<meta property=\"og:locale\" content=\"es_ES\" \/>\n<meta property=\"og:type\" content=\"article\" \/>\n<meta property=\"og:title\" content=\"La reindustrializaci\u00f3n, m\u00e1s que una estrategia - Eurecat\" \/>\n<meta property=\"og:description\" content=\"La reindustrializaci\u00f3n es cada vez m\u00e1s una estrategia clave para muchos pa\u00edses europeos, en Catalunya el sector industrial tiene un porcentaje que ronda el 20 por ciento del PIB\" \/>\n<meta property=\"og:url\" content=\"https:\/\/eurecat.org\/es\/editorial_la-reindustrializacion-mas-que-una-estrategia\/\" \/>\n<meta property=\"og:site_name\" content=\"Eurecat\" \/>\n<meta property=\"article:published_time\" content=\"2023-05-02T10:23:54+00:00\" \/>\n<meta property=\"article:modified_time\" content=\"2023-05-02T10:27:43+00:00\" \/>\n<meta property=\"og:image\" content=\"https:\/\/eurecat.org\/wp-content\/uploads\/2022\/12\/RETRAT06_retall_BN.jpg\" \/>\n\t<meta property=\"og:image:width\" content=\"1134\" \/>\n\t<meta property=\"og:image:height\" content=\"876\" \/>\n\t<meta property=\"og:image:type\" content=\"image\/jpeg\" \/>\n<meta name=\"author\" content=\"EurecatEQZ\" \/>\n<meta name=\"twitter:card\" content=\"summary_large_image\" \/>\n<meta name=\"twitter:label1\" content=\"Escrito por\" \/>\n\t<meta name=\"twitter:data1\" content=\"EurecatEQZ\" \/>\n\t<meta name=\"twitter:label2\" content=\"Tiempo de lectura\" \/>\n\t<meta name=\"twitter:data2\" content=\"4 minutos\" \/>\n<script type=\"application\/ld+json\" class=\"yoast-schema-graph\">{\"@context\":\"https:\\\/\\\/schema.org\",\"@graph\":[{\"@type\":\"Article\",\"@id\":\"https:\\\/\\\/eurecat.org\\\/es\\\/editorial_la-reindustrializacion-mas-que-una-estrategia\\\/#article\",\"isPartOf\":{\"@id\":\"https:\\\/\\\/eurecat.org\\\/es\\\/editorial_la-reindustrializacion-mas-que-una-estrategia\\\/\"},\"author\":{\"name\":\"EurecatEQZ\",\"@id\":\"https:\\\/\\\/eurecat.org\\\/es\\\/#\\\/schema\\\/person\\\/99d4d39712001e7621b6867b27b40bed\"},\"headline\":\"La reindustrializaci\u00f3n, m\u00e1s que una estrategia\",\"datePublished\":\"2023-05-02T10:23:54+00:00\",\"dateModified\":\"2023-05-02T10:27:43+00:00\",\"mainEntityOfPage\":{\"@id\":\"https:\\\/\\\/eurecat.org\\\/es\\\/editorial_la-reindustrializacion-mas-que-una-estrategia\\\/\"},\"wordCount\":734,\"image\":{\"@id\":\"https:\\\/\\\/eurecat.org\\\/es\\\/editorial_la-reindustrializacion-mas-que-una-estrategia\\\/#primaryimage\"},\"thumbnailUrl\":\"https:\\\/\\\/eurecat.org\\\/wp-content\\\/uploads\\\/2022\\\/12\\\/RETRAT06_retall_BN.jpg\",\"keywords\":[\"hibridaci\u00f3n\",\"reindustrializaci\u00f3n\",\"Sostenibilidad\"],\"articleSection\":[\"Blog\",\"Editorial\"],\"inLanguage\":\"es\"},{\"@type\":\"WebPage\",\"@id\":\"https:\\\/\\\/eurecat.org\\\/es\\\/editorial_la-reindustrializacion-mas-que-una-estrategia\\\/\",\"url\":\"https:\\\/\\\/eurecat.org\\\/es\\\/editorial_la-reindustrializacion-mas-que-una-estrategia\\\/\",\"name\":\"La reindustrializaci\u00f3n, m\u00e1s que una estrategia - Eurecat\",\"isPartOf\":{\"@id\":\"https:\\\/\\\/eurecat.org\\\/es\\\/#website\"},\"primaryImageOfPage\":{\"@id\":\"https:\\\/\\\/eurecat.org\\\/es\\\/editorial_la-reindustrializacion-mas-que-una-estrategia\\\/#primaryimage\"},\"image\":{\"@id\":\"https:\\\/\\\/eurecat.org\\\/es\\\/editorial_la-reindustrializacion-mas-que-una-estrategia\\\/#primaryimage\"},\"thumbnailUrl\":\"https:\\\/\\\/eurecat.org\\\/wp-content\\\/uploads\\\/2022\\\/12\\\/RETRAT06_retall_BN.jpg\",\"datePublished\":\"2023-05-02T10:23:54+00:00\",\"dateModified\":\"2023-05-02T10:27:43+00:00\",\"author\":{\"@id\":\"https:\\\/\\\/eurecat.org\\\/es\\\/#\\\/schema\\\/person\\\/99d4d39712001e7621b6867b27b40bed\"},\"description\":\"La reindustrializaci\u00f3n es cada vez m\u00e1s una estrategia clave para muchos pa\u00edses europeos, en Catalunya el sector industrial tiene un porcentaje que ronda el 20 por ciento del PIB\",\"breadcrumb\":{\"@id\":\"https:\\\/\\\/eurecat.org\\\/es\\\/editorial_la-reindustrializacion-mas-que-una-estrategia\\\/#breadcrumb\"},\"inLanguage\":\"es\",\"potentialAction\":[{\"@type\":\"ReadAction\",\"target\":[\"https:\\\/\\\/eurecat.org\\\/es\\\/editorial_la-reindustrializacion-mas-que-una-estrategia\\\/\"]}]},{\"@type\":\"ImageObject\",\"inLanguage\":\"es\",\"@id\":\"https:\\\/\\\/eurecat.org\\\/es\\\/editorial_la-reindustrializacion-mas-que-una-estrategia\\\/#primaryimage\",\"url\":\"https:\\\/\\\/eurecat.org\\\/wp-content\\\/uploads\\\/2022\\\/12\\\/RETRAT06_retall_BN.jpg\",\"contentUrl\":\"https:\\\/\\\/eurecat.org\\\/wp-content\\\/uploads\\\/2022\\\/12\\\/RETRAT06_retall_BN.jpg\",\"width\":1134,\"height\":876},{\"@type\":\"BreadcrumbList\",\"@id\":\"https:\\\/\\\/eurecat.org\\\/es\\\/editorial_la-reindustrializacion-mas-que-una-estrategia\\\/#breadcrumb\",\"itemListElement\":[{\"@type\":\"ListItem\",\"position\":1,\"name\":\"Inici\",\"item\":\"https:\\\/\\\/eurecat.org\\\/es\\\/\"},{\"@type\":\"ListItem\",\"position\":2,\"name\":\"La reindustrializaci\u00f3n, m\u00e1s que una estrategia\"}]},{\"@type\":\"WebSite\",\"@id\":\"https:\\\/\\\/eurecat.org\\\/es\\\/#website\",\"url\":\"https:\\\/\\\/eurecat.org\\\/es\\\/\",\"name\":\"Eurecat\",\"description\":\"Otro sitio realizado con WordPress\",\"potentialAction\":[{\"@type\":\"SearchAction\",\"target\":{\"@type\":\"EntryPoint\",\"urlTemplate\":\"https:\\\/\\\/eurecat.org\\\/es\\\/?s={search_term_string}\"},\"query-input\":{\"@type\":\"PropertyValueSpecification\",\"valueRequired\":true,\"valueName\":\"search_term_string\"}}],\"inLanguage\":\"es\"},{\"@type\":\"Person\",\"@id\":\"https:\\\/\\\/eurecat.org\\\/es\\\/#\\\/schema\\\/person\\\/99d4d39712001e7621b6867b27b40bed\",\"name\":\"EurecatEQZ\",\"image\":{\"@type\":\"ImageObject\",\"inLanguage\":\"es\",\"@id\":\"https:\\\/\\\/secure.gravatar.com\\\/avatar\\\/6deb26ca61bcc34263c59cc62bb8b08ff90b67af7f99943babf5d86396845993?s=96&d=mm&r=g\",\"url\":\"https:\\\/\\\/secure.gravatar.com\\\/avatar\\\/6deb26ca61bcc34263c59cc62bb8b08ff90b67af7f99943babf5d86396845993?s=96&d=mm&r=g\",\"contentUrl\":\"https:\\\/\\\/secure.gravatar.com\\\/avatar\\\/6deb26ca61bcc34263c59cc62bb8b08ff90b67af7f99943babf5d86396845993?s=96&d=mm&r=g\",\"caption\":\"EurecatEQZ\"}}]}<\/script>\n<!-- \/ Yoast SEO plugin. -->","yoast_head_json":{"title":"La reindustrializaci\u00f3n, m\u00e1s que una estrategia - Eurecat","description":"La reindustrializaci\u00f3n es cada vez m\u00e1s una estrategia clave para muchos pa\u00edses europeos, en Catalunya el sector industrial tiene un porcentaje que ronda el 20 por ciento del PIB","robots":{"index":"index","follow":"follow","max-snippet":"max-snippet:-1","max-image-preview":"max-image-preview:large","max-video-preview":"max-video-preview:-1"},"canonical":"https:\/\/eurecat.org\/es\/editorial_la-reindustrializacion-mas-que-una-estrategia\/","og_locale":"es_ES","og_type":"article","og_title":"La reindustrializaci\u00f3n, m\u00e1s que una estrategia - Eurecat","og_description":"La reindustrializaci\u00f3n es cada vez m\u00e1s una estrategia clave para muchos pa\u00edses europeos, en Catalunya el sector industrial tiene un porcentaje que ronda el 20 por ciento del PIB","og_url":"https:\/\/eurecat.org\/es\/editorial_la-reindustrializacion-mas-que-una-estrategia\/","og_site_name":"Eurecat","article_published_time":"2023-05-02T10:23:54+00:00","article_modified_time":"2023-05-02T10:27:43+00:00","og_image":[{"width":1134,"height":876,"url":"https:\/\/eurecat.org\/wp-content\/uploads\/2022\/12\/RETRAT06_retall_BN.jpg","type":"image\/jpeg"}],"author":"EurecatEQZ","twitter_card":"summary_large_image","twitter_misc":{"Escrito por":"EurecatEQZ","Tiempo de lectura":"4 minutos"},"schema":{"@context":"https:\/\/schema.org","@graph":[{"@type":"Article","@id":"https:\/\/eurecat.org\/es\/editorial_la-reindustrializacion-mas-que-una-estrategia\/#article","isPartOf":{"@id":"https:\/\/eurecat.org\/es\/editorial_la-reindustrializacion-mas-que-una-estrategia\/"},"author":{"name":"EurecatEQZ","@id":"https:\/\/eurecat.org\/es\/#\/schema\/person\/99d4d39712001e7621b6867b27b40bed"},"headline":"La reindustrializaci\u00f3n, m\u00e1s que una estrategia","datePublished":"2023-05-02T10:23:54+00:00","dateModified":"2023-05-02T10:27:43+00:00","mainEntityOfPage":{"@id":"https:\/\/eurecat.org\/es\/editorial_la-reindustrializacion-mas-que-una-estrategia\/"},"wordCount":734,"image":{"@id":"https:\/\/eurecat.org\/es\/editorial_la-reindustrializacion-mas-que-una-estrategia\/#primaryimage"},"thumbnailUrl":"https:\/\/eurecat.org\/wp-content\/uploads\/2022\/12\/RETRAT06_retall_BN.jpg","keywords":["hibridaci\u00f3n","reindustrializaci\u00f3n","Sostenibilidad"],"articleSection":["Blog","Editorial"],"inLanguage":"es"},{"@type":"WebPage","@id":"https:\/\/eurecat.org\/es\/editorial_la-reindustrializacion-mas-que-una-estrategia\/","url":"https:\/\/eurecat.org\/es\/editorial_la-reindustrializacion-mas-que-una-estrategia\/","name":"La reindustrializaci\u00f3n, m\u00e1s que una estrategia - Eurecat","isPartOf":{"@id":"https:\/\/eurecat.org\/es\/#website"},"primaryImageOfPage":{"@id":"https:\/\/eurecat.org\/es\/editorial_la-reindustrializacion-mas-que-una-estrategia\/#primaryimage"},"image":{"@id":"https:\/\/eurecat.org\/es\/editorial_la-reindustrializacion-mas-que-una-estrategia\/#primaryimage"},"thumbnailUrl":"https:\/\/eurecat.org\/wp-content\/uploads\/2022\/12\/RETRAT06_retall_BN.jpg","datePublished":"2023-05-02T10:23:54+00:00","dateModified":"2023-05-02T10:27:43+00:00","author":{"@id":"https:\/\/eurecat.org\/es\/#\/schema\/person\/99d4d39712001e7621b6867b27b40bed"},"description":"La reindustrializaci\u00f3n es cada vez m\u00e1s una estrategia clave para muchos pa\u00edses europeos, en Catalunya el sector industrial tiene un porcentaje que ronda el 20 por ciento del PIB","breadcrumb":{"@id":"https:\/\/eurecat.org\/es\/editorial_la-reindustrializacion-mas-que-una-estrategia\/#breadcrumb"},"inLanguage":"es","potentialAction":[{"@type":"ReadAction","target":["https:\/\/eurecat.org\/es\/editorial_la-reindustrializacion-mas-que-una-estrategia\/"]}]},{"@type":"ImageObject","inLanguage":"es","@id":"https:\/\/eurecat.org\/es\/editorial_la-reindustrializacion-mas-que-una-estrategia\/#primaryimage","url":"https:\/\/eurecat.org\/wp-content\/uploads\/2022\/12\/RETRAT06_retall_BN.jpg","contentUrl":"https:\/\/eurecat.org\/wp-content\/uploads\/2022\/12\/RETRAT06_retall_BN.jpg","width":1134,"height":876},{"@type":"BreadcrumbList","@id":"https:\/\/eurecat.org\/es\/editorial_la-reindustrializacion-mas-que-una-estrategia\/#breadcrumb","itemListElement":[{"@type":"ListItem","position":1,"name":"Inici","item":"https:\/\/eurecat.org\/es\/"},{"@type":"ListItem","position":2,"name":"La reindustrializaci\u00f3n, m\u00e1s que una estrategia"}]},{"@type":"WebSite","@id":"https:\/\/eurecat.org\/es\/#website","url":"https:\/\/eurecat.org\/es\/","name":"Eurecat","description":"Otro sitio realizado con WordPress","potentialAction":[{"@type":"SearchAction","target":{"@type":"EntryPoint","urlTemplate":"https:\/\/eurecat.org\/es\/?s={search_term_string}"},"query-input":{"@type":"PropertyValueSpecification","valueRequired":true,"valueName":"search_term_string"}}],"inLanguage":"es"},{"@type":"Person","@id":"https:\/\/eurecat.org\/es\/#\/schema\/person\/99d4d39712001e7621b6867b27b40bed","name":"EurecatEQZ","image":{"@type":"ImageObject","inLanguage":"es","@id":"https:\/\/secure.gravatar.com\/avatar\/6deb26ca61bcc34263c59cc62bb8b08ff90b67af7f99943babf5d86396845993?s=96&d=mm&r=g","url":"https:\/\/secure.gravatar.com\/avatar\/6deb26ca61bcc34263c59cc62bb8b08ff90b67af7f99943babf5d86396845993?s=96&d=mm&r=g","contentUrl":"https:\/\/secure.gravatar.com\/avatar\/6deb26ca61bcc34263c59cc62bb8b08ff90b67af7f99943babf5d86396845993?s=96&d=mm&r=g","caption":"EurecatEQZ"}}]}},"_links":{"self":[{"href":"https:\/\/eurecat.org\/es\/wp-json\/wp\/v2\/posts\/134919","targetHints":{"allow":["GET"]}}],"collection":[{"href":"https:\/\/eurecat.org\/es\/wp-json\/wp\/v2\/posts"}],"about":[{"href":"https:\/\/eurecat.org\/es\/wp-json\/wp\/v2\/types\/post"}],"author":[{"embeddable":true,"href":"https:\/\/eurecat.org\/es\/wp-json\/wp\/v2\/users\/20"}],"replies":[{"embeddable":true,"href":"https:\/\/eurecat.org\/es\/wp-json\/wp\/v2\/comments?post=134919"}],"version-history":[{"count":1,"href":"https:\/\/eurecat.org\/es\/wp-json\/wp\/v2\/posts\/134919\/revisions"}],"predecessor-version":[{"id":134941,"href":"https:\/\/eurecat.org\/es\/wp-json\/wp\/v2\/posts\/134919\/revisions\/134941"}],"wp:featuredmedia":[{"embeddable":true,"href":"https:\/\/eurecat.org\/es\/wp-json\/wp\/v2\/media\/129363"}],"wp:attachment":[{"href":"https:\/\/eurecat.org\/es\/wp-json\/wp\/v2\/media?parent=134919"}],"wp:term":[{"taxonomy":"category","embeddable":true,"href":"https:\/\/eurecat.org\/es\/wp-json\/wp\/v2\/categories?post=134919"},{"taxonomy":"post_tag","embeddable":true,"href":"https:\/\/eurecat.org\/es\/wp-json\/wp\/v2\/tags?post=134919"}],"curies":[{"name":"wp","href":"https:\/\/api.w.org\/{rel}","templated":true}]}}