{"id":136367,"date":"2023-06-02T16:24:32","date_gmt":"2023-06-02T14:24:32","guid":{"rendered":"https:\/\/eurecat.org\/?p=136367"},"modified":"2023-06-07T16:39:29","modified_gmt":"2023-06-07T14:39:29","slug":"el-impacto-de-la-contaminacion-atmosferica-la-alimentacion-y-el-cambio-climatico-factores-criticos-en-la-salud-de-las-personas","status":"publish","type":"post","link":"https:\/\/eurecat.org\/es\/el-impacto-de-la-contaminacion-atmosferica-la-alimentacion-y-el-cambio-climatico-factores-criticos-en-la-salud-de-las-personas\/","title":{"rendered":"El impacto de la contaminaci\u00f3n atmosf\u00e9rica, la alimentaci\u00f3n y el cambio clim\u00e1tico, factores cr\u00edticos en la salud de las personas"},"content":{"rendered":"<div class=\"fusion-fullwidth fullwidth-box fusion-builder-row-1 fusion-flex-container nonhundred-percent-fullwidth non-hundred-percent-height-scrolling\" style=\"--awb-border-radius-top-left:0px;--awb-border-radius-top-right:0px;--awb-border-radius-bottom-right:0px;--awb-border-radius-bottom-left:0px;--awb-flex-wrap:wrap;\" ><div class=\"fusion-builder-row fusion-row fusion-flex-align-items-flex-start fusion-flex-content-wrap\" style=\"max-width:1424.8px;margin-left: calc(-4% \/ 2 );margin-right: calc(-4% \/ 2 );\"><div class=\"fusion-layout-column fusion_builder_column fusion-builder-column-0 fusion_builder_column_1_1 1_1 fusion-flex-column\" style=\"--awb-bg-size:cover;--awb-width-large:100%;--awb-margin-top-large:0px;--awb-spacing-right-large:1.92%;--awb-margin-bottom-large:0px;--awb-spacing-left-large:1.92%;--awb-width-medium:100%;--awb-spacing-right-medium:1.92%;--awb-spacing-left-medium:1.92%;--awb-width-small:100%;--awb-spacing-right-small:1.92%;--awb-spacing-left-small:1.92%;\"><div class=\"fusion-column-wrapper fusion-flex-justify-content-flex-start fusion-content-layout-column\"><div class=\"fusion-text fusion-text-1\"><p>El impacto de la contaminaci\u00f3n atmosf\u00e9rica, la alimentaci\u00f3n y el cambio clim\u00e1tico son factores cr\u00edticos para la salud de las personas, con consecuencias en \u00e1mbitos como las patolog\u00edas cardiovasculares, respiratorias y alergias y en la salud infantil, ante los que es necesario implementar soluciones para una vida m\u00e1s saludable y sostenible y adoptar un enfoque que abarque a los profesionales de la salud, los pacientes y los ciudadanos.<\/p>\n<p>As\u00ed lo recoge el \u2018Libro Blanco sobre la necesidad de generar estrategias para la gesti\u00f3n del impacto medioambiental en la salud y la enfermedad\u2019, que recopila las conclusiones del primer Encuentro Internacional sobre Salud y Enfermedades Medioambientales, celebrado en Barcelona y organizado por el Observatorio Internacional Kosma y la Fundaci\u00f3n de Investigaci\u00f3n HM Hospitales con la participaci\u00f3n del centro tecnol\u00f3gico Eurecat.<\/p>\n<p>Algunas de las medidas estrat\u00e9gicas que propone el libro blanco abarcan el aumento de la alfabetizaci\u00f3n en salud ambiental y las habilidades ecol\u00f3gicas de los profesionales de la salud, los pacientes y los ciudadanos; el paso de la evidencia cient\u00edfica a la pr\u00e1ctica cl\u00ednica; la implementaci\u00f3n de soluciones para una vida saludable y sostenible, y la adopci\u00f3n de un enfoque de m\u00faltiples partes interesadas.<\/p>\n<p>El libro blanco aboga tambi\u00e9n por fomentar una recogida de datos estandarizada para analizar la relaci\u00f3n e impacto medioambiental sobre la salud y enfermedad; aprovechar la tecnolog\u00eda digital para el an\u00e1lisis, as\u00ed como establecer una base de datos de buenas pr\u00e1cticas para minimizar el impacto ambiental en la salud de diferentes acciones.<\/p>\n<p>En palabras de la presidenta, coordinadora m\u00e9dica del Observatorio Kosma y coautora del libro blanco, la Dra. Paula Sol Ventura, \u201cexiste abundante evidencia cient\u00edfica que demuestra el peso que tiene la exposici\u00f3n a un entorno insalubre en la salud humana y del planeta, ahora es necesario realizar la traslaci\u00f3n de este conocimiento a la consulta cl\u00ednica de atenci\u00f3n primaria y hospitalaria y a la comunidad\u201d.<\/p>\n<p>\u201cEl congreso reproduce el innovador modelo de trabajo del Observatorio, que re\u00fane profesionales de diversos sectores para abordar la problem\u00e1tica de las enfermedades medioambientales y llevar soluciones a la misma consulta m\u00e9dica. Para avanzar en la concepci\u00f3n e implementaci\u00f3n de soluciones, se plantearon multitud de experiencias nacionales e internacionales de comunicaci\u00f3n, concienciaci\u00f3n y promoci\u00f3n de la salud medioambiental que pasan necesariamente por la formaci\u00f3n de profesionales de la salud, sobre todo, en atenci\u00f3n primaria\u201d, a\u00f1ade la Dra. Paula Sol Ventura.<\/p>\n<p>De acuerdo con el director de Tecnolog\u00edas de Salud del centro tecnol\u00f3gico Eurecat y coautor del libro blanco, Felip Miralles, \u201ces clave dise\u00f1ar tambi\u00e9n soluciones tecnol\u00f3gicas con criterios y est\u00e1ndares de usabilidad y accesibilidad, para que todo tipo de usuarios, especialmente los m\u00e1s vulnerables, sean adherentes al uso, y que los profesionales de la salud se formen en el uso de la tecnolog\u00eda, para ofrecer el oportuno acompa\u00f1amiento\u201d.<\/p>\n<p>A partir del conocimiento cl\u00ednico y asistencial que se est\u00e1 generando, \u201clos profesionales de la salud, adem\u00e1s de mejorar el diagn\u00f3stico y pronostico, impulsar\u00e1n la prevenci\u00f3n mediante el cambio de h\u00e1bitos de consumo alimentarios, de actividad f\u00edsica y sue\u00f1o y de mitigaci\u00f3n de la exposici\u00f3n\u201d. El objetivo es \u201cllegar a influir en la transformaci\u00f3n de las pol\u00edticas medioambientales hacia nuevos modelos de producci\u00f3n, movilidad, generaci\u00f3n y consumo energ\u00e9ticos, de respeto a los ecosistemas naturales y de reversi\u00f3n de los efectos del cambio clim\u00e1tico\u201d, explica Miralles.<\/p>\n<p><strong>Primer Encuentro Internacional sobre Salud y Enfermedades Medioambientales<\/strong><\/p>\n<p>El congreso, avalado por 37 organizaciones e instituciones tanto p\u00fablicas como privadas, apunt\u00f3 las particularidades de los colectivos vulnerables, los riesgos psicosociales de la exposici\u00f3n a las nuevas tecnolog\u00edas, as\u00ed como los efectos de largo alcance del uso insostenible de materiales de construcci\u00f3n como el amianto.<\/p>\n<p>La divulgaci\u00f3n y la concienciaci\u00f3n sobre el concepto de salud planetaria y salud y enfermedad medioambiental, as\u00ed como la implementaci\u00f3n de soluciones a nivel local con impacto global son tambi\u00e9n elementos destacados para una vida saludable y sostenible, seg\u00fan se evidenci\u00f3 en el evento, que reuni\u00f3 a profesionales de la salud y a otros perfiles expertos multidisciplinares, como ec\u00f3logos, biotecn\u00f3logos y juristas, provenientes de sistemas sanitarios, academia, investigaci\u00f3n, industria y administraci\u00f3n.<\/p>\n<p>Entre las conclusiones, que se recogen en el libro blanco, destaca el papel de la tecnolog\u00eda, con la modelizaci\u00f3n del perfil del ciudadano, su exposoma, huellas medioambientales y estilos de vida, as\u00ed como la incorporaci\u00f3n de sensores para cuantificar, a nivel individual, niveles de inflamaci\u00f3n y oxidaci\u00f3n y, a nivel comunitario, la evoluci\u00f3n de la exposici\u00f3n a contaminantes del entorno vital para proveer informaci\u00f3n en tiempo real.<\/p>\n<p>En esta l\u00ednea, y mediante fusi\u00f3n de datos y la aplicaci\u00f3n de t\u00e9cnicas de inteligencia artificial y gamificaci\u00f3n, los expertos participantes apuntaron que ser\u00e1 posible la recomendaci\u00f3n y documentaci\u00f3n de manera personalizada de alternativas saludables para mitigar la exposici\u00f3n y, a m\u00e1s largo plazo, se identificar\u00e1n y amplificar\u00e1n patrones y tendencias saludables y sostenibles de salud.<\/p>\n<p>Las conclusiones del evento recogen tambi\u00e9n c\u00f3mo establecer canales de amplificaci\u00f3n de la comunicaci\u00f3n para poblaci\u00f3n m\u00e1s y menos consciente, teniendo en cuenta c\u00f3mo pasar del an\u00e1lisis a la prevenci\u00f3n y la acci\u00f3n en forma de alertas o alarmas, seg\u00fan los casos. A este respecto, se propuso la segmentaci\u00f3n de la poblaci\u00f3n seg\u00fan niveles de sensibilizaci\u00f3n, con el objeto de individualizar los mensajes seg\u00fan los interlocutores.<\/p>\n<p>Tambi\u00e9n se aboga por un cambio de paradigma en que, a partir de la formaci\u00f3n de directivos y empleados en la sensibilizaci\u00f3n del impacto medioambiental, se promueva que los planes de negocio incluyan un plan estrat\u00e9gico de impacto ambiental. De acuerdo con las conclusiones del evento, la implementaci\u00f3n de los planes deber\u00e1 acompa\u00f1arse de un modelo de medida continua, con indicadores cuantitativos y cualitativos asociados a incentivos para promover el cumplimiento y que resulten reconocibles para la sociedad y el legislador.<\/p>\n<p>Estos nuevos modelos industriales entroncan con las conclusiones en el \u00e1mbito de la legislaci\u00f3n y administraci\u00f3n, que apuntaron a medidas fiscales para hacer efectivo el traslado de las directivas internacionales y el reconocimiento de la salud ambiental como derecho humano.<\/p>\n<p>La ponencia de cierre del primer Encuentro Internacional Kosma sobre Salud y Enfermedades Medioambientales, a cargo del profesor de Investigaci\u00f3n del CSIC, Fernando Valladares, remarc\u00f3 la compatibilidad entre reducir la pobreza y mitigar el cambio clim\u00e1tico, compartiendo conocimiento y tecnolog\u00eda.<\/p>\n<\/div><div ><a class=\"fusion-button button-flat fusion-button-default-size button-default fusion-button-default button-1 fusion-button-default-span fusion-button-default-type\" target=\"_blank\" rel=\"noopener noreferrer\" href=\"https:\/\/eurecat.org\/wp-content\/uploads\/2023\/05\/KOSMA-I-ENCUENTRO_LIBROBLANCO_Junio2023.pdf\"><span class=\"fusion-button-text awb-button__text awb-button__text--default\">Puedes descargar el libro blanco AQU\u00cd<\/span><\/a><\/div><\/div><\/div><\/div><\/div>\n","protected":false},"excerpt":{"rendered":"","protected":false},"author":12,"featured_media":136371,"comment_status":"open","ping_status":"closed","sticky":false,"template":"","format":"standard","meta":{"footnotes":""},"categories":[397,134,2283,411],"tags":[],"class_list":["post-136367","post","type-post","status-publish","format-standard","has-post-thumbnail","hentry","category-e-health-es","category-notas-de-prensa","category-salud","category-sostenibilidad"],"yoast_head":"<!-- This site is optimized with the Yoast SEO plugin v27.4 - https:\/\/yoast.com\/product\/yoast-seo-wordpress\/ -->\n<title>El impacto de la contaminaci\u00f3n atmosf\u00e9rica, la alimentaci\u00f3n y el cambio clim\u00e1tico, factores cr\u00edticos en la salud de las personas - Eurecat<\/title>\n<meta name=\"robots\" content=\"index, follow, max-snippet:-1, max-image-preview:large, max-video-preview:-1\" \/>\n<link rel=\"canonical\" href=\"https:\/\/eurecat.org\/es\/el-impacto-de-la-contaminacion-atmosferica-la-alimentacion-y-el-cambio-climatico-factores-criticos-en-la-salud-de-las-personas\/\" \/>\n<meta property=\"og:locale\" content=\"es_ES\" \/>\n<meta property=\"og:type\" content=\"article\" \/>\n<meta property=\"og:title\" content=\"El impacto de la contaminaci\u00f3n atmosf\u00e9rica, la alimentaci\u00f3n y el cambio clim\u00e1tico, factores cr\u00edticos en la salud de las personas - Eurecat\" \/>\n<meta property=\"og:url\" content=\"https:\/\/eurecat.org\/es\/el-impacto-de-la-contaminacion-atmosferica-la-alimentacion-y-el-cambio-climatico-factores-criticos-en-la-salud-de-las-personas\/\" \/>\n<meta property=\"og:site_name\" content=\"Eurecat\" \/>\n<meta property=\"article:published_time\" content=\"2023-06-02T14:24:32+00:00\" \/>\n<meta property=\"article:modified_time\" content=\"2023-06-07T14:39:29+00:00\" \/>\n<meta property=\"og:image\" content=\"https:\/\/eurecat.org\/wp-content\/uploads\/2023\/06\/medi-ambient-800px.jpg\" \/>\n\t<meta property=\"og:image:width\" content=\"800\" \/>\n\t<meta property=\"og:image:height\" content=\"533\" \/>\n\t<meta property=\"og:image:type\" content=\"image\/jpeg\" \/>\n<meta name=\"author\" content=\"EurecatEG\" \/>\n<meta name=\"twitter:card\" content=\"summary_large_image\" \/>\n<meta name=\"twitter:label1\" content=\"Escrito por\" \/>\n\t<meta name=\"twitter:data1\" content=\"EurecatEG\" \/>\n\t<meta name=\"twitter:label2\" content=\"Tiempo de lectura\" \/>\n\t<meta name=\"twitter:data2\" content=\"7 minutos\" \/>\n<script type=\"application\/ld+json\" class=\"yoast-schema-graph\">{\"@context\":\"https:\\\/\\\/schema.org\",\"@graph\":[{\"@type\":\"Article\",\"@id\":\"https:\\\/\\\/eurecat.org\\\/es\\\/el-impacto-de-la-contaminacion-atmosferica-la-alimentacion-y-el-cambio-climatico-factores-criticos-en-la-salud-de-las-personas\\\/#article\",\"isPartOf\":{\"@id\":\"https:\\\/\\\/eurecat.org\\\/es\\\/el-impacto-de-la-contaminacion-atmosferica-la-alimentacion-y-el-cambio-climatico-factores-criticos-en-la-salud-de-las-personas\\\/\"},\"author\":{\"name\":\"EurecatEG\",\"@id\":\"https:\\\/\\\/eurecat.org\\\/es\\\/#\\\/schema\\\/person\\\/def9217eded50ee57a9dc4cf0c883f80\"},\"headline\":\"El impacto de la contaminaci\u00f3n atmosf\u00e9rica, la alimentaci\u00f3n y el cambio clim\u00e1tico, factores cr\u00edticos en la salud de las personas\",\"datePublished\":\"2023-06-02T14:24:32+00:00\",\"dateModified\":\"2023-06-07T14:39:29+00:00\",\"mainEntityOfPage\":{\"@id\":\"https:\\\/\\\/eurecat.org\\\/es\\\/el-impacto-de-la-contaminacion-atmosferica-la-alimentacion-y-el-cambio-climatico-factores-criticos-en-la-salud-de-las-personas\\\/\"},\"wordCount\":1597,\"commentCount\":0,\"image\":{\"@id\":\"https:\\\/\\\/eurecat.org\\\/es\\\/el-impacto-de-la-contaminacion-atmosferica-la-alimentacion-y-el-cambio-climatico-factores-criticos-en-la-salud-de-las-personas\\\/#primaryimage\"},\"thumbnailUrl\":\"https:\\\/\\\/eurecat.org\\\/wp-content\\\/uploads\\\/2023\\\/06\\\/medi-ambient-800px.jpg\",\"articleSection\":[\"E-health\",\"Notas de prensa\",\"Salud\",\"Sostenibilidad\"],\"inLanguage\":\"es\",\"potentialAction\":[{\"@type\":\"CommentAction\",\"name\":\"Comment\",\"target\":[\"https:\\\/\\\/eurecat.org\\\/es\\\/el-impacto-de-la-contaminacion-atmosferica-la-alimentacion-y-el-cambio-climatico-factores-criticos-en-la-salud-de-las-personas\\\/#respond\"]}]},{\"@type\":\"WebPage\",\"@id\":\"https:\\\/\\\/eurecat.org\\\/es\\\/el-impacto-de-la-contaminacion-atmosferica-la-alimentacion-y-el-cambio-climatico-factores-criticos-en-la-salud-de-las-personas\\\/\",\"url\":\"https:\\\/\\\/eurecat.org\\\/es\\\/el-impacto-de-la-contaminacion-atmosferica-la-alimentacion-y-el-cambio-climatico-factores-criticos-en-la-salud-de-las-personas\\\/\",\"name\":\"El impacto de la contaminaci\u00f3n atmosf\u00e9rica, la alimentaci\u00f3n y el cambio clim\u00e1tico, factores cr\u00edticos en la salud de las personas - Eurecat\",\"isPartOf\":{\"@id\":\"https:\\\/\\\/eurecat.org\\\/es\\\/#website\"},\"primaryImageOfPage\":{\"@id\":\"https:\\\/\\\/eurecat.org\\\/es\\\/el-impacto-de-la-contaminacion-atmosferica-la-alimentacion-y-el-cambio-climatico-factores-criticos-en-la-salud-de-las-personas\\\/#primaryimage\"},\"image\":{\"@id\":\"https:\\\/\\\/eurecat.org\\\/es\\\/el-impacto-de-la-contaminacion-atmosferica-la-alimentacion-y-el-cambio-climatico-factores-criticos-en-la-salud-de-las-personas\\\/#primaryimage\"},\"thumbnailUrl\":\"https:\\\/\\\/eurecat.org\\\/wp-content\\\/uploads\\\/2023\\\/06\\\/medi-ambient-800px.jpg\",\"datePublished\":\"2023-06-02T14:24:32+00:00\",\"dateModified\":\"2023-06-07T14:39:29+00:00\",\"author\":{\"@id\":\"https:\\\/\\\/eurecat.org\\\/es\\\/#\\\/schema\\\/person\\\/def9217eded50ee57a9dc4cf0c883f80\"},\"breadcrumb\":{\"@id\":\"https:\\\/\\\/eurecat.org\\\/es\\\/el-impacto-de-la-contaminacion-atmosferica-la-alimentacion-y-el-cambio-climatico-factores-criticos-en-la-salud-de-las-personas\\\/#breadcrumb\"},\"inLanguage\":\"es\",\"potentialAction\":[{\"@type\":\"ReadAction\",\"target\":[\"https:\\\/\\\/eurecat.org\\\/es\\\/el-impacto-de-la-contaminacion-atmosferica-la-alimentacion-y-el-cambio-climatico-factores-criticos-en-la-salud-de-las-personas\\\/\"]}]},{\"@type\":\"ImageObject\",\"inLanguage\":\"es\",\"@id\":\"https:\\\/\\\/eurecat.org\\\/es\\\/el-impacto-de-la-contaminacion-atmosferica-la-alimentacion-y-el-cambio-climatico-factores-criticos-en-la-salud-de-las-personas\\\/#primaryimage\",\"url\":\"https:\\\/\\\/eurecat.org\\\/wp-content\\\/uploads\\\/2023\\\/06\\\/medi-ambient-800px.jpg\",\"contentUrl\":\"https:\\\/\\\/eurecat.org\\\/wp-content\\\/uploads\\\/2023\\\/06\\\/medi-ambient-800px.jpg\",\"width\":800,\"height\":533},{\"@type\":\"BreadcrumbList\",\"@id\":\"https:\\\/\\\/eurecat.org\\\/es\\\/el-impacto-de-la-contaminacion-atmosferica-la-alimentacion-y-el-cambio-climatico-factores-criticos-en-la-salud-de-las-personas\\\/#breadcrumb\",\"itemListElement\":[{\"@type\":\"ListItem\",\"position\":1,\"name\":\"Inici\",\"item\":\"https:\\\/\\\/eurecat.org\\\/es\\\/\"},{\"@type\":\"ListItem\",\"position\":2,\"name\":\"El impacto de la contaminaci\u00f3n atmosf\u00e9rica, la alimentaci\u00f3n y el cambio clim\u00e1tico, factores cr\u00edticos en la salud de las personas\"}]},{\"@type\":\"WebSite\",\"@id\":\"https:\\\/\\\/eurecat.org\\\/es\\\/#website\",\"url\":\"https:\\\/\\\/eurecat.org\\\/es\\\/\",\"name\":\"Eurecat\",\"description\":\"Otro sitio realizado con WordPress\",\"potentialAction\":[{\"@type\":\"SearchAction\",\"target\":{\"@type\":\"EntryPoint\",\"urlTemplate\":\"https:\\\/\\\/eurecat.org\\\/es\\\/?s={search_term_string}\"},\"query-input\":{\"@type\":\"PropertyValueSpecification\",\"valueRequired\":true,\"valueName\":\"search_term_string\"}}],\"inLanguage\":\"es\"},{\"@type\":\"Person\",\"@id\":\"https:\\\/\\\/eurecat.org\\\/es\\\/#\\\/schema\\\/person\\\/def9217eded50ee57a9dc4cf0c883f80\",\"name\":\"EurecatEG\",\"image\":{\"@type\":\"ImageObject\",\"inLanguage\":\"es\",\"@id\":\"https:\\\/\\\/secure.gravatar.com\\\/avatar\\\/f40dd9b6ecd3e5c591f3c9b033e495ee0ec9877ba77249fbf268b3889350c824?s=96&d=mm&r=g\",\"url\":\"https:\\\/\\\/secure.gravatar.com\\\/avatar\\\/f40dd9b6ecd3e5c591f3c9b033e495ee0ec9877ba77249fbf268b3889350c824?s=96&d=mm&r=g\",\"contentUrl\":\"https:\\\/\\\/secure.gravatar.com\\\/avatar\\\/f40dd9b6ecd3e5c591f3c9b033e495ee0ec9877ba77249fbf268b3889350c824?s=96&d=mm&r=g\",\"caption\":\"EurecatEG\"}}]}<\/script>\n<!-- \/ Yoast SEO plugin. -->","yoast_head_json":{"title":"El impacto de la contaminaci\u00f3n atmosf\u00e9rica, la alimentaci\u00f3n y el cambio clim\u00e1tico, factores cr\u00edticos en la salud de las personas - Eurecat","robots":{"index":"index","follow":"follow","max-snippet":"max-snippet:-1","max-image-preview":"max-image-preview:large","max-video-preview":"max-video-preview:-1"},"canonical":"https:\/\/eurecat.org\/es\/el-impacto-de-la-contaminacion-atmosferica-la-alimentacion-y-el-cambio-climatico-factores-criticos-en-la-salud-de-las-personas\/","og_locale":"es_ES","og_type":"article","og_title":"El impacto de la contaminaci\u00f3n atmosf\u00e9rica, la alimentaci\u00f3n y el cambio clim\u00e1tico, factores cr\u00edticos en la salud de las personas - Eurecat","og_url":"https:\/\/eurecat.org\/es\/el-impacto-de-la-contaminacion-atmosferica-la-alimentacion-y-el-cambio-climatico-factores-criticos-en-la-salud-de-las-personas\/","og_site_name":"Eurecat","article_published_time":"2023-06-02T14:24:32+00:00","article_modified_time":"2023-06-07T14:39:29+00:00","og_image":[{"width":800,"height":533,"url":"https:\/\/eurecat.org\/wp-content\/uploads\/2023\/06\/medi-ambient-800px.jpg","type":"image\/jpeg"}],"author":"EurecatEG","twitter_card":"summary_large_image","twitter_misc":{"Escrito por":"EurecatEG","Tiempo de lectura":"7 minutos"},"schema":{"@context":"https:\/\/schema.org","@graph":[{"@type":"Article","@id":"https:\/\/eurecat.org\/es\/el-impacto-de-la-contaminacion-atmosferica-la-alimentacion-y-el-cambio-climatico-factores-criticos-en-la-salud-de-las-personas\/#article","isPartOf":{"@id":"https:\/\/eurecat.org\/es\/el-impacto-de-la-contaminacion-atmosferica-la-alimentacion-y-el-cambio-climatico-factores-criticos-en-la-salud-de-las-personas\/"},"author":{"name":"EurecatEG","@id":"https:\/\/eurecat.org\/es\/#\/schema\/person\/def9217eded50ee57a9dc4cf0c883f80"},"headline":"El impacto de la contaminaci\u00f3n atmosf\u00e9rica, la alimentaci\u00f3n y el cambio clim\u00e1tico, factores cr\u00edticos en la salud de las personas","datePublished":"2023-06-02T14:24:32+00:00","dateModified":"2023-06-07T14:39:29+00:00","mainEntityOfPage":{"@id":"https:\/\/eurecat.org\/es\/el-impacto-de-la-contaminacion-atmosferica-la-alimentacion-y-el-cambio-climatico-factores-criticos-en-la-salud-de-las-personas\/"},"wordCount":1597,"commentCount":0,"image":{"@id":"https:\/\/eurecat.org\/es\/el-impacto-de-la-contaminacion-atmosferica-la-alimentacion-y-el-cambio-climatico-factores-criticos-en-la-salud-de-las-personas\/#primaryimage"},"thumbnailUrl":"https:\/\/eurecat.org\/wp-content\/uploads\/2023\/06\/medi-ambient-800px.jpg","articleSection":["E-health","Notas de prensa","Salud","Sostenibilidad"],"inLanguage":"es","potentialAction":[{"@type":"CommentAction","name":"Comment","target":["https:\/\/eurecat.org\/es\/el-impacto-de-la-contaminacion-atmosferica-la-alimentacion-y-el-cambio-climatico-factores-criticos-en-la-salud-de-las-personas\/#respond"]}]},{"@type":"WebPage","@id":"https:\/\/eurecat.org\/es\/el-impacto-de-la-contaminacion-atmosferica-la-alimentacion-y-el-cambio-climatico-factores-criticos-en-la-salud-de-las-personas\/","url":"https:\/\/eurecat.org\/es\/el-impacto-de-la-contaminacion-atmosferica-la-alimentacion-y-el-cambio-climatico-factores-criticos-en-la-salud-de-las-personas\/","name":"El impacto de la contaminaci\u00f3n atmosf\u00e9rica, la alimentaci\u00f3n y el cambio clim\u00e1tico, factores cr\u00edticos en la salud de las personas - Eurecat","isPartOf":{"@id":"https:\/\/eurecat.org\/es\/#website"},"primaryImageOfPage":{"@id":"https:\/\/eurecat.org\/es\/el-impacto-de-la-contaminacion-atmosferica-la-alimentacion-y-el-cambio-climatico-factores-criticos-en-la-salud-de-las-personas\/#primaryimage"},"image":{"@id":"https:\/\/eurecat.org\/es\/el-impacto-de-la-contaminacion-atmosferica-la-alimentacion-y-el-cambio-climatico-factores-criticos-en-la-salud-de-las-personas\/#primaryimage"},"thumbnailUrl":"https:\/\/eurecat.org\/wp-content\/uploads\/2023\/06\/medi-ambient-800px.jpg","datePublished":"2023-06-02T14:24:32+00:00","dateModified":"2023-06-07T14:39:29+00:00","author":{"@id":"https:\/\/eurecat.org\/es\/#\/schema\/person\/def9217eded50ee57a9dc4cf0c883f80"},"breadcrumb":{"@id":"https:\/\/eurecat.org\/es\/el-impacto-de-la-contaminacion-atmosferica-la-alimentacion-y-el-cambio-climatico-factores-criticos-en-la-salud-de-las-personas\/#breadcrumb"},"inLanguage":"es","potentialAction":[{"@type":"ReadAction","target":["https:\/\/eurecat.org\/es\/el-impacto-de-la-contaminacion-atmosferica-la-alimentacion-y-el-cambio-climatico-factores-criticos-en-la-salud-de-las-personas\/"]}]},{"@type":"ImageObject","inLanguage":"es","@id":"https:\/\/eurecat.org\/es\/el-impacto-de-la-contaminacion-atmosferica-la-alimentacion-y-el-cambio-climatico-factores-criticos-en-la-salud-de-las-personas\/#primaryimage","url":"https:\/\/eurecat.org\/wp-content\/uploads\/2023\/06\/medi-ambient-800px.jpg","contentUrl":"https:\/\/eurecat.org\/wp-content\/uploads\/2023\/06\/medi-ambient-800px.jpg","width":800,"height":533},{"@type":"BreadcrumbList","@id":"https:\/\/eurecat.org\/es\/el-impacto-de-la-contaminacion-atmosferica-la-alimentacion-y-el-cambio-climatico-factores-criticos-en-la-salud-de-las-personas\/#breadcrumb","itemListElement":[{"@type":"ListItem","position":1,"name":"Inici","item":"https:\/\/eurecat.org\/es\/"},{"@type":"ListItem","position":2,"name":"El impacto de la contaminaci\u00f3n atmosf\u00e9rica, la alimentaci\u00f3n y el cambio clim\u00e1tico, factores cr\u00edticos en la salud de las personas"}]},{"@type":"WebSite","@id":"https:\/\/eurecat.org\/es\/#website","url":"https:\/\/eurecat.org\/es\/","name":"Eurecat","description":"Otro sitio realizado con WordPress","potentialAction":[{"@type":"SearchAction","target":{"@type":"EntryPoint","urlTemplate":"https:\/\/eurecat.org\/es\/?s={search_term_string}"},"query-input":{"@type":"PropertyValueSpecification","valueRequired":true,"valueName":"search_term_string"}}],"inLanguage":"es"},{"@type":"Person","@id":"https:\/\/eurecat.org\/es\/#\/schema\/person\/def9217eded50ee57a9dc4cf0c883f80","name":"EurecatEG","image":{"@type":"ImageObject","inLanguage":"es","@id":"https:\/\/secure.gravatar.com\/avatar\/f40dd9b6ecd3e5c591f3c9b033e495ee0ec9877ba77249fbf268b3889350c824?s=96&d=mm&r=g","url":"https:\/\/secure.gravatar.com\/avatar\/f40dd9b6ecd3e5c591f3c9b033e495ee0ec9877ba77249fbf268b3889350c824?s=96&d=mm&r=g","contentUrl":"https:\/\/secure.gravatar.com\/avatar\/f40dd9b6ecd3e5c591f3c9b033e495ee0ec9877ba77249fbf268b3889350c824?s=96&d=mm&r=g","caption":"EurecatEG"}}]}},"_links":{"self":[{"href":"https:\/\/eurecat.org\/es\/wp-json\/wp\/v2\/posts\/136367","targetHints":{"allow":["GET"]}}],"collection":[{"href":"https:\/\/eurecat.org\/es\/wp-json\/wp\/v2\/posts"}],"about":[{"href":"https:\/\/eurecat.org\/es\/wp-json\/wp\/v2\/types\/post"}],"author":[{"embeddable":true,"href":"https:\/\/eurecat.org\/es\/wp-json\/wp\/v2\/users\/12"}],"replies":[{"embeddable":true,"href":"https:\/\/eurecat.org\/es\/wp-json\/wp\/v2\/comments?post=136367"}],"version-history":[{"count":1,"href":"https:\/\/eurecat.org\/es\/wp-json\/wp\/v2\/posts\/136367\/revisions"}],"predecessor-version":[{"id":136374,"href":"https:\/\/eurecat.org\/es\/wp-json\/wp\/v2\/posts\/136367\/revisions\/136374"}],"wp:featuredmedia":[{"embeddable":true,"href":"https:\/\/eurecat.org\/es\/wp-json\/wp\/v2\/media\/136371"}],"wp:attachment":[{"href":"https:\/\/eurecat.org\/es\/wp-json\/wp\/v2\/media?parent=136367"}],"wp:term":[{"taxonomy":"category","embeddable":true,"href":"https:\/\/eurecat.org\/es\/wp-json\/wp\/v2\/categories?post=136367"},{"taxonomy":"post_tag","embeddable":true,"href":"https:\/\/eurecat.org\/es\/wp-json\/wp\/v2\/tags?post=136367"}],"curies":[{"name":"wp","href":"https:\/\/api.w.org\/{rel}","templated":true}]}}