{"id":136629,"date":"2023-06-15T10:22:22","date_gmt":"2023-06-15T08:22:22","guid":{"rendered":"https:\/\/eurecat.org\/?p=136629"},"modified":"2023-06-15T10:25:23","modified_gmt":"2023-06-15T08:25:23","slug":"el-centro-de-ciencias-omicas-consolida-en-reus-su-liderazgo-en-la-investigacion-en-tecnologias-omicas-con-un-nuevo-equipamiento-de-alta-resolucion","status":"publish","type":"post","link":"https:\/\/eurecat.org\/es\/el-centro-de-ciencias-omicas-consolida-en-reus-su-liderazgo-en-la-investigacion-en-tecnologias-omicas-con-un-nuevo-equipamiento-de-alta-resolucion\/","title":{"rendered":"El Centro de Ciencias \u00d3micas consolida en Reus su liderazgo en la investigaci\u00f3n en tecnolog\u00edas \u00f3micas con un nuevo equipamiento de alta resoluci\u00f3n"},"content":{"rendered":"<div class=\"fusion-fullwidth fullwidth-box fusion-builder-row-1 fusion-flex-container nonhundred-percent-fullwidth non-hundred-percent-height-scrolling\" style=\"--awb-border-radius-top-left:0px;--awb-border-radius-top-right:0px;--awb-border-radius-bottom-right:0px;--awb-border-radius-bottom-left:0px;--awb-flex-wrap:wrap;\" ><div class=\"fusion-builder-row fusion-row fusion-flex-align-items-flex-start fusion-flex-content-wrap\" style=\"max-width:1424.8px;margin-left: calc(-4% \/ 2 );margin-right: calc(-4% \/ 2 );\"><div class=\"fusion-layout-column fusion_builder_column fusion-builder-column-0 fusion_builder_column_1_1 1_1 fusion-flex-column\" style=\"--awb-bg-size:cover;--awb-width-large:100%;--awb-margin-top-large:0px;--awb-spacing-right-large:1.92%;--awb-margin-bottom-large:0px;--awb-spacing-left-large:1.92%;--awb-width-medium:100%;--awb-spacing-right-medium:1.92%;--awb-spacing-left-medium:1.92%;--awb-width-small:100%;--awb-spacing-right-small:1.92%;--awb-spacing-left-small:1.92%;\"><div class=\"fusion-column-wrapper fusion-flex-justify-content-flex-start fusion-content-layout-column\"><div class=\"fusion-text fusion-text-1\"><p>El Centro de Ciencias \u00d3micas, unidad mixta de la Universitat Rovira i Virgili y del centro tecnol\u00f3gico <a href=\"https:\/\/eurecat.org\/\">Eurecat<\/a> y nodo de la Infraestructura Cient\u00edfica y T\u00e9cnica Singular OmicsTech, con sede en Reus, ha incorporado un nuevo espectr\u00f3metro de masas de alta resoluci\u00f3n esencial para la investigaci\u00f3n de metabol\u00f3mica y prote\u00f3mica, en los \u00e1mbitos de las ciencias de la vida, la biomedicina, la agroalimentaci\u00f3n y el medio ambiente.<\/p>\n<p>El espect\u00f3metro de masas Orbitrap Eclipse Tribrid de Thermo Scientific ha sido financiado con casi un mill\u00f3n de euros por las ayudas p\u00fablicas para las Infraestructuras Cient\u00edficas y T\u00e9cnicas Singulares por el Ministerio de Ciencia e Innovaci\u00f3n y por los Fondos Next Generation de la Uni\u00f3n Europea en el marco del Plan de Recuperaci\u00f3n, Transformaci\u00f3n y Resiliencia.<\/p>\n<p>\u201cEl equipo Orbitrap Eclipse Tribrid es muy vers\u00e1til y, gracias a su alta resoluci\u00f3n y sensibilidad, se puede utilizar en una amplia variedad de aplicaciones, incluyendo campos como la prote\u00f3mica, metabol\u00f3mica, lipid\u00f3mica y an\u00e1lisis de glicanos, entre otros\u201d, explica la directora de la Unidad de Ciencias \u00d3micas de Eurecat en Reus y coordinadora t\u00e9cnica de la Unidad mixta del Centro de Ciencias \u00d3micas, formada por profesionales de Eurecat y la URV, N\u00faria Canela.<\/p>\n<p>As\u00ed, \u201cen el campo de la biomedicina permitir\u00e1 la identificaci\u00f3n y cuantificaci\u00f3n de prote\u00ednas y metabolitos en bajas concentraciones en muestras biol\u00f3gicas, facilitando la comprensi\u00f3n de las v\u00edas metab\u00f3licas en diferentes condiciones fisiol\u00f3gicas o patol\u00f3gicas, el descubrimiento de biomarcadores que pueden contribuir al diagn\u00f3stico temprano de enfermedades, el seguimiento de la progresi\u00f3n de enfermedades y la personalizaci\u00f3n de tratamientos m\u00e9dicos. Adem\u00e1s, tambi\u00e9n puede utilizarse en el descubrimiento y desarrollo de f\u00e1rmacos, mediante el an\u00e1lisis de la farmacocin\u00e9tica y la farmacodinamia de compuestos bioactivos\u201d, detalla N\u00faria Canela desde la Unidad mixta del Centro de Ciencias \u00d3micas.<\/p>\n<p>Por otra parte, el equipamiento tiene aplicaci\u00f3n en los \u00e1mbitos del medio ambiente y la agroalimentaci\u00f3n en los que se puede utilizar para detectar y cuantificar residuos de plaguicidas, contaminantes ambientales y toxinas en alimentos, para garantizar la seguridad alimentaria y el cumplimiento de las regulaciones sanitarias. \u201cA su vez el equipo permite el an\u00e1lisis de contaminantes org\u00e1nicos persistentes, compuestos qu\u00edmicos en agua y suelos, as\u00ed como los estudios de los efectos de los contaminantes en organismos vivos, analizando la biodisponibilidad y el metabolismo de compuestos t\u00f3xicos en diferentes especies\u201d, se\u00f1ala N\u00faria Canela.<\/p>\n<p>El nuevo equipamiento de alta resoluci\u00f3n combina tres tipos de analizadores de masas y resulta una herramienta esencial en la aplicaci\u00f3n de las tecnolog\u00edas \u00f3micas, especialmente en lo que se refiere a la investigaci\u00f3n en metabol\u00f3mica y prote\u00f3mica.<\/p>\n<p>Seg\u00fan el director del \u00c1rea de Biotecnolog\u00eda de Eurecat, Antoni Caimari, \u201ctodas estas aplicaciones abrir\u00e1n nuevas oportunidades para el centro, ya que nos permitir\u00e1n ampliar nuestra cartera de servicios, potenciar la investigaci\u00f3n en metabol\u00f3mica y prote\u00f3mica y aumentar la capacidad de procesamiento de muestras\u201d.<\/p>\n<p><strong>Las tecnolog\u00edas \u00f3micas y su potencial en la medicina y la nutrici\u00f3n personalizadas<\/strong><\/p>\n<p>La nueva herramienta se suma a las tecnolog\u00edas punteras del Centro de Ciencias \u00d3micas (COS), que junto con el Centro Nacional de An\u00e1lisis Gen\u00f3mico (CNAG) y la Unidad de Prote\u00f3mica del CRG y UPF forman la ICTS OmicsTech.<\/p>\n<p>El Centro de Ciencias \u00d3micas ofrece una gama completa de servicios de investigaci\u00f3n de biomarcadores en los diferentes \u00e1mbitos de la salud, alimentaci\u00f3n y medio ambiente, desde el soporte en el dise\u00f1o de proyectos hasta el an\u00e1lisis e integraci\u00f3n de los datos obtenidos en diferentes tecnolog\u00edas \u00f3micas.<\/p>\n<p>Estas tecnolog\u00edas ofrecen un gran potencial en los \u00e1mbitos de la medicina y la nutrici\u00f3n personalizadas, en los que se utiliza la informaci\u00f3n gen\u00e9tica, biomarcadores moleculares y \u00f3micos, e informaci\u00f3n sobre el estilo de vida de la persona.<\/p>\n<p>\u201cEstos datos permiten mejorar el diagn\u00f3stico y el tratamiento de enfermedades, seleccionando el tratamiento m\u00e1s adecuado para cada paciente en la medicina personalizada\u201d, se\u00f1ala el director del \u00c1rea de Biotecnolog\u00eda de Eurecat.<\/p>\n<p>Y en cuanto a la nutrici\u00f3n personalizada, \u201cposibilitan dar unas recomendaciones nutricionales adaptadas al individuo y contribuir as\u00ed a mejorar la salud y prevenir de forma m\u00e1s efectiva enfermedades derivadas de unos h\u00e1bitos poco saludables o que son inherentes al envejecimiento\u201d, a\u00f1ade.<\/p>\n<p>En conjunto, las tecnolog\u00edas \u00f3micas abarcan \u00e1mbitos de investigaci\u00f3n como la gen\u00f3mica, que estudia los genes y su funci\u00f3n; la transcript\u00f3mica, que se centra en la expresi\u00f3n de los genes; la prote\u00f3mica, que analiza los niveles de las prote\u00ednas, sus modificaciones e interacciones; o la metabol\u00f3mica, que investiga los niveles de metabolitos.<\/p>\n<\/div><\/div><\/div><\/div><\/div>\n","protected":false},"excerpt":{"rendered":"","protected":false},"author":12,"featured_media":136633,"comment_status":"open","ping_status":"closed","sticky":false,"template":"","format":"standard","meta":{"footnotes":""},"categories":[393,134,2283],"tags":[],"class_list":["post-136629","post","type-post","status-publish","format-standard","has-post-thumbnail","hentry","category-ciencias-omicas","category-notas-de-prensa","category-salud"],"yoast_head":"<!-- This site is optimized with the Yoast SEO plugin v27.4 - https:\/\/yoast.com\/product\/yoast-seo-wordpress\/ -->\n<title>El Centro de Ciencias \u00d3micas consolida en Reus su liderazgo en la investigaci\u00f3n en tecnolog\u00edas \u00f3micas con un nuevo equipamiento de alta resoluci\u00f3n - Eurecat<\/title>\n<meta name=\"robots\" content=\"index, follow, max-snippet:-1, max-image-preview:large, max-video-preview:-1\" \/>\n<link rel=\"canonical\" href=\"https:\/\/eurecat.org\/es\/el-centro-de-ciencias-omicas-consolida-en-reus-su-liderazgo-en-la-investigacion-en-tecnologias-omicas-con-un-nuevo-equipamiento-de-alta-resolucion\/\" \/>\n<meta property=\"og:locale\" content=\"es_ES\" \/>\n<meta property=\"og:type\" content=\"article\" \/>\n<meta property=\"og:title\" content=\"El Centro de Ciencias \u00d3micas consolida en Reus su liderazgo en la investigaci\u00f3n en tecnolog\u00edas \u00f3micas con un nuevo equipamiento de alta resoluci\u00f3n - Eurecat\" \/>\n<meta property=\"og:url\" content=\"https:\/\/eurecat.org\/es\/el-centro-de-ciencias-omicas-consolida-en-reus-su-liderazgo-en-la-investigacion-en-tecnologias-omicas-con-un-nuevo-equipamiento-de-alta-resolucion\/\" \/>\n<meta property=\"og:site_name\" content=\"Eurecat\" \/>\n<meta property=\"article:published_time\" content=\"2023-06-15T08:22:22+00:00\" \/>\n<meta property=\"article:modified_time\" content=\"2023-06-15T08:25:23+00:00\" \/>\n<meta property=\"og:image\" content=\"https:\/\/eurecat.org\/wp-content\/uploads\/2023\/06\/Equipament_COS_URV_Eurecat_800px.jpg\" \/>\n\t<meta property=\"og:image:width\" content=\"800\" \/>\n\t<meta property=\"og:image:height\" content=\"533\" \/>\n\t<meta property=\"og:image:type\" content=\"image\/jpeg\" \/>\n<meta name=\"author\" content=\"EurecatEG\" \/>\n<meta name=\"twitter:card\" content=\"summary_large_image\" \/>\n<meta name=\"twitter:label1\" content=\"Escrito por\" \/>\n\t<meta name=\"twitter:data1\" content=\"EurecatEG\" \/>\n\t<meta name=\"twitter:label2\" content=\"Tiempo de lectura\" \/>\n\t<meta name=\"twitter:data2\" content=\"5 minutos\" \/>\n<script type=\"application\/ld+json\" class=\"yoast-schema-graph\">{\"@context\":\"https:\\\/\\\/schema.org\",\"@graph\":[{\"@type\":\"Article\",\"@id\":\"https:\\\/\\\/eurecat.org\\\/es\\\/el-centro-de-ciencias-omicas-consolida-en-reus-su-liderazgo-en-la-investigacion-en-tecnologias-omicas-con-un-nuevo-equipamiento-de-alta-resolucion\\\/#article\",\"isPartOf\":{\"@id\":\"https:\\\/\\\/eurecat.org\\\/es\\\/el-centro-de-ciencias-omicas-consolida-en-reus-su-liderazgo-en-la-investigacion-en-tecnologias-omicas-con-un-nuevo-equipamiento-de-alta-resolucion\\\/\"},\"author\":{\"name\":\"EurecatEG\",\"@id\":\"https:\\\/\\\/eurecat.org\\\/es\\\/#\\\/schema\\\/person\\\/def9217eded50ee57a9dc4cf0c883f80\"},\"headline\":\"El Centro de Ciencias \u00d3micas consolida en Reus su liderazgo en la investigaci\u00f3n en tecnolog\u00edas \u00f3micas con un nuevo equipamiento de alta resoluci\u00f3n\",\"datePublished\":\"2023-06-15T08:22:22+00:00\",\"dateModified\":\"2023-06-15T08:25:23+00:00\",\"mainEntityOfPage\":{\"@id\":\"https:\\\/\\\/eurecat.org\\\/es\\\/el-centro-de-ciencias-omicas-consolida-en-reus-su-liderazgo-en-la-investigacion-en-tecnologias-omicas-con-un-nuevo-equipamiento-de-alta-resolucion\\\/\"},\"wordCount\":1103,\"commentCount\":0,\"image\":{\"@id\":\"https:\\\/\\\/eurecat.org\\\/es\\\/el-centro-de-ciencias-omicas-consolida-en-reus-su-liderazgo-en-la-investigacion-en-tecnologias-omicas-con-un-nuevo-equipamiento-de-alta-resolucion\\\/#primaryimage\"},\"thumbnailUrl\":\"https:\\\/\\\/eurecat.org\\\/wp-content\\\/uploads\\\/2023\\\/06\\\/Equipament_COS_URV_Eurecat_800px.jpg\",\"articleSection\":[\"Ciencias \u00d3micas\",\"Notas de prensa\",\"Salud\"],\"inLanguage\":\"es\",\"potentialAction\":[{\"@type\":\"CommentAction\",\"name\":\"Comment\",\"target\":[\"https:\\\/\\\/eurecat.org\\\/es\\\/el-centro-de-ciencias-omicas-consolida-en-reus-su-liderazgo-en-la-investigacion-en-tecnologias-omicas-con-un-nuevo-equipamiento-de-alta-resolucion\\\/#respond\"]}]},{\"@type\":\"WebPage\",\"@id\":\"https:\\\/\\\/eurecat.org\\\/es\\\/el-centro-de-ciencias-omicas-consolida-en-reus-su-liderazgo-en-la-investigacion-en-tecnologias-omicas-con-un-nuevo-equipamiento-de-alta-resolucion\\\/\",\"url\":\"https:\\\/\\\/eurecat.org\\\/es\\\/el-centro-de-ciencias-omicas-consolida-en-reus-su-liderazgo-en-la-investigacion-en-tecnologias-omicas-con-un-nuevo-equipamiento-de-alta-resolucion\\\/\",\"name\":\"El Centro de Ciencias \u00d3micas consolida en Reus su liderazgo en la investigaci\u00f3n en tecnolog\u00edas \u00f3micas con un nuevo equipamiento de alta resoluci\u00f3n - Eurecat\",\"isPartOf\":{\"@id\":\"https:\\\/\\\/eurecat.org\\\/es\\\/#website\"},\"primaryImageOfPage\":{\"@id\":\"https:\\\/\\\/eurecat.org\\\/es\\\/el-centro-de-ciencias-omicas-consolida-en-reus-su-liderazgo-en-la-investigacion-en-tecnologias-omicas-con-un-nuevo-equipamiento-de-alta-resolucion\\\/#primaryimage\"},\"image\":{\"@id\":\"https:\\\/\\\/eurecat.org\\\/es\\\/el-centro-de-ciencias-omicas-consolida-en-reus-su-liderazgo-en-la-investigacion-en-tecnologias-omicas-con-un-nuevo-equipamiento-de-alta-resolucion\\\/#primaryimage\"},\"thumbnailUrl\":\"https:\\\/\\\/eurecat.org\\\/wp-content\\\/uploads\\\/2023\\\/06\\\/Equipament_COS_URV_Eurecat_800px.jpg\",\"datePublished\":\"2023-06-15T08:22:22+00:00\",\"dateModified\":\"2023-06-15T08:25:23+00:00\",\"author\":{\"@id\":\"https:\\\/\\\/eurecat.org\\\/es\\\/#\\\/schema\\\/person\\\/def9217eded50ee57a9dc4cf0c883f80\"},\"breadcrumb\":{\"@id\":\"https:\\\/\\\/eurecat.org\\\/es\\\/el-centro-de-ciencias-omicas-consolida-en-reus-su-liderazgo-en-la-investigacion-en-tecnologias-omicas-con-un-nuevo-equipamiento-de-alta-resolucion\\\/#breadcrumb\"},\"inLanguage\":\"es\",\"potentialAction\":[{\"@type\":\"ReadAction\",\"target\":[\"https:\\\/\\\/eurecat.org\\\/es\\\/el-centro-de-ciencias-omicas-consolida-en-reus-su-liderazgo-en-la-investigacion-en-tecnologias-omicas-con-un-nuevo-equipamiento-de-alta-resolucion\\\/\"]}]},{\"@type\":\"ImageObject\",\"inLanguage\":\"es\",\"@id\":\"https:\\\/\\\/eurecat.org\\\/es\\\/el-centro-de-ciencias-omicas-consolida-en-reus-su-liderazgo-en-la-investigacion-en-tecnologias-omicas-con-un-nuevo-equipamiento-de-alta-resolucion\\\/#primaryimage\",\"url\":\"https:\\\/\\\/eurecat.org\\\/wp-content\\\/uploads\\\/2023\\\/06\\\/Equipament_COS_URV_Eurecat_800px.jpg\",\"contentUrl\":\"https:\\\/\\\/eurecat.org\\\/wp-content\\\/uploads\\\/2023\\\/06\\\/Equipament_COS_URV_Eurecat_800px.jpg\",\"width\":800,\"height\":533},{\"@type\":\"BreadcrumbList\",\"@id\":\"https:\\\/\\\/eurecat.org\\\/es\\\/el-centro-de-ciencias-omicas-consolida-en-reus-su-liderazgo-en-la-investigacion-en-tecnologias-omicas-con-un-nuevo-equipamiento-de-alta-resolucion\\\/#breadcrumb\",\"itemListElement\":[{\"@type\":\"ListItem\",\"position\":1,\"name\":\"Inici\",\"item\":\"https:\\\/\\\/eurecat.org\\\/es\\\/\"},{\"@type\":\"ListItem\",\"position\":2,\"name\":\"El Centro de Ciencias \u00d3micas consolida en Reus su liderazgo en la investigaci\u00f3n en tecnolog\u00edas \u00f3micas con un nuevo equipamiento de alta resoluci\u00f3n\"}]},{\"@type\":\"WebSite\",\"@id\":\"https:\\\/\\\/eurecat.org\\\/es\\\/#website\",\"url\":\"https:\\\/\\\/eurecat.org\\\/es\\\/\",\"name\":\"Eurecat\",\"description\":\"Otro sitio realizado con WordPress\",\"potentialAction\":[{\"@type\":\"SearchAction\",\"target\":{\"@type\":\"EntryPoint\",\"urlTemplate\":\"https:\\\/\\\/eurecat.org\\\/es\\\/?s={search_term_string}\"},\"query-input\":{\"@type\":\"PropertyValueSpecification\",\"valueRequired\":true,\"valueName\":\"search_term_string\"}}],\"inLanguage\":\"es\"},{\"@type\":\"Person\",\"@id\":\"https:\\\/\\\/eurecat.org\\\/es\\\/#\\\/schema\\\/person\\\/def9217eded50ee57a9dc4cf0c883f80\",\"name\":\"EurecatEG\",\"image\":{\"@type\":\"ImageObject\",\"inLanguage\":\"es\",\"@id\":\"https:\\\/\\\/secure.gravatar.com\\\/avatar\\\/f40dd9b6ecd3e5c591f3c9b033e495ee0ec9877ba77249fbf268b3889350c824?s=96&d=mm&r=g\",\"url\":\"https:\\\/\\\/secure.gravatar.com\\\/avatar\\\/f40dd9b6ecd3e5c591f3c9b033e495ee0ec9877ba77249fbf268b3889350c824?s=96&d=mm&r=g\",\"contentUrl\":\"https:\\\/\\\/secure.gravatar.com\\\/avatar\\\/f40dd9b6ecd3e5c591f3c9b033e495ee0ec9877ba77249fbf268b3889350c824?s=96&d=mm&r=g\",\"caption\":\"EurecatEG\"}}]}<\/script>\n<!-- \/ Yoast SEO plugin. -->","yoast_head_json":{"title":"El Centro de Ciencias \u00d3micas consolida en Reus su liderazgo en la investigaci\u00f3n en tecnolog\u00edas \u00f3micas con un nuevo equipamiento de alta resoluci\u00f3n - Eurecat","robots":{"index":"index","follow":"follow","max-snippet":"max-snippet:-1","max-image-preview":"max-image-preview:large","max-video-preview":"max-video-preview:-1"},"canonical":"https:\/\/eurecat.org\/es\/el-centro-de-ciencias-omicas-consolida-en-reus-su-liderazgo-en-la-investigacion-en-tecnologias-omicas-con-un-nuevo-equipamiento-de-alta-resolucion\/","og_locale":"es_ES","og_type":"article","og_title":"El Centro de Ciencias \u00d3micas consolida en Reus su liderazgo en la investigaci\u00f3n en tecnolog\u00edas \u00f3micas con un nuevo equipamiento de alta resoluci\u00f3n - Eurecat","og_url":"https:\/\/eurecat.org\/es\/el-centro-de-ciencias-omicas-consolida-en-reus-su-liderazgo-en-la-investigacion-en-tecnologias-omicas-con-un-nuevo-equipamiento-de-alta-resolucion\/","og_site_name":"Eurecat","article_published_time":"2023-06-15T08:22:22+00:00","article_modified_time":"2023-06-15T08:25:23+00:00","og_image":[{"width":800,"height":533,"url":"https:\/\/eurecat.org\/wp-content\/uploads\/2023\/06\/Equipament_COS_URV_Eurecat_800px.jpg","type":"image\/jpeg"}],"author":"EurecatEG","twitter_card":"summary_large_image","twitter_misc":{"Escrito por":"EurecatEG","Tiempo de lectura":"5 minutos"},"schema":{"@context":"https:\/\/schema.org","@graph":[{"@type":"Article","@id":"https:\/\/eurecat.org\/es\/el-centro-de-ciencias-omicas-consolida-en-reus-su-liderazgo-en-la-investigacion-en-tecnologias-omicas-con-un-nuevo-equipamiento-de-alta-resolucion\/#article","isPartOf":{"@id":"https:\/\/eurecat.org\/es\/el-centro-de-ciencias-omicas-consolida-en-reus-su-liderazgo-en-la-investigacion-en-tecnologias-omicas-con-un-nuevo-equipamiento-de-alta-resolucion\/"},"author":{"name":"EurecatEG","@id":"https:\/\/eurecat.org\/es\/#\/schema\/person\/def9217eded50ee57a9dc4cf0c883f80"},"headline":"El Centro de Ciencias \u00d3micas consolida en Reus su liderazgo en la investigaci\u00f3n en tecnolog\u00edas \u00f3micas con un nuevo equipamiento de alta resoluci\u00f3n","datePublished":"2023-06-15T08:22:22+00:00","dateModified":"2023-06-15T08:25:23+00:00","mainEntityOfPage":{"@id":"https:\/\/eurecat.org\/es\/el-centro-de-ciencias-omicas-consolida-en-reus-su-liderazgo-en-la-investigacion-en-tecnologias-omicas-con-un-nuevo-equipamiento-de-alta-resolucion\/"},"wordCount":1103,"commentCount":0,"image":{"@id":"https:\/\/eurecat.org\/es\/el-centro-de-ciencias-omicas-consolida-en-reus-su-liderazgo-en-la-investigacion-en-tecnologias-omicas-con-un-nuevo-equipamiento-de-alta-resolucion\/#primaryimage"},"thumbnailUrl":"https:\/\/eurecat.org\/wp-content\/uploads\/2023\/06\/Equipament_COS_URV_Eurecat_800px.jpg","articleSection":["Ciencias \u00d3micas","Notas de prensa","Salud"],"inLanguage":"es","potentialAction":[{"@type":"CommentAction","name":"Comment","target":["https:\/\/eurecat.org\/es\/el-centro-de-ciencias-omicas-consolida-en-reus-su-liderazgo-en-la-investigacion-en-tecnologias-omicas-con-un-nuevo-equipamiento-de-alta-resolucion\/#respond"]}]},{"@type":"WebPage","@id":"https:\/\/eurecat.org\/es\/el-centro-de-ciencias-omicas-consolida-en-reus-su-liderazgo-en-la-investigacion-en-tecnologias-omicas-con-un-nuevo-equipamiento-de-alta-resolucion\/","url":"https:\/\/eurecat.org\/es\/el-centro-de-ciencias-omicas-consolida-en-reus-su-liderazgo-en-la-investigacion-en-tecnologias-omicas-con-un-nuevo-equipamiento-de-alta-resolucion\/","name":"El Centro de Ciencias \u00d3micas consolida en Reus su liderazgo en la investigaci\u00f3n en tecnolog\u00edas \u00f3micas con un nuevo equipamiento de alta resoluci\u00f3n - Eurecat","isPartOf":{"@id":"https:\/\/eurecat.org\/es\/#website"},"primaryImageOfPage":{"@id":"https:\/\/eurecat.org\/es\/el-centro-de-ciencias-omicas-consolida-en-reus-su-liderazgo-en-la-investigacion-en-tecnologias-omicas-con-un-nuevo-equipamiento-de-alta-resolucion\/#primaryimage"},"image":{"@id":"https:\/\/eurecat.org\/es\/el-centro-de-ciencias-omicas-consolida-en-reus-su-liderazgo-en-la-investigacion-en-tecnologias-omicas-con-un-nuevo-equipamiento-de-alta-resolucion\/#primaryimage"},"thumbnailUrl":"https:\/\/eurecat.org\/wp-content\/uploads\/2023\/06\/Equipament_COS_URV_Eurecat_800px.jpg","datePublished":"2023-06-15T08:22:22+00:00","dateModified":"2023-06-15T08:25:23+00:00","author":{"@id":"https:\/\/eurecat.org\/es\/#\/schema\/person\/def9217eded50ee57a9dc4cf0c883f80"},"breadcrumb":{"@id":"https:\/\/eurecat.org\/es\/el-centro-de-ciencias-omicas-consolida-en-reus-su-liderazgo-en-la-investigacion-en-tecnologias-omicas-con-un-nuevo-equipamiento-de-alta-resolucion\/#breadcrumb"},"inLanguage":"es","potentialAction":[{"@type":"ReadAction","target":["https:\/\/eurecat.org\/es\/el-centro-de-ciencias-omicas-consolida-en-reus-su-liderazgo-en-la-investigacion-en-tecnologias-omicas-con-un-nuevo-equipamiento-de-alta-resolucion\/"]}]},{"@type":"ImageObject","inLanguage":"es","@id":"https:\/\/eurecat.org\/es\/el-centro-de-ciencias-omicas-consolida-en-reus-su-liderazgo-en-la-investigacion-en-tecnologias-omicas-con-un-nuevo-equipamiento-de-alta-resolucion\/#primaryimage","url":"https:\/\/eurecat.org\/wp-content\/uploads\/2023\/06\/Equipament_COS_URV_Eurecat_800px.jpg","contentUrl":"https:\/\/eurecat.org\/wp-content\/uploads\/2023\/06\/Equipament_COS_URV_Eurecat_800px.jpg","width":800,"height":533},{"@type":"BreadcrumbList","@id":"https:\/\/eurecat.org\/es\/el-centro-de-ciencias-omicas-consolida-en-reus-su-liderazgo-en-la-investigacion-en-tecnologias-omicas-con-un-nuevo-equipamiento-de-alta-resolucion\/#breadcrumb","itemListElement":[{"@type":"ListItem","position":1,"name":"Inici","item":"https:\/\/eurecat.org\/es\/"},{"@type":"ListItem","position":2,"name":"El Centro de Ciencias \u00d3micas consolida en Reus su liderazgo en la investigaci\u00f3n en tecnolog\u00edas \u00f3micas con un nuevo equipamiento de alta resoluci\u00f3n"}]},{"@type":"WebSite","@id":"https:\/\/eurecat.org\/es\/#website","url":"https:\/\/eurecat.org\/es\/","name":"Eurecat","description":"Otro sitio realizado con WordPress","potentialAction":[{"@type":"SearchAction","target":{"@type":"EntryPoint","urlTemplate":"https:\/\/eurecat.org\/es\/?s={search_term_string}"},"query-input":{"@type":"PropertyValueSpecification","valueRequired":true,"valueName":"search_term_string"}}],"inLanguage":"es"},{"@type":"Person","@id":"https:\/\/eurecat.org\/es\/#\/schema\/person\/def9217eded50ee57a9dc4cf0c883f80","name":"EurecatEG","image":{"@type":"ImageObject","inLanguage":"es","@id":"https:\/\/secure.gravatar.com\/avatar\/f40dd9b6ecd3e5c591f3c9b033e495ee0ec9877ba77249fbf268b3889350c824?s=96&d=mm&r=g","url":"https:\/\/secure.gravatar.com\/avatar\/f40dd9b6ecd3e5c591f3c9b033e495ee0ec9877ba77249fbf268b3889350c824?s=96&d=mm&r=g","contentUrl":"https:\/\/secure.gravatar.com\/avatar\/f40dd9b6ecd3e5c591f3c9b033e495ee0ec9877ba77249fbf268b3889350c824?s=96&d=mm&r=g","caption":"EurecatEG"}}]}},"_links":{"self":[{"href":"https:\/\/eurecat.org\/es\/wp-json\/wp\/v2\/posts\/136629","targetHints":{"allow":["GET"]}}],"collection":[{"href":"https:\/\/eurecat.org\/es\/wp-json\/wp\/v2\/posts"}],"about":[{"href":"https:\/\/eurecat.org\/es\/wp-json\/wp\/v2\/types\/post"}],"author":[{"embeddable":true,"href":"https:\/\/eurecat.org\/es\/wp-json\/wp\/v2\/users\/12"}],"replies":[{"embeddable":true,"href":"https:\/\/eurecat.org\/es\/wp-json\/wp\/v2\/comments?post=136629"}],"version-history":[{"count":1,"href":"https:\/\/eurecat.org\/es\/wp-json\/wp\/v2\/posts\/136629\/revisions"}],"predecessor-version":[{"id":136635,"href":"https:\/\/eurecat.org\/es\/wp-json\/wp\/v2\/posts\/136629\/revisions\/136635"}],"wp:featuredmedia":[{"embeddable":true,"href":"https:\/\/eurecat.org\/es\/wp-json\/wp\/v2\/media\/136633"}],"wp:attachment":[{"href":"https:\/\/eurecat.org\/es\/wp-json\/wp\/v2\/media?parent=136629"}],"wp:term":[{"taxonomy":"category","embeddable":true,"href":"https:\/\/eurecat.org\/es\/wp-json\/wp\/v2\/categories?post=136629"},{"taxonomy":"post_tag","embeddable":true,"href":"https:\/\/eurecat.org\/es\/wp-json\/wp\/v2\/tags?post=136629"}],"curies":[{"name":"wp","href":"https:\/\/api.w.org\/{rel}","templated":true}]}}