{"id":136637,"date":"2023-06-13T10:36:27","date_gmt":"2023-06-13T08:36:27","guid":{"rendered":"https:\/\/eurecat.org\/?p=136637"},"modified":"2023-06-15T10:38:09","modified_gmt":"2023-06-15T08:38:09","slug":"el-proyecto-vivim-culmina-con-una-experiencia-documental-inmersiva-del-mitico-cafe-els-4-gats","status":"publish","type":"post","link":"https:\/\/eurecat.org\/es\/el-proyecto-vivim-culmina-con-una-experiencia-documental-inmersiva-del-mitico-cafe-els-4-gats\/","title":{"rendered":"El proyecto ViVIM culmina con una experiencia documental inmersiva del m\u00edtico caf\u00e9 &#8216;Els 4 Gats&#8217;"},"content":{"rendered":"<div class=\"fusion-fullwidth fullwidth-box fusion-builder-row-1 fusion-flex-container nonhundred-percent-fullwidth non-hundred-percent-height-scrolling\" style=\"--awb-border-radius-top-left:0px;--awb-border-radius-top-right:0px;--awb-border-radius-bottom-right:0px;--awb-border-radius-bottom-left:0px;--awb-flex-wrap:wrap;\" ><div class=\"fusion-builder-row fusion-row fusion-flex-align-items-flex-start fusion-flex-content-wrap\" style=\"max-width:1424.8px;margin-left: calc(-4% \/ 2 );margin-right: calc(-4% \/ 2 );\"><div class=\"fusion-layout-column fusion_builder_column fusion-builder-column-0 fusion_builder_column_1_1 1_1 fusion-flex-column\" style=\"--awb-bg-size:cover;--awb-width-large:100%;--awb-margin-top-large:0px;--awb-spacing-right-large:1.92%;--awb-margin-bottom-large:0px;--awb-spacing-left-large:1.92%;--awb-width-medium:100%;--awb-spacing-right-medium:1.92%;--awb-spacing-left-medium:1.92%;--awb-width-small:100%;--awb-spacing-right-small:1.92%;--awb-spacing-left-small:1.92%;\"><div class=\"fusion-column-wrapper fusion-flex-justify-content-flex-start fusion-content-layout-column\"><div class=\"fusion-text fusion-text-1\"><p>El centro tecnol\u00f3gico Eurecat ha participado en el proyecto ViVIM (Visi\u00f3n por Computador por V\u00eddeo Inmersivo Multiplataforma), que ha culminado este lunes con la presentaci\u00f3n del tercer piloto de la iniciativa: la creaci\u00f3n de una experiencia documental inmersiva del m\u00edtico caf\u00e9 \u2018Els 4 Gats\u2019 de Barcelona.<\/p>\n<p>Dentro del marco del proyecto ViVIM se han llevado a cabo varios pilotos en los que los diferentes partners del consorcio, integrado por Eurecat, VISYON (GRUPO MEDIAPRO), CVC, i2Cat y CCMA, han desarrollado herramientas de producci\u00f3n para pantallas inmersivas, soporte para c\u00e1maras omnidireccionales y el acceso al contenido de forma sincronizada, tanto empleando dispositivos de realidad virtual (head mounted displays, HMDs), como tabletas y televisi\u00f3n convencional.<\/p>\n<p>Parte de estos desarrollos se han puesto a prueba en el tercer piloto: una experiencia documental inmersiva del caf\u00e9 \u2018Els 4 Gats\u2019 que se ha presentado este lunes en el m\u00edtico local modernista. El piloto consiste en un viaje en el tiempo a la Barcelona de la \u00e9poca modernista, donde dos usuarios comparten la experiencia de explorar los rincones de \u2018Els 4 Gats\u2019 mediante gafas de realidad virtual.<\/p>\n<p>La experiencia comienza con un v\u00eddeo 360 donde el personaje de Pere Romeu, propietario original de la taberna, hace una introducci\u00f3n. A continuaci\u00f3n, el usuario se transporta al restaurante, recreado en CGI con una combinaci\u00f3n de t\u00e9cnicas de fotogrametr\u00eda y moldeado, que construye un espacio VR interactivo compartido por dos usuarios en tiempo real. Ambos usuarios pueden tele portarse dentro de este espacio para interactuar con diferentes puntos de inter\u00e9s que tienen elementos interactivos de la \u00e9poca modernista, as\u00ed como compartir su experiencia con el otro usuario en la plataforma, haciendo uso de la tecnolog\u00eda de holo-conferencia (Holomit) desarrollada por i2Cat. En la experiencia tambi\u00e9n se han aplicado herramientas como Depth360 (Eurecat; generaci\u00f3n de v\u00eddeo estereosc\u00f3pico 360 a partir de una grabaci\u00f3n monosc\u00f3pica) y DensePose (CVC, rotoscopia segmentada del personaje).<\/p>\n<p><strong>El proyecto ViVIM<\/strong><\/p>\n<p>El proyecto ViVIM (Visi\u00f3n por Computador por V\u00eddeo Inmersivo Multiplataforma) es una iniciativa de \u00e1mbito catal\u00e1n financiada por ACCI\u00d3, la Agencia para la Competitividad de la Empresa, dentro del plan de actuaciones de la Comunidad Ris3CAT Media impulsada por el Gobierno de la Generalitat de Catalunya, y su consorcio est\u00e1 formado por Eurecat, i2Cat, que coordina el proyecto, VISYON (GRUPO MEDIAPRO), el Centro de Visi\u00f3n por Computador (CVC) de la UAB y la Corporaci\u00f3n Catalana de Medios Audiovisuales (CCMA)<\/p>\n<p>El proyecto se inici\u00f3 en 2019 y ha tenido como objetivo adaptar el lenguaje cinematogr\u00e1fico y la producci\u00f3n de v\u00eddeo a las nuevas posibilidades y tecnolog\u00edas inmersivas. Asimismo, el proyecto trata de posibilitar experiencias interactivas y sociales entre usuarios remotos en entornos virtuales. Se quiere potenciar el impacto del proyecto para que tenga una incidencia en el ecosistema de los creadores, distribuidores y consumidores de contenido.<\/p>\n<\/div><\/div><\/div><\/div><\/div>\n","protected":false},"excerpt":{"rendered":"","protected":false},"author":12,"featured_media":136640,"comment_status":"open","ping_status":"closed","sticky":false,"template":"","format":"standard","meta":{"footnotes":""},"categories":[394,134,412],"tags":[],"class_list":["post-136637","post","type-post","status-publish","format-standard","has-post-thumbnail","hentry","category-consultoria-es","category-notas-de-prensa","category-tecnologias-audiovisuales"],"yoast_head":"<!-- This site is optimized with the Yoast SEO plugin v27.4 - https:\/\/yoast.com\/product\/yoast-seo-wordpress\/ -->\n<title>El proyecto ViVIM culmina con una experiencia documental inmersiva del m\u00edtico caf\u00e9 &#039;Els 4 Gats&#039; - Eurecat<\/title>\n<meta name=\"robots\" content=\"index, follow, max-snippet:-1, max-image-preview:large, max-video-preview:-1\" \/>\n<link rel=\"canonical\" href=\"https:\/\/eurecat.org\/es\/el-proyecto-vivim-culmina-con-una-experiencia-documental-inmersiva-del-mitico-cafe-els-4-gats\/\" \/>\n<meta property=\"og:locale\" content=\"es_ES\" \/>\n<meta property=\"og:type\" content=\"article\" \/>\n<meta property=\"og:title\" content=\"El proyecto ViVIM culmina con una experiencia documental inmersiva del m\u00edtico caf\u00e9 &#039;Els 4 Gats&#039; - Eurecat\" \/>\n<meta property=\"og:url\" content=\"https:\/\/eurecat.org\/es\/el-proyecto-vivim-culmina-con-una-experiencia-documental-inmersiva-del-mitico-cafe-els-4-gats\/\" \/>\n<meta property=\"og:site_name\" content=\"Eurecat\" \/>\n<meta property=\"article:published_time\" content=\"2023-06-13T08:36:27+00:00\" \/>\n<meta property=\"article:modified_time\" content=\"2023-06-15T08:38:09+00:00\" \/>\n<meta property=\"og:image\" content=\"https:\/\/eurecat.org\/wp-content\/uploads\/2023\/06\/vivim02_800px.jpg\" \/>\n\t<meta property=\"og:image:width\" content=\"948\" \/>\n\t<meta property=\"og:image:height\" content=\"533\" \/>\n\t<meta property=\"og:image:type\" content=\"image\/jpeg\" \/>\n<meta name=\"author\" content=\"EurecatEG\" \/>\n<meta name=\"twitter:card\" content=\"summary_large_image\" \/>\n<meta name=\"twitter:label1\" content=\"Escrito por\" \/>\n\t<meta name=\"twitter:data1\" content=\"EurecatEG\" \/>\n\t<meta name=\"twitter:label2\" content=\"Tiempo de lectura\" \/>\n\t<meta name=\"twitter:data2\" content=\"4 minutos\" \/>\n<script type=\"application\/ld+json\" class=\"yoast-schema-graph\">{\"@context\":\"https:\\\/\\\/schema.org\",\"@graph\":[{\"@type\":\"Article\",\"@id\":\"https:\\\/\\\/eurecat.org\\\/es\\\/el-proyecto-vivim-culmina-con-una-experiencia-documental-inmersiva-del-mitico-cafe-els-4-gats\\\/#article\",\"isPartOf\":{\"@id\":\"https:\\\/\\\/eurecat.org\\\/es\\\/el-proyecto-vivim-culmina-con-una-experiencia-documental-inmersiva-del-mitico-cafe-els-4-gats\\\/\"},\"author\":{\"name\":\"EurecatEG\",\"@id\":\"https:\\\/\\\/eurecat.org\\\/es\\\/#\\\/schema\\\/person\\\/def9217eded50ee57a9dc4cf0c883f80\"},\"headline\":\"El proyecto ViVIM culmina con una experiencia documental inmersiva del m\u00edtico caf\u00e9 &#8216;Els 4 Gats&#8217;\",\"datePublished\":\"2023-06-13T08:36:27+00:00\",\"dateModified\":\"2023-06-15T08:38:09+00:00\",\"mainEntityOfPage\":{\"@id\":\"https:\\\/\\\/eurecat.org\\\/es\\\/el-proyecto-vivim-culmina-con-una-experiencia-documental-inmersiva-del-mitico-cafe-els-4-gats\\\/\"},\"wordCount\":752,\"commentCount\":0,\"image\":{\"@id\":\"https:\\\/\\\/eurecat.org\\\/es\\\/el-proyecto-vivim-culmina-con-una-experiencia-documental-inmersiva-del-mitico-cafe-els-4-gats\\\/#primaryimage\"},\"thumbnailUrl\":\"https:\\\/\\\/eurecat.org\\\/wp-content\\\/uploads\\\/2023\\\/06\\\/vivim02_800px.jpg\",\"articleSection\":[\"Consultor\u00eda\",\"Notas de prensa\",\"Tecnolog\u00edas Audiovisuales\"],\"inLanguage\":\"es\",\"potentialAction\":[{\"@type\":\"CommentAction\",\"name\":\"Comment\",\"target\":[\"https:\\\/\\\/eurecat.org\\\/es\\\/el-proyecto-vivim-culmina-con-una-experiencia-documental-inmersiva-del-mitico-cafe-els-4-gats\\\/#respond\"]}]},{\"@type\":\"WebPage\",\"@id\":\"https:\\\/\\\/eurecat.org\\\/es\\\/el-proyecto-vivim-culmina-con-una-experiencia-documental-inmersiva-del-mitico-cafe-els-4-gats\\\/\",\"url\":\"https:\\\/\\\/eurecat.org\\\/es\\\/el-proyecto-vivim-culmina-con-una-experiencia-documental-inmersiva-del-mitico-cafe-els-4-gats\\\/\",\"name\":\"El proyecto ViVIM culmina con una experiencia documental inmersiva del m\u00edtico caf\u00e9 'Els 4 Gats' - Eurecat\",\"isPartOf\":{\"@id\":\"https:\\\/\\\/eurecat.org\\\/es\\\/#website\"},\"primaryImageOfPage\":{\"@id\":\"https:\\\/\\\/eurecat.org\\\/es\\\/el-proyecto-vivim-culmina-con-una-experiencia-documental-inmersiva-del-mitico-cafe-els-4-gats\\\/#primaryimage\"},\"image\":{\"@id\":\"https:\\\/\\\/eurecat.org\\\/es\\\/el-proyecto-vivim-culmina-con-una-experiencia-documental-inmersiva-del-mitico-cafe-els-4-gats\\\/#primaryimage\"},\"thumbnailUrl\":\"https:\\\/\\\/eurecat.org\\\/wp-content\\\/uploads\\\/2023\\\/06\\\/vivim02_800px.jpg\",\"datePublished\":\"2023-06-13T08:36:27+00:00\",\"dateModified\":\"2023-06-15T08:38:09+00:00\",\"author\":{\"@id\":\"https:\\\/\\\/eurecat.org\\\/es\\\/#\\\/schema\\\/person\\\/def9217eded50ee57a9dc4cf0c883f80\"},\"breadcrumb\":{\"@id\":\"https:\\\/\\\/eurecat.org\\\/es\\\/el-proyecto-vivim-culmina-con-una-experiencia-documental-inmersiva-del-mitico-cafe-els-4-gats\\\/#breadcrumb\"},\"inLanguage\":\"es\",\"potentialAction\":[{\"@type\":\"ReadAction\",\"target\":[\"https:\\\/\\\/eurecat.org\\\/es\\\/el-proyecto-vivim-culmina-con-una-experiencia-documental-inmersiva-del-mitico-cafe-els-4-gats\\\/\"]}]},{\"@type\":\"ImageObject\",\"inLanguage\":\"es\",\"@id\":\"https:\\\/\\\/eurecat.org\\\/es\\\/el-proyecto-vivim-culmina-con-una-experiencia-documental-inmersiva-del-mitico-cafe-els-4-gats\\\/#primaryimage\",\"url\":\"https:\\\/\\\/eurecat.org\\\/wp-content\\\/uploads\\\/2023\\\/06\\\/vivim02_800px.jpg\",\"contentUrl\":\"https:\\\/\\\/eurecat.org\\\/wp-content\\\/uploads\\\/2023\\\/06\\\/vivim02_800px.jpg\",\"width\":948,\"height\":533},{\"@type\":\"BreadcrumbList\",\"@id\":\"https:\\\/\\\/eurecat.org\\\/es\\\/el-proyecto-vivim-culmina-con-una-experiencia-documental-inmersiva-del-mitico-cafe-els-4-gats\\\/#breadcrumb\",\"itemListElement\":[{\"@type\":\"ListItem\",\"position\":1,\"name\":\"Inici\",\"item\":\"https:\\\/\\\/eurecat.org\\\/es\\\/\"},{\"@type\":\"ListItem\",\"position\":2,\"name\":\"El proyecto ViVIM culmina con una experiencia documental inmersiva del m\u00edtico caf\u00e9 &#8216;Els 4 Gats&#8217;\"}]},{\"@type\":\"WebSite\",\"@id\":\"https:\\\/\\\/eurecat.org\\\/es\\\/#website\",\"url\":\"https:\\\/\\\/eurecat.org\\\/es\\\/\",\"name\":\"Eurecat\",\"description\":\"Otro sitio realizado con WordPress\",\"potentialAction\":[{\"@type\":\"SearchAction\",\"target\":{\"@type\":\"EntryPoint\",\"urlTemplate\":\"https:\\\/\\\/eurecat.org\\\/es\\\/?s={search_term_string}\"},\"query-input\":{\"@type\":\"PropertyValueSpecification\",\"valueRequired\":true,\"valueName\":\"search_term_string\"}}],\"inLanguage\":\"es\"},{\"@type\":\"Person\",\"@id\":\"https:\\\/\\\/eurecat.org\\\/es\\\/#\\\/schema\\\/person\\\/def9217eded50ee57a9dc4cf0c883f80\",\"name\":\"EurecatEG\",\"image\":{\"@type\":\"ImageObject\",\"inLanguage\":\"es\",\"@id\":\"https:\\\/\\\/secure.gravatar.com\\\/avatar\\\/f40dd9b6ecd3e5c591f3c9b033e495ee0ec9877ba77249fbf268b3889350c824?s=96&d=mm&r=g\",\"url\":\"https:\\\/\\\/secure.gravatar.com\\\/avatar\\\/f40dd9b6ecd3e5c591f3c9b033e495ee0ec9877ba77249fbf268b3889350c824?s=96&d=mm&r=g\",\"contentUrl\":\"https:\\\/\\\/secure.gravatar.com\\\/avatar\\\/f40dd9b6ecd3e5c591f3c9b033e495ee0ec9877ba77249fbf268b3889350c824?s=96&d=mm&r=g\",\"caption\":\"EurecatEG\"}}]}<\/script>\n<!-- \/ Yoast SEO plugin. -->","yoast_head_json":{"title":"El proyecto ViVIM culmina con una experiencia documental inmersiva del m\u00edtico caf\u00e9 'Els 4 Gats' - Eurecat","robots":{"index":"index","follow":"follow","max-snippet":"max-snippet:-1","max-image-preview":"max-image-preview:large","max-video-preview":"max-video-preview:-1"},"canonical":"https:\/\/eurecat.org\/es\/el-proyecto-vivim-culmina-con-una-experiencia-documental-inmersiva-del-mitico-cafe-els-4-gats\/","og_locale":"es_ES","og_type":"article","og_title":"El proyecto ViVIM culmina con una experiencia documental inmersiva del m\u00edtico caf\u00e9 'Els 4 Gats' - Eurecat","og_url":"https:\/\/eurecat.org\/es\/el-proyecto-vivim-culmina-con-una-experiencia-documental-inmersiva-del-mitico-cafe-els-4-gats\/","og_site_name":"Eurecat","article_published_time":"2023-06-13T08:36:27+00:00","article_modified_time":"2023-06-15T08:38:09+00:00","og_image":[{"width":948,"height":533,"url":"https:\/\/eurecat.org\/wp-content\/uploads\/2023\/06\/vivim02_800px.jpg","type":"image\/jpeg"}],"author":"EurecatEG","twitter_card":"summary_large_image","twitter_misc":{"Escrito por":"EurecatEG","Tiempo de lectura":"4 minutos"},"schema":{"@context":"https:\/\/schema.org","@graph":[{"@type":"Article","@id":"https:\/\/eurecat.org\/es\/el-proyecto-vivim-culmina-con-una-experiencia-documental-inmersiva-del-mitico-cafe-els-4-gats\/#article","isPartOf":{"@id":"https:\/\/eurecat.org\/es\/el-proyecto-vivim-culmina-con-una-experiencia-documental-inmersiva-del-mitico-cafe-els-4-gats\/"},"author":{"name":"EurecatEG","@id":"https:\/\/eurecat.org\/es\/#\/schema\/person\/def9217eded50ee57a9dc4cf0c883f80"},"headline":"El proyecto ViVIM culmina con una experiencia documental inmersiva del m\u00edtico caf\u00e9 &#8216;Els 4 Gats&#8217;","datePublished":"2023-06-13T08:36:27+00:00","dateModified":"2023-06-15T08:38:09+00:00","mainEntityOfPage":{"@id":"https:\/\/eurecat.org\/es\/el-proyecto-vivim-culmina-con-una-experiencia-documental-inmersiva-del-mitico-cafe-els-4-gats\/"},"wordCount":752,"commentCount":0,"image":{"@id":"https:\/\/eurecat.org\/es\/el-proyecto-vivim-culmina-con-una-experiencia-documental-inmersiva-del-mitico-cafe-els-4-gats\/#primaryimage"},"thumbnailUrl":"https:\/\/eurecat.org\/wp-content\/uploads\/2023\/06\/vivim02_800px.jpg","articleSection":["Consultor\u00eda","Notas de prensa","Tecnolog\u00edas Audiovisuales"],"inLanguage":"es","potentialAction":[{"@type":"CommentAction","name":"Comment","target":["https:\/\/eurecat.org\/es\/el-proyecto-vivim-culmina-con-una-experiencia-documental-inmersiva-del-mitico-cafe-els-4-gats\/#respond"]}]},{"@type":"WebPage","@id":"https:\/\/eurecat.org\/es\/el-proyecto-vivim-culmina-con-una-experiencia-documental-inmersiva-del-mitico-cafe-els-4-gats\/","url":"https:\/\/eurecat.org\/es\/el-proyecto-vivim-culmina-con-una-experiencia-documental-inmersiva-del-mitico-cafe-els-4-gats\/","name":"El proyecto ViVIM culmina con una experiencia documental inmersiva del m\u00edtico caf\u00e9 'Els 4 Gats' - Eurecat","isPartOf":{"@id":"https:\/\/eurecat.org\/es\/#website"},"primaryImageOfPage":{"@id":"https:\/\/eurecat.org\/es\/el-proyecto-vivim-culmina-con-una-experiencia-documental-inmersiva-del-mitico-cafe-els-4-gats\/#primaryimage"},"image":{"@id":"https:\/\/eurecat.org\/es\/el-proyecto-vivim-culmina-con-una-experiencia-documental-inmersiva-del-mitico-cafe-els-4-gats\/#primaryimage"},"thumbnailUrl":"https:\/\/eurecat.org\/wp-content\/uploads\/2023\/06\/vivim02_800px.jpg","datePublished":"2023-06-13T08:36:27+00:00","dateModified":"2023-06-15T08:38:09+00:00","author":{"@id":"https:\/\/eurecat.org\/es\/#\/schema\/person\/def9217eded50ee57a9dc4cf0c883f80"},"breadcrumb":{"@id":"https:\/\/eurecat.org\/es\/el-proyecto-vivim-culmina-con-una-experiencia-documental-inmersiva-del-mitico-cafe-els-4-gats\/#breadcrumb"},"inLanguage":"es","potentialAction":[{"@type":"ReadAction","target":["https:\/\/eurecat.org\/es\/el-proyecto-vivim-culmina-con-una-experiencia-documental-inmersiva-del-mitico-cafe-els-4-gats\/"]}]},{"@type":"ImageObject","inLanguage":"es","@id":"https:\/\/eurecat.org\/es\/el-proyecto-vivim-culmina-con-una-experiencia-documental-inmersiva-del-mitico-cafe-els-4-gats\/#primaryimage","url":"https:\/\/eurecat.org\/wp-content\/uploads\/2023\/06\/vivim02_800px.jpg","contentUrl":"https:\/\/eurecat.org\/wp-content\/uploads\/2023\/06\/vivim02_800px.jpg","width":948,"height":533},{"@type":"BreadcrumbList","@id":"https:\/\/eurecat.org\/es\/el-proyecto-vivim-culmina-con-una-experiencia-documental-inmersiva-del-mitico-cafe-els-4-gats\/#breadcrumb","itemListElement":[{"@type":"ListItem","position":1,"name":"Inici","item":"https:\/\/eurecat.org\/es\/"},{"@type":"ListItem","position":2,"name":"El proyecto ViVIM culmina con una experiencia documental inmersiva del m\u00edtico caf\u00e9 &#8216;Els 4 Gats&#8217;"}]},{"@type":"WebSite","@id":"https:\/\/eurecat.org\/es\/#website","url":"https:\/\/eurecat.org\/es\/","name":"Eurecat","description":"Otro sitio realizado con WordPress","potentialAction":[{"@type":"SearchAction","target":{"@type":"EntryPoint","urlTemplate":"https:\/\/eurecat.org\/es\/?s={search_term_string}"},"query-input":{"@type":"PropertyValueSpecification","valueRequired":true,"valueName":"search_term_string"}}],"inLanguage":"es"},{"@type":"Person","@id":"https:\/\/eurecat.org\/es\/#\/schema\/person\/def9217eded50ee57a9dc4cf0c883f80","name":"EurecatEG","image":{"@type":"ImageObject","inLanguage":"es","@id":"https:\/\/secure.gravatar.com\/avatar\/f40dd9b6ecd3e5c591f3c9b033e495ee0ec9877ba77249fbf268b3889350c824?s=96&d=mm&r=g","url":"https:\/\/secure.gravatar.com\/avatar\/f40dd9b6ecd3e5c591f3c9b033e495ee0ec9877ba77249fbf268b3889350c824?s=96&d=mm&r=g","contentUrl":"https:\/\/secure.gravatar.com\/avatar\/f40dd9b6ecd3e5c591f3c9b033e495ee0ec9877ba77249fbf268b3889350c824?s=96&d=mm&r=g","caption":"EurecatEG"}}]}},"_links":{"self":[{"href":"https:\/\/eurecat.org\/es\/wp-json\/wp\/v2\/posts\/136637","targetHints":{"allow":["GET"]}}],"collection":[{"href":"https:\/\/eurecat.org\/es\/wp-json\/wp\/v2\/posts"}],"about":[{"href":"https:\/\/eurecat.org\/es\/wp-json\/wp\/v2\/types\/post"}],"author":[{"embeddable":true,"href":"https:\/\/eurecat.org\/es\/wp-json\/wp\/v2\/users\/12"}],"replies":[{"embeddable":true,"href":"https:\/\/eurecat.org\/es\/wp-json\/wp\/v2\/comments?post=136637"}],"version-history":[{"count":1,"href":"https:\/\/eurecat.org\/es\/wp-json\/wp\/v2\/posts\/136637\/revisions"}],"predecessor-version":[{"id":136643,"href":"https:\/\/eurecat.org\/es\/wp-json\/wp\/v2\/posts\/136637\/revisions\/136643"}],"wp:featuredmedia":[{"embeddable":true,"href":"https:\/\/eurecat.org\/es\/wp-json\/wp\/v2\/media\/136640"}],"wp:attachment":[{"href":"https:\/\/eurecat.org\/es\/wp-json\/wp\/v2\/media?parent=136637"}],"wp:term":[{"taxonomy":"category","embeddable":true,"href":"https:\/\/eurecat.org\/es\/wp-json\/wp\/v2\/categories?post=136637"},{"taxonomy":"post_tag","embeddable":true,"href":"https:\/\/eurecat.org\/es\/wp-json\/wp\/v2\/tags?post=136637"}],"curies":[{"name":"wp","href":"https:\/\/api.w.org\/{rel}","templated":true}]}}