{"id":137729,"date":"2023-06-27T09:01:40","date_gmt":"2023-06-27T07:01:40","guid":{"rendered":"https:\/\/eurecat.org\/participa-en-la-convocatoria-de-projectes-individuals-id-de-transferencia-tecnologica-cervera-2023\/"},"modified":"2023-06-29T10:39:41","modified_gmt":"2023-06-29T08:39:41","slug":"participa-en-la-convocatoria-de-projectes-individuals-id-de-transferencia-tecnologica-cervera-2023","status":"publish","type":"post","link":"https:\/\/eurecat.org\/es\/participa-en-la-convocatoria-de-projectes-individuals-id-de-transferencia-tecnologica-cervera-2023\/","title":{"rendered":"[ABIERTA] Participa en la convocatoria de proyectos individuales I+D de Transferencia Tecnol\u00f3gica Cervera 2023"},"content":{"rendered":"<div class=\"fusion-fullwidth fullwidth-box fusion-builder-row-1 fusion-flex-container has-pattern-background has-mask-background nonhundred-percent-fullwidth non-hundred-percent-height-scrolling\" style=\"--awb-border-radius-top-left:0px;--awb-border-radius-top-right:0px;--awb-border-radius-bottom-right:0px;--awb-border-radius-bottom-left:0px;--awb-flex-wrap:wrap;\" ><div class=\"fusion-builder-row fusion-row fusion-flex-align-items-flex-start fusion-flex-content-wrap\" style=\"max-width:1424.8px;margin-left: calc(-4% \/ 2 );margin-right: calc(-4% \/ 2 );\"><div class=\"fusion-layout-column fusion_builder_column fusion-builder-column-0 fusion_builder_column_1_1 1_1 fusion-flex-column\" style=\"--awb-bg-size:cover;--awb-width-large:100%;--awb-margin-top-large:0px;--awb-spacing-right-large:1.92%;--awb-margin-bottom-large:20px;--awb-spacing-left-large:1.92%;--awb-width-medium:100%;--awb-order-medium:0;--awb-spacing-right-medium:1.92%;--awb-spacing-left-medium:1.92%;--awb-width-small:100%;--awb-order-small:0;--awb-spacing-right-small:1.92%;--awb-spacing-left-small:1.92%;\"><div class=\"fusion-column-wrapper fusion-column-has-shadow fusion-flex-justify-content-flex-start fusion-content-layout-column\"><div class=\"fusion-text fusion-text-1\"><p><strong>Objetivo de la convocatoria<\/strong><\/p>\n<p>La convocatoria para proyectos individuales <strong>Transferencia Tecnol\u00f3gica Cervera 2023<\/strong> pretende potenciar las capacidades de innovaci\u00f3n de las pymes y medias emprendidas que trabajen con proyectos I+D que supongan una <strong>mejora significativa de un proceso productivo, producto o servicio<\/strong>. Los proyectos tienen que demostrar un aspecto tecnol\u00f3gico diferencial del resto de tecnolog\u00edas y compran desde actividades de investigaci\u00f3n industrial como de desarrollo experimental<\/p>\n<p><strong>\u00bfA qui\u00e9n va dirigida la convocatoria?<\/strong><\/p>\n<p>La convocatoria va dirigida a <strong>pymes y MIDCAPs<\/strong> con domicilio fiscal en Espa\u00f1a que cuenten con un m\u00e1ximo de <strong>1.500 trabajadores y trabajadoras<\/strong><\/p>\n<p><strong>\u00bfQu\u00e9 es el tipo de financiaci\u00f3n?<\/strong><\/p>\n<p>Se trata de un pr\u00e9stamo parcialmente reembolsable de hasta el <strong>90\u202f% del presupuesto aprobado<\/strong><\/p>\n<p><strong>\u00bfCu\u00e1l es la duraci\u00f3n del proyecto?<\/strong><\/p>\n<p>De <strong>12 a 36 meses<\/strong><\/p>\n<p><strong>\u00bfQu\u00e9 \u00e1reas tecnol\u00f3gicas engloba la convocatoria?<\/strong><\/p>\n<ul>\n<li>Materiales avanzados<\/li>\n<li>Econom\u00eda circular<\/li>\n<li>Transici\u00f3n energ\u00e9tica<\/li>\n<li>Fabricaci\u00f3n inteligente<\/li>\n<li>Tecnolog\u00edas para la salud<\/li>\n<li>Cadena alimentaria segura y saludable<\/li>\n<li>Deep learning, Inteligencia Artificial<\/li>\n<li>Redes m\u00f3vil avanzadas<\/li>\n<li>Transporte inteligente<\/li>\n<li>Protecci\u00f3n de la informaci\u00f3n<\/li>\n<li>Computaci\u00f3n cu\u00e1ntica<\/li>\n<\/ul>\n<p>Eurecat\u00a0est\u00e1 inscrito en el<strong> Registro de Centros Tecnol\u00f3gicos<\/strong> y centros de apoyo a la innovaci\u00f3n tecnol\u00f3gica del <strong>Ministerio de Ciencia e Innovaci\u00f3n<\/strong>, consulta m\u00e1s informaci\u00f3n a nuestra Unidad de Apoyo P\u00fablico a la I+D empresarial.<\/p>\n<p><strong>uspe@eurecat.org<\/strong><\/p>\n<\/div><div style=\"text-align:center;\"><a class=\"fusion-button button-flat fusion-button-default-size button-default fusion-button-default button-1 fusion-button-default-span fusion-button-default-type\" target=\"_blank\" rel=\"noopener noreferrer\" href=\"https:\/\/eurecat.org\/wp-content\/uploads\/2023\/05\/Infografia-resumen-CERVERA-CDTI-Abril-2023.pdf\"><span class=\"fusion-button-text awb-button__text awb-button__text--default\">Descarga el PDF<\/span><\/a><\/div><\/div><\/div><\/div><\/div>\n","protected":false},"excerpt":{"rendered":"","protected":false},"author":39,"featured_media":137657,"comment_status":"open","ping_status":"closed","sticky":false,"template":"","format":"standard","meta":{"footnotes":""},"categories":[2196],"tags":[],"class_list":["post-137729","post","type-post","status-publish","format-standard","has-post-thumbnail","hentry","category-convocatories-es"],"yoast_head":"<!-- This site is optimized with the Yoast SEO plugin v27.4 - https:\/\/yoast.com\/product\/yoast-seo-wordpress\/ -->\n<title>[ABIERTA] Participa en la convocatoria de proyectos individuales I+D de Transferencia Tecnol\u00f3gica Cervera 2023 - Eurecat<\/title>\n<meta name=\"robots\" content=\"index, follow, max-snippet:-1, max-image-preview:large, max-video-preview:-1\" \/>\n<link rel=\"canonical\" href=\"https:\/\/eurecat.org\/es\/participa-en-la-convocatoria-de-projectes-individuals-id-de-transferencia-tecnologica-cervera-2023\/\" \/>\n<meta property=\"og:locale\" content=\"es_ES\" \/>\n<meta property=\"og:type\" content=\"article\" \/>\n<meta property=\"og:title\" content=\"[ABIERTA] Participa en la convocatoria de proyectos individuales I+D de Transferencia Tecnol\u00f3gica Cervera 2023 - Eurecat\" \/>\n<meta property=\"og:url\" content=\"https:\/\/eurecat.org\/es\/participa-en-la-convocatoria-de-projectes-individuals-id-de-transferencia-tecnologica-cervera-2023\/\" \/>\n<meta property=\"og:site_name\" content=\"Eurecat\" \/>\n<meta property=\"article:published_time\" content=\"2023-06-27T07:01:40+00:00\" \/>\n<meta property=\"article:modified_time\" content=\"2023-06-29T08:39:41+00:00\" \/>\n<meta property=\"og:image\" content=\"https:\/\/eurecat.org\/wp-content\/uploads\/2023\/06\/Captura.png\" \/>\n\t<meta property=\"og:image:width\" content=\"1276\" \/>\n\t<meta property=\"og:image:height\" content=\"716\" \/>\n\t<meta property=\"og:image:type\" content=\"image\/png\" \/>\n<meta name=\"author\" content=\"EurecatMPv\" \/>\n<meta name=\"twitter:card\" content=\"summary_large_image\" \/>\n<meta name=\"twitter:label1\" content=\"Escrito por\" \/>\n\t<meta name=\"twitter:data1\" content=\"EurecatMPv\" \/>\n\t<meta name=\"twitter:label2\" content=\"Tiempo de lectura\" \/>\n\t<meta name=\"twitter:data2\" content=\"4 minutos\" \/>\n<script type=\"application\/ld+json\" class=\"yoast-schema-graph\">{\"@context\":\"https:\\\/\\\/schema.org\",\"@graph\":[{\"@type\":\"Article\",\"@id\":\"https:\\\/\\\/eurecat.org\\\/es\\\/participa-en-la-convocatoria-de-projectes-individuals-id-de-transferencia-tecnologica-cervera-2023\\\/#article\",\"isPartOf\":{\"@id\":\"https:\\\/\\\/eurecat.org\\\/es\\\/participa-en-la-convocatoria-de-projectes-individuals-id-de-transferencia-tecnologica-cervera-2023\\\/\"},\"author\":{\"name\":\"EurecatMPv\",\"@id\":\"https:\\\/\\\/eurecat.org\\\/es\\\/#\\\/schema\\\/person\\\/a016e5a35b2ab83a6ad07212b985a184\"},\"headline\":\"[ABIERTA] Participa en la convocatoria de proyectos individuales I+D de Transferencia Tecnol\u00f3gica Cervera 2023\",\"datePublished\":\"2023-06-27T07:01:40+00:00\",\"dateModified\":\"2023-06-29T08:39:41+00:00\",\"mainEntityOfPage\":{\"@id\":\"https:\\\/\\\/eurecat.org\\\/es\\\/participa-en-la-convocatoria-de-projectes-individuals-id-de-transferencia-tecnologica-cervera-2023\\\/\"},\"wordCount\":1377,\"commentCount\":0,\"image\":{\"@id\":\"https:\\\/\\\/eurecat.org\\\/es\\\/participa-en-la-convocatoria-de-projectes-individuals-id-de-transferencia-tecnologica-cervera-2023\\\/#primaryimage\"},\"thumbnailUrl\":\"https:\\\/\\\/eurecat.org\\\/wp-content\\\/uploads\\\/2023\\\/06\\\/Captura.png\",\"articleSection\":[\"Convocatorias\"],\"inLanguage\":\"es\",\"potentialAction\":[{\"@type\":\"CommentAction\",\"name\":\"Comment\",\"target\":[\"https:\\\/\\\/eurecat.org\\\/es\\\/participa-en-la-convocatoria-de-projectes-individuals-id-de-transferencia-tecnologica-cervera-2023\\\/#respond\"]}]},{\"@type\":\"WebPage\",\"@id\":\"https:\\\/\\\/eurecat.org\\\/es\\\/participa-en-la-convocatoria-de-projectes-individuals-id-de-transferencia-tecnologica-cervera-2023\\\/\",\"url\":\"https:\\\/\\\/eurecat.org\\\/es\\\/participa-en-la-convocatoria-de-projectes-individuals-id-de-transferencia-tecnologica-cervera-2023\\\/\",\"name\":\"[ABIERTA] Participa en la convocatoria de proyectos individuales I+D de Transferencia Tecnol\u00f3gica Cervera 2023 - Eurecat\",\"isPartOf\":{\"@id\":\"https:\\\/\\\/eurecat.org\\\/es\\\/#website\"},\"primaryImageOfPage\":{\"@id\":\"https:\\\/\\\/eurecat.org\\\/es\\\/participa-en-la-convocatoria-de-projectes-individuals-id-de-transferencia-tecnologica-cervera-2023\\\/#primaryimage\"},\"image\":{\"@id\":\"https:\\\/\\\/eurecat.org\\\/es\\\/participa-en-la-convocatoria-de-projectes-individuals-id-de-transferencia-tecnologica-cervera-2023\\\/#primaryimage\"},\"thumbnailUrl\":\"https:\\\/\\\/eurecat.org\\\/wp-content\\\/uploads\\\/2023\\\/06\\\/Captura.png\",\"datePublished\":\"2023-06-27T07:01:40+00:00\",\"dateModified\":\"2023-06-29T08:39:41+00:00\",\"author\":{\"@id\":\"https:\\\/\\\/eurecat.org\\\/es\\\/#\\\/schema\\\/person\\\/a016e5a35b2ab83a6ad07212b985a184\"},\"breadcrumb\":{\"@id\":\"https:\\\/\\\/eurecat.org\\\/es\\\/participa-en-la-convocatoria-de-projectes-individuals-id-de-transferencia-tecnologica-cervera-2023\\\/#breadcrumb\"},\"inLanguage\":\"es\",\"potentialAction\":[{\"@type\":\"ReadAction\",\"target\":[\"https:\\\/\\\/eurecat.org\\\/es\\\/participa-en-la-convocatoria-de-projectes-individuals-id-de-transferencia-tecnologica-cervera-2023\\\/\"]}]},{\"@type\":\"ImageObject\",\"inLanguage\":\"es\",\"@id\":\"https:\\\/\\\/eurecat.org\\\/es\\\/participa-en-la-convocatoria-de-projectes-individuals-id-de-transferencia-tecnologica-cervera-2023\\\/#primaryimage\",\"url\":\"https:\\\/\\\/eurecat.org\\\/wp-content\\\/uploads\\\/2023\\\/06\\\/Captura.png\",\"contentUrl\":\"https:\\\/\\\/eurecat.org\\\/wp-content\\\/uploads\\\/2023\\\/06\\\/Captura.png\",\"width\":1276,\"height\":716},{\"@type\":\"BreadcrumbList\",\"@id\":\"https:\\\/\\\/eurecat.org\\\/es\\\/participa-en-la-convocatoria-de-projectes-individuals-id-de-transferencia-tecnologica-cervera-2023\\\/#breadcrumb\",\"itemListElement\":[{\"@type\":\"ListItem\",\"position\":1,\"name\":\"Inici\",\"item\":\"https:\\\/\\\/eurecat.org\\\/es\\\/\"},{\"@type\":\"ListItem\",\"position\":2,\"name\":\"[ABIERTA] Participa en la convocatoria de proyectos individuales I+D de Transferencia Tecnol\u00f3gica Cervera 2023\"}]},{\"@type\":\"WebSite\",\"@id\":\"https:\\\/\\\/eurecat.org\\\/es\\\/#website\",\"url\":\"https:\\\/\\\/eurecat.org\\\/es\\\/\",\"name\":\"Eurecat\",\"description\":\"Otro sitio realizado con WordPress\",\"potentialAction\":[{\"@type\":\"SearchAction\",\"target\":{\"@type\":\"EntryPoint\",\"urlTemplate\":\"https:\\\/\\\/eurecat.org\\\/es\\\/?s={search_term_string}\"},\"query-input\":{\"@type\":\"PropertyValueSpecification\",\"valueRequired\":true,\"valueName\":\"search_term_string\"}}],\"inLanguage\":\"es\"},{\"@type\":\"Person\",\"@id\":\"https:\\\/\\\/eurecat.org\\\/es\\\/#\\\/schema\\\/person\\\/a016e5a35b2ab83a6ad07212b985a184\",\"name\":\"EurecatMPv\",\"image\":{\"@type\":\"ImageObject\",\"inLanguage\":\"es\",\"@id\":\"https:\\\/\\\/secure.gravatar.com\\\/avatar\\\/7ecb9f253b59166b84f8cf4e753971af1c07bdbf7c21508cea3f864abfd02d1e?s=96&d=mm&r=g\",\"url\":\"https:\\\/\\\/secure.gravatar.com\\\/avatar\\\/7ecb9f253b59166b84f8cf4e753971af1c07bdbf7c21508cea3f864abfd02d1e?s=96&d=mm&r=g\",\"contentUrl\":\"https:\\\/\\\/secure.gravatar.com\\\/avatar\\\/7ecb9f253b59166b84f8cf4e753971af1c07bdbf7c21508cea3f864abfd02d1e?s=96&d=mm&r=g\",\"caption\":\"EurecatMPv\"}}]}<\/script>\n<!-- \/ Yoast SEO plugin. -->","yoast_head_json":{"title":"[ABIERTA] Participa en la convocatoria de proyectos individuales I+D de Transferencia Tecnol\u00f3gica Cervera 2023 - Eurecat","robots":{"index":"index","follow":"follow","max-snippet":"max-snippet:-1","max-image-preview":"max-image-preview:large","max-video-preview":"max-video-preview:-1"},"canonical":"https:\/\/eurecat.org\/es\/participa-en-la-convocatoria-de-projectes-individuals-id-de-transferencia-tecnologica-cervera-2023\/","og_locale":"es_ES","og_type":"article","og_title":"[ABIERTA] Participa en la convocatoria de proyectos individuales I+D de Transferencia Tecnol\u00f3gica Cervera 2023 - Eurecat","og_url":"https:\/\/eurecat.org\/es\/participa-en-la-convocatoria-de-projectes-individuals-id-de-transferencia-tecnologica-cervera-2023\/","og_site_name":"Eurecat","article_published_time":"2023-06-27T07:01:40+00:00","article_modified_time":"2023-06-29T08:39:41+00:00","og_image":[{"width":1276,"height":716,"url":"https:\/\/eurecat.org\/wp-content\/uploads\/2023\/06\/Captura.png","type":"image\/png"}],"author":"EurecatMPv","twitter_card":"summary_large_image","twitter_misc":{"Escrito por":"EurecatMPv","Tiempo de lectura":"4 minutos"},"schema":{"@context":"https:\/\/schema.org","@graph":[{"@type":"Article","@id":"https:\/\/eurecat.org\/es\/participa-en-la-convocatoria-de-projectes-individuals-id-de-transferencia-tecnologica-cervera-2023\/#article","isPartOf":{"@id":"https:\/\/eurecat.org\/es\/participa-en-la-convocatoria-de-projectes-individuals-id-de-transferencia-tecnologica-cervera-2023\/"},"author":{"name":"EurecatMPv","@id":"https:\/\/eurecat.org\/es\/#\/schema\/person\/a016e5a35b2ab83a6ad07212b985a184"},"headline":"[ABIERTA] Participa en la convocatoria de proyectos individuales I+D de Transferencia Tecnol\u00f3gica Cervera 2023","datePublished":"2023-06-27T07:01:40+00:00","dateModified":"2023-06-29T08:39:41+00:00","mainEntityOfPage":{"@id":"https:\/\/eurecat.org\/es\/participa-en-la-convocatoria-de-projectes-individuals-id-de-transferencia-tecnologica-cervera-2023\/"},"wordCount":1377,"commentCount":0,"image":{"@id":"https:\/\/eurecat.org\/es\/participa-en-la-convocatoria-de-projectes-individuals-id-de-transferencia-tecnologica-cervera-2023\/#primaryimage"},"thumbnailUrl":"https:\/\/eurecat.org\/wp-content\/uploads\/2023\/06\/Captura.png","articleSection":["Convocatorias"],"inLanguage":"es","potentialAction":[{"@type":"CommentAction","name":"Comment","target":["https:\/\/eurecat.org\/es\/participa-en-la-convocatoria-de-projectes-individuals-id-de-transferencia-tecnologica-cervera-2023\/#respond"]}]},{"@type":"WebPage","@id":"https:\/\/eurecat.org\/es\/participa-en-la-convocatoria-de-projectes-individuals-id-de-transferencia-tecnologica-cervera-2023\/","url":"https:\/\/eurecat.org\/es\/participa-en-la-convocatoria-de-projectes-individuals-id-de-transferencia-tecnologica-cervera-2023\/","name":"[ABIERTA] Participa en la convocatoria de proyectos individuales I+D de Transferencia Tecnol\u00f3gica Cervera 2023 - Eurecat","isPartOf":{"@id":"https:\/\/eurecat.org\/es\/#website"},"primaryImageOfPage":{"@id":"https:\/\/eurecat.org\/es\/participa-en-la-convocatoria-de-projectes-individuals-id-de-transferencia-tecnologica-cervera-2023\/#primaryimage"},"image":{"@id":"https:\/\/eurecat.org\/es\/participa-en-la-convocatoria-de-projectes-individuals-id-de-transferencia-tecnologica-cervera-2023\/#primaryimage"},"thumbnailUrl":"https:\/\/eurecat.org\/wp-content\/uploads\/2023\/06\/Captura.png","datePublished":"2023-06-27T07:01:40+00:00","dateModified":"2023-06-29T08:39:41+00:00","author":{"@id":"https:\/\/eurecat.org\/es\/#\/schema\/person\/a016e5a35b2ab83a6ad07212b985a184"},"breadcrumb":{"@id":"https:\/\/eurecat.org\/es\/participa-en-la-convocatoria-de-projectes-individuals-id-de-transferencia-tecnologica-cervera-2023\/#breadcrumb"},"inLanguage":"es","potentialAction":[{"@type":"ReadAction","target":["https:\/\/eurecat.org\/es\/participa-en-la-convocatoria-de-projectes-individuals-id-de-transferencia-tecnologica-cervera-2023\/"]}]},{"@type":"ImageObject","inLanguage":"es","@id":"https:\/\/eurecat.org\/es\/participa-en-la-convocatoria-de-projectes-individuals-id-de-transferencia-tecnologica-cervera-2023\/#primaryimage","url":"https:\/\/eurecat.org\/wp-content\/uploads\/2023\/06\/Captura.png","contentUrl":"https:\/\/eurecat.org\/wp-content\/uploads\/2023\/06\/Captura.png","width":1276,"height":716},{"@type":"BreadcrumbList","@id":"https:\/\/eurecat.org\/es\/participa-en-la-convocatoria-de-projectes-individuals-id-de-transferencia-tecnologica-cervera-2023\/#breadcrumb","itemListElement":[{"@type":"ListItem","position":1,"name":"Inici","item":"https:\/\/eurecat.org\/es\/"},{"@type":"ListItem","position":2,"name":"[ABIERTA] Participa en la convocatoria de proyectos individuales I+D de Transferencia Tecnol\u00f3gica Cervera 2023"}]},{"@type":"WebSite","@id":"https:\/\/eurecat.org\/es\/#website","url":"https:\/\/eurecat.org\/es\/","name":"Eurecat","description":"Otro sitio realizado con WordPress","potentialAction":[{"@type":"SearchAction","target":{"@type":"EntryPoint","urlTemplate":"https:\/\/eurecat.org\/es\/?s={search_term_string}"},"query-input":{"@type":"PropertyValueSpecification","valueRequired":true,"valueName":"search_term_string"}}],"inLanguage":"es"},{"@type":"Person","@id":"https:\/\/eurecat.org\/es\/#\/schema\/person\/a016e5a35b2ab83a6ad07212b985a184","name":"EurecatMPv","image":{"@type":"ImageObject","inLanguage":"es","@id":"https:\/\/secure.gravatar.com\/avatar\/7ecb9f253b59166b84f8cf4e753971af1c07bdbf7c21508cea3f864abfd02d1e?s=96&d=mm&r=g","url":"https:\/\/secure.gravatar.com\/avatar\/7ecb9f253b59166b84f8cf4e753971af1c07bdbf7c21508cea3f864abfd02d1e?s=96&d=mm&r=g","contentUrl":"https:\/\/secure.gravatar.com\/avatar\/7ecb9f253b59166b84f8cf4e753971af1c07bdbf7c21508cea3f864abfd02d1e?s=96&d=mm&r=g","caption":"EurecatMPv"}}]}},"_links":{"self":[{"href":"https:\/\/eurecat.org\/es\/wp-json\/wp\/v2\/posts\/137729","targetHints":{"allow":["GET"]}}],"collection":[{"href":"https:\/\/eurecat.org\/es\/wp-json\/wp\/v2\/posts"}],"about":[{"href":"https:\/\/eurecat.org\/es\/wp-json\/wp\/v2\/types\/post"}],"author":[{"embeddable":true,"href":"https:\/\/eurecat.org\/es\/wp-json\/wp\/v2\/users\/39"}],"replies":[{"embeddable":true,"href":"https:\/\/eurecat.org\/es\/wp-json\/wp\/v2\/comments?post=137729"}],"version-history":[{"count":2,"href":"https:\/\/eurecat.org\/es\/wp-json\/wp\/v2\/posts\/137729\/revisions"}],"predecessor-version":[{"id":137731,"href":"https:\/\/eurecat.org\/es\/wp-json\/wp\/v2\/posts\/137729\/revisions\/137731"}],"wp:featuredmedia":[{"embeddable":true,"href":"https:\/\/eurecat.org\/es\/wp-json\/wp\/v2\/media\/137657"}],"wp:attachment":[{"href":"https:\/\/eurecat.org\/es\/wp-json\/wp\/v2\/media?parent=137729"}],"wp:term":[{"taxonomy":"category","embeddable":true,"href":"https:\/\/eurecat.org\/es\/wp-json\/wp\/v2\/categories?post=137729"},{"taxonomy":"post_tag","embeddable":true,"href":"https:\/\/eurecat.org\/es\/wp-json\/wp\/v2\/tags?post=137729"}],"curies":[{"name":"wp","href":"https:\/\/api.w.org\/{rel}","templated":true}]}}