{"id":139138,"date":"2023-08-03T08:41:42","date_gmt":"2023-08-03T06:41:42","guid":{"rendered":"https:\/\/eurecat.org\/?p=139138"},"modified":"2023-09-01T08:45:02","modified_gmt":"2023-09-01T06:45:02","slug":"realidad-virtual-para-facilitar-la-formacion-de-personal-cualificado-en-el-vinedo","status":"publish","type":"post","link":"https:\/\/eurecat.org\/es\/realidad-virtual-para-facilitar-la-formacion-de-personal-cualificado-en-el-vinedo\/","title":{"rendered":"Realidad virtual para facilitar la formaci\u00f3n de personal cualificado en el vi\u00f1edo"},"content":{"rendered":"<div class=\"fusion-fullwidth fullwidth-box fusion-builder-row-1 fusion-flex-container nonhundred-percent-fullwidth non-hundred-percent-height-scrolling\" style=\"--awb-border-radius-top-left:0px;--awb-border-radius-top-right:0px;--awb-border-radius-bottom-right:0px;--awb-border-radius-bottom-left:0px;--awb-flex-wrap:wrap;\" ><div class=\"fusion-builder-row fusion-row fusion-flex-align-items-flex-start fusion-flex-content-wrap\" style=\"max-width:1424.8px;margin-left: calc(-4% \/ 2 );margin-right: calc(-4% \/ 2 );\"><div class=\"fusion-layout-column fusion_builder_column fusion-builder-column-0 fusion_builder_column_1_1 1_1 fusion-flex-column\" style=\"--awb-bg-size:cover;--awb-width-large:100%;--awb-margin-top-large:0px;--awb-spacing-right-large:1.92%;--awb-margin-bottom-large:0px;--awb-spacing-left-large:1.92%;--awb-width-medium:100%;--awb-spacing-right-medium:1.92%;--awb-spacing-left-medium:1.92%;--awb-width-small:100%;--awb-spacing-right-small:1.92%;--awb-spacing-left-small:1.92%;\"><div class=\"fusion-column-wrapper fusion-flex-justify-content-flex-start fusion-content-layout-column\"><div class=\"fusion-text fusion-text-1\"><p>El centro tecnol\u00f3gico <a href=\"https:\/\/eurecat.org\/\">Eurecat<\/a> ha creado, en el marco del proyecto VIPO, una herramienta formativa de realidad virtual pensada para facilitar \u201cla incorporaci\u00f3n de personal cualificado a las tareas del vi\u00f1edo, contribuyendo a la mejora de la competitividad del sector vitivin\u00edcola\u201d, explica el jefe de la L\u00ednea de Visualizaci\u00f3n Interactiva de la Unidad de Tecnolog\u00edas Audiovisuales de Eurecat, Toni Torrente.<\/p>\n<p>En este sentido, se ha dise\u00f1ado un prototipo de tijera de poda con sensores que permite simular en un entorno virtual una experiencia cercana a la realidad y a los par\u00e1metros de un vi\u00f1edo real.<\/p>\n<p>El proyecto ha puesto en marcha tambi\u00e9n una plataforma formativa basada en inteligencia artificial que es f\u00e1cilmente utilizable y personalizada, a trav\u00e9s de la cual se realiza un curso de iniciaci\u00f3n a la poda utilizando el prototipo de tijera con sensores.<\/p>\n<p>De esta forma, a\u00f1ade Toni Torrente, \u201cse combinan las actividades de los alumnos, que se van registrando en base a las m\u00e9tricas de progreso establecidas y que permiten aumentar la complejidad de los ejercicios propuestos que se miden en tiempo real, y as\u00ed, se va evaluando la capacitaci\u00f3n de forma continua en un contexto formativo basado en el concepto &#8216;learning by doing&#8217;\u201d.<\/p>\n<p>Por otra parte, se est\u00e1 trabajando con datos de evoluci\u00f3n de los vi\u00f1edos reales para acabar obteniendo un modelo inteligente que permita estimar los efectos de los distintos tipos de poda a lo largo del a\u00f1o. Por este motivo, y en colaboraci\u00f3n con las bodegas participantes, se est\u00e1 recogiendo material visual peri\u00f3dicamente durante un a\u00f1o para obtener un generador virtual de cepas que aproxime sus caracter\u00edsticas de crecimiento en base a las intervenciones de los alumnos en entornos virtuales inmersivos.<\/p>\n<p>El proyecto VIPO est\u00e1 coordinado por el cluster vitivin\u00edcola catal\u00e1n Innovi y cuenta, junto con Eurecat, con la participaci\u00f3n de Vitartis, Adecco, Vitivin, Arvipo y Bodega Cuatro Rayas.<\/p>\n<\/div><\/div><\/div><\/div><\/div>\n","protected":false},"excerpt":{"rendered":"","protected":false},"author":12,"featured_media":139141,"comment_status":"open","ping_status":"closed","sticky":false,"template":"","format":"standard","meta":{"footnotes":""},"categories":[134,412],"tags":[],"class_list":["post-139138","post","type-post","status-publish","format-standard","has-post-thumbnail","hentry","category-notas-de-prensa","category-tecnologias-audiovisuales"],"yoast_head":"<!-- This site is optimized with the Yoast SEO plugin v27.4 - https:\/\/yoast.com\/product\/yoast-seo-wordpress\/ -->\n<title>Realidad virtual para facilitar la formaci\u00f3n de personal cualificado en el vi\u00f1edo - Eurecat<\/title>\n<meta name=\"robots\" content=\"index, follow, max-snippet:-1, max-image-preview:large, max-video-preview:-1\" \/>\n<link rel=\"canonical\" href=\"https:\/\/eurecat.org\/es\/realidad-virtual-para-facilitar-la-formacion-de-personal-cualificado-en-el-vinedo\/\" \/>\n<meta property=\"og:locale\" content=\"es_ES\" \/>\n<meta property=\"og:type\" content=\"article\" \/>\n<meta property=\"og:title\" content=\"Realidad virtual para facilitar la formaci\u00f3n de personal cualificado en el vi\u00f1edo - Eurecat\" \/>\n<meta property=\"og:url\" content=\"https:\/\/eurecat.org\/es\/realidad-virtual-para-facilitar-la-formacion-de-personal-cualificado-en-el-vinedo\/\" \/>\n<meta property=\"og:site_name\" content=\"Eurecat\" \/>\n<meta property=\"article:published_time\" content=\"2023-08-03T06:41:42+00:00\" \/>\n<meta property=\"article:modified_time\" content=\"2023-09-01T06:45:02+00:00\" \/>\n<meta property=\"og:image\" content=\"https:\/\/eurecat.org\/wp-content\/uploads\/2023\/09\/VIPO.jpg\" \/>\n\t<meta property=\"og:image:width\" content=\"850\" \/>\n\t<meta property=\"og:image:height\" content=\"447\" \/>\n\t<meta property=\"og:image:type\" content=\"image\/jpeg\" \/>\n<meta name=\"author\" content=\"EurecatEG\" \/>\n<meta name=\"twitter:card\" content=\"summary_large_image\" \/>\n<meta name=\"twitter:label1\" content=\"Escrito por\" \/>\n\t<meta name=\"twitter:data1\" content=\"EurecatEG\" \/>\n\t<meta name=\"twitter:label2\" content=\"Tiempo de lectura\" \/>\n\t<meta name=\"twitter:data2\" content=\"3 minutos\" \/>\n<script type=\"application\/ld+json\" class=\"yoast-schema-graph\">{\"@context\":\"https:\\\/\\\/schema.org\",\"@graph\":[{\"@type\":\"Article\",\"@id\":\"https:\\\/\\\/eurecat.org\\\/es\\\/realidad-virtual-para-facilitar-la-formacion-de-personal-cualificado-en-el-vinedo\\\/#article\",\"isPartOf\":{\"@id\":\"https:\\\/\\\/eurecat.org\\\/es\\\/realidad-virtual-para-facilitar-la-formacion-de-personal-cualificado-en-el-vinedo\\\/\"},\"author\":{\"name\":\"EurecatEG\",\"@id\":\"https:\\\/\\\/eurecat.org\\\/es\\\/#\\\/schema\\\/person\\\/def9217eded50ee57a9dc4cf0c883f80\"},\"headline\":\"Realidad virtual para facilitar la formaci\u00f3n de personal cualificado en el vi\u00f1edo\",\"datePublished\":\"2023-08-03T06:41:42+00:00\",\"dateModified\":\"2023-09-01T06:45:02+00:00\",\"mainEntityOfPage\":{\"@id\":\"https:\\\/\\\/eurecat.org\\\/es\\\/realidad-virtual-para-facilitar-la-formacion-de-personal-cualificado-en-el-vinedo\\\/\"},\"wordCount\":596,\"commentCount\":0,\"image\":{\"@id\":\"https:\\\/\\\/eurecat.org\\\/es\\\/realidad-virtual-para-facilitar-la-formacion-de-personal-cualificado-en-el-vinedo\\\/#primaryimage\"},\"thumbnailUrl\":\"https:\\\/\\\/eurecat.org\\\/wp-content\\\/uploads\\\/2023\\\/09\\\/VIPO.jpg\",\"articleSection\":[\"Notas de prensa\",\"Tecnolog\u00edas Audiovisuales\"],\"inLanguage\":\"es\",\"potentialAction\":[{\"@type\":\"CommentAction\",\"name\":\"Comment\",\"target\":[\"https:\\\/\\\/eurecat.org\\\/es\\\/realidad-virtual-para-facilitar-la-formacion-de-personal-cualificado-en-el-vinedo\\\/#respond\"]}]},{\"@type\":\"WebPage\",\"@id\":\"https:\\\/\\\/eurecat.org\\\/es\\\/realidad-virtual-para-facilitar-la-formacion-de-personal-cualificado-en-el-vinedo\\\/\",\"url\":\"https:\\\/\\\/eurecat.org\\\/es\\\/realidad-virtual-para-facilitar-la-formacion-de-personal-cualificado-en-el-vinedo\\\/\",\"name\":\"Realidad virtual para facilitar la formaci\u00f3n de personal cualificado en el vi\u00f1edo - Eurecat\",\"isPartOf\":{\"@id\":\"https:\\\/\\\/eurecat.org\\\/es\\\/#website\"},\"primaryImageOfPage\":{\"@id\":\"https:\\\/\\\/eurecat.org\\\/es\\\/realidad-virtual-para-facilitar-la-formacion-de-personal-cualificado-en-el-vinedo\\\/#primaryimage\"},\"image\":{\"@id\":\"https:\\\/\\\/eurecat.org\\\/es\\\/realidad-virtual-para-facilitar-la-formacion-de-personal-cualificado-en-el-vinedo\\\/#primaryimage\"},\"thumbnailUrl\":\"https:\\\/\\\/eurecat.org\\\/wp-content\\\/uploads\\\/2023\\\/09\\\/VIPO.jpg\",\"datePublished\":\"2023-08-03T06:41:42+00:00\",\"dateModified\":\"2023-09-01T06:45:02+00:00\",\"author\":{\"@id\":\"https:\\\/\\\/eurecat.org\\\/es\\\/#\\\/schema\\\/person\\\/def9217eded50ee57a9dc4cf0c883f80\"},\"breadcrumb\":{\"@id\":\"https:\\\/\\\/eurecat.org\\\/es\\\/realidad-virtual-para-facilitar-la-formacion-de-personal-cualificado-en-el-vinedo\\\/#breadcrumb\"},\"inLanguage\":\"es\",\"potentialAction\":[{\"@type\":\"ReadAction\",\"target\":[\"https:\\\/\\\/eurecat.org\\\/es\\\/realidad-virtual-para-facilitar-la-formacion-de-personal-cualificado-en-el-vinedo\\\/\"]}]},{\"@type\":\"ImageObject\",\"inLanguage\":\"es\",\"@id\":\"https:\\\/\\\/eurecat.org\\\/es\\\/realidad-virtual-para-facilitar-la-formacion-de-personal-cualificado-en-el-vinedo\\\/#primaryimage\",\"url\":\"https:\\\/\\\/eurecat.org\\\/wp-content\\\/uploads\\\/2023\\\/09\\\/VIPO.jpg\",\"contentUrl\":\"https:\\\/\\\/eurecat.org\\\/wp-content\\\/uploads\\\/2023\\\/09\\\/VIPO.jpg\",\"width\":850,\"height\":447},{\"@type\":\"BreadcrumbList\",\"@id\":\"https:\\\/\\\/eurecat.org\\\/es\\\/realidad-virtual-para-facilitar-la-formacion-de-personal-cualificado-en-el-vinedo\\\/#breadcrumb\",\"itemListElement\":[{\"@type\":\"ListItem\",\"position\":1,\"name\":\"Inici\",\"item\":\"https:\\\/\\\/eurecat.org\\\/es\\\/\"},{\"@type\":\"ListItem\",\"position\":2,\"name\":\"Realidad virtual para facilitar la formaci\u00f3n de personal cualificado en el vi\u00f1edo\"}]},{\"@type\":\"WebSite\",\"@id\":\"https:\\\/\\\/eurecat.org\\\/es\\\/#website\",\"url\":\"https:\\\/\\\/eurecat.org\\\/es\\\/\",\"name\":\"Eurecat\",\"description\":\"Otro sitio realizado con WordPress\",\"potentialAction\":[{\"@type\":\"SearchAction\",\"target\":{\"@type\":\"EntryPoint\",\"urlTemplate\":\"https:\\\/\\\/eurecat.org\\\/es\\\/?s={search_term_string}\"},\"query-input\":{\"@type\":\"PropertyValueSpecification\",\"valueRequired\":true,\"valueName\":\"search_term_string\"}}],\"inLanguage\":\"es\"},{\"@type\":\"Person\",\"@id\":\"https:\\\/\\\/eurecat.org\\\/es\\\/#\\\/schema\\\/person\\\/def9217eded50ee57a9dc4cf0c883f80\",\"name\":\"EurecatEG\",\"image\":{\"@type\":\"ImageObject\",\"inLanguage\":\"es\",\"@id\":\"https:\\\/\\\/secure.gravatar.com\\\/avatar\\\/f40dd9b6ecd3e5c591f3c9b033e495ee0ec9877ba77249fbf268b3889350c824?s=96&d=mm&r=g\",\"url\":\"https:\\\/\\\/secure.gravatar.com\\\/avatar\\\/f40dd9b6ecd3e5c591f3c9b033e495ee0ec9877ba77249fbf268b3889350c824?s=96&d=mm&r=g\",\"contentUrl\":\"https:\\\/\\\/secure.gravatar.com\\\/avatar\\\/f40dd9b6ecd3e5c591f3c9b033e495ee0ec9877ba77249fbf268b3889350c824?s=96&d=mm&r=g\",\"caption\":\"EurecatEG\"}}]}<\/script>\n<!-- \/ Yoast SEO plugin. -->","yoast_head_json":{"title":"Realidad virtual para facilitar la formaci\u00f3n de personal cualificado en el vi\u00f1edo - Eurecat","robots":{"index":"index","follow":"follow","max-snippet":"max-snippet:-1","max-image-preview":"max-image-preview:large","max-video-preview":"max-video-preview:-1"},"canonical":"https:\/\/eurecat.org\/es\/realidad-virtual-para-facilitar-la-formacion-de-personal-cualificado-en-el-vinedo\/","og_locale":"es_ES","og_type":"article","og_title":"Realidad virtual para facilitar la formaci\u00f3n de personal cualificado en el vi\u00f1edo - Eurecat","og_url":"https:\/\/eurecat.org\/es\/realidad-virtual-para-facilitar-la-formacion-de-personal-cualificado-en-el-vinedo\/","og_site_name":"Eurecat","article_published_time":"2023-08-03T06:41:42+00:00","article_modified_time":"2023-09-01T06:45:02+00:00","og_image":[{"width":850,"height":447,"url":"https:\/\/eurecat.org\/wp-content\/uploads\/2023\/09\/VIPO.jpg","type":"image\/jpeg"}],"author":"EurecatEG","twitter_card":"summary_large_image","twitter_misc":{"Escrito por":"EurecatEG","Tiempo de lectura":"3 minutos"},"schema":{"@context":"https:\/\/schema.org","@graph":[{"@type":"Article","@id":"https:\/\/eurecat.org\/es\/realidad-virtual-para-facilitar-la-formacion-de-personal-cualificado-en-el-vinedo\/#article","isPartOf":{"@id":"https:\/\/eurecat.org\/es\/realidad-virtual-para-facilitar-la-formacion-de-personal-cualificado-en-el-vinedo\/"},"author":{"name":"EurecatEG","@id":"https:\/\/eurecat.org\/es\/#\/schema\/person\/def9217eded50ee57a9dc4cf0c883f80"},"headline":"Realidad virtual para facilitar la formaci\u00f3n de personal cualificado en el vi\u00f1edo","datePublished":"2023-08-03T06:41:42+00:00","dateModified":"2023-09-01T06:45:02+00:00","mainEntityOfPage":{"@id":"https:\/\/eurecat.org\/es\/realidad-virtual-para-facilitar-la-formacion-de-personal-cualificado-en-el-vinedo\/"},"wordCount":596,"commentCount":0,"image":{"@id":"https:\/\/eurecat.org\/es\/realidad-virtual-para-facilitar-la-formacion-de-personal-cualificado-en-el-vinedo\/#primaryimage"},"thumbnailUrl":"https:\/\/eurecat.org\/wp-content\/uploads\/2023\/09\/VIPO.jpg","articleSection":["Notas de prensa","Tecnolog\u00edas Audiovisuales"],"inLanguage":"es","potentialAction":[{"@type":"CommentAction","name":"Comment","target":["https:\/\/eurecat.org\/es\/realidad-virtual-para-facilitar-la-formacion-de-personal-cualificado-en-el-vinedo\/#respond"]}]},{"@type":"WebPage","@id":"https:\/\/eurecat.org\/es\/realidad-virtual-para-facilitar-la-formacion-de-personal-cualificado-en-el-vinedo\/","url":"https:\/\/eurecat.org\/es\/realidad-virtual-para-facilitar-la-formacion-de-personal-cualificado-en-el-vinedo\/","name":"Realidad virtual para facilitar la formaci\u00f3n de personal cualificado en el vi\u00f1edo - Eurecat","isPartOf":{"@id":"https:\/\/eurecat.org\/es\/#website"},"primaryImageOfPage":{"@id":"https:\/\/eurecat.org\/es\/realidad-virtual-para-facilitar-la-formacion-de-personal-cualificado-en-el-vinedo\/#primaryimage"},"image":{"@id":"https:\/\/eurecat.org\/es\/realidad-virtual-para-facilitar-la-formacion-de-personal-cualificado-en-el-vinedo\/#primaryimage"},"thumbnailUrl":"https:\/\/eurecat.org\/wp-content\/uploads\/2023\/09\/VIPO.jpg","datePublished":"2023-08-03T06:41:42+00:00","dateModified":"2023-09-01T06:45:02+00:00","author":{"@id":"https:\/\/eurecat.org\/es\/#\/schema\/person\/def9217eded50ee57a9dc4cf0c883f80"},"breadcrumb":{"@id":"https:\/\/eurecat.org\/es\/realidad-virtual-para-facilitar-la-formacion-de-personal-cualificado-en-el-vinedo\/#breadcrumb"},"inLanguage":"es","potentialAction":[{"@type":"ReadAction","target":["https:\/\/eurecat.org\/es\/realidad-virtual-para-facilitar-la-formacion-de-personal-cualificado-en-el-vinedo\/"]}]},{"@type":"ImageObject","inLanguage":"es","@id":"https:\/\/eurecat.org\/es\/realidad-virtual-para-facilitar-la-formacion-de-personal-cualificado-en-el-vinedo\/#primaryimage","url":"https:\/\/eurecat.org\/wp-content\/uploads\/2023\/09\/VIPO.jpg","contentUrl":"https:\/\/eurecat.org\/wp-content\/uploads\/2023\/09\/VIPO.jpg","width":850,"height":447},{"@type":"BreadcrumbList","@id":"https:\/\/eurecat.org\/es\/realidad-virtual-para-facilitar-la-formacion-de-personal-cualificado-en-el-vinedo\/#breadcrumb","itemListElement":[{"@type":"ListItem","position":1,"name":"Inici","item":"https:\/\/eurecat.org\/es\/"},{"@type":"ListItem","position":2,"name":"Realidad virtual para facilitar la formaci\u00f3n de personal cualificado en el vi\u00f1edo"}]},{"@type":"WebSite","@id":"https:\/\/eurecat.org\/es\/#website","url":"https:\/\/eurecat.org\/es\/","name":"Eurecat","description":"Otro sitio realizado con WordPress","potentialAction":[{"@type":"SearchAction","target":{"@type":"EntryPoint","urlTemplate":"https:\/\/eurecat.org\/es\/?s={search_term_string}"},"query-input":{"@type":"PropertyValueSpecification","valueRequired":true,"valueName":"search_term_string"}}],"inLanguage":"es"},{"@type":"Person","@id":"https:\/\/eurecat.org\/es\/#\/schema\/person\/def9217eded50ee57a9dc4cf0c883f80","name":"EurecatEG","image":{"@type":"ImageObject","inLanguage":"es","@id":"https:\/\/secure.gravatar.com\/avatar\/f40dd9b6ecd3e5c591f3c9b033e495ee0ec9877ba77249fbf268b3889350c824?s=96&d=mm&r=g","url":"https:\/\/secure.gravatar.com\/avatar\/f40dd9b6ecd3e5c591f3c9b033e495ee0ec9877ba77249fbf268b3889350c824?s=96&d=mm&r=g","contentUrl":"https:\/\/secure.gravatar.com\/avatar\/f40dd9b6ecd3e5c591f3c9b033e495ee0ec9877ba77249fbf268b3889350c824?s=96&d=mm&r=g","caption":"EurecatEG"}}]}},"_links":{"self":[{"href":"https:\/\/eurecat.org\/es\/wp-json\/wp\/v2\/posts\/139138","targetHints":{"allow":["GET"]}}],"collection":[{"href":"https:\/\/eurecat.org\/es\/wp-json\/wp\/v2\/posts"}],"about":[{"href":"https:\/\/eurecat.org\/es\/wp-json\/wp\/v2\/types\/post"}],"author":[{"embeddable":true,"href":"https:\/\/eurecat.org\/es\/wp-json\/wp\/v2\/users\/12"}],"replies":[{"embeddable":true,"href":"https:\/\/eurecat.org\/es\/wp-json\/wp\/v2\/comments?post=139138"}],"version-history":[{"count":1,"href":"https:\/\/eurecat.org\/es\/wp-json\/wp\/v2\/posts\/139138\/revisions"}],"predecessor-version":[{"id":139144,"href":"https:\/\/eurecat.org\/es\/wp-json\/wp\/v2\/posts\/139138\/revisions\/139144"}],"wp:featuredmedia":[{"embeddable":true,"href":"https:\/\/eurecat.org\/es\/wp-json\/wp\/v2\/media\/139141"}],"wp:attachment":[{"href":"https:\/\/eurecat.org\/es\/wp-json\/wp\/v2\/media?parent=139138"}],"wp:term":[{"taxonomy":"category","embeddable":true,"href":"https:\/\/eurecat.org\/es\/wp-json\/wp\/v2\/categories?post=139138"},{"taxonomy":"post_tag","embeddable":true,"href":"https:\/\/eurecat.org\/es\/wp-json\/wp\/v2\/tags?post=139138"}],"curies":[{"name":"wp","href":"https:\/\/api.w.org\/{rel}","templated":true}]}}