{"id":140394,"date":"2023-09-21T09:08:04","date_gmt":"2023-09-21T07:08:04","guid":{"rendered":"https:\/\/eurecat.org\/?p=140394"},"modified":"2023-09-21T09:11:16","modified_gmt":"2023-09-21T07:11:16","slug":"los-avances-en-inteligencia-artificial-y-su-impacto-en-los-negocios-en-el-ai-big-data-congress-en-barcelona","status":"publish","type":"post","link":"https:\/\/eurecat.org\/es\/los-avances-en-inteligencia-artificial-y-su-impacto-en-los-negocios-en-el-ai-big-data-congress-en-barcelona\/","title":{"rendered":"Los avances en inteligencia artificial y su impacto en los negocios, en el AI &#038; Big Data Congress en Barcelona"},"content":{"rendered":"<div class=\"fusion-fullwidth fullwidth-box fusion-builder-row-1 fusion-flex-container nonhundred-percent-fullwidth non-hundred-percent-height-scrolling\" style=\"--awb-border-radius-top-left:0px;--awb-border-radius-top-right:0px;--awb-border-radius-bottom-right:0px;--awb-border-radius-bottom-left:0px;--awb-flex-wrap:wrap;\" ><div class=\"fusion-builder-row fusion-row fusion-flex-align-items-flex-start fusion-flex-content-wrap\" style=\"max-width:1424.8px;margin-left: calc(-4% \/ 2 );margin-right: calc(-4% \/ 2 );\"><div class=\"fusion-layout-column fusion_builder_column fusion-builder-column-0 fusion_builder_column_1_1 1_1 fusion-flex-column\" style=\"--awb-bg-size:cover;--awb-width-large:100%;--awb-margin-top-large:0px;--awb-spacing-right-large:1.92%;--awb-margin-bottom-large:0px;--awb-spacing-left-large:1.92%;--awb-width-medium:100%;--awb-spacing-right-medium:1.92%;--awb-spacing-left-medium:1.92%;--awb-width-small:100%;--awb-spacing-right-small:1.92%;--awb-spacing-left-small:1.92%;\"><div class=\"fusion-column-wrapper fusion-flex-justify-content-flex-start fusion-content-layout-column\"><div class=\"fusion-text fusion-text-1\"><p>El <a href=\"https:\/\/aicongress.barcelona\/en\/\">AI &amp; Big Data Congress<\/a> abordar\u00e1 las \u00faltimas novedades y tendencias en inteligencia artificial, as\u00ed como sus impactos en los negocios, en su novena edici\u00f3n los d\u00edas 27 y 28 de septiembre en Barcelona. La IA generativa tendr\u00e1 un papel destacado en el congreso, donde se explorar\u00e1 su fundamento tecnol\u00f3gico y se discutir\u00e1 hasta d\u00f3nde puede llegar su huella.<\/p>\n<p>El congreso analizar\u00e1 tambi\u00e9n la viabilidad de los espacios de datos, un concepto que se encuentra en pleno desarrollo a nivel europeo y que persigue implantar las herramientas tecnol\u00f3gicas que permitan desplegar la econom\u00eda basada en los datos en un contexto de soberan\u00eda europea. Adem\u00e1s, como en anteriores ediciones, se dedicar\u00e1 un espacio para presentar diversas iniciativas empresariales destacadas con una selecci\u00f3n de start-ups y scale-ups pioneras en el uso de la inteligencia artificial.<\/p>\n<p>La ponencia inaugural correr\u00e1 a cargo de la reconocida experta internacional en tecnolog\u00edas digitales e IA Inma Mart\u00ednez, presidenta y miembro de varios consejos asesores, entre ellos los del Partenariado Global en IA y de la Secretar\u00eda de Estado para la Digitalizaci\u00f3n y la Inteligencia Artificial, quien destacar\u00e1 el potencial de la inteligencia artificial para generar progreso econ\u00f3mico y social.<\/p>\n<p>La secretaria de Pol\u00edticas Digitales de la Generalitat de Catalunya, Gina Tost i Faus, junto con el gerente de Promoci\u00f3n Econ\u00f3mica del Ayuntamiento de Barcelona, Miquel Rodr\u00edguez, y el vicepresidente de Eurecat, Daniel Altimiras, inaugurar\u00e1n la edici\u00f3n de 2023 de la AI &amp; Big Data Congress, que se celebrar\u00e1 \u00edntegramente en formato presencial en las dos jornadas.<\/p>\n<p>Por otra parte, el director general en Europa, Oriente Medio y \u00c1frica de Microsoft Data &amp; AI, Jens Hansen, abrir\u00e1 la segunda jornada del congreso explicando a las empresas y organizaciones c\u00f3mo pueden adaptar su estrategia de datos y aplicaciones para beneficiarse de la IA generativa. Hansen es el responsable de crecimiento de la soluci\u00f3n Data and Artificial Intelligence Azure Solution Business.<\/p>\n<p>\u201cLa aparici\u00f3n de la IA generativa, ejemplificada por el famoso ChatGPT, ha puesto de forma definitiva la IA en el centro del debate\u201d y, a diferencia de otras oleadas tecnol\u00f3gicas que han tenido m\u00e1s o menos recorrido, \u201ces m\u00e1s que probable que se tendr\u00e1 que convivir con el potencial disruptivo que aporta esta modalidad de la inteligencia artificial\u201d, destaca el director del CIDAI y director del \u00c1rea Digital de Eurecat, Joan Mas.<\/p>\n<p>En este sentido, el AI &amp; Big Data Congress ofrecer\u00e1 la oportunidad de escuchar voces expertas que dar\u00e1n su visi\u00f3n del impacto que la generalizaci\u00f3n del uso de herramientas basadas en inteligencia artificial, y en especial en IA generativa, tendr\u00e1n en la esfera empresarial y en el mundo del trabajo, as\u00ed como las implicaciones de car\u00e1cter \u00e9tico y regulador que esto pueda comportar. Tambi\u00e9n contar\u00e1 con una sesi\u00f3n dedicada a la explicabilidad de la IA, una caracter\u00edstica cada vez m\u00e1s necesaria para la confiabilidad de las aplicaciones basadas en esta tecnolog\u00eda.<\/p>\n<p>Por otra parte, habr\u00e1 un espacio para presentar ejemplos de la confluencia entre la inteligencia artificial y la ciberseguridad que ilustran c\u00f3mo la IA puede usarse para mejorar la protecci\u00f3n de los activos digitales de las empresas, las instituciones y la ciudadan\u00eda en general, as\u00ed como la presentaci\u00f3n de varios casos de uso de naturaleza diversa que muestran una IA cada vez m\u00e1s ubicua.<\/p>\n<p>El congreso sobre Inteligencia Artificial y Big Data en el sector empresarial organizado por el Centre of Innovation for Data Tech and Artificial Intelligence (CIDAI) y el centro tecnol\u00f3gico Eurecat, en el marco de la Estrategia de Inteligencia Artificial de Catalunya CATALONIA AI, tiene el patrocinio de la Generalitat de Catalunya, CaixaBank Tech, Huawei, NTT DATA, SAP, M47 Labs, Softeng y Tokiota. El AI &amp; Big Data Congress cuenta con la colaboraci\u00f3n del Ayuntamiento de Barcelona, el Barcelona Supercomputing Center, el Centro de Visi\u00f3n por Computador, la Fundaci\u00f3n i2CAT, el Intelligent Data Science and Artificial Intelligence Research Center (IDEAI) de la Universitat Polit\u00e8cnica de Catalunya &#8211; BarcelonaTech (UPC), Microsoft y SDG Group.<\/p>\n<\/div><div class=\"fusion-text fusion-text-2\"><p><strong>Mi\u00e9rcoles 27 de septiembre:<\/strong><\/p>\n<p>Hora: 9-17.30 h (10.40 h, pausa caf\u00e9 \/ 14.00 h, pausa almuerzo)<\/p>\n<p><strong>Jueves 28 de septiembre:<\/strong><\/p>\n<p>Hora: 9-14.15 h (11 h, pausa caf\u00e9)<\/p>\n<p><strong>Lugar:<\/strong> Auditorio AXA de Barcelona (Avenida Diagonal, 547, Barcelona)<\/p>\n<p><strong>Acreditaciones, gesti\u00f3n de transporte y\/o aparcamiento y confirmaci\u00f3n de asistencia al almuerzo<\/strong>: <a href=\"mailto:premsa@eurecat.org\">premsa@eurecat.org<\/a><\/p>\n<p><strong>Inscripciones<\/strong>: <a href=\"https:\/\/aicongress.barcelona\/programa\/\">aicongress.barcelona\/programa\/<\/a><\/p>\n<\/div><\/div><\/div><\/div><\/div>\n","protected":false},"excerpt":{"rendered":"","protected":false},"author":12,"featured_media":140397,"comment_status":"open","ping_status":"closed","sticky":false,"template":"","format":"standard","meta":{"footnotes":""},"categories":[395,392,702,134,2289],"tags":[],"class_list":["post-140394","post","type-post","status-publish","format-standard","has-post-thumbnail","hentry","category-data-science-es","category-big-data-analytics","category-eventos","category-notas-de-prensa","category-tic-es"],"yoast_head":"<!-- This site is optimized with the Yoast SEO plugin v27.5 - https:\/\/yoast.com\/product\/yoast-seo-wordpress\/ -->\n<title>Los avances en inteligencia artificial y su impacto en los negocios, en el AI &amp; Big Data Congress en Barcelona - Eurecat<\/title>\n<meta name=\"robots\" content=\"index, follow, max-snippet:-1, max-image-preview:large, max-video-preview:-1\" \/>\n<link rel=\"canonical\" href=\"https:\/\/eurecat.org\/es\/los-avances-en-inteligencia-artificial-y-su-impacto-en-los-negocios-en-el-ai-big-data-congress-en-barcelona\/\" \/>\n<meta property=\"og:locale\" content=\"es_ES\" \/>\n<meta property=\"og:type\" content=\"article\" \/>\n<meta property=\"og:title\" content=\"Los avances en inteligencia artificial y su impacto en los negocios, en el AI &amp; Big Data Congress en Barcelona - Eurecat\" \/>\n<meta property=\"og:url\" content=\"https:\/\/eurecat.org\/es\/los-avances-en-inteligencia-artificial-y-su-impacto-en-los-negocios-en-el-ai-big-data-congress-en-barcelona\/\" \/>\n<meta property=\"og:site_name\" content=\"Eurecat\" \/>\n<meta property=\"article:published_time\" content=\"2023-09-21T07:08:04+00:00\" \/>\n<meta property=\"article:modified_time\" content=\"2023-09-21T07:11:16+00:00\" \/>\n<meta property=\"og:image\" content=\"https:\/\/eurecat.org\/wp-content\/uploads\/2023\/09\/AIBigDataCongress_2022_800px.jpg\" \/>\n\t<meta property=\"og:image:width\" content=\"800\" \/>\n\t<meta property=\"og:image:height\" content=\"533\" \/>\n\t<meta property=\"og:image:type\" content=\"image\/jpeg\" \/>\n<meta name=\"author\" content=\"EurecatEG\" \/>\n<meta name=\"twitter:card\" content=\"summary_large_image\" \/>\n<meta name=\"twitter:label1\" content=\"Escrito por\" \/>\n\t<meta name=\"twitter:data1\" content=\"EurecatEG\" \/>\n\t<meta name=\"twitter:label2\" content=\"Tiempo de lectura\" \/>\n\t<meta name=\"twitter:data2\" content=\"5 minutos\" \/>\n<script type=\"application\/ld+json\" class=\"yoast-schema-graph\">{\"@context\":\"https:\\\/\\\/schema.org\",\"@graph\":[{\"@type\":\"Article\",\"@id\":\"https:\\\/\\\/eurecat.org\\\/es\\\/los-avances-en-inteligencia-artificial-y-su-impacto-en-los-negocios-en-el-ai-big-data-congress-en-barcelona\\\/#article\",\"isPartOf\":{\"@id\":\"https:\\\/\\\/eurecat.org\\\/es\\\/los-avances-en-inteligencia-artificial-y-su-impacto-en-los-negocios-en-el-ai-big-data-congress-en-barcelona\\\/\"},\"author\":{\"name\":\"EurecatEG\",\"@id\":\"https:\\\/\\\/eurecat.org\\\/es\\\/#\\\/schema\\\/person\\\/def9217eded50ee57a9dc4cf0c883f80\"},\"headline\":\"Los avances en inteligencia artificial y su impacto en los negocios, en el AI &#038; Big Data Congress en Barcelona\",\"datePublished\":\"2023-09-21T07:08:04+00:00\",\"dateModified\":\"2023-09-21T07:11:16+00:00\",\"mainEntityOfPage\":{\"@id\":\"https:\\\/\\\/eurecat.org\\\/es\\\/los-avances-en-inteligencia-artificial-y-su-impacto-en-los-negocios-en-el-ai-big-data-congress-en-barcelona\\\/\"},\"wordCount\":1099,\"commentCount\":0,\"image\":{\"@id\":\"https:\\\/\\\/eurecat.org\\\/es\\\/los-avances-en-inteligencia-artificial-y-su-impacto-en-los-negocios-en-el-ai-big-data-congress-en-barcelona\\\/#primaryimage\"},\"thumbnailUrl\":\"https:\\\/\\\/eurecat.org\\\/wp-content\\\/uploads\\\/2023\\\/09\\\/AIBigDataCongress_2022_800px.jpg\",\"articleSection\":[\"Data Science\",\"Data Science &amp; Big Data Analytics\",\"Eventos\",\"Notas de prensa\",\"Tic\"],\"inLanguage\":\"es\",\"potentialAction\":[{\"@type\":\"CommentAction\",\"name\":\"Comment\",\"target\":[\"https:\\\/\\\/eurecat.org\\\/es\\\/los-avances-en-inteligencia-artificial-y-su-impacto-en-los-negocios-en-el-ai-big-data-congress-en-barcelona\\\/#respond\"]}]},{\"@type\":\"WebPage\",\"@id\":\"https:\\\/\\\/eurecat.org\\\/es\\\/los-avances-en-inteligencia-artificial-y-su-impacto-en-los-negocios-en-el-ai-big-data-congress-en-barcelona\\\/\",\"url\":\"https:\\\/\\\/eurecat.org\\\/es\\\/los-avances-en-inteligencia-artificial-y-su-impacto-en-los-negocios-en-el-ai-big-data-congress-en-barcelona\\\/\",\"name\":\"Los avances en inteligencia artificial y su impacto en los negocios, en el AI & Big Data Congress en Barcelona - Eurecat\",\"isPartOf\":{\"@id\":\"https:\\\/\\\/eurecat.org\\\/es\\\/#website\"},\"primaryImageOfPage\":{\"@id\":\"https:\\\/\\\/eurecat.org\\\/es\\\/los-avances-en-inteligencia-artificial-y-su-impacto-en-los-negocios-en-el-ai-big-data-congress-en-barcelona\\\/#primaryimage\"},\"image\":{\"@id\":\"https:\\\/\\\/eurecat.org\\\/es\\\/los-avances-en-inteligencia-artificial-y-su-impacto-en-los-negocios-en-el-ai-big-data-congress-en-barcelona\\\/#primaryimage\"},\"thumbnailUrl\":\"https:\\\/\\\/eurecat.org\\\/wp-content\\\/uploads\\\/2023\\\/09\\\/AIBigDataCongress_2022_800px.jpg\",\"datePublished\":\"2023-09-21T07:08:04+00:00\",\"dateModified\":\"2023-09-21T07:11:16+00:00\",\"author\":{\"@id\":\"https:\\\/\\\/eurecat.org\\\/es\\\/#\\\/schema\\\/person\\\/def9217eded50ee57a9dc4cf0c883f80\"},\"breadcrumb\":{\"@id\":\"https:\\\/\\\/eurecat.org\\\/es\\\/los-avances-en-inteligencia-artificial-y-su-impacto-en-los-negocios-en-el-ai-big-data-congress-en-barcelona\\\/#breadcrumb\"},\"inLanguage\":\"es\",\"potentialAction\":[{\"@type\":\"ReadAction\",\"target\":[\"https:\\\/\\\/eurecat.org\\\/es\\\/los-avances-en-inteligencia-artificial-y-su-impacto-en-los-negocios-en-el-ai-big-data-congress-en-barcelona\\\/\"]}]},{\"@type\":\"ImageObject\",\"inLanguage\":\"es\",\"@id\":\"https:\\\/\\\/eurecat.org\\\/es\\\/los-avances-en-inteligencia-artificial-y-su-impacto-en-los-negocios-en-el-ai-big-data-congress-en-barcelona\\\/#primaryimage\",\"url\":\"https:\\\/\\\/eurecat.org\\\/wp-content\\\/uploads\\\/2023\\\/09\\\/AIBigDataCongress_2022_800px.jpg\",\"contentUrl\":\"https:\\\/\\\/eurecat.org\\\/wp-content\\\/uploads\\\/2023\\\/09\\\/AIBigDataCongress_2022_800px.jpg\",\"width\":800,\"height\":533,\"caption\":\"ai big data\"},{\"@type\":\"BreadcrumbList\",\"@id\":\"https:\\\/\\\/eurecat.org\\\/es\\\/los-avances-en-inteligencia-artificial-y-su-impacto-en-los-negocios-en-el-ai-big-data-congress-en-barcelona\\\/#breadcrumb\",\"itemListElement\":[{\"@type\":\"ListItem\",\"position\":1,\"name\":\"Inici\",\"item\":\"https:\\\/\\\/eurecat.org\\\/es\\\/\"},{\"@type\":\"ListItem\",\"position\":2,\"name\":\"Los avances en inteligencia artificial y su impacto en los negocios, en el AI &#038; Big Data Congress en Barcelona\"}]},{\"@type\":\"WebSite\",\"@id\":\"https:\\\/\\\/eurecat.org\\\/es\\\/#website\",\"url\":\"https:\\\/\\\/eurecat.org\\\/es\\\/\",\"name\":\"Eurecat\",\"description\":\"Otro sitio realizado con WordPress\",\"potentialAction\":[{\"@type\":\"SearchAction\",\"target\":{\"@type\":\"EntryPoint\",\"urlTemplate\":\"https:\\\/\\\/eurecat.org\\\/es\\\/?s={search_term_string}\"},\"query-input\":{\"@type\":\"PropertyValueSpecification\",\"valueRequired\":true,\"valueName\":\"search_term_string\"}}],\"inLanguage\":\"es\"},{\"@type\":\"Person\",\"@id\":\"https:\\\/\\\/eurecat.org\\\/es\\\/#\\\/schema\\\/person\\\/def9217eded50ee57a9dc4cf0c883f80\",\"name\":\"EurecatEG\",\"image\":{\"@type\":\"ImageObject\",\"inLanguage\":\"es\",\"@id\":\"https:\\\/\\\/secure.gravatar.com\\\/avatar\\\/f40dd9b6ecd3e5c591f3c9b033e495ee0ec9877ba77249fbf268b3889350c824?s=96&d=mm&r=g\",\"url\":\"https:\\\/\\\/secure.gravatar.com\\\/avatar\\\/f40dd9b6ecd3e5c591f3c9b033e495ee0ec9877ba77249fbf268b3889350c824?s=96&d=mm&r=g\",\"contentUrl\":\"https:\\\/\\\/secure.gravatar.com\\\/avatar\\\/f40dd9b6ecd3e5c591f3c9b033e495ee0ec9877ba77249fbf268b3889350c824?s=96&d=mm&r=g\",\"caption\":\"EurecatEG\"}}]}<\/script>\n<!-- \/ Yoast SEO plugin. -->","yoast_head_json":{"title":"Los avances en inteligencia artificial y su impacto en los negocios, en el AI & Big Data Congress en Barcelona - Eurecat","robots":{"index":"index","follow":"follow","max-snippet":"max-snippet:-1","max-image-preview":"max-image-preview:large","max-video-preview":"max-video-preview:-1"},"canonical":"https:\/\/eurecat.org\/es\/los-avances-en-inteligencia-artificial-y-su-impacto-en-los-negocios-en-el-ai-big-data-congress-en-barcelona\/","og_locale":"es_ES","og_type":"article","og_title":"Los avances en inteligencia artificial y su impacto en los negocios, en el AI & Big Data Congress en Barcelona - Eurecat","og_url":"https:\/\/eurecat.org\/es\/los-avances-en-inteligencia-artificial-y-su-impacto-en-los-negocios-en-el-ai-big-data-congress-en-barcelona\/","og_site_name":"Eurecat","article_published_time":"2023-09-21T07:08:04+00:00","article_modified_time":"2023-09-21T07:11:16+00:00","og_image":[{"width":800,"height":533,"url":"https:\/\/eurecat.org\/wp-content\/uploads\/2023\/09\/AIBigDataCongress_2022_800px.jpg","type":"image\/jpeg"}],"author":"EurecatEG","twitter_card":"summary_large_image","twitter_misc":{"Escrito por":"EurecatEG","Tiempo de lectura":"5 minutos"},"schema":{"@context":"https:\/\/schema.org","@graph":[{"@type":"Article","@id":"https:\/\/eurecat.org\/es\/los-avances-en-inteligencia-artificial-y-su-impacto-en-los-negocios-en-el-ai-big-data-congress-en-barcelona\/#article","isPartOf":{"@id":"https:\/\/eurecat.org\/es\/los-avances-en-inteligencia-artificial-y-su-impacto-en-los-negocios-en-el-ai-big-data-congress-en-barcelona\/"},"author":{"name":"EurecatEG","@id":"https:\/\/eurecat.org\/es\/#\/schema\/person\/def9217eded50ee57a9dc4cf0c883f80"},"headline":"Los avances en inteligencia artificial y su impacto en los negocios, en el AI &#038; Big Data Congress en Barcelona","datePublished":"2023-09-21T07:08:04+00:00","dateModified":"2023-09-21T07:11:16+00:00","mainEntityOfPage":{"@id":"https:\/\/eurecat.org\/es\/los-avances-en-inteligencia-artificial-y-su-impacto-en-los-negocios-en-el-ai-big-data-congress-en-barcelona\/"},"wordCount":1099,"commentCount":0,"image":{"@id":"https:\/\/eurecat.org\/es\/los-avances-en-inteligencia-artificial-y-su-impacto-en-los-negocios-en-el-ai-big-data-congress-en-barcelona\/#primaryimage"},"thumbnailUrl":"https:\/\/eurecat.org\/wp-content\/uploads\/2023\/09\/AIBigDataCongress_2022_800px.jpg","articleSection":["Data Science","Data Science &amp; Big Data Analytics","Eventos","Notas de prensa","Tic"],"inLanguage":"es","potentialAction":[{"@type":"CommentAction","name":"Comment","target":["https:\/\/eurecat.org\/es\/los-avances-en-inteligencia-artificial-y-su-impacto-en-los-negocios-en-el-ai-big-data-congress-en-barcelona\/#respond"]}]},{"@type":"WebPage","@id":"https:\/\/eurecat.org\/es\/los-avances-en-inteligencia-artificial-y-su-impacto-en-los-negocios-en-el-ai-big-data-congress-en-barcelona\/","url":"https:\/\/eurecat.org\/es\/los-avances-en-inteligencia-artificial-y-su-impacto-en-los-negocios-en-el-ai-big-data-congress-en-barcelona\/","name":"Los avances en inteligencia artificial y su impacto en los negocios, en el AI & Big Data Congress en Barcelona - Eurecat","isPartOf":{"@id":"https:\/\/eurecat.org\/es\/#website"},"primaryImageOfPage":{"@id":"https:\/\/eurecat.org\/es\/los-avances-en-inteligencia-artificial-y-su-impacto-en-los-negocios-en-el-ai-big-data-congress-en-barcelona\/#primaryimage"},"image":{"@id":"https:\/\/eurecat.org\/es\/los-avances-en-inteligencia-artificial-y-su-impacto-en-los-negocios-en-el-ai-big-data-congress-en-barcelona\/#primaryimage"},"thumbnailUrl":"https:\/\/eurecat.org\/wp-content\/uploads\/2023\/09\/AIBigDataCongress_2022_800px.jpg","datePublished":"2023-09-21T07:08:04+00:00","dateModified":"2023-09-21T07:11:16+00:00","author":{"@id":"https:\/\/eurecat.org\/es\/#\/schema\/person\/def9217eded50ee57a9dc4cf0c883f80"},"breadcrumb":{"@id":"https:\/\/eurecat.org\/es\/los-avances-en-inteligencia-artificial-y-su-impacto-en-los-negocios-en-el-ai-big-data-congress-en-barcelona\/#breadcrumb"},"inLanguage":"es","potentialAction":[{"@type":"ReadAction","target":["https:\/\/eurecat.org\/es\/los-avances-en-inteligencia-artificial-y-su-impacto-en-los-negocios-en-el-ai-big-data-congress-en-barcelona\/"]}]},{"@type":"ImageObject","inLanguage":"es","@id":"https:\/\/eurecat.org\/es\/los-avances-en-inteligencia-artificial-y-su-impacto-en-los-negocios-en-el-ai-big-data-congress-en-barcelona\/#primaryimage","url":"https:\/\/eurecat.org\/wp-content\/uploads\/2023\/09\/AIBigDataCongress_2022_800px.jpg","contentUrl":"https:\/\/eurecat.org\/wp-content\/uploads\/2023\/09\/AIBigDataCongress_2022_800px.jpg","width":800,"height":533,"caption":"ai big data"},{"@type":"BreadcrumbList","@id":"https:\/\/eurecat.org\/es\/los-avances-en-inteligencia-artificial-y-su-impacto-en-los-negocios-en-el-ai-big-data-congress-en-barcelona\/#breadcrumb","itemListElement":[{"@type":"ListItem","position":1,"name":"Inici","item":"https:\/\/eurecat.org\/es\/"},{"@type":"ListItem","position":2,"name":"Los avances en inteligencia artificial y su impacto en los negocios, en el AI &#038; Big Data Congress en Barcelona"}]},{"@type":"WebSite","@id":"https:\/\/eurecat.org\/es\/#website","url":"https:\/\/eurecat.org\/es\/","name":"Eurecat","description":"Otro sitio realizado con WordPress","potentialAction":[{"@type":"SearchAction","target":{"@type":"EntryPoint","urlTemplate":"https:\/\/eurecat.org\/es\/?s={search_term_string}"},"query-input":{"@type":"PropertyValueSpecification","valueRequired":true,"valueName":"search_term_string"}}],"inLanguage":"es"},{"@type":"Person","@id":"https:\/\/eurecat.org\/es\/#\/schema\/person\/def9217eded50ee57a9dc4cf0c883f80","name":"EurecatEG","image":{"@type":"ImageObject","inLanguage":"es","@id":"https:\/\/secure.gravatar.com\/avatar\/f40dd9b6ecd3e5c591f3c9b033e495ee0ec9877ba77249fbf268b3889350c824?s=96&d=mm&r=g","url":"https:\/\/secure.gravatar.com\/avatar\/f40dd9b6ecd3e5c591f3c9b033e495ee0ec9877ba77249fbf268b3889350c824?s=96&d=mm&r=g","contentUrl":"https:\/\/secure.gravatar.com\/avatar\/f40dd9b6ecd3e5c591f3c9b033e495ee0ec9877ba77249fbf268b3889350c824?s=96&d=mm&r=g","caption":"EurecatEG"}}]}},"_links":{"self":[{"href":"https:\/\/eurecat.org\/es\/wp-json\/wp\/v2\/posts\/140394","targetHints":{"allow":["GET"]}}],"collection":[{"href":"https:\/\/eurecat.org\/es\/wp-json\/wp\/v2\/posts"}],"about":[{"href":"https:\/\/eurecat.org\/es\/wp-json\/wp\/v2\/types\/post"}],"author":[{"embeddable":true,"href":"https:\/\/eurecat.org\/es\/wp-json\/wp\/v2\/users\/12"}],"replies":[{"embeddable":true,"href":"https:\/\/eurecat.org\/es\/wp-json\/wp\/v2\/comments?post=140394"}],"version-history":[{"count":1,"href":"https:\/\/eurecat.org\/es\/wp-json\/wp\/v2\/posts\/140394\/revisions"}],"predecessor-version":[{"id":140400,"href":"https:\/\/eurecat.org\/es\/wp-json\/wp\/v2\/posts\/140394\/revisions\/140400"}],"wp:featuredmedia":[{"embeddable":true,"href":"https:\/\/eurecat.org\/es\/wp-json\/wp\/v2\/media\/140397"}],"wp:attachment":[{"href":"https:\/\/eurecat.org\/es\/wp-json\/wp\/v2\/media?parent=140394"}],"wp:term":[{"taxonomy":"category","embeddable":true,"href":"https:\/\/eurecat.org\/es\/wp-json\/wp\/v2\/categories?post=140394"},{"taxonomy":"post_tag","embeddable":true,"href":"https:\/\/eurecat.org\/es\/wp-json\/wp\/v2\/tags?post=140394"}],"curies":[{"name":"wp","href":"https:\/\/api.w.org\/{rel}","templated":true}]}}