{"id":140461,"date":"2023-09-22T09:27:21","date_gmt":"2023-09-22T07:27:21","guid":{"rendered":"https:\/\/eurecat.org\/?p=140461"},"modified":"2023-09-22T09:33:48","modified_gmt":"2023-09-22T07:33:48","slug":"inaugurado-el-3digital-manufacturing-lab-3dml-un-nuevo-espacio-de-colaboracion-para-impulsar-las-tecnologias-de-fabricacion-digital-y-la-impresion-3d-en-girona","status":"publish","type":"post","link":"https:\/\/eurecat.org\/es\/inaugurado-el-3digital-manufacturing-lab-3dml-un-nuevo-espacio-de-colaboracion-para-impulsar-las-tecnologias-de-fabricacion-digital-y-la-impresion-3d-en-girona\/","title":{"rendered":"Inaugurado el 3Digital Manufacturing Lab (3DML), un nuevo espacio de colaboraci\u00f3n para impulsar las tecnolog\u00edas de fabricaci\u00f3n digital y la impresi\u00f3n 3D en Girona"},"content":{"rendered":"<div class=\"fusion-fullwidth fullwidth-box fusion-builder-row-1 fusion-flex-container nonhundred-percent-fullwidth non-hundred-percent-height-scrolling\" style=\"--awb-border-radius-top-left:0px;--awb-border-radius-top-right:0px;--awb-border-radius-bottom-right:0px;--awb-border-radius-bottom-left:0px;--awb-flex-wrap:wrap;\" ><div class=\"fusion-builder-row fusion-row fusion-flex-align-items-flex-start fusion-flex-content-wrap\" style=\"max-width:1424.8px;margin-left: calc(-4% \/ 2 );margin-right: calc(-4% \/ 2 );\"><div class=\"fusion-layout-column fusion_builder_column fusion-builder-column-0 fusion_builder_column_1_1 1_1 fusion-flex-column\" style=\"--awb-bg-size:cover;--awb-width-large:100%;--awb-margin-top-large:0px;--awb-spacing-right-large:1.92%;--awb-margin-bottom-large:0px;--awb-spacing-left-large:1.92%;--awb-width-medium:100%;--awb-spacing-right-medium:1.92%;--awb-spacing-left-medium:1.92%;--awb-width-small:100%;--awb-spacing-right-small:1.92%;--awb-spacing-left-small:1.92%;\"><div class=\"fusion-column-wrapper fusion-flex-justify-content-flex-start fusion-content-layout-column\"><div class=\"fusion-text fusion-text-1\"><p>El Parque Cient\u00edfico y Tecnol\u00f3gico de la Universitat de Girona (UdG) acoge a partir de hoy el 3Digital Manufacturing Lab (3DML), un espacio de colaboraci\u00f3n del centro tecnol\u00f3gico Eurecat y la UdG, para impulsar las tecnolog\u00edas de fabricaci\u00f3n digital y la impresi\u00f3n 3D que generar\u00e1 nuevo conocimiento en el territorio y desplegar\u00e1 la tecnolog\u00eda en el \u00e1mbito industrial, social y de la investigaci\u00f3n.<\/p>\n<p>Han inaugurado la nueva infraestructura el conseller de Investigaci\u00f3n y Universidades, Joaquim Nadal; el alcalde de Girona, Lluc Salellas; el rector de la Universitat de Girona (UdG), Quim Salvi; el director de los Servicios Territoriales de Empresa y Trabajo en Girona, Joan Mart\u00ed, y el director general Corporativo y de Operaciones del centro tecnol\u00f3gico Eurecat, Xavier L\u00f3pez, en un acto que ha contado tambi\u00e9n con el vicerrector de Proyectos Estrat\u00e9gicos e Internacionalizaci\u00f3n de la UdG, Josep Calb\u00f3; el director del \u00c1rea Industrial de Eurecat, Xavier Plant\u00e0, y el director de Desarrollo de Negocio de Eurecat y gerente de Eurecat Girona, Guillem Quintana.<\/p>\n<p>El 3Digital Manufacturing Lab es una infraestructura abierta y colaborativa que cuenta con la participaci\u00f3n de personal investigador del centro tecnol\u00f3gico Eurecat y de grupos de investigaci\u00f3n de la UdG, con el fin de impulsar la transferencia de conocimiento en tecnolog\u00edas de manufactura avanzada o Digital Manufacturing, as\u00ed como el desarrollo de nuevas soluciones tecnol\u00f3gicas tanto en sistemas de fabricaci\u00f3n avanzada como su aplicaci\u00f3n en productos innovadores de alto valor a\u00f1adido.<\/p>\n<p>Durante el acto, se ha realizado una visita a las instalaciones y se han presentado proyectos, experiencias y casos de \u00e9xito de Eurecat y de la Universitat de Girona en el \u00e1mbito de las tecnolog\u00edas de impresi\u00f3n 3D y la fabricaci\u00f3n digital, entre los que figuran dispositivos y tecnolog\u00eda propia para el sector biom\u00e9dico y aplicaciones sobre tejido como un nuevo recurso para el sector textil y de la moda. Tambi\u00e9n se ha presentado una innovadora tecnolog\u00eda de postproceso para fabricaci\u00f3n aditiva, se han dado a conocer estrategias vinculadas a la fabricaci\u00f3n de polvo met\u00e1lico para procesos aditivos y se ha mostrado un proyecto de recuperaci\u00f3n de un antiguo y valioso instrumento para ponerlo a disposici\u00f3n de todos.<\/p>\n<p>El conseller de Investigaci\u00f3n y Universidades, Joaquim Nadal i Farreras, ha definido la impresi\u00f3n 3D como <strong>\u201cun \u00e1mbito de investigaci\u00f3n estrat\u00e9gico con m\u00faltiples aplicaciones en campos como el desarrollo de materiales m\u00e1s resistentes y biocompatibles, la personalizaci\u00f3n y optimizaci\u00f3n de productos, la industria aeroespacial y automovil\u00edstica, el prototipado industrial r\u00e1pido o la creaci\u00f3n de pr\u00f3tesis biom\u00e9dicas personalizadas, entre otras muchas\u201d<\/strong>. En opini\u00f3n del conseller Nadal, <strong>\u201cdisponer de un centro especializado en fabricaci\u00f3n aditiva como el que hoy inauguramos es una muestra del dinamismo y el empuje del tejido productivo y del sistema de conocimiento de Girona y del conjunto del pa\u00eds\u201d.<\/strong><\/p>\n<p>Para el rector de la UdG, Quim Salvi, con la puesta en funcionamiento del 3DML, <strong>\u201cla UdG y Eurecat sumamos inteligencias y aprendizajes comunes y creamos un instrumento transformador de primer orden al servicio de las empresas del pa\u00eds. De esta forma se dan nuevas oportunidades de innovaci\u00f3n y de creaci\u00f3n de riqueza para el sector socioecon\u00f3mico y de formaci\u00f3n avanzada en tecnolog\u00edas de alto valor a\u00f1adido para alumnado, personal investigador y para la sociedad en general\u201d.<\/strong><\/p>\n<p><strong>\u201cContentos que un proyecto de esta magnitud arraigue en nuestra ciudad. Es un paso importante hacia un objetivo que seguro es com\u00fan: conectar la ciudad, la universidad y la industria\u201d<\/strong>, ha remarcado el alcalde de Girona, Lluc Salellas.<\/p>\n<p>El 3Digital Manufacturing Lab <strong>\u201cfacilitar\u00e1 el acceso, el uso y el aprendizaje sobre estas tecnolog\u00edas de fabricaci\u00f3n digital a las empresas, as\u00ed como a la Universidad, al emprendimiento y a los agentes del ecosistema innovador, dotando al tejido socioecon\u00f3mico catal\u00e1n de un impulso diferencial\u201d<\/strong>, ha subrayado el director general Corporativo y de Operaciones de Eurecat, Xavier L\u00f3pez.<\/p>\n<p><strong>Proyectos y experiencias innovadoras y casos de \u00e9xito<\/strong><\/p>\n<p>El 3Digital Manufacturing Lab dispondr\u00e1 de maquinaria industrial al servicio de empresas y emprendedores, con la filosof\u00eda de dar respuesta a la demanda industrial del territorio, a partir de tecnolog\u00edas seleccionadas seg\u00fan las necesidades detectadas por las empresas.<\/p>\n<p>Entre otros servicios, ofrecer\u00e1 estudios de incorporaci\u00f3n de tecnolog\u00eda y asesoramiento tecnol\u00f3gico y dise\u00f1o orientado a la impresi\u00f3n 3D, prototipado, pruebas de concepto y prendas industriales, con especial atenci\u00f3n al dise\u00f1o de nuevos productos innovadores. Tambi\u00e9n incidir\u00e1 en la identificaci\u00f3n de nuevas oportunidades de negocio para las empresas vinculadas a las tecnolog\u00edas de digital manufacturing y en la aplicaci\u00f3n de nuevas tecnolog\u00edas y nuevos materiales en el \u00e1mbito de la innovaci\u00f3n en producto y proceso.<\/p>\n<p>Las actividades de car\u00e1cter m\u00e1s industrial se combinar\u00e1n con otras de difusi\u00f3n social de estas tecnolog\u00edas de digital manufacturing e impresi\u00f3n 3D y, por tanto, la unidad dispondr\u00e1 tambi\u00e9n de tecnolog\u00edas de consumo, sencillas y did\u00e1cticas, con variedad de posibilidades en materiales, acabados, colores y procesos. Estas actividades destinadas a la ciudadan\u00eda y a la sociedad en general est\u00e1n concebidas a partir de la filosof\u00eda de autoservicio, con libre acceso con el asesoramiento de una persona experta, ofreci\u00e9ndose talleres y demostraciones para personas sin formaci\u00f3n en este \u00e1mbito.<\/p>\n<p><strong>Un nuevo espacio de colaboraci\u00f3n que integra empresa, Eurecat y UdG<\/strong><\/p>\n<p>Desde el \u00e1ngulo de la investigaci\u00f3n, el 3Digital Manufacturing Lab es un espacio de colaboraci\u00f3n basado en un eje que integra la empresa, el centro tecnol\u00f3gico y la Universitat para el desarrollo de actividades de I+D+i en el \u00e1mbito de tecnolog\u00edas de procesos de fabricaci\u00f3n.<\/p>\n<p>La puesta en funcionamiento del 3DML abarca la innovaci\u00f3n tecnol\u00f3gica, la investigaci\u00f3n en nuevos procesos, la caracterizaci\u00f3n de materiales, el desarrollo de tecnolog\u00eda propia e incidir\u00e1 en el desarrollo de tesis doctorales, proyectos internos y nacionales e internacionales. Tambi\u00e9n est\u00e1 prevista la valorizaci\u00f3n de la I+D+i en forma de patentes, publicaciones, licencias, generaci\u00f3n de spin-offs y la creaci\u00f3n de empresas de base tecnol\u00f3gica.<\/p>\n<p>Con el 3DML, una empresa industrial podr\u00e1 realizar pruebas de concepto con maquinaria industrial de Digital Manufacturing y estudiar oportunidades de negocio con su incorporaci\u00f3n. En paralelo, un emprendedor podr\u00e1 recibir asesoramiento tecnol\u00f3gico para mejorar su producto, prototiparlo y testearlo y empresas y agentes de investigaci\u00f3n podr\u00e1n establecer colaboraciones en proyectos de desarrollo de tecnolog\u00eda e innovaci\u00f3n en proceso, dentro de un marco estable.<\/p>\n<p>Asimismo, un ciudadano podr\u00e1 acceder a tecnolog\u00edas de Digital Manufacturing para fabricar peque\u00f1as piezas, aprender y formarse en una gran variedad de materiales, procesos, acabados y colores. Adem\u00e1s, escuelas e institutos podr\u00e1n asistir al 3DML en workshops te\u00f3rico-pr\u00e1cticos en los que podr\u00e1n conocer las tecnolog\u00edas y desarrollar la creatividad y la innovaci\u00f3n.<\/p>\n<p>La Universitat tambi\u00e9n podr\u00e1 definir actividades en el \u00e1mbito de trabajo y las capacidades tecnol\u00f3gicas del 3DML y operarios, dise\u00f1adores, arquitectos y artistas, podr\u00e1n comprender y llevar a la pr\u00e1ctica las posibilidades que ofrecen las tecnolog\u00edas de Digital Manufacturing para materializar sus ideas.<\/p>\n<p>La puesta en marcha del 3DML se enmarca en el convenio de colaboraci\u00f3n firmado entre la Universitat de Girona y el centro tecnol\u00f3gico Eurecat, que responde, doblemente, al Plan Estrat\u00e9gico de la UdG2030: la suma de inteligencias y a la estrategia de Eurecat de desarrollar competencias y tecnolog\u00eda con los principales agentes de conocimiento del territorio y con orientaci\u00f3n a la empresa y a la sociedad.<\/p>\n<\/div><\/div><\/div><\/div><\/div>\n","protected":false},"excerpt":{"rendered":"","protected":false},"author":12,"featured_media":140464,"comment_status":"open","ping_status":"closed","sticky":false,"template":"","format":"standard","meta":{"footnotes":""},"categories":[702,2452,134,406],"tags":[],"class_list":["post-140461","post","type-post","status-publish","format-standard","has-post-thumbnail","hentry","category-eventos","category-impresion-3d","category-notas-de-prensa","category-nuevos-procesos-fabricacion"],"yoast_head":"<!-- This site is optimized with the Yoast SEO plugin v27.5 - https:\/\/yoast.com\/product\/yoast-seo-wordpress\/ -->\n<title>Inaugurado el 3Digital Manufacturing Lab (3DML), un nuevo espacio de colaboraci\u00f3n para impulsar las tecnolog\u00edas de fabricaci\u00f3n digital y la impresi\u00f3n 3D en Girona - Eurecat<\/title>\n<meta name=\"robots\" content=\"index, follow, max-snippet:-1, max-image-preview:large, max-video-preview:-1\" \/>\n<link rel=\"canonical\" href=\"https:\/\/eurecat.org\/es\/inaugurado-el-3digital-manufacturing-lab-3dml-un-nuevo-espacio-de-colaboracion-para-impulsar-las-tecnologias-de-fabricacion-digital-y-la-impresion-3d-en-girona\/\" \/>\n<meta property=\"og:locale\" content=\"es_ES\" \/>\n<meta property=\"og:type\" content=\"article\" \/>\n<meta property=\"og:title\" content=\"Inaugurado el 3Digital Manufacturing Lab (3DML), un nuevo espacio de colaboraci\u00f3n para impulsar las tecnolog\u00edas de fabricaci\u00f3n digital y la impresi\u00f3n 3D en Girona - Eurecat\" \/>\n<meta property=\"og:url\" content=\"https:\/\/eurecat.org\/es\/inaugurado-el-3digital-manufacturing-lab-3dml-un-nuevo-espacio-de-colaboracion-para-impulsar-las-tecnologias-de-fabricacion-digital-y-la-impresion-3d-en-girona\/\" \/>\n<meta property=\"og:site_name\" content=\"Eurecat\" \/>\n<meta property=\"article:published_time\" content=\"2023-09-22T07:27:21+00:00\" \/>\n<meta property=\"article:modified_time\" content=\"2023-09-22T07:33:48+00:00\" \/>\n<meta property=\"og:image\" content=\"https:\/\/eurecat.org\/wp-content\/uploads\/2023\/09\/EKF_7820_800px.jpg\" \/>\n\t<meta property=\"og:image:width\" content=\"800\" \/>\n\t<meta property=\"og:image:height\" content=\"533\" \/>\n\t<meta property=\"og:image:type\" content=\"image\/jpeg\" \/>\n<meta name=\"author\" content=\"EurecatEG\" \/>\n<meta name=\"twitter:card\" content=\"summary_large_image\" \/>\n<meta name=\"twitter:label1\" content=\"Escrito por\" \/>\n\t<meta name=\"twitter:data1\" content=\"EurecatEG\" \/>\n\t<meta name=\"twitter:label2\" content=\"Tiempo de lectura\" \/>\n\t<meta name=\"twitter:data2\" content=\"7 minutos\" \/>\n<script type=\"application\/ld+json\" class=\"yoast-schema-graph\">{\"@context\":\"https:\\\/\\\/schema.org\",\"@graph\":[{\"@type\":\"Article\",\"@id\":\"https:\\\/\\\/eurecat.org\\\/es\\\/inaugurado-el-3digital-manufacturing-lab-3dml-un-nuevo-espacio-de-colaboracion-para-impulsar-las-tecnologias-de-fabricacion-digital-y-la-impresion-3d-en-girona\\\/#article\",\"isPartOf\":{\"@id\":\"https:\\\/\\\/eurecat.org\\\/es\\\/inaugurado-el-3digital-manufacturing-lab-3dml-un-nuevo-espacio-de-colaboracion-para-impulsar-las-tecnologias-de-fabricacion-digital-y-la-impresion-3d-en-girona\\\/\"},\"author\":{\"name\":\"EurecatEG\",\"@id\":\"https:\\\/\\\/eurecat.org\\\/es\\\/#\\\/schema\\\/person\\\/def9217eded50ee57a9dc4cf0c883f80\"},\"headline\":\"Inaugurado el 3Digital Manufacturing Lab (3DML), un nuevo espacio de colaboraci\u00f3n para impulsar las tecnolog\u00edas de fabricaci\u00f3n digital y la impresi\u00f3n 3D en Girona\",\"datePublished\":\"2023-09-22T07:27:21+00:00\",\"dateModified\":\"2023-09-22T07:33:48+00:00\",\"mainEntityOfPage\":{\"@id\":\"https:\\\/\\\/eurecat.org\\\/es\\\/inaugurado-el-3digital-manufacturing-lab-3dml-un-nuevo-espacio-de-colaboracion-para-impulsar-las-tecnologias-de-fabricacion-digital-y-la-impresion-3d-en-girona\\\/\"},\"wordCount\":1597,\"commentCount\":0,\"image\":{\"@id\":\"https:\\\/\\\/eurecat.org\\\/es\\\/inaugurado-el-3digital-manufacturing-lab-3dml-un-nuevo-espacio-de-colaboracion-para-impulsar-las-tecnologias-de-fabricacion-digital-y-la-impresion-3d-en-girona\\\/#primaryimage\"},\"thumbnailUrl\":\"https:\\\/\\\/eurecat.org\\\/wp-content\\\/uploads\\\/2023\\\/09\\\/EKF_7820_800px.jpg\",\"articleSection\":[\"Eventos\",\"Impresi\u00f3n 3D\",\"Notas de prensa\",\"Nuevos procesos de fabricaci\u00f3n\"],\"inLanguage\":\"es\",\"potentialAction\":[{\"@type\":\"CommentAction\",\"name\":\"Comment\",\"target\":[\"https:\\\/\\\/eurecat.org\\\/es\\\/inaugurado-el-3digital-manufacturing-lab-3dml-un-nuevo-espacio-de-colaboracion-para-impulsar-las-tecnologias-de-fabricacion-digital-y-la-impresion-3d-en-girona\\\/#respond\"]}]},{\"@type\":\"WebPage\",\"@id\":\"https:\\\/\\\/eurecat.org\\\/es\\\/inaugurado-el-3digital-manufacturing-lab-3dml-un-nuevo-espacio-de-colaboracion-para-impulsar-las-tecnologias-de-fabricacion-digital-y-la-impresion-3d-en-girona\\\/\",\"url\":\"https:\\\/\\\/eurecat.org\\\/es\\\/inaugurado-el-3digital-manufacturing-lab-3dml-un-nuevo-espacio-de-colaboracion-para-impulsar-las-tecnologias-de-fabricacion-digital-y-la-impresion-3d-en-girona\\\/\",\"name\":\"Inaugurado el 3Digital Manufacturing Lab (3DML), un nuevo espacio de colaboraci\u00f3n para impulsar las tecnolog\u00edas de fabricaci\u00f3n digital y la impresi\u00f3n 3D en Girona - Eurecat\",\"isPartOf\":{\"@id\":\"https:\\\/\\\/eurecat.org\\\/es\\\/#website\"},\"primaryImageOfPage\":{\"@id\":\"https:\\\/\\\/eurecat.org\\\/es\\\/inaugurado-el-3digital-manufacturing-lab-3dml-un-nuevo-espacio-de-colaboracion-para-impulsar-las-tecnologias-de-fabricacion-digital-y-la-impresion-3d-en-girona\\\/#primaryimage\"},\"image\":{\"@id\":\"https:\\\/\\\/eurecat.org\\\/es\\\/inaugurado-el-3digital-manufacturing-lab-3dml-un-nuevo-espacio-de-colaboracion-para-impulsar-las-tecnologias-de-fabricacion-digital-y-la-impresion-3d-en-girona\\\/#primaryimage\"},\"thumbnailUrl\":\"https:\\\/\\\/eurecat.org\\\/wp-content\\\/uploads\\\/2023\\\/09\\\/EKF_7820_800px.jpg\",\"datePublished\":\"2023-09-22T07:27:21+00:00\",\"dateModified\":\"2023-09-22T07:33:48+00:00\",\"author\":{\"@id\":\"https:\\\/\\\/eurecat.org\\\/es\\\/#\\\/schema\\\/person\\\/def9217eded50ee57a9dc4cf0c883f80\"},\"breadcrumb\":{\"@id\":\"https:\\\/\\\/eurecat.org\\\/es\\\/inaugurado-el-3digital-manufacturing-lab-3dml-un-nuevo-espacio-de-colaboracion-para-impulsar-las-tecnologias-de-fabricacion-digital-y-la-impresion-3d-en-girona\\\/#breadcrumb\"},\"inLanguage\":\"es\",\"potentialAction\":[{\"@type\":\"ReadAction\",\"target\":[\"https:\\\/\\\/eurecat.org\\\/es\\\/inaugurado-el-3digital-manufacturing-lab-3dml-un-nuevo-espacio-de-colaboracion-para-impulsar-las-tecnologias-de-fabricacion-digital-y-la-impresion-3d-en-girona\\\/\"]}]},{\"@type\":\"ImageObject\",\"inLanguage\":\"es\",\"@id\":\"https:\\\/\\\/eurecat.org\\\/es\\\/inaugurado-el-3digital-manufacturing-lab-3dml-un-nuevo-espacio-de-colaboracion-para-impulsar-las-tecnologias-de-fabricacion-digital-y-la-impresion-3d-en-girona\\\/#primaryimage\",\"url\":\"https:\\\/\\\/eurecat.org\\\/wp-content\\\/uploads\\\/2023\\\/09\\\/EKF_7820_800px.jpg\",\"contentUrl\":\"https:\\\/\\\/eurecat.org\\\/wp-content\\\/uploads\\\/2023\\\/09\\\/EKF_7820_800px.jpg\",\"width\":800,\"height\":533},{\"@type\":\"BreadcrumbList\",\"@id\":\"https:\\\/\\\/eurecat.org\\\/es\\\/inaugurado-el-3digital-manufacturing-lab-3dml-un-nuevo-espacio-de-colaboracion-para-impulsar-las-tecnologias-de-fabricacion-digital-y-la-impresion-3d-en-girona\\\/#breadcrumb\",\"itemListElement\":[{\"@type\":\"ListItem\",\"position\":1,\"name\":\"Inici\",\"item\":\"https:\\\/\\\/eurecat.org\\\/es\\\/\"},{\"@type\":\"ListItem\",\"position\":2,\"name\":\"Inaugurado el 3Digital Manufacturing Lab (3DML), un nuevo espacio de colaboraci\u00f3n para impulsar las tecnolog\u00edas de fabricaci\u00f3n digital y la impresi\u00f3n 3D en Girona\"}]},{\"@type\":\"WebSite\",\"@id\":\"https:\\\/\\\/eurecat.org\\\/es\\\/#website\",\"url\":\"https:\\\/\\\/eurecat.org\\\/es\\\/\",\"name\":\"Eurecat\",\"description\":\"Otro sitio realizado con WordPress\",\"potentialAction\":[{\"@type\":\"SearchAction\",\"target\":{\"@type\":\"EntryPoint\",\"urlTemplate\":\"https:\\\/\\\/eurecat.org\\\/es\\\/?s={search_term_string}\"},\"query-input\":{\"@type\":\"PropertyValueSpecification\",\"valueRequired\":true,\"valueName\":\"search_term_string\"}}],\"inLanguage\":\"es\"},{\"@type\":\"Person\",\"@id\":\"https:\\\/\\\/eurecat.org\\\/es\\\/#\\\/schema\\\/person\\\/def9217eded50ee57a9dc4cf0c883f80\",\"name\":\"EurecatEG\",\"image\":{\"@type\":\"ImageObject\",\"inLanguage\":\"es\",\"@id\":\"https:\\\/\\\/secure.gravatar.com\\\/avatar\\\/f40dd9b6ecd3e5c591f3c9b033e495ee0ec9877ba77249fbf268b3889350c824?s=96&d=mm&r=g\",\"url\":\"https:\\\/\\\/secure.gravatar.com\\\/avatar\\\/f40dd9b6ecd3e5c591f3c9b033e495ee0ec9877ba77249fbf268b3889350c824?s=96&d=mm&r=g\",\"contentUrl\":\"https:\\\/\\\/secure.gravatar.com\\\/avatar\\\/f40dd9b6ecd3e5c591f3c9b033e495ee0ec9877ba77249fbf268b3889350c824?s=96&d=mm&r=g\",\"caption\":\"EurecatEG\"}}]}<\/script>\n<!-- \/ Yoast SEO plugin. -->","yoast_head_json":{"title":"Inaugurado el 3Digital Manufacturing Lab (3DML), un nuevo espacio de colaboraci\u00f3n para impulsar las tecnolog\u00edas de fabricaci\u00f3n digital y la impresi\u00f3n 3D en Girona - Eurecat","robots":{"index":"index","follow":"follow","max-snippet":"max-snippet:-1","max-image-preview":"max-image-preview:large","max-video-preview":"max-video-preview:-1"},"canonical":"https:\/\/eurecat.org\/es\/inaugurado-el-3digital-manufacturing-lab-3dml-un-nuevo-espacio-de-colaboracion-para-impulsar-las-tecnologias-de-fabricacion-digital-y-la-impresion-3d-en-girona\/","og_locale":"es_ES","og_type":"article","og_title":"Inaugurado el 3Digital Manufacturing Lab (3DML), un nuevo espacio de colaboraci\u00f3n para impulsar las tecnolog\u00edas de fabricaci\u00f3n digital y la impresi\u00f3n 3D en Girona - Eurecat","og_url":"https:\/\/eurecat.org\/es\/inaugurado-el-3digital-manufacturing-lab-3dml-un-nuevo-espacio-de-colaboracion-para-impulsar-las-tecnologias-de-fabricacion-digital-y-la-impresion-3d-en-girona\/","og_site_name":"Eurecat","article_published_time":"2023-09-22T07:27:21+00:00","article_modified_time":"2023-09-22T07:33:48+00:00","og_image":[{"width":800,"height":533,"url":"https:\/\/eurecat.org\/wp-content\/uploads\/2023\/09\/EKF_7820_800px.jpg","type":"image\/jpeg"}],"author":"EurecatEG","twitter_card":"summary_large_image","twitter_misc":{"Escrito por":"EurecatEG","Tiempo de lectura":"7 minutos"},"schema":{"@context":"https:\/\/schema.org","@graph":[{"@type":"Article","@id":"https:\/\/eurecat.org\/es\/inaugurado-el-3digital-manufacturing-lab-3dml-un-nuevo-espacio-de-colaboracion-para-impulsar-las-tecnologias-de-fabricacion-digital-y-la-impresion-3d-en-girona\/#article","isPartOf":{"@id":"https:\/\/eurecat.org\/es\/inaugurado-el-3digital-manufacturing-lab-3dml-un-nuevo-espacio-de-colaboracion-para-impulsar-las-tecnologias-de-fabricacion-digital-y-la-impresion-3d-en-girona\/"},"author":{"name":"EurecatEG","@id":"https:\/\/eurecat.org\/es\/#\/schema\/person\/def9217eded50ee57a9dc4cf0c883f80"},"headline":"Inaugurado el 3Digital Manufacturing Lab (3DML), un nuevo espacio de colaboraci\u00f3n para impulsar las tecnolog\u00edas de fabricaci\u00f3n digital y la impresi\u00f3n 3D en Girona","datePublished":"2023-09-22T07:27:21+00:00","dateModified":"2023-09-22T07:33:48+00:00","mainEntityOfPage":{"@id":"https:\/\/eurecat.org\/es\/inaugurado-el-3digital-manufacturing-lab-3dml-un-nuevo-espacio-de-colaboracion-para-impulsar-las-tecnologias-de-fabricacion-digital-y-la-impresion-3d-en-girona\/"},"wordCount":1597,"commentCount":0,"image":{"@id":"https:\/\/eurecat.org\/es\/inaugurado-el-3digital-manufacturing-lab-3dml-un-nuevo-espacio-de-colaboracion-para-impulsar-las-tecnologias-de-fabricacion-digital-y-la-impresion-3d-en-girona\/#primaryimage"},"thumbnailUrl":"https:\/\/eurecat.org\/wp-content\/uploads\/2023\/09\/EKF_7820_800px.jpg","articleSection":["Eventos","Impresi\u00f3n 3D","Notas de prensa","Nuevos procesos de fabricaci\u00f3n"],"inLanguage":"es","potentialAction":[{"@type":"CommentAction","name":"Comment","target":["https:\/\/eurecat.org\/es\/inaugurado-el-3digital-manufacturing-lab-3dml-un-nuevo-espacio-de-colaboracion-para-impulsar-las-tecnologias-de-fabricacion-digital-y-la-impresion-3d-en-girona\/#respond"]}]},{"@type":"WebPage","@id":"https:\/\/eurecat.org\/es\/inaugurado-el-3digital-manufacturing-lab-3dml-un-nuevo-espacio-de-colaboracion-para-impulsar-las-tecnologias-de-fabricacion-digital-y-la-impresion-3d-en-girona\/","url":"https:\/\/eurecat.org\/es\/inaugurado-el-3digital-manufacturing-lab-3dml-un-nuevo-espacio-de-colaboracion-para-impulsar-las-tecnologias-de-fabricacion-digital-y-la-impresion-3d-en-girona\/","name":"Inaugurado el 3Digital Manufacturing Lab (3DML), un nuevo espacio de colaboraci\u00f3n para impulsar las tecnolog\u00edas de fabricaci\u00f3n digital y la impresi\u00f3n 3D en Girona - Eurecat","isPartOf":{"@id":"https:\/\/eurecat.org\/es\/#website"},"primaryImageOfPage":{"@id":"https:\/\/eurecat.org\/es\/inaugurado-el-3digital-manufacturing-lab-3dml-un-nuevo-espacio-de-colaboracion-para-impulsar-las-tecnologias-de-fabricacion-digital-y-la-impresion-3d-en-girona\/#primaryimage"},"image":{"@id":"https:\/\/eurecat.org\/es\/inaugurado-el-3digital-manufacturing-lab-3dml-un-nuevo-espacio-de-colaboracion-para-impulsar-las-tecnologias-de-fabricacion-digital-y-la-impresion-3d-en-girona\/#primaryimage"},"thumbnailUrl":"https:\/\/eurecat.org\/wp-content\/uploads\/2023\/09\/EKF_7820_800px.jpg","datePublished":"2023-09-22T07:27:21+00:00","dateModified":"2023-09-22T07:33:48+00:00","author":{"@id":"https:\/\/eurecat.org\/es\/#\/schema\/person\/def9217eded50ee57a9dc4cf0c883f80"},"breadcrumb":{"@id":"https:\/\/eurecat.org\/es\/inaugurado-el-3digital-manufacturing-lab-3dml-un-nuevo-espacio-de-colaboracion-para-impulsar-las-tecnologias-de-fabricacion-digital-y-la-impresion-3d-en-girona\/#breadcrumb"},"inLanguage":"es","potentialAction":[{"@type":"ReadAction","target":["https:\/\/eurecat.org\/es\/inaugurado-el-3digital-manufacturing-lab-3dml-un-nuevo-espacio-de-colaboracion-para-impulsar-las-tecnologias-de-fabricacion-digital-y-la-impresion-3d-en-girona\/"]}]},{"@type":"ImageObject","inLanguage":"es","@id":"https:\/\/eurecat.org\/es\/inaugurado-el-3digital-manufacturing-lab-3dml-un-nuevo-espacio-de-colaboracion-para-impulsar-las-tecnologias-de-fabricacion-digital-y-la-impresion-3d-en-girona\/#primaryimage","url":"https:\/\/eurecat.org\/wp-content\/uploads\/2023\/09\/EKF_7820_800px.jpg","contentUrl":"https:\/\/eurecat.org\/wp-content\/uploads\/2023\/09\/EKF_7820_800px.jpg","width":800,"height":533},{"@type":"BreadcrumbList","@id":"https:\/\/eurecat.org\/es\/inaugurado-el-3digital-manufacturing-lab-3dml-un-nuevo-espacio-de-colaboracion-para-impulsar-las-tecnologias-de-fabricacion-digital-y-la-impresion-3d-en-girona\/#breadcrumb","itemListElement":[{"@type":"ListItem","position":1,"name":"Inici","item":"https:\/\/eurecat.org\/es\/"},{"@type":"ListItem","position":2,"name":"Inaugurado el 3Digital Manufacturing Lab (3DML), un nuevo espacio de colaboraci\u00f3n para impulsar las tecnolog\u00edas de fabricaci\u00f3n digital y la impresi\u00f3n 3D en Girona"}]},{"@type":"WebSite","@id":"https:\/\/eurecat.org\/es\/#website","url":"https:\/\/eurecat.org\/es\/","name":"Eurecat","description":"Otro sitio realizado con WordPress","potentialAction":[{"@type":"SearchAction","target":{"@type":"EntryPoint","urlTemplate":"https:\/\/eurecat.org\/es\/?s={search_term_string}"},"query-input":{"@type":"PropertyValueSpecification","valueRequired":true,"valueName":"search_term_string"}}],"inLanguage":"es"},{"@type":"Person","@id":"https:\/\/eurecat.org\/es\/#\/schema\/person\/def9217eded50ee57a9dc4cf0c883f80","name":"EurecatEG","image":{"@type":"ImageObject","inLanguage":"es","@id":"https:\/\/secure.gravatar.com\/avatar\/f40dd9b6ecd3e5c591f3c9b033e495ee0ec9877ba77249fbf268b3889350c824?s=96&d=mm&r=g","url":"https:\/\/secure.gravatar.com\/avatar\/f40dd9b6ecd3e5c591f3c9b033e495ee0ec9877ba77249fbf268b3889350c824?s=96&d=mm&r=g","contentUrl":"https:\/\/secure.gravatar.com\/avatar\/f40dd9b6ecd3e5c591f3c9b033e495ee0ec9877ba77249fbf268b3889350c824?s=96&d=mm&r=g","caption":"EurecatEG"}}]}},"_links":{"self":[{"href":"https:\/\/eurecat.org\/es\/wp-json\/wp\/v2\/posts\/140461","targetHints":{"allow":["GET"]}}],"collection":[{"href":"https:\/\/eurecat.org\/es\/wp-json\/wp\/v2\/posts"}],"about":[{"href":"https:\/\/eurecat.org\/es\/wp-json\/wp\/v2\/types\/post"}],"author":[{"embeddable":true,"href":"https:\/\/eurecat.org\/es\/wp-json\/wp\/v2\/users\/12"}],"replies":[{"embeddable":true,"href":"https:\/\/eurecat.org\/es\/wp-json\/wp\/v2\/comments?post=140461"}],"version-history":[{"count":1,"href":"https:\/\/eurecat.org\/es\/wp-json\/wp\/v2\/posts\/140461\/revisions"}],"predecessor-version":[{"id":140467,"href":"https:\/\/eurecat.org\/es\/wp-json\/wp\/v2\/posts\/140461\/revisions\/140467"}],"wp:featuredmedia":[{"embeddable":true,"href":"https:\/\/eurecat.org\/es\/wp-json\/wp\/v2\/media\/140464"}],"wp:attachment":[{"href":"https:\/\/eurecat.org\/es\/wp-json\/wp\/v2\/media?parent=140461"}],"wp:term":[{"taxonomy":"category","embeddable":true,"href":"https:\/\/eurecat.org\/es\/wp-json\/wp\/v2\/categories?post=140461"},{"taxonomy":"post_tag","embeddable":true,"href":"https:\/\/eurecat.org\/es\/wp-json\/wp\/v2\/tags?post=140461"}],"curies":[{"name":"wp","href":"https:\/\/api.w.org\/{rel}","templated":true}]}}