{"id":140584,"date":"2023-09-27T15:00:10","date_gmt":"2023-09-27T13:00:10","guid":{"rendered":"https:\/\/eurecat.org\/?p=140584"},"modified":"2023-09-28T15:05:21","modified_gmt":"2023-09-28T13:05:21","slug":"el-ai-big-data-congress-subraya-el-superpoder-de-la-inteligencia-artificial-para-impulsar-la-competitividad-empresarial","status":"publish","type":"post","link":"https:\/\/eurecat.org\/es\/el-ai-big-data-congress-subraya-el-superpoder-de-la-inteligencia-artificial-para-impulsar-la-competitividad-empresarial\/","title":{"rendered":"El AI &#038; Big Data Congress subraya el \u201csuperpoder\u201d de la inteligencia artificial para impulsar la competitividad empresarial"},"content":{"rendered":"<div class=\"fusion-fullwidth fullwidth-box fusion-builder-row-1 fusion-flex-container nonhundred-percent-fullwidth non-hundred-percent-height-scrolling\" style=\"--awb-border-radius-top-left:0px;--awb-border-radius-top-right:0px;--awb-border-radius-bottom-right:0px;--awb-border-radius-bottom-left:0px;--awb-flex-wrap:wrap;\" ><div class=\"fusion-builder-row fusion-row fusion-flex-align-items-flex-start fusion-flex-content-wrap\" style=\"max-width:1424.8px;margin-left: calc(-4% \/ 2 );margin-right: calc(-4% \/ 2 );\"><div class=\"fusion-layout-column fusion_builder_column fusion-builder-column-0 fusion_builder_column_1_1 1_1 fusion-flex-column\" style=\"--awb-bg-size:cover;--awb-width-large:100%;--awb-margin-top-large:0px;--awb-spacing-right-large:1.92%;--awb-margin-bottom-large:0px;--awb-spacing-left-large:1.92%;--awb-width-medium:100%;--awb-spacing-right-medium:1.92%;--awb-spacing-left-medium:1.92%;--awb-width-small:100%;--awb-spacing-right-small:1.92%;--awb-spacing-left-small:1.92%;\"><div class=\"fusion-column-wrapper fusion-flex-justify-content-flex-start fusion-content-layout-column\"><div class=\"fusion-text fusion-text-1\"><p>El \u201csuperpoder de la inteligencia artificial es la optimizaci\u00f3n\u201d, dado que ofrece soluciones a la industria que abarcan \u201cdesde la automatizaci\u00f3n a la detecci\u00f3n y la predicci\u00f3n de eventos, creando unos atributos competitivos que logran crear superioridad de mercado y oferta de soluciones que incrementa la rentabilidad de las operaciones\u201d, seg\u00fan ha apuntado hoy la experta internacional en tecnolog\u00edas digitales e IA y la keynote speaker de la primera jornada del <a href=\"https:\/\/aicongress.barcelona\/en\/\">AI &amp; Big Data Congress<\/a>, Inma Mart\u00ednez.<\/p>\n<p>De acuerdo con la experta internacional en tecnolog\u00edas digitales e IA y presidenta y miembro de varios consejos asesores, entre ellos los del Partenariado Global en IA y de la Secretar\u00eda de Estado para la Digitalizaci\u00f3n y la Inteligencia Artificial, la IA permite optimizar \u201cdesde procesos industriales en la cadena de suministro y los recursos energ\u00e9ticos, no s\u00f3lo por sostenibilidad, sino por la necesidad de considerar todas las fuentes de energ\u00eda\u201d, como las renovables, la red el\u00e9ctrica y las bater\u00edas.<\/p>\n<p>Desde este \u00e1ngulo, Inma Mart\u00ednez ha pronosticado que \u201clos edificios de oficinas e industriales formar\u00e1n parte de la red energ\u00e9tica inteligente y, si tambi\u00e9n son capaces de generar energ\u00eda propia, podr\u00e1n venderla al proveedor energ\u00e9tico, por lo que la IA ser\u00e1 fundamental en la coordinaci\u00f3n\u201d.<\/p>\n<p>En su parlamento de bienvenida al congreso, la secretaria de Pol\u00edticas Digitales de la Generalitat de Catalunya, Gina Tost Faus, ha asegurado que \u201cdesde el Gobierno, seguiremos impulsando la Estrategia de Inteligencia Artificial de Catalunya, Catalonia.AI, y los proyectos e iniciativas que forman parte de ella, como este congreso que ya se ha consolidado como el evento de referencia para el ecosistema de IA en Catalunya\u201d. En este sentido, Tost ha querido destacar que \u201cCatalonia.AI es la estrategia de todo el ecosistema de la IA y para todos; una herramienta para seguir reforzando la industria existente y seguir potenciando la adopci\u00f3n de una tecnolog\u00eda clave para nuestro desarrollo como pa\u00eds con liderazgo, empuje y talento, y con vocaci\u00f3n \u00e9tica y social\u201d.<\/p>\n<p>\u201cEl Ayuntamiento de Barcelona utiliza la tecnolog\u00eda y el uso de los datos de forma transversal, \u00e9tica y abierta para ofrecer unos mejores servicios y m\u00e1s asequibles a la ciudadan\u00eda y a las empresas. El plan de transformaci\u00f3n digital del Gobierno municipal desarrolla modelos predictivos y prescriptivos mediante algoritmos de inteligencia artificial, posicion\u00e1ndolo en primera l\u00ednea de eficiencia, transparencia e innovaci\u00f3n social. Barcelona se convierte en un referente en este \u00e1mbito y con la colaboraci\u00f3n de las universidades, empresas y el ecosistema local, ofrece las mejores soluciones para hacer frente a los actuales retos urbanos como la vivienda, el paro, la exclusi\u00f3n social, la salud, la energ\u00eda o la movilidad\u201d, ha manifestado el director de la Oficina de Transformaci\u00f3n Digital del Ayuntamiento de Barcelona, Mariano Yag\u00fcez.<\/p>\n<p>El vicepresidente de Eurecat, Daniel Altimiras, ha remarcado \u201cla irrupci\u00f3n de la inteligencia artificial generativa producida en los \u00faltimos meses\u201d como un \u201cejemplo \u00fanico de adopci\u00f3n masiva y en un espacio de tiempo muy breve de una innovaci\u00f3n tecnol\u00f3gica, con un impacto manifiesto, pr\u00e1cticamente en todos los niveles de la sociedad y sectores econ\u00f3micos\u201d y ha apuntado las oportunidades que brinda esta tecnolog\u00eda como \u201cherramienta de apoyo a la productividad\u201d, as\u00ed como tambi\u00e9n los interrogantes que todav\u00eda plantea y que ocupan un espacio destacado en el congreso, en una edici\u00f3n que cuenta con m\u00e1s de 1.500 inscritos.<\/p>\n<p><strong>Impacto de la IA generativa en las empresas <\/strong><\/p>\n<p>Los expertos de Microsoft, Alberto Pinedo, NTT DATA, David Pereira, y SAP, Ernesto Rinc\u00f3n, han participado en la sesi\u00f3n sobre inteligencia artificial generativa, en la que han abordado el impacto de esta tecnolog\u00eda en las empresas y los negocios, as\u00ed como los l\u00edmites a nivel tecnol\u00f3gico para su uso general; \u00e9tico, para asegurar un buen uso, y a nivel legal, y se han mostrado ejemplos de casos en los que la IA generativa es una realidad en las empresas, m\u00e1s all\u00e1 de su democratizaci\u00f3n.<\/p>\n<p>La primera jornada del congreso ha debatido tambi\u00e9n la viabilidad de los espacios de datos, un concepto que se encuentra en pleno desarrollo a nivel europeo y que persigue implantar las herramientas tecnol\u00f3gicas que permitan desplegar la econom\u00eda basada en los datos en un contexto de soberan\u00eda europea. En esta l\u00ednea, el director de Desarrollo del Ecosistema de IA y Nube en Huawei, Roi Rodr\u00edguez de Bernardo, ha explicado que \u201cestamos en un momento en el que es necesario hacer pilotos para validar los espacios de datos. Desde Huawei hemos desarrollado Boot-X, un prototipo de espacio de datos en la cadena de valor del sector de la automoci\u00f3n que puede ser replicable en otros sectores, y actualmente estamos negociando acuerdos para realizar los primeros pilotos en Europa, principalmente en Alemania y Espa\u00f1a\u201d.<\/p>\n<p>Por otra parte, ha tenido lugar una mesa de debate sobre el futuro de la organizaci\u00f3n del trabajo con la generalizaci\u00f3n del uso de herramientas basadas en inteligencia artificial y la automatizaci\u00f3n, en la que han participado la presidenta del Consejo Social de la UPC, Montse Gu\u00e0rdia; el director Comercial del Sector P\u00fablico en Italtel y experto en transformaci\u00f3n digital y smartcity, Josep-Ramon Ferrer, y la abogada y presidenta de la International Federation of Computer Law Associations (IFCLA), Bel\u00e9n Arribas.<\/p>\n<p><strong>El salto adelante de iniciativas pioneras en inteligencia artificial<\/strong><\/p>\n<p>El AI &amp; Big Data Congress ha presentado casos reales de start-ups y scale-ups pioneras en el uso de la inteligencia artificial, con soluciones en \u00e1mbitos como la evaluaci\u00f3n de la sostenibilidad corporativa mediante la plataforma tecnol\u00f3gica de la empresa Clarity AI, que tiene por objetivo medir el impacto social y ambiental de las inversiones y de las organizaciones.<\/p>\n<p>Tambi\u00e9n se ha podido conocer la propuesta de Nextmol para la aplicaci\u00f3n de la modelizaci\u00f3n molecular y la IA para la industria qu\u00edmica; la optimizaci\u00f3n de la toma de decisiones en el mercado mediante la sinergia entre la inteligencia artificial el Market Intelligence de Omnios; la soluci\u00f3n para la atenci\u00f3n m\u00e9dica que ha desarrollado Mediktor y que permite optimizar recursos y mejorar la experiencia del paciente; la IA en la ense\u00f1anza y el aprendizaje de la mano de la empresa Adaptical; la IA y el lenguaje por parte de Nuclia, as\u00ed como un sistema de etiquetado inteligente que ha presentado DiveTech.<\/p>\n<p>El congreso sobre Inteligencia Artificial y Big Data en el sector empresarial, organizado por el Centre of Innovation for Data Tech and Artificial Intelligence (CIDAI) y el centro tecnol\u00f3gico Eurecat, en el marco de la Estrategia de Inteligencia Artificial de Catalunya CATALONIA AI, tiene el patrocinio de la Generalitat de Catalunya, CaixaBank Tech, Huawei, NTT DATA, SAP, Softeng, M47 Labs y Tokiota. El AI &amp; Big Data Congress cuenta con la colaboraci\u00f3n del Ayuntamiento de Barcelona, el Barcelona Supercomputing Center, el Centro de Visi\u00f3n por Computador, la Fundaci\u00f3n i2CAT, el Intelligent Data Science and Artificial Intelligence Research Center (IDEAI) de la Universidad Polit\u00e9cnica de Catalunya &#8211; BarcelonaTech (UPC), Microsoft y SDG Group.<\/p>\n<p>El CIDAI promueve la generaci\u00f3n, validaci\u00f3n y transferencia de tecnolog\u00edas de Inteligencia Artificial fiable de alto valor a\u00f1adido para fomentar la adopci\u00f3n e innovaci\u00f3n tecnol\u00f3gica en los sectores estrat\u00e9gicos del pa\u00eds y sus empresas e instituciones, as\u00ed como la diseminaci\u00f3n de estas tecnolog\u00edas y buenas pr\u00e1cticas en la sociedad en general.<\/p>\n<\/div><\/div><\/div><\/div><\/div>\n","protected":false},"excerpt":{"rendered":"","protected":false},"author":12,"featured_media":140590,"comment_status":"open","ping_status":"closed","sticky":false,"template":"","format":"standard","meta":{"footnotes":""},"categories":[395,392,702,134,2289],"tags":[],"class_list":["post-140584","post","type-post","status-publish","format-standard","has-post-thumbnail","hentry","category-data-science-es","category-big-data-analytics","category-eventos","category-notas-de-prensa","category-tic-es"],"yoast_head":"<!-- This site is optimized with the Yoast SEO plugin v27.4 - https:\/\/yoast.com\/product\/yoast-seo-wordpress\/ -->\n<title>El AI &amp; Big Data Congress subraya el \u201csuperpoder\u201d de la inteligencia artificial para impulsar la competitividad empresarial - Eurecat<\/title>\n<meta name=\"robots\" content=\"index, follow, max-snippet:-1, max-image-preview:large, max-video-preview:-1\" \/>\n<link rel=\"canonical\" href=\"https:\/\/eurecat.org\/es\/el-ai-big-data-congress-subraya-el-superpoder-de-la-inteligencia-artificial-para-impulsar-la-competitividad-empresarial\/\" \/>\n<meta property=\"og:locale\" content=\"es_ES\" \/>\n<meta property=\"og:type\" content=\"article\" \/>\n<meta property=\"og:title\" content=\"El AI &amp; Big Data Congress subraya el \u201csuperpoder\u201d de la inteligencia artificial para impulsar la competitividad empresarial - Eurecat\" \/>\n<meta property=\"og:url\" content=\"https:\/\/eurecat.org\/es\/el-ai-big-data-congress-subraya-el-superpoder-de-la-inteligencia-artificial-para-impulsar-la-competitividad-empresarial\/\" \/>\n<meta property=\"og:site_name\" content=\"Eurecat\" \/>\n<meta property=\"article:published_time\" content=\"2023-09-27T13:00:10+00:00\" \/>\n<meta property=\"article:modified_time\" content=\"2023-09-28T13:05:21+00:00\" \/>\n<meta property=\"og:image\" content=\"https:\/\/eurecat.org\/wp-content\/uploads\/2023\/09\/AIBigDataCongress_InmaMartinez_800px.jpg\" \/>\n\t<meta property=\"og:image:width\" content=\"800\" \/>\n\t<meta property=\"og:image:height\" content=\"497\" \/>\n\t<meta property=\"og:image:type\" content=\"image\/jpeg\" \/>\n<meta name=\"author\" content=\"EurecatEG\" \/>\n<meta name=\"twitter:card\" content=\"summary_large_image\" \/>\n<meta name=\"twitter:label1\" content=\"Escrito por\" \/>\n\t<meta name=\"twitter:data1\" content=\"EurecatEG\" \/>\n\t<meta name=\"twitter:label2\" content=\"Tiempo de lectura\" \/>\n\t<meta name=\"twitter:data2\" content=\"7 minutos\" \/>\n<script type=\"application\/ld+json\" class=\"yoast-schema-graph\">{\"@context\":\"https:\\\/\\\/schema.org\",\"@graph\":[{\"@type\":\"Article\",\"@id\":\"https:\\\/\\\/eurecat.org\\\/es\\\/el-ai-big-data-congress-subraya-el-superpoder-de-la-inteligencia-artificial-para-impulsar-la-competitividad-empresarial\\\/#article\",\"isPartOf\":{\"@id\":\"https:\\\/\\\/eurecat.org\\\/es\\\/el-ai-big-data-congress-subraya-el-superpoder-de-la-inteligencia-artificial-para-impulsar-la-competitividad-empresarial\\\/\"},\"author\":{\"name\":\"EurecatEG\",\"@id\":\"https:\\\/\\\/eurecat.org\\\/es\\\/#\\\/schema\\\/person\\\/def9217eded50ee57a9dc4cf0c883f80\"},\"headline\":\"El AI &#038; Big Data Congress subraya el \u201csuperpoder\u201d de la inteligencia artificial para impulsar la competitividad empresarial\",\"datePublished\":\"2023-09-27T13:00:10+00:00\",\"dateModified\":\"2023-09-28T13:05:21+00:00\",\"mainEntityOfPage\":{\"@id\":\"https:\\\/\\\/eurecat.org\\\/es\\\/el-ai-big-data-congress-subraya-el-superpoder-de-la-inteligencia-artificial-para-impulsar-la-competitividad-empresarial\\\/\"},\"wordCount\":1552,\"commentCount\":0,\"image\":{\"@id\":\"https:\\\/\\\/eurecat.org\\\/es\\\/el-ai-big-data-congress-subraya-el-superpoder-de-la-inteligencia-artificial-para-impulsar-la-competitividad-empresarial\\\/#primaryimage\"},\"thumbnailUrl\":\"https:\\\/\\\/eurecat.org\\\/wp-content\\\/uploads\\\/2023\\\/09\\\/AIBigDataCongress_InmaMartinez_800px.jpg\",\"articleSection\":[\"Data Science\",\"Data Science &amp; Big Data Analytics\",\"Eventos\",\"Notas de prensa\",\"Tic\"],\"inLanguage\":\"es\",\"potentialAction\":[{\"@type\":\"CommentAction\",\"name\":\"Comment\",\"target\":[\"https:\\\/\\\/eurecat.org\\\/es\\\/el-ai-big-data-congress-subraya-el-superpoder-de-la-inteligencia-artificial-para-impulsar-la-competitividad-empresarial\\\/#respond\"]}]},{\"@type\":\"WebPage\",\"@id\":\"https:\\\/\\\/eurecat.org\\\/es\\\/el-ai-big-data-congress-subraya-el-superpoder-de-la-inteligencia-artificial-para-impulsar-la-competitividad-empresarial\\\/\",\"url\":\"https:\\\/\\\/eurecat.org\\\/es\\\/el-ai-big-data-congress-subraya-el-superpoder-de-la-inteligencia-artificial-para-impulsar-la-competitividad-empresarial\\\/\",\"name\":\"El AI & Big Data Congress subraya el \u201csuperpoder\u201d de la inteligencia artificial para impulsar la competitividad empresarial - Eurecat\",\"isPartOf\":{\"@id\":\"https:\\\/\\\/eurecat.org\\\/es\\\/#website\"},\"primaryImageOfPage\":{\"@id\":\"https:\\\/\\\/eurecat.org\\\/es\\\/el-ai-big-data-congress-subraya-el-superpoder-de-la-inteligencia-artificial-para-impulsar-la-competitividad-empresarial\\\/#primaryimage\"},\"image\":{\"@id\":\"https:\\\/\\\/eurecat.org\\\/es\\\/el-ai-big-data-congress-subraya-el-superpoder-de-la-inteligencia-artificial-para-impulsar-la-competitividad-empresarial\\\/#primaryimage\"},\"thumbnailUrl\":\"https:\\\/\\\/eurecat.org\\\/wp-content\\\/uploads\\\/2023\\\/09\\\/AIBigDataCongress_InmaMartinez_800px.jpg\",\"datePublished\":\"2023-09-27T13:00:10+00:00\",\"dateModified\":\"2023-09-28T13:05:21+00:00\",\"author\":{\"@id\":\"https:\\\/\\\/eurecat.org\\\/es\\\/#\\\/schema\\\/person\\\/def9217eded50ee57a9dc4cf0c883f80\"},\"breadcrumb\":{\"@id\":\"https:\\\/\\\/eurecat.org\\\/es\\\/el-ai-big-data-congress-subraya-el-superpoder-de-la-inteligencia-artificial-para-impulsar-la-competitividad-empresarial\\\/#breadcrumb\"},\"inLanguage\":\"es\",\"potentialAction\":[{\"@type\":\"ReadAction\",\"target\":[\"https:\\\/\\\/eurecat.org\\\/es\\\/el-ai-big-data-congress-subraya-el-superpoder-de-la-inteligencia-artificial-para-impulsar-la-competitividad-empresarial\\\/\"]}]},{\"@type\":\"ImageObject\",\"inLanguage\":\"es\",\"@id\":\"https:\\\/\\\/eurecat.org\\\/es\\\/el-ai-big-data-congress-subraya-el-superpoder-de-la-inteligencia-artificial-para-impulsar-la-competitividad-empresarial\\\/#primaryimage\",\"url\":\"https:\\\/\\\/eurecat.org\\\/wp-content\\\/uploads\\\/2023\\\/09\\\/AIBigDataCongress_InmaMartinez_800px.jpg\",\"contentUrl\":\"https:\\\/\\\/eurecat.org\\\/wp-content\\\/uploads\\\/2023\\\/09\\\/AIBigDataCongress_InmaMartinez_800px.jpg\",\"width\":800,\"height\":497,\"caption\":\"ai big data congress\"},{\"@type\":\"BreadcrumbList\",\"@id\":\"https:\\\/\\\/eurecat.org\\\/es\\\/el-ai-big-data-congress-subraya-el-superpoder-de-la-inteligencia-artificial-para-impulsar-la-competitividad-empresarial\\\/#breadcrumb\",\"itemListElement\":[{\"@type\":\"ListItem\",\"position\":1,\"name\":\"Inici\",\"item\":\"https:\\\/\\\/eurecat.org\\\/es\\\/\"},{\"@type\":\"ListItem\",\"position\":2,\"name\":\"El AI &#038; Big Data Congress subraya el \u201csuperpoder\u201d de la inteligencia artificial para impulsar la competitividad empresarial\"}]},{\"@type\":\"WebSite\",\"@id\":\"https:\\\/\\\/eurecat.org\\\/es\\\/#website\",\"url\":\"https:\\\/\\\/eurecat.org\\\/es\\\/\",\"name\":\"Eurecat\",\"description\":\"Otro sitio realizado con WordPress\",\"potentialAction\":[{\"@type\":\"SearchAction\",\"target\":{\"@type\":\"EntryPoint\",\"urlTemplate\":\"https:\\\/\\\/eurecat.org\\\/es\\\/?s={search_term_string}\"},\"query-input\":{\"@type\":\"PropertyValueSpecification\",\"valueRequired\":true,\"valueName\":\"search_term_string\"}}],\"inLanguage\":\"es\"},{\"@type\":\"Person\",\"@id\":\"https:\\\/\\\/eurecat.org\\\/es\\\/#\\\/schema\\\/person\\\/def9217eded50ee57a9dc4cf0c883f80\",\"name\":\"EurecatEG\",\"image\":{\"@type\":\"ImageObject\",\"inLanguage\":\"es\",\"@id\":\"https:\\\/\\\/secure.gravatar.com\\\/avatar\\\/f40dd9b6ecd3e5c591f3c9b033e495ee0ec9877ba77249fbf268b3889350c824?s=96&d=mm&r=g\",\"url\":\"https:\\\/\\\/secure.gravatar.com\\\/avatar\\\/f40dd9b6ecd3e5c591f3c9b033e495ee0ec9877ba77249fbf268b3889350c824?s=96&d=mm&r=g\",\"contentUrl\":\"https:\\\/\\\/secure.gravatar.com\\\/avatar\\\/f40dd9b6ecd3e5c591f3c9b033e495ee0ec9877ba77249fbf268b3889350c824?s=96&d=mm&r=g\",\"caption\":\"EurecatEG\"}}]}<\/script>\n<!-- \/ Yoast SEO plugin. -->","yoast_head_json":{"title":"El AI & Big Data Congress subraya el \u201csuperpoder\u201d de la inteligencia artificial para impulsar la competitividad empresarial - Eurecat","robots":{"index":"index","follow":"follow","max-snippet":"max-snippet:-1","max-image-preview":"max-image-preview:large","max-video-preview":"max-video-preview:-1"},"canonical":"https:\/\/eurecat.org\/es\/el-ai-big-data-congress-subraya-el-superpoder-de-la-inteligencia-artificial-para-impulsar-la-competitividad-empresarial\/","og_locale":"es_ES","og_type":"article","og_title":"El AI & Big Data Congress subraya el \u201csuperpoder\u201d de la inteligencia artificial para impulsar la competitividad empresarial - Eurecat","og_url":"https:\/\/eurecat.org\/es\/el-ai-big-data-congress-subraya-el-superpoder-de-la-inteligencia-artificial-para-impulsar-la-competitividad-empresarial\/","og_site_name":"Eurecat","article_published_time":"2023-09-27T13:00:10+00:00","article_modified_time":"2023-09-28T13:05:21+00:00","og_image":[{"width":800,"height":497,"url":"https:\/\/eurecat.org\/wp-content\/uploads\/2023\/09\/AIBigDataCongress_InmaMartinez_800px.jpg","type":"image\/jpeg"}],"author":"EurecatEG","twitter_card":"summary_large_image","twitter_misc":{"Escrito por":"EurecatEG","Tiempo de lectura":"7 minutos"},"schema":{"@context":"https:\/\/schema.org","@graph":[{"@type":"Article","@id":"https:\/\/eurecat.org\/es\/el-ai-big-data-congress-subraya-el-superpoder-de-la-inteligencia-artificial-para-impulsar-la-competitividad-empresarial\/#article","isPartOf":{"@id":"https:\/\/eurecat.org\/es\/el-ai-big-data-congress-subraya-el-superpoder-de-la-inteligencia-artificial-para-impulsar-la-competitividad-empresarial\/"},"author":{"name":"EurecatEG","@id":"https:\/\/eurecat.org\/es\/#\/schema\/person\/def9217eded50ee57a9dc4cf0c883f80"},"headline":"El AI &#038; Big Data Congress subraya el \u201csuperpoder\u201d de la inteligencia artificial para impulsar la competitividad empresarial","datePublished":"2023-09-27T13:00:10+00:00","dateModified":"2023-09-28T13:05:21+00:00","mainEntityOfPage":{"@id":"https:\/\/eurecat.org\/es\/el-ai-big-data-congress-subraya-el-superpoder-de-la-inteligencia-artificial-para-impulsar-la-competitividad-empresarial\/"},"wordCount":1552,"commentCount":0,"image":{"@id":"https:\/\/eurecat.org\/es\/el-ai-big-data-congress-subraya-el-superpoder-de-la-inteligencia-artificial-para-impulsar-la-competitividad-empresarial\/#primaryimage"},"thumbnailUrl":"https:\/\/eurecat.org\/wp-content\/uploads\/2023\/09\/AIBigDataCongress_InmaMartinez_800px.jpg","articleSection":["Data Science","Data Science &amp; Big Data Analytics","Eventos","Notas de prensa","Tic"],"inLanguage":"es","potentialAction":[{"@type":"CommentAction","name":"Comment","target":["https:\/\/eurecat.org\/es\/el-ai-big-data-congress-subraya-el-superpoder-de-la-inteligencia-artificial-para-impulsar-la-competitividad-empresarial\/#respond"]}]},{"@type":"WebPage","@id":"https:\/\/eurecat.org\/es\/el-ai-big-data-congress-subraya-el-superpoder-de-la-inteligencia-artificial-para-impulsar-la-competitividad-empresarial\/","url":"https:\/\/eurecat.org\/es\/el-ai-big-data-congress-subraya-el-superpoder-de-la-inteligencia-artificial-para-impulsar-la-competitividad-empresarial\/","name":"El AI & Big Data Congress subraya el \u201csuperpoder\u201d de la inteligencia artificial para impulsar la competitividad empresarial - Eurecat","isPartOf":{"@id":"https:\/\/eurecat.org\/es\/#website"},"primaryImageOfPage":{"@id":"https:\/\/eurecat.org\/es\/el-ai-big-data-congress-subraya-el-superpoder-de-la-inteligencia-artificial-para-impulsar-la-competitividad-empresarial\/#primaryimage"},"image":{"@id":"https:\/\/eurecat.org\/es\/el-ai-big-data-congress-subraya-el-superpoder-de-la-inteligencia-artificial-para-impulsar-la-competitividad-empresarial\/#primaryimage"},"thumbnailUrl":"https:\/\/eurecat.org\/wp-content\/uploads\/2023\/09\/AIBigDataCongress_InmaMartinez_800px.jpg","datePublished":"2023-09-27T13:00:10+00:00","dateModified":"2023-09-28T13:05:21+00:00","author":{"@id":"https:\/\/eurecat.org\/es\/#\/schema\/person\/def9217eded50ee57a9dc4cf0c883f80"},"breadcrumb":{"@id":"https:\/\/eurecat.org\/es\/el-ai-big-data-congress-subraya-el-superpoder-de-la-inteligencia-artificial-para-impulsar-la-competitividad-empresarial\/#breadcrumb"},"inLanguage":"es","potentialAction":[{"@type":"ReadAction","target":["https:\/\/eurecat.org\/es\/el-ai-big-data-congress-subraya-el-superpoder-de-la-inteligencia-artificial-para-impulsar-la-competitividad-empresarial\/"]}]},{"@type":"ImageObject","inLanguage":"es","@id":"https:\/\/eurecat.org\/es\/el-ai-big-data-congress-subraya-el-superpoder-de-la-inteligencia-artificial-para-impulsar-la-competitividad-empresarial\/#primaryimage","url":"https:\/\/eurecat.org\/wp-content\/uploads\/2023\/09\/AIBigDataCongress_InmaMartinez_800px.jpg","contentUrl":"https:\/\/eurecat.org\/wp-content\/uploads\/2023\/09\/AIBigDataCongress_InmaMartinez_800px.jpg","width":800,"height":497,"caption":"ai big data congress"},{"@type":"BreadcrumbList","@id":"https:\/\/eurecat.org\/es\/el-ai-big-data-congress-subraya-el-superpoder-de-la-inteligencia-artificial-para-impulsar-la-competitividad-empresarial\/#breadcrumb","itemListElement":[{"@type":"ListItem","position":1,"name":"Inici","item":"https:\/\/eurecat.org\/es\/"},{"@type":"ListItem","position":2,"name":"El AI &#038; Big Data Congress subraya el \u201csuperpoder\u201d de la inteligencia artificial para impulsar la competitividad empresarial"}]},{"@type":"WebSite","@id":"https:\/\/eurecat.org\/es\/#website","url":"https:\/\/eurecat.org\/es\/","name":"Eurecat","description":"Otro sitio realizado con WordPress","potentialAction":[{"@type":"SearchAction","target":{"@type":"EntryPoint","urlTemplate":"https:\/\/eurecat.org\/es\/?s={search_term_string}"},"query-input":{"@type":"PropertyValueSpecification","valueRequired":true,"valueName":"search_term_string"}}],"inLanguage":"es"},{"@type":"Person","@id":"https:\/\/eurecat.org\/es\/#\/schema\/person\/def9217eded50ee57a9dc4cf0c883f80","name":"EurecatEG","image":{"@type":"ImageObject","inLanguage":"es","@id":"https:\/\/secure.gravatar.com\/avatar\/f40dd9b6ecd3e5c591f3c9b033e495ee0ec9877ba77249fbf268b3889350c824?s=96&d=mm&r=g","url":"https:\/\/secure.gravatar.com\/avatar\/f40dd9b6ecd3e5c591f3c9b033e495ee0ec9877ba77249fbf268b3889350c824?s=96&d=mm&r=g","contentUrl":"https:\/\/secure.gravatar.com\/avatar\/f40dd9b6ecd3e5c591f3c9b033e495ee0ec9877ba77249fbf268b3889350c824?s=96&d=mm&r=g","caption":"EurecatEG"}}]}},"_links":{"self":[{"href":"https:\/\/eurecat.org\/es\/wp-json\/wp\/v2\/posts\/140584","targetHints":{"allow":["GET"]}}],"collection":[{"href":"https:\/\/eurecat.org\/es\/wp-json\/wp\/v2\/posts"}],"about":[{"href":"https:\/\/eurecat.org\/es\/wp-json\/wp\/v2\/types\/post"}],"author":[{"embeddable":true,"href":"https:\/\/eurecat.org\/es\/wp-json\/wp\/v2\/users\/12"}],"replies":[{"embeddable":true,"href":"https:\/\/eurecat.org\/es\/wp-json\/wp\/v2\/comments?post=140584"}],"version-history":[{"count":1,"href":"https:\/\/eurecat.org\/es\/wp-json\/wp\/v2\/posts\/140584\/revisions"}],"predecessor-version":[{"id":140593,"href":"https:\/\/eurecat.org\/es\/wp-json\/wp\/v2\/posts\/140584\/revisions\/140593"}],"wp:featuredmedia":[{"embeddable":true,"href":"https:\/\/eurecat.org\/es\/wp-json\/wp\/v2\/media\/140590"}],"wp:attachment":[{"href":"https:\/\/eurecat.org\/es\/wp-json\/wp\/v2\/media?parent=140584"}],"wp:term":[{"taxonomy":"category","embeddable":true,"href":"https:\/\/eurecat.org\/es\/wp-json\/wp\/v2\/categories?post=140584"},{"taxonomy":"post_tag","embeddable":true,"href":"https:\/\/eurecat.org\/es\/wp-json\/wp\/v2\/tags?post=140584"}],"curies":[{"name":"wp","href":"https:\/\/api.w.org\/{rel}","templated":true}]}}