{"id":140769,"date":"2023-10-03T10:19:58","date_gmt":"2023-10-03T08:19:58","guid":{"rendered":"https:\/\/eurecat.org\/?p=140769"},"modified":"2023-10-03T10:46:20","modified_gmt":"2023-10-03T08:46:20","slug":"compromiso-con-las-personas-la-innovacion-y-la-industria","status":"publish","type":"post","link":"https:\/\/eurecat.org\/es\/compromiso-con-las-personas-la-innovacion-y-la-industria\/","title":{"rendered":"Compromiso con las personas, la innovaci\u00f3n y la industria"},"content":{"rendered":"<div class=\"fusion-fullwidth fullwidth-box fusion-builder-row-1 fusion-flex-container has-pattern-background has-mask-background nonhundred-percent-fullwidth non-hundred-percent-height-scrolling\" style=\"--awb-border-radius-top-left:0px;--awb-border-radius-top-right:0px;--awb-border-radius-bottom-right:0px;--awb-border-radius-bottom-left:0px;--awb-flex-wrap:wrap;\" ><div class=\"fusion-builder-row fusion-row fusion-flex-align-items-flex-start fusion-flex-content-wrap\" style=\"max-width:1424.8px;margin-left: calc(-4% \/ 2 );margin-right: calc(-4% \/ 2 );\"><div class=\"fusion-layout-column fusion_builder_column fusion-builder-column-0 fusion_builder_column_1_1 1_1 fusion-flex-column\" style=\"--awb-bg-size:cover;--awb-width-large:100%;--awb-margin-top-large:0px;--awb-spacing-right-large:1.92%;--awb-margin-bottom-large:20px;--awb-spacing-left-large:1.92%;--awb-width-medium:100%;--awb-order-medium:0;--awb-spacing-right-medium:1.92%;--awb-spacing-left-medium:1.92%;--awb-width-small:100%;--awb-order-small:0;--awb-spacing-right-small:1.92%;--awb-spacing-left-small:1.92%;\"><div class=\"fusion-column-wrapper fusion-column-has-shadow fusion-flex-justify-content-flex-start fusion-content-layout-column\"><div class=\"fusion-text fusion-text-1\"><p><img decoding=\"async\" class=\"wp-image-140773 size-fusion-400 alignleft\" src=\"https:\/\/eurecat.org\/wp-content\/uploads\/2023\/10\/DanielAltimiras_web-400x267.jpg\" alt=\"Daniel Altimiras\" width=\"400\" height=\"267\" srcset=\"https:\/\/eurecat.org\/wp-content\/uploads\/2023\/10\/DanielAltimiras_web-200x133.jpg 200w, https:\/\/eurecat.org\/wp-content\/uploads\/2023\/10\/DanielAltimiras_web-300x200.jpg 300w, https:\/\/eurecat.org\/wp-content\/uploads\/2023\/10\/DanielAltimiras_web-391x260.jpg 391w, https:\/\/eurecat.org\/wp-content\/uploads\/2023\/10\/DanielAltimiras_web-400x267.jpg 400w, https:\/\/eurecat.org\/wp-content\/uploads\/2023\/10\/DanielAltimiras_web-600x400.jpg 600w, https:\/\/eurecat.org\/wp-content\/uploads\/2023\/10\/DanielAltimiras_web-768x512.jpg 768w, https:\/\/eurecat.org\/wp-content\/uploads\/2023\/10\/DanielAltimiras_web-800x534.jpg 800w, https:\/\/eurecat.org\/wp-content\/uploads\/2023\/10\/DanielAltimiras_web.jpg 886w\" sizes=\"(max-width: 400px) 100vw, 400px\" \/><strong>Seguir trabajando en el impulso de la innovaci\u00f3n tecnol\u00f3gica orientada al crecimiento y al impacto en la competitividad de la empresa y el bienestar de la sociedad<\/strong>, en una \u00e9poca marcada por grandes retos econ\u00f3micos, sociales y medioambientales y <strong>seguir haciendo de Eurecat un referente en la transferencia de tecnolog\u00eda, con el fin de arraigar la industria en el territorio y generar empleo de calidad.<\/strong> \u00c9sta <strong>es la filosof\u00eda que enmarca el relevo en la Presidencia de Eurecat<\/strong>, que es desde hace ocho a\u00f1os el aliado del tejido econ\u00f3mico y social catal\u00e1n para competir en un mercado global exigente, donde es importante ser fuerte en tecnolog\u00eda e innovaci\u00f3n, punto donde ha sido clave la huella de mi predecesor Xavier Torra, que ha logrado un gran \u00e9xito en la consolidaci\u00f3n de Eurecat como centro tecnol\u00f3gico de referencia en Catalunya y a nivel estatal y europeo.<\/p>\n<p>Para avanzar en este horizonte, desde el compromiso con las personas, la innovaci\u00f3n y la industria, todo el equipo seguiremos pensando intensamente en nuevas formas de innovar y de hacer las cosas mejor, para mejorar la soberan\u00eda tecnol\u00f3gica e industrial, junto con todo el ecosistema de innovaci\u00f3n. Queremos <strong>ser cada vez m\u00e1s el referente en I+D+i para las empresas, convirti\u00e9ndose en su departamento de I+D externo<\/strong>, as\u00ed como de las administraciones p\u00fablicas. Con este prop\u00f3sito, <strong>continuaremos tambi\u00e9n profundizando en los pilares estrat\u00e9gicos y diferenciales de Eurecat, que son la apuesta por el talento, la integraci\u00f3n de tecnolog\u00edas y disciplinas, la capilaridad territorial y la proximidad, y las alianzas con otros agentes del ecosistema de innovaci\u00f3n<\/strong>, adem\u00e1s de promover una gobernanza participativa y cercana a los intereses y demandas empresariales y sociales.<\/p>\n<p>Desde el punto de vista global, estamos inmersos en una importante transformaci\u00f3n que implica cambios en los modelos de negocio y en la capacidad de las empresas y de la sociedad de generar valor y ser sostenibles, donde la tecnolog\u00eda y la innovaci\u00f3n desempe\u00f1an un papel primordial. Desde este \u00e1ngulo, Eurecat ofrece a las empresas soluciones en las que la hibridaci\u00f3n de tecnolog\u00edas es clave para afrontar los nuevos retos. <strong>Somos un equipo de m\u00e1s de 750 profesionales que damos servicio a m\u00e1s de 2.000 empresas, a las que ayudamos a optimizar sus procesos de producci\u00f3n, a mejorar sus productos y a crear otros nuevos<\/strong>. En este sentido, generamos un volumen de ingresos superior a los 55 millones de euros anuales, si bien lo importante es el valor que generamos para las empresas. Adem\u00e1s, participamos en 200 grandes proyectos consorciados de I+D+i nacionales e internacionales de alto valor estrat\u00e9gico y contamos con 181 patentes y 10 spin-off.<\/p>\n<p>Todos <strong>estos conocimientos los dedicamos a aportar innovaci\u00f3n tecnol\u00f3gica a la empresa, a partir de capacidades l\u00edderes en las \u00e1reas industrial, digital, biotecnol\u00f3gica y en sostenibilidad, con especial atenci\u00f3n a los efectos del cambio clim\u00e1tico.<\/strong> Y as\u00ed lo acreditan la selecci\u00f3n de temas que recogemos en este newsletter, que van desde la reciente presentaci\u00f3n en Eurecat Cerdanyola del <strong>programa de Formaci\u00f3n de Oferta en \u00c1reas Prioritarias<\/strong> impulsado por el SOC por parte del presidente de la Generalitat hasta <strong>la inauguraci\u00f3n del 3Digital Manufacturing Lab (3DML)<\/strong>, un nuevo espacio de colaboraci\u00f3n para impulsar las tecnolog\u00edas de fabricaci\u00f3n digital y la impresi\u00f3n 3D en Girona.<\/p>\n<p>Tambi\u00e9n encontrar\u00e1 informaciones sobre la startup <strong>Dipneo<\/strong>, que desarrollar\u00e1 y comercializar\u00e1 un dispositivo m\u00e9dico aut\u00f3nomo para facilitar la supervivencia ante una parada cardiorrespiratoria; el proyecto que <strong>Cyclo-Vidre<\/strong>, enfocado a la econom\u00eda circular, y sobre la celebraci\u00f3n del <strong>AI &amp; Big Data Congress<\/strong> y del <strong>Forum TurisTIC<\/strong>. Otros contenidos hablan del consorcio <strong>Bioresilmed<\/strong> para fomentar la bioeconom\u00eda y la resiliencia clim\u00e1tica, el ensayo de un sistema de transporte de materiales con <strong>drones para la automoci\u00f3n<\/strong>, el impulso a la producci\u00f3n en cadena de dispositivos electr\u00f3nicos impresos mediante <strong>plastr\u00f3nica<\/strong> y la consolidaci\u00f3n del liderazgo del <strong>Centro de Ciencias \u00d3micas<\/strong> en su campo de especializaci\u00f3n.<\/p>\n<p><strong>Daniel Altimiras<br \/>\n<\/strong><strong>Presidente de Eurecat<\/strong><\/p>\n<\/div><\/div><\/div><\/div><\/div>\n","protected":false},"excerpt":{"rendered":"","protected":false},"author":20,"featured_media":140773,"comment_status":"closed","ping_status":"closed","sticky":false,"template":"","format":"standard","meta":{"footnotes":""},"categories":[133,2217],"tags":[],"class_list":["post-140769","post","type-post","status-publish","format-standard","has-post-thumbnail","hentry","category-blog","category-editorial"],"yoast_head":"<!-- This site is optimized with the Yoast SEO plugin v27.5 - https:\/\/yoast.com\/product\/yoast-seo-wordpress\/ -->\n<title>Compromiso con las personas, la innovaci\u00f3n y la industria - Eurecat<\/title>\n<meta name=\"robots\" content=\"index, follow, max-snippet:-1, max-image-preview:large, max-video-preview:-1\" \/>\n<link rel=\"canonical\" href=\"https:\/\/eurecat.org\/es\/compromiso-con-las-personas-la-innovacion-y-la-industria\/\" \/>\n<meta property=\"og:locale\" content=\"es_ES\" \/>\n<meta property=\"og:type\" content=\"article\" \/>\n<meta property=\"og:title\" content=\"Compromiso con las personas, la innovaci\u00f3n y la industria - Eurecat\" \/>\n<meta property=\"og:url\" content=\"https:\/\/eurecat.org\/es\/compromiso-con-las-personas-la-innovacion-y-la-industria\/\" \/>\n<meta property=\"og:site_name\" content=\"Eurecat\" \/>\n<meta property=\"article:published_time\" content=\"2023-10-03T08:19:58+00:00\" \/>\n<meta property=\"article:modified_time\" content=\"2023-10-03T08:46:20+00:00\" \/>\n<meta property=\"og:image\" content=\"https:\/\/eurecat.org\/wp-content\/uploads\/2023\/10\/DanielAltimiras_web.jpg\" \/>\n\t<meta property=\"og:image:width\" content=\"886\" \/>\n\t<meta property=\"og:image:height\" content=\"591\" \/>\n\t<meta property=\"og:image:type\" content=\"image\/jpeg\" \/>\n<meta name=\"author\" content=\"EurecatEQZ\" \/>\n<meta name=\"twitter:card\" content=\"summary_large_image\" \/>\n<meta name=\"twitter:label1\" content=\"Escrito por\" \/>\n\t<meta name=\"twitter:data1\" content=\"EurecatEQZ\" \/>\n\t<meta name=\"twitter:label2\" content=\"Tiempo de lectura\" \/>\n\t<meta name=\"twitter:data2\" content=\"6 minutos\" \/>\n<script type=\"application\/ld+json\" class=\"yoast-schema-graph\">{\"@context\":\"https:\\\/\\\/schema.org\",\"@graph\":[{\"@type\":\"Article\",\"@id\":\"https:\\\/\\\/eurecat.org\\\/es\\\/compromiso-con-las-personas-la-innovacion-y-la-industria\\\/#article\",\"isPartOf\":{\"@id\":\"https:\\\/\\\/eurecat.org\\\/es\\\/compromiso-con-las-personas-la-innovacion-y-la-industria\\\/\"},\"author\":{\"name\":\"EurecatEQZ\",\"@id\":\"https:\\\/\\\/eurecat.org\\\/es\\\/#\\\/schema\\\/person\\\/99d4d39712001e7621b6867b27b40bed\"},\"headline\":\"Compromiso con las personas, la innovaci\u00f3n y la industria\",\"datePublished\":\"2023-10-03T08:19:58+00:00\",\"dateModified\":\"2023-10-03T08:46:20+00:00\",\"mainEntityOfPage\":{\"@id\":\"https:\\\/\\\/eurecat.org\\\/es\\\/compromiso-con-las-personas-la-innovacion-y-la-industria\\\/\"},\"wordCount\":1672,\"image\":{\"@id\":\"https:\\\/\\\/eurecat.org\\\/es\\\/compromiso-con-las-personas-la-innovacion-y-la-industria\\\/#primaryimage\"},\"thumbnailUrl\":\"https:\\\/\\\/eurecat.org\\\/wp-content\\\/uploads\\\/2023\\\/10\\\/DanielAltimiras_web.jpg\",\"articleSection\":[\"Blog\",\"Editorial\"],\"inLanguage\":\"es\"},{\"@type\":\"WebPage\",\"@id\":\"https:\\\/\\\/eurecat.org\\\/es\\\/compromiso-con-las-personas-la-innovacion-y-la-industria\\\/\",\"url\":\"https:\\\/\\\/eurecat.org\\\/es\\\/compromiso-con-las-personas-la-innovacion-y-la-industria\\\/\",\"name\":\"Compromiso con las personas, la innovaci\u00f3n y la industria - Eurecat\",\"isPartOf\":{\"@id\":\"https:\\\/\\\/eurecat.org\\\/es\\\/#website\"},\"primaryImageOfPage\":{\"@id\":\"https:\\\/\\\/eurecat.org\\\/es\\\/compromiso-con-las-personas-la-innovacion-y-la-industria\\\/#primaryimage\"},\"image\":{\"@id\":\"https:\\\/\\\/eurecat.org\\\/es\\\/compromiso-con-las-personas-la-innovacion-y-la-industria\\\/#primaryimage\"},\"thumbnailUrl\":\"https:\\\/\\\/eurecat.org\\\/wp-content\\\/uploads\\\/2023\\\/10\\\/DanielAltimiras_web.jpg\",\"datePublished\":\"2023-10-03T08:19:58+00:00\",\"dateModified\":\"2023-10-03T08:46:20+00:00\",\"author\":{\"@id\":\"https:\\\/\\\/eurecat.org\\\/es\\\/#\\\/schema\\\/person\\\/99d4d39712001e7621b6867b27b40bed\"},\"breadcrumb\":{\"@id\":\"https:\\\/\\\/eurecat.org\\\/es\\\/compromiso-con-las-personas-la-innovacion-y-la-industria\\\/#breadcrumb\"},\"inLanguage\":\"es\",\"potentialAction\":[{\"@type\":\"ReadAction\",\"target\":[\"https:\\\/\\\/eurecat.org\\\/es\\\/compromiso-con-las-personas-la-innovacion-y-la-industria\\\/\"]}]},{\"@type\":\"ImageObject\",\"inLanguage\":\"es\",\"@id\":\"https:\\\/\\\/eurecat.org\\\/es\\\/compromiso-con-las-personas-la-innovacion-y-la-industria\\\/#primaryimage\",\"url\":\"https:\\\/\\\/eurecat.org\\\/wp-content\\\/uploads\\\/2023\\\/10\\\/DanielAltimiras_web.jpg\",\"contentUrl\":\"https:\\\/\\\/eurecat.org\\\/wp-content\\\/uploads\\\/2023\\\/10\\\/DanielAltimiras_web.jpg\",\"width\":886,\"height\":591,\"caption\":\"Daniel Altimiras\"},{\"@type\":\"BreadcrumbList\",\"@id\":\"https:\\\/\\\/eurecat.org\\\/es\\\/compromiso-con-las-personas-la-innovacion-y-la-industria\\\/#breadcrumb\",\"itemListElement\":[{\"@type\":\"ListItem\",\"position\":1,\"name\":\"Inici\",\"item\":\"https:\\\/\\\/eurecat.org\\\/es\\\/\"},{\"@type\":\"ListItem\",\"position\":2,\"name\":\"Compromiso con las personas, la innovaci\u00f3n y la industria\"}]},{\"@type\":\"WebSite\",\"@id\":\"https:\\\/\\\/eurecat.org\\\/es\\\/#website\",\"url\":\"https:\\\/\\\/eurecat.org\\\/es\\\/\",\"name\":\"Eurecat\",\"description\":\"Otro sitio realizado con WordPress\",\"potentialAction\":[{\"@type\":\"SearchAction\",\"target\":{\"@type\":\"EntryPoint\",\"urlTemplate\":\"https:\\\/\\\/eurecat.org\\\/es\\\/?s={search_term_string}\"},\"query-input\":{\"@type\":\"PropertyValueSpecification\",\"valueRequired\":true,\"valueName\":\"search_term_string\"}}],\"inLanguage\":\"es\"},{\"@type\":\"Person\",\"@id\":\"https:\\\/\\\/eurecat.org\\\/es\\\/#\\\/schema\\\/person\\\/99d4d39712001e7621b6867b27b40bed\",\"name\":\"EurecatEQZ\",\"image\":{\"@type\":\"ImageObject\",\"inLanguage\":\"es\",\"@id\":\"https:\\\/\\\/secure.gravatar.com\\\/avatar\\\/6deb26ca61bcc34263c59cc62bb8b08ff90b67af7f99943babf5d86396845993?s=96&d=mm&r=g\",\"url\":\"https:\\\/\\\/secure.gravatar.com\\\/avatar\\\/6deb26ca61bcc34263c59cc62bb8b08ff90b67af7f99943babf5d86396845993?s=96&d=mm&r=g\",\"contentUrl\":\"https:\\\/\\\/secure.gravatar.com\\\/avatar\\\/6deb26ca61bcc34263c59cc62bb8b08ff90b67af7f99943babf5d86396845993?s=96&d=mm&r=g\",\"caption\":\"EurecatEQZ\"}}]}<\/script>\n<!-- \/ Yoast SEO plugin. -->","yoast_head_json":{"title":"Compromiso con las personas, la innovaci\u00f3n y la industria - Eurecat","robots":{"index":"index","follow":"follow","max-snippet":"max-snippet:-1","max-image-preview":"max-image-preview:large","max-video-preview":"max-video-preview:-1"},"canonical":"https:\/\/eurecat.org\/es\/compromiso-con-las-personas-la-innovacion-y-la-industria\/","og_locale":"es_ES","og_type":"article","og_title":"Compromiso con las personas, la innovaci\u00f3n y la industria - Eurecat","og_url":"https:\/\/eurecat.org\/es\/compromiso-con-las-personas-la-innovacion-y-la-industria\/","og_site_name":"Eurecat","article_published_time":"2023-10-03T08:19:58+00:00","article_modified_time":"2023-10-03T08:46:20+00:00","og_image":[{"width":886,"height":591,"url":"https:\/\/eurecat.org\/wp-content\/uploads\/2023\/10\/DanielAltimiras_web.jpg","type":"image\/jpeg"}],"author":"EurecatEQZ","twitter_card":"summary_large_image","twitter_misc":{"Escrito por":"EurecatEQZ","Tiempo de lectura":"6 minutos"},"schema":{"@context":"https:\/\/schema.org","@graph":[{"@type":"Article","@id":"https:\/\/eurecat.org\/es\/compromiso-con-las-personas-la-innovacion-y-la-industria\/#article","isPartOf":{"@id":"https:\/\/eurecat.org\/es\/compromiso-con-las-personas-la-innovacion-y-la-industria\/"},"author":{"name":"EurecatEQZ","@id":"https:\/\/eurecat.org\/es\/#\/schema\/person\/99d4d39712001e7621b6867b27b40bed"},"headline":"Compromiso con las personas, la innovaci\u00f3n y la industria","datePublished":"2023-10-03T08:19:58+00:00","dateModified":"2023-10-03T08:46:20+00:00","mainEntityOfPage":{"@id":"https:\/\/eurecat.org\/es\/compromiso-con-las-personas-la-innovacion-y-la-industria\/"},"wordCount":1672,"image":{"@id":"https:\/\/eurecat.org\/es\/compromiso-con-las-personas-la-innovacion-y-la-industria\/#primaryimage"},"thumbnailUrl":"https:\/\/eurecat.org\/wp-content\/uploads\/2023\/10\/DanielAltimiras_web.jpg","articleSection":["Blog","Editorial"],"inLanguage":"es"},{"@type":"WebPage","@id":"https:\/\/eurecat.org\/es\/compromiso-con-las-personas-la-innovacion-y-la-industria\/","url":"https:\/\/eurecat.org\/es\/compromiso-con-las-personas-la-innovacion-y-la-industria\/","name":"Compromiso con las personas, la innovaci\u00f3n y la industria - Eurecat","isPartOf":{"@id":"https:\/\/eurecat.org\/es\/#website"},"primaryImageOfPage":{"@id":"https:\/\/eurecat.org\/es\/compromiso-con-las-personas-la-innovacion-y-la-industria\/#primaryimage"},"image":{"@id":"https:\/\/eurecat.org\/es\/compromiso-con-las-personas-la-innovacion-y-la-industria\/#primaryimage"},"thumbnailUrl":"https:\/\/eurecat.org\/wp-content\/uploads\/2023\/10\/DanielAltimiras_web.jpg","datePublished":"2023-10-03T08:19:58+00:00","dateModified":"2023-10-03T08:46:20+00:00","author":{"@id":"https:\/\/eurecat.org\/es\/#\/schema\/person\/99d4d39712001e7621b6867b27b40bed"},"breadcrumb":{"@id":"https:\/\/eurecat.org\/es\/compromiso-con-las-personas-la-innovacion-y-la-industria\/#breadcrumb"},"inLanguage":"es","potentialAction":[{"@type":"ReadAction","target":["https:\/\/eurecat.org\/es\/compromiso-con-las-personas-la-innovacion-y-la-industria\/"]}]},{"@type":"ImageObject","inLanguage":"es","@id":"https:\/\/eurecat.org\/es\/compromiso-con-las-personas-la-innovacion-y-la-industria\/#primaryimage","url":"https:\/\/eurecat.org\/wp-content\/uploads\/2023\/10\/DanielAltimiras_web.jpg","contentUrl":"https:\/\/eurecat.org\/wp-content\/uploads\/2023\/10\/DanielAltimiras_web.jpg","width":886,"height":591,"caption":"Daniel Altimiras"},{"@type":"BreadcrumbList","@id":"https:\/\/eurecat.org\/es\/compromiso-con-las-personas-la-innovacion-y-la-industria\/#breadcrumb","itemListElement":[{"@type":"ListItem","position":1,"name":"Inici","item":"https:\/\/eurecat.org\/es\/"},{"@type":"ListItem","position":2,"name":"Compromiso con las personas, la innovaci\u00f3n y la industria"}]},{"@type":"WebSite","@id":"https:\/\/eurecat.org\/es\/#website","url":"https:\/\/eurecat.org\/es\/","name":"Eurecat","description":"Otro sitio realizado con WordPress","potentialAction":[{"@type":"SearchAction","target":{"@type":"EntryPoint","urlTemplate":"https:\/\/eurecat.org\/es\/?s={search_term_string}"},"query-input":{"@type":"PropertyValueSpecification","valueRequired":true,"valueName":"search_term_string"}}],"inLanguage":"es"},{"@type":"Person","@id":"https:\/\/eurecat.org\/es\/#\/schema\/person\/99d4d39712001e7621b6867b27b40bed","name":"EurecatEQZ","image":{"@type":"ImageObject","inLanguage":"es","@id":"https:\/\/secure.gravatar.com\/avatar\/6deb26ca61bcc34263c59cc62bb8b08ff90b67af7f99943babf5d86396845993?s=96&d=mm&r=g","url":"https:\/\/secure.gravatar.com\/avatar\/6deb26ca61bcc34263c59cc62bb8b08ff90b67af7f99943babf5d86396845993?s=96&d=mm&r=g","contentUrl":"https:\/\/secure.gravatar.com\/avatar\/6deb26ca61bcc34263c59cc62bb8b08ff90b67af7f99943babf5d86396845993?s=96&d=mm&r=g","caption":"EurecatEQZ"}}]}},"_links":{"self":[{"href":"https:\/\/eurecat.org\/es\/wp-json\/wp\/v2\/posts\/140769","targetHints":{"allow":["GET"]}}],"collection":[{"href":"https:\/\/eurecat.org\/es\/wp-json\/wp\/v2\/posts"}],"about":[{"href":"https:\/\/eurecat.org\/es\/wp-json\/wp\/v2\/types\/post"}],"author":[{"embeddable":true,"href":"https:\/\/eurecat.org\/es\/wp-json\/wp\/v2\/users\/20"}],"replies":[{"embeddable":true,"href":"https:\/\/eurecat.org\/es\/wp-json\/wp\/v2\/comments?post=140769"}],"version-history":[{"count":1,"href":"https:\/\/eurecat.org\/es\/wp-json\/wp\/v2\/posts\/140769\/revisions"}],"predecessor-version":[{"id":140779,"href":"https:\/\/eurecat.org\/es\/wp-json\/wp\/v2\/posts\/140769\/revisions\/140779"}],"wp:featuredmedia":[{"embeddable":true,"href":"https:\/\/eurecat.org\/es\/wp-json\/wp\/v2\/media\/140773"}],"wp:attachment":[{"href":"https:\/\/eurecat.org\/es\/wp-json\/wp\/v2\/media?parent=140769"}],"wp:term":[{"taxonomy":"category","embeddable":true,"href":"https:\/\/eurecat.org\/es\/wp-json\/wp\/v2\/categories?post=140769"},{"taxonomy":"post_tag","embeddable":true,"href":"https:\/\/eurecat.org\/es\/wp-json\/wp\/v2\/tags?post=140769"}],"curies":[{"name":"wp","href":"https:\/\/api.w.org\/{rel}","templated":true}]}}