{"id":140782,"date":"2023-10-03T10:58:47","date_gmt":"2023-10-03T08:58:47","guid":{"rendered":"https:\/\/eurecat.org\/?p=140782"},"modified":"2023-10-03T11:22:32","modified_gmt":"2023-10-03T09:22:32","slug":"ser-pioneros-en-fabricacion-digital","status":"publish","type":"post","link":"https:\/\/eurecat.org\/es\/ser-pioneros-en-fabricacion-digital\/","title":{"rendered":"Ser pioneros en fabricaci\u00f3n digital"},"content":{"rendered":"<div class=\"fusion-fullwidth fullwidth-box fusion-builder-row-1 fusion-flex-container nonhundred-percent-fullwidth non-hundred-percent-height-scrolling\" style=\"--awb-border-radius-top-left:0px;--awb-border-radius-top-right:0px;--awb-border-radius-bottom-right:0px;--awb-border-radius-bottom-left:0px;--awb-flex-wrap:wrap;\" ><div class=\"fusion-builder-row fusion-row fusion-flex-align-items-flex-start fusion-flex-content-wrap\" style=\"max-width:1424.8px;margin-left: calc(-4% \/ 2 );margin-right: calc(-4% \/ 2 );\"><div class=\"fusion-layout-column fusion_builder_column fusion-builder-column-0 fusion_builder_column_1_1 1_1 fusion-flex-column\" style=\"--awb-bg-size:cover;--awb-width-large:100%;--awb-margin-top-large:0px;--awb-spacing-right-large:1.92%;--awb-margin-bottom-large:0px;--awb-spacing-left-large:1.92%;--awb-width-medium:100%;--awb-spacing-right-medium:1.92%;--awb-spacing-left-medium:1.92%;--awb-width-small:100%;--awb-spacing-right-small:1.92%;--awb-spacing-left-small:1.92%;\"><div class=\"fusion-column-wrapper fusion-flex-justify-content-flex-start fusion-content-layout-column\"><div class=\"fusion-text fusion-text-1\"><p>Las tecnolog\u00edas de impresi\u00f3n 3D y fabricaci\u00f3n digital desaf\u00edan por su propia concepci\u00f3n los principios t\u00e9cnicos de los procesos productivos convencionales. La mayor\u00eda de piezas y componentes industriales se fabrican seg\u00fan una idea b\u00e1sica: se parte de un volumen de material inicial, al que se le aplican unos esfuerzos o recursos concretos, que confieren a la pieza la forma, dimensiones y especificaciones requeridas. Esto se hace estirando y deformando el material, cort\u00e1ndolo o extray\u00e9ndolo, uniendo o pareciendo diversos materiales o modificando su superficie o estructura interna. Son principios ancestrales de la fabricaci\u00f3n. T\u00e9cnicas centenarias o milenarias, algunas de las cuales comienzan en la edad de piedra, con las primeras herramientas.<\/p>\n<p><strong>La fabricaci\u00f3n y la tecnolog\u00eda son el motor de la prosperidad y bienestar actual.<\/strong> Los avances en conocimientos de materiales, procesos, automatizaci\u00f3n, rob\u00f3tica, electr\u00f3nica, sens\u00f3rica, inteligencia artificial, fot\u00f3nica y tantos otros campos han hecho posible incrementar la productividad y repetibilidad hasta l\u00edmites que hace unos a\u00f1os no pod\u00edamos ni imaginar. Pero <strong>a pesar de los avances impresionantes, el punto de partida es antiecon\u00f3mico<\/strong>: destinamos esfuerzos, tiempo y dinero a generar un volumen de partida al que a continuaci\u00f3n destinamos esfuerzos, tiempo y dinero a modificar su forma y sus propiedades. <strong>\u00bfNo ser\u00eda \u00f3ptimo que ese volumen de partida ya se genere con la forma, dimensiones y especificaciones requeridas? Pues esto es lo que propone la impresi\u00f3n 3D la fabricaci\u00f3n aditiva<\/strong>, un \u00e1mbito tecnol\u00f3gico relativamente joven y muy moderno en ese contexto y ese dominio temporal. Los primeros conceptos sobre fabricaci\u00f3n aditiva son de la d\u00e9cada de los 1940s y las primeras patentes orientadas a la producci\u00f3n de los a\u00f1os 70 del siglo pasado.<\/p>\n<p>En los \u00faltimos 10 a\u00f1os, desde que vencieron algunas de las principales patentes que proteg\u00edan los principios t\u00e9cnicos de las tecnolog\u00edas de impresi\u00f3n 3D y fabricaci\u00f3n aditiva, los principales estudios de prospectiva mundiales realizados por Forbes, Deloitte, PWC o Frost and Sullivan coinciden en identificar el impacto que estas tecnolog\u00edas tendr\u00e1n en los procesos de fabricaci\u00f3n y manufactura de los pr\u00f3ximos a\u00f1os. Las califican de tecnolog\u00edas disruptivas, habilitadoras, emergentes, esenciales, clave\u2026 Cambian los adjetivos seg\u00fan el estudio, pero no cambia el mensaje.<\/p>\n<p>Por eso, y m\u00e1s en estos a\u00f1os de reindustrializaci\u00f3n de Europa y desglobalizaci\u00f3n, <strong>es estrat\u00e9gico que nuestro entorno est\u00e9 preparado para esta oportunidad. Que la sociedad comprenda estas tecnolog\u00edas y pueda disponer y pueda aprovecharlas, que las empresas puedan adoptarlas e incorporarlas para mejorar su modelo de negocio, sus procesos productivos<\/strong>, para satisfacer m\u00e1s y mejor a sus clientes. <strong>Y m\u00e1s all\u00e1 de disponer y utilizarla, todav\u00eda es una estrategia m\u00e1s consistente convertirse en desarrollador<\/strong>. Generar tecnolog\u00eda, innovar, patentar, por ciertos liderazgos estrat\u00e9gicos desde un valor tan s\u00f3lido como el conocimiento.<\/p>\n<p>En este contexto y <strong>con ese prop\u00f3sito nace el 3Digital Manufacturing Lab<\/strong>. Con sede en el Parque Cient\u00edfico y Tecnol\u00f3gico de la Universidad de Girona, es <strong>un espacio de colaboraci\u00f3n del centro tecnol\u00f3gico Eurecat y la UdG para impulsar las tecnolog\u00edas de fabricaci\u00f3n digital y la impresi\u00f3n 3D<\/strong> que generar\u00e1 nuevo conocimiento en el territorio y desplegar\u00e1 la tecnolog\u00eda en el \u00e1mbito industrial, social y de la investigaci\u00f3n.<\/p>\n<p>Se trata de una infraestructura abierta y colaborativa que cuenta con la participaci\u00f3n de personal investigador de Eurecat y de grupos de investigaci\u00f3n de la UdG, con el fin de impulsar la transferencia de conocimiento en tecnolog\u00edas de manufactura avanzada.<\/p>\n<p>Entre otros servicios, ofrecer\u00e1 estudios de incorporaci\u00f3n de tecnolog\u00eda y asesoramiento tecnol\u00f3gico y dise\u00f1o orientado a la impresi\u00f3n 3D, prototipado, pruebas de concepto y prendas industriales, con especial atenci\u00f3n al dise\u00f1o de nuevos productos innovadores. Tambi\u00e9n incidir\u00e1 en la identificaci\u00f3n de nuevas oportunidades de negocio para las empresas vinculadas a las tecnolog\u00edas de digital manufacturing y la aplicaci\u00f3n de nuevas tecnolog\u00edas y nuevos materiales en el \u00e1mbito de innovaci\u00f3n en producto y proceso.<\/p>\n<p>El 3DML dispone de las tres grandes tecnolog\u00edas de fabricaci\u00f3n aditiva, que son filamento, resina y polvo. En cuanto a las tecnolog\u00edas de extrusi\u00f3n de filamento fundido (FFF), cuenta con m\u00e1quinas r\u00e1pidas y robustas con peque\u00f1o volumen de impresi\u00f3n y maquinaria de gran volumen, con c\u00e1mara cerrada para piezas industriales. En todas ellas, el 3Digital Manufacturing Lab dispone de variedad de materiales, a fin de poder elegir la mejor opci\u00f3n para cada aplicaci\u00f3n.<\/p>\n<p>Respecto a las resinas, cuenta con maquinaria SLA de \u00faltima generaci\u00f3n que ofrece rapidez, precisi\u00f3n y grandes acabados, de modo que se abrir\u00e1 la posibilidad de fabricar con una amplia variedad de materiales, que van desde materiales para prototipado hasta materiales de ingenier\u00eda para aplicaciones muy concretas e incluso materiales para el sector sanitario.<\/p>\n<p>Asimismo cuenta con tecnolog\u00eda de sinterizado l\u00e1ser, para conseguir piezas con geometr\u00edas complejas y unas muy buenas propiedades mec\u00e1nicas. Tambi\u00e9n ofrece el acceso a otras muchas soluciones tecnol\u00f3gicas, como extrusoras para fabricar filamento y m\u00e1quinas para caracterizar materiales.<\/p>\n<p><strong>Al servicio de la industria, la sociedad y el mundo de la investigaci\u00f3n y, con el prop\u00f3sito de difundir innovar y hacer transferencia en tecnolog\u00edas de impresi\u00f3n 3D y fabricaci\u00f3n digital, nace el 3DML, iniciativa conjunta de la Universidad de Girona y Eurecat<\/strong>, para contribuir a este \u00e1mbito tecnol\u00f3gico de oportunidad estrat\u00e9gica de los pr\u00f3ximos a\u00f1os.<\/p>\n<p><strong>Guillem Quintana, director de Desarrollo de Negocio de Eurecat<\/strong><br \/>\n<strong>Xavier Plant\u00e0, director del \u00c1rea Industrial de Eurecat<\/strong><\/p>\n<\/div><\/div><\/div><\/div><\/div>\n","protected":false},"excerpt":{"rendered":"","protected":false},"author":20,"featured_media":140788,"comment_status":"open","ping_status":"closed","sticky":false,"template":"","format":"standard","meta":{"footnotes":""},"categories":[133,399],"tags":[488],"class_list":["post-140782","post","type-post","status-publish","format-standard","has-post-thumbnail","hentry","category-blog","category-impresion-funcional","tag-salut-es"],"yoast_head":"<!-- This site is optimized with the Yoast SEO plugin v27.5 - https:\/\/yoast.com\/product\/yoast-seo-wordpress\/ -->\n<title>Ser pioneros en fabricaci\u00f3n digital - Eurecat<\/title>\n<meta name=\"robots\" content=\"index, follow, max-snippet:-1, max-image-preview:large, max-video-preview:-1\" \/>\n<link rel=\"canonical\" href=\"https:\/\/eurecat.org\/es\/ser-pioneros-en-fabricacion-digital\/\" \/>\n<meta property=\"og:locale\" content=\"es_ES\" \/>\n<meta property=\"og:type\" content=\"article\" \/>\n<meta property=\"og:title\" content=\"Ser pioneros en fabricaci\u00f3n digital - Eurecat\" \/>\n<meta property=\"og:url\" content=\"https:\/\/eurecat.org\/es\/ser-pioneros-en-fabricacion-digital\/\" \/>\n<meta property=\"og:site_name\" content=\"Eurecat\" \/>\n<meta property=\"article:published_time\" content=\"2023-10-03T08:58:47+00:00\" \/>\n<meta property=\"article:modified_time\" content=\"2023-10-03T09:22:32+00:00\" \/>\n<meta property=\"og:image\" content=\"https:\/\/eurecat.org\/wp-content\/uploads\/2023\/10\/Per-Reflexionar_setembre23.jpg\" \/>\n\t<meta property=\"og:image:width\" content=\"1930\" \/>\n\t<meta property=\"og:image:height\" content=\"1286\" \/>\n\t<meta property=\"og:image:type\" content=\"image\/jpeg\" \/>\n<meta name=\"author\" content=\"EurecatEQZ\" \/>\n<meta name=\"twitter:card\" content=\"summary_large_image\" \/>\n<meta name=\"twitter:label1\" content=\"Escrito por\" \/>\n\t<meta name=\"twitter:data1\" content=\"EurecatEQZ\" \/>\n\t<meta name=\"twitter:label2\" content=\"Tiempo de lectura\" \/>\n\t<meta name=\"twitter:data2\" content=\"6 minutos\" \/>\n<script type=\"application\/ld+json\" class=\"yoast-schema-graph\">{\"@context\":\"https:\\\/\\\/schema.org\",\"@graph\":[{\"@type\":\"Article\",\"@id\":\"https:\\\/\\\/eurecat.org\\\/es\\\/ser-pioneros-en-fabricacion-digital\\\/#article\",\"isPartOf\":{\"@id\":\"https:\\\/\\\/eurecat.org\\\/es\\\/ser-pioneros-en-fabricacion-digital\\\/\"},\"author\":{\"name\":\"EurecatEQZ\",\"@id\":\"https:\\\/\\\/eurecat.org\\\/es\\\/#\\\/schema\\\/person\\\/99d4d39712001e7621b6867b27b40bed\"},\"headline\":\"Ser pioneros en fabricaci\u00f3n digital\",\"datePublished\":\"2023-10-03T08:58:47+00:00\",\"dateModified\":\"2023-10-03T09:22:32+00:00\",\"mainEntityOfPage\":{\"@id\":\"https:\\\/\\\/eurecat.org\\\/es\\\/ser-pioneros-en-fabricacion-digital\\\/\"},\"wordCount\":1233,\"commentCount\":0,\"image\":{\"@id\":\"https:\\\/\\\/eurecat.org\\\/es\\\/ser-pioneros-en-fabricacion-digital\\\/#primaryimage\"},\"thumbnailUrl\":\"https:\\\/\\\/eurecat.org\\\/wp-content\\\/uploads\\\/2023\\\/10\\\/Per-Reflexionar_setembre23.jpg\",\"keywords\":[\"Salut\"],\"articleSection\":[\"Blog\",\"Impresi\u00f3n funcional\"],\"inLanguage\":\"es\",\"potentialAction\":[{\"@type\":\"CommentAction\",\"name\":\"Comment\",\"target\":[\"https:\\\/\\\/eurecat.org\\\/es\\\/ser-pioneros-en-fabricacion-digital\\\/#respond\"]}]},{\"@type\":\"WebPage\",\"@id\":\"https:\\\/\\\/eurecat.org\\\/es\\\/ser-pioneros-en-fabricacion-digital\\\/\",\"url\":\"https:\\\/\\\/eurecat.org\\\/es\\\/ser-pioneros-en-fabricacion-digital\\\/\",\"name\":\"Ser pioneros en fabricaci\u00f3n digital - Eurecat\",\"isPartOf\":{\"@id\":\"https:\\\/\\\/eurecat.org\\\/es\\\/#website\"},\"primaryImageOfPage\":{\"@id\":\"https:\\\/\\\/eurecat.org\\\/es\\\/ser-pioneros-en-fabricacion-digital\\\/#primaryimage\"},\"image\":{\"@id\":\"https:\\\/\\\/eurecat.org\\\/es\\\/ser-pioneros-en-fabricacion-digital\\\/#primaryimage\"},\"thumbnailUrl\":\"https:\\\/\\\/eurecat.org\\\/wp-content\\\/uploads\\\/2023\\\/10\\\/Per-Reflexionar_setembre23.jpg\",\"datePublished\":\"2023-10-03T08:58:47+00:00\",\"dateModified\":\"2023-10-03T09:22:32+00:00\",\"author\":{\"@id\":\"https:\\\/\\\/eurecat.org\\\/es\\\/#\\\/schema\\\/person\\\/99d4d39712001e7621b6867b27b40bed\"},\"breadcrumb\":{\"@id\":\"https:\\\/\\\/eurecat.org\\\/es\\\/ser-pioneros-en-fabricacion-digital\\\/#breadcrumb\"},\"inLanguage\":\"es\",\"potentialAction\":[{\"@type\":\"ReadAction\",\"target\":[\"https:\\\/\\\/eurecat.org\\\/es\\\/ser-pioneros-en-fabricacion-digital\\\/\"]}]},{\"@type\":\"ImageObject\",\"inLanguage\":\"es\",\"@id\":\"https:\\\/\\\/eurecat.org\\\/es\\\/ser-pioneros-en-fabricacion-digital\\\/#primaryimage\",\"url\":\"https:\\\/\\\/eurecat.org\\\/wp-content\\\/uploads\\\/2023\\\/10\\\/Per-Reflexionar_setembre23.jpg\",\"contentUrl\":\"https:\\\/\\\/eurecat.org\\\/wp-content\\\/uploads\\\/2023\\\/10\\\/Per-Reflexionar_setembre23.jpg\",\"width\":1930,\"height\":1286,\"caption\":\"Fabricaci\u00f3 Digital\"},{\"@type\":\"BreadcrumbList\",\"@id\":\"https:\\\/\\\/eurecat.org\\\/es\\\/ser-pioneros-en-fabricacion-digital\\\/#breadcrumb\",\"itemListElement\":[{\"@type\":\"ListItem\",\"position\":1,\"name\":\"Inici\",\"item\":\"https:\\\/\\\/eurecat.org\\\/es\\\/\"},{\"@type\":\"ListItem\",\"position\":2,\"name\":\"Ser pioneros en fabricaci\u00f3n digital\"}]},{\"@type\":\"WebSite\",\"@id\":\"https:\\\/\\\/eurecat.org\\\/es\\\/#website\",\"url\":\"https:\\\/\\\/eurecat.org\\\/es\\\/\",\"name\":\"Eurecat\",\"description\":\"Otro sitio realizado con WordPress\",\"potentialAction\":[{\"@type\":\"SearchAction\",\"target\":{\"@type\":\"EntryPoint\",\"urlTemplate\":\"https:\\\/\\\/eurecat.org\\\/es\\\/?s={search_term_string}\"},\"query-input\":{\"@type\":\"PropertyValueSpecification\",\"valueRequired\":true,\"valueName\":\"search_term_string\"}}],\"inLanguage\":\"es\"},{\"@type\":\"Person\",\"@id\":\"https:\\\/\\\/eurecat.org\\\/es\\\/#\\\/schema\\\/person\\\/99d4d39712001e7621b6867b27b40bed\",\"name\":\"EurecatEQZ\",\"image\":{\"@type\":\"ImageObject\",\"inLanguage\":\"es\",\"@id\":\"https:\\\/\\\/secure.gravatar.com\\\/avatar\\\/6deb26ca61bcc34263c59cc62bb8b08ff90b67af7f99943babf5d86396845993?s=96&d=mm&r=g\",\"url\":\"https:\\\/\\\/secure.gravatar.com\\\/avatar\\\/6deb26ca61bcc34263c59cc62bb8b08ff90b67af7f99943babf5d86396845993?s=96&d=mm&r=g\",\"contentUrl\":\"https:\\\/\\\/secure.gravatar.com\\\/avatar\\\/6deb26ca61bcc34263c59cc62bb8b08ff90b67af7f99943babf5d86396845993?s=96&d=mm&r=g\",\"caption\":\"EurecatEQZ\"}}]}<\/script>\n<!-- \/ Yoast SEO plugin. -->","yoast_head_json":{"title":"Ser pioneros en fabricaci\u00f3n digital - Eurecat","robots":{"index":"index","follow":"follow","max-snippet":"max-snippet:-1","max-image-preview":"max-image-preview:large","max-video-preview":"max-video-preview:-1"},"canonical":"https:\/\/eurecat.org\/es\/ser-pioneros-en-fabricacion-digital\/","og_locale":"es_ES","og_type":"article","og_title":"Ser pioneros en fabricaci\u00f3n digital - Eurecat","og_url":"https:\/\/eurecat.org\/es\/ser-pioneros-en-fabricacion-digital\/","og_site_name":"Eurecat","article_published_time":"2023-10-03T08:58:47+00:00","article_modified_time":"2023-10-03T09:22:32+00:00","og_image":[{"width":1930,"height":1286,"url":"https:\/\/eurecat.org\/wp-content\/uploads\/2023\/10\/Per-Reflexionar_setembre23.jpg","type":"image\/jpeg"}],"author":"EurecatEQZ","twitter_card":"summary_large_image","twitter_misc":{"Escrito por":"EurecatEQZ","Tiempo de lectura":"6 minutos"},"schema":{"@context":"https:\/\/schema.org","@graph":[{"@type":"Article","@id":"https:\/\/eurecat.org\/es\/ser-pioneros-en-fabricacion-digital\/#article","isPartOf":{"@id":"https:\/\/eurecat.org\/es\/ser-pioneros-en-fabricacion-digital\/"},"author":{"name":"EurecatEQZ","@id":"https:\/\/eurecat.org\/es\/#\/schema\/person\/99d4d39712001e7621b6867b27b40bed"},"headline":"Ser pioneros en fabricaci\u00f3n digital","datePublished":"2023-10-03T08:58:47+00:00","dateModified":"2023-10-03T09:22:32+00:00","mainEntityOfPage":{"@id":"https:\/\/eurecat.org\/es\/ser-pioneros-en-fabricacion-digital\/"},"wordCount":1233,"commentCount":0,"image":{"@id":"https:\/\/eurecat.org\/es\/ser-pioneros-en-fabricacion-digital\/#primaryimage"},"thumbnailUrl":"https:\/\/eurecat.org\/wp-content\/uploads\/2023\/10\/Per-Reflexionar_setembre23.jpg","keywords":["Salut"],"articleSection":["Blog","Impresi\u00f3n funcional"],"inLanguage":"es","potentialAction":[{"@type":"CommentAction","name":"Comment","target":["https:\/\/eurecat.org\/es\/ser-pioneros-en-fabricacion-digital\/#respond"]}]},{"@type":"WebPage","@id":"https:\/\/eurecat.org\/es\/ser-pioneros-en-fabricacion-digital\/","url":"https:\/\/eurecat.org\/es\/ser-pioneros-en-fabricacion-digital\/","name":"Ser pioneros en fabricaci\u00f3n digital - Eurecat","isPartOf":{"@id":"https:\/\/eurecat.org\/es\/#website"},"primaryImageOfPage":{"@id":"https:\/\/eurecat.org\/es\/ser-pioneros-en-fabricacion-digital\/#primaryimage"},"image":{"@id":"https:\/\/eurecat.org\/es\/ser-pioneros-en-fabricacion-digital\/#primaryimage"},"thumbnailUrl":"https:\/\/eurecat.org\/wp-content\/uploads\/2023\/10\/Per-Reflexionar_setembre23.jpg","datePublished":"2023-10-03T08:58:47+00:00","dateModified":"2023-10-03T09:22:32+00:00","author":{"@id":"https:\/\/eurecat.org\/es\/#\/schema\/person\/99d4d39712001e7621b6867b27b40bed"},"breadcrumb":{"@id":"https:\/\/eurecat.org\/es\/ser-pioneros-en-fabricacion-digital\/#breadcrumb"},"inLanguage":"es","potentialAction":[{"@type":"ReadAction","target":["https:\/\/eurecat.org\/es\/ser-pioneros-en-fabricacion-digital\/"]}]},{"@type":"ImageObject","inLanguage":"es","@id":"https:\/\/eurecat.org\/es\/ser-pioneros-en-fabricacion-digital\/#primaryimage","url":"https:\/\/eurecat.org\/wp-content\/uploads\/2023\/10\/Per-Reflexionar_setembre23.jpg","contentUrl":"https:\/\/eurecat.org\/wp-content\/uploads\/2023\/10\/Per-Reflexionar_setembre23.jpg","width":1930,"height":1286,"caption":"Fabricaci\u00f3 Digital"},{"@type":"BreadcrumbList","@id":"https:\/\/eurecat.org\/es\/ser-pioneros-en-fabricacion-digital\/#breadcrumb","itemListElement":[{"@type":"ListItem","position":1,"name":"Inici","item":"https:\/\/eurecat.org\/es\/"},{"@type":"ListItem","position":2,"name":"Ser pioneros en fabricaci\u00f3n digital"}]},{"@type":"WebSite","@id":"https:\/\/eurecat.org\/es\/#website","url":"https:\/\/eurecat.org\/es\/","name":"Eurecat","description":"Otro sitio realizado con WordPress","potentialAction":[{"@type":"SearchAction","target":{"@type":"EntryPoint","urlTemplate":"https:\/\/eurecat.org\/es\/?s={search_term_string}"},"query-input":{"@type":"PropertyValueSpecification","valueRequired":true,"valueName":"search_term_string"}}],"inLanguage":"es"},{"@type":"Person","@id":"https:\/\/eurecat.org\/es\/#\/schema\/person\/99d4d39712001e7621b6867b27b40bed","name":"EurecatEQZ","image":{"@type":"ImageObject","inLanguage":"es","@id":"https:\/\/secure.gravatar.com\/avatar\/6deb26ca61bcc34263c59cc62bb8b08ff90b67af7f99943babf5d86396845993?s=96&d=mm&r=g","url":"https:\/\/secure.gravatar.com\/avatar\/6deb26ca61bcc34263c59cc62bb8b08ff90b67af7f99943babf5d86396845993?s=96&d=mm&r=g","contentUrl":"https:\/\/secure.gravatar.com\/avatar\/6deb26ca61bcc34263c59cc62bb8b08ff90b67af7f99943babf5d86396845993?s=96&d=mm&r=g","caption":"EurecatEQZ"}}]}},"_links":{"self":[{"href":"https:\/\/eurecat.org\/es\/wp-json\/wp\/v2\/posts\/140782","targetHints":{"allow":["GET"]}}],"collection":[{"href":"https:\/\/eurecat.org\/es\/wp-json\/wp\/v2\/posts"}],"about":[{"href":"https:\/\/eurecat.org\/es\/wp-json\/wp\/v2\/types\/post"}],"author":[{"embeddable":true,"href":"https:\/\/eurecat.org\/es\/wp-json\/wp\/v2\/users\/20"}],"replies":[{"embeddable":true,"href":"https:\/\/eurecat.org\/es\/wp-json\/wp\/v2\/comments?post=140782"}],"version-history":[{"count":1,"href":"https:\/\/eurecat.org\/es\/wp-json\/wp\/v2\/posts\/140782\/revisions"}],"predecessor-version":[{"id":140798,"href":"https:\/\/eurecat.org\/es\/wp-json\/wp\/v2\/posts\/140782\/revisions\/140798"}],"wp:featuredmedia":[{"embeddable":true,"href":"https:\/\/eurecat.org\/es\/wp-json\/wp\/v2\/media\/140788"}],"wp:attachment":[{"href":"https:\/\/eurecat.org\/es\/wp-json\/wp\/v2\/media?parent=140782"}],"wp:term":[{"taxonomy":"category","embeddable":true,"href":"https:\/\/eurecat.org\/es\/wp-json\/wp\/v2\/categories?post=140782"},{"taxonomy":"post_tag","embeddable":true,"href":"https:\/\/eurecat.org\/es\/wp-json\/wp\/v2\/tags?post=140782"}],"curies":[{"name":"wp","href":"https:\/\/api.w.org\/{rel}","templated":true}]}}