{"id":142120,"date":"2023-10-26T09:36:24","date_gmt":"2023-10-26T07:36:24","guid":{"rendered":"https:\/\/eurecat.org\/?p=142120"},"modified":"2023-10-26T09:37:48","modified_gmt":"2023-10-26T07:37:48","slug":"barcelona-una-de-las-sedes-del-european-culture-creativity-la-nueva-plataforma-europea-para-fomentar-las-industrias-culturales-y-creativas","status":"publish","type":"post","link":"https:\/\/eurecat.org\/es\/barcelona-una-de-las-sedes-del-european-culture-creativity-la-nueva-plataforma-europea-para-fomentar-las-industrias-culturales-y-creativas\/","title":{"rendered":"Barcelona, una de las sedes del European Culture &#038; Creativity, la nueva plataforma europea para fomentar las industrias culturales y creativas"},"content":{"rendered":"<div class=\"fusion-fullwidth fullwidth-box fusion-builder-row-1 fusion-flex-container nonhundred-percent-fullwidth non-hundred-percent-height-scrolling\" style=\"--awb-border-radius-top-left:0px;--awb-border-radius-top-right:0px;--awb-border-radius-bottom-right:0px;--awb-border-radius-bottom-left:0px;--awb-flex-wrap:wrap;\" ><div class=\"fusion-builder-row fusion-row fusion-flex-align-items-flex-start fusion-flex-content-wrap\" style=\"max-width:1424.8px;margin-left: calc(-4% \/ 2 );margin-right: calc(-4% \/ 2 );\"><div class=\"fusion-layout-column fusion_builder_column fusion-builder-column-0 fusion_builder_column_1_1 1_1 fusion-flex-column\" style=\"--awb-bg-size:cover;--awb-width-large:100%;--awb-margin-top-large:0px;--awb-spacing-right-large:1.92%;--awb-margin-bottom-large:0px;--awb-spacing-left-large:1.92%;--awb-width-medium:100%;--awb-spacing-right-medium:1.92%;--awb-spacing-left-medium:1.92%;--awb-width-small:100%;--awb-spacing-right-small:1.92%;--awb-spacing-left-small:1.92%;\"><div class=\"fusion-column-wrapper fusion-flex-justify-content-flex-start fusion-content-layout-column\"><div class=\"fusion-text fusion-text-1\"><p>Barcelona ha acogido hoy las Jornadas Europeas de Cultura y Creatividad que se han celebrado en el marco de <a href=\"http:\/\/www.eit-culture-creativity.eu\">EIT Culture &amp; Creativity<\/a>, la nueva comunidad de innovaci\u00f3n europea para impulsar la competitividad de las industrias culturales y creativas y que cuenta con uno de sus seis centros en la capital catalana, desde donde conectar\u00e1 con los actores del ecosistema en Espa\u00f1a, Portugal y el sur de Francia.<\/p>\n<p>El evento, organizado por el centro tecnol\u00f3gico <a href=\"https:\/\/eurecat.org\/es\/\">Eurecat<\/a> y celebrado coincidiendo con la <a href=\"https:\/\/beda.org\/event\/20231016-barcelona-design-week\/\">Barcelona Design Week<\/a>, ha reunido a personas expertas y empresas l\u00edderes en el sector para abordar los nuevos conceptos relacionados con la cultura y el humanismo digitales, en un contexto de r\u00e1pido desarrollo de tecnolog\u00edas como la inteligencia artificial y la realidad aumentada, entre otros, y su aplicaci\u00f3n en las industrias culturales y creativas, con especial atenci\u00f3n en el audiovisual, la cultura digital, la creatividad y el dise\u00f1o.<\/p>\n<p>La bienvenida institucional ha contado con la directora general de Industrias Culturales, Propiedad Intelectual y Cooperaci\u00f3n del Ministerio de Cultura y Deporte del Gobierno de Espa\u00f1a, Carmen P\u00e1ez, y con el presidente del centro tecnol\u00f3gico Eurecat, Daniel Altimiras, quien ha destacado la importancia del EIT Culture &amp; Creativity \u201ccomo ecosistema europeo de las industrias culturales y creativas en las que Eurecat tiene una larga trayectoria de innovaci\u00f3n tecnol\u00f3gica\u201d, en un contexto en constante evoluci\u00f3n en que \u201cla convergencia de tecnolog\u00edas como la realidad aumentada y la inteligencia artificial con expresiones culturales y creativas est\u00e1 cambiando la forma en que experimentamos el arte, el entretenimiento y la cultura\u201d.<\/p>\n<p>Por su parte, el CEO de EIT Culture &amp; Creativity, Bernd Fesel, ha remarcado que \u201choy es un d\u00eda de celebraci\u00f3n porque estamos presentando la filial suroeste del EIT Culture &amp; Creativity, con sede en Barcelona y que cubre Espa\u00f1a, Portugal y el sur de Francia\u201d y ha a\u00f1adido que \u201cqueremos invitar a nuestros socios y la comunidad de empresas en industrias culturales y creativas, la tercera m\u00e1s grande de Europa, a apoyar nuestra misi\u00f3n: liderar la creaci\u00f3n de valor sostenible y el crecimiento de la transici\u00f3n verde de Europa\u201d. Un apoyo que ha resaltado tambi\u00e9n el representante de la Comisi\u00f3n Europea en Barcelona, Manuel Szapiro.<\/p>\n<p><strong>Innovaci\u00f3n tecnol\u00f3gica en el sector cultural<\/strong><\/p>\n<p>La jornada ha abordado el impacto del dise\u00f1o y la creatividad en las todas industrias de la mano de la Fundaci\u00f3n \u00c9pica La Fura dels Baus y Ogilvy Barcelona, y ha analizado tecnolog\u00edas como la realidad virtual y aumentada y la inteligencia artificial con representantes de RTVE y Tecnalia.<\/p>\n<p>Sobre c\u00f3mo crear y hacer crecer la cultura y las industrias creativas en Europa han debatido representantes de GSMA, EGEDA y el Gobierno de Espa\u00f1a, y se ha expuesto la industria audiovisual en Europa de la mano de Integrated Systems Events (ISE).<\/p>\n<p>Durante la sesi\u00f3n de la tarde de las Jornadas Europeas de Cultura y Creatividad se han dado a conocer casos reales de empresas lideres como Grupo Mediapro y la Fundaci\u00f3n \u201cla Caixa\u201d, que han mostrado proyectos de innovaci\u00f3n que est\u00e1n llevando a cabo las compa\u00f1\u00edas.<\/p>\n<p>Por su parte, el centro tecnol\u00f3gico Eurecat ha presentado las posibilidades de la inteligencia artificial en el \u00e1mbito de la creatividad, y la UPTEC y MIN4CI han debatido sobre el talento creativo y tecnol\u00f3gico en las artes digitales.<\/p>\n<p>El evento, que ha sido organizado con el apoyo del Ayuntamiento de Barcelona, ha concluido con la intervenci\u00f3n del jefe del Gabinete T\u00e9cnico del Departamento de Cultura de la Generalitat de Catalunya, Francesc Vilar\u00f3. Al finalizar la jornada en el Auditorio Cibern\u00e0rium, se ha trasladado a la sede de Eurecat, que ha acogido una celebraci\u00f3n con motivo de la presentaci\u00f3n en Barcelona del EIT Culture &amp; Creativity.<\/p>\n<p><strong>El \u00e1mbito de la cultura en Catalu\u00f1a<\/strong><\/p>\n<p>De acuerdo con el \u2018Libro blanco sobre la Inteligencia Artificial aplicada a las industrias culturales y basadas en la experiencia\u2019 elaborado por el Centre of Innovation for Data tech and Artificial Intelligence (CIDAI), el \u00e1mbito de la cultura en Catalu\u00f1a incluye un total de 39.558 empresas y 112.567 trabajadores, con un volumen de negocio anual de 12.442 millones de euros y con un valor a\u00f1adido bruto de 4.670 millones de euros, cifras que representan un 5,1 por ciento del PIB catal\u00e1n y un 3 por ciento de la ocupaci\u00f3n.<\/p>\n<p><strong>EIT Culture &amp; Creativity<\/strong><\/p>\n<p>EIT Culture &amp; Creativity es una comunidad de conocimiento e innovaci\u00f3n que re\u00fane a m\u00e1s 3.000 socios de las principales organizaciones empresariales, de investigaci\u00f3n y de educaci\u00f3n de Europa, apoyada por el Instituto Europeo de Innovaci\u00f3n y Tecnolog\u00eda (EIT), un organismo de la Uni\u00f3n Europea, y cuenta con seis <em>Co-Location Centers<\/em> en toda Europa para desarrollar distintos ecosistemas.<\/p>\n<p>Eurecat es uno de los fundadores y anfitri\u00f3n del <em>Co-Location Center<\/em> del suroeste de Europa, cuyo objetivo es servir de nexo clave para conectar con los actores del tri\u00e1ngulo de conocimiento de Espa\u00f1a, Portugal y el sur de Francia.<\/p>\n<p>Los socios fundadores situados en el \u00e1mbito de influencia del <em>Co-Location Center<\/em> del suroeste de Europa son el centro tecnol\u00f3gico Eurecat, Tecnalia, University of Porto, MIN4CI y Grupo Mediapro.<\/p>\n<\/div><\/div><\/div><\/div><\/div>\n","protected":false},"excerpt":{"rendered":"","protected":false},"author":20,"featured_media":142123,"comment_status":"open","ping_status":"closed","sticky":false,"template":"","format":"standard","meta":{"footnotes":""},"categories":[2275,134],"tags":[],"class_list":["post-142120","post","type-post","status-publish","format-standard","has-post-thumbnail","hentry","category-industrias-culturales-y-creativas","category-notas-de-prensa"],"yoast_head":"<!-- This site is optimized with the Yoast SEO plugin v27.4 - https:\/\/yoast.com\/product\/yoast-seo-wordpress\/ -->\n<title>Barcelona, una de las sedes del European Culture &amp; Creativity, la nueva plataforma europea para fomentar las industrias culturales y creativas - Eurecat<\/title>\n<meta name=\"robots\" content=\"index, follow, max-snippet:-1, max-image-preview:large, max-video-preview:-1\" \/>\n<link rel=\"canonical\" href=\"https:\/\/eurecat.org\/es\/barcelona-una-de-las-sedes-del-european-culture-creativity-la-nueva-plataforma-europea-para-fomentar-las-industrias-culturales-y-creativas\/\" \/>\n<meta property=\"og:locale\" content=\"es_ES\" \/>\n<meta property=\"og:type\" content=\"article\" \/>\n<meta property=\"og:title\" content=\"Barcelona, una de las sedes del European Culture &amp; Creativity, la nueva plataforma europea para fomentar las industrias culturales y creativas - Eurecat\" \/>\n<meta property=\"og:url\" content=\"https:\/\/eurecat.org\/es\/barcelona-una-de-las-sedes-del-european-culture-creativity-la-nueva-plataforma-europea-para-fomentar-las-industrias-culturales-y-creativas\/\" \/>\n<meta property=\"og:site_name\" content=\"Eurecat\" \/>\n<meta property=\"article:published_time\" content=\"2023-10-26T07:36:24+00:00\" \/>\n<meta property=\"article:modified_time\" content=\"2023-10-26T07:37:48+00:00\" \/>\n<meta property=\"og:image\" content=\"https:\/\/eurecat.org\/wp-content\/uploads\/2023\/10\/European-Culture-Creativity-Days-Barcelona_800px.jpg\" \/>\n\t<meta property=\"og:image:width\" content=\"800\" \/>\n\t<meta property=\"og:image:height\" content=\"533\" \/>\n\t<meta property=\"og:image:type\" content=\"image\/jpeg\" \/>\n<meta name=\"author\" content=\"EurecatEQZ\" \/>\n<meta name=\"twitter:card\" content=\"summary_large_image\" \/>\n<meta name=\"twitter:label1\" content=\"Escrito por\" \/>\n\t<meta name=\"twitter:data1\" content=\"EurecatEQZ\" \/>\n\t<meta name=\"twitter:label2\" content=\"Tiempo de lectura\" \/>\n\t<meta name=\"twitter:data2\" content=\"6 minutos\" \/>\n<script type=\"application\/ld+json\" class=\"yoast-schema-graph\">{\"@context\":\"https:\\\/\\\/schema.org\",\"@graph\":[{\"@type\":\"Article\",\"@id\":\"https:\\\/\\\/eurecat.org\\\/es\\\/barcelona-una-de-las-sedes-del-european-culture-creativity-la-nueva-plataforma-europea-para-fomentar-las-industrias-culturales-y-creativas\\\/#article\",\"isPartOf\":{\"@id\":\"https:\\\/\\\/eurecat.org\\\/es\\\/barcelona-una-de-las-sedes-del-european-culture-creativity-la-nueva-plataforma-europea-para-fomentar-las-industrias-culturales-y-creativas\\\/\"},\"author\":{\"name\":\"EurecatEQZ\",\"@id\":\"https:\\\/\\\/eurecat.org\\\/es\\\/#\\\/schema\\\/person\\\/99d4d39712001e7621b6867b27b40bed\"},\"headline\":\"Barcelona, una de las sedes del European Culture &#038; Creativity, la nueva plataforma europea para fomentar las industrias culturales y creativas\",\"datePublished\":\"2023-10-26T07:36:24+00:00\",\"dateModified\":\"2023-10-26T07:37:48+00:00\",\"mainEntityOfPage\":{\"@id\":\"https:\\\/\\\/eurecat.org\\\/es\\\/barcelona-una-de-las-sedes-del-european-culture-creativity-la-nueva-plataforma-europea-para-fomentar-las-industrias-culturales-y-creativas\\\/\"},\"wordCount\":1162,\"commentCount\":0,\"image\":{\"@id\":\"https:\\\/\\\/eurecat.org\\\/es\\\/barcelona-una-de-las-sedes-del-european-culture-creativity-la-nueva-plataforma-europea-para-fomentar-las-industrias-culturales-y-creativas\\\/#primaryimage\"},\"thumbnailUrl\":\"https:\\\/\\\/eurecat.org\\\/wp-content\\\/uploads\\\/2023\\\/10\\\/European-Culture-Creativity-Days-Barcelona_800px.jpg\",\"articleSection\":[\"Industrias Culturales y Creativas\",\"Notas de prensa\"],\"inLanguage\":\"es\",\"potentialAction\":[{\"@type\":\"CommentAction\",\"name\":\"Comment\",\"target\":[\"https:\\\/\\\/eurecat.org\\\/es\\\/barcelona-una-de-las-sedes-del-european-culture-creativity-la-nueva-plataforma-europea-para-fomentar-las-industrias-culturales-y-creativas\\\/#respond\"]}]},{\"@type\":\"WebPage\",\"@id\":\"https:\\\/\\\/eurecat.org\\\/es\\\/barcelona-una-de-las-sedes-del-european-culture-creativity-la-nueva-plataforma-europea-para-fomentar-las-industrias-culturales-y-creativas\\\/\",\"url\":\"https:\\\/\\\/eurecat.org\\\/es\\\/barcelona-una-de-las-sedes-del-european-culture-creativity-la-nueva-plataforma-europea-para-fomentar-las-industrias-culturales-y-creativas\\\/\",\"name\":\"Barcelona, una de las sedes del European Culture & Creativity, la nueva plataforma europea para fomentar las industrias culturales y creativas - Eurecat\",\"isPartOf\":{\"@id\":\"https:\\\/\\\/eurecat.org\\\/es\\\/#website\"},\"primaryImageOfPage\":{\"@id\":\"https:\\\/\\\/eurecat.org\\\/es\\\/barcelona-una-de-las-sedes-del-european-culture-creativity-la-nueva-plataforma-europea-para-fomentar-las-industrias-culturales-y-creativas\\\/#primaryimage\"},\"image\":{\"@id\":\"https:\\\/\\\/eurecat.org\\\/es\\\/barcelona-una-de-las-sedes-del-european-culture-creativity-la-nueva-plataforma-europea-para-fomentar-las-industrias-culturales-y-creativas\\\/#primaryimage\"},\"thumbnailUrl\":\"https:\\\/\\\/eurecat.org\\\/wp-content\\\/uploads\\\/2023\\\/10\\\/European-Culture-Creativity-Days-Barcelona_800px.jpg\",\"datePublished\":\"2023-10-26T07:36:24+00:00\",\"dateModified\":\"2023-10-26T07:37:48+00:00\",\"author\":{\"@id\":\"https:\\\/\\\/eurecat.org\\\/es\\\/#\\\/schema\\\/person\\\/99d4d39712001e7621b6867b27b40bed\"},\"breadcrumb\":{\"@id\":\"https:\\\/\\\/eurecat.org\\\/es\\\/barcelona-una-de-las-sedes-del-european-culture-creativity-la-nueva-plataforma-europea-para-fomentar-las-industrias-culturales-y-creativas\\\/#breadcrumb\"},\"inLanguage\":\"es\",\"potentialAction\":[{\"@type\":\"ReadAction\",\"target\":[\"https:\\\/\\\/eurecat.org\\\/es\\\/barcelona-una-de-las-sedes-del-european-culture-creativity-la-nueva-plataforma-europea-para-fomentar-las-industrias-culturales-y-creativas\\\/\"]}]},{\"@type\":\"ImageObject\",\"inLanguage\":\"es\",\"@id\":\"https:\\\/\\\/eurecat.org\\\/es\\\/barcelona-una-de-las-sedes-del-european-culture-creativity-la-nueva-plataforma-europea-para-fomentar-las-industrias-culturales-y-creativas\\\/#primaryimage\",\"url\":\"https:\\\/\\\/eurecat.org\\\/wp-content\\\/uploads\\\/2023\\\/10\\\/European-Culture-Creativity-Days-Barcelona_800px.jpg\",\"contentUrl\":\"https:\\\/\\\/eurecat.org\\\/wp-content\\\/uploads\\\/2023\\\/10\\\/European-Culture-Creativity-Days-Barcelona_800px.jpg\",\"width\":800,\"height\":533,\"caption\":\"European Culture Creativity Days Barcelona\"},{\"@type\":\"BreadcrumbList\",\"@id\":\"https:\\\/\\\/eurecat.org\\\/es\\\/barcelona-una-de-las-sedes-del-european-culture-creativity-la-nueva-plataforma-europea-para-fomentar-las-industrias-culturales-y-creativas\\\/#breadcrumb\",\"itemListElement\":[{\"@type\":\"ListItem\",\"position\":1,\"name\":\"Inici\",\"item\":\"https:\\\/\\\/eurecat.org\\\/es\\\/\"},{\"@type\":\"ListItem\",\"position\":2,\"name\":\"Barcelona, una de las sedes del European Culture &#038; Creativity, la nueva plataforma europea para fomentar las industrias culturales y creativas\"}]},{\"@type\":\"WebSite\",\"@id\":\"https:\\\/\\\/eurecat.org\\\/es\\\/#website\",\"url\":\"https:\\\/\\\/eurecat.org\\\/es\\\/\",\"name\":\"Eurecat\",\"description\":\"Otro sitio realizado con WordPress\",\"potentialAction\":[{\"@type\":\"SearchAction\",\"target\":{\"@type\":\"EntryPoint\",\"urlTemplate\":\"https:\\\/\\\/eurecat.org\\\/es\\\/?s={search_term_string}\"},\"query-input\":{\"@type\":\"PropertyValueSpecification\",\"valueRequired\":true,\"valueName\":\"search_term_string\"}}],\"inLanguage\":\"es\"},{\"@type\":\"Person\",\"@id\":\"https:\\\/\\\/eurecat.org\\\/es\\\/#\\\/schema\\\/person\\\/99d4d39712001e7621b6867b27b40bed\",\"name\":\"EurecatEQZ\",\"image\":{\"@type\":\"ImageObject\",\"inLanguage\":\"es\",\"@id\":\"https:\\\/\\\/secure.gravatar.com\\\/avatar\\\/6deb26ca61bcc34263c59cc62bb8b08ff90b67af7f99943babf5d86396845993?s=96&d=mm&r=g\",\"url\":\"https:\\\/\\\/secure.gravatar.com\\\/avatar\\\/6deb26ca61bcc34263c59cc62bb8b08ff90b67af7f99943babf5d86396845993?s=96&d=mm&r=g\",\"contentUrl\":\"https:\\\/\\\/secure.gravatar.com\\\/avatar\\\/6deb26ca61bcc34263c59cc62bb8b08ff90b67af7f99943babf5d86396845993?s=96&d=mm&r=g\",\"caption\":\"EurecatEQZ\"}}]}<\/script>\n<!-- \/ Yoast SEO plugin. -->","yoast_head_json":{"title":"Barcelona, una de las sedes del European Culture & Creativity, la nueva plataforma europea para fomentar las industrias culturales y creativas - Eurecat","robots":{"index":"index","follow":"follow","max-snippet":"max-snippet:-1","max-image-preview":"max-image-preview:large","max-video-preview":"max-video-preview:-1"},"canonical":"https:\/\/eurecat.org\/es\/barcelona-una-de-las-sedes-del-european-culture-creativity-la-nueva-plataforma-europea-para-fomentar-las-industrias-culturales-y-creativas\/","og_locale":"es_ES","og_type":"article","og_title":"Barcelona, una de las sedes del European Culture & Creativity, la nueva plataforma europea para fomentar las industrias culturales y creativas - Eurecat","og_url":"https:\/\/eurecat.org\/es\/barcelona-una-de-las-sedes-del-european-culture-creativity-la-nueva-plataforma-europea-para-fomentar-las-industrias-culturales-y-creativas\/","og_site_name":"Eurecat","article_published_time":"2023-10-26T07:36:24+00:00","article_modified_time":"2023-10-26T07:37:48+00:00","og_image":[{"width":800,"height":533,"url":"https:\/\/eurecat.org\/wp-content\/uploads\/2023\/10\/European-Culture-Creativity-Days-Barcelona_800px.jpg","type":"image\/jpeg"}],"author":"EurecatEQZ","twitter_card":"summary_large_image","twitter_misc":{"Escrito por":"EurecatEQZ","Tiempo de lectura":"6 minutos"},"schema":{"@context":"https:\/\/schema.org","@graph":[{"@type":"Article","@id":"https:\/\/eurecat.org\/es\/barcelona-una-de-las-sedes-del-european-culture-creativity-la-nueva-plataforma-europea-para-fomentar-las-industrias-culturales-y-creativas\/#article","isPartOf":{"@id":"https:\/\/eurecat.org\/es\/barcelona-una-de-las-sedes-del-european-culture-creativity-la-nueva-plataforma-europea-para-fomentar-las-industrias-culturales-y-creativas\/"},"author":{"name":"EurecatEQZ","@id":"https:\/\/eurecat.org\/es\/#\/schema\/person\/99d4d39712001e7621b6867b27b40bed"},"headline":"Barcelona, una de las sedes del European Culture &#038; Creativity, la nueva plataforma europea para fomentar las industrias culturales y creativas","datePublished":"2023-10-26T07:36:24+00:00","dateModified":"2023-10-26T07:37:48+00:00","mainEntityOfPage":{"@id":"https:\/\/eurecat.org\/es\/barcelona-una-de-las-sedes-del-european-culture-creativity-la-nueva-plataforma-europea-para-fomentar-las-industrias-culturales-y-creativas\/"},"wordCount":1162,"commentCount":0,"image":{"@id":"https:\/\/eurecat.org\/es\/barcelona-una-de-las-sedes-del-european-culture-creativity-la-nueva-plataforma-europea-para-fomentar-las-industrias-culturales-y-creativas\/#primaryimage"},"thumbnailUrl":"https:\/\/eurecat.org\/wp-content\/uploads\/2023\/10\/European-Culture-Creativity-Days-Barcelona_800px.jpg","articleSection":["Industrias Culturales y Creativas","Notas de prensa"],"inLanguage":"es","potentialAction":[{"@type":"CommentAction","name":"Comment","target":["https:\/\/eurecat.org\/es\/barcelona-una-de-las-sedes-del-european-culture-creativity-la-nueva-plataforma-europea-para-fomentar-las-industrias-culturales-y-creativas\/#respond"]}]},{"@type":"WebPage","@id":"https:\/\/eurecat.org\/es\/barcelona-una-de-las-sedes-del-european-culture-creativity-la-nueva-plataforma-europea-para-fomentar-las-industrias-culturales-y-creativas\/","url":"https:\/\/eurecat.org\/es\/barcelona-una-de-las-sedes-del-european-culture-creativity-la-nueva-plataforma-europea-para-fomentar-las-industrias-culturales-y-creativas\/","name":"Barcelona, una de las sedes del European Culture & Creativity, la nueva plataforma europea para fomentar las industrias culturales y creativas - Eurecat","isPartOf":{"@id":"https:\/\/eurecat.org\/es\/#website"},"primaryImageOfPage":{"@id":"https:\/\/eurecat.org\/es\/barcelona-una-de-las-sedes-del-european-culture-creativity-la-nueva-plataforma-europea-para-fomentar-las-industrias-culturales-y-creativas\/#primaryimage"},"image":{"@id":"https:\/\/eurecat.org\/es\/barcelona-una-de-las-sedes-del-european-culture-creativity-la-nueva-plataforma-europea-para-fomentar-las-industrias-culturales-y-creativas\/#primaryimage"},"thumbnailUrl":"https:\/\/eurecat.org\/wp-content\/uploads\/2023\/10\/European-Culture-Creativity-Days-Barcelona_800px.jpg","datePublished":"2023-10-26T07:36:24+00:00","dateModified":"2023-10-26T07:37:48+00:00","author":{"@id":"https:\/\/eurecat.org\/es\/#\/schema\/person\/99d4d39712001e7621b6867b27b40bed"},"breadcrumb":{"@id":"https:\/\/eurecat.org\/es\/barcelona-una-de-las-sedes-del-european-culture-creativity-la-nueva-plataforma-europea-para-fomentar-las-industrias-culturales-y-creativas\/#breadcrumb"},"inLanguage":"es","potentialAction":[{"@type":"ReadAction","target":["https:\/\/eurecat.org\/es\/barcelona-una-de-las-sedes-del-european-culture-creativity-la-nueva-plataforma-europea-para-fomentar-las-industrias-culturales-y-creativas\/"]}]},{"@type":"ImageObject","inLanguage":"es","@id":"https:\/\/eurecat.org\/es\/barcelona-una-de-las-sedes-del-european-culture-creativity-la-nueva-plataforma-europea-para-fomentar-las-industrias-culturales-y-creativas\/#primaryimage","url":"https:\/\/eurecat.org\/wp-content\/uploads\/2023\/10\/European-Culture-Creativity-Days-Barcelona_800px.jpg","contentUrl":"https:\/\/eurecat.org\/wp-content\/uploads\/2023\/10\/European-Culture-Creativity-Days-Barcelona_800px.jpg","width":800,"height":533,"caption":"European Culture Creativity Days Barcelona"},{"@type":"BreadcrumbList","@id":"https:\/\/eurecat.org\/es\/barcelona-una-de-las-sedes-del-european-culture-creativity-la-nueva-plataforma-europea-para-fomentar-las-industrias-culturales-y-creativas\/#breadcrumb","itemListElement":[{"@type":"ListItem","position":1,"name":"Inici","item":"https:\/\/eurecat.org\/es\/"},{"@type":"ListItem","position":2,"name":"Barcelona, una de las sedes del European Culture &#038; Creativity, la nueva plataforma europea para fomentar las industrias culturales y creativas"}]},{"@type":"WebSite","@id":"https:\/\/eurecat.org\/es\/#website","url":"https:\/\/eurecat.org\/es\/","name":"Eurecat","description":"Otro sitio realizado con WordPress","potentialAction":[{"@type":"SearchAction","target":{"@type":"EntryPoint","urlTemplate":"https:\/\/eurecat.org\/es\/?s={search_term_string}"},"query-input":{"@type":"PropertyValueSpecification","valueRequired":true,"valueName":"search_term_string"}}],"inLanguage":"es"},{"@type":"Person","@id":"https:\/\/eurecat.org\/es\/#\/schema\/person\/99d4d39712001e7621b6867b27b40bed","name":"EurecatEQZ","image":{"@type":"ImageObject","inLanguage":"es","@id":"https:\/\/secure.gravatar.com\/avatar\/6deb26ca61bcc34263c59cc62bb8b08ff90b67af7f99943babf5d86396845993?s=96&d=mm&r=g","url":"https:\/\/secure.gravatar.com\/avatar\/6deb26ca61bcc34263c59cc62bb8b08ff90b67af7f99943babf5d86396845993?s=96&d=mm&r=g","contentUrl":"https:\/\/secure.gravatar.com\/avatar\/6deb26ca61bcc34263c59cc62bb8b08ff90b67af7f99943babf5d86396845993?s=96&d=mm&r=g","caption":"EurecatEQZ"}}]}},"_links":{"self":[{"href":"https:\/\/eurecat.org\/es\/wp-json\/wp\/v2\/posts\/142120","targetHints":{"allow":["GET"]}}],"collection":[{"href":"https:\/\/eurecat.org\/es\/wp-json\/wp\/v2\/posts"}],"about":[{"href":"https:\/\/eurecat.org\/es\/wp-json\/wp\/v2\/types\/post"}],"author":[{"embeddable":true,"href":"https:\/\/eurecat.org\/es\/wp-json\/wp\/v2\/users\/20"}],"replies":[{"embeddable":true,"href":"https:\/\/eurecat.org\/es\/wp-json\/wp\/v2\/comments?post=142120"}],"version-history":[{"count":1,"href":"https:\/\/eurecat.org\/es\/wp-json\/wp\/v2\/posts\/142120\/revisions"}],"predecessor-version":[{"id":142125,"href":"https:\/\/eurecat.org\/es\/wp-json\/wp\/v2\/posts\/142120\/revisions\/142125"}],"wp:featuredmedia":[{"embeddable":true,"href":"https:\/\/eurecat.org\/es\/wp-json\/wp\/v2\/media\/142123"}],"wp:attachment":[{"href":"https:\/\/eurecat.org\/es\/wp-json\/wp\/v2\/media?parent=142120"}],"wp:term":[{"taxonomy":"category","embeddable":true,"href":"https:\/\/eurecat.org\/es\/wp-json\/wp\/v2\/categories?post=142120"},{"taxonomy":"post_tag","embeddable":true,"href":"https:\/\/eurecat.org\/es\/wp-json\/wp\/v2\/tags?post=142120"}],"curies":[{"name":"wp","href":"https:\/\/api.w.org\/{rel}","templated":true}]}}