{"id":144304,"date":"2023-12-15T08:37:38","date_gmt":"2023-12-15T07:37:38","guid":{"rendered":"https:\/\/eurecat.org\/?p=144304"},"modified":"2023-12-15T08:44:58","modified_gmt":"2023-12-15T07:44:58","slug":"hacia-una-industria-tecnologicamente-mas-potente","status":"publish","type":"post","link":"https:\/\/eurecat.org\/es\/hacia-una-industria-tecnologicamente-mas-potente\/","title":{"rendered":"Hacia una industria tecnol\u00f3gicamente m\u00e1s potente"},"content":{"rendered":"<div class=\"fusion-fullwidth fullwidth-box fusion-builder-row-1 fusion-flex-container has-pattern-background has-mask-background nonhundred-percent-fullwidth non-hundred-percent-height-scrolling\" style=\"--awb-border-radius-top-left:0px;--awb-border-radius-top-right:0px;--awb-border-radius-bottom-right:0px;--awb-border-radius-bottom-left:0px;--awb-flex-wrap:wrap;\" ><div class=\"fusion-builder-row fusion-row fusion-flex-align-items-flex-start fusion-flex-content-wrap\" style=\"max-width:1424.8px;margin-left: calc(-4% \/ 2 );margin-right: calc(-4% \/ 2 );\"><div class=\"fusion-layout-column fusion_builder_column fusion-builder-column-0 fusion_builder_column_1_1 1_1 fusion-flex-column\" style=\"--awb-bg-size:cover;--awb-width-large:100%;--awb-margin-top-large:0px;--awb-spacing-right-large:1.92%;--awb-margin-bottom-large:20px;--awb-spacing-left-large:1.92%;--awb-width-medium:100%;--awb-order-medium:0;--awb-spacing-right-medium:1.92%;--awb-spacing-left-medium:1.92%;--awb-width-small:100%;--awb-order-small:0;--awb-spacing-right-small:1.92%;--awb-spacing-left-small:1.92%;\"><div class=\"fusion-column-wrapper fusion-column-has-shadow fusion-flex-justify-content-flex-start fusion-content-layout-column\"><div class=\"fusion-text fusion-text-1\"><p><img decoding=\"async\" class=\"alignleft wp-image-144300 size-fusion-400\" src=\"https:\/\/eurecat.org\/wp-content\/uploads\/2023\/12\/DanielAltimiras_web-400x267.jpg\" alt=\"Daniel Altimiras, president d'Eurecat\" width=\"400\" height=\"267\" srcset=\"https:\/\/eurecat.org\/wp-content\/uploads\/2023\/12\/DanielAltimiras_web-200x133.jpg 200w, https:\/\/eurecat.org\/wp-content\/uploads\/2023\/12\/DanielAltimiras_web-300x200.jpg 300w, https:\/\/eurecat.org\/wp-content\/uploads\/2023\/12\/DanielAltimiras_web-391x260.jpg 391w, https:\/\/eurecat.org\/wp-content\/uploads\/2023\/12\/DanielAltimiras_web-400x267.jpg 400w, https:\/\/eurecat.org\/wp-content\/uploads\/2023\/12\/DanielAltimiras_web-600x400.jpg 600w, https:\/\/eurecat.org\/wp-content\/uploads\/2023\/12\/DanielAltimiras_web-768x512.jpg 768w, https:\/\/eurecat.org\/wp-content\/uploads\/2023\/12\/DanielAltimiras_web-800x534.jpg 800w, https:\/\/eurecat.org\/wp-content\/uploads\/2023\/12\/DanielAltimiras_web.jpg 886w\" sizes=\"(max-width: 400px) 100vw, 400px\" \/>Es necesaria una apuesta firme por la industria en Catalu\u00f1a, en todas sus etapas, que nos permita avanzar hacia una industria competitiva, de proximidad, reconfigurando cuando proceda las cadenas de suministro, reduciendo las dependencias de terceros y mejorando la autonom\u00eda estrat\u00e9gica; esto permitir\u00eda crear puestos de trabajo y generar mayor valor y bienestar para la sociedad. Este modelo de industria local, de alto valor, supone un progreso econ\u00f3mico y social para el pa\u00eds, pero debe realizarse con una perspectiva y dimensiones europeas, as\u00ed como desde una visi\u00f3n global.<\/p>\n<p>Podemos confirmar que este planteamiento ha quedado de manifiesto en el primer Congreso Eurecat, que ha reunido voces altamente especializadas del ecosistema de la innovaci\u00f3n, la empresa y la tecnolog\u00eda y con el que estrenamos un nuevo evento en nuestro calendario, en sinton\u00eda con nuestra visi\u00f3n de aportar distintos \u00e1ngulos de an\u00e1lisis para identificar las necesidades, riesgos, oportunidades y factores que ayuden al crecimiento de la competitividad y a establecer las prioridades para las propias empresas, administraciones y agentes del ecosistema de innovaci\u00f3n. Celebrado con el lema &#8216;El futuro de nuestra industria&#8217;, el programa de esta primera edici\u00f3n del Congreso Eurecat se ha centrado en el potencial del tejido industrial catal\u00e1n para generar alto valor a\u00f1adido, en el papel de la innovaci\u00f3n para reducir los riesgos derivados del cambio clim\u00e1tico y en los retos y oportunidades de la aplicaci\u00f3n de la inteligencia artificial en la empresa.<\/p>\n<p>El congreso ha evidenciado que el fortalecimiento de la industria catalana es un deseo y un objetivo complejo, que requiere trabajo en equipo, continuado, coordinado y en la misma direcci\u00f3n. En este punto, se ha visto que es fundamental realizar un esfuerzo para que la industria local sea m\u00e1s competitiva, m\u00e1s avanzada tecnol\u00f3gicamente e invierta m\u00e1s en innovaci\u00f3n tecnol\u00f3gica, buscando al m\u00e1ximo la colaboraci\u00f3n p\u00fablico-privada, aprovechando el apoyo del ecosistema de innovaci\u00f3n, centros tecnol\u00f3gicos, universidades y otras empresas, siguiendo el modelo de innovaci\u00f3n abierta.<\/p>\n<p>Una de las ideas m\u00e1s repetidas durante el congreso ha sido la importancia fundamental de la industria, porque crea riqueza y ayuda a la redistribuci\u00f3n de sus beneficios en el conjunto de la sociedad. Esta correlaci\u00f3n entre industria y la prosperidad de un pa\u00eds se traduce en la creaci\u00f3n de empleo, con salarios m\u00e1s elevados que los de otros sectores y con mayor resiliencia.<\/p>\n<p>En este contexto, queda claro que los fondos europeos Next Generation son una oportunidad \u00fanica que es necesario aprovechar, para actuar sobre los factores que creen tejido industrial, en especial en los \u00e1mbitos donde tengamos buenas oportunidades, entre los que figuran palancas clave para el progreso y la competitividad, como la sostenibilidad y la inteligencia artificial.<\/p>\n<p>Para avanzar en esta direcci\u00f3n, desde Eurecat estamos firmemente comprometidos en sumar para el impulso a una reindustrializaci\u00f3n sostenida en el tiempo y fundamentada en la innovaci\u00f3n y el uso de la tecnolog\u00eda, en un escenario en el que se ha evidenciado la importancia estrat\u00e9gica de la industria a nivel internacional y donde son clave los cambios en los h\u00e1bitos de consumo marcados por la concienciaci\u00f3n medioambiental. Estoy convencido de que este enfoque abrir\u00e1 la puerta a nuevos horizontes muy interesantes desde el punto de vista de la innovaci\u00f3n tecnol\u00f3gica y que el a\u00f1o que estamos a punto de empezar nos permitir\u00e1 profundizar en este enfoque como palanca para el progreso que todos queremos, con la sostenibilidad del planeta y el bienestar de las personas como eje central.<\/p>\n<p><strong>Daniel Altimiras<br \/>\n<\/strong><strong>Presidente de Eurecat<\/strong><\/p>\n<\/div><\/div><\/div><\/div><\/div>\n","protected":false},"excerpt":{"rendered":"","protected":false},"author":20,"featured_media":144300,"comment_status":"open","ping_status":"closed","sticky":false,"template":"","format":"standard","meta":{"footnotes":""},"categories":[133,2217],"tags":[],"class_list":["post-144304","post","type-post","status-publish","format-standard","has-post-thumbnail","hentry","category-blog","category-editorial"],"yoast_head":"<!-- This site is optimized with the Yoast SEO plugin v27.5 - https:\/\/yoast.com\/product\/yoast-seo-wordpress\/ -->\n<title>Hacia una industria tecnol\u00f3gicamente m\u00e1s potente - Eurecat<\/title>\n<meta name=\"robots\" content=\"index, follow, max-snippet:-1, max-image-preview:large, max-video-preview:-1\" \/>\n<link rel=\"canonical\" href=\"https:\/\/eurecat.org\/es\/hacia-una-industria-tecnologicamente-mas-potente\/\" \/>\n<meta property=\"og:locale\" content=\"es_ES\" \/>\n<meta property=\"og:type\" content=\"article\" \/>\n<meta property=\"og:title\" content=\"Hacia una industria tecnol\u00f3gicamente m\u00e1s potente - Eurecat\" \/>\n<meta property=\"og:url\" content=\"https:\/\/eurecat.org\/es\/hacia-una-industria-tecnologicamente-mas-potente\/\" \/>\n<meta property=\"og:site_name\" content=\"Eurecat\" \/>\n<meta property=\"article:published_time\" content=\"2023-12-15T07:37:38+00:00\" \/>\n<meta property=\"article:modified_time\" content=\"2023-12-15T07:44:58+00:00\" \/>\n<meta property=\"og:image\" content=\"https:\/\/eurecat.org\/wp-content\/uploads\/2023\/12\/DanielAltimiras_web.jpg\" \/>\n\t<meta property=\"og:image:width\" content=\"886\" \/>\n\t<meta property=\"og:image:height\" content=\"591\" \/>\n\t<meta property=\"og:image:type\" content=\"image\/jpeg\" \/>\n<meta name=\"author\" content=\"EurecatEQZ\" \/>\n<meta name=\"twitter:card\" content=\"summary_large_image\" \/>\n<meta name=\"twitter:label1\" content=\"Escrito por\" \/>\n\t<meta name=\"twitter:data1\" content=\"EurecatEQZ\" \/>\n\t<meta name=\"twitter:label2\" content=\"Tiempo de lectura\" \/>\n\t<meta name=\"twitter:data2\" content=\"6 minutos\" \/>\n<script type=\"application\/ld+json\" class=\"yoast-schema-graph\">{\"@context\":\"https:\\\/\\\/schema.org\",\"@graph\":[{\"@type\":\"Article\",\"@id\":\"https:\\\/\\\/eurecat.org\\\/es\\\/hacia-una-industria-tecnologicamente-mas-potente\\\/#article\",\"isPartOf\":{\"@id\":\"https:\\\/\\\/eurecat.org\\\/es\\\/hacia-una-industria-tecnologicamente-mas-potente\\\/\"},\"author\":{\"name\":\"EurecatEQZ\",\"@id\":\"https:\\\/\\\/eurecat.org\\\/es\\\/#\\\/schema\\\/person\\\/99d4d39712001e7621b6867b27b40bed\"},\"headline\":\"Hacia una industria tecnol\u00f3gicamente m\u00e1s potente\",\"datePublished\":\"2023-12-15T07:37:38+00:00\",\"dateModified\":\"2023-12-15T07:44:58+00:00\",\"mainEntityOfPage\":{\"@id\":\"https:\\\/\\\/eurecat.org\\\/es\\\/hacia-una-industria-tecnologicamente-mas-potente\\\/\"},\"wordCount\":1584,\"commentCount\":0,\"image\":{\"@id\":\"https:\\\/\\\/eurecat.org\\\/es\\\/hacia-una-industria-tecnologicamente-mas-potente\\\/#primaryimage\"},\"thumbnailUrl\":\"https:\\\/\\\/eurecat.org\\\/wp-content\\\/uploads\\\/2023\\\/12\\\/DanielAltimiras_web.jpg\",\"articleSection\":[\"Blog\",\"Editorial\"],\"inLanguage\":\"es\",\"potentialAction\":[{\"@type\":\"CommentAction\",\"name\":\"Comment\",\"target\":[\"https:\\\/\\\/eurecat.org\\\/es\\\/hacia-una-industria-tecnologicamente-mas-potente\\\/#respond\"]}]},{\"@type\":\"WebPage\",\"@id\":\"https:\\\/\\\/eurecat.org\\\/es\\\/hacia-una-industria-tecnologicamente-mas-potente\\\/\",\"url\":\"https:\\\/\\\/eurecat.org\\\/es\\\/hacia-una-industria-tecnologicamente-mas-potente\\\/\",\"name\":\"Hacia una industria tecnol\u00f3gicamente m\u00e1s potente - Eurecat\",\"isPartOf\":{\"@id\":\"https:\\\/\\\/eurecat.org\\\/es\\\/#website\"},\"primaryImageOfPage\":{\"@id\":\"https:\\\/\\\/eurecat.org\\\/es\\\/hacia-una-industria-tecnologicamente-mas-potente\\\/#primaryimage\"},\"image\":{\"@id\":\"https:\\\/\\\/eurecat.org\\\/es\\\/hacia-una-industria-tecnologicamente-mas-potente\\\/#primaryimage\"},\"thumbnailUrl\":\"https:\\\/\\\/eurecat.org\\\/wp-content\\\/uploads\\\/2023\\\/12\\\/DanielAltimiras_web.jpg\",\"datePublished\":\"2023-12-15T07:37:38+00:00\",\"dateModified\":\"2023-12-15T07:44:58+00:00\",\"author\":{\"@id\":\"https:\\\/\\\/eurecat.org\\\/es\\\/#\\\/schema\\\/person\\\/99d4d39712001e7621b6867b27b40bed\"},\"breadcrumb\":{\"@id\":\"https:\\\/\\\/eurecat.org\\\/es\\\/hacia-una-industria-tecnologicamente-mas-potente\\\/#breadcrumb\"},\"inLanguage\":\"es\",\"potentialAction\":[{\"@type\":\"ReadAction\",\"target\":[\"https:\\\/\\\/eurecat.org\\\/es\\\/hacia-una-industria-tecnologicamente-mas-potente\\\/\"]}]},{\"@type\":\"ImageObject\",\"inLanguage\":\"es\",\"@id\":\"https:\\\/\\\/eurecat.org\\\/es\\\/hacia-una-industria-tecnologicamente-mas-potente\\\/#primaryimage\",\"url\":\"https:\\\/\\\/eurecat.org\\\/wp-content\\\/uploads\\\/2023\\\/12\\\/DanielAltimiras_web.jpg\",\"contentUrl\":\"https:\\\/\\\/eurecat.org\\\/wp-content\\\/uploads\\\/2023\\\/12\\\/DanielAltimiras_web.jpg\",\"width\":886,\"height\":591,\"caption\":\"Daniel Altimiras, president d'Eurecat\"},{\"@type\":\"BreadcrumbList\",\"@id\":\"https:\\\/\\\/eurecat.org\\\/es\\\/hacia-una-industria-tecnologicamente-mas-potente\\\/#breadcrumb\",\"itemListElement\":[{\"@type\":\"ListItem\",\"position\":1,\"name\":\"Inici\",\"item\":\"https:\\\/\\\/eurecat.org\\\/es\\\/\"},{\"@type\":\"ListItem\",\"position\":2,\"name\":\"Hacia una industria tecnol\u00f3gicamente m\u00e1s potente\"}]},{\"@type\":\"WebSite\",\"@id\":\"https:\\\/\\\/eurecat.org\\\/es\\\/#website\",\"url\":\"https:\\\/\\\/eurecat.org\\\/es\\\/\",\"name\":\"Eurecat\",\"description\":\"Otro sitio realizado con WordPress\",\"potentialAction\":[{\"@type\":\"SearchAction\",\"target\":{\"@type\":\"EntryPoint\",\"urlTemplate\":\"https:\\\/\\\/eurecat.org\\\/es\\\/?s={search_term_string}\"},\"query-input\":{\"@type\":\"PropertyValueSpecification\",\"valueRequired\":true,\"valueName\":\"search_term_string\"}}],\"inLanguage\":\"es\"},{\"@type\":\"Person\",\"@id\":\"https:\\\/\\\/eurecat.org\\\/es\\\/#\\\/schema\\\/person\\\/99d4d39712001e7621b6867b27b40bed\",\"name\":\"EurecatEQZ\",\"image\":{\"@type\":\"ImageObject\",\"inLanguage\":\"es\",\"@id\":\"https:\\\/\\\/secure.gravatar.com\\\/avatar\\\/6deb26ca61bcc34263c59cc62bb8b08ff90b67af7f99943babf5d86396845993?s=96&d=mm&r=g\",\"url\":\"https:\\\/\\\/secure.gravatar.com\\\/avatar\\\/6deb26ca61bcc34263c59cc62bb8b08ff90b67af7f99943babf5d86396845993?s=96&d=mm&r=g\",\"contentUrl\":\"https:\\\/\\\/secure.gravatar.com\\\/avatar\\\/6deb26ca61bcc34263c59cc62bb8b08ff90b67af7f99943babf5d86396845993?s=96&d=mm&r=g\",\"caption\":\"EurecatEQZ\"}}]}<\/script>\n<!-- \/ Yoast SEO plugin. -->","yoast_head_json":{"title":"Hacia una industria tecnol\u00f3gicamente m\u00e1s potente - Eurecat","robots":{"index":"index","follow":"follow","max-snippet":"max-snippet:-1","max-image-preview":"max-image-preview:large","max-video-preview":"max-video-preview:-1"},"canonical":"https:\/\/eurecat.org\/es\/hacia-una-industria-tecnologicamente-mas-potente\/","og_locale":"es_ES","og_type":"article","og_title":"Hacia una industria tecnol\u00f3gicamente m\u00e1s potente - Eurecat","og_url":"https:\/\/eurecat.org\/es\/hacia-una-industria-tecnologicamente-mas-potente\/","og_site_name":"Eurecat","article_published_time":"2023-12-15T07:37:38+00:00","article_modified_time":"2023-12-15T07:44:58+00:00","og_image":[{"width":886,"height":591,"url":"https:\/\/eurecat.org\/wp-content\/uploads\/2023\/12\/DanielAltimiras_web.jpg","type":"image\/jpeg"}],"author":"EurecatEQZ","twitter_card":"summary_large_image","twitter_misc":{"Escrito por":"EurecatEQZ","Tiempo de lectura":"6 minutos"},"schema":{"@context":"https:\/\/schema.org","@graph":[{"@type":"Article","@id":"https:\/\/eurecat.org\/es\/hacia-una-industria-tecnologicamente-mas-potente\/#article","isPartOf":{"@id":"https:\/\/eurecat.org\/es\/hacia-una-industria-tecnologicamente-mas-potente\/"},"author":{"name":"EurecatEQZ","@id":"https:\/\/eurecat.org\/es\/#\/schema\/person\/99d4d39712001e7621b6867b27b40bed"},"headline":"Hacia una industria tecnol\u00f3gicamente m\u00e1s potente","datePublished":"2023-12-15T07:37:38+00:00","dateModified":"2023-12-15T07:44:58+00:00","mainEntityOfPage":{"@id":"https:\/\/eurecat.org\/es\/hacia-una-industria-tecnologicamente-mas-potente\/"},"wordCount":1584,"commentCount":0,"image":{"@id":"https:\/\/eurecat.org\/es\/hacia-una-industria-tecnologicamente-mas-potente\/#primaryimage"},"thumbnailUrl":"https:\/\/eurecat.org\/wp-content\/uploads\/2023\/12\/DanielAltimiras_web.jpg","articleSection":["Blog","Editorial"],"inLanguage":"es","potentialAction":[{"@type":"CommentAction","name":"Comment","target":["https:\/\/eurecat.org\/es\/hacia-una-industria-tecnologicamente-mas-potente\/#respond"]}]},{"@type":"WebPage","@id":"https:\/\/eurecat.org\/es\/hacia-una-industria-tecnologicamente-mas-potente\/","url":"https:\/\/eurecat.org\/es\/hacia-una-industria-tecnologicamente-mas-potente\/","name":"Hacia una industria tecnol\u00f3gicamente m\u00e1s potente - Eurecat","isPartOf":{"@id":"https:\/\/eurecat.org\/es\/#website"},"primaryImageOfPage":{"@id":"https:\/\/eurecat.org\/es\/hacia-una-industria-tecnologicamente-mas-potente\/#primaryimage"},"image":{"@id":"https:\/\/eurecat.org\/es\/hacia-una-industria-tecnologicamente-mas-potente\/#primaryimage"},"thumbnailUrl":"https:\/\/eurecat.org\/wp-content\/uploads\/2023\/12\/DanielAltimiras_web.jpg","datePublished":"2023-12-15T07:37:38+00:00","dateModified":"2023-12-15T07:44:58+00:00","author":{"@id":"https:\/\/eurecat.org\/es\/#\/schema\/person\/99d4d39712001e7621b6867b27b40bed"},"breadcrumb":{"@id":"https:\/\/eurecat.org\/es\/hacia-una-industria-tecnologicamente-mas-potente\/#breadcrumb"},"inLanguage":"es","potentialAction":[{"@type":"ReadAction","target":["https:\/\/eurecat.org\/es\/hacia-una-industria-tecnologicamente-mas-potente\/"]}]},{"@type":"ImageObject","inLanguage":"es","@id":"https:\/\/eurecat.org\/es\/hacia-una-industria-tecnologicamente-mas-potente\/#primaryimage","url":"https:\/\/eurecat.org\/wp-content\/uploads\/2023\/12\/DanielAltimiras_web.jpg","contentUrl":"https:\/\/eurecat.org\/wp-content\/uploads\/2023\/12\/DanielAltimiras_web.jpg","width":886,"height":591,"caption":"Daniel Altimiras, president d'Eurecat"},{"@type":"BreadcrumbList","@id":"https:\/\/eurecat.org\/es\/hacia-una-industria-tecnologicamente-mas-potente\/#breadcrumb","itemListElement":[{"@type":"ListItem","position":1,"name":"Inici","item":"https:\/\/eurecat.org\/es\/"},{"@type":"ListItem","position":2,"name":"Hacia una industria tecnol\u00f3gicamente m\u00e1s potente"}]},{"@type":"WebSite","@id":"https:\/\/eurecat.org\/es\/#website","url":"https:\/\/eurecat.org\/es\/","name":"Eurecat","description":"Otro sitio realizado con WordPress","potentialAction":[{"@type":"SearchAction","target":{"@type":"EntryPoint","urlTemplate":"https:\/\/eurecat.org\/es\/?s={search_term_string}"},"query-input":{"@type":"PropertyValueSpecification","valueRequired":true,"valueName":"search_term_string"}}],"inLanguage":"es"},{"@type":"Person","@id":"https:\/\/eurecat.org\/es\/#\/schema\/person\/99d4d39712001e7621b6867b27b40bed","name":"EurecatEQZ","image":{"@type":"ImageObject","inLanguage":"es","@id":"https:\/\/secure.gravatar.com\/avatar\/6deb26ca61bcc34263c59cc62bb8b08ff90b67af7f99943babf5d86396845993?s=96&d=mm&r=g","url":"https:\/\/secure.gravatar.com\/avatar\/6deb26ca61bcc34263c59cc62bb8b08ff90b67af7f99943babf5d86396845993?s=96&d=mm&r=g","contentUrl":"https:\/\/secure.gravatar.com\/avatar\/6deb26ca61bcc34263c59cc62bb8b08ff90b67af7f99943babf5d86396845993?s=96&d=mm&r=g","caption":"EurecatEQZ"}}]}},"_links":{"self":[{"href":"https:\/\/eurecat.org\/es\/wp-json\/wp\/v2\/posts\/144304","targetHints":{"allow":["GET"]}}],"collection":[{"href":"https:\/\/eurecat.org\/es\/wp-json\/wp\/v2\/posts"}],"about":[{"href":"https:\/\/eurecat.org\/es\/wp-json\/wp\/v2\/types\/post"}],"author":[{"embeddable":true,"href":"https:\/\/eurecat.org\/es\/wp-json\/wp\/v2\/users\/20"}],"replies":[{"embeddable":true,"href":"https:\/\/eurecat.org\/es\/wp-json\/wp\/v2\/comments?post=144304"}],"version-history":[{"count":1,"href":"https:\/\/eurecat.org\/es\/wp-json\/wp\/v2\/posts\/144304\/revisions"}],"predecessor-version":[{"id":144306,"href":"https:\/\/eurecat.org\/es\/wp-json\/wp\/v2\/posts\/144304\/revisions\/144306"}],"wp:featuredmedia":[{"embeddable":true,"href":"https:\/\/eurecat.org\/es\/wp-json\/wp\/v2\/media\/144300"}],"wp:attachment":[{"href":"https:\/\/eurecat.org\/es\/wp-json\/wp\/v2\/media?parent=144304"}],"wp:term":[{"taxonomy":"category","embeddable":true,"href":"https:\/\/eurecat.org\/es\/wp-json\/wp\/v2\/categories?post=144304"},{"taxonomy":"post_tag","embeddable":true,"href":"https:\/\/eurecat.org\/es\/wp-json\/wp\/v2\/tags?post=144304"}],"curies":[{"name":"wp","href":"https:\/\/api.w.org\/{rel}","templated":true}]}}