{"id":144568,"date":"2023-12-21T11:47:42","date_gmt":"2023-12-21T10:47:42","guid":{"rendered":"https:\/\/eurecat.org\/?p=144568"},"modified":"2023-12-21T11:50:52","modified_gmt":"2023-12-21T10:50:52","slug":"eurecat-apunta-a-la-inteligencia-artificial-generativa-como-la-tendencia-tecnologica-que-marcara-el-ano-2024","status":"publish","type":"post","link":"https:\/\/eurecat.org\/es\/eurecat-apunta-a-la-inteligencia-artificial-generativa-como-la-tendencia-tecnologica-que-marcara-el-ano-2024\/","title":{"rendered":"Eurecat apunta a la Inteligencia Artificial Generativa como la tendencia tecnol\u00f3gica que marcar\u00e1 el a\u00f1o 2024"},"content":{"rendered":"<div class=\"fusion-fullwidth fullwidth-box fusion-builder-row-1 fusion-flex-container has-pattern-background has-mask-background nonhundred-percent-fullwidth non-hundred-percent-height-scrolling\" style=\"--awb-border-radius-top-left:0px;--awb-border-radius-top-right:0px;--awb-border-radius-bottom-right:0px;--awb-border-radius-bottom-left:0px;--awb-flex-wrap:wrap;\" ><div class=\"fusion-builder-row fusion-row fusion-flex-align-items-flex-start fusion-flex-content-wrap\" style=\"max-width:1424.8px;margin-left: calc(-4% \/ 2 );margin-right: calc(-4% \/ 2 );\"><div class=\"fusion-layout-column fusion_builder_column fusion-builder-column-0 fusion_builder_column_1_1 1_1 fusion-flex-column\" style=\"--awb-bg-size:cover;--awb-width-large:100%;--awb-margin-top-large:0px;--awb-spacing-right-large:1.92%;--awb-margin-bottom-large:20px;--awb-spacing-left-large:1.92%;--awb-width-medium:100%;--awb-order-medium:0;--awb-spacing-right-medium:1.92%;--awb-spacing-left-medium:1.92%;--awb-width-small:100%;--awb-order-small:0;--awb-spacing-right-small:1.92%;--awb-spacing-left-small:1.92%;\"><div class=\"fusion-column-wrapper fusion-column-has-shadow fusion-flex-justify-content-flex-start fusion-content-layout-column\"><div class=\"fusion-text fusion-text-1\"><p>El centro tecnol\u00f3gico <a href=\"https:\/\/eurecat.org\/\">Eurecat<\/a> prev\u00e9 que 2024 ser\u00e1 el a\u00f1o de la explotaci\u00f3n de la Inteligencia Artificial Generativa, que dar\u00e1 lugar a soluciones desarrolladas para una gran cantidad de sectores, incluyendo la salud, la construcci\u00f3n, la manufactura, la educaci\u00f3n, las finanzas, el comercio y la administraci\u00f3n.<\/p>\n<p>A este respecto el director cient\u00edfico de Eurecat, Daniel Casellas, pone de relieve \u201cel enorme potencial que se abre para conseguir que los nuevos desarrollos tecnol\u00f3gicos en el \u00e1mbito de la Inteligencia Artificial Generativa se transfieran a los diferentes sectores, de modo que las soluciones generen nuevas oportunidades, sean sostenibles y refuercen la resiliencia industrial\u201d.<\/p>\n<p>Seg\u00fan subraya la directora cient\u00edfica del \u00c1rea Digital de Eurecat, Mar\u00eda Eugenia Fuenmayor, la Inteligencia Artificial Generativa \u201cha causado un gran impacto y sin duda seguir\u00e1 siendo tendencia en 2024, donde evolucionar\u00e1 a modelos m\u00e1s avanzados, multimodales, con m\u00e1s eficiencia y precisi\u00f3n que los actuales y con mejoras en la \u00e9tica y transparencia de los resultados\u201d.<\/p>\n<p>\u201cComo toda tecnolog\u00eda de reciente trayectoria y, en este caso, adem\u00e1s de enorme poder de transformaci\u00f3n, la IA Generativa est\u00e1 siendo objeto de reflexi\u00f3n por parte de las empresas en c\u00f3mo utilizar su gran capacidad de generaci\u00f3n de contenidos, como por ejemplo textos, im\u00e1genes, v\u00eddeos, c\u00f3digo y audio para innovar y aumentar la productividad y creatividad\u201d, se\u00f1ala Mar\u00eda Eugenia Fuenmayor.<\/p>\n<p>Sin embargo, especifica, para poder entrar definitivamente en los procesos autom\u00e1ticos de las empresas, los grandes modelos de lenguaje \u201cdeben mejorar en diversos aspectos, como la enorme cantidad de recursos que consumen, la adaptaci\u00f3n de los modelos a necesidades espec\u00edficas, la poca explicabilidad de sus resultados y la posibilidad de incluir sesgo e informaci\u00f3n incorrecta en las respuestas\u201d.<\/p>\n<p>Para mitigarlo, seg\u00fan expone la directora cient\u00edfica del \u00c1rea Digital de Eurecat, en 2024 \u201cincluir\u00e1 tendencias que acompa\u00f1ar\u00e1n a los grandes modelos de lenguaje y la AI Generativa en general en el proceso evolutivo, especialmente la IA \u00e9tica, incluyendo temas de privacidad, sesgo, discriminaci\u00f3n y explicabilidad, la IA cu\u00e1ntica a nivel de exploraci\u00f3n y la ciberseguridad\u201d.<\/p>\n<p><strong>El a\u00f1o de la IA Generativa en la industria<\/strong><\/p>\n<p>Seg\u00fan el director cient\u00edfico del \u00c1rea Industrial de Eurecat, Ricard Jim\u00e9nez, durante el pr\u00f3ximo a\u00f1o \u201cla IA Generativa tambi\u00e9n ir\u00e1 ganando terreno en el mundo de la manufactura y se posicionar\u00e1 en pr\u00e1cticamente todos los eslabones de las cadenas de suministro de muchos sectores, con el objetivo principal de optimizarlas, para mejorar eficiencia, incrementar calidad, reducir costes, acelerar procesos o reducir riesgos\u201d.<\/p>\n<p>De acuerdo con su visi\u00f3n, \u201cesta tendencia se abrir\u00e1 a todos los sectores donde exista dise\u00f1o de producto, donde los softwares de dise\u00f1o generativo podr\u00e1n volcar grandes cantidades de propuestas de dise\u00f1o cumpliendo los requerimientos preestablecidos por el usuario\u201d.<\/p>\n<p>En opini\u00f3n del director cient\u00edfico del \u00c1rea Industrial de Eurecat, \u201clos \u00e1mbitos del control de la calidad y el mantenimiento predictivo tambi\u00e9n ser\u00e1n invadidos por los algoritmos de machine learning, que cada vez estar\u00e1n mejor entrenados, por lo que ser\u00e1n capaces de detectar cualquiera patr\u00f3n de datos que prevea tanto una quiebra de la m\u00e1quina como un defecto de producto\u201d.<\/p>\n<p>Asimismo, argumenta, \u201cla mezcla de los modelos de AI Generativa y los Digital Twins tambi\u00e9n catapultar\u00e1n la planificaci\u00f3n de la producci\u00f3n y la log\u00edstica a un nuevo nivel, dado que se podr\u00e1n simular gran cantidad de escenarios y predecir oferta-demanda, disponibilidad de materias primas y todo tipo de recursos\u201d.<\/p>\n<p>A su vez, \u201cla IA Generativa tambi\u00e9n ser\u00e1 un facilitador para la expansi\u00f3n de la automatizaci\u00f3n de procesos industriales y, en particular, la rob\u00f3tica, que dar\u00e1 un gran salto, donde una de las aplicaciones m\u00e1s disruptivas la veremos en la interacci\u00f3n humano-robot\u201d, un aspecto que propiciar\u00e1 la aparici\u00f3n de los primeros robots en el \u00e1mbito de la salud y atenci\u00f3n al cliente, como es el caso de un prototipo de robot asistencial para aplicaciones de salud mental que est\u00e1 desarrollando Eurecat.<\/p>\n<p><strong>La Inteligencia Artificial Generativa, protagonista tambi\u00e9n en el sector de la salud<\/strong><\/p>\n<p>En palabras del director cient\u00edfico del \u00c1rea de Biotecnolog\u00eda de Eurecat, Francesc Puiggr\u00f2s, \u201cse percibe que la explosi\u00f3n del potencial de la Inteligencia Artificial Generativa ser\u00e1 protagonista tambi\u00e9n en el sector de la salud\u201d.<\/p>\n<p>En paralelo al establecimiento de las bases del marco normativo para su uso, la capacidad de esta tecnolog\u00eda \u201cpara ir m\u00e1s all\u00e1 del uso de algoritmos definidos y patrones existentes, y poder utilizar redes neuronales de aprendizaje autom\u00e1tico para generar un contenido que simula la creatividad humana, ser\u00e1 clave para aplicar las Big Data del sector salud, interpretar ingentes cantidades de datos biol\u00f3gicos y acelerar la innovaci\u00f3n\u201d en este \u00e1mbito.<\/p>\n<p>Como ejemplos, Francesc Puiggr\u00f2s apunta \u201ca la automatizaci\u00f3n de procesos para acelerar el descubrimiento de principios biol\u00f3gicos para ser aplicados en el sector farmac\u00e9utico o en el alimentario, el an\u00e1lisis autom\u00e1tico de texto cient\u00edfico para optimizar el dise\u00f1o experimental para validarlos y descubrir nuevos productos eficientes para el bienestar humano o la detecci\u00f3n y clasificaci\u00f3n de im\u00e1genes para detectar, diagnosticar y tratar, en un tiempo hasta ahora impensable, gradaciones de tumores o s\u00edntomas de patolog\u00edas incipientes\u201d.<\/p>\n<p><strong>Circularidad de los metales en los ciclos urbanos e industriales<\/strong><\/p>\n<p>Desde el punto de vista medioambiental, la circularidad de las aleaciones met\u00e1licas en los ciclos urbanos e industriales ser\u00e1 una tendencia clave durante 2024, en un contexto donde \u201cglobalmente nos enfrentamos a retos significativos, como el cambio clim\u00e1tico, la descarbonizaci\u00f3n y el aseguramiento de acceso a fuentes de energ\u00eda y agua seguras, as\u00ed como a la disponibilidad de recursos cr\u00edticos\u201d, indica el director cient\u00edfico del \u00c1rea de Sostenibilidad de Eurecat, Joan de Pablo.<\/p>\n<p>Actualmente, argumenta, Europa \u201cpresenta una alta dependencia de importaciones de elementos y concentrados de elementos cr\u00edticos, puesto que los recursos primarios del continente no son suficientes para cubrir la mayor\u00eda de estos materiales\u201d. Este hecho, explica, ha dado lugar al uso de fuentes secundarias, \u201cpromoviendo el reciclaje de los ciclos urbanos e industriales de estos materiales, as\u00ed como la exploraci\u00f3n de fuentes alternativas, la sustituci\u00f3n por otros elementos no cr\u00edticos o la reducci\u00f3n de su utilizaci\u00f3n o contenido, siguiendo el principio de sustituci\u00f3n\u201d.<\/p>\n<p>En su opini\u00f3n, ambas estrategias \u201cson fundamentales para asegurar un suministro a largo plazo y para ser menos dependientes de las limitaciones geopol\u00edticas\u201d.<\/p>\n<p>De acuerdo con su visi\u00f3n, los elementos tecnol\u00f3gicos \u201cson fundamentales para la econom\u00eda en general y para el desarrollo de productos y tecnolog\u00edas destinadas a impulsar una transici\u00f3n hacia una sociedad descarbonizada\u201d, dentro de un concepto que \u201cabarca aquellos elementos que desempe\u00f1an un papel clave en este contexto, tanto a nivel europeo como en cualquier regi\u00f3n industrializada\u201d.<\/p>\n<p>Dentro de la Uni\u00f3n Europea, estos elementos se han clasificado como materias primas cr\u00edticas, entre las cuales est\u00e1n el litio, los metales llamados tierras raras, el cobalto, el f\u00f3sforo, el titanio y el magnesio, entre otros. En este marco, el programa sobre materias cr\u00edticas tiene como objetivo principal \u201cfomentar una sociedad competitiva y sostenible, por la que es esencial disponer de estos materiales en cantidades suficientes y a costes competitivos\u201d, detalla el director cient\u00edfico del \u00c1rea de Sostenibilidad de Eurecat.<\/p>\n<\/div><\/div><\/div><\/div><\/div>\n","protected":false},"excerpt":{"rendered":"","protected":false},"author":20,"featured_media":144566,"comment_status":"open","ping_status":"closed","sticky":false,"template":"","format":"standard","meta":{"footnotes":""},"categories":[1907,2273,134,2283,2285,411,2289],"tags":[],"class_list":["post-144568","post","type-post","status-publish","format-standard","has-post-thumbnail","hentry","category-construccion","category-finanzas-y-seguros","category-notas-de-prensa","category-salud","category-sector-publico","category-sostenibilidad","category-tic-es"],"yoast_head":"<!-- This site is optimized with the Yoast SEO plugin v27.4 - https:\/\/yoast.com\/product\/yoast-seo-wordpress\/ -->\n<title>Eurecat apunta a la Inteligencia Artificial Generativa como la tendencia tecnol\u00f3gica que marcar\u00e1 el a\u00f1o 2024 - Eurecat<\/title>\n<meta name=\"robots\" content=\"index, follow, max-snippet:-1, max-image-preview:large, max-video-preview:-1\" \/>\n<link rel=\"canonical\" href=\"https:\/\/eurecat.org\/es\/eurecat-apunta-a-la-inteligencia-artificial-generativa-como-la-tendencia-tecnologica-que-marcara-el-ano-2024\/\" \/>\n<meta property=\"og:locale\" content=\"es_ES\" \/>\n<meta property=\"og:type\" content=\"article\" \/>\n<meta property=\"og:title\" content=\"Eurecat apunta a la Inteligencia Artificial Generativa como la tendencia tecnol\u00f3gica que marcar\u00e1 el a\u00f1o 2024 - Eurecat\" \/>\n<meta property=\"og:url\" content=\"https:\/\/eurecat.org\/es\/eurecat-apunta-a-la-inteligencia-artificial-generativa-como-la-tendencia-tecnologica-que-marcara-el-ano-2024\/\" \/>\n<meta property=\"og:site_name\" content=\"Eurecat\" \/>\n<meta property=\"article:published_time\" content=\"2023-12-21T10:47:42+00:00\" \/>\n<meta property=\"article:modified_time\" content=\"2023-12-21T10:50:52+00:00\" \/>\n<meta property=\"og:image\" content=\"https:\/\/eurecat.org\/wp-content\/uploads\/2023\/12\/IA_abstract_800px.jpg\" \/>\n\t<meta property=\"og:image:width\" content=\"800\" \/>\n\t<meta property=\"og:image:height\" content=\"450\" \/>\n\t<meta property=\"og:image:type\" content=\"image\/jpeg\" \/>\n<meta name=\"author\" content=\"EurecatEQZ\" \/>\n<meta name=\"twitter:card\" content=\"summary_large_image\" \/>\n<meta name=\"twitter:label1\" content=\"Escrito por\" \/>\n\t<meta name=\"twitter:data1\" content=\"EurecatEQZ\" \/>\n\t<meta name=\"twitter:label2\" content=\"Tiempo de lectura\" \/>\n\t<meta name=\"twitter:data2\" content=\"7 minutos\" \/>\n<script type=\"application\/ld+json\" class=\"yoast-schema-graph\">{\"@context\":\"https:\\\/\\\/schema.org\",\"@graph\":[{\"@type\":\"Article\",\"@id\":\"https:\\\/\\\/eurecat.org\\\/es\\\/eurecat-apunta-a-la-inteligencia-artificial-generativa-como-la-tendencia-tecnologica-que-marcara-el-ano-2024\\\/#article\",\"isPartOf\":{\"@id\":\"https:\\\/\\\/eurecat.org\\\/es\\\/eurecat-apunta-a-la-inteligencia-artificial-generativa-como-la-tendencia-tecnologica-que-marcara-el-ano-2024\\\/\"},\"author\":{\"name\":\"EurecatEQZ\",\"@id\":\"https:\\\/\\\/eurecat.org\\\/es\\\/#\\\/schema\\\/person\\\/99d4d39712001e7621b6867b27b40bed\"},\"headline\":\"Eurecat apunta a la Inteligencia Artificial Generativa como la tendencia tecnol\u00f3gica que marcar\u00e1 el a\u00f1o 2024\",\"datePublished\":\"2023-12-21T10:47:42+00:00\",\"dateModified\":\"2023-12-21T10:50:52+00:00\",\"mainEntityOfPage\":{\"@id\":\"https:\\\/\\\/eurecat.org\\\/es\\\/eurecat-apunta-a-la-inteligencia-artificial-generativa-como-la-tendencia-tecnologica-que-marcara-el-ano-2024\\\/\"},\"wordCount\":2240,\"commentCount\":0,\"image\":{\"@id\":\"https:\\\/\\\/eurecat.org\\\/es\\\/eurecat-apunta-a-la-inteligencia-artificial-generativa-como-la-tendencia-tecnologica-que-marcara-el-ano-2024\\\/#primaryimage\"},\"thumbnailUrl\":\"https:\\\/\\\/eurecat.org\\\/wp-content\\\/uploads\\\/2023\\\/12\\\/IA_abstract_800px.jpg\",\"articleSection\":[\"Construcci\u00f3n\",\"Finanzas y Seguros\",\"Notas de prensa\",\"Salud\",\"Sector P\u00fablico\",\"Sostenibilidad\",\"Tic\"],\"inLanguage\":\"es\",\"potentialAction\":[{\"@type\":\"CommentAction\",\"name\":\"Comment\",\"target\":[\"https:\\\/\\\/eurecat.org\\\/es\\\/eurecat-apunta-a-la-inteligencia-artificial-generativa-como-la-tendencia-tecnologica-que-marcara-el-ano-2024\\\/#respond\"]}]},{\"@type\":\"WebPage\",\"@id\":\"https:\\\/\\\/eurecat.org\\\/es\\\/eurecat-apunta-a-la-inteligencia-artificial-generativa-como-la-tendencia-tecnologica-que-marcara-el-ano-2024\\\/\",\"url\":\"https:\\\/\\\/eurecat.org\\\/es\\\/eurecat-apunta-a-la-inteligencia-artificial-generativa-como-la-tendencia-tecnologica-que-marcara-el-ano-2024\\\/\",\"name\":\"Eurecat apunta a la Inteligencia Artificial Generativa como la tendencia tecnol\u00f3gica que marcar\u00e1 el a\u00f1o 2024 - Eurecat\",\"isPartOf\":{\"@id\":\"https:\\\/\\\/eurecat.org\\\/es\\\/#website\"},\"primaryImageOfPage\":{\"@id\":\"https:\\\/\\\/eurecat.org\\\/es\\\/eurecat-apunta-a-la-inteligencia-artificial-generativa-como-la-tendencia-tecnologica-que-marcara-el-ano-2024\\\/#primaryimage\"},\"image\":{\"@id\":\"https:\\\/\\\/eurecat.org\\\/es\\\/eurecat-apunta-a-la-inteligencia-artificial-generativa-como-la-tendencia-tecnologica-que-marcara-el-ano-2024\\\/#primaryimage\"},\"thumbnailUrl\":\"https:\\\/\\\/eurecat.org\\\/wp-content\\\/uploads\\\/2023\\\/12\\\/IA_abstract_800px.jpg\",\"datePublished\":\"2023-12-21T10:47:42+00:00\",\"dateModified\":\"2023-12-21T10:50:52+00:00\",\"author\":{\"@id\":\"https:\\\/\\\/eurecat.org\\\/es\\\/#\\\/schema\\\/person\\\/99d4d39712001e7621b6867b27b40bed\"},\"breadcrumb\":{\"@id\":\"https:\\\/\\\/eurecat.org\\\/es\\\/eurecat-apunta-a-la-inteligencia-artificial-generativa-como-la-tendencia-tecnologica-que-marcara-el-ano-2024\\\/#breadcrumb\"},\"inLanguage\":\"es\",\"potentialAction\":[{\"@type\":\"ReadAction\",\"target\":[\"https:\\\/\\\/eurecat.org\\\/es\\\/eurecat-apunta-a-la-inteligencia-artificial-generativa-como-la-tendencia-tecnologica-que-marcara-el-ano-2024\\\/\"]}]},{\"@type\":\"ImageObject\",\"inLanguage\":\"es\",\"@id\":\"https:\\\/\\\/eurecat.org\\\/es\\\/eurecat-apunta-a-la-inteligencia-artificial-generativa-como-la-tendencia-tecnologica-que-marcara-el-ano-2024\\\/#primaryimage\",\"url\":\"https:\\\/\\\/eurecat.org\\\/wp-content\\\/uploads\\\/2023\\\/12\\\/IA_abstract_800px.jpg\",\"contentUrl\":\"https:\\\/\\\/eurecat.org\\\/wp-content\\\/uploads\\\/2023\\\/12\\\/IA_abstract_800px.jpg\",\"width\":800,\"height\":450},{\"@type\":\"BreadcrumbList\",\"@id\":\"https:\\\/\\\/eurecat.org\\\/es\\\/eurecat-apunta-a-la-inteligencia-artificial-generativa-como-la-tendencia-tecnologica-que-marcara-el-ano-2024\\\/#breadcrumb\",\"itemListElement\":[{\"@type\":\"ListItem\",\"position\":1,\"name\":\"Inici\",\"item\":\"https:\\\/\\\/eurecat.org\\\/es\\\/\"},{\"@type\":\"ListItem\",\"position\":2,\"name\":\"Eurecat apunta a la Inteligencia Artificial Generativa como la tendencia tecnol\u00f3gica que marcar\u00e1 el a\u00f1o 2024\"}]},{\"@type\":\"WebSite\",\"@id\":\"https:\\\/\\\/eurecat.org\\\/es\\\/#website\",\"url\":\"https:\\\/\\\/eurecat.org\\\/es\\\/\",\"name\":\"Eurecat\",\"description\":\"Otro sitio realizado con WordPress\",\"potentialAction\":[{\"@type\":\"SearchAction\",\"target\":{\"@type\":\"EntryPoint\",\"urlTemplate\":\"https:\\\/\\\/eurecat.org\\\/es\\\/?s={search_term_string}\"},\"query-input\":{\"@type\":\"PropertyValueSpecification\",\"valueRequired\":true,\"valueName\":\"search_term_string\"}}],\"inLanguage\":\"es\"},{\"@type\":\"Person\",\"@id\":\"https:\\\/\\\/eurecat.org\\\/es\\\/#\\\/schema\\\/person\\\/99d4d39712001e7621b6867b27b40bed\",\"name\":\"EurecatEQZ\",\"image\":{\"@type\":\"ImageObject\",\"inLanguage\":\"es\",\"@id\":\"https:\\\/\\\/secure.gravatar.com\\\/avatar\\\/6deb26ca61bcc34263c59cc62bb8b08ff90b67af7f99943babf5d86396845993?s=96&d=mm&r=g\",\"url\":\"https:\\\/\\\/secure.gravatar.com\\\/avatar\\\/6deb26ca61bcc34263c59cc62bb8b08ff90b67af7f99943babf5d86396845993?s=96&d=mm&r=g\",\"contentUrl\":\"https:\\\/\\\/secure.gravatar.com\\\/avatar\\\/6deb26ca61bcc34263c59cc62bb8b08ff90b67af7f99943babf5d86396845993?s=96&d=mm&r=g\",\"caption\":\"EurecatEQZ\"}}]}<\/script>\n<!-- \/ Yoast SEO plugin. -->","yoast_head_json":{"title":"Eurecat apunta a la Inteligencia Artificial Generativa como la tendencia tecnol\u00f3gica que marcar\u00e1 el a\u00f1o 2024 - Eurecat","robots":{"index":"index","follow":"follow","max-snippet":"max-snippet:-1","max-image-preview":"max-image-preview:large","max-video-preview":"max-video-preview:-1"},"canonical":"https:\/\/eurecat.org\/es\/eurecat-apunta-a-la-inteligencia-artificial-generativa-como-la-tendencia-tecnologica-que-marcara-el-ano-2024\/","og_locale":"es_ES","og_type":"article","og_title":"Eurecat apunta a la Inteligencia Artificial Generativa como la tendencia tecnol\u00f3gica que marcar\u00e1 el a\u00f1o 2024 - Eurecat","og_url":"https:\/\/eurecat.org\/es\/eurecat-apunta-a-la-inteligencia-artificial-generativa-como-la-tendencia-tecnologica-que-marcara-el-ano-2024\/","og_site_name":"Eurecat","article_published_time":"2023-12-21T10:47:42+00:00","article_modified_time":"2023-12-21T10:50:52+00:00","og_image":[{"width":800,"height":450,"url":"https:\/\/eurecat.org\/wp-content\/uploads\/2023\/12\/IA_abstract_800px.jpg","type":"image\/jpeg"}],"author":"EurecatEQZ","twitter_card":"summary_large_image","twitter_misc":{"Escrito por":"EurecatEQZ","Tiempo de lectura":"7 minutos"},"schema":{"@context":"https:\/\/schema.org","@graph":[{"@type":"Article","@id":"https:\/\/eurecat.org\/es\/eurecat-apunta-a-la-inteligencia-artificial-generativa-como-la-tendencia-tecnologica-que-marcara-el-ano-2024\/#article","isPartOf":{"@id":"https:\/\/eurecat.org\/es\/eurecat-apunta-a-la-inteligencia-artificial-generativa-como-la-tendencia-tecnologica-que-marcara-el-ano-2024\/"},"author":{"name":"EurecatEQZ","@id":"https:\/\/eurecat.org\/es\/#\/schema\/person\/99d4d39712001e7621b6867b27b40bed"},"headline":"Eurecat apunta a la Inteligencia Artificial Generativa como la tendencia tecnol\u00f3gica que marcar\u00e1 el a\u00f1o 2024","datePublished":"2023-12-21T10:47:42+00:00","dateModified":"2023-12-21T10:50:52+00:00","mainEntityOfPage":{"@id":"https:\/\/eurecat.org\/es\/eurecat-apunta-a-la-inteligencia-artificial-generativa-como-la-tendencia-tecnologica-que-marcara-el-ano-2024\/"},"wordCount":2240,"commentCount":0,"image":{"@id":"https:\/\/eurecat.org\/es\/eurecat-apunta-a-la-inteligencia-artificial-generativa-como-la-tendencia-tecnologica-que-marcara-el-ano-2024\/#primaryimage"},"thumbnailUrl":"https:\/\/eurecat.org\/wp-content\/uploads\/2023\/12\/IA_abstract_800px.jpg","articleSection":["Construcci\u00f3n","Finanzas y Seguros","Notas de prensa","Salud","Sector P\u00fablico","Sostenibilidad","Tic"],"inLanguage":"es","potentialAction":[{"@type":"CommentAction","name":"Comment","target":["https:\/\/eurecat.org\/es\/eurecat-apunta-a-la-inteligencia-artificial-generativa-como-la-tendencia-tecnologica-que-marcara-el-ano-2024\/#respond"]}]},{"@type":"WebPage","@id":"https:\/\/eurecat.org\/es\/eurecat-apunta-a-la-inteligencia-artificial-generativa-como-la-tendencia-tecnologica-que-marcara-el-ano-2024\/","url":"https:\/\/eurecat.org\/es\/eurecat-apunta-a-la-inteligencia-artificial-generativa-como-la-tendencia-tecnologica-que-marcara-el-ano-2024\/","name":"Eurecat apunta a la Inteligencia Artificial Generativa como la tendencia tecnol\u00f3gica que marcar\u00e1 el a\u00f1o 2024 - Eurecat","isPartOf":{"@id":"https:\/\/eurecat.org\/es\/#website"},"primaryImageOfPage":{"@id":"https:\/\/eurecat.org\/es\/eurecat-apunta-a-la-inteligencia-artificial-generativa-como-la-tendencia-tecnologica-que-marcara-el-ano-2024\/#primaryimage"},"image":{"@id":"https:\/\/eurecat.org\/es\/eurecat-apunta-a-la-inteligencia-artificial-generativa-como-la-tendencia-tecnologica-que-marcara-el-ano-2024\/#primaryimage"},"thumbnailUrl":"https:\/\/eurecat.org\/wp-content\/uploads\/2023\/12\/IA_abstract_800px.jpg","datePublished":"2023-12-21T10:47:42+00:00","dateModified":"2023-12-21T10:50:52+00:00","author":{"@id":"https:\/\/eurecat.org\/es\/#\/schema\/person\/99d4d39712001e7621b6867b27b40bed"},"breadcrumb":{"@id":"https:\/\/eurecat.org\/es\/eurecat-apunta-a-la-inteligencia-artificial-generativa-como-la-tendencia-tecnologica-que-marcara-el-ano-2024\/#breadcrumb"},"inLanguage":"es","potentialAction":[{"@type":"ReadAction","target":["https:\/\/eurecat.org\/es\/eurecat-apunta-a-la-inteligencia-artificial-generativa-como-la-tendencia-tecnologica-que-marcara-el-ano-2024\/"]}]},{"@type":"ImageObject","inLanguage":"es","@id":"https:\/\/eurecat.org\/es\/eurecat-apunta-a-la-inteligencia-artificial-generativa-como-la-tendencia-tecnologica-que-marcara-el-ano-2024\/#primaryimage","url":"https:\/\/eurecat.org\/wp-content\/uploads\/2023\/12\/IA_abstract_800px.jpg","contentUrl":"https:\/\/eurecat.org\/wp-content\/uploads\/2023\/12\/IA_abstract_800px.jpg","width":800,"height":450},{"@type":"BreadcrumbList","@id":"https:\/\/eurecat.org\/es\/eurecat-apunta-a-la-inteligencia-artificial-generativa-como-la-tendencia-tecnologica-que-marcara-el-ano-2024\/#breadcrumb","itemListElement":[{"@type":"ListItem","position":1,"name":"Inici","item":"https:\/\/eurecat.org\/es\/"},{"@type":"ListItem","position":2,"name":"Eurecat apunta a la Inteligencia Artificial Generativa como la tendencia tecnol\u00f3gica que marcar\u00e1 el a\u00f1o 2024"}]},{"@type":"WebSite","@id":"https:\/\/eurecat.org\/es\/#website","url":"https:\/\/eurecat.org\/es\/","name":"Eurecat","description":"Otro sitio realizado con WordPress","potentialAction":[{"@type":"SearchAction","target":{"@type":"EntryPoint","urlTemplate":"https:\/\/eurecat.org\/es\/?s={search_term_string}"},"query-input":{"@type":"PropertyValueSpecification","valueRequired":true,"valueName":"search_term_string"}}],"inLanguage":"es"},{"@type":"Person","@id":"https:\/\/eurecat.org\/es\/#\/schema\/person\/99d4d39712001e7621b6867b27b40bed","name":"EurecatEQZ","image":{"@type":"ImageObject","inLanguage":"es","@id":"https:\/\/secure.gravatar.com\/avatar\/6deb26ca61bcc34263c59cc62bb8b08ff90b67af7f99943babf5d86396845993?s=96&d=mm&r=g","url":"https:\/\/secure.gravatar.com\/avatar\/6deb26ca61bcc34263c59cc62bb8b08ff90b67af7f99943babf5d86396845993?s=96&d=mm&r=g","contentUrl":"https:\/\/secure.gravatar.com\/avatar\/6deb26ca61bcc34263c59cc62bb8b08ff90b67af7f99943babf5d86396845993?s=96&d=mm&r=g","caption":"EurecatEQZ"}}]}},"_links":{"self":[{"href":"https:\/\/eurecat.org\/es\/wp-json\/wp\/v2\/posts\/144568","targetHints":{"allow":["GET"]}}],"collection":[{"href":"https:\/\/eurecat.org\/es\/wp-json\/wp\/v2\/posts"}],"about":[{"href":"https:\/\/eurecat.org\/es\/wp-json\/wp\/v2\/types\/post"}],"author":[{"embeddable":true,"href":"https:\/\/eurecat.org\/es\/wp-json\/wp\/v2\/users\/20"}],"replies":[{"embeddable":true,"href":"https:\/\/eurecat.org\/es\/wp-json\/wp\/v2\/comments?post=144568"}],"version-history":[{"count":1,"href":"https:\/\/eurecat.org\/es\/wp-json\/wp\/v2\/posts\/144568\/revisions"}],"predecessor-version":[{"id":144569,"href":"https:\/\/eurecat.org\/es\/wp-json\/wp\/v2\/posts\/144568\/revisions\/144569"}],"wp:featuredmedia":[{"embeddable":true,"href":"https:\/\/eurecat.org\/es\/wp-json\/wp\/v2\/media\/144566"}],"wp:attachment":[{"href":"https:\/\/eurecat.org\/es\/wp-json\/wp\/v2\/media?parent=144568"}],"wp:term":[{"taxonomy":"category","embeddable":true,"href":"https:\/\/eurecat.org\/es\/wp-json\/wp\/v2\/categories?post=144568"},{"taxonomy":"post_tag","embeddable":true,"href":"https:\/\/eurecat.org\/es\/wp-json\/wp\/v2\/tags?post=144568"}],"curies":[{"name":"wp","href":"https:\/\/api.w.org\/{rel}","templated":true}]}}