{"id":145328,"date":"2023-12-01T15:41:08","date_gmt":"2023-12-01T14:41:08","guid":{"rendered":"https:\/\/eurecat.org\/?p=145328"},"modified":"2024-01-18T15:44:35","modified_gmt":"2024-01-18T14:44:35","slug":"el-ecosistema-biosanitario-de-cataluna-pone-el-foco-en-la-tecnologia-y-el-dato-para-el-avance-de-la-medicina-personalizada","status":"publish","type":"post","link":"https:\/\/eurecat.org\/es\/el-ecosistema-biosanitario-de-cataluna-pone-el-foco-en-la-tecnologia-y-el-dato-para-el-avance-de-la-medicina-personalizada\/","title":{"rendered":"El ecosistema biosanitario de Catalu\u00f1a pone el foco en la tecnolog\u00eda y el dato para el avance de la medicina personalizada"},"content":{"rendered":"<div class=\"fusion-fullwidth fullwidth-box fusion-builder-row-1 fusion-flex-container has-pattern-background has-mask-background nonhundred-percent-fullwidth non-hundred-percent-height-scrolling\" style=\"--awb-border-radius-top-left:0px;--awb-border-radius-top-right:0px;--awb-border-radius-bottom-right:0px;--awb-border-radius-bottom-left:0px;--awb-flex-wrap:wrap;\" ><div class=\"fusion-builder-row fusion-row fusion-flex-align-items-flex-start fusion-flex-content-wrap\" style=\"max-width:1424.8px;margin-left: calc(-4% \/ 2 );margin-right: calc(-4% \/ 2 );\"><div class=\"fusion-layout-column fusion_builder_column fusion-builder-column-0 fusion_builder_column_1_1 1_1 fusion-flex-column\" style=\"--awb-bg-size:cover;--awb-width-large:100%;--awb-margin-top-large:0px;--awb-spacing-right-large:1.92%;--awb-margin-bottom-large:20px;--awb-spacing-left-large:1.92%;--awb-width-medium:100%;--awb-order-medium:0;--awb-spacing-right-medium:1.92%;--awb-spacing-left-medium:1.92%;--awb-width-small:100%;--awb-order-small:0;--awb-spacing-right-small:1.92%;--awb-spacing-left-small:1.92%;\"><div class=\"fusion-column-wrapper fusion-column-has-shadow fusion-flex-justify-content-flex-start fusion-content-layout-column\"><div class=\"fusion-text fusion-text-1\"><p>\u00bfCu\u00e1les son los retos y fronteras en la implementaci\u00f3n de la medicina personalizada? \u00bfQu\u00e9 papel juega cada agente del ecosistema biosanitario? \u00bfC\u00f3mo optimizar el uso y aprovechamiento de los datos? \u00bfC\u00f3mo pueden las administraciones trabajar en modelos de cogobernanza y procesos compartidos para su aplicaci\u00f3n homog\u00e9nea? \u00bfQu\u00e9 ventajas ofrecen soluciones tecnol\u00f3gicas como la Inteligencia Artificial y qu\u00e9 oportunidades se abren para la industria de Tecnolog\u00eda Sanitaria? Sobre estas cuestiones, y sus respectivas respuestas, se ha reflexionado en el <strong>\u2018Matchmaking Innovaci\u00f3n en Salud\u2019<\/strong> que, enfocado en <strong>medicina personalizada<\/strong>, ha tenido lugar en Barcelona los d\u00edas 29 y 30 de noviembre, organizado por la <strong>Plataforma Espa\u00f1ola de Innovaci\u00f3n en Tecnolog\u00eda Sanitaria de Fenin<\/strong>, junto a <strong>Biocat<\/strong> y el centro tecnol\u00f3gico <strong>Eurecat<\/strong>.<\/p>\n<p>En este encuentro se han impulsado <strong>ecosistemas de innovaci\u00f3n abierta y estrategias p\u00fablico-privadas orientadas a la \u00f3ptima implementaci\u00f3n de la medicina personalizada<\/strong> y el buen aprovechamiento del dato y las innovaciones tecnol\u00f3gicas, desde un enfoque trasversal que fomente las sinergias entre diferentes actores \u2014como instituciones p\u00fablicas, startups, grupos de I+D+i, industria, y centros tecnol\u00f3gicos y cl\u00ednicos\u2014. Todo ello, con los objetivos a\u00f1adidos de consolidar la colaboraci\u00f3n p\u00fablico-privada y un <strong>tejido empresarial de alto valor en Catalu\u00f1a<\/strong>, adem\u00e1s de generar y retener talento investigador y posicionar a esta regi\u00f3n como un <strong>polo tecnol\u00f3gico de referencia<\/strong>.<\/p>\n<p>Desde Fenin se recalca las <strong>soluciones, en tecnolog\u00edas, productos y servicios, que puede aportar la industria de tecnolog\u00eda sanitaria<\/strong> en este campo. <em>\u201cAsistimos a una \u00e9poca de transformaci\u00f3n del sistema sanitario, donde la convergencia de la medicina personalizada y de precisi\u00f3n, la tecnolog\u00eda y la econom\u00eda de datos crea oportunidades infinitas para mejorar la salud y la prestaci\u00f3n sanitaria\u201d<\/em>, ha indicado <strong>Carlos Sisternas, director de Fenin Catalu\u00f1a<\/strong>.<\/p>\n<p>Asimismo, desde Biocat, su <strong>director general, Robert Fabregat<\/strong>, ha apuntado que <em>\u00abdesde Catalunya nos hemos postulado para liderar a nivel europeo un Regional Innovation Valley en el \u00e1mbito de la medicina personalizada y las terapias avanzadas, coordinado por Biocat junto a varios departamentos de la Generalitat de Catalunya y actores estrat\u00e9gicos del ecosistema de I+D+i en salud\u201d<\/em>. <em>\u00abLas diferentes iniciativas que estamos llevando a cabo alineadas con la estrategia RIS3CAT nos permiten participar en proyectos transformadores, potenciando al m\u00e1ximo las interrelaciones regionales, la colaboraci\u00f3n p\u00fablico-privada, sumando conocimiento y adapt\u00e1ndonos a las necesidades de la sociedad\u00bb<\/em>, ha a\u00f1adido.<\/p>\n<p>Mientras, <strong>Felip Miralles, director de Tecnolog\u00edas de la Salud de Eurecat<\/strong>, ha valorado que la jornada <em>\u201cha evidenciado el posicionamiento \u00f3ptimo de Catalunya para liderar a nivel internacional la transformaci\u00f3n de la salud mediante modelos y tecnolog\u00edas de medicina personalizada y de precisi\u00f3n, con un potencial asombroso de impacto social y econ\u00f3mico\u201d<\/em>, y ha destacado que <em>\u201cla apuesta estrat\u00e9gica y las capacidades de Eurecat en investigaci\u00f3n aplicada, desarrollo y transferencia en tecnolog\u00edas de salud, desde la biotecnolog\u00eda y las ciencias \u00f3micas a la digitalizaci\u00f3n y la inteligencia artificial, ambiciona la consolidaci\u00f3n de programas y proyectos transformadores orquestando la necesaria colaboraci\u00f3n de la empresa privada y los organismos de investigaci\u00f3n y la administraci\u00f3n p\u00fablica\u201d<\/em>.<\/p>\n<p><strong>El uso del dato y la IA en medicina personalizada<\/strong><\/p>\n<p>En la primera de las jornadas (d\u00eda 29), se ha puesto el valor el <strong>uso del dato para la mejor prestaci\u00f3n asistencial y atenci\u00f3n individualizada del paciente<\/strong> y c\u00f3mo soluciones tecnol\u00f3gicas innovadoras como la inteligencia artificial pueden contribuir a la \u201ccalidad del dato\u201d, con especial foco en las estrategias abiertas en Catalu\u00f1a en este \u00e1mbito. En este sentido, los expertos participantes han destacado la necesidad de <strong>generar espacios de confianza y corresponsabilidad entre el \u00e1mbito p\u00fablico y privado<\/strong> en el desarrollo de la medicina personalizada. Tambi\u00e9n ha habido lugar para el an\u00e1lisis de su marco regulatorio -el cual avanza a ritmo no siempre parejo, han coincidido los ponentes- y del papel del sector de Tecnolog\u00eda Sanitaria en la transformaci\u00f3n digital.<\/p>\n<p>Mientras, en la jornada del d\u00eda 30, las reflexiones se han trasladado al \u00e1mbito cl\u00ednico y los centros sanitarios, para analizar los <strong>retos que plantea la medicina personalizada a los distintos profesionales y niveles asistenciales<\/strong>, y la necesaria colaboraci\u00f3n pluridisciplinar.\u00a0 Con la mirada puesta en el medio plazo, y como consecuencia de la implantaci\u00f3n de la medicina personalizada y el uso de herramientas como la IA, se ha puesto sobre la mesa una posible <strong>incorporaci\u00f3n de nuevos perfiles profesionales en los equipos de los hospitales<\/strong>, como ser\u00eda el \u201cingeniero de datos\u201d.<\/p>\n<p>Este foro celebrado en Catalu\u00f1a se suma a otros \u2018Matchmakings de Innovaci\u00f3n en salud\u2019 que ya han tenido lugar en Madrid, Asturias y, m\u00e1s recientemente, en Pa\u00eds Vasco y Andaluc\u00eda, y que tendr\u00e1n continuidad con pr\u00f3ximos encuentros en nuevas regiones. Todos ellos con el mismo objetivo: <strong>impulsar polos tecnol\u00f3gicos de referencia a lo largo del pa\u00eds<\/strong> para beneficio del sistema sanitario y la sociedad.<\/p>\n<\/div><\/div><\/div><\/div><\/div>\n","protected":false},"excerpt":{"rendered":"","protected":false},"author":20,"featured_media":145323,"comment_status":"open","ping_status":"closed","sticky":false,"template":"","format":"standard","meta":{"footnotes":""},"categories":[134,2283],"tags":[],"class_list":["post-145328","post","type-post","status-publish","format-standard","has-post-thumbnail","hentry","category-notas-de-prensa","category-salud"],"yoast_head":"<!-- This site is optimized with the Yoast SEO plugin v27.5 - https:\/\/yoast.com\/product\/yoast-seo-wordpress\/ -->\n<title>El ecosistema biosanitario de Catalu\u00f1a pone el foco en la tecnolog\u00eda y el dato para el avance de la medicina personalizada - Eurecat<\/title>\n<meta name=\"robots\" content=\"index, follow, max-snippet:-1, max-image-preview:large, max-video-preview:-1\" \/>\n<link rel=\"canonical\" href=\"https:\/\/eurecat.org\/es\/el-ecosistema-biosanitario-de-cataluna-pone-el-foco-en-la-tecnologia-y-el-dato-para-el-avance-de-la-medicina-personalizada\/\" \/>\n<meta property=\"og:locale\" content=\"es_ES\" \/>\n<meta property=\"og:type\" content=\"article\" \/>\n<meta property=\"og:title\" content=\"El ecosistema biosanitario de Catalu\u00f1a pone el foco en la tecnolog\u00eda y el dato para el avance de la medicina personalizada - Eurecat\" \/>\n<meta property=\"og:url\" content=\"https:\/\/eurecat.org\/es\/el-ecosistema-biosanitario-de-cataluna-pone-el-foco-en-la-tecnologia-y-el-dato-para-el-avance-de-la-medicina-personalizada\/\" \/>\n<meta property=\"og:site_name\" content=\"Eurecat\" \/>\n<meta property=\"article:published_time\" content=\"2023-12-01T14:41:08+00:00\" \/>\n<meta property=\"article:modified_time\" content=\"2024-01-18T14:44:35+00:00\" \/>\n<meta property=\"og:image\" content=\"https:\/\/eurecat.org\/wp-content\/uploads\/2024\/01\/Foto-de-familia-Matchmaking-Catalunya.jpg\" \/>\n\t<meta property=\"og:image:width\" content=\"800\" \/>\n\t<meta property=\"og:image:height\" content=\"597\" \/>\n\t<meta property=\"og:image:type\" content=\"image\/jpeg\" \/>\n<meta name=\"author\" content=\"EurecatEQZ\" \/>\n<meta name=\"twitter:card\" content=\"summary_large_image\" \/>\n<meta name=\"twitter:label1\" content=\"Escrito por\" \/>\n\t<meta name=\"twitter:data1\" content=\"EurecatEQZ\" \/>\n\t<meta name=\"twitter:label2\" content=\"Tiempo de lectura\" \/>\n\t<meta name=\"twitter:data2\" content=\"5 minutos\" \/>\n<script type=\"application\/ld+json\" class=\"yoast-schema-graph\">{\"@context\":\"https:\\\/\\\/schema.org\",\"@graph\":[{\"@type\":\"Article\",\"@id\":\"https:\\\/\\\/eurecat.org\\\/es\\\/el-ecosistema-biosanitario-de-cataluna-pone-el-foco-en-la-tecnologia-y-el-dato-para-el-avance-de-la-medicina-personalizada\\\/#article\",\"isPartOf\":{\"@id\":\"https:\\\/\\\/eurecat.org\\\/es\\\/el-ecosistema-biosanitario-de-cataluna-pone-el-foco-en-la-tecnologia-y-el-dato-para-el-avance-de-la-medicina-personalizada\\\/\"},\"author\":{\"name\":\"EurecatEQZ\",\"@id\":\"https:\\\/\\\/eurecat.org\\\/es\\\/#\\\/schema\\\/person\\\/99d4d39712001e7621b6867b27b40bed\"},\"headline\":\"El ecosistema biosanitario de Catalu\u00f1a pone el foco en la tecnolog\u00eda y el dato para el avance de la medicina personalizada\",\"datePublished\":\"2023-12-01T14:41:08+00:00\",\"dateModified\":\"2024-01-18T14:44:35+00:00\",\"mainEntityOfPage\":{\"@id\":\"https:\\\/\\\/eurecat.org\\\/es\\\/el-ecosistema-biosanitario-de-cataluna-pone-el-foco-en-la-tecnologia-y-el-dato-para-el-avance-de-la-medicina-personalizada\\\/\"},\"wordCount\":1836,\"commentCount\":0,\"image\":{\"@id\":\"https:\\\/\\\/eurecat.org\\\/es\\\/el-ecosistema-biosanitario-de-cataluna-pone-el-foco-en-la-tecnologia-y-el-dato-para-el-avance-de-la-medicina-personalizada\\\/#primaryimage\"},\"thumbnailUrl\":\"https:\\\/\\\/eurecat.org\\\/wp-content\\\/uploads\\\/2024\\\/01\\\/Foto-de-familia-Matchmaking-Catalunya.jpg\",\"articleSection\":[\"Notas de prensa\",\"Salud\"],\"inLanguage\":\"es\",\"potentialAction\":[{\"@type\":\"CommentAction\",\"name\":\"Comment\",\"target\":[\"https:\\\/\\\/eurecat.org\\\/es\\\/el-ecosistema-biosanitario-de-cataluna-pone-el-foco-en-la-tecnologia-y-el-dato-para-el-avance-de-la-medicina-personalizada\\\/#respond\"]}]},{\"@type\":\"WebPage\",\"@id\":\"https:\\\/\\\/eurecat.org\\\/es\\\/el-ecosistema-biosanitario-de-cataluna-pone-el-foco-en-la-tecnologia-y-el-dato-para-el-avance-de-la-medicina-personalizada\\\/\",\"url\":\"https:\\\/\\\/eurecat.org\\\/es\\\/el-ecosistema-biosanitario-de-cataluna-pone-el-foco-en-la-tecnologia-y-el-dato-para-el-avance-de-la-medicina-personalizada\\\/\",\"name\":\"El ecosistema biosanitario de Catalu\u00f1a pone el foco en la tecnolog\u00eda y el dato para el avance de la medicina personalizada - Eurecat\",\"isPartOf\":{\"@id\":\"https:\\\/\\\/eurecat.org\\\/es\\\/#website\"},\"primaryImageOfPage\":{\"@id\":\"https:\\\/\\\/eurecat.org\\\/es\\\/el-ecosistema-biosanitario-de-cataluna-pone-el-foco-en-la-tecnologia-y-el-dato-para-el-avance-de-la-medicina-personalizada\\\/#primaryimage\"},\"image\":{\"@id\":\"https:\\\/\\\/eurecat.org\\\/es\\\/el-ecosistema-biosanitario-de-cataluna-pone-el-foco-en-la-tecnologia-y-el-dato-para-el-avance-de-la-medicina-personalizada\\\/#primaryimage\"},\"thumbnailUrl\":\"https:\\\/\\\/eurecat.org\\\/wp-content\\\/uploads\\\/2024\\\/01\\\/Foto-de-familia-Matchmaking-Catalunya.jpg\",\"datePublished\":\"2023-12-01T14:41:08+00:00\",\"dateModified\":\"2024-01-18T14:44:35+00:00\",\"author\":{\"@id\":\"https:\\\/\\\/eurecat.org\\\/es\\\/#\\\/schema\\\/person\\\/99d4d39712001e7621b6867b27b40bed\"},\"breadcrumb\":{\"@id\":\"https:\\\/\\\/eurecat.org\\\/es\\\/el-ecosistema-biosanitario-de-cataluna-pone-el-foco-en-la-tecnologia-y-el-dato-para-el-avance-de-la-medicina-personalizada\\\/#breadcrumb\"},\"inLanguage\":\"es\",\"potentialAction\":[{\"@type\":\"ReadAction\",\"target\":[\"https:\\\/\\\/eurecat.org\\\/es\\\/el-ecosistema-biosanitario-de-cataluna-pone-el-foco-en-la-tecnologia-y-el-dato-para-el-avance-de-la-medicina-personalizada\\\/\"]}]},{\"@type\":\"ImageObject\",\"inLanguage\":\"es\",\"@id\":\"https:\\\/\\\/eurecat.org\\\/es\\\/el-ecosistema-biosanitario-de-cataluna-pone-el-foco-en-la-tecnologia-y-el-dato-para-el-avance-de-la-medicina-personalizada\\\/#primaryimage\",\"url\":\"https:\\\/\\\/eurecat.org\\\/wp-content\\\/uploads\\\/2024\\\/01\\\/Foto-de-familia-Matchmaking-Catalunya.jpg\",\"contentUrl\":\"https:\\\/\\\/eurecat.org\\\/wp-content\\\/uploads\\\/2024\\\/01\\\/Foto-de-familia-Matchmaking-Catalunya.jpg\",\"width\":800,\"height\":597},{\"@type\":\"BreadcrumbList\",\"@id\":\"https:\\\/\\\/eurecat.org\\\/es\\\/el-ecosistema-biosanitario-de-cataluna-pone-el-foco-en-la-tecnologia-y-el-dato-para-el-avance-de-la-medicina-personalizada\\\/#breadcrumb\",\"itemListElement\":[{\"@type\":\"ListItem\",\"position\":1,\"name\":\"Inici\",\"item\":\"https:\\\/\\\/eurecat.org\\\/es\\\/\"},{\"@type\":\"ListItem\",\"position\":2,\"name\":\"El ecosistema biosanitario de Catalu\u00f1a pone el foco en la tecnolog\u00eda y el dato para el avance de la medicina personalizada\"}]},{\"@type\":\"WebSite\",\"@id\":\"https:\\\/\\\/eurecat.org\\\/es\\\/#website\",\"url\":\"https:\\\/\\\/eurecat.org\\\/es\\\/\",\"name\":\"Eurecat\",\"description\":\"Otro sitio realizado con WordPress\",\"potentialAction\":[{\"@type\":\"SearchAction\",\"target\":{\"@type\":\"EntryPoint\",\"urlTemplate\":\"https:\\\/\\\/eurecat.org\\\/es\\\/?s={search_term_string}\"},\"query-input\":{\"@type\":\"PropertyValueSpecification\",\"valueRequired\":true,\"valueName\":\"search_term_string\"}}],\"inLanguage\":\"es\"},{\"@type\":\"Person\",\"@id\":\"https:\\\/\\\/eurecat.org\\\/es\\\/#\\\/schema\\\/person\\\/99d4d39712001e7621b6867b27b40bed\",\"name\":\"EurecatEQZ\",\"image\":{\"@type\":\"ImageObject\",\"inLanguage\":\"es\",\"@id\":\"https:\\\/\\\/secure.gravatar.com\\\/avatar\\\/6deb26ca61bcc34263c59cc62bb8b08ff90b67af7f99943babf5d86396845993?s=96&d=mm&r=g\",\"url\":\"https:\\\/\\\/secure.gravatar.com\\\/avatar\\\/6deb26ca61bcc34263c59cc62bb8b08ff90b67af7f99943babf5d86396845993?s=96&d=mm&r=g\",\"contentUrl\":\"https:\\\/\\\/secure.gravatar.com\\\/avatar\\\/6deb26ca61bcc34263c59cc62bb8b08ff90b67af7f99943babf5d86396845993?s=96&d=mm&r=g\",\"caption\":\"EurecatEQZ\"}}]}<\/script>\n<!-- \/ Yoast SEO plugin. -->","yoast_head_json":{"title":"El ecosistema biosanitario de Catalu\u00f1a pone el foco en la tecnolog\u00eda y el dato para el avance de la medicina personalizada - Eurecat","robots":{"index":"index","follow":"follow","max-snippet":"max-snippet:-1","max-image-preview":"max-image-preview:large","max-video-preview":"max-video-preview:-1"},"canonical":"https:\/\/eurecat.org\/es\/el-ecosistema-biosanitario-de-cataluna-pone-el-foco-en-la-tecnologia-y-el-dato-para-el-avance-de-la-medicina-personalizada\/","og_locale":"es_ES","og_type":"article","og_title":"El ecosistema biosanitario de Catalu\u00f1a pone el foco en la tecnolog\u00eda y el dato para el avance de la medicina personalizada - Eurecat","og_url":"https:\/\/eurecat.org\/es\/el-ecosistema-biosanitario-de-cataluna-pone-el-foco-en-la-tecnologia-y-el-dato-para-el-avance-de-la-medicina-personalizada\/","og_site_name":"Eurecat","article_published_time":"2023-12-01T14:41:08+00:00","article_modified_time":"2024-01-18T14:44:35+00:00","og_image":[{"width":800,"height":597,"url":"https:\/\/eurecat.org\/wp-content\/uploads\/2024\/01\/Foto-de-familia-Matchmaking-Catalunya.jpg","type":"image\/jpeg"}],"author":"EurecatEQZ","twitter_card":"summary_large_image","twitter_misc":{"Escrito por":"EurecatEQZ","Tiempo de lectura":"5 minutos"},"schema":{"@context":"https:\/\/schema.org","@graph":[{"@type":"Article","@id":"https:\/\/eurecat.org\/es\/el-ecosistema-biosanitario-de-cataluna-pone-el-foco-en-la-tecnologia-y-el-dato-para-el-avance-de-la-medicina-personalizada\/#article","isPartOf":{"@id":"https:\/\/eurecat.org\/es\/el-ecosistema-biosanitario-de-cataluna-pone-el-foco-en-la-tecnologia-y-el-dato-para-el-avance-de-la-medicina-personalizada\/"},"author":{"name":"EurecatEQZ","@id":"https:\/\/eurecat.org\/es\/#\/schema\/person\/99d4d39712001e7621b6867b27b40bed"},"headline":"El ecosistema biosanitario de Catalu\u00f1a pone el foco en la tecnolog\u00eda y el dato para el avance de la medicina personalizada","datePublished":"2023-12-01T14:41:08+00:00","dateModified":"2024-01-18T14:44:35+00:00","mainEntityOfPage":{"@id":"https:\/\/eurecat.org\/es\/el-ecosistema-biosanitario-de-cataluna-pone-el-foco-en-la-tecnologia-y-el-dato-para-el-avance-de-la-medicina-personalizada\/"},"wordCount":1836,"commentCount":0,"image":{"@id":"https:\/\/eurecat.org\/es\/el-ecosistema-biosanitario-de-cataluna-pone-el-foco-en-la-tecnologia-y-el-dato-para-el-avance-de-la-medicina-personalizada\/#primaryimage"},"thumbnailUrl":"https:\/\/eurecat.org\/wp-content\/uploads\/2024\/01\/Foto-de-familia-Matchmaking-Catalunya.jpg","articleSection":["Notas de prensa","Salud"],"inLanguage":"es","potentialAction":[{"@type":"CommentAction","name":"Comment","target":["https:\/\/eurecat.org\/es\/el-ecosistema-biosanitario-de-cataluna-pone-el-foco-en-la-tecnologia-y-el-dato-para-el-avance-de-la-medicina-personalizada\/#respond"]}]},{"@type":"WebPage","@id":"https:\/\/eurecat.org\/es\/el-ecosistema-biosanitario-de-cataluna-pone-el-foco-en-la-tecnologia-y-el-dato-para-el-avance-de-la-medicina-personalizada\/","url":"https:\/\/eurecat.org\/es\/el-ecosistema-biosanitario-de-cataluna-pone-el-foco-en-la-tecnologia-y-el-dato-para-el-avance-de-la-medicina-personalizada\/","name":"El ecosistema biosanitario de Catalu\u00f1a pone el foco en la tecnolog\u00eda y el dato para el avance de la medicina personalizada - Eurecat","isPartOf":{"@id":"https:\/\/eurecat.org\/es\/#website"},"primaryImageOfPage":{"@id":"https:\/\/eurecat.org\/es\/el-ecosistema-biosanitario-de-cataluna-pone-el-foco-en-la-tecnologia-y-el-dato-para-el-avance-de-la-medicina-personalizada\/#primaryimage"},"image":{"@id":"https:\/\/eurecat.org\/es\/el-ecosistema-biosanitario-de-cataluna-pone-el-foco-en-la-tecnologia-y-el-dato-para-el-avance-de-la-medicina-personalizada\/#primaryimage"},"thumbnailUrl":"https:\/\/eurecat.org\/wp-content\/uploads\/2024\/01\/Foto-de-familia-Matchmaking-Catalunya.jpg","datePublished":"2023-12-01T14:41:08+00:00","dateModified":"2024-01-18T14:44:35+00:00","author":{"@id":"https:\/\/eurecat.org\/es\/#\/schema\/person\/99d4d39712001e7621b6867b27b40bed"},"breadcrumb":{"@id":"https:\/\/eurecat.org\/es\/el-ecosistema-biosanitario-de-cataluna-pone-el-foco-en-la-tecnologia-y-el-dato-para-el-avance-de-la-medicina-personalizada\/#breadcrumb"},"inLanguage":"es","potentialAction":[{"@type":"ReadAction","target":["https:\/\/eurecat.org\/es\/el-ecosistema-biosanitario-de-cataluna-pone-el-foco-en-la-tecnologia-y-el-dato-para-el-avance-de-la-medicina-personalizada\/"]}]},{"@type":"ImageObject","inLanguage":"es","@id":"https:\/\/eurecat.org\/es\/el-ecosistema-biosanitario-de-cataluna-pone-el-foco-en-la-tecnologia-y-el-dato-para-el-avance-de-la-medicina-personalizada\/#primaryimage","url":"https:\/\/eurecat.org\/wp-content\/uploads\/2024\/01\/Foto-de-familia-Matchmaking-Catalunya.jpg","contentUrl":"https:\/\/eurecat.org\/wp-content\/uploads\/2024\/01\/Foto-de-familia-Matchmaking-Catalunya.jpg","width":800,"height":597},{"@type":"BreadcrumbList","@id":"https:\/\/eurecat.org\/es\/el-ecosistema-biosanitario-de-cataluna-pone-el-foco-en-la-tecnologia-y-el-dato-para-el-avance-de-la-medicina-personalizada\/#breadcrumb","itemListElement":[{"@type":"ListItem","position":1,"name":"Inici","item":"https:\/\/eurecat.org\/es\/"},{"@type":"ListItem","position":2,"name":"El ecosistema biosanitario de Catalu\u00f1a pone el foco en la tecnolog\u00eda y el dato para el avance de la medicina personalizada"}]},{"@type":"WebSite","@id":"https:\/\/eurecat.org\/es\/#website","url":"https:\/\/eurecat.org\/es\/","name":"Eurecat","description":"Otro sitio realizado con WordPress","potentialAction":[{"@type":"SearchAction","target":{"@type":"EntryPoint","urlTemplate":"https:\/\/eurecat.org\/es\/?s={search_term_string}"},"query-input":{"@type":"PropertyValueSpecification","valueRequired":true,"valueName":"search_term_string"}}],"inLanguage":"es"},{"@type":"Person","@id":"https:\/\/eurecat.org\/es\/#\/schema\/person\/99d4d39712001e7621b6867b27b40bed","name":"EurecatEQZ","image":{"@type":"ImageObject","inLanguage":"es","@id":"https:\/\/secure.gravatar.com\/avatar\/6deb26ca61bcc34263c59cc62bb8b08ff90b67af7f99943babf5d86396845993?s=96&d=mm&r=g","url":"https:\/\/secure.gravatar.com\/avatar\/6deb26ca61bcc34263c59cc62bb8b08ff90b67af7f99943babf5d86396845993?s=96&d=mm&r=g","contentUrl":"https:\/\/secure.gravatar.com\/avatar\/6deb26ca61bcc34263c59cc62bb8b08ff90b67af7f99943babf5d86396845993?s=96&d=mm&r=g","caption":"EurecatEQZ"}}]}},"_links":{"self":[{"href":"https:\/\/eurecat.org\/es\/wp-json\/wp\/v2\/posts\/145328","targetHints":{"allow":["GET"]}}],"collection":[{"href":"https:\/\/eurecat.org\/es\/wp-json\/wp\/v2\/posts"}],"about":[{"href":"https:\/\/eurecat.org\/es\/wp-json\/wp\/v2\/types\/post"}],"author":[{"embeddable":true,"href":"https:\/\/eurecat.org\/es\/wp-json\/wp\/v2\/users\/20"}],"replies":[{"embeddable":true,"href":"https:\/\/eurecat.org\/es\/wp-json\/wp\/v2\/comments?post=145328"}],"version-history":[{"count":1,"href":"https:\/\/eurecat.org\/es\/wp-json\/wp\/v2\/posts\/145328\/revisions"}],"predecessor-version":[{"id":145329,"href":"https:\/\/eurecat.org\/es\/wp-json\/wp\/v2\/posts\/145328\/revisions\/145329"}],"wp:featuredmedia":[{"embeddable":true,"href":"https:\/\/eurecat.org\/es\/wp-json\/wp\/v2\/media\/145323"}],"wp:attachment":[{"href":"https:\/\/eurecat.org\/es\/wp-json\/wp\/v2\/media?parent=145328"}],"wp:term":[{"taxonomy":"category","embeddable":true,"href":"https:\/\/eurecat.org\/es\/wp-json\/wp\/v2\/categories?post=145328"},{"taxonomy":"post_tag","embeddable":true,"href":"https:\/\/eurecat.org\/es\/wp-json\/wp\/v2\/tags?post=145328"}],"curies":[{"name":"wp","href":"https:\/\/api.w.org\/{rel}","templated":true}]}}