{"id":146299,"date":"2024-02-05T10:43:29","date_gmt":"2024-02-05T09:43:29","guid":{"rendered":"https:\/\/eurecat.org\/?p=146299"},"modified":"2024-02-05T11:23:44","modified_gmt":"2024-02-05T10:23:44","slug":"el-ano-de-la-inteligencia-artificial-generativa","status":"publish","type":"post","link":"https:\/\/eurecat.org\/es\/el-ano-de-la-inteligencia-artificial-generativa\/","title":{"rendered":"\u00bfEl a\u00f1o de la Inteligencia Artificial Generativa?"},"content":{"rendered":"<div class=\"fusion-fullwidth fullwidth-box fusion-builder-row-1 fusion-flex-container has-pattern-background has-mask-background nonhundred-percent-fullwidth non-hundred-percent-height-scrolling\" style=\"--awb-border-radius-top-left:0px;--awb-border-radius-top-right:0px;--awb-border-radius-bottom-right:0px;--awb-border-radius-bottom-left:0px;--awb-flex-wrap:wrap;\" ><div class=\"fusion-builder-row fusion-row fusion-flex-align-items-flex-start fusion-flex-content-wrap\" style=\"max-width:1424.8px;margin-left: calc(-4% \/ 2 );margin-right: calc(-4% \/ 2 );\"><div class=\"fusion-layout-column fusion_builder_column fusion-builder-column-0 fusion_builder_column_1_1 1_1 fusion-flex-column\" style=\"--awb-bg-size:cover;--awb-width-large:100%;--awb-margin-top-large:0px;--awb-spacing-right-large:1.92%;--awb-margin-bottom-large:20px;--awb-spacing-left-large:1.92%;--awb-width-medium:100%;--awb-order-medium:0;--awb-spacing-right-medium:1.92%;--awb-spacing-left-medium:1.92%;--awb-width-small:100%;--awb-order-small:0;--awb-spacing-right-small:1.92%;--awb-spacing-left-small:1.92%;\"><div class=\"fusion-column-wrapper fusion-column-has-shadow fusion-flex-justify-content-flex-start fusion-content-layout-column\"><div class=\"fusion-text fusion-text-1\"><p><img decoding=\"async\" class=\"alignleft wp-image-146306 size-fusion-400\" src=\"https:\/\/eurecat.org\/wp-content\/uploads\/2024\/02\/DanielAltimiras_web-1-400x267.jpg\" alt=\"\" width=\"400\" height=\"267\" srcset=\"https:\/\/eurecat.org\/wp-content\/uploads\/2024\/02\/DanielAltimiras_web-1-200x133.jpg 200w, https:\/\/eurecat.org\/wp-content\/uploads\/2024\/02\/DanielAltimiras_web-1-300x200.jpg 300w, https:\/\/eurecat.org\/wp-content\/uploads\/2024\/02\/DanielAltimiras_web-1-391x260.jpg 391w, https:\/\/eurecat.org\/wp-content\/uploads\/2024\/02\/DanielAltimiras_web-1-400x267.jpg 400w, https:\/\/eurecat.org\/wp-content\/uploads\/2024\/02\/DanielAltimiras_web-1-600x400.jpg 600w, https:\/\/eurecat.org\/wp-content\/uploads\/2024\/02\/DanielAltimiras_web-1-768x512.jpg 768w, https:\/\/eurecat.org\/wp-content\/uploads\/2024\/02\/DanielAltimiras_web-1-800x534.jpg 800w, https:\/\/eurecat.org\/wp-content\/uploads\/2024\/02\/DanielAltimiras_web-1.jpg 886w\" sizes=\"(max-width: 400px) 100vw, 400px\" \/>Una innovaci\u00f3n marca las tendencias tecnol\u00f3gicas que ha analizado nuestro equipo cient\u00edfico con la vocaci\u00f3n de anticipar las l\u00edneas que definir\u00e1n los avances m\u00e1s relevantes durante 2024. Se trata de la Inteligencia Artificial Generativa, que ha despuntado a ra\u00edz de la eclosi\u00f3n del ChatGPT y otras aplicaciones y que se prev\u00e9 que produzca nuevas soluciones en gran cantidad de sectores, incluyendo la salud, la construcci\u00f3n, la manufactura, la educaci\u00f3n, las finanzas, el comercio o la administraci\u00f3n p\u00fablica.<\/p>\n<p>Durante los \u00faltimos meses, la Inteligencia Artificial Generativa ha empezado ya a causar un gran impacto, a la vez que ha ido abriendo muchos interrogantes dentro de un debate que no ha hecho m\u00e1s que apuntalarla como la gran referencia tecnol\u00f3gica del momento.<\/p>\n<p>Aunque se prev\u00e9 que evolucione hacia modelos m\u00e1s avanzados, con mayor eficiencia y precisi\u00f3n que los actuales y con mejoras en la transparencia de los resultados, es evidente que hay que mejorar todav\u00eda aspectos como la enorme cantidad de recursos que consumen, la adaptaci\u00f3n de los modelos a necesidades espec\u00edficas y cuestiones vinculadas a la privacidad, los sesgos y la ciberseguridad.<\/p>\n<p>En este sentido, el enorme potencial que se ha detectado desde el punto de vista de los nuevos desarrollos tecnol\u00f3gicos basados en la Inteligencia Artificial Generativa y de su transferencia a m\u00faltiples actividades abre la puerta a nuevas oportunidades y al refuerzo y resiliencia tecnol\u00f3gica e industrial, si se establece r\u00e1pidamente un marco adecuado desde el punto de vista \u00e9tico y operativo.<\/p>\n<p>Durante 2024, se prev\u00e9 que la IA Generativa vaya ganando terreno en el mundo de la industria y que se generen aplicaciones para muchas de las fases de las cadenas de suministro de muchos sectores econ\u00f3micos, aportando incrementos de la calidad y reducciones de costes y facilitando la aceleraci\u00f3n de procesos y la reducci\u00f3n de riesgos. Tambi\u00e9n se estima que favorecer\u00e1 la expansi\u00f3n de la automatizaci\u00f3n de los procesos industriales e impulsar\u00e1 la rob\u00f3tica, en la que se prev\u00e9 un gran salto.<\/p>\n<p>En el campo de la biotecnolog\u00eda, se percibe que la explosi\u00f3n del potencial de la Inteligencia Artificial Generativa ser\u00e1 protagonista tambi\u00e9n, dada la capacidad de esta tecnolog\u00eda para ir m\u00e1s all\u00e1 del uso de algoritmos definidos y patrones existentes, todo ello acelerando la innovaci\u00f3n en este \u00e1mbito.<\/p>\n<p>Encontrar\u00e1 m\u00e1s detalles en el reportaje del presente newsletter, donde el apartado dedicado a la entrevista se centra en una aplicaci\u00f3n digital de medicina personalizada desarrollada por Eurecat y Althaia que da consejos de salud y hace seguimiento de pacientes cr\u00f3nicos. Asimismo, en la secci\u00f3n para reflexionar, la directora cient\u00edfica del \u00c1rea Digital de Eurecat, Mar\u00eda Eugenia Fuenmayor, plantea algunas claves sobre el auge de la Inteligencia Artificial.<\/p>\n<p>Tambi\u00e9n os hablamos de la b\u00fasqueda de Eurecat en la fabricaci\u00f3n de materiales avanzados con grafeno; del ensayo de nuevos procesos de impresi\u00f3n 3D de aceros de alto rendimiento; del desarrollo de un nuevo tipo de interfaz inteligente ultrafina para la nueva generaci\u00f3n de autom\u00f3viles; y del acuerdo que hemos alcanzado con el grupo Sener para el desarrollo conjunto de tecnolog\u00edas disruptivas.<\/p>\n<p>Hemos incluido tambi\u00e9n la informaci\u00f3n de un convenio que hemos suscrito con la Universidad de Barcelona para impulsar la investigaci\u00f3n y la innovaci\u00f3n tecnol\u00f3gica en el \u00e1mbito de la alimentaci\u00f3n y la salud, as\u00ed como del estudio sobre tecnolog\u00edas de fermentaci\u00f3n que hemos iniciado con la empresa ebrense Kensh\u00f4 para incrementar la sostenibilidad del proceso de elaboraci\u00f3n de productos como el sake y el miso mediterr\u00e1neos. Encontrar\u00e1, adem\u00e1s, noticias sobre el potencial de la metabol\u00f3mica y la resonancia magn\u00e9tica nuclear para una nutrici\u00f3n y medicina personalizadas y todos los detalles de la apuesta del Paisaje de los Genios por la cultura y la creatividad como motores de la estrategia para los pr\u00f3ximos cuatro a\u00f1os.<\/p>\n<p>Esperamos que le interesen los contenidos de este primer n\u00famero del a\u00f1o y le animamos a compartirlos, para dar a conocer el valor que genera la innovaci\u00f3n desde el punto de vista de estimular nuevas actividades, proyectos y vocaciones.<\/p>\n<p><strong>Daniel Altimiras<br \/>\n<\/strong><strong>Presidente del centro tecnol\u00f3gico Eurecat<\/strong><\/p>\n<\/div><\/div><\/div><\/div><\/div>\n","protected":false},"excerpt":{"rendered":"","protected":false},"author":20,"featured_media":146303,"comment_status":"open","ping_status":"closed","sticky":false,"template":"","format":"standard","meta":{"footnotes":""},"categories":[133,2217],"tags":[],"class_list":["post-146299","post","type-post","status-publish","format-standard","has-post-thumbnail","hentry","category-blog","category-editorial"],"yoast_head":"<!-- This site is optimized with the Yoast SEO plugin v27.5 - https:\/\/yoast.com\/product\/yoast-seo-wordpress\/ -->\n<title>\u00bfEl a\u00f1o de la Inteligencia Artificial Generativa? - Eurecat<\/title>\n<meta name=\"description\" content=\"Una innovaci\u00f3n marca las tendencias tecnol\u00f3gicas que ha analizado nuestro equipo cient\u00edfico con la vocaci\u00f3n de anticipar las l\u00edneas que ...\" \/>\n<meta name=\"robots\" content=\"index, follow, max-snippet:-1, max-image-preview:large, max-video-preview:-1\" \/>\n<link rel=\"canonical\" href=\"https:\/\/eurecat.org\/es\/el-ano-de-la-inteligencia-artificial-generativa\/\" \/>\n<meta property=\"og:locale\" content=\"es_ES\" \/>\n<meta property=\"og:type\" content=\"article\" \/>\n<meta property=\"og:title\" content=\"\u00bfEl a\u00f1o de la Inteligencia Artificial Generativa? - Eurecat\" \/>\n<meta property=\"og:description\" content=\"Una innovaci\u00f3n marca las tendencias tecnol\u00f3gicas que ha analizado nuestro equipo cient\u00edfico con la vocaci\u00f3n de anticipar las l\u00edneas que ...\" \/>\n<meta property=\"og:url\" content=\"https:\/\/eurecat.org\/es\/el-ano-de-la-inteligencia-artificial-generativa\/\" \/>\n<meta property=\"og:site_name\" content=\"Eurecat\" \/>\n<meta property=\"article:published_time\" content=\"2024-02-05T09:43:29+00:00\" \/>\n<meta property=\"article:modified_time\" content=\"2024-02-05T10:23:44+00:00\" \/>\n<meta property=\"og:image\" content=\"https:\/\/eurecat.org\/wp-content\/uploads\/2024\/02\/DanielAltimiras_web.jpg\" \/>\n\t<meta property=\"og:image:width\" content=\"886\" \/>\n\t<meta property=\"og:image:height\" content=\"591\" \/>\n\t<meta property=\"og:image:type\" content=\"image\/jpeg\" \/>\n<meta name=\"author\" content=\"EurecatEQZ\" \/>\n<meta name=\"twitter:card\" content=\"summary_large_image\" \/>\n<meta name=\"twitter:label1\" content=\"Escrito por\" \/>\n\t<meta name=\"twitter:data1\" content=\"EurecatEQZ\" \/>\n\t<meta name=\"twitter:label2\" content=\"Tiempo de lectura\" \/>\n\t<meta name=\"twitter:data2\" content=\"5 minutos\" \/>\n<script type=\"application\/ld+json\" class=\"yoast-schema-graph\">{\"@context\":\"https:\\\/\\\/schema.org\",\"@graph\":[{\"@type\":\"Article\",\"@id\":\"https:\\\/\\\/eurecat.org\\\/es\\\/el-ano-de-la-inteligencia-artificial-generativa\\\/#article\",\"isPartOf\":{\"@id\":\"https:\\\/\\\/eurecat.org\\\/es\\\/el-ano-de-la-inteligencia-artificial-generativa\\\/\"},\"author\":{\"name\":\"EurecatEQZ\",\"@id\":\"https:\\\/\\\/eurecat.org\\\/es\\\/#\\\/schema\\\/person\\\/99d4d39712001e7621b6867b27b40bed\"},\"headline\":\"\u00bfEl a\u00f1o de la Inteligencia Artificial Generativa?\",\"datePublished\":\"2024-02-05T09:43:29+00:00\",\"dateModified\":\"2024-02-05T10:23:44+00:00\",\"mainEntityOfPage\":{\"@id\":\"https:\\\/\\\/eurecat.org\\\/es\\\/el-ano-de-la-inteligencia-artificial-generativa\\\/\"},\"wordCount\":1779,\"commentCount\":0,\"image\":{\"@id\":\"https:\\\/\\\/eurecat.org\\\/es\\\/el-ano-de-la-inteligencia-artificial-generativa\\\/#primaryimage\"},\"thumbnailUrl\":\"https:\\\/\\\/eurecat.org\\\/wp-content\\\/uploads\\\/2024\\\/02\\\/DanielAltimiras_web.jpg\",\"articleSection\":[\"Blog\",\"Editorial\"],\"inLanguage\":\"es\",\"potentialAction\":[{\"@type\":\"CommentAction\",\"name\":\"Comment\",\"target\":[\"https:\\\/\\\/eurecat.org\\\/es\\\/el-ano-de-la-inteligencia-artificial-generativa\\\/#respond\"]}]},{\"@type\":\"WebPage\",\"@id\":\"https:\\\/\\\/eurecat.org\\\/es\\\/el-ano-de-la-inteligencia-artificial-generativa\\\/\",\"url\":\"https:\\\/\\\/eurecat.org\\\/es\\\/el-ano-de-la-inteligencia-artificial-generativa\\\/\",\"name\":\"\u00bfEl a\u00f1o de la Inteligencia Artificial Generativa? - Eurecat\",\"isPartOf\":{\"@id\":\"https:\\\/\\\/eurecat.org\\\/es\\\/#website\"},\"primaryImageOfPage\":{\"@id\":\"https:\\\/\\\/eurecat.org\\\/es\\\/el-ano-de-la-inteligencia-artificial-generativa\\\/#primaryimage\"},\"image\":{\"@id\":\"https:\\\/\\\/eurecat.org\\\/es\\\/el-ano-de-la-inteligencia-artificial-generativa\\\/#primaryimage\"},\"thumbnailUrl\":\"https:\\\/\\\/eurecat.org\\\/wp-content\\\/uploads\\\/2024\\\/02\\\/DanielAltimiras_web.jpg\",\"datePublished\":\"2024-02-05T09:43:29+00:00\",\"dateModified\":\"2024-02-05T10:23:44+00:00\",\"author\":{\"@id\":\"https:\\\/\\\/eurecat.org\\\/es\\\/#\\\/schema\\\/person\\\/99d4d39712001e7621b6867b27b40bed\"},\"description\":\"Una innovaci\u00f3n marca las tendencias tecnol\u00f3gicas que ha analizado nuestro equipo cient\u00edfico con la vocaci\u00f3n de anticipar las l\u00edneas que ...\",\"breadcrumb\":{\"@id\":\"https:\\\/\\\/eurecat.org\\\/es\\\/el-ano-de-la-inteligencia-artificial-generativa\\\/#breadcrumb\"},\"inLanguage\":\"es\",\"potentialAction\":[{\"@type\":\"ReadAction\",\"target\":[\"https:\\\/\\\/eurecat.org\\\/es\\\/el-ano-de-la-inteligencia-artificial-generativa\\\/\"]}]},{\"@type\":\"ImageObject\",\"inLanguage\":\"es\",\"@id\":\"https:\\\/\\\/eurecat.org\\\/es\\\/el-ano-de-la-inteligencia-artificial-generativa\\\/#primaryimage\",\"url\":\"https:\\\/\\\/eurecat.org\\\/wp-content\\\/uploads\\\/2024\\\/02\\\/DanielAltimiras_web.jpg\",\"contentUrl\":\"https:\\\/\\\/eurecat.org\\\/wp-content\\\/uploads\\\/2024\\\/02\\\/DanielAltimiras_web.jpg\",\"width\":886,\"height\":591},{\"@type\":\"BreadcrumbList\",\"@id\":\"https:\\\/\\\/eurecat.org\\\/es\\\/el-ano-de-la-inteligencia-artificial-generativa\\\/#breadcrumb\",\"itemListElement\":[{\"@type\":\"ListItem\",\"position\":1,\"name\":\"Inici\",\"item\":\"https:\\\/\\\/eurecat.org\\\/es\\\/\"},{\"@type\":\"ListItem\",\"position\":2,\"name\":\"\u00bfEl a\u00f1o de la Inteligencia Artificial Generativa?\"}]},{\"@type\":\"WebSite\",\"@id\":\"https:\\\/\\\/eurecat.org\\\/es\\\/#website\",\"url\":\"https:\\\/\\\/eurecat.org\\\/es\\\/\",\"name\":\"Eurecat\",\"description\":\"Otro sitio realizado con WordPress\",\"potentialAction\":[{\"@type\":\"SearchAction\",\"target\":{\"@type\":\"EntryPoint\",\"urlTemplate\":\"https:\\\/\\\/eurecat.org\\\/es\\\/?s={search_term_string}\"},\"query-input\":{\"@type\":\"PropertyValueSpecification\",\"valueRequired\":true,\"valueName\":\"search_term_string\"}}],\"inLanguage\":\"es\"},{\"@type\":\"Person\",\"@id\":\"https:\\\/\\\/eurecat.org\\\/es\\\/#\\\/schema\\\/person\\\/99d4d39712001e7621b6867b27b40bed\",\"name\":\"EurecatEQZ\",\"image\":{\"@type\":\"ImageObject\",\"inLanguage\":\"es\",\"@id\":\"https:\\\/\\\/secure.gravatar.com\\\/avatar\\\/6deb26ca61bcc34263c59cc62bb8b08ff90b67af7f99943babf5d86396845993?s=96&d=mm&r=g\",\"url\":\"https:\\\/\\\/secure.gravatar.com\\\/avatar\\\/6deb26ca61bcc34263c59cc62bb8b08ff90b67af7f99943babf5d86396845993?s=96&d=mm&r=g\",\"contentUrl\":\"https:\\\/\\\/secure.gravatar.com\\\/avatar\\\/6deb26ca61bcc34263c59cc62bb8b08ff90b67af7f99943babf5d86396845993?s=96&d=mm&r=g\",\"caption\":\"EurecatEQZ\"}}]}<\/script>\n<!-- \/ Yoast SEO plugin. -->","yoast_head_json":{"title":"\u00bfEl a\u00f1o de la Inteligencia Artificial Generativa? - Eurecat","description":"Una innovaci\u00f3n marca las tendencias tecnol\u00f3gicas que ha analizado nuestro equipo cient\u00edfico con la vocaci\u00f3n de anticipar las l\u00edneas que ...","robots":{"index":"index","follow":"follow","max-snippet":"max-snippet:-1","max-image-preview":"max-image-preview:large","max-video-preview":"max-video-preview:-1"},"canonical":"https:\/\/eurecat.org\/es\/el-ano-de-la-inteligencia-artificial-generativa\/","og_locale":"es_ES","og_type":"article","og_title":"\u00bfEl a\u00f1o de la Inteligencia Artificial Generativa? - Eurecat","og_description":"Una innovaci\u00f3n marca las tendencias tecnol\u00f3gicas que ha analizado nuestro equipo cient\u00edfico con la vocaci\u00f3n de anticipar las l\u00edneas que ...","og_url":"https:\/\/eurecat.org\/es\/el-ano-de-la-inteligencia-artificial-generativa\/","og_site_name":"Eurecat","article_published_time":"2024-02-05T09:43:29+00:00","article_modified_time":"2024-02-05T10:23:44+00:00","og_image":[{"width":886,"height":591,"url":"https:\/\/eurecat.org\/wp-content\/uploads\/2024\/02\/DanielAltimiras_web.jpg","type":"image\/jpeg"}],"author":"EurecatEQZ","twitter_card":"summary_large_image","twitter_misc":{"Escrito por":"EurecatEQZ","Tiempo de lectura":"5 minutos"},"schema":{"@context":"https:\/\/schema.org","@graph":[{"@type":"Article","@id":"https:\/\/eurecat.org\/es\/el-ano-de-la-inteligencia-artificial-generativa\/#article","isPartOf":{"@id":"https:\/\/eurecat.org\/es\/el-ano-de-la-inteligencia-artificial-generativa\/"},"author":{"name":"EurecatEQZ","@id":"https:\/\/eurecat.org\/es\/#\/schema\/person\/99d4d39712001e7621b6867b27b40bed"},"headline":"\u00bfEl a\u00f1o de la Inteligencia Artificial Generativa?","datePublished":"2024-02-05T09:43:29+00:00","dateModified":"2024-02-05T10:23:44+00:00","mainEntityOfPage":{"@id":"https:\/\/eurecat.org\/es\/el-ano-de-la-inteligencia-artificial-generativa\/"},"wordCount":1779,"commentCount":0,"image":{"@id":"https:\/\/eurecat.org\/es\/el-ano-de-la-inteligencia-artificial-generativa\/#primaryimage"},"thumbnailUrl":"https:\/\/eurecat.org\/wp-content\/uploads\/2024\/02\/DanielAltimiras_web.jpg","articleSection":["Blog","Editorial"],"inLanguage":"es","potentialAction":[{"@type":"CommentAction","name":"Comment","target":["https:\/\/eurecat.org\/es\/el-ano-de-la-inteligencia-artificial-generativa\/#respond"]}]},{"@type":"WebPage","@id":"https:\/\/eurecat.org\/es\/el-ano-de-la-inteligencia-artificial-generativa\/","url":"https:\/\/eurecat.org\/es\/el-ano-de-la-inteligencia-artificial-generativa\/","name":"\u00bfEl a\u00f1o de la Inteligencia Artificial Generativa? - Eurecat","isPartOf":{"@id":"https:\/\/eurecat.org\/es\/#website"},"primaryImageOfPage":{"@id":"https:\/\/eurecat.org\/es\/el-ano-de-la-inteligencia-artificial-generativa\/#primaryimage"},"image":{"@id":"https:\/\/eurecat.org\/es\/el-ano-de-la-inteligencia-artificial-generativa\/#primaryimage"},"thumbnailUrl":"https:\/\/eurecat.org\/wp-content\/uploads\/2024\/02\/DanielAltimiras_web.jpg","datePublished":"2024-02-05T09:43:29+00:00","dateModified":"2024-02-05T10:23:44+00:00","author":{"@id":"https:\/\/eurecat.org\/es\/#\/schema\/person\/99d4d39712001e7621b6867b27b40bed"},"description":"Una innovaci\u00f3n marca las tendencias tecnol\u00f3gicas que ha analizado nuestro equipo cient\u00edfico con la vocaci\u00f3n de anticipar las l\u00edneas que ...","breadcrumb":{"@id":"https:\/\/eurecat.org\/es\/el-ano-de-la-inteligencia-artificial-generativa\/#breadcrumb"},"inLanguage":"es","potentialAction":[{"@type":"ReadAction","target":["https:\/\/eurecat.org\/es\/el-ano-de-la-inteligencia-artificial-generativa\/"]}]},{"@type":"ImageObject","inLanguage":"es","@id":"https:\/\/eurecat.org\/es\/el-ano-de-la-inteligencia-artificial-generativa\/#primaryimage","url":"https:\/\/eurecat.org\/wp-content\/uploads\/2024\/02\/DanielAltimiras_web.jpg","contentUrl":"https:\/\/eurecat.org\/wp-content\/uploads\/2024\/02\/DanielAltimiras_web.jpg","width":886,"height":591},{"@type":"BreadcrumbList","@id":"https:\/\/eurecat.org\/es\/el-ano-de-la-inteligencia-artificial-generativa\/#breadcrumb","itemListElement":[{"@type":"ListItem","position":1,"name":"Inici","item":"https:\/\/eurecat.org\/es\/"},{"@type":"ListItem","position":2,"name":"\u00bfEl a\u00f1o de la Inteligencia Artificial Generativa?"}]},{"@type":"WebSite","@id":"https:\/\/eurecat.org\/es\/#website","url":"https:\/\/eurecat.org\/es\/","name":"Eurecat","description":"Otro sitio realizado con WordPress","potentialAction":[{"@type":"SearchAction","target":{"@type":"EntryPoint","urlTemplate":"https:\/\/eurecat.org\/es\/?s={search_term_string}"},"query-input":{"@type":"PropertyValueSpecification","valueRequired":true,"valueName":"search_term_string"}}],"inLanguage":"es"},{"@type":"Person","@id":"https:\/\/eurecat.org\/es\/#\/schema\/person\/99d4d39712001e7621b6867b27b40bed","name":"EurecatEQZ","image":{"@type":"ImageObject","inLanguage":"es","@id":"https:\/\/secure.gravatar.com\/avatar\/6deb26ca61bcc34263c59cc62bb8b08ff90b67af7f99943babf5d86396845993?s=96&d=mm&r=g","url":"https:\/\/secure.gravatar.com\/avatar\/6deb26ca61bcc34263c59cc62bb8b08ff90b67af7f99943babf5d86396845993?s=96&d=mm&r=g","contentUrl":"https:\/\/secure.gravatar.com\/avatar\/6deb26ca61bcc34263c59cc62bb8b08ff90b67af7f99943babf5d86396845993?s=96&d=mm&r=g","caption":"EurecatEQZ"}}]}},"_links":{"self":[{"href":"https:\/\/eurecat.org\/es\/wp-json\/wp\/v2\/posts\/146299","targetHints":{"allow":["GET"]}}],"collection":[{"href":"https:\/\/eurecat.org\/es\/wp-json\/wp\/v2\/posts"}],"about":[{"href":"https:\/\/eurecat.org\/es\/wp-json\/wp\/v2\/types\/post"}],"author":[{"embeddable":true,"href":"https:\/\/eurecat.org\/es\/wp-json\/wp\/v2\/users\/20"}],"replies":[{"embeddable":true,"href":"https:\/\/eurecat.org\/es\/wp-json\/wp\/v2\/comments?post=146299"}],"version-history":[{"count":1,"href":"https:\/\/eurecat.org\/es\/wp-json\/wp\/v2\/posts\/146299\/revisions"}],"predecessor-version":[{"id":146308,"href":"https:\/\/eurecat.org\/es\/wp-json\/wp\/v2\/posts\/146299\/revisions\/146308"}],"wp:featuredmedia":[{"embeddable":true,"href":"https:\/\/eurecat.org\/es\/wp-json\/wp\/v2\/media\/146303"}],"wp:attachment":[{"href":"https:\/\/eurecat.org\/es\/wp-json\/wp\/v2\/media?parent=146299"}],"wp:term":[{"taxonomy":"category","embeddable":true,"href":"https:\/\/eurecat.org\/es\/wp-json\/wp\/v2\/categories?post=146299"},{"taxonomy":"post_tag","embeddable":true,"href":"https:\/\/eurecat.org\/es\/wp-json\/wp\/v2\/tags?post=146299"}],"curies":[{"name":"wp","href":"https:\/\/api.w.org\/{rel}","templated":true}]}}