{"id":147454,"date":"2024-02-26T13:23:18","date_gmt":"2024-02-26T12:23:18","guid":{"rendered":"https:\/\/eurecat.org\/eurecat-potencia-al-mwc-lecosistema-de-les-startups-a-traves-de-tecnologies-innovadores\/"},"modified":"2024-02-26T15:42:17","modified_gmt":"2024-02-26T14:42:17","slug":"eurecat-potencia-el-ecosistema-de-las-startups-a-traves-de-tecnologias-innovadoras-en-el-mwc","status":"publish","type":"post","link":"https:\/\/eurecat.org\/es\/eurecat-potencia-el-ecosistema-de-las-startups-a-traves-de-tecnologias-innovadoras-en-el-mwc\/","title":{"rendered":"Eurecat potencia el ecosistema de las startups a trav\u00e9s de tecnolog\u00edas innovadoras en el MWC"},"content":{"rendered":"<div class=\"fusion-fullwidth fullwidth-box fusion-builder-row-1 fusion-flex-container has-pattern-background has-mask-background nonhundred-percent-fullwidth non-hundred-percent-height-scrolling\" style=\"--awb-border-radius-top-left:0px;--awb-border-radius-top-right:0px;--awb-border-radius-bottom-right:0px;--awb-border-radius-bottom-left:0px;--awb-flex-wrap:wrap;\" ><div class=\"fusion-builder-row fusion-row fusion-flex-align-items-flex-start fusion-flex-content-wrap\" style=\"max-width:1424.8px;margin-left: calc(-4% \/ 2 );margin-right: calc(-4% \/ 2 );\"><div class=\"fusion-layout-column fusion_builder_column fusion-builder-column-0 fusion_builder_column_1_1 1_1 fusion-flex-column\" style=\"--awb-bg-size:cover;--awb-width-large:100%;--awb-margin-top-large:0px;--awb-spacing-right-large:1.92%;--awb-margin-bottom-large:20px;--awb-spacing-left-large:1.92%;--awb-width-medium:100%;--awb-order-medium:0;--awb-spacing-right-medium:1.92%;--awb-spacing-left-medium:1.92%;--awb-width-small:100%;--awb-order-small:0;--awb-spacing-right-small:1.92%;--awb-spacing-left-small:1.92%;\"><div class=\"fusion-column-wrapper fusion-column-has-shadow fusion-flex-justify-content-flex-start fusion-content-layout-column\"><div class=\"fusion-text fusion-text-1\"><p><strong>Desde la investigaci\u00f3n aplicada hasta la comercializaci\u00f3n, apoyamos a las empresas de nueva creaci\u00f3n con tecnolog\u00edas propias para dar salida al talento emprendedor.<\/strong><\/p>\n<p>Con el compromiso de aumentar la transferencia tecnol\u00f3gica y la cooperaci\u00f3n entre empresas, Eurecat ofrece servicios integrales para acompa\u00f1ar a las startups a lo largo de toda la cadena de valor. Desde <strong>formaciones especializadas<\/strong> hasta la primera <strong>l\u00ednea de fabricaci\u00f3n<\/strong>, pasando por el <strong>dise\u00f1o y desarrollo del producto<\/strong>, <strong>pruebas de prototipos, valorizaci\u00f3n tecnol\u00f3gica, <em>due diligence<\/em><\/strong> y la <strong>obtenci\u00f3n de las certificaciones necesarias<\/strong> para llevarlo al mercado. Acompa\u00f1amos tambi\u00e9n a las startups con el servicio de <strong>consultor\u00eda tecnol\u00f3gica<\/strong> que estudia la viabilidad del producto y\/o servicio a trav\u00e9s de estudios de mercado y de impacto.<\/p>\n<p>Desde hace 10 a\u00f1os, participamos en la<strong> 4FYN<\/strong> de manera directa o indirecta a trav\u00e9s de las startups con las que hemos trabajado buscando la innovaci\u00f3n y la competitividad de sus productos, servicios y\/o procesos.<\/p>\n<p>Nos encontrar\u00e1s esta semana al <strong>Mobile World Congress 2024<\/strong>; al <strong>Digital Catalonia, Congress Square (Booth 8 CS220)<\/strong>. Para cualquier duda o cuesti\u00f3n sobre los servicios a startups, os pod\u00e9is dirigir a la responsable de desarrollo de negocio para el Ecosistema Startup, <a href=\"https:\/\/www.linkedin.com\/in\/gemma-batlle-523b36a\/?originalSubdomain=es\">Gemma Batlle.<\/a><\/p>\n<div class=\"traductor-textarea form-group\">\n<div class=\"textarea-desti col-xs-12 col-sm-6\"><\/div>\n<\/div>\n<\/div><\/div><\/div><\/div><\/div>\n","protected":false},"excerpt":{"rendered":"","protected":false},"author":39,"featured_media":147442,"comment_status":"open","ping_status":"closed","sticky":false,"template":"","format":"standard","meta":{"footnotes":""},"categories":[133,727,1417],"tags":[],"class_list":["post-147454","post","type-post","status-publish","format-standard","has-post-thumbnail","hentry","category-blog","category-ferias","category-mobile-world-congress-es"],"yoast_head":"<!-- This site is optimized with the Yoast SEO plugin v27.5 - https:\/\/yoast.com\/product\/yoast-seo-wordpress\/ -->\n<title>Eurecat potencia el ecosistema de las startups a trav\u00e9s de tecnolog\u00edas innovadoras en el MWC - Eurecat<\/title>\n<meta name=\"robots\" content=\"index, follow, max-snippet:-1, max-image-preview:large, max-video-preview:-1\" \/>\n<link rel=\"canonical\" href=\"https:\/\/eurecat.org\/es\/eurecat-potencia-el-ecosistema-de-las-startups-a-traves-de-tecnologias-innovadoras-en-el-mwc\/\" \/>\n<meta property=\"og:locale\" content=\"es_ES\" \/>\n<meta property=\"og:type\" content=\"article\" \/>\n<meta property=\"og:title\" content=\"Eurecat potencia el ecosistema de las startups a trav\u00e9s de tecnolog\u00edas innovadoras en el MWC - Eurecat\" \/>\n<meta property=\"og:url\" content=\"https:\/\/eurecat.org\/es\/eurecat-potencia-el-ecosistema-de-las-startups-a-traves-de-tecnologias-innovadoras-en-el-mwc\/\" \/>\n<meta property=\"og:site_name\" content=\"Eurecat\" \/>\n<meta property=\"article:published_time\" content=\"2024-02-26T12:23:18+00:00\" \/>\n<meta property=\"article:modified_time\" content=\"2024-02-26T14:42:17+00:00\" \/>\n<meta property=\"og:image\" content=\"https:\/\/eurecat.org\/wp-content\/uploads\/2024\/02\/Organigrama-serveis-integrals-Startups.png\" \/>\n\t<meta property=\"og:image:width\" content=\"1356\" \/>\n\t<meta property=\"og:image:height\" content=\"743\" \/>\n\t<meta property=\"og:image:type\" content=\"image\/png\" \/>\n<meta name=\"author\" content=\"EurecatMPv\" \/>\n<meta name=\"twitter:card\" content=\"summary_large_image\" \/>\n<meta name=\"twitter:label1\" content=\"Escrito por\" \/>\n\t<meta name=\"twitter:data1\" content=\"EurecatMPv\" \/>\n\t<meta name=\"twitter:label2\" content=\"Tiempo de lectura\" \/>\n\t<meta name=\"twitter:data2\" content=\"2 minutos\" \/>\n<script type=\"application\/ld+json\" class=\"yoast-schema-graph\">{\"@context\":\"https:\\\/\\\/schema.org\",\"@graph\":[{\"@type\":\"Article\",\"@id\":\"https:\\\/\\\/eurecat.org\\\/es\\\/eurecat-potencia-el-ecosistema-de-las-startups-a-traves-de-tecnologias-innovadoras-en-el-mwc\\\/#article\",\"isPartOf\":{\"@id\":\"https:\\\/\\\/eurecat.org\\\/es\\\/eurecat-potencia-el-ecosistema-de-las-startups-a-traves-de-tecnologias-innovadoras-en-el-mwc\\\/\"},\"author\":{\"name\":\"EurecatMPv\",\"@id\":\"https:\\\/\\\/eurecat.org\\\/es\\\/#\\\/schema\\\/person\\\/a016e5a35b2ab83a6ad07212b985a184\"},\"headline\":\"Eurecat potencia el ecosistema de las startups a trav\u00e9s de tecnolog\u00edas innovadoras en el MWC\",\"datePublished\":\"2024-02-26T12:23:18+00:00\",\"dateModified\":\"2024-02-26T14:42:17+00:00\",\"mainEntityOfPage\":{\"@id\":\"https:\\\/\\\/eurecat.org\\\/es\\\/eurecat-potencia-el-ecosistema-de-las-startups-a-traves-de-tecnologias-innovadoras-en-el-mwc\\\/\"},\"wordCount\":1276,\"commentCount\":0,\"image\":{\"@id\":\"https:\\\/\\\/eurecat.org\\\/es\\\/eurecat-potencia-el-ecosistema-de-las-startups-a-traves-de-tecnologias-innovadoras-en-el-mwc\\\/#primaryimage\"},\"thumbnailUrl\":\"https:\\\/\\\/eurecat.org\\\/wp-content\\\/uploads\\\/2024\\\/02\\\/Organigrama-serveis-integrals-Startups.png\",\"articleSection\":[\"Blog\",\"Ferias\",\"Mobile World Congress\"],\"inLanguage\":\"es\",\"potentialAction\":[{\"@type\":\"CommentAction\",\"name\":\"Comment\",\"target\":[\"https:\\\/\\\/eurecat.org\\\/es\\\/eurecat-potencia-el-ecosistema-de-las-startups-a-traves-de-tecnologias-innovadoras-en-el-mwc\\\/#respond\"]}]},{\"@type\":\"WebPage\",\"@id\":\"https:\\\/\\\/eurecat.org\\\/es\\\/eurecat-potencia-el-ecosistema-de-las-startups-a-traves-de-tecnologias-innovadoras-en-el-mwc\\\/\",\"url\":\"https:\\\/\\\/eurecat.org\\\/es\\\/eurecat-potencia-el-ecosistema-de-las-startups-a-traves-de-tecnologias-innovadoras-en-el-mwc\\\/\",\"name\":\"Eurecat potencia el ecosistema de las startups a trav\u00e9s de tecnolog\u00edas innovadoras en el MWC - Eurecat\",\"isPartOf\":{\"@id\":\"https:\\\/\\\/eurecat.org\\\/es\\\/#website\"},\"primaryImageOfPage\":{\"@id\":\"https:\\\/\\\/eurecat.org\\\/es\\\/eurecat-potencia-el-ecosistema-de-las-startups-a-traves-de-tecnologias-innovadoras-en-el-mwc\\\/#primaryimage\"},\"image\":{\"@id\":\"https:\\\/\\\/eurecat.org\\\/es\\\/eurecat-potencia-el-ecosistema-de-las-startups-a-traves-de-tecnologias-innovadoras-en-el-mwc\\\/#primaryimage\"},\"thumbnailUrl\":\"https:\\\/\\\/eurecat.org\\\/wp-content\\\/uploads\\\/2024\\\/02\\\/Organigrama-serveis-integrals-Startups.png\",\"datePublished\":\"2024-02-26T12:23:18+00:00\",\"dateModified\":\"2024-02-26T14:42:17+00:00\",\"author\":{\"@id\":\"https:\\\/\\\/eurecat.org\\\/es\\\/#\\\/schema\\\/person\\\/a016e5a35b2ab83a6ad07212b985a184\"},\"breadcrumb\":{\"@id\":\"https:\\\/\\\/eurecat.org\\\/es\\\/eurecat-potencia-el-ecosistema-de-las-startups-a-traves-de-tecnologias-innovadoras-en-el-mwc\\\/#breadcrumb\"},\"inLanguage\":\"es\",\"potentialAction\":[{\"@type\":\"ReadAction\",\"target\":[\"https:\\\/\\\/eurecat.org\\\/es\\\/eurecat-potencia-el-ecosistema-de-las-startups-a-traves-de-tecnologias-innovadoras-en-el-mwc\\\/\"]}]},{\"@type\":\"ImageObject\",\"inLanguage\":\"es\",\"@id\":\"https:\\\/\\\/eurecat.org\\\/es\\\/eurecat-potencia-el-ecosistema-de-las-startups-a-traves-de-tecnologias-innovadoras-en-el-mwc\\\/#primaryimage\",\"url\":\"https:\\\/\\\/eurecat.org\\\/wp-content\\\/uploads\\\/2024\\\/02\\\/Organigrama-serveis-integrals-Startups.png\",\"contentUrl\":\"https:\\\/\\\/eurecat.org\\\/wp-content\\\/uploads\\\/2024\\\/02\\\/Organigrama-serveis-integrals-Startups.png\",\"width\":1356,\"height\":743},{\"@type\":\"BreadcrumbList\",\"@id\":\"https:\\\/\\\/eurecat.org\\\/es\\\/eurecat-potencia-el-ecosistema-de-las-startups-a-traves-de-tecnologias-innovadoras-en-el-mwc\\\/#breadcrumb\",\"itemListElement\":[{\"@type\":\"ListItem\",\"position\":1,\"name\":\"Inici\",\"item\":\"https:\\\/\\\/eurecat.org\\\/es\\\/\"},{\"@type\":\"ListItem\",\"position\":2,\"name\":\"Eurecat potencia el ecosistema de las startups a trav\u00e9s de tecnolog\u00edas innovadoras en el MWC\"}]},{\"@type\":\"WebSite\",\"@id\":\"https:\\\/\\\/eurecat.org\\\/es\\\/#website\",\"url\":\"https:\\\/\\\/eurecat.org\\\/es\\\/\",\"name\":\"Eurecat\",\"description\":\"Otro sitio realizado con WordPress\",\"potentialAction\":[{\"@type\":\"SearchAction\",\"target\":{\"@type\":\"EntryPoint\",\"urlTemplate\":\"https:\\\/\\\/eurecat.org\\\/es\\\/?s={search_term_string}\"},\"query-input\":{\"@type\":\"PropertyValueSpecification\",\"valueRequired\":true,\"valueName\":\"search_term_string\"}}],\"inLanguage\":\"es\"},{\"@type\":\"Person\",\"@id\":\"https:\\\/\\\/eurecat.org\\\/es\\\/#\\\/schema\\\/person\\\/a016e5a35b2ab83a6ad07212b985a184\",\"name\":\"EurecatMPv\",\"image\":{\"@type\":\"ImageObject\",\"inLanguage\":\"es\",\"@id\":\"https:\\\/\\\/secure.gravatar.com\\\/avatar\\\/7ecb9f253b59166b84f8cf4e753971af1c07bdbf7c21508cea3f864abfd02d1e?s=96&d=mm&r=g\",\"url\":\"https:\\\/\\\/secure.gravatar.com\\\/avatar\\\/7ecb9f253b59166b84f8cf4e753971af1c07bdbf7c21508cea3f864abfd02d1e?s=96&d=mm&r=g\",\"contentUrl\":\"https:\\\/\\\/secure.gravatar.com\\\/avatar\\\/7ecb9f253b59166b84f8cf4e753971af1c07bdbf7c21508cea3f864abfd02d1e?s=96&d=mm&r=g\",\"caption\":\"EurecatMPv\"}}]}<\/script>\n<!-- \/ Yoast SEO plugin. -->","yoast_head_json":{"title":"Eurecat potencia el ecosistema de las startups a trav\u00e9s de tecnolog\u00edas innovadoras en el MWC - Eurecat","robots":{"index":"index","follow":"follow","max-snippet":"max-snippet:-1","max-image-preview":"max-image-preview:large","max-video-preview":"max-video-preview:-1"},"canonical":"https:\/\/eurecat.org\/es\/eurecat-potencia-el-ecosistema-de-las-startups-a-traves-de-tecnologias-innovadoras-en-el-mwc\/","og_locale":"es_ES","og_type":"article","og_title":"Eurecat potencia el ecosistema de las startups a trav\u00e9s de tecnolog\u00edas innovadoras en el MWC - Eurecat","og_url":"https:\/\/eurecat.org\/es\/eurecat-potencia-el-ecosistema-de-las-startups-a-traves-de-tecnologias-innovadoras-en-el-mwc\/","og_site_name":"Eurecat","article_published_time":"2024-02-26T12:23:18+00:00","article_modified_time":"2024-02-26T14:42:17+00:00","og_image":[{"width":1356,"height":743,"url":"https:\/\/eurecat.org\/wp-content\/uploads\/2024\/02\/Organigrama-serveis-integrals-Startups.png","type":"image\/png"}],"author":"EurecatMPv","twitter_card":"summary_large_image","twitter_misc":{"Escrito por":"EurecatMPv","Tiempo de lectura":"2 minutos"},"schema":{"@context":"https:\/\/schema.org","@graph":[{"@type":"Article","@id":"https:\/\/eurecat.org\/es\/eurecat-potencia-el-ecosistema-de-las-startups-a-traves-de-tecnologias-innovadoras-en-el-mwc\/#article","isPartOf":{"@id":"https:\/\/eurecat.org\/es\/eurecat-potencia-el-ecosistema-de-las-startups-a-traves-de-tecnologias-innovadoras-en-el-mwc\/"},"author":{"name":"EurecatMPv","@id":"https:\/\/eurecat.org\/es\/#\/schema\/person\/a016e5a35b2ab83a6ad07212b985a184"},"headline":"Eurecat potencia el ecosistema de las startups a trav\u00e9s de tecnolog\u00edas innovadoras en el MWC","datePublished":"2024-02-26T12:23:18+00:00","dateModified":"2024-02-26T14:42:17+00:00","mainEntityOfPage":{"@id":"https:\/\/eurecat.org\/es\/eurecat-potencia-el-ecosistema-de-las-startups-a-traves-de-tecnologias-innovadoras-en-el-mwc\/"},"wordCount":1276,"commentCount":0,"image":{"@id":"https:\/\/eurecat.org\/es\/eurecat-potencia-el-ecosistema-de-las-startups-a-traves-de-tecnologias-innovadoras-en-el-mwc\/#primaryimage"},"thumbnailUrl":"https:\/\/eurecat.org\/wp-content\/uploads\/2024\/02\/Organigrama-serveis-integrals-Startups.png","articleSection":["Blog","Ferias","Mobile World Congress"],"inLanguage":"es","potentialAction":[{"@type":"CommentAction","name":"Comment","target":["https:\/\/eurecat.org\/es\/eurecat-potencia-el-ecosistema-de-las-startups-a-traves-de-tecnologias-innovadoras-en-el-mwc\/#respond"]}]},{"@type":"WebPage","@id":"https:\/\/eurecat.org\/es\/eurecat-potencia-el-ecosistema-de-las-startups-a-traves-de-tecnologias-innovadoras-en-el-mwc\/","url":"https:\/\/eurecat.org\/es\/eurecat-potencia-el-ecosistema-de-las-startups-a-traves-de-tecnologias-innovadoras-en-el-mwc\/","name":"Eurecat potencia el ecosistema de las startups a trav\u00e9s de tecnolog\u00edas innovadoras en el MWC - Eurecat","isPartOf":{"@id":"https:\/\/eurecat.org\/es\/#website"},"primaryImageOfPage":{"@id":"https:\/\/eurecat.org\/es\/eurecat-potencia-el-ecosistema-de-las-startups-a-traves-de-tecnologias-innovadoras-en-el-mwc\/#primaryimage"},"image":{"@id":"https:\/\/eurecat.org\/es\/eurecat-potencia-el-ecosistema-de-las-startups-a-traves-de-tecnologias-innovadoras-en-el-mwc\/#primaryimage"},"thumbnailUrl":"https:\/\/eurecat.org\/wp-content\/uploads\/2024\/02\/Organigrama-serveis-integrals-Startups.png","datePublished":"2024-02-26T12:23:18+00:00","dateModified":"2024-02-26T14:42:17+00:00","author":{"@id":"https:\/\/eurecat.org\/es\/#\/schema\/person\/a016e5a35b2ab83a6ad07212b985a184"},"breadcrumb":{"@id":"https:\/\/eurecat.org\/es\/eurecat-potencia-el-ecosistema-de-las-startups-a-traves-de-tecnologias-innovadoras-en-el-mwc\/#breadcrumb"},"inLanguage":"es","potentialAction":[{"@type":"ReadAction","target":["https:\/\/eurecat.org\/es\/eurecat-potencia-el-ecosistema-de-las-startups-a-traves-de-tecnologias-innovadoras-en-el-mwc\/"]}]},{"@type":"ImageObject","inLanguage":"es","@id":"https:\/\/eurecat.org\/es\/eurecat-potencia-el-ecosistema-de-las-startups-a-traves-de-tecnologias-innovadoras-en-el-mwc\/#primaryimage","url":"https:\/\/eurecat.org\/wp-content\/uploads\/2024\/02\/Organigrama-serveis-integrals-Startups.png","contentUrl":"https:\/\/eurecat.org\/wp-content\/uploads\/2024\/02\/Organigrama-serveis-integrals-Startups.png","width":1356,"height":743},{"@type":"BreadcrumbList","@id":"https:\/\/eurecat.org\/es\/eurecat-potencia-el-ecosistema-de-las-startups-a-traves-de-tecnologias-innovadoras-en-el-mwc\/#breadcrumb","itemListElement":[{"@type":"ListItem","position":1,"name":"Inici","item":"https:\/\/eurecat.org\/es\/"},{"@type":"ListItem","position":2,"name":"Eurecat potencia el ecosistema de las startups a trav\u00e9s de tecnolog\u00edas innovadoras en el MWC"}]},{"@type":"WebSite","@id":"https:\/\/eurecat.org\/es\/#website","url":"https:\/\/eurecat.org\/es\/","name":"Eurecat","description":"Otro sitio realizado con WordPress","potentialAction":[{"@type":"SearchAction","target":{"@type":"EntryPoint","urlTemplate":"https:\/\/eurecat.org\/es\/?s={search_term_string}"},"query-input":{"@type":"PropertyValueSpecification","valueRequired":true,"valueName":"search_term_string"}}],"inLanguage":"es"},{"@type":"Person","@id":"https:\/\/eurecat.org\/es\/#\/schema\/person\/a016e5a35b2ab83a6ad07212b985a184","name":"EurecatMPv","image":{"@type":"ImageObject","inLanguage":"es","@id":"https:\/\/secure.gravatar.com\/avatar\/7ecb9f253b59166b84f8cf4e753971af1c07bdbf7c21508cea3f864abfd02d1e?s=96&d=mm&r=g","url":"https:\/\/secure.gravatar.com\/avatar\/7ecb9f253b59166b84f8cf4e753971af1c07bdbf7c21508cea3f864abfd02d1e?s=96&d=mm&r=g","contentUrl":"https:\/\/secure.gravatar.com\/avatar\/7ecb9f253b59166b84f8cf4e753971af1c07bdbf7c21508cea3f864abfd02d1e?s=96&d=mm&r=g","caption":"EurecatMPv"}}]}},"_links":{"self":[{"href":"https:\/\/eurecat.org\/es\/wp-json\/wp\/v2\/posts\/147454","targetHints":{"allow":["GET"]}}],"collection":[{"href":"https:\/\/eurecat.org\/es\/wp-json\/wp\/v2\/posts"}],"about":[{"href":"https:\/\/eurecat.org\/es\/wp-json\/wp\/v2\/types\/post"}],"author":[{"embeddable":true,"href":"https:\/\/eurecat.org\/es\/wp-json\/wp\/v2\/users\/39"}],"replies":[{"embeddable":true,"href":"https:\/\/eurecat.org\/es\/wp-json\/wp\/v2\/comments?post=147454"}],"version-history":[{"count":2,"href":"https:\/\/eurecat.org\/es\/wp-json\/wp\/v2\/posts\/147454\/revisions"}],"predecessor-version":[{"id":147473,"href":"https:\/\/eurecat.org\/es\/wp-json\/wp\/v2\/posts\/147454\/revisions\/147473"}],"wp:featuredmedia":[{"embeddable":true,"href":"https:\/\/eurecat.org\/es\/wp-json\/wp\/v2\/media\/147442"}],"wp:attachment":[{"href":"https:\/\/eurecat.org\/es\/wp-json\/wp\/v2\/media?parent=147454"}],"wp:term":[{"taxonomy":"category","embeddable":true,"href":"https:\/\/eurecat.org\/es\/wp-json\/wp\/v2\/categories?post=147454"},{"taxonomy":"post_tag","embeddable":true,"href":"https:\/\/eurecat.org\/es\/wp-json\/wp\/v2\/tags?post=147454"}],"curies":[{"name":"wp","href":"https:\/\/api.w.org\/{rel}","templated":true}]}}