{"id":14779,"date":"2016-08-30T12:21:13","date_gmt":"2016-08-30T12:21:13","guid":{"rendered":"http:\/\/eurecat.org\/es\/?p=14779"},"modified":"2016-08-30T12:31:38","modified_gmt":"2016-08-30T12:31:38","slug":"nueva-tecnologia-textil-inteligente-eficiencia-energetica-edificios","status":"publish","type":"post","link":"https:\/\/eurecat.org\/es\/nueva-tecnologia-textil-inteligente-eficiencia-energetica-edificios\/","title":{"rendered":"Una nueva tecnolog\u00eda textil inteligente para mejorar la eficiencia energ\u00e9tica de los edificios"},"content":{"rendered":"<p><strong><u>Barcelona, 30 de agosto de 2016.-<\/u> <\/strong>La empresa textil <strong><span style=\"color: #800080;\"><a style=\"color: #800080;\" href=\"http:\/\/en.vertisol.es\">Vertisol Internacional<\/a><\/span><\/strong> y el centro tecnol\u00f3gico <strong><span style=\"color: #800080;\"><a style=\"color: #800080;\" href=\"https:\/\/eurecat.org\/es\/\">Eurecat<\/a><\/span><\/strong> (miembro de Tecnio) han emprendido un proyecto para crear un nuevo producto textil inteligente que permitir\u00e1 mejorar la eficiencia energ\u00e9tica de los edificios.<\/p>\n<p>En concreto, este tejido, denominado TEXILUM, servir\u00e1 como protector de cristales en los \u00e1mbitos de la arquitectura y el interiorismo y mejorar\u00e1 la gesti\u00f3n energ\u00e9tica mediante la regulaci\u00f3n inteligente de la luz y de la temperatura.<\/p>\n<p>Adem\u00e1s, el nuevo producto tambi\u00e9n tendr\u00e1 otras aplicaciones en campos como el de la agricultura, donde puede mejorar la producci\u00f3n en invernaderos. El sistema TEXILUM supondr\u00e1 un avance en su \u00e1mbito ya que ocupa un espacio m\u00ednimo, es m\u00e1s ligero y se adapta mejor a superficies complejas.<\/p>\n<p>La iniciativa permitir\u00e1 desarrollar un elemento estructural h\u00edbrido que debe permitir la integraci\u00f3n de elementos funcionales pasivos como cintas con diferentes grados de opacidad, pero tambi\u00e9n abre la puerta a la utilizaci\u00f3n de elementos funcionales activos de electr\u00f3nica impresa.<\/p>\n<p>TEXILUM se centrar\u00e1 en la b\u00fasqueda de la eficiencia de tejidos y materiales como las estructuras de tejido de punto de urdimbre y de tejido de calada. En este sentido, el proyecto prev\u00e9 dise\u00f1ar y fabricar mecanismos y dispositivos t\u00e9cnicos a incorporar en la m\u00e1quina textil para adaptarla al nuevo proceso productivo. La patente del producto est\u00e1 prevista durante 2017.<\/p>\n<p>El Proyecto TEXILUM, que tiene un presupuesto de 234.000 euros, ha sido cofinanciado por Acci\u00f3, la Agencia para la competitividad de la empresa, y el Fondo Europeo de Desarrollo Regional (FEDER), dentro del marco FEDER Catalu\u00f1a 2014- 2020.<\/p>\n<p><strong>\u00a0<\/strong><\/p>\n<p><strong>Sobre Eurecat<\/strong><\/p>\n<p>Eurecat, Centro Tecnol\u00f3gico de Catalu\u00f1a (miembro de Tecnio), aglutina la experiencia de m\u00e1s de <strong>450 profesionales<\/strong> que generan un volumen de ingresos de <strong>45 millones de euros anuales<\/strong> y presta servicio a m\u00e1s de <strong>1.000 empresas<\/strong>. <strong>I+D aplicado<\/strong>, <strong>servicios tecnol\u00f3gicos<\/strong>, <strong>formaci\u00f3n de alta especializaci\u00f3n<\/strong>, <strong>consultor\u00eda tecnol\u00f3gica<\/strong> y <strong>eventos profesionales<\/strong> son algunos de los servicios que Eurecat ofrece tanto para grandes como para peque\u00f1as y medianas empresas de todos los sectores. El centro participa en <strong>160 grandes proyectos consorciados de I+D+i<\/strong> nacionales e internacionales de alto valor estrat\u00e9gico y cuenta con <strong>73 patentes<\/strong> y <strong>7 spin-off<\/strong>. <strong>M\u00e1s informaci\u00f3n en <\/strong><a href=\"http:\/\/www.eurecat.org\"><strong>www.eurecat.org<\/strong><\/a><\/p>\n<p>&nbsp;<\/p>\n<p><strong>Sobre Vertisol<\/strong><\/p>\n<p>Vertisol Internacional, SRL es una empresa catalana del sector textil dedicada al <strong>dise\u00f1o y fabricaci\u00f3n de tejidos t\u00e9cnicos de protecci\u00f3n solar y decoraci\u00f3n<\/strong> para la confecci\u00f3n<strong> de cortinas y toldos. <\/strong><strong>M\u00e1s informaci\u00f3n en <\/strong><a href=\"http:\/\/www.es.vertisol.es\"><strong>www.es.vertisol.es<\/strong><\/a><\/p>\n<p>&nbsp;<\/p>\n<p><strong><em>M\u00e1s informaci\u00f3n:<\/em><\/strong><\/p>\n<p><strong>Montse Mascar\u00f3<br \/>\nPrensa | Direcci\u00f3n de Comunicaci\u00f3n Corporativa <\/strong><strong>Eurecat<\/strong><\/p>\n<p><strong>Tel. (+34) 932 381 400 | M\u00f3vil: (+34) 630 425 169<br \/>\nC\/e: premsa@eurecat.org | <\/strong><a href=\"http:\/\/www.eurecat.org\">www.eurecat.org<\/a><\/p>\n<p><strong>\u00a0<\/strong><\/p>\n","protected":false},"excerpt":{"rendered":"<p>Barcelona, 30 de agosto de 2016.- La empresa textil Vertisol Internacional y el centro tecnol\u00f3gico Eurecat (miembro de Tecnio) han emprendido un proyecto para crear un nuevo producto textil inteligente que permitir\u00e1 mejorar la eficiencia energ\u00e9tica de los edificios. En concreto, este tejido, denominado TEXILUM, servir\u00e1 como protector de cristales en los \u00e1mbitos de la  [&#8230;]<\/p>\n","protected":false},"author":12,"featured_media":14776,"comment_status":"open","ping_status":"closed","sticky":false,"template":"","format":"standard","meta":{"footnotes":""},"categories":[399,134],"tags":[125,462,728,464],"class_list":["post-14779","post","type-post","status-publish","format-standard","has-post-thumbnail","hentry","category-impresion-funcional","category-notas-de-prensa","tag-eficiencia-energetica-es","tag-impresion-funcional","tag-impressio-funcional-es","tag-texilum"],"yoast_head":"<!-- This site is optimized with the Yoast SEO plugin v27.4 - https:\/\/yoast.com\/product\/yoast-seo-wordpress\/ -->\n<title>Nueva tecnolog\u00eda t\u00e9xtil inteligente mejorar eficiencia energ\u00e9tica edificios<\/title>\n<meta name=\"description\" content=\"Vertisol Internacional y Eurecat han iniciado un proyecto para crear un nuevo producto t\u00e9xtil inteligente para mejorar eficiencia energ\u00e9tica de edificios\" \/>\n<meta name=\"robots\" content=\"index, follow, max-snippet:-1, max-image-preview:large, max-video-preview:-1\" \/>\n<link rel=\"canonical\" href=\"https:\/\/eurecat.org\/es\/nueva-tecnologia-textil-inteligente-eficiencia-energetica-edificios\/\" \/>\n<meta property=\"og:locale\" content=\"es_ES\" \/>\n<meta property=\"og:type\" content=\"article\" \/>\n<meta property=\"og:title\" content=\"Nueva tecnolog\u00eda t\u00e9xtil inteligente mejorar eficiencia energ\u00e9tica edificios\" \/>\n<meta property=\"og:description\" content=\"Vertisol Internacional y Eurecat han iniciado un proyecto para crear un nuevo producto t\u00e9xtil inteligente para mejorar eficiencia energ\u00e9tica de edificios\" \/>\n<meta property=\"og:url\" content=\"https:\/\/eurecat.org\/es\/nueva-tecnologia-textil-inteligente-eficiencia-energetica-edificios\/\" \/>\n<meta property=\"og:site_name\" content=\"Eurecat\" \/>\n<meta property=\"article:published_time\" content=\"2016-08-30T12:21:13+00:00\" \/>\n<meta property=\"article:modified_time\" content=\"2016-08-30T12:31:38+00:00\" \/>\n<meta property=\"og:image\" content=\"https:\/\/eurecat.org\/wp-content\/uploads\/2016\/08\/TEXILUM01.jpg\" \/>\n\t<meta property=\"og:image:width\" content=\"800\" \/>\n\t<meta property=\"og:image:height\" content=\"450\" \/>\n\t<meta property=\"og:image:type\" content=\"image\/jpeg\" \/>\n<meta name=\"author\" content=\"EurecatEG\" \/>\n<meta name=\"twitter:card\" content=\"summary_large_image\" \/>\n<meta name=\"twitter:label1\" content=\"Escrito por\" \/>\n\t<meta name=\"twitter:data1\" content=\"EurecatEG\" \/>\n\t<meta name=\"twitter:label2\" content=\"Tiempo de lectura\" \/>\n\t<meta name=\"twitter:data2\" content=\"2 minutos\" \/>\n<script type=\"application\/ld+json\" class=\"yoast-schema-graph\">{\"@context\":\"https:\\\/\\\/schema.org\",\"@graph\":[{\"@type\":\"Article\",\"@id\":\"https:\\\/\\\/eurecat.org\\\/es\\\/nueva-tecnologia-textil-inteligente-eficiencia-energetica-edificios\\\/#article\",\"isPartOf\":{\"@id\":\"https:\\\/\\\/eurecat.org\\\/es\\\/nueva-tecnologia-textil-inteligente-eficiencia-energetica-edificios\\\/\"},\"author\":{\"name\":\"EurecatEG\",\"@id\":\"https:\\\/\\\/eurecat.org\\\/es\\\/#\\\/schema\\\/person\\\/def9217eded50ee57a9dc4cf0c883f80\"},\"headline\":\"Una nueva tecnolog\u00eda textil inteligente para mejorar la eficiencia energ\u00e9tica de los edificios\",\"datePublished\":\"2016-08-30T12:21:13+00:00\",\"dateModified\":\"2016-08-30T12:31:38+00:00\",\"mainEntityOfPage\":{\"@id\":\"https:\\\/\\\/eurecat.org\\\/es\\\/nueva-tecnologia-textil-inteligente-eficiencia-energetica-edificios\\\/\"},\"wordCount\":477,\"commentCount\":0,\"image\":{\"@id\":\"https:\\\/\\\/eurecat.org\\\/es\\\/nueva-tecnologia-textil-inteligente-eficiencia-energetica-edificios\\\/#primaryimage\"},\"thumbnailUrl\":\"https:\\\/\\\/eurecat.org\\\/wp-content\\\/uploads\\\/2016\\\/08\\\/TEXILUM01.jpg\",\"keywords\":[\"eficiencia energ\u00e9tica\",\"impresion funcional\",\"impressi\u00f3 funcional\",\"texilum\"],\"articleSection\":[\"Impresi\u00f3n funcional\",\"Notas de prensa\"],\"inLanguage\":\"es\",\"potentialAction\":[{\"@type\":\"CommentAction\",\"name\":\"Comment\",\"target\":[\"https:\\\/\\\/eurecat.org\\\/es\\\/nueva-tecnologia-textil-inteligente-eficiencia-energetica-edificios\\\/#respond\"]}]},{\"@type\":\"WebPage\",\"@id\":\"https:\\\/\\\/eurecat.org\\\/es\\\/nueva-tecnologia-textil-inteligente-eficiencia-energetica-edificios\\\/\",\"url\":\"https:\\\/\\\/eurecat.org\\\/es\\\/nueva-tecnologia-textil-inteligente-eficiencia-energetica-edificios\\\/\",\"name\":\"Nueva tecnolog\u00eda t\u00e9xtil inteligente mejorar eficiencia energ\u00e9tica edificios\",\"isPartOf\":{\"@id\":\"https:\\\/\\\/eurecat.org\\\/es\\\/#website\"},\"primaryImageOfPage\":{\"@id\":\"https:\\\/\\\/eurecat.org\\\/es\\\/nueva-tecnologia-textil-inteligente-eficiencia-energetica-edificios\\\/#primaryimage\"},\"image\":{\"@id\":\"https:\\\/\\\/eurecat.org\\\/es\\\/nueva-tecnologia-textil-inteligente-eficiencia-energetica-edificios\\\/#primaryimage\"},\"thumbnailUrl\":\"https:\\\/\\\/eurecat.org\\\/wp-content\\\/uploads\\\/2016\\\/08\\\/TEXILUM01.jpg\",\"datePublished\":\"2016-08-30T12:21:13+00:00\",\"dateModified\":\"2016-08-30T12:31:38+00:00\",\"author\":{\"@id\":\"https:\\\/\\\/eurecat.org\\\/es\\\/#\\\/schema\\\/person\\\/def9217eded50ee57a9dc4cf0c883f80\"},\"description\":\"Vertisol Internacional y Eurecat han iniciado un proyecto para crear un nuevo producto t\u00e9xtil inteligente para mejorar eficiencia energ\u00e9tica de edificios\",\"breadcrumb\":{\"@id\":\"https:\\\/\\\/eurecat.org\\\/es\\\/nueva-tecnologia-textil-inteligente-eficiencia-energetica-edificios\\\/#breadcrumb\"},\"inLanguage\":\"es\",\"potentialAction\":[{\"@type\":\"ReadAction\",\"target\":[\"https:\\\/\\\/eurecat.org\\\/es\\\/nueva-tecnologia-textil-inteligente-eficiencia-energetica-edificios\\\/\"]}]},{\"@type\":\"ImageObject\",\"inLanguage\":\"es\",\"@id\":\"https:\\\/\\\/eurecat.org\\\/es\\\/nueva-tecnologia-textil-inteligente-eficiencia-energetica-edificios\\\/#primaryimage\",\"url\":\"https:\\\/\\\/eurecat.org\\\/wp-content\\\/uploads\\\/2016\\\/08\\\/TEXILUM01.jpg\",\"contentUrl\":\"https:\\\/\\\/eurecat.org\\\/wp-content\\\/uploads\\\/2016\\\/08\\\/TEXILUM01.jpg\",\"width\":800,\"height\":450},{\"@type\":\"BreadcrumbList\",\"@id\":\"https:\\\/\\\/eurecat.org\\\/es\\\/nueva-tecnologia-textil-inteligente-eficiencia-energetica-edificios\\\/#breadcrumb\",\"itemListElement\":[{\"@type\":\"ListItem\",\"position\":1,\"name\":\"Inici\",\"item\":\"https:\\\/\\\/eurecat.org\\\/es\\\/\"},{\"@type\":\"ListItem\",\"position\":2,\"name\":\"Una nueva tecnolog\u00eda textil inteligente para mejorar la eficiencia energ\u00e9tica de los edificios\"}]},{\"@type\":\"WebSite\",\"@id\":\"https:\\\/\\\/eurecat.org\\\/es\\\/#website\",\"url\":\"https:\\\/\\\/eurecat.org\\\/es\\\/\",\"name\":\"Eurecat\",\"description\":\"Otro sitio realizado con WordPress\",\"potentialAction\":[{\"@type\":\"SearchAction\",\"target\":{\"@type\":\"EntryPoint\",\"urlTemplate\":\"https:\\\/\\\/eurecat.org\\\/es\\\/?s={search_term_string}\"},\"query-input\":{\"@type\":\"PropertyValueSpecification\",\"valueRequired\":true,\"valueName\":\"search_term_string\"}}],\"inLanguage\":\"es\"},{\"@type\":\"Person\",\"@id\":\"https:\\\/\\\/eurecat.org\\\/es\\\/#\\\/schema\\\/person\\\/def9217eded50ee57a9dc4cf0c883f80\",\"name\":\"EurecatEG\",\"image\":{\"@type\":\"ImageObject\",\"inLanguage\":\"es\",\"@id\":\"https:\\\/\\\/secure.gravatar.com\\\/avatar\\\/f40dd9b6ecd3e5c591f3c9b033e495ee0ec9877ba77249fbf268b3889350c824?s=96&d=mm&r=g\",\"url\":\"https:\\\/\\\/secure.gravatar.com\\\/avatar\\\/f40dd9b6ecd3e5c591f3c9b033e495ee0ec9877ba77249fbf268b3889350c824?s=96&d=mm&r=g\",\"contentUrl\":\"https:\\\/\\\/secure.gravatar.com\\\/avatar\\\/f40dd9b6ecd3e5c591f3c9b033e495ee0ec9877ba77249fbf268b3889350c824?s=96&d=mm&r=g\",\"caption\":\"EurecatEG\"}}]}<\/script>\n<!-- \/ Yoast SEO plugin. -->","yoast_head_json":{"title":"Nueva tecnolog\u00eda t\u00e9xtil inteligente mejorar eficiencia energ\u00e9tica edificios","description":"Vertisol Internacional y Eurecat han iniciado un proyecto para crear un nuevo producto t\u00e9xtil inteligente para mejorar eficiencia energ\u00e9tica de edificios","robots":{"index":"index","follow":"follow","max-snippet":"max-snippet:-1","max-image-preview":"max-image-preview:large","max-video-preview":"max-video-preview:-1"},"canonical":"https:\/\/eurecat.org\/es\/nueva-tecnologia-textil-inteligente-eficiencia-energetica-edificios\/","og_locale":"es_ES","og_type":"article","og_title":"Nueva tecnolog\u00eda t\u00e9xtil inteligente mejorar eficiencia energ\u00e9tica edificios","og_description":"Vertisol Internacional y Eurecat han iniciado un proyecto para crear un nuevo producto t\u00e9xtil inteligente para mejorar eficiencia energ\u00e9tica de edificios","og_url":"https:\/\/eurecat.org\/es\/nueva-tecnologia-textil-inteligente-eficiencia-energetica-edificios\/","og_site_name":"Eurecat","article_published_time":"2016-08-30T12:21:13+00:00","article_modified_time":"2016-08-30T12:31:38+00:00","og_image":[{"width":800,"height":450,"url":"https:\/\/eurecat.org\/wp-content\/uploads\/2016\/08\/TEXILUM01.jpg","type":"image\/jpeg"}],"author":"EurecatEG","twitter_card":"summary_large_image","twitter_misc":{"Escrito por":"EurecatEG","Tiempo de lectura":"2 minutos"},"schema":{"@context":"https:\/\/schema.org","@graph":[{"@type":"Article","@id":"https:\/\/eurecat.org\/es\/nueva-tecnologia-textil-inteligente-eficiencia-energetica-edificios\/#article","isPartOf":{"@id":"https:\/\/eurecat.org\/es\/nueva-tecnologia-textil-inteligente-eficiencia-energetica-edificios\/"},"author":{"name":"EurecatEG","@id":"https:\/\/eurecat.org\/es\/#\/schema\/person\/def9217eded50ee57a9dc4cf0c883f80"},"headline":"Una nueva tecnolog\u00eda textil inteligente para mejorar la eficiencia energ\u00e9tica de los edificios","datePublished":"2016-08-30T12:21:13+00:00","dateModified":"2016-08-30T12:31:38+00:00","mainEntityOfPage":{"@id":"https:\/\/eurecat.org\/es\/nueva-tecnologia-textil-inteligente-eficiencia-energetica-edificios\/"},"wordCount":477,"commentCount":0,"image":{"@id":"https:\/\/eurecat.org\/es\/nueva-tecnologia-textil-inteligente-eficiencia-energetica-edificios\/#primaryimage"},"thumbnailUrl":"https:\/\/eurecat.org\/wp-content\/uploads\/2016\/08\/TEXILUM01.jpg","keywords":["eficiencia energ\u00e9tica","impresion funcional","impressi\u00f3 funcional","texilum"],"articleSection":["Impresi\u00f3n funcional","Notas de prensa"],"inLanguage":"es","potentialAction":[{"@type":"CommentAction","name":"Comment","target":["https:\/\/eurecat.org\/es\/nueva-tecnologia-textil-inteligente-eficiencia-energetica-edificios\/#respond"]}]},{"@type":"WebPage","@id":"https:\/\/eurecat.org\/es\/nueva-tecnologia-textil-inteligente-eficiencia-energetica-edificios\/","url":"https:\/\/eurecat.org\/es\/nueva-tecnologia-textil-inteligente-eficiencia-energetica-edificios\/","name":"Nueva tecnolog\u00eda t\u00e9xtil inteligente mejorar eficiencia energ\u00e9tica edificios","isPartOf":{"@id":"https:\/\/eurecat.org\/es\/#website"},"primaryImageOfPage":{"@id":"https:\/\/eurecat.org\/es\/nueva-tecnologia-textil-inteligente-eficiencia-energetica-edificios\/#primaryimage"},"image":{"@id":"https:\/\/eurecat.org\/es\/nueva-tecnologia-textil-inteligente-eficiencia-energetica-edificios\/#primaryimage"},"thumbnailUrl":"https:\/\/eurecat.org\/wp-content\/uploads\/2016\/08\/TEXILUM01.jpg","datePublished":"2016-08-30T12:21:13+00:00","dateModified":"2016-08-30T12:31:38+00:00","author":{"@id":"https:\/\/eurecat.org\/es\/#\/schema\/person\/def9217eded50ee57a9dc4cf0c883f80"},"description":"Vertisol Internacional y Eurecat han iniciado un proyecto para crear un nuevo producto t\u00e9xtil inteligente para mejorar eficiencia energ\u00e9tica de edificios","breadcrumb":{"@id":"https:\/\/eurecat.org\/es\/nueva-tecnologia-textil-inteligente-eficiencia-energetica-edificios\/#breadcrumb"},"inLanguage":"es","potentialAction":[{"@type":"ReadAction","target":["https:\/\/eurecat.org\/es\/nueva-tecnologia-textil-inteligente-eficiencia-energetica-edificios\/"]}]},{"@type":"ImageObject","inLanguage":"es","@id":"https:\/\/eurecat.org\/es\/nueva-tecnologia-textil-inteligente-eficiencia-energetica-edificios\/#primaryimage","url":"https:\/\/eurecat.org\/wp-content\/uploads\/2016\/08\/TEXILUM01.jpg","contentUrl":"https:\/\/eurecat.org\/wp-content\/uploads\/2016\/08\/TEXILUM01.jpg","width":800,"height":450},{"@type":"BreadcrumbList","@id":"https:\/\/eurecat.org\/es\/nueva-tecnologia-textil-inteligente-eficiencia-energetica-edificios\/#breadcrumb","itemListElement":[{"@type":"ListItem","position":1,"name":"Inici","item":"https:\/\/eurecat.org\/es\/"},{"@type":"ListItem","position":2,"name":"Una nueva tecnolog\u00eda textil inteligente para mejorar la eficiencia energ\u00e9tica de los edificios"}]},{"@type":"WebSite","@id":"https:\/\/eurecat.org\/es\/#website","url":"https:\/\/eurecat.org\/es\/","name":"Eurecat","description":"Otro sitio realizado con WordPress","potentialAction":[{"@type":"SearchAction","target":{"@type":"EntryPoint","urlTemplate":"https:\/\/eurecat.org\/es\/?s={search_term_string}"},"query-input":{"@type":"PropertyValueSpecification","valueRequired":true,"valueName":"search_term_string"}}],"inLanguage":"es"},{"@type":"Person","@id":"https:\/\/eurecat.org\/es\/#\/schema\/person\/def9217eded50ee57a9dc4cf0c883f80","name":"EurecatEG","image":{"@type":"ImageObject","inLanguage":"es","@id":"https:\/\/secure.gravatar.com\/avatar\/f40dd9b6ecd3e5c591f3c9b033e495ee0ec9877ba77249fbf268b3889350c824?s=96&d=mm&r=g","url":"https:\/\/secure.gravatar.com\/avatar\/f40dd9b6ecd3e5c591f3c9b033e495ee0ec9877ba77249fbf268b3889350c824?s=96&d=mm&r=g","contentUrl":"https:\/\/secure.gravatar.com\/avatar\/f40dd9b6ecd3e5c591f3c9b033e495ee0ec9877ba77249fbf268b3889350c824?s=96&d=mm&r=g","caption":"EurecatEG"}}]}},"_links":{"self":[{"href":"https:\/\/eurecat.org\/es\/wp-json\/wp\/v2\/posts\/14779","targetHints":{"allow":["GET"]}}],"collection":[{"href":"https:\/\/eurecat.org\/es\/wp-json\/wp\/v2\/posts"}],"about":[{"href":"https:\/\/eurecat.org\/es\/wp-json\/wp\/v2\/types\/post"}],"author":[{"embeddable":true,"href":"https:\/\/eurecat.org\/es\/wp-json\/wp\/v2\/users\/12"}],"replies":[{"embeddable":true,"href":"https:\/\/eurecat.org\/es\/wp-json\/wp\/v2\/comments?post=14779"}],"version-history":[{"count":0,"href":"https:\/\/eurecat.org\/es\/wp-json\/wp\/v2\/posts\/14779\/revisions"}],"wp:featuredmedia":[{"embeddable":true,"href":"https:\/\/eurecat.org\/es\/wp-json\/wp\/v2\/media\/14776"}],"wp:attachment":[{"href":"https:\/\/eurecat.org\/es\/wp-json\/wp\/v2\/media?parent=14779"}],"wp:term":[{"taxonomy":"category","embeddable":true,"href":"https:\/\/eurecat.org\/es\/wp-json\/wp\/v2\/categories?post=14779"},{"taxonomy":"post_tag","embeddable":true,"href":"https:\/\/eurecat.org\/es\/wp-json\/wp\/v2\/tags?post=14779"}],"curies":[{"name":"wp","href":"https:\/\/api.w.org\/{rel}","templated":true}]}}