{"id":147793,"date":"2024-02-28T09:08:14","date_gmt":"2024-02-28T08:08:14","guid":{"rendered":"https:\/\/eurecat.org\/?p=147793"},"modified":"2024-03-05T09:14:05","modified_gmt":"2024-03-05T08:14:05","slug":"los-pellets-de-plastico-un-desafio-donde-la-tecnologia-es-primordial","status":"publish","type":"post","link":"https:\/\/eurecat.org\/es\/los-pellets-de-plastico-un-desafio-donde-la-tecnologia-es-primordial\/","title":{"rendered":"Los pellets de pl\u00e1stico, un desaf\u00edo donde la tecnolog\u00eda es primordial"},"content":{"rendered":"<div class=\"fusion-fullwidth fullwidth-box fusion-builder-row-1 fusion-flex-container has-pattern-background has-mask-background nonhundred-percent-fullwidth non-hundred-percent-height-scrolling\" style=\"--awb-border-radius-top-left:0px;--awb-border-radius-top-right:0px;--awb-border-radius-bottom-right:0px;--awb-border-radius-bottom-left:0px;--awb-flex-wrap:wrap;\" ><div class=\"fusion-builder-row fusion-row fusion-flex-align-items-flex-start fusion-flex-content-wrap\" style=\"max-width:1424.8px;margin-left: calc(-4% \/ 2 );margin-right: calc(-4% \/ 2 );\"><div class=\"fusion-layout-column fusion_builder_column fusion-builder-column-0 fusion_builder_column_1_1 1_1 fusion-flex-column\" style=\"--awb-bg-size:cover;--awb-width-large:100%;--awb-margin-top-large:0px;--awb-spacing-right-large:1.92%;--awb-margin-bottom-large:20px;--awb-spacing-left-large:1.92%;--awb-width-medium:100%;--awb-order-medium:0;--awb-spacing-right-medium:1.92%;--awb-spacing-left-medium:1.92%;--awb-width-small:100%;--awb-order-small:0;--awb-spacing-right-small:1.92%;--awb-spacing-left-small:1.92%;\"><div class=\"fusion-column-wrapper fusion-column-has-shadow fusion-flex-justify-content-flex-start fusion-content-layout-column\"><div class=\"fusion-text fusion-text-1\"><p>Los pellets de pl\u00e1stico son peque\u00f1os gr\u00e1nulos de pl\u00e1stico, de unos 5mm, aproximadamente, que se utilizan como materia prima en la fabricaci\u00f3n de productos pl\u00e1sticos como envases, embalajes para la industria alimentaria y art\u00edculos de consumo varios.<\/p>\n<p>Actualmente, est\u00e1n acaparando la atenci\u00f3n medi\u00e1tica mundial, abriendo el debate sobre su impacto sobre la salud del ecosistema y sobre todo para la salud humana. Y es que estos pellets pueden degradarse por la erosi\u00f3n mec\u00e1nica o por la exposici\u00f3n solar y generar part\u00edculas cada vez m\u00e1s peque\u00f1as, llamadas micropl\u00e1sticos, que pueden entrar en la cadena tr\u00f3fica, llegando hasta el ser humano. Los micropl\u00e1sticos pueden persistir en el entorno durante mucho tiempo, puesto que no se biodegradan f\u00e1cilmente. Adem\u00e1s, tienen la capacidad de bioacumularse en los tejidos de los seres vivos a medida que se mueven a trav\u00e9s de las cadenas alimentarias, aumentando los riesgos para la fauna y tambi\u00e9n para los seres humanos que se nutren de esos seres vivos.<\/p>\n<p>Las p\u00e9rdidas de pellets de pl\u00e1stico en el medio ambiente son la tercera fuente de micropl\u00e1sticos y representan el 7-10% de los micropl\u00e1sticos liberados de forma involuntaria en la UE, cuyas estimaciones indican que durante 2019 se perdieron entre 52.140 y 184.290 toneladas de pellets s\u00f3lo en la UE (equivalente a 2100 y 7300 camiones). Las p\u00e9rdidas de pellets se deben a las dificultades en su manipulaci\u00f3n en las etapas de la cadena de aprovisionamiento, especialmente en la producci\u00f3n (virgen o reciclado), el procesamiento, el transporte y otras operaciones log\u00edsticas y de gesti\u00f3n de residuos.<\/p>\n<p>La revisi\u00f3n de la Directiva sobre Agua Potable (RD3\/2023), la actualizaci\u00f3n de la Directiva de Aguas Subterr\u00e1neas y la Directiva sobre Est\u00e1ndares de Calidad Ambiental, as\u00ed como la propuesta de revisi\u00f3n de la Directiva sobre Tratamiento de Aguas Residuales, incluyen disposiciones para monitorizar los micropl\u00e1sticos. Sin embargo, todav\u00eda se necesita de una metodolog\u00eda de monitorizaci\u00f3n armonizada, ya que permitir\u00e1 el desarrollo de est\u00e1ndares de calidad para los micropl\u00e1sticos en aguas. Mientras, y para cubrir la falta de conocimiento relacionada con los riesgos de los micropl\u00e1sticos en el agua potable, la Comisi\u00f3n de la UE presentar\u00e1, a m\u00e1s tardar en 2029, un informe sobre la posible amenaza a las fuentes de agua destinadas al consumo humano por parte de los micropl\u00e1sticos, abordando tambi\u00e9n los posibles riesgos para la salud.<\/p>\n<p>Desde Eurecat, implementamos tecnolog\u00edas para hacer sostenible la cadena de valor de los pl\u00e1sticos y trabajamos, por ejemplo, para mejorar la eficiencia de las instalaciones de tratamiento de aguas para eliminar los micropl\u00e1sticos y evitar su transporte en el medio. Las depuradoras de aguas residuales convencionales (plantas de barro activo t\u00edpicas) son efectivas en la eliminaci\u00f3n de micropl\u00e1sticos de las aguas residuales, con tasas de retenci\u00f3n del 80% hasta el 95%, y con pasos adicionales de optimizaci\u00f3n tecnol\u00f3gica y mejora de proceso, puede llegar a eliminarse hasta el 99% del micropl\u00e1stico.<\/p>\n<p>La Comisi\u00f3n de la EU est\u00e1 proponiendo por primera vez medidas para prevenir la contaminaci\u00f3n por micropl\u00e1sticos de la liberaci\u00f3n involuntaria de pellets de pl\u00e1stico. La propuesta incluye la definici\u00f3n de mejores pr\u00e1cticas de manipulaci\u00f3n, certificaci\u00f3n obligatoria y una metodolog\u00eda armonizada para estimar las p\u00e9rdidas. La propuesta tiene como objetivo asegurarse de que todos los operadores que manipulan pellets en la UE tomen las medidas precautorias necesarias. Se prev\u00e9 que esto reduzca la liberaci\u00f3n de pellets hasta un 74%, contribuyendo a ecosistemas m\u00e1s limpios, r\u00edos y oc\u00e9anos libres de pl\u00e1stico y la reducci\u00f3n de los posibles riesgos para la salud humana. Las medidas comunes en toda la UE tambi\u00e9n ayudar\u00e1n a igualar las condiciones para los operadores. Esto, sumado a las iniciativas de reducci\u00f3n de la utilizaci\u00f3n de pl\u00e1stico desechable y el incremento de reciclaje selectivo, se espera poder contener el impacto de esta contaminaci\u00f3n.<\/p>\n<p>Como consumidores, tambi\u00e9n podemos jugar un papel importante en la reducci\u00f3n del impacto de los pellets de pl\u00e1stico. Podemos optar por productos fabricados con materiales reciclados y biodegradables si tenemos suficiente oferta y hacer un uso sostenible de los mismos. Adem\u00e1s, es necesario reciclar de forma adecuada los pl\u00e1sticos que utilizamos para minimizar su acumulaci\u00f3n en el medio ambiente.<\/p>\n<p><strong>Sandra Casas<br \/>\nResponsable de la L\u00ednea de Investigaci\u00f3n de Agua de Eurecat<\/strong><\/p>\n<\/div><\/div><\/div><\/div><\/div>\n","protected":false},"excerpt":{"rendered":"","protected":false},"author":20,"featured_media":147790,"comment_status":"open","ping_status":"closed","sticky":false,"template":"","format":"standard","meta":{"footnotes":""},"categories":[2314,133],"tags":[],"class_list":["post-147793","post","type-post","status-publish","format-standard","has-post-thumbnail","hentry","category-agua-aire-suelos","category-blog"],"yoast_head":"<!-- This site is optimized with the Yoast SEO plugin v27.4 - https:\/\/yoast.com\/product\/yoast-seo-wordpress\/ -->\n<title>Los pellets de pl\u00e1stico, un desaf\u00edo donde la tecnolog\u00eda es primordial - Eurecat<\/title>\n<meta name=\"robots\" content=\"index, follow, max-snippet:-1, max-image-preview:large, max-video-preview:-1\" \/>\n<link rel=\"canonical\" href=\"https:\/\/eurecat.org\/es\/los-pellets-de-plastico-un-desafio-donde-la-tecnologia-es-primordial\/\" \/>\n<meta property=\"og:locale\" content=\"es_ES\" \/>\n<meta property=\"og:type\" content=\"article\" \/>\n<meta property=\"og:title\" content=\"Los pellets de pl\u00e1stico, un desaf\u00edo donde la tecnolog\u00eda es primordial - Eurecat\" \/>\n<meta property=\"og:url\" content=\"https:\/\/eurecat.org\/es\/los-pellets-de-plastico-un-desafio-donde-la-tecnologia-es-primordial\/\" \/>\n<meta property=\"og:site_name\" content=\"Eurecat\" \/>\n<meta property=\"article:published_time\" content=\"2024-02-28T08:08:14+00:00\" \/>\n<meta property=\"article:modified_time\" content=\"2024-03-05T08:14:05+00:00\" \/>\n<meta property=\"og:image\" content=\"https:\/\/eurecat.org\/wp-content\/uploads\/2024\/03\/laboratori-3_800px.jpg\" \/>\n\t<meta property=\"og:image:width\" content=\"800\" \/>\n\t<meta property=\"og:image:height\" content=\"449\" \/>\n\t<meta property=\"og:image:type\" content=\"image\/jpeg\" \/>\n<meta name=\"author\" content=\"EurecatEQZ\" \/>\n<meta name=\"twitter:card\" content=\"summary_large_image\" \/>\n<meta name=\"twitter:label1\" content=\"Escrito por\" \/>\n\t<meta name=\"twitter:data1\" content=\"EurecatEQZ\" \/>\n\t<meta name=\"twitter:label2\" content=\"Tiempo de lectura\" \/>\n\t<meta name=\"twitter:data2\" content=\"4 minutos\" \/>\n<script type=\"application\/ld+json\" class=\"yoast-schema-graph\">{\"@context\":\"https:\\\/\\\/schema.org\",\"@graph\":[{\"@type\":\"Article\",\"@id\":\"https:\\\/\\\/eurecat.org\\\/es\\\/los-pellets-de-plastico-un-desafio-donde-la-tecnologia-es-primordial\\\/#article\",\"isPartOf\":{\"@id\":\"https:\\\/\\\/eurecat.org\\\/es\\\/los-pellets-de-plastico-un-desafio-donde-la-tecnologia-es-primordial\\\/\"},\"author\":{\"name\":\"EurecatEQZ\",\"@id\":\"https:\\\/\\\/eurecat.org\\\/es\\\/#\\\/schema\\\/person\\\/99d4d39712001e7621b6867b27b40bed\"},\"headline\":\"Los pellets de pl\u00e1stico, un desaf\u00edo donde la tecnolog\u00eda es primordial\",\"datePublished\":\"2024-02-28T08:08:14+00:00\",\"dateModified\":\"2024-03-05T08:14:05+00:00\",\"mainEntityOfPage\":{\"@id\":\"https:\\\/\\\/eurecat.org\\\/es\\\/los-pellets-de-plastico-un-desafio-donde-la-tecnologia-es-primordial\\\/\"},\"wordCount\":1820,\"commentCount\":0,\"image\":{\"@id\":\"https:\\\/\\\/eurecat.org\\\/es\\\/los-pellets-de-plastico-un-desafio-donde-la-tecnologia-es-primordial\\\/#primaryimage\"},\"thumbnailUrl\":\"https:\\\/\\\/eurecat.org\\\/wp-content\\\/uploads\\\/2024\\\/03\\\/laboratori-3_800px.jpg\",\"articleSection\":[\"Agua aire suelos\",\"Blog\"],\"inLanguage\":\"es\",\"potentialAction\":[{\"@type\":\"CommentAction\",\"name\":\"Comment\",\"target\":[\"https:\\\/\\\/eurecat.org\\\/es\\\/los-pellets-de-plastico-un-desafio-donde-la-tecnologia-es-primordial\\\/#respond\"]}]},{\"@type\":\"WebPage\",\"@id\":\"https:\\\/\\\/eurecat.org\\\/es\\\/los-pellets-de-plastico-un-desafio-donde-la-tecnologia-es-primordial\\\/\",\"url\":\"https:\\\/\\\/eurecat.org\\\/es\\\/los-pellets-de-plastico-un-desafio-donde-la-tecnologia-es-primordial\\\/\",\"name\":\"Los pellets de pl\u00e1stico, un desaf\u00edo donde la tecnolog\u00eda es primordial - Eurecat\",\"isPartOf\":{\"@id\":\"https:\\\/\\\/eurecat.org\\\/es\\\/#website\"},\"primaryImageOfPage\":{\"@id\":\"https:\\\/\\\/eurecat.org\\\/es\\\/los-pellets-de-plastico-un-desafio-donde-la-tecnologia-es-primordial\\\/#primaryimage\"},\"image\":{\"@id\":\"https:\\\/\\\/eurecat.org\\\/es\\\/los-pellets-de-plastico-un-desafio-donde-la-tecnologia-es-primordial\\\/#primaryimage\"},\"thumbnailUrl\":\"https:\\\/\\\/eurecat.org\\\/wp-content\\\/uploads\\\/2024\\\/03\\\/laboratori-3_800px.jpg\",\"datePublished\":\"2024-02-28T08:08:14+00:00\",\"dateModified\":\"2024-03-05T08:14:05+00:00\",\"author\":{\"@id\":\"https:\\\/\\\/eurecat.org\\\/es\\\/#\\\/schema\\\/person\\\/99d4d39712001e7621b6867b27b40bed\"},\"breadcrumb\":{\"@id\":\"https:\\\/\\\/eurecat.org\\\/es\\\/los-pellets-de-plastico-un-desafio-donde-la-tecnologia-es-primordial\\\/#breadcrumb\"},\"inLanguage\":\"es\",\"potentialAction\":[{\"@type\":\"ReadAction\",\"target\":[\"https:\\\/\\\/eurecat.org\\\/es\\\/los-pellets-de-plastico-un-desafio-donde-la-tecnologia-es-primordial\\\/\"]}]},{\"@type\":\"ImageObject\",\"inLanguage\":\"es\",\"@id\":\"https:\\\/\\\/eurecat.org\\\/es\\\/los-pellets-de-plastico-un-desafio-donde-la-tecnologia-es-primordial\\\/#primaryimage\",\"url\":\"https:\\\/\\\/eurecat.org\\\/wp-content\\\/uploads\\\/2024\\\/03\\\/laboratori-3_800px.jpg\",\"contentUrl\":\"https:\\\/\\\/eurecat.org\\\/wp-content\\\/uploads\\\/2024\\\/03\\\/laboratori-3_800px.jpg\",\"width\":800,\"height\":449},{\"@type\":\"BreadcrumbList\",\"@id\":\"https:\\\/\\\/eurecat.org\\\/es\\\/los-pellets-de-plastico-un-desafio-donde-la-tecnologia-es-primordial\\\/#breadcrumb\",\"itemListElement\":[{\"@type\":\"ListItem\",\"position\":1,\"name\":\"Inici\",\"item\":\"https:\\\/\\\/eurecat.org\\\/es\\\/\"},{\"@type\":\"ListItem\",\"position\":2,\"name\":\"Los pellets de pl\u00e1stico, un desaf\u00edo donde la tecnolog\u00eda es primordial\"}]},{\"@type\":\"WebSite\",\"@id\":\"https:\\\/\\\/eurecat.org\\\/es\\\/#website\",\"url\":\"https:\\\/\\\/eurecat.org\\\/es\\\/\",\"name\":\"Eurecat\",\"description\":\"Otro sitio realizado con WordPress\",\"potentialAction\":[{\"@type\":\"SearchAction\",\"target\":{\"@type\":\"EntryPoint\",\"urlTemplate\":\"https:\\\/\\\/eurecat.org\\\/es\\\/?s={search_term_string}\"},\"query-input\":{\"@type\":\"PropertyValueSpecification\",\"valueRequired\":true,\"valueName\":\"search_term_string\"}}],\"inLanguage\":\"es\"},{\"@type\":\"Person\",\"@id\":\"https:\\\/\\\/eurecat.org\\\/es\\\/#\\\/schema\\\/person\\\/99d4d39712001e7621b6867b27b40bed\",\"name\":\"EurecatEQZ\",\"image\":{\"@type\":\"ImageObject\",\"inLanguage\":\"es\",\"@id\":\"https:\\\/\\\/secure.gravatar.com\\\/avatar\\\/6deb26ca61bcc34263c59cc62bb8b08ff90b67af7f99943babf5d86396845993?s=96&d=mm&r=g\",\"url\":\"https:\\\/\\\/secure.gravatar.com\\\/avatar\\\/6deb26ca61bcc34263c59cc62bb8b08ff90b67af7f99943babf5d86396845993?s=96&d=mm&r=g\",\"contentUrl\":\"https:\\\/\\\/secure.gravatar.com\\\/avatar\\\/6deb26ca61bcc34263c59cc62bb8b08ff90b67af7f99943babf5d86396845993?s=96&d=mm&r=g\",\"caption\":\"EurecatEQZ\"}}]}<\/script>\n<!-- \/ Yoast SEO plugin. -->","yoast_head_json":{"title":"Los pellets de pl\u00e1stico, un desaf\u00edo donde la tecnolog\u00eda es primordial - Eurecat","robots":{"index":"index","follow":"follow","max-snippet":"max-snippet:-1","max-image-preview":"max-image-preview:large","max-video-preview":"max-video-preview:-1"},"canonical":"https:\/\/eurecat.org\/es\/los-pellets-de-plastico-un-desafio-donde-la-tecnologia-es-primordial\/","og_locale":"es_ES","og_type":"article","og_title":"Los pellets de pl\u00e1stico, un desaf\u00edo donde la tecnolog\u00eda es primordial - Eurecat","og_url":"https:\/\/eurecat.org\/es\/los-pellets-de-plastico-un-desafio-donde-la-tecnologia-es-primordial\/","og_site_name":"Eurecat","article_published_time":"2024-02-28T08:08:14+00:00","article_modified_time":"2024-03-05T08:14:05+00:00","og_image":[{"width":800,"height":449,"url":"https:\/\/eurecat.org\/wp-content\/uploads\/2024\/03\/laboratori-3_800px.jpg","type":"image\/jpeg"}],"author":"EurecatEQZ","twitter_card":"summary_large_image","twitter_misc":{"Escrito por":"EurecatEQZ","Tiempo de lectura":"4 minutos"},"schema":{"@context":"https:\/\/schema.org","@graph":[{"@type":"Article","@id":"https:\/\/eurecat.org\/es\/los-pellets-de-plastico-un-desafio-donde-la-tecnologia-es-primordial\/#article","isPartOf":{"@id":"https:\/\/eurecat.org\/es\/los-pellets-de-plastico-un-desafio-donde-la-tecnologia-es-primordial\/"},"author":{"name":"EurecatEQZ","@id":"https:\/\/eurecat.org\/es\/#\/schema\/person\/99d4d39712001e7621b6867b27b40bed"},"headline":"Los pellets de pl\u00e1stico, un desaf\u00edo donde la tecnolog\u00eda es primordial","datePublished":"2024-02-28T08:08:14+00:00","dateModified":"2024-03-05T08:14:05+00:00","mainEntityOfPage":{"@id":"https:\/\/eurecat.org\/es\/los-pellets-de-plastico-un-desafio-donde-la-tecnologia-es-primordial\/"},"wordCount":1820,"commentCount":0,"image":{"@id":"https:\/\/eurecat.org\/es\/los-pellets-de-plastico-un-desafio-donde-la-tecnologia-es-primordial\/#primaryimage"},"thumbnailUrl":"https:\/\/eurecat.org\/wp-content\/uploads\/2024\/03\/laboratori-3_800px.jpg","articleSection":["Agua aire suelos","Blog"],"inLanguage":"es","potentialAction":[{"@type":"CommentAction","name":"Comment","target":["https:\/\/eurecat.org\/es\/los-pellets-de-plastico-un-desafio-donde-la-tecnologia-es-primordial\/#respond"]}]},{"@type":"WebPage","@id":"https:\/\/eurecat.org\/es\/los-pellets-de-plastico-un-desafio-donde-la-tecnologia-es-primordial\/","url":"https:\/\/eurecat.org\/es\/los-pellets-de-plastico-un-desafio-donde-la-tecnologia-es-primordial\/","name":"Los pellets de pl\u00e1stico, un desaf\u00edo donde la tecnolog\u00eda es primordial - Eurecat","isPartOf":{"@id":"https:\/\/eurecat.org\/es\/#website"},"primaryImageOfPage":{"@id":"https:\/\/eurecat.org\/es\/los-pellets-de-plastico-un-desafio-donde-la-tecnologia-es-primordial\/#primaryimage"},"image":{"@id":"https:\/\/eurecat.org\/es\/los-pellets-de-plastico-un-desafio-donde-la-tecnologia-es-primordial\/#primaryimage"},"thumbnailUrl":"https:\/\/eurecat.org\/wp-content\/uploads\/2024\/03\/laboratori-3_800px.jpg","datePublished":"2024-02-28T08:08:14+00:00","dateModified":"2024-03-05T08:14:05+00:00","author":{"@id":"https:\/\/eurecat.org\/es\/#\/schema\/person\/99d4d39712001e7621b6867b27b40bed"},"breadcrumb":{"@id":"https:\/\/eurecat.org\/es\/los-pellets-de-plastico-un-desafio-donde-la-tecnologia-es-primordial\/#breadcrumb"},"inLanguage":"es","potentialAction":[{"@type":"ReadAction","target":["https:\/\/eurecat.org\/es\/los-pellets-de-plastico-un-desafio-donde-la-tecnologia-es-primordial\/"]}]},{"@type":"ImageObject","inLanguage":"es","@id":"https:\/\/eurecat.org\/es\/los-pellets-de-plastico-un-desafio-donde-la-tecnologia-es-primordial\/#primaryimage","url":"https:\/\/eurecat.org\/wp-content\/uploads\/2024\/03\/laboratori-3_800px.jpg","contentUrl":"https:\/\/eurecat.org\/wp-content\/uploads\/2024\/03\/laboratori-3_800px.jpg","width":800,"height":449},{"@type":"BreadcrumbList","@id":"https:\/\/eurecat.org\/es\/los-pellets-de-plastico-un-desafio-donde-la-tecnologia-es-primordial\/#breadcrumb","itemListElement":[{"@type":"ListItem","position":1,"name":"Inici","item":"https:\/\/eurecat.org\/es\/"},{"@type":"ListItem","position":2,"name":"Los pellets de pl\u00e1stico, un desaf\u00edo donde la tecnolog\u00eda es primordial"}]},{"@type":"WebSite","@id":"https:\/\/eurecat.org\/es\/#website","url":"https:\/\/eurecat.org\/es\/","name":"Eurecat","description":"Otro sitio realizado con WordPress","potentialAction":[{"@type":"SearchAction","target":{"@type":"EntryPoint","urlTemplate":"https:\/\/eurecat.org\/es\/?s={search_term_string}"},"query-input":{"@type":"PropertyValueSpecification","valueRequired":true,"valueName":"search_term_string"}}],"inLanguage":"es"},{"@type":"Person","@id":"https:\/\/eurecat.org\/es\/#\/schema\/person\/99d4d39712001e7621b6867b27b40bed","name":"EurecatEQZ","image":{"@type":"ImageObject","inLanguage":"es","@id":"https:\/\/secure.gravatar.com\/avatar\/6deb26ca61bcc34263c59cc62bb8b08ff90b67af7f99943babf5d86396845993?s=96&d=mm&r=g","url":"https:\/\/secure.gravatar.com\/avatar\/6deb26ca61bcc34263c59cc62bb8b08ff90b67af7f99943babf5d86396845993?s=96&d=mm&r=g","contentUrl":"https:\/\/secure.gravatar.com\/avatar\/6deb26ca61bcc34263c59cc62bb8b08ff90b67af7f99943babf5d86396845993?s=96&d=mm&r=g","caption":"EurecatEQZ"}}]}},"_links":{"self":[{"href":"https:\/\/eurecat.org\/es\/wp-json\/wp\/v2\/posts\/147793","targetHints":{"allow":["GET"]}}],"collection":[{"href":"https:\/\/eurecat.org\/es\/wp-json\/wp\/v2\/posts"}],"about":[{"href":"https:\/\/eurecat.org\/es\/wp-json\/wp\/v2\/types\/post"}],"author":[{"embeddable":true,"href":"https:\/\/eurecat.org\/es\/wp-json\/wp\/v2\/users\/20"}],"replies":[{"embeddable":true,"href":"https:\/\/eurecat.org\/es\/wp-json\/wp\/v2\/comments?post=147793"}],"version-history":[{"count":1,"href":"https:\/\/eurecat.org\/es\/wp-json\/wp\/v2\/posts\/147793\/revisions"}],"predecessor-version":[{"id":147794,"href":"https:\/\/eurecat.org\/es\/wp-json\/wp\/v2\/posts\/147793\/revisions\/147794"}],"wp:featuredmedia":[{"embeddable":true,"href":"https:\/\/eurecat.org\/es\/wp-json\/wp\/v2\/media\/147790"}],"wp:attachment":[{"href":"https:\/\/eurecat.org\/es\/wp-json\/wp\/v2\/media?parent=147793"}],"wp:term":[{"taxonomy":"category","embeddable":true,"href":"https:\/\/eurecat.org\/es\/wp-json\/wp\/v2\/categories?post=147793"},{"taxonomy":"post_tag","embeddable":true,"href":"https:\/\/eurecat.org\/es\/wp-json\/wp\/v2\/tags?post=147793"}],"curies":[{"name":"wp","href":"https:\/\/api.w.org\/{rel}","templated":true}]}}