{"id":149119,"date":"2024-04-09T09:38:40","date_gmt":"2024-04-09T07:38:40","guid":{"rendered":"https:\/\/eurecat.org\/?p=149119"},"modified":"2024-04-09T09:41:22","modified_gmt":"2024-04-09T07:41:22","slug":"irene-jubany-la-innovacion-tecnologica-puede-permitirnos-generar-actividad-economica-regenerativa","status":"publish","type":"post","link":"https:\/\/eurecat.org\/es\/irene-jubany-la-innovacion-tecnologica-puede-permitirnos-generar-actividad-economica-regenerativa\/","title":{"rendered":"Irene Jubany: \u201cla innovaci\u00f3n tecnol\u00f3gica puede permitirnos generar actividad econ\u00f3mica regenerativa\u201d"},"content":{"rendered":"<div class=\"fusion-fullwidth fullwidth-box fusion-builder-row-1 fusion-flex-container has-pattern-background has-mask-background nonhundred-percent-fullwidth non-hundred-percent-height-scrolling\" style=\"--awb-border-radius-top-left:0px;--awb-border-radius-top-right:0px;--awb-border-radius-bottom-right:0px;--awb-border-radius-bottom-left:0px;--awb-flex-wrap:wrap;\" ><div class=\"fusion-builder-row fusion-row fusion-flex-align-items-flex-start fusion-flex-content-wrap\" style=\"max-width:1424.8px;margin-left: calc(-4% \/ 2 );margin-right: calc(-4% \/ 2 );\"><div class=\"fusion-layout-column fusion_builder_column fusion-builder-column-0 fusion_builder_column_1_1 1_1 fusion-flex-column\" style=\"--awb-bg-size:cover;--awb-width-large:100%;--awb-margin-top-large:0px;--awb-spacing-right-large:1.92%;--awb-margin-bottom-large:20px;--awb-spacing-left-large:1.92%;--awb-width-medium:100%;--awb-order-medium:0;--awb-spacing-right-medium:1.92%;--awb-spacing-left-medium:1.92%;--awb-width-small:100%;--awb-order-small:0;--awb-spacing-right-small:1.92%;--awb-spacing-left-small:1.92%;\"><div class=\"fusion-column-wrapper fusion-column-has-shadow fusion-flex-justify-content-flex-start fusion-content-layout-column\"><div class=\"fusion-text fusion-text-1\"><p>La innovaci\u00f3n tecnol\u00f3gica permite trabajar la sostenibilidad en las vertientes que la conforman y que, m\u00e1s a menudo de lo que se piensa, van alineadas, como la mejora medioambiental, aportando tecnolog\u00edas que permitan aprovechar los recursos y generar menos impacto en los ecosistemas; la mejora econ\u00f3mica, optimizando los procesos a nivel energ\u00e9tico, de materias primas y de generaci\u00f3n de menos residuos; y tambi\u00e9n en la mejora social, aportando tecnolog\u00eda m\u00e1s segura y puestos de trabajo. As\u00ed lo explica la coordinadora de Investigaci\u00f3n del \u00c1rea de Sostenibilidad de Eurecat, Irene Jubany, en la presente entrevista, donde subraya que, m\u00e1s all\u00e1 del concepto de sostenibilidad, la innovaci\u00f3n tecnol\u00f3gica puede permitirnos generar actividad econ\u00f3mica regenerativa.<\/p>\n<p><strong>\u00bfQu\u00e9 \u00e1mbitos de trabajo prioriz\u00e1is en el \u00c1rea de Sostenibilidad de Eurecat desde el punto de vista cient\u00edfico y tecnol\u00f3gico?<\/strong><\/p>\n<p>En el \u00c1rea de Sostenibilidad de Eurecat trabajamos en diferentes aspectos. En los \u00e1mbitos ambientales del agua, el suelo y el aire, perseguimos el doble objetivo de mejorar su calidad mediante tecnolog\u00eda de descontaminaci\u00f3n y aprovechar al m\u00e1ximo los recursos que nos pueden aportar. En la esfera de la protecci\u00f3n de los ecosistemas, investigamos sobre estrategias de gesti\u00f3n que hagan los sistemas naturales y agr\u00edcolas m\u00e1s resilientes en el cambio clim\u00e1tico. En cuanto al campo de la energ\u00eda, priorizamos la optimizaci\u00f3n de su uso y promovemos el uso de fuentes renovables, al tiempo que trabajamos para la mejora de las bater\u00edas para veh\u00edculos el\u00e9ctricos y otras aplicaciones de almacenamiento de energ\u00eda. Por lo que respecta a los residuos, promovemos la econom\u00eda circular mediante tecnolog\u00eda que nos permita minimizar los residuos no aprovechables y optimizar su gesti\u00f3n. Tambi\u00e9n generamos metodolog\u00edas para eco-dise\u00f1ar nuevos procesos y productos y cuantificar su ganancia ambiental y as\u00ed asegurarnos de que los desarrollos cient\u00edficos y tecnol\u00f3gicos que hacemos contribuyen a disminuir el impacto que hacemos como sociedad.<\/p>\n<p>Para el \u00c1rea de Sostenibilidad, es clave el trabajo conjunto con otras \u00e1reas y departamentos de Eurecat y es que los retos de la sostenibilidad hoy en d\u00eda impregnan todas las tecnolog\u00edas y sectores.<\/p>\n<p><strong>\u00bfNos podr\u00edas compartir cu\u00e1l es el itinerario de un proyecto de innovaci\u00f3n tecnol\u00f3gica en el campo de la sostenibilidad desde que comienza hasta que se aplica? \u00bfEstamos hablando de plazos muy amplios?<\/strong><\/p>\n<p>El desarrollo de nuevos productos y procesos pasa por diferentes etapas desde que se genera una nueva idea hasta su aplicaci\u00f3n. Esto permite escalar la tecnolog\u00eda en un entorno de confianza para los inversores y poder emprender las medidas correctoras lo antes posible. Las primeras etapas pasan por validar la idea en el laboratorio en un ambiente controlado y a peque\u00f1a escala. Las siguientes etapas tienen el objetivo de probar aquella idea en condiciones cada vez m\u00e1s similares a las que pueda encontrarse en la realidad industrial y tambi\u00e9n utilizando equipos m\u00e1s grandes. Las etapas finales ya incluyen la construcci\u00f3n de plantas piloto que puedan ser probadas en un ambiente real, aunque todav\u00eda no est\u00e9n en las dimensiones de aplicaci\u00f3n industrial. Por \u00faltimo, cuando ese nuevo proceso o producto ya ha sido demostrado en estos diferentes \u00e1mbitos se puede considerar apto para aplicarse de forma industrial. En argot cient\u00edfico-tecnol\u00f3gico estas etapas se llaman niveles de preparaci\u00f3n tecnol\u00f3gica (del ingl\u00e9s Technology Readiness Level, TRL) y van del 1 al 9, cuanto mayor es el valor, m\u00e1s cercano a mercado. Este itinerario puede ser de menos de un a\u00f1o cuando el desarrollo que se propone es una modificaci\u00f3n de alguna tecnolog\u00eda o producto ya existente o bien puede durar hasta 10 o m\u00e1s a\u00f1os si la idea es completamente nueva e incluye la creaci\u00f3n de una tecnolog\u00eda no conocida. La duraci\u00f3n tambi\u00e9n depende en gran medida de los recursos disponibles y del sector. De hecho, el desarrollo de nuevas tecnolog\u00edas o productos tiene asociado un elevado riesgo y, por tanto, hay posibilidad de fracasar o tener que repensar la idea inicial. En Eurecat intentamos mitigar el riesgo tecnol\u00f3gico aportando nuestras metodolog\u00edas experimentales y de simulaci\u00f3n y todas nuestras infraestructuras y tratamos de acortar estos per\u00edodos que son factor clave de competitividad. Sin embargo, hay que tener en cuenta que el mayor riesgo que puede sufrir una empresa es no innovar.<\/p>\n<p><strong>\u00bfC\u00f3mo puede ayudar la innovaci\u00f3n tecnol\u00f3gica a realizar propuestas de valor diferenciales desde el punto de vista de la sostenibilidad?<\/strong><\/p>\n<p>Hay mucho campo por recorrer para hacer m\u00e1s sostenibles todos los sectores industriales y tambi\u00e9n el \u00e1mbito urbano. La innovaci\u00f3n tecnol\u00f3gica permite trabajar la sostenibilidad en las vertientes que la conforman y que, m\u00e1s a menudo de lo que se piensa, van alineadas: la mejora medioambiental, aportando mejores tecnolog\u00edas que permitan aprovechar mejor los recursos y generar menos impacto en los ecosistemas; la mejora econ\u00f3mica, optimizando los procesos a nivel energ\u00e9tico, a nivel de uso de materias primas y de generaci\u00f3n de menos residuos; y tambi\u00e9n la mejora social, aportando tecnolog\u00eda m\u00e1s segura y puestos de trabajo. Y m\u00e1s all\u00e1 del concepto de sostenibilidad, la innovaci\u00f3n tecnol\u00f3gica puede permitirnos generar actividad econ\u00f3mica regenerativa. O sea, que en lugar de minimizar el impacto negativo que estamos haciendo, podamos ser capaces de generar impacto positivo.<\/p>\n<p><strong>\u00bfQu\u00e9 es la bioeconom\u00eda? \u00bfCu\u00e1l es su potencial?<\/strong><\/p>\n<p>La bioeconom\u00eda es toda la actividad econ\u00f3mica que utiliza fundamentalmente recursos de origen biol\u00f3gico para generar productos y servicios. Y si esta actividad econ\u00f3mica se hace promoviendo que los productos, materiales y otros recursos permanezcan el mayor tiempo posible, por ejemplo, eco-dise\u00f1ando, reciclando o reparando, entre otras acciones, potenciando su uso sostenible y eficiente y reduciendo al m\u00ednimo la generaci\u00f3n de residuos, hablamos de bioeconom\u00eda circular. Su potencial es muy relevante en Catalu\u00f1a ya que incluye los sectores agr\u00edcola, ganadero, silv\u00edcola, pesquero, alimentaci\u00f3n, industria del papel, la madera y el corcho, industria de fibras naturales y cuero, gesti\u00f3n de residuos, parte del sector farmac\u00e9utico, del sector bioqu\u00edmico y de la generaci\u00f3n de energ\u00eda.<\/p>\n<p><strong>\u00bfPodr\u00edas dar algunos ejemplos en los que la bioeconom\u00eda puede marcar la diferencia?<\/strong><\/p>\n<p>Buena parte de residuos agroindustriales ya se utilizan para generar compost aprovechable para la fertilizaci\u00f3n agr\u00edcola y tienen un enorme potencial para generar biog\u00e1s, justamente en fase de crecimiento exponencial en nuestro pa\u00eds. Otras alternativas que se est\u00e1n evaluando son la extracci\u00f3n de sustancias espec\u00edficas que puedan ser utilizadas en aplicaciones de mayor valor, como el sector farmac\u00e9utico o el sector qu\u00edmico.<\/p>\n<p>Por ejemplo, de los posos del caf\u00e9 pueden obtenerse compuestos fen\u00f3licos considerados bioactivos en aplicaciones biom\u00e9dicas. De los cultivos de algas, que permiten captar CO<sub>2<\/sub> atmosf\u00e9rico, se pueden extraer aceites para sustituir combustibles f\u00f3siles, o utilizarse para nutrici\u00f3n.<\/p>\n<p><strong>\u00bfQu\u00e9 otras tendencias destacar\u00edas en materia de innovaci\u00f3n tecnol\u00f3gica en sostenibilidad? <\/strong><\/p>\n<p>Dos de las macrotendencias globales para las que trabajamos en el \u00e1mbito de sostenibilidad son la econom\u00eda circular y la resiliencia clim\u00e1tica. La econom\u00eda circular nos permite aprovechar al m\u00e1ximo los recursos naturales como las materias primas minerales, el agua, los nutrientes o la energ\u00eda y, por tanto, generar un crecimiento m\u00e1s respetuoso con la naturaleza. En buena parte, tambi\u00e9n est\u00e1 relacionada con la mitigaci\u00f3n del cambio clim\u00e1tico.<\/p>\n<p>Y la resiliencia clim\u00e1tica es la reducci\u00f3n de nuestra vulnerabilidad frente a los cambios clim\u00e1ticos que estamos provocando, b\u00e1sicamente innovando para una mejor adaptaci\u00f3n al cambio clim\u00e1tico y tambi\u00e9n descarbonizando nuestra econom\u00eda, para que Europa sea un continente neutro en emisiones en 2050, un reto que implica una transformaci\u00f3n sin precedentes.<\/p>\n<p><strong>\u00bfCu\u00e1les ser\u00edan los principales desaf\u00edos que deber\u00edan priorizarse a nivel empresarial y social desde la perspectiva de la innovaci\u00f3n tecnol\u00f3gica en sostenibilidad?<\/strong><\/p>\n<p>El principal desaf\u00edo empresarial y social que tenemos sobre la mesa en t\u00e9rminos de sostenibilidad es el de crear actividad econ\u00f3mica que tenga un impacto positivo sobre el medio, los ecosistemas y la sociedad en su conjunto. Como dicen algunos autores, est\u00e1 despertando una sostenibilidad que dejar\u00e1 atr\u00e1s la visi\u00f3n simplificada de que las empresas s\u00f3lo deben generar beneficios econ\u00f3micos. En este sentido, el desarrollo tecnol\u00f3gico puede desempe\u00f1ar un papel clave. Ahora bien, como sociedad, quiz\u00e1s debamos renunciar a algunos aspectos de comodidad que pueden generarnos rechazo inicialmente pero que, a la larga, nos beneficiar\u00e1n globalmente. Como ejemplo cotidiano, consumir energ\u00eda renovable no nos autoriza a dejar de ahorrar porque todo tiene un impacto, por tanto, la prevenci\u00f3n y el sentido com\u00fan han llegado para quedarse. Tambi\u00e9n podemos pensar en la obligaci\u00f3n de dejar de utilizar bolsas de un solo uso y pasar a utilizar bolsas reutilizables de tela. Es una ligera incomodidad inicial, pero a largo plazo bajaremos la cantidad de pl\u00e1stico que va a parar al medio ambiente y nos beneficiaremos todos indirectamente.<\/p>\n<p><strong>\u00bfHacen falta muchos cambios para avanzar en este apartado? \u00bfEstamos preparados para dar respuesta a los retos actuales?<\/strong><\/p>\n<p>Hace falta que toda la sociedad est\u00e9 concienciada y alineada con estos conceptos, tanto la comunidad cient\u00edfica, los emprendedores, la industria, los gobiernos&#8230; En definitiva, todo el mundo debe aportar. Las inversiones a realizar son enormes y tendr\u00e1n que venir en gran medida del sector privado. Aqu\u00ed es donde la tecnolog\u00eda tiene mucho que decir para tomar las mejores decisiones y hacer una explotaci\u00f3n lo m\u00e1s optimizada posible. Pero sin la actitud comprometida de la ciudadan\u00eda, la transformaci\u00f3n no ser\u00e1 posible. La Administraci\u00f3n debe regular el nuevo escenario con un delicado equilibrio entre cambios muy importantes y, por qu\u00e9 no decirlo, con cierto riesgo, sin dejar a nadie atr\u00e1s. Nunca en la historia de la humanidad se hab\u00eda vivido una situaci\u00f3n como \u00e9sta, poder aportarla desde la investigaci\u00f3n y la innovaci\u00f3n es apasionante. La tecnolog\u00eda va avanzando, pero paralelamente debemos avanzar tambi\u00e9n la sociedad para hacer un uso m\u00e1s resiliente y regenerador.<\/p>\n<\/div><\/div><\/div><\/div><\/div>\n","protected":false},"excerpt":{"rendered":"","protected":false},"author":20,"featured_media":149117,"comment_status":"open","ping_status":"closed","sticky":false,"template":"","format":"standard","meta":{"footnotes":""},"categories":[133,411],"tags":[],"class_list":["post-149119","post","type-post","status-publish","format-standard","has-post-thumbnail","hentry","category-blog","category-sostenibilidad"],"yoast_head":"<!-- This site is optimized with the Yoast SEO plugin v27.4 - https:\/\/yoast.com\/product\/yoast-seo-wordpress\/ -->\n<title>Irene Jubany: \u201cla innovaci\u00f3n tecnol\u00f3gica puede permitirnos generar actividad econ\u00f3mica regenerativa\u201d - Eurecat<\/title>\n<meta name=\"robots\" content=\"index, follow, max-snippet:-1, max-image-preview:large, max-video-preview:-1\" \/>\n<link rel=\"canonical\" href=\"https:\/\/eurecat.org\/es\/irene-jubany-la-innovacion-tecnologica-puede-permitirnos-generar-actividad-economica-regenerativa\/\" \/>\n<meta property=\"og:locale\" content=\"es_ES\" \/>\n<meta property=\"og:type\" content=\"article\" \/>\n<meta property=\"og:title\" content=\"Irene Jubany: \u201cla innovaci\u00f3n tecnol\u00f3gica puede permitirnos generar actividad econ\u00f3mica regenerativa\u201d - Eurecat\" \/>\n<meta property=\"og:url\" content=\"https:\/\/eurecat.org\/es\/irene-jubany-la-innovacion-tecnologica-puede-permitirnos-generar-actividad-economica-regenerativa\/\" \/>\n<meta property=\"og:site_name\" content=\"Eurecat\" \/>\n<meta property=\"article:published_time\" content=\"2024-04-09T07:38:40+00:00\" \/>\n<meta property=\"article:modified_time\" content=\"2024-04-09T07:41:22+00:00\" \/>\n<meta property=\"og:image\" content=\"https:\/\/eurecat.org\/wp-content\/uploads\/2024\/04\/ENTREVISTA-_IRENE-JUBANY_low.jpg\" \/>\n\t<meta property=\"og:image:width\" content=\"800\" \/>\n\t<meta property=\"og:image:height\" content=\"533\" \/>\n\t<meta property=\"og:image:type\" content=\"image\/jpeg\" \/>\n<meta name=\"author\" content=\"EurecatEQZ\" \/>\n<meta name=\"twitter:card\" content=\"summary_large_image\" \/>\n<meta name=\"twitter:label1\" content=\"Escrito por\" \/>\n\t<meta name=\"twitter:data1\" content=\"EurecatEQZ\" \/>\n\t<meta name=\"twitter:label2\" content=\"Tiempo de lectura\" \/>\n\t<meta name=\"twitter:data2\" content=\"9 minutos\" \/>\n<script type=\"application\/ld+json\" class=\"yoast-schema-graph\">{\"@context\":\"https:\\\/\\\/schema.org\",\"@graph\":[{\"@type\":\"Article\",\"@id\":\"https:\\\/\\\/eurecat.org\\\/es\\\/irene-jubany-la-innovacion-tecnologica-puede-permitirnos-generar-actividad-economica-regenerativa\\\/#article\",\"isPartOf\":{\"@id\":\"https:\\\/\\\/eurecat.org\\\/es\\\/irene-jubany-la-innovacion-tecnologica-puede-permitirnos-generar-actividad-economica-regenerativa\\\/\"},\"author\":{\"name\":\"EurecatEQZ\",\"@id\":\"https:\\\/\\\/eurecat.org\\\/es\\\/#\\\/schema\\\/person\\\/99d4d39712001e7621b6867b27b40bed\"},\"headline\":\"Irene Jubany: \u201cla innovaci\u00f3n tecnol\u00f3gica puede permitirnos generar actividad econ\u00f3mica regenerativa\u201d\",\"datePublished\":\"2024-04-09T07:38:40+00:00\",\"dateModified\":\"2024-04-09T07:41:22+00:00\",\"mainEntityOfPage\":{\"@id\":\"https:\\\/\\\/eurecat.org\\\/es\\\/irene-jubany-la-innovacion-tecnologica-puede-permitirnos-generar-actividad-economica-regenerativa\\\/\"},\"wordCount\":2809,\"commentCount\":0,\"image\":{\"@id\":\"https:\\\/\\\/eurecat.org\\\/es\\\/irene-jubany-la-innovacion-tecnologica-puede-permitirnos-generar-actividad-economica-regenerativa\\\/#primaryimage\"},\"thumbnailUrl\":\"https:\\\/\\\/eurecat.org\\\/wp-content\\\/uploads\\\/2024\\\/04\\\/ENTREVISTA-_IRENE-JUBANY_low.jpg\",\"articleSection\":[\"Blog\",\"Sostenibilidad\"],\"inLanguage\":\"es\",\"potentialAction\":[{\"@type\":\"CommentAction\",\"name\":\"Comment\",\"target\":[\"https:\\\/\\\/eurecat.org\\\/es\\\/irene-jubany-la-innovacion-tecnologica-puede-permitirnos-generar-actividad-economica-regenerativa\\\/#respond\"]}]},{\"@type\":\"WebPage\",\"@id\":\"https:\\\/\\\/eurecat.org\\\/es\\\/irene-jubany-la-innovacion-tecnologica-puede-permitirnos-generar-actividad-economica-regenerativa\\\/\",\"url\":\"https:\\\/\\\/eurecat.org\\\/es\\\/irene-jubany-la-innovacion-tecnologica-puede-permitirnos-generar-actividad-economica-regenerativa\\\/\",\"name\":\"Irene Jubany: \u201cla innovaci\u00f3n tecnol\u00f3gica puede permitirnos generar actividad econ\u00f3mica regenerativa\u201d - Eurecat\",\"isPartOf\":{\"@id\":\"https:\\\/\\\/eurecat.org\\\/es\\\/#website\"},\"primaryImageOfPage\":{\"@id\":\"https:\\\/\\\/eurecat.org\\\/es\\\/irene-jubany-la-innovacion-tecnologica-puede-permitirnos-generar-actividad-economica-regenerativa\\\/#primaryimage\"},\"image\":{\"@id\":\"https:\\\/\\\/eurecat.org\\\/es\\\/irene-jubany-la-innovacion-tecnologica-puede-permitirnos-generar-actividad-economica-regenerativa\\\/#primaryimage\"},\"thumbnailUrl\":\"https:\\\/\\\/eurecat.org\\\/wp-content\\\/uploads\\\/2024\\\/04\\\/ENTREVISTA-_IRENE-JUBANY_low.jpg\",\"datePublished\":\"2024-04-09T07:38:40+00:00\",\"dateModified\":\"2024-04-09T07:41:22+00:00\",\"author\":{\"@id\":\"https:\\\/\\\/eurecat.org\\\/es\\\/#\\\/schema\\\/person\\\/99d4d39712001e7621b6867b27b40bed\"},\"breadcrumb\":{\"@id\":\"https:\\\/\\\/eurecat.org\\\/es\\\/irene-jubany-la-innovacion-tecnologica-puede-permitirnos-generar-actividad-economica-regenerativa\\\/#breadcrumb\"},\"inLanguage\":\"es\",\"potentialAction\":[{\"@type\":\"ReadAction\",\"target\":[\"https:\\\/\\\/eurecat.org\\\/es\\\/irene-jubany-la-innovacion-tecnologica-puede-permitirnos-generar-actividad-economica-regenerativa\\\/\"]}]},{\"@type\":\"ImageObject\",\"inLanguage\":\"es\",\"@id\":\"https:\\\/\\\/eurecat.org\\\/es\\\/irene-jubany-la-innovacion-tecnologica-puede-permitirnos-generar-actividad-economica-regenerativa\\\/#primaryimage\",\"url\":\"https:\\\/\\\/eurecat.org\\\/wp-content\\\/uploads\\\/2024\\\/04\\\/ENTREVISTA-_IRENE-JUBANY_low.jpg\",\"contentUrl\":\"https:\\\/\\\/eurecat.org\\\/wp-content\\\/uploads\\\/2024\\\/04\\\/ENTREVISTA-_IRENE-JUBANY_low.jpg\",\"width\":800,\"height\":533},{\"@type\":\"BreadcrumbList\",\"@id\":\"https:\\\/\\\/eurecat.org\\\/es\\\/irene-jubany-la-innovacion-tecnologica-puede-permitirnos-generar-actividad-economica-regenerativa\\\/#breadcrumb\",\"itemListElement\":[{\"@type\":\"ListItem\",\"position\":1,\"name\":\"Inici\",\"item\":\"https:\\\/\\\/eurecat.org\\\/es\\\/\"},{\"@type\":\"ListItem\",\"position\":2,\"name\":\"Irene Jubany: \u201cla innovaci\u00f3n tecnol\u00f3gica puede permitirnos generar actividad econ\u00f3mica regenerativa\u201d\"}]},{\"@type\":\"WebSite\",\"@id\":\"https:\\\/\\\/eurecat.org\\\/es\\\/#website\",\"url\":\"https:\\\/\\\/eurecat.org\\\/es\\\/\",\"name\":\"Eurecat\",\"description\":\"Otro sitio realizado con WordPress\",\"potentialAction\":[{\"@type\":\"SearchAction\",\"target\":{\"@type\":\"EntryPoint\",\"urlTemplate\":\"https:\\\/\\\/eurecat.org\\\/es\\\/?s={search_term_string}\"},\"query-input\":{\"@type\":\"PropertyValueSpecification\",\"valueRequired\":true,\"valueName\":\"search_term_string\"}}],\"inLanguage\":\"es\"},{\"@type\":\"Person\",\"@id\":\"https:\\\/\\\/eurecat.org\\\/es\\\/#\\\/schema\\\/person\\\/99d4d39712001e7621b6867b27b40bed\",\"name\":\"EurecatEQZ\",\"image\":{\"@type\":\"ImageObject\",\"inLanguage\":\"es\",\"@id\":\"https:\\\/\\\/secure.gravatar.com\\\/avatar\\\/6deb26ca61bcc34263c59cc62bb8b08ff90b67af7f99943babf5d86396845993?s=96&d=mm&r=g\",\"url\":\"https:\\\/\\\/secure.gravatar.com\\\/avatar\\\/6deb26ca61bcc34263c59cc62bb8b08ff90b67af7f99943babf5d86396845993?s=96&d=mm&r=g\",\"contentUrl\":\"https:\\\/\\\/secure.gravatar.com\\\/avatar\\\/6deb26ca61bcc34263c59cc62bb8b08ff90b67af7f99943babf5d86396845993?s=96&d=mm&r=g\",\"caption\":\"EurecatEQZ\"}}]}<\/script>\n<!-- \/ Yoast SEO plugin. -->","yoast_head_json":{"title":"Irene Jubany: \u201cla innovaci\u00f3n tecnol\u00f3gica puede permitirnos generar actividad econ\u00f3mica regenerativa\u201d - Eurecat","robots":{"index":"index","follow":"follow","max-snippet":"max-snippet:-1","max-image-preview":"max-image-preview:large","max-video-preview":"max-video-preview:-1"},"canonical":"https:\/\/eurecat.org\/es\/irene-jubany-la-innovacion-tecnologica-puede-permitirnos-generar-actividad-economica-regenerativa\/","og_locale":"es_ES","og_type":"article","og_title":"Irene Jubany: \u201cla innovaci\u00f3n tecnol\u00f3gica puede permitirnos generar actividad econ\u00f3mica regenerativa\u201d - Eurecat","og_url":"https:\/\/eurecat.org\/es\/irene-jubany-la-innovacion-tecnologica-puede-permitirnos-generar-actividad-economica-regenerativa\/","og_site_name":"Eurecat","article_published_time":"2024-04-09T07:38:40+00:00","article_modified_time":"2024-04-09T07:41:22+00:00","og_image":[{"width":800,"height":533,"url":"https:\/\/eurecat.org\/wp-content\/uploads\/2024\/04\/ENTREVISTA-_IRENE-JUBANY_low.jpg","type":"image\/jpeg"}],"author":"EurecatEQZ","twitter_card":"summary_large_image","twitter_misc":{"Escrito por":"EurecatEQZ","Tiempo de lectura":"9 minutos"},"schema":{"@context":"https:\/\/schema.org","@graph":[{"@type":"Article","@id":"https:\/\/eurecat.org\/es\/irene-jubany-la-innovacion-tecnologica-puede-permitirnos-generar-actividad-economica-regenerativa\/#article","isPartOf":{"@id":"https:\/\/eurecat.org\/es\/irene-jubany-la-innovacion-tecnologica-puede-permitirnos-generar-actividad-economica-regenerativa\/"},"author":{"name":"EurecatEQZ","@id":"https:\/\/eurecat.org\/es\/#\/schema\/person\/99d4d39712001e7621b6867b27b40bed"},"headline":"Irene Jubany: \u201cla innovaci\u00f3n tecnol\u00f3gica puede permitirnos generar actividad econ\u00f3mica regenerativa\u201d","datePublished":"2024-04-09T07:38:40+00:00","dateModified":"2024-04-09T07:41:22+00:00","mainEntityOfPage":{"@id":"https:\/\/eurecat.org\/es\/irene-jubany-la-innovacion-tecnologica-puede-permitirnos-generar-actividad-economica-regenerativa\/"},"wordCount":2809,"commentCount":0,"image":{"@id":"https:\/\/eurecat.org\/es\/irene-jubany-la-innovacion-tecnologica-puede-permitirnos-generar-actividad-economica-regenerativa\/#primaryimage"},"thumbnailUrl":"https:\/\/eurecat.org\/wp-content\/uploads\/2024\/04\/ENTREVISTA-_IRENE-JUBANY_low.jpg","articleSection":["Blog","Sostenibilidad"],"inLanguage":"es","potentialAction":[{"@type":"CommentAction","name":"Comment","target":["https:\/\/eurecat.org\/es\/irene-jubany-la-innovacion-tecnologica-puede-permitirnos-generar-actividad-economica-regenerativa\/#respond"]}]},{"@type":"WebPage","@id":"https:\/\/eurecat.org\/es\/irene-jubany-la-innovacion-tecnologica-puede-permitirnos-generar-actividad-economica-regenerativa\/","url":"https:\/\/eurecat.org\/es\/irene-jubany-la-innovacion-tecnologica-puede-permitirnos-generar-actividad-economica-regenerativa\/","name":"Irene Jubany: \u201cla innovaci\u00f3n tecnol\u00f3gica puede permitirnos generar actividad econ\u00f3mica regenerativa\u201d - Eurecat","isPartOf":{"@id":"https:\/\/eurecat.org\/es\/#website"},"primaryImageOfPage":{"@id":"https:\/\/eurecat.org\/es\/irene-jubany-la-innovacion-tecnologica-puede-permitirnos-generar-actividad-economica-regenerativa\/#primaryimage"},"image":{"@id":"https:\/\/eurecat.org\/es\/irene-jubany-la-innovacion-tecnologica-puede-permitirnos-generar-actividad-economica-regenerativa\/#primaryimage"},"thumbnailUrl":"https:\/\/eurecat.org\/wp-content\/uploads\/2024\/04\/ENTREVISTA-_IRENE-JUBANY_low.jpg","datePublished":"2024-04-09T07:38:40+00:00","dateModified":"2024-04-09T07:41:22+00:00","author":{"@id":"https:\/\/eurecat.org\/es\/#\/schema\/person\/99d4d39712001e7621b6867b27b40bed"},"breadcrumb":{"@id":"https:\/\/eurecat.org\/es\/irene-jubany-la-innovacion-tecnologica-puede-permitirnos-generar-actividad-economica-regenerativa\/#breadcrumb"},"inLanguage":"es","potentialAction":[{"@type":"ReadAction","target":["https:\/\/eurecat.org\/es\/irene-jubany-la-innovacion-tecnologica-puede-permitirnos-generar-actividad-economica-regenerativa\/"]}]},{"@type":"ImageObject","inLanguage":"es","@id":"https:\/\/eurecat.org\/es\/irene-jubany-la-innovacion-tecnologica-puede-permitirnos-generar-actividad-economica-regenerativa\/#primaryimage","url":"https:\/\/eurecat.org\/wp-content\/uploads\/2024\/04\/ENTREVISTA-_IRENE-JUBANY_low.jpg","contentUrl":"https:\/\/eurecat.org\/wp-content\/uploads\/2024\/04\/ENTREVISTA-_IRENE-JUBANY_low.jpg","width":800,"height":533},{"@type":"BreadcrumbList","@id":"https:\/\/eurecat.org\/es\/irene-jubany-la-innovacion-tecnologica-puede-permitirnos-generar-actividad-economica-regenerativa\/#breadcrumb","itemListElement":[{"@type":"ListItem","position":1,"name":"Inici","item":"https:\/\/eurecat.org\/es\/"},{"@type":"ListItem","position":2,"name":"Irene Jubany: \u201cla innovaci\u00f3n tecnol\u00f3gica puede permitirnos generar actividad econ\u00f3mica regenerativa\u201d"}]},{"@type":"WebSite","@id":"https:\/\/eurecat.org\/es\/#website","url":"https:\/\/eurecat.org\/es\/","name":"Eurecat","description":"Otro sitio realizado con WordPress","potentialAction":[{"@type":"SearchAction","target":{"@type":"EntryPoint","urlTemplate":"https:\/\/eurecat.org\/es\/?s={search_term_string}"},"query-input":{"@type":"PropertyValueSpecification","valueRequired":true,"valueName":"search_term_string"}}],"inLanguage":"es"},{"@type":"Person","@id":"https:\/\/eurecat.org\/es\/#\/schema\/person\/99d4d39712001e7621b6867b27b40bed","name":"EurecatEQZ","image":{"@type":"ImageObject","inLanguage":"es","@id":"https:\/\/secure.gravatar.com\/avatar\/6deb26ca61bcc34263c59cc62bb8b08ff90b67af7f99943babf5d86396845993?s=96&d=mm&r=g","url":"https:\/\/secure.gravatar.com\/avatar\/6deb26ca61bcc34263c59cc62bb8b08ff90b67af7f99943babf5d86396845993?s=96&d=mm&r=g","contentUrl":"https:\/\/secure.gravatar.com\/avatar\/6deb26ca61bcc34263c59cc62bb8b08ff90b67af7f99943babf5d86396845993?s=96&d=mm&r=g","caption":"EurecatEQZ"}}]}},"_links":{"self":[{"href":"https:\/\/eurecat.org\/es\/wp-json\/wp\/v2\/posts\/149119","targetHints":{"allow":["GET"]}}],"collection":[{"href":"https:\/\/eurecat.org\/es\/wp-json\/wp\/v2\/posts"}],"about":[{"href":"https:\/\/eurecat.org\/es\/wp-json\/wp\/v2\/types\/post"}],"author":[{"embeddable":true,"href":"https:\/\/eurecat.org\/es\/wp-json\/wp\/v2\/users\/20"}],"replies":[{"embeddable":true,"href":"https:\/\/eurecat.org\/es\/wp-json\/wp\/v2\/comments?post=149119"}],"version-history":[{"count":1,"href":"https:\/\/eurecat.org\/es\/wp-json\/wp\/v2\/posts\/149119\/revisions"}],"predecessor-version":[{"id":149120,"href":"https:\/\/eurecat.org\/es\/wp-json\/wp\/v2\/posts\/149119\/revisions\/149120"}],"wp:featuredmedia":[{"embeddable":true,"href":"https:\/\/eurecat.org\/es\/wp-json\/wp\/v2\/media\/149117"}],"wp:attachment":[{"href":"https:\/\/eurecat.org\/es\/wp-json\/wp\/v2\/media?parent=149119"}],"wp:term":[{"taxonomy":"category","embeddable":true,"href":"https:\/\/eurecat.org\/es\/wp-json\/wp\/v2\/categories?post=149119"},{"taxonomy":"post_tag","embeddable":true,"href":"https:\/\/eurecat.org\/es\/wp-json\/wp\/v2\/tags?post=149119"}],"curies":[{"name":"wp","href":"https:\/\/api.w.org\/{rel}","templated":true}]}}