{"id":149839,"date":"2024-04-22T11:36:11","date_gmt":"2024-04-22T09:36:11","guid":{"rendered":"https:\/\/eurecat.org\/?p=149839"},"modified":"2024-04-23T11:41:16","modified_gmt":"2024-04-23T09:41:16","slug":"eurecat-participa-en-el-mapeo-de-infraestructuras-tecnologicas-del-ecosistema-rdi-catalan-en-el-ambito-de-la-proteina-alternativa","status":"publish","type":"post","link":"https:\/\/eurecat.org\/es\/eurecat-participa-en-el-mapeo-de-infraestructuras-tecnologicas-del-ecosistema-rdi-catalan-en-el-ambito-de-la-proteina-alternativa\/","title":{"rendered":"Eurecat participa en el mapeo de infraestructuras tecnol\u00f3gicas del ecosistema RDI catal\u00e1n en el \u00e1mbito de la prote\u00edna alternativa"},"content":{"rendered":"<div class=\"fusion-fullwidth fullwidth-box fusion-builder-row-1 fusion-flex-container has-pattern-background has-mask-background nonhundred-percent-fullwidth non-hundred-percent-height-scrolling\" style=\"--awb-border-radius-top-left:0px;--awb-border-radius-top-right:0px;--awb-border-radius-bottom-right:0px;--awb-border-radius-bottom-left:0px;--awb-flex-wrap:wrap;\" ><div class=\"fusion-builder-row fusion-row fusion-flex-align-items-flex-start fusion-flex-content-wrap\" style=\"max-width:1424.8px;margin-left: calc(-4% \/ 2 );margin-right: calc(-4% \/ 2 );\"><div class=\"fusion-layout-column fusion_builder_column fusion-builder-column-0 fusion_builder_column_1_1 1_1 fusion-flex-column\" style=\"--awb-bg-size:cover;--awb-width-large:100%;--awb-margin-top-large:0px;--awb-spacing-right-large:1.92%;--awb-margin-bottom-large:20px;--awb-spacing-left-large:1.92%;--awb-width-medium:100%;--awb-order-medium:0;--awb-spacing-right-medium:1.92%;--awb-spacing-left-medium:1.92%;--awb-width-small:100%;--awb-order-small:0;--awb-spacing-right-small:1.92%;--awb-spacing-left-small:1.92%;\"><div class=\"fusion-column-wrapper fusion-column-has-shadow fusion-flex-justify-content-flex-start fusion-content-layout-column\"><div class=\"fusion-text fusion-text-1\"><p>El centro tecnol\u00f3gico Eurecat ha elaborado <a href=\"https:\/\/ruralcat.gencat.cat\/documents\/20181\/11959613\/Mapeig_Prote%C3%AFna_Alternativa_12012024.pdf\/a546eb32-5199-400a-ba6b-1df5692e52c9\"><strong>el estudio \u201cDiagn\u00f3stico y mapeo de infraestructuras tecnol\u00f3gicas del ecosistema RDI catal\u00e1n en el \u00e1mbito de la prote\u00edna alternativa\u201d<\/strong><\/a>, junto con el <a href=\"https:\/\/www.irta.cat\/es\/\">Instituto de Investigaci\u00f3n y Tecnolog\u00eda Agroalimentarias (IRTA)<\/a>, impulsado por el\u00a0<a href=\"https:\/\/agricultura.gencat.cat\/\">Departament d\u2019Acci\u00f3 Clim\u00e0tica, Alimentaci\u00f3 i Agenda Rural (DACC)<\/a>\u00a0y\u00a0<a href=\"https:\/\/www.accio.gencat.cat\/ca\/inici\">ACCI\u00d3<\/a>, la Agencia para la Competitividad de la Empresa, y cofinanciado en el marco del Programa operativo del fondo FEDER de Catalunya <strong>2021-2027<\/strong>.<\/p>\n<p>El objetivo del estudio, cuyos resultados se presentaron en el marco de la feria Alimentaria 2024, es identificar el estado y la existencia de tecnolog\u00edas e infraestructuras tecnol\u00f3gicas para desarrollar la prote\u00edna alternativa dentro del ecosistema catal\u00e1n. El estudio se centra en cinco cadenas de valor: prote\u00edna de origen vegetal, fermentaci\u00f3n, algas, insectos y carne cultivada.<\/p>\n<p>A partir de datos bibliogr\u00e1ficos y de entrevistas en profundidad con una variedad de agentes, el estudio presenta conclusiones para cada una de las cadenas mencionadas: sobre las tecnolog\u00edas disponibles, las que faltan, su madurez tecnol\u00f3gica (TRL) y las barreras existentes para su desarrollo.<\/p>\n<p>Como conclusi\u00f3n general, el estudio ha identificado como principales barreras de implementaci\u00f3n la necesidad de m\u00e1s conocimiento t\u00e9cnico, la viabilidad econ\u00f3mica, el impacto social y la adaptaci\u00f3n de la normativa vigente.<\/p>\n<p>Este estudio se ha llevado a cabo en el marco del Mecanismo de descubrimiento de oportunidades (MDO) de la Estrategia RIS3CAT 2030.<\/p>\n<p>El aumento de la poblaci\u00f3n y la disminuci\u00f3n de los recursos ha llevado a valorar la diversificaci\u00f3n de las fuentes de prote\u00edna que se utilizan para la alimentaci\u00f3n humana y animal en todo el mundo. La investigaci\u00f3n en ciencia y tecnolog\u00eda de alimentos se centra en la exploraci\u00f3n de nuevos ingredientes, con bajo impacto ambiental y propiedades nutricionales adecuadas, y en el desarrollo de procesos m\u00e1s eficientes y nuevas formulaciones.<\/p>\n<table>\n<tbody>\n<tr>\n<td width=\"566\">Pod\u00e9is leer el estudio en este enlace<\/td>\n<\/tr>\n<\/tbody>\n<\/table>\n<\/div><\/div><\/div><\/div><\/div>\n","protected":false},"excerpt":{"rendered":"","protected":false},"author":20,"featured_media":149837,"comment_status":"open","ping_status":"closed","sticky":false,"template":"","format":"standard","meta":{"footnotes":""},"categories":[1905,134,407],"tags":[],"class_list":["post-149839","post","type-post","status-publish","format-standard","has-post-thumbnail","hentry","category-alimentacion","category-notas-de-prensa","category-nutricion-salud"],"yoast_head":"<!-- This site is optimized with the Yoast SEO plugin v27.4 - https:\/\/yoast.com\/product\/yoast-seo-wordpress\/ -->\n<title>Eurecat participa en el mapeo de infraestructuras tecnol\u00f3gicas del ecosistema RDI catal\u00e1n en el \u00e1mbito de la prote\u00edna alternativa - Eurecat<\/title>\n<meta name=\"robots\" content=\"index, follow, max-snippet:-1, max-image-preview:large, max-video-preview:-1\" \/>\n<link rel=\"canonical\" href=\"https:\/\/eurecat.org\/es\/eurecat-participa-en-el-mapeo-de-infraestructuras-tecnologicas-del-ecosistema-rdi-catalan-en-el-ambito-de-la-proteina-alternativa\/\" \/>\n<meta property=\"og:locale\" content=\"es_ES\" \/>\n<meta property=\"og:type\" content=\"article\" \/>\n<meta property=\"og:title\" content=\"Eurecat participa en el mapeo de infraestructuras tecnol\u00f3gicas del ecosistema RDI catal\u00e1n en el \u00e1mbito de la prote\u00edna alternativa - Eurecat\" \/>\n<meta property=\"og:url\" content=\"https:\/\/eurecat.org\/es\/eurecat-participa-en-el-mapeo-de-infraestructuras-tecnologicas-del-ecosistema-rdi-catalan-en-el-ambito-de-la-proteina-alternativa\/\" \/>\n<meta property=\"og:site_name\" content=\"Eurecat\" \/>\n<meta property=\"article:published_time\" content=\"2024-04-22T09:36:11+00:00\" \/>\n<meta property=\"article:modified_time\" content=\"2024-04-23T09:41:16+00:00\" \/>\n<meta property=\"og:image\" content=\"https:\/\/eurecat.org\/wp-content\/uploads\/2024\/04\/Estudi-portada_fotonota_800px.jpg\" \/>\n\t<meta property=\"og:image:width\" content=\"800\" \/>\n\t<meta property=\"og:image:height\" content=\"432\" \/>\n\t<meta property=\"og:image:type\" content=\"image\/jpeg\" \/>\n<meta name=\"author\" content=\"EurecatEQZ\" \/>\n<meta name=\"twitter:card\" content=\"summary_large_image\" \/>\n<meta name=\"twitter:label1\" content=\"Escrito por\" \/>\n\t<meta name=\"twitter:data1\" content=\"EurecatEQZ\" \/>\n\t<meta name=\"twitter:label2\" content=\"Tiempo de lectura\" \/>\n\t<meta name=\"twitter:data2\" content=\"2 minutos\" \/>\n<script type=\"application\/ld+json\" class=\"yoast-schema-graph\">{\"@context\":\"https:\\\/\\\/schema.org\",\"@graph\":[{\"@type\":\"Article\",\"@id\":\"https:\\\/\\\/eurecat.org\\\/es\\\/eurecat-participa-en-el-mapeo-de-infraestructuras-tecnologicas-del-ecosistema-rdi-catalan-en-el-ambito-de-la-proteina-alternativa\\\/#article\",\"isPartOf\":{\"@id\":\"https:\\\/\\\/eurecat.org\\\/es\\\/eurecat-participa-en-el-mapeo-de-infraestructuras-tecnologicas-del-ecosistema-rdi-catalan-en-el-ambito-de-la-proteina-alternativa\\\/\"},\"author\":{\"name\":\"EurecatEQZ\",\"@id\":\"https:\\\/\\\/eurecat.org\\\/es\\\/#\\\/schema\\\/person\\\/99d4d39712001e7621b6867b27b40bed\"},\"headline\":\"Eurecat participa en el mapeo de infraestructuras tecnol\u00f3gicas del ecosistema RDI catal\u00e1n en el \u00e1mbito de la prote\u00edna alternativa\",\"datePublished\":\"2024-04-22T09:36:11+00:00\",\"dateModified\":\"2024-04-23T09:41:16+00:00\",\"mainEntityOfPage\":{\"@id\":\"https:\\\/\\\/eurecat.org\\\/es\\\/eurecat-participa-en-el-mapeo-de-infraestructuras-tecnologicas-del-ecosistema-rdi-catalan-en-el-ambito-de-la-proteina-alternativa\\\/\"},\"wordCount\":1393,\"commentCount\":0,\"image\":{\"@id\":\"https:\\\/\\\/eurecat.org\\\/es\\\/eurecat-participa-en-el-mapeo-de-infraestructuras-tecnologicas-del-ecosistema-rdi-catalan-en-el-ambito-de-la-proteina-alternativa\\\/#primaryimage\"},\"thumbnailUrl\":\"https:\\\/\\\/eurecat.org\\\/wp-content\\\/uploads\\\/2024\\\/04\\\/Estudi-portada_fotonota_800px.jpg\",\"articleSection\":[\"Alimentaci\u00f3n\",\"Notas de prensa\",\"Nutrici\u00f3n y Salud\"],\"inLanguage\":\"es\",\"potentialAction\":[{\"@type\":\"CommentAction\",\"name\":\"Comment\",\"target\":[\"https:\\\/\\\/eurecat.org\\\/es\\\/eurecat-participa-en-el-mapeo-de-infraestructuras-tecnologicas-del-ecosistema-rdi-catalan-en-el-ambito-de-la-proteina-alternativa\\\/#respond\"]}]},{\"@type\":\"WebPage\",\"@id\":\"https:\\\/\\\/eurecat.org\\\/es\\\/eurecat-participa-en-el-mapeo-de-infraestructuras-tecnologicas-del-ecosistema-rdi-catalan-en-el-ambito-de-la-proteina-alternativa\\\/\",\"url\":\"https:\\\/\\\/eurecat.org\\\/es\\\/eurecat-participa-en-el-mapeo-de-infraestructuras-tecnologicas-del-ecosistema-rdi-catalan-en-el-ambito-de-la-proteina-alternativa\\\/\",\"name\":\"Eurecat participa en el mapeo de infraestructuras tecnol\u00f3gicas del ecosistema RDI catal\u00e1n en el \u00e1mbito de la prote\u00edna alternativa - Eurecat\",\"isPartOf\":{\"@id\":\"https:\\\/\\\/eurecat.org\\\/es\\\/#website\"},\"primaryImageOfPage\":{\"@id\":\"https:\\\/\\\/eurecat.org\\\/es\\\/eurecat-participa-en-el-mapeo-de-infraestructuras-tecnologicas-del-ecosistema-rdi-catalan-en-el-ambito-de-la-proteina-alternativa\\\/#primaryimage\"},\"image\":{\"@id\":\"https:\\\/\\\/eurecat.org\\\/es\\\/eurecat-participa-en-el-mapeo-de-infraestructuras-tecnologicas-del-ecosistema-rdi-catalan-en-el-ambito-de-la-proteina-alternativa\\\/#primaryimage\"},\"thumbnailUrl\":\"https:\\\/\\\/eurecat.org\\\/wp-content\\\/uploads\\\/2024\\\/04\\\/Estudi-portada_fotonota_800px.jpg\",\"datePublished\":\"2024-04-22T09:36:11+00:00\",\"dateModified\":\"2024-04-23T09:41:16+00:00\",\"author\":{\"@id\":\"https:\\\/\\\/eurecat.org\\\/es\\\/#\\\/schema\\\/person\\\/99d4d39712001e7621b6867b27b40bed\"},\"breadcrumb\":{\"@id\":\"https:\\\/\\\/eurecat.org\\\/es\\\/eurecat-participa-en-el-mapeo-de-infraestructuras-tecnologicas-del-ecosistema-rdi-catalan-en-el-ambito-de-la-proteina-alternativa\\\/#breadcrumb\"},\"inLanguage\":\"es\",\"potentialAction\":[{\"@type\":\"ReadAction\",\"target\":[\"https:\\\/\\\/eurecat.org\\\/es\\\/eurecat-participa-en-el-mapeo-de-infraestructuras-tecnologicas-del-ecosistema-rdi-catalan-en-el-ambito-de-la-proteina-alternativa\\\/\"]}]},{\"@type\":\"ImageObject\",\"inLanguage\":\"es\",\"@id\":\"https:\\\/\\\/eurecat.org\\\/es\\\/eurecat-participa-en-el-mapeo-de-infraestructuras-tecnologicas-del-ecosistema-rdi-catalan-en-el-ambito-de-la-proteina-alternativa\\\/#primaryimage\",\"url\":\"https:\\\/\\\/eurecat.org\\\/wp-content\\\/uploads\\\/2024\\\/04\\\/Estudi-portada_fotonota_800px.jpg\",\"contentUrl\":\"https:\\\/\\\/eurecat.org\\\/wp-content\\\/uploads\\\/2024\\\/04\\\/Estudi-portada_fotonota_800px.jpg\",\"width\":800,\"height\":432},{\"@type\":\"BreadcrumbList\",\"@id\":\"https:\\\/\\\/eurecat.org\\\/es\\\/eurecat-participa-en-el-mapeo-de-infraestructuras-tecnologicas-del-ecosistema-rdi-catalan-en-el-ambito-de-la-proteina-alternativa\\\/#breadcrumb\",\"itemListElement\":[{\"@type\":\"ListItem\",\"position\":1,\"name\":\"Inici\",\"item\":\"https:\\\/\\\/eurecat.org\\\/es\\\/\"},{\"@type\":\"ListItem\",\"position\":2,\"name\":\"Eurecat participa en el mapeo de infraestructuras tecnol\u00f3gicas del ecosistema RDI catal\u00e1n en el \u00e1mbito de la prote\u00edna alternativa\"}]},{\"@type\":\"WebSite\",\"@id\":\"https:\\\/\\\/eurecat.org\\\/es\\\/#website\",\"url\":\"https:\\\/\\\/eurecat.org\\\/es\\\/\",\"name\":\"Eurecat\",\"description\":\"Otro sitio realizado con WordPress\",\"potentialAction\":[{\"@type\":\"SearchAction\",\"target\":{\"@type\":\"EntryPoint\",\"urlTemplate\":\"https:\\\/\\\/eurecat.org\\\/es\\\/?s={search_term_string}\"},\"query-input\":{\"@type\":\"PropertyValueSpecification\",\"valueRequired\":true,\"valueName\":\"search_term_string\"}}],\"inLanguage\":\"es\"},{\"@type\":\"Person\",\"@id\":\"https:\\\/\\\/eurecat.org\\\/es\\\/#\\\/schema\\\/person\\\/99d4d39712001e7621b6867b27b40bed\",\"name\":\"EurecatEQZ\",\"image\":{\"@type\":\"ImageObject\",\"inLanguage\":\"es\",\"@id\":\"https:\\\/\\\/secure.gravatar.com\\\/avatar\\\/6deb26ca61bcc34263c59cc62bb8b08ff90b67af7f99943babf5d86396845993?s=96&d=mm&r=g\",\"url\":\"https:\\\/\\\/secure.gravatar.com\\\/avatar\\\/6deb26ca61bcc34263c59cc62bb8b08ff90b67af7f99943babf5d86396845993?s=96&d=mm&r=g\",\"contentUrl\":\"https:\\\/\\\/secure.gravatar.com\\\/avatar\\\/6deb26ca61bcc34263c59cc62bb8b08ff90b67af7f99943babf5d86396845993?s=96&d=mm&r=g\",\"caption\":\"EurecatEQZ\"}}]}<\/script>\n<!-- \/ Yoast SEO plugin. -->","yoast_head_json":{"title":"Eurecat participa en el mapeo de infraestructuras tecnol\u00f3gicas del ecosistema RDI catal\u00e1n en el \u00e1mbito de la prote\u00edna alternativa - Eurecat","robots":{"index":"index","follow":"follow","max-snippet":"max-snippet:-1","max-image-preview":"max-image-preview:large","max-video-preview":"max-video-preview:-1"},"canonical":"https:\/\/eurecat.org\/es\/eurecat-participa-en-el-mapeo-de-infraestructuras-tecnologicas-del-ecosistema-rdi-catalan-en-el-ambito-de-la-proteina-alternativa\/","og_locale":"es_ES","og_type":"article","og_title":"Eurecat participa en el mapeo de infraestructuras tecnol\u00f3gicas del ecosistema RDI catal\u00e1n en el \u00e1mbito de la prote\u00edna alternativa - Eurecat","og_url":"https:\/\/eurecat.org\/es\/eurecat-participa-en-el-mapeo-de-infraestructuras-tecnologicas-del-ecosistema-rdi-catalan-en-el-ambito-de-la-proteina-alternativa\/","og_site_name":"Eurecat","article_published_time":"2024-04-22T09:36:11+00:00","article_modified_time":"2024-04-23T09:41:16+00:00","og_image":[{"width":800,"height":432,"url":"https:\/\/eurecat.org\/wp-content\/uploads\/2024\/04\/Estudi-portada_fotonota_800px.jpg","type":"image\/jpeg"}],"author":"EurecatEQZ","twitter_card":"summary_large_image","twitter_misc":{"Escrito por":"EurecatEQZ","Tiempo de lectura":"2 minutos"},"schema":{"@context":"https:\/\/schema.org","@graph":[{"@type":"Article","@id":"https:\/\/eurecat.org\/es\/eurecat-participa-en-el-mapeo-de-infraestructuras-tecnologicas-del-ecosistema-rdi-catalan-en-el-ambito-de-la-proteina-alternativa\/#article","isPartOf":{"@id":"https:\/\/eurecat.org\/es\/eurecat-participa-en-el-mapeo-de-infraestructuras-tecnologicas-del-ecosistema-rdi-catalan-en-el-ambito-de-la-proteina-alternativa\/"},"author":{"name":"EurecatEQZ","@id":"https:\/\/eurecat.org\/es\/#\/schema\/person\/99d4d39712001e7621b6867b27b40bed"},"headline":"Eurecat participa en el mapeo de infraestructuras tecnol\u00f3gicas del ecosistema RDI catal\u00e1n en el \u00e1mbito de la prote\u00edna alternativa","datePublished":"2024-04-22T09:36:11+00:00","dateModified":"2024-04-23T09:41:16+00:00","mainEntityOfPage":{"@id":"https:\/\/eurecat.org\/es\/eurecat-participa-en-el-mapeo-de-infraestructuras-tecnologicas-del-ecosistema-rdi-catalan-en-el-ambito-de-la-proteina-alternativa\/"},"wordCount":1393,"commentCount":0,"image":{"@id":"https:\/\/eurecat.org\/es\/eurecat-participa-en-el-mapeo-de-infraestructuras-tecnologicas-del-ecosistema-rdi-catalan-en-el-ambito-de-la-proteina-alternativa\/#primaryimage"},"thumbnailUrl":"https:\/\/eurecat.org\/wp-content\/uploads\/2024\/04\/Estudi-portada_fotonota_800px.jpg","articleSection":["Alimentaci\u00f3n","Notas de prensa","Nutrici\u00f3n y Salud"],"inLanguage":"es","potentialAction":[{"@type":"CommentAction","name":"Comment","target":["https:\/\/eurecat.org\/es\/eurecat-participa-en-el-mapeo-de-infraestructuras-tecnologicas-del-ecosistema-rdi-catalan-en-el-ambito-de-la-proteina-alternativa\/#respond"]}]},{"@type":"WebPage","@id":"https:\/\/eurecat.org\/es\/eurecat-participa-en-el-mapeo-de-infraestructuras-tecnologicas-del-ecosistema-rdi-catalan-en-el-ambito-de-la-proteina-alternativa\/","url":"https:\/\/eurecat.org\/es\/eurecat-participa-en-el-mapeo-de-infraestructuras-tecnologicas-del-ecosistema-rdi-catalan-en-el-ambito-de-la-proteina-alternativa\/","name":"Eurecat participa en el mapeo de infraestructuras tecnol\u00f3gicas del ecosistema RDI catal\u00e1n en el \u00e1mbito de la prote\u00edna alternativa - Eurecat","isPartOf":{"@id":"https:\/\/eurecat.org\/es\/#website"},"primaryImageOfPage":{"@id":"https:\/\/eurecat.org\/es\/eurecat-participa-en-el-mapeo-de-infraestructuras-tecnologicas-del-ecosistema-rdi-catalan-en-el-ambito-de-la-proteina-alternativa\/#primaryimage"},"image":{"@id":"https:\/\/eurecat.org\/es\/eurecat-participa-en-el-mapeo-de-infraestructuras-tecnologicas-del-ecosistema-rdi-catalan-en-el-ambito-de-la-proteina-alternativa\/#primaryimage"},"thumbnailUrl":"https:\/\/eurecat.org\/wp-content\/uploads\/2024\/04\/Estudi-portada_fotonota_800px.jpg","datePublished":"2024-04-22T09:36:11+00:00","dateModified":"2024-04-23T09:41:16+00:00","author":{"@id":"https:\/\/eurecat.org\/es\/#\/schema\/person\/99d4d39712001e7621b6867b27b40bed"},"breadcrumb":{"@id":"https:\/\/eurecat.org\/es\/eurecat-participa-en-el-mapeo-de-infraestructuras-tecnologicas-del-ecosistema-rdi-catalan-en-el-ambito-de-la-proteina-alternativa\/#breadcrumb"},"inLanguage":"es","potentialAction":[{"@type":"ReadAction","target":["https:\/\/eurecat.org\/es\/eurecat-participa-en-el-mapeo-de-infraestructuras-tecnologicas-del-ecosistema-rdi-catalan-en-el-ambito-de-la-proteina-alternativa\/"]}]},{"@type":"ImageObject","inLanguage":"es","@id":"https:\/\/eurecat.org\/es\/eurecat-participa-en-el-mapeo-de-infraestructuras-tecnologicas-del-ecosistema-rdi-catalan-en-el-ambito-de-la-proteina-alternativa\/#primaryimage","url":"https:\/\/eurecat.org\/wp-content\/uploads\/2024\/04\/Estudi-portada_fotonota_800px.jpg","contentUrl":"https:\/\/eurecat.org\/wp-content\/uploads\/2024\/04\/Estudi-portada_fotonota_800px.jpg","width":800,"height":432},{"@type":"BreadcrumbList","@id":"https:\/\/eurecat.org\/es\/eurecat-participa-en-el-mapeo-de-infraestructuras-tecnologicas-del-ecosistema-rdi-catalan-en-el-ambito-de-la-proteina-alternativa\/#breadcrumb","itemListElement":[{"@type":"ListItem","position":1,"name":"Inici","item":"https:\/\/eurecat.org\/es\/"},{"@type":"ListItem","position":2,"name":"Eurecat participa en el mapeo de infraestructuras tecnol\u00f3gicas del ecosistema RDI catal\u00e1n en el \u00e1mbito de la prote\u00edna alternativa"}]},{"@type":"WebSite","@id":"https:\/\/eurecat.org\/es\/#website","url":"https:\/\/eurecat.org\/es\/","name":"Eurecat","description":"Otro sitio realizado con WordPress","potentialAction":[{"@type":"SearchAction","target":{"@type":"EntryPoint","urlTemplate":"https:\/\/eurecat.org\/es\/?s={search_term_string}"},"query-input":{"@type":"PropertyValueSpecification","valueRequired":true,"valueName":"search_term_string"}}],"inLanguage":"es"},{"@type":"Person","@id":"https:\/\/eurecat.org\/es\/#\/schema\/person\/99d4d39712001e7621b6867b27b40bed","name":"EurecatEQZ","image":{"@type":"ImageObject","inLanguage":"es","@id":"https:\/\/secure.gravatar.com\/avatar\/6deb26ca61bcc34263c59cc62bb8b08ff90b67af7f99943babf5d86396845993?s=96&d=mm&r=g","url":"https:\/\/secure.gravatar.com\/avatar\/6deb26ca61bcc34263c59cc62bb8b08ff90b67af7f99943babf5d86396845993?s=96&d=mm&r=g","contentUrl":"https:\/\/secure.gravatar.com\/avatar\/6deb26ca61bcc34263c59cc62bb8b08ff90b67af7f99943babf5d86396845993?s=96&d=mm&r=g","caption":"EurecatEQZ"}}]}},"_links":{"self":[{"href":"https:\/\/eurecat.org\/es\/wp-json\/wp\/v2\/posts\/149839","targetHints":{"allow":["GET"]}}],"collection":[{"href":"https:\/\/eurecat.org\/es\/wp-json\/wp\/v2\/posts"}],"about":[{"href":"https:\/\/eurecat.org\/es\/wp-json\/wp\/v2\/types\/post"}],"author":[{"embeddable":true,"href":"https:\/\/eurecat.org\/es\/wp-json\/wp\/v2\/users\/20"}],"replies":[{"embeddable":true,"href":"https:\/\/eurecat.org\/es\/wp-json\/wp\/v2\/comments?post=149839"}],"version-history":[{"count":1,"href":"https:\/\/eurecat.org\/es\/wp-json\/wp\/v2\/posts\/149839\/revisions"}],"predecessor-version":[{"id":149840,"href":"https:\/\/eurecat.org\/es\/wp-json\/wp\/v2\/posts\/149839\/revisions\/149840"}],"wp:featuredmedia":[{"embeddable":true,"href":"https:\/\/eurecat.org\/es\/wp-json\/wp\/v2\/media\/149837"}],"wp:attachment":[{"href":"https:\/\/eurecat.org\/es\/wp-json\/wp\/v2\/media?parent=149839"}],"wp:term":[{"taxonomy":"category","embeddable":true,"href":"https:\/\/eurecat.org\/es\/wp-json\/wp\/v2\/categories?post=149839"},{"taxonomy":"post_tag","embeddable":true,"href":"https:\/\/eurecat.org\/es\/wp-json\/wp\/v2\/tags?post=149839"}],"curies":[{"name":"wp","href":"https:\/\/api.w.org\/{rel}","templated":true}]}}