{"id":150183,"date":"2024-03-13T10:03:02","date_gmt":"2024-03-13T09:03:02","guid":{"rendered":"https:\/\/eurecat.org\/?p=150183"},"modified":"2024-05-07T10:12:51","modified_gmt":"2024-05-07T08:12:51","slug":"el-investigador-de-eurecat-david-frometa-galardonado-con-el-ii-premio-manuel-heredia-por-su-tesis-sobre-la-resistencia-del-acero-usado-en-el-sector-automovilistico","status":"publish","type":"post","link":"https:\/\/eurecat.org\/es\/el-investigador-de-eurecat-david-frometa-galardonado-con-el-ii-premio-manuel-heredia-por-su-tesis-sobre-la-resistencia-del-acero-usado-en-el-sector-automovilistico\/","title":{"rendered":"El investigador de Eurecat David Fr\u00f3meta, galardonado con el II Premio Manuel Heredia por su tesis sobre la resistencia del acero usado en el sector automovil\u00edstico"},"content":{"rendered":"<div class=\"fusion-fullwidth fullwidth-box fusion-builder-row-1 fusion-flex-container has-pattern-background has-mask-background nonhundred-percent-fullwidth non-hundred-percent-height-scrolling\" style=\"--awb-border-radius-top-left:0px;--awb-border-radius-top-right:0px;--awb-border-radius-bottom-right:0px;--awb-border-radius-bottom-left:0px;--awb-flex-wrap:wrap;\" ><div class=\"fusion-builder-row fusion-row fusion-flex-align-items-flex-start fusion-flex-content-wrap\" style=\"max-width:1424.8px;margin-left: calc(-4% \/ 2 );margin-right: calc(-4% \/ 2 );\"><div class=\"fusion-layout-column fusion_builder_column fusion-builder-column-0 fusion_builder_column_1_1 1_1 fusion-flex-column\" style=\"--awb-bg-size:cover;--awb-width-large:100%;--awb-margin-top-large:0px;--awb-spacing-right-large:1.92%;--awb-margin-bottom-large:20px;--awb-spacing-left-large:1.92%;--awb-width-medium:100%;--awb-order-medium:0;--awb-spacing-right-medium:1.92%;--awb-spacing-left-medium:1.92%;--awb-width-small:100%;--awb-order-small:0;--awb-spacing-right-small:1.92%;--awb-spacing-left-small:1.92%;\"><div class=\"fusion-column-wrapper fusion-column-has-shadow fusion-flex-justify-content-flex-start fusion-content-layout-column\"><div class=\"fusion-text fusion-text-1\"><p>El responsable de la L\u00ednea de Comportamiento Mec\u00e1nico de la Unidad de Materiales Met\u00e1licos y Cer\u00e1micos del centro tecnol\u00f3gico <a href=\"http:\/\/eurecat.org\/es\/\">Eurecat<\/a>, David Fr\u00f3meta, ha sido galardonado con el II Premio Manuel Heredia, por parte de la Uni\u00f3n de Empresas Sider\u00fargicas (UNESID) y la Fundaci\u00f3n UNESID, en colaboraci\u00f3n con la Plataforma Tecnol\u00f3gica Espa\u00f1ola del Acero (PLATEA), por su trabajo de postgrado sobre la resistencia del acero utilizado en el sector automovil\u00edstico, realizado en la Universitat Polit\u00e8cnica de Catalunya.<\/p>\n<p>La tesis de David Fr\u00f3meta, titulada \u2018On the measurement of fracture toughness to understand the cracking resistance of advanced high strength steel sheets\u2019, ha destacado por la aplicaci\u00f3n de nuevos criterios de fractura, basados en la mec\u00e1nica de la fractura, para comprender la resistencia al agrietamiento de aceros avanzados de alta resistencia ampliamente utilizados en la industria automovil\u00edstica.<\/p>\n<p>El objetivo del premio, que ha sido entregado en un acto celebrado en la sede de Eurecat Manresa, es apoyar a los j\u00f3venes investigadores, dando visibilidad y poniendo en valor los trabajos de posgraduados sobre producci\u00f3n, transformaci\u00f3n y conformaci\u00f3n de acero, as\u00ed como en estudios que aborden aspectos ambientales y mejoras en el proceso sider\u00fargico.<\/p>\n<p>En la presente edici\u00f3n, de manera excepcional, UNESID ha otorgado tambi\u00e9n dos menciones honor\u00edficas a Irene Collado y Adriana Eres-Castellanos por sus tesis realizadas en la Universidad de C\u00e1diz y en la Universidad Internacional Men\u00e9ndez Pelayo, respectivamente.<\/p>\n<p>Al acto han asistido el presidente de UNESID, Bernardo Vel\u00e1zquez, quien ha hecho entrega de este galard\u00f3n; el director general de UNESID, Andr\u00e9s Barcel\u00f3; la secretaria t\u00e9cnica de la Plataforma Tecnol\u00f3gica Espa\u00f1ola del Acero, Milena Ferrari; el presidente de Eurecat, Daniel Altimiras; el director general Corporativo y de Operaciones de Eurecat, Xavier L\u00f3pez; el director Cient\u00edfico de Eurecat, Daniel Casellas, y los miembros del jurado.<\/p>\n<p>Durante su intervenci\u00f3n, el presidente de UNESID ha asegurado que la siderurgia est\u00e1 experimentando un cambio paradigm\u00e1tico, y est\u00e1 fuertemente comprometida con la descarbonizaci\u00f3n incluso antes de las regulaciones. Y ha a\u00f1adido que la disponibilidad t\u00e9cnica y econ\u00f3mica del hidr\u00f3geno, junto con los avances en digitalizaci\u00f3n y evoluci\u00f3n de los aceros, es crucial para conseguirlo.<\/p>\n<p>Asimismo, Bernardo Vel\u00e1zquez ha destacado que el Premio Manuel Heredia no solo reconoce el trabajo de j\u00f3venes investigadores, sino que subraya el compromiso del sector con la excelencia y la innovaci\u00f3n. A pesar de ser un pilar econ\u00f3mico y tecnol\u00f3gico, la industria necesita atraer talento y fomentar la creatividad de las nuevas generaciones, ha recalcado.<\/p>\n<p>El galard\u00f3n de UNESID rinde homenaje a Manuel Heredia, pionero de la siderurgia moderna en Espa\u00f1a y figura fundamental en su industrializaci\u00f3n. Heredia impuls\u00f3 la producci\u00f3n de hierro, facilitando avances como carriles para ferrocarriles, estructuras met\u00e1licas y equipamiento portuario. Su influencia condujo a la expansi\u00f3n de la industria sider\u00fargica en varias regiones espa\u00f1olas.<\/p>\n<\/div><\/div><\/div><\/div><\/div>\n","protected":false},"excerpt":{"rendered":"","protected":false},"author":20,"featured_media":150181,"comment_status":"open","ping_status":"closed","sticky":false,"template":"","format":"standard","meta":{"footnotes":""},"categories":[404,134],"tags":[],"class_list":["post-150183","post","type-post","status-publish","format-standard","has-post-thumbnail","hentry","category-materiales-metalicos-ceramicos","category-notas-de-prensa"],"yoast_head":"<!-- This site is optimized with the Yoast SEO plugin v27.5 - https:\/\/yoast.com\/product\/yoast-seo-wordpress\/ -->\n<title>El investigador de Eurecat David Fr\u00f3meta, galardonado con el II Premio Manuel Heredia por su tesis sobre la resistencia del acero usado en el sector automovil\u00edstico - Eurecat<\/title>\n<meta name=\"robots\" content=\"index, follow, max-snippet:-1, max-image-preview:large, max-video-preview:-1\" \/>\n<link rel=\"canonical\" href=\"https:\/\/eurecat.org\/es\/el-investigador-de-eurecat-david-frometa-galardonado-con-el-ii-premio-manuel-heredia-por-su-tesis-sobre-la-resistencia-del-acero-usado-en-el-sector-automovilistico\/\" \/>\n<meta property=\"og:locale\" content=\"es_ES\" \/>\n<meta property=\"og:type\" content=\"article\" \/>\n<meta property=\"og:title\" content=\"El investigador de Eurecat David Fr\u00f3meta, galardonado con el II Premio Manuel Heredia por su tesis sobre la resistencia del acero usado en el sector automovil\u00edstico - Eurecat\" \/>\n<meta property=\"og:url\" content=\"https:\/\/eurecat.org\/es\/el-investigador-de-eurecat-david-frometa-galardonado-con-el-ii-premio-manuel-heredia-por-su-tesis-sobre-la-resistencia-del-acero-usado-en-el-sector-automovilistico\/\" \/>\n<meta property=\"og:site_name\" content=\"Eurecat\" \/>\n<meta property=\"article:published_time\" content=\"2024-03-13T09:03:02+00:00\" \/>\n<meta property=\"article:modified_time\" content=\"2024-05-07T08:12:51+00:00\" \/>\n<meta property=\"og:image\" content=\"https:\/\/eurecat.org\/wp-content\/uploads\/2024\/05\/PremiManuelHeredia_800px.jpg\" \/>\n\t<meta property=\"og:image:width\" content=\"800\" \/>\n\t<meta property=\"og:image:height\" content=\"458\" \/>\n\t<meta property=\"og:image:type\" content=\"image\/jpeg\" \/>\n<meta name=\"author\" content=\"EurecatEQZ\" \/>\n<meta name=\"twitter:card\" content=\"summary_large_image\" \/>\n<meta name=\"twitter:label1\" content=\"Escrito por\" \/>\n\t<meta name=\"twitter:data1\" content=\"EurecatEQZ\" \/>\n\t<meta name=\"twitter:label2\" content=\"Tiempo de lectura\" \/>\n\t<meta name=\"twitter:data2\" content=\"3 minutos\" \/>\n<script type=\"application\/ld+json\" class=\"yoast-schema-graph\">{\"@context\":\"https:\\\/\\\/schema.org\",\"@graph\":[{\"@type\":\"Article\",\"@id\":\"https:\\\/\\\/eurecat.org\\\/es\\\/el-investigador-de-eurecat-david-frometa-galardonado-con-el-ii-premio-manuel-heredia-por-su-tesis-sobre-la-resistencia-del-acero-usado-en-el-sector-automovilistico\\\/#article\",\"isPartOf\":{\"@id\":\"https:\\\/\\\/eurecat.org\\\/es\\\/el-investigador-de-eurecat-david-frometa-galardonado-con-el-ii-premio-manuel-heredia-por-su-tesis-sobre-la-resistencia-del-acero-usado-en-el-sector-automovilistico\\\/\"},\"author\":{\"name\":\"EurecatEQZ\",\"@id\":\"https:\\\/\\\/eurecat.org\\\/es\\\/#\\\/schema\\\/person\\\/99d4d39712001e7621b6867b27b40bed\"},\"headline\":\"El investigador de Eurecat David Fr\u00f3meta, galardonado con el II Premio Manuel Heredia por su tesis sobre la resistencia del acero usado en el sector automovil\u00edstico\",\"datePublished\":\"2024-03-13T09:03:02+00:00\",\"dateModified\":\"2024-05-07T08:12:51+00:00\",\"mainEntityOfPage\":{\"@id\":\"https:\\\/\\\/eurecat.org\\\/es\\\/el-investigador-de-eurecat-david-frometa-galardonado-con-el-ii-premio-manuel-heredia-por-su-tesis-sobre-la-resistencia-del-acero-usado-en-el-sector-automovilistico\\\/\"},\"wordCount\":1578,\"commentCount\":0,\"image\":{\"@id\":\"https:\\\/\\\/eurecat.org\\\/es\\\/el-investigador-de-eurecat-david-frometa-galardonado-con-el-ii-premio-manuel-heredia-por-su-tesis-sobre-la-resistencia-del-acero-usado-en-el-sector-automovilistico\\\/#primaryimage\"},\"thumbnailUrl\":\"https:\\\/\\\/eurecat.org\\\/wp-content\\\/uploads\\\/2024\\\/05\\\/PremiManuelHeredia_800px.jpg\",\"articleSection\":[\"Materiales Met\u00e1licos y Cer\u00e1micos\",\"Notas de prensa\"],\"inLanguage\":\"es\",\"potentialAction\":[{\"@type\":\"CommentAction\",\"name\":\"Comment\",\"target\":[\"https:\\\/\\\/eurecat.org\\\/es\\\/el-investigador-de-eurecat-david-frometa-galardonado-con-el-ii-premio-manuel-heredia-por-su-tesis-sobre-la-resistencia-del-acero-usado-en-el-sector-automovilistico\\\/#respond\"]}]},{\"@type\":\"WebPage\",\"@id\":\"https:\\\/\\\/eurecat.org\\\/es\\\/el-investigador-de-eurecat-david-frometa-galardonado-con-el-ii-premio-manuel-heredia-por-su-tesis-sobre-la-resistencia-del-acero-usado-en-el-sector-automovilistico\\\/\",\"url\":\"https:\\\/\\\/eurecat.org\\\/es\\\/el-investigador-de-eurecat-david-frometa-galardonado-con-el-ii-premio-manuel-heredia-por-su-tesis-sobre-la-resistencia-del-acero-usado-en-el-sector-automovilistico\\\/\",\"name\":\"El investigador de Eurecat David Fr\u00f3meta, galardonado con el II Premio Manuel Heredia por su tesis sobre la resistencia del acero usado en el sector automovil\u00edstico - Eurecat\",\"isPartOf\":{\"@id\":\"https:\\\/\\\/eurecat.org\\\/es\\\/#website\"},\"primaryImageOfPage\":{\"@id\":\"https:\\\/\\\/eurecat.org\\\/es\\\/el-investigador-de-eurecat-david-frometa-galardonado-con-el-ii-premio-manuel-heredia-por-su-tesis-sobre-la-resistencia-del-acero-usado-en-el-sector-automovilistico\\\/#primaryimage\"},\"image\":{\"@id\":\"https:\\\/\\\/eurecat.org\\\/es\\\/el-investigador-de-eurecat-david-frometa-galardonado-con-el-ii-premio-manuel-heredia-por-su-tesis-sobre-la-resistencia-del-acero-usado-en-el-sector-automovilistico\\\/#primaryimage\"},\"thumbnailUrl\":\"https:\\\/\\\/eurecat.org\\\/wp-content\\\/uploads\\\/2024\\\/05\\\/PremiManuelHeredia_800px.jpg\",\"datePublished\":\"2024-03-13T09:03:02+00:00\",\"dateModified\":\"2024-05-07T08:12:51+00:00\",\"author\":{\"@id\":\"https:\\\/\\\/eurecat.org\\\/es\\\/#\\\/schema\\\/person\\\/99d4d39712001e7621b6867b27b40bed\"},\"breadcrumb\":{\"@id\":\"https:\\\/\\\/eurecat.org\\\/es\\\/el-investigador-de-eurecat-david-frometa-galardonado-con-el-ii-premio-manuel-heredia-por-su-tesis-sobre-la-resistencia-del-acero-usado-en-el-sector-automovilistico\\\/#breadcrumb\"},\"inLanguage\":\"es\",\"potentialAction\":[{\"@type\":\"ReadAction\",\"target\":[\"https:\\\/\\\/eurecat.org\\\/es\\\/el-investigador-de-eurecat-david-frometa-galardonado-con-el-ii-premio-manuel-heredia-por-su-tesis-sobre-la-resistencia-del-acero-usado-en-el-sector-automovilistico\\\/\"]}]},{\"@type\":\"ImageObject\",\"inLanguage\":\"es\",\"@id\":\"https:\\\/\\\/eurecat.org\\\/es\\\/el-investigador-de-eurecat-david-frometa-galardonado-con-el-ii-premio-manuel-heredia-por-su-tesis-sobre-la-resistencia-del-acero-usado-en-el-sector-automovilistico\\\/#primaryimage\",\"url\":\"https:\\\/\\\/eurecat.org\\\/wp-content\\\/uploads\\\/2024\\\/05\\\/PremiManuelHeredia_800px.jpg\",\"contentUrl\":\"https:\\\/\\\/eurecat.org\\\/wp-content\\\/uploads\\\/2024\\\/05\\\/PremiManuelHeredia_800px.jpg\",\"width\":800,\"height\":458},{\"@type\":\"BreadcrumbList\",\"@id\":\"https:\\\/\\\/eurecat.org\\\/es\\\/el-investigador-de-eurecat-david-frometa-galardonado-con-el-ii-premio-manuel-heredia-por-su-tesis-sobre-la-resistencia-del-acero-usado-en-el-sector-automovilistico\\\/#breadcrumb\",\"itemListElement\":[{\"@type\":\"ListItem\",\"position\":1,\"name\":\"Inici\",\"item\":\"https:\\\/\\\/eurecat.org\\\/es\\\/\"},{\"@type\":\"ListItem\",\"position\":2,\"name\":\"El investigador de Eurecat David Fr\u00f3meta, galardonado con el II Premio Manuel Heredia por su tesis sobre la resistencia del acero usado en el sector automovil\u00edstico\"}]},{\"@type\":\"WebSite\",\"@id\":\"https:\\\/\\\/eurecat.org\\\/es\\\/#website\",\"url\":\"https:\\\/\\\/eurecat.org\\\/es\\\/\",\"name\":\"Eurecat\",\"description\":\"Otro sitio realizado con WordPress\",\"potentialAction\":[{\"@type\":\"SearchAction\",\"target\":{\"@type\":\"EntryPoint\",\"urlTemplate\":\"https:\\\/\\\/eurecat.org\\\/es\\\/?s={search_term_string}\"},\"query-input\":{\"@type\":\"PropertyValueSpecification\",\"valueRequired\":true,\"valueName\":\"search_term_string\"}}],\"inLanguage\":\"es\"},{\"@type\":\"Person\",\"@id\":\"https:\\\/\\\/eurecat.org\\\/es\\\/#\\\/schema\\\/person\\\/99d4d39712001e7621b6867b27b40bed\",\"name\":\"EurecatEQZ\",\"image\":{\"@type\":\"ImageObject\",\"inLanguage\":\"es\",\"@id\":\"https:\\\/\\\/secure.gravatar.com\\\/avatar\\\/6deb26ca61bcc34263c59cc62bb8b08ff90b67af7f99943babf5d86396845993?s=96&d=mm&r=g\",\"url\":\"https:\\\/\\\/secure.gravatar.com\\\/avatar\\\/6deb26ca61bcc34263c59cc62bb8b08ff90b67af7f99943babf5d86396845993?s=96&d=mm&r=g\",\"contentUrl\":\"https:\\\/\\\/secure.gravatar.com\\\/avatar\\\/6deb26ca61bcc34263c59cc62bb8b08ff90b67af7f99943babf5d86396845993?s=96&d=mm&r=g\",\"caption\":\"EurecatEQZ\"}}]}<\/script>\n<!-- \/ Yoast SEO plugin. -->","yoast_head_json":{"title":"El investigador de Eurecat David Fr\u00f3meta, galardonado con el II Premio Manuel Heredia por su tesis sobre la resistencia del acero usado en el sector automovil\u00edstico - Eurecat","robots":{"index":"index","follow":"follow","max-snippet":"max-snippet:-1","max-image-preview":"max-image-preview:large","max-video-preview":"max-video-preview:-1"},"canonical":"https:\/\/eurecat.org\/es\/el-investigador-de-eurecat-david-frometa-galardonado-con-el-ii-premio-manuel-heredia-por-su-tesis-sobre-la-resistencia-del-acero-usado-en-el-sector-automovilistico\/","og_locale":"es_ES","og_type":"article","og_title":"El investigador de Eurecat David Fr\u00f3meta, galardonado con el II Premio Manuel Heredia por su tesis sobre la resistencia del acero usado en el sector automovil\u00edstico - Eurecat","og_url":"https:\/\/eurecat.org\/es\/el-investigador-de-eurecat-david-frometa-galardonado-con-el-ii-premio-manuel-heredia-por-su-tesis-sobre-la-resistencia-del-acero-usado-en-el-sector-automovilistico\/","og_site_name":"Eurecat","article_published_time":"2024-03-13T09:03:02+00:00","article_modified_time":"2024-05-07T08:12:51+00:00","og_image":[{"width":800,"height":458,"url":"https:\/\/eurecat.org\/wp-content\/uploads\/2024\/05\/PremiManuelHeredia_800px.jpg","type":"image\/jpeg"}],"author":"EurecatEQZ","twitter_card":"summary_large_image","twitter_misc":{"Escrito por":"EurecatEQZ","Tiempo de lectura":"3 minutos"},"schema":{"@context":"https:\/\/schema.org","@graph":[{"@type":"Article","@id":"https:\/\/eurecat.org\/es\/el-investigador-de-eurecat-david-frometa-galardonado-con-el-ii-premio-manuel-heredia-por-su-tesis-sobre-la-resistencia-del-acero-usado-en-el-sector-automovilistico\/#article","isPartOf":{"@id":"https:\/\/eurecat.org\/es\/el-investigador-de-eurecat-david-frometa-galardonado-con-el-ii-premio-manuel-heredia-por-su-tesis-sobre-la-resistencia-del-acero-usado-en-el-sector-automovilistico\/"},"author":{"name":"EurecatEQZ","@id":"https:\/\/eurecat.org\/es\/#\/schema\/person\/99d4d39712001e7621b6867b27b40bed"},"headline":"El investigador de Eurecat David Fr\u00f3meta, galardonado con el II Premio Manuel Heredia por su tesis sobre la resistencia del acero usado en el sector automovil\u00edstico","datePublished":"2024-03-13T09:03:02+00:00","dateModified":"2024-05-07T08:12:51+00:00","mainEntityOfPage":{"@id":"https:\/\/eurecat.org\/es\/el-investigador-de-eurecat-david-frometa-galardonado-con-el-ii-premio-manuel-heredia-por-su-tesis-sobre-la-resistencia-del-acero-usado-en-el-sector-automovilistico\/"},"wordCount":1578,"commentCount":0,"image":{"@id":"https:\/\/eurecat.org\/es\/el-investigador-de-eurecat-david-frometa-galardonado-con-el-ii-premio-manuel-heredia-por-su-tesis-sobre-la-resistencia-del-acero-usado-en-el-sector-automovilistico\/#primaryimage"},"thumbnailUrl":"https:\/\/eurecat.org\/wp-content\/uploads\/2024\/05\/PremiManuelHeredia_800px.jpg","articleSection":["Materiales Met\u00e1licos y Cer\u00e1micos","Notas de prensa"],"inLanguage":"es","potentialAction":[{"@type":"CommentAction","name":"Comment","target":["https:\/\/eurecat.org\/es\/el-investigador-de-eurecat-david-frometa-galardonado-con-el-ii-premio-manuel-heredia-por-su-tesis-sobre-la-resistencia-del-acero-usado-en-el-sector-automovilistico\/#respond"]}]},{"@type":"WebPage","@id":"https:\/\/eurecat.org\/es\/el-investigador-de-eurecat-david-frometa-galardonado-con-el-ii-premio-manuel-heredia-por-su-tesis-sobre-la-resistencia-del-acero-usado-en-el-sector-automovilistico\/","url":"https:\/\/eurecat.org\/es\/el-investigador-de-eurecat-david-frometa-galardonado-con-el-ii-premio-manuel-heredia-por-su-tesis-sobre-la-resistencia-del-acero-usado-en-el-sector-automovilistico\/","name":"El investigador de Eurecat David Fr\u00f3meta, galardonado con el II Premio Manuel Heredia por su tesis sobre la resistencia del acero usado en el sector automovil\u00edstico - Eurecat","isPartOf":{"@id":"https:\/\/eurecat.org\/es\/#website"},"primaryImageOfPage":{"@id":"https:\/\/eurecat.org\/es\/el-investigador-de-eurecat-david-frometa-galardonado-con-el-ii-premio-manuel-heredia-por-su-tesis-sobre-la-resistencia-del-acero-usado-en-el-sector-automovilistico\/#primaryimage"},"image":{"@id":"https:\/\/eurecat.org\/es\/el-investigador-de-eurecat-david-frometa-galardonado-con-el-ii-premio-manuel-heredia-por-su-tesis-sobre-la-resistencia-del-acero-usado-en-el-sector-automovilistico\/#primaryimage"},"thumbnailUrl":"https:\/\/eurecat.org\/wp-content\/uploads\/2024\/05\/PremiManuelHeredia_800px.jpg","datePublished":"2024-03-13T09:03:02+00:00","dateModified":"2024-05-07T08:12:51+00:00","author":{"@id":"https:\/\/eurecat.org\/es\/#\/schema\/person\/99d4d39712001e7621b6867b27b40bed"},"breadcrumb":{"@id":"https:\/\/eurecat.org\/es\/el-investigador-de-eurecat-david-frometa-galardonado-con-el-ii-premio-manuel-heredia-por-su-tesis-sobre-la-resistencia-del-acero-usado-en-el-sector-automovilistico\/#breadcrumb"},"inLanguage":"es","potentialAction":[{"@type":"ReadAction","target":["https:\/\/eurecat.org\/es\/el-investigador-de-eurecat-david-frometa-galardonado-con-el-ii-premio-manuel-heredia-por-su-tesis-sobre-la-resistencia-del-acero-usado-en-el-sector-automovilistico\/"]}]},{"@type":"ImageObject","inLanguage":"es","@id":"https:\/\/eurecat.org\/es\/el-investigador-de-eurecat-david-frometa-galardonado-con-el-ii-premio-manuel-heredia-por-su-tesis-sobre-la-resistencia-del-acero-usado-en-el-sector-automovilistico\/#primaryimage","url":"https:\/\/eurecat.org\/wp-content\/uploads\/2024\/05\/PremiManuelHeredia_800px.jpg","contentUrl":"https:\/\/eurecat.org\/wp-content\/uploads\/2024\/05\/PremiManuelHeredia_800px.jpg","width":800,"height":458},{"@type":"BreadcrumbList","@id":"https:\/\/eurecat.org\/es\/el-investigador-de-eurecat-david-frometa-galardonado-con-el-ii-premio-manuel-heredia-por-su-tesis-sobre-la-resistencia-del-acero-usado-en-el-sector-automovilistico\/#breadcrumb","itemListElement":[{"@type":"ListItem","position":1,"name":"Inici","item":"https:\/\/eurecat.org\/es\/"},{"@type":"ListItem","position":2,"name":"El investigador de Eurecat David Fr\u00f3meta, galardonado con el II Premio Manuel Heredia por su tesis sobre la resistencia del acero usado en el sector automovil\u00edstico"}]},{"@type":"WebSite","@id":"https:\/\/eurecat.org\/es\/#website","url":"https:\/\/eurecat.org\/es\/","name":"Eurecat","description":"Otro sitio realizado con WordPress","potentialAction":[{"@type":"SearchAction","target":{"@type":"EntryPoint","urlTemplate":"https:\/\/eurecat.org\/es\/?s={search_term_string}"},"query-input":{"@type":"PropertyValueSpecification","valueRequired":true,"valueName":"search_term_string"}}],"inLanguage":"es"},{"@type":"Person","@id":"https:\/\/eurecat.org\/es\/#\/schema\/person\/99d4d39712001e7621b6867b27b40bed","name":"EurecatEQZ","image":{"@type":"ImageObject","inLanguage":"es","@id":"https:\/\/secure.gravatar.com\/avatar\/6deb26ca61bcc34263c59cc62bb8b08ff90b67af7f99943babf5d86396845993?s=96&d=mm&r=g","url":"https:\/\/secure.gravatar.com\/avatar\/6deb26ca61bcc34263c59cc62bb8b08ff90b67af7f99943babf5d86396845993?s=96&d=mm&r=g","contentUrl":"https:\/\/secure.gravatar.com\/avatar\/6deb26ca61bcc34263c59cc62bb8b08ff90b67af7f99943babf5d86396845993?s=96&d=mm&r=g","caption":"EurecatEQZ"}}]}},"_links":{"self":[{"href":"https:\/\/eurecat.org\/es\/wp-json\/wp\/v2\/posts\/150183","targetHints":{"allow":["GET"]}}],"collection":[{"href":"https:\/\/eurecat.org\/es\/wp-json\/wp\/v2\/posts"}],"about":[{"href":"https:\/\/eurecat.org\/es\/wp-json\/wp\/v2\/types\/post"}],"author":[{"embeddable":true,"href":"https:\/\/eurecat.org\/es\/wp-json\/wp\/v2\/users\/20"}],"replies":[{"embeddable":true,"href":"https:\/\/eurecat.org\/es\/wp-json\/wp\/v2\/comments?post=150183"}],"version-history":[{"count":1,"href":"https:\/\/eurecat.org\/es\/wp-json\/wp\/v2\/posts\/150183\/revisions"}],"predecessor-version":[{"id":150184,"href":"https:\/\/eurecat.org\/es\/wp-json\/wp\/v2\/posts\/150183\/revisions\/150184"}],"wp:featuredmedia":[{"embeddable":true,"href":"https:\/\/eurecat.org\/es\/wp-json\/wp\/v2\/media\/150181"}],"wp:attachment":[{"href":"https:\/\/eurecat.org\/es\/wp-json\/wp\/v2\/media?parent=150183"}],"wp:term":[{"taxonomy":"category","embeddable":true,"href":"https:\/\/eurecat.org\/es\/wp-json\/wp\/v2\/categories?post=150183"},{"taxonomy":"post_tag","embeddable":true,"href":"https:\/\/eurecat.org\/es\/wp-json\/wp\/v2\/tags?post=150183"}],"curies":[{"name":"wp","href":"https:\/\/api.w.org\/{rel}","templated":true}]}}