{"id":152358,"date":"2024-06-04T11:41:31","date_gmt":"2024-06-04T09:41:31","guid":{"rendered":"https:\/\/eurecat.org\/?p=152358"},"modified":"2024-06-04T11:46:53","modified_gmt":"2024-06-04T09:46:53","slug":"el-centro-de-ciencias-omicas-impulsa-las-tecnologias-omicas-con-un-nuevo-equipamiento-para-medir-la-expresion-genica-a-nivel-de-celula-unica","status":"publish","type":"post","link":"https:\/\/eurecat.org\/es\/el-centro-de-ciencias-omicas-impulsa-las-tecnologias-omicas-con-un-nuevo-equipamiento-para-medir-la-expresion-genica-a-nivel-de-celula-unica\/","title":{"rendered":"El Centro de Ciencias \u00d3micas impulsa las tecnolog\u00edas \u00f3micas con un nuevo equipamiento para medir la expresi\u00f3n g\u00e9nica a nivel de c\u00e9lula \u00fanica"},"content":{"rendered":"<div class=\"fusion-fullwidth fullwidth-box fusion-builder-row-1 fusion-flex-container has-pattern-background has-mask-background nonhundred-percent-fullwidth non-hundred-percent-height-scrolling\" style=\"--awb-border-radius-top-left:0px;--awb-border-radius-top-right:0px;--awb-border-radius-bottom-right:0px;--awb-border-radius-bottom-left:0px;--awb-flex-wrap:wrap;\" ><div class=\"fusion-builder-row fusion-row fusion-flex-align-items-flex-start fusion-flex-content-wrap\" style=\"max-width:1424.8px;margin-left: calc(-4% \/ 2 );margin-right: calc(-4% \/ 2 );\"><div class=\"fusion-layout-column fusion_builder_column fusion-builder-column-0 fusion_builder_column_1_1 1_1 fusion-flex-column\" style=\"--awb-bg-size:cover;--awb-width-large:100%;--awb-margin-top-large:0px;--awb-spacing-right-large:1.92%;--awb-margin-bottom-large:20px;--awb-spacing-left-large:1.92%;--awb-width-medium:100%;--awb-order-medium:0;--awb-spacing-right-medium:1.92%;--awb-spacing-left-medium:1.92%;--awb-width-small:100%;--awb-order-small:0;--awb-spacing-right-small:1.92%;--awb-spacing-left-small:1.92%;\"><div class=\"fusion-column-wrapper fusion-column-has-shadow fusion-flex-justify-content-flex-start fusion-content-layout-column\"><div class=\"fusion-text fusion-text-1\"><p>El <a href=\"https:\/\/eurecat.org\/es\/ambitos-de-conocimiento\/ciencias-omicas\/\">Centro de Ciencias \u00d3micas (COS)<\/a>, unidad mixta de la URV y el centro tecnol\u00f3gico Eurecat, ha instalado un equipo Chromium iX (10X Genomics) para la preparaci\u00f3n de bibliotecas de secuenciaci\u00f3n de c\u00e9lula \u00fanica (en ingl\u00e9s, single-cell genomics), que permite, en una suspensi\u00f3n celular, medir la expresi\u00f3n g\u00e9nica de cada una de las c\u00e9lulas por separado, lo que supone una revoluci\u00f3n en la secuenciaci\u00f3n del transcriptoma y el epigenoma.<\/p>\n<p>El equipo ha sido financiado con una ayuda p\u00fablica del MCIU \u2013 CDTI y por la Uni\u00f3n Europea NextGenerationEU\/PRTR en el programa de ayudas Red Cervera.<\/p>\n<p>La tecnolog\u00eda 10X es l\u00edder en el mercado en t\u00e9cnicas de secuenciaci\u00f3n de c\u00e9lulas \u00fanicas y ampl\u00eda el abanico de capacidades anal\u00edticas en Gen\u00f3mica del Centro de Ciencias \u00d3micas. Esta tecnolog\u00eda es relevante para varios sectores, incluyendo la investigaci\u00f3n biom\u00e9dica y el desarrollo de f\u00e1rmacos, la mejora de cultivos agr\u00edcolas, estudios ecol\u00f3gicos y de biolog\u00eda medio ambiental y la validaci\u00f3n de nuevas fuentes de prote\u00edna alimentaria.<\/p>\n<p>La individualizaci\u00f3n celular que realiza el equipo Chromium iX sirve para identificar y caracterizar la heterogeneidad dentro de una poblaci\u00f3n celular que tenga perfiles de expresi\u00f3n diferentes, sea cual sea su origen. S\u00f3lo esta t\u00e9cnica permite detectar estados transitorios, que podr\u00edan ser cruciales en procesos como la diferenciaci\u00f3n o la activaci\u00f3n celular y la respuesta a est\u00edmulos.<\/p>\n<\/div><\/div><\/div><\/div><\/div>\n","protected":false},"excerpt":{"rendered":"","protected":false},"author":33,"featured_media":152356,"comment_status":"open","ping_status":"closed","sticky":false,"template":"","format":"standard","meta":{"footnotes":""},"categories":[391,393],"tags":[],"class_list":["post-152358","post","type-post","status-publish","format-standard","has-post-thumbnail","hentry","category-ambitos-conocimiento","category-ciencias-omicas"],"yoast_head":"<!-- This site is optimized with the Yoast SEO plugin v27.5 - https:\/\/yoast.com\/product\/yoast-seo-wordpress\/ -->\n<title>El Centro de Ciencias \u00d3micas impulsa las tecnolog\u00edas \u00f3micas con un nuevo equipamiento para medir la expresi\u00f3n g\u00e9nica a nivel de c\u00e9lula \u00fanica - Eurecat<\/title>\n<meta name=\"robots\" content=\"index, follow, max-snippet:-1, max-image-preview:large, max-video-preview:-1\" \/>\n<link rel=\"canonical\" href=\"https:\/\/eurecat.org\/es\/el-centro-de-ciencias-omicas-impulsa-las-tecnologias-omicas-con-un-nuevo-equipamiento-para-medir-la-expresion-genica-a-nivel-de-celula-unica\/\" \/>\n<meta property=\"og:locale\" content=\"es_ES\" \/>\n<meta property=\"og:type\" content=\"article\" \/>\n<meta property=\"og:title\" content=\"El Centro de Ciencias \u00d3micas impulsa las tecnolog\u00edas \u00f3micas con un nuevo equipamiento para medir la expresi\u00f3n g\u00e9nica a nivel de c\u00e9lula \u00fanica - Eurecat\" \/>\n<meta property=\"og:url\" content=\"https:\/\/eurecat.org\/es\/el-centro-de-ciencias-omicas-impulsa-las-tecnologias-omicas-con-un-nuevo-equipamiento-para-medir-la-expresion-genica-a-nivel-de-celula-unica\/\" \/>\n<meta property=\"og:site_name\" content=\"Eurecat\" \/>\n<meta property=\"article:published_time\" content=\"2024-06-04T09:41:31+00:00\" \/>\n<meta property=\"article:modified_time\" content=\"2024-06-04T09:46:53+00:00\" \/>\n<meta property=\"og:image\" content=\"https:\/\/eurecat.org\/wp-content\/uploads\/2024\/06\/EquipamentCOS_seq-1.jpg\" \/>\n\t<meta property=\"og:image:width\" content=\"1195\" \/>\n\t<meta property=\"og:image:height\" content=\"702\" \/>\n\t<meta property=\"og:image:type\" content=\"image\/jpeg\" \/>\n<meta name=\"author\" content=\"EurecatIG\" \/>\n<meta name=\"twitter:card\" content=\"summary_large_image\" \/>\n<meta name=\"twitter:label1\" content=\"Escrito por\" \/>\n\t<meta name=\"twitter:data1\" content=\"EurecatIG\" \/>\n\t<meta name=\"twitter:label2\" content=\"Tiempo de lectura\" \/>\n\t<meta name=\"twitter:data2\" content=\"6 minutos\" \/>\n<script type=\"application\/ld+json\" class=\"yoast-schema-graph\">{\"@context\":\"https:\\\/\\\/schema.org\",\"@graph\":[{\"@type\":\"Article\",\"@id\":\"https:\\\/\\\/eurecat.org\\\/es\\\/el-centro-de-ciencias-omicas-impulsa-las-tecnologias-omicas-con-un-nuevo-equipamiento-para-medir-la-expresion-genica-a-nivel-de-celula-unica\\\/#article\",\"isPartOf\":{\"@id\":\"https:\\\/\\\/eurecat.org\\\/es\\\/el-centro-de-ciencias-omicas-impulsa-las-tecnologias-omicas-con-un-nuevo-equipamiento-para-medir-la-expresion-genica-a-nivel-de-celula-unica\\\/\"},\"author\":{\"name\":\"EurecatIG\",\"@id\":\"https:\\\/\\\/eurecat.org\\\/es\\\/#\\\/schema\\\/person\\\/acc873357cf745b420889e446e877b6c\"},\"headline\":\"El Centro de Ciencias \u00d3micas impulsa las tecnolog\u00edas \u00f3micas con un nuevo equipamiento para medir la expresi\u00f3n g\u00e9nica a nivel de c\u00e9lula \u00fanica\",\"datePublished\":\"2024-06-04T09:41:31+00:00\",\"dateModified\":\"2024-06-04T09:46:53+00:00\",\"mainEntityOfPage\":{\"@id\":\"https:\\\/\\\/eurecat.org\\\/es\\\/el-centro-de-ciencias-omicas-impulsa-las-tecnologias-omicas-con-un-nuevo-equipamiento-para-medir-la-expresion-genica-a-nivel-de-celula-unica\\\/\"},\"wordCount\":1322,\"commentCount\":0,\"image\":{\"@id\":\"https:\\\/\\\/eurecat.org\\\/es\\\/el-centro-de-ciencias-omicas-impulsa-las-tecnologias-omicas-con-un-nuevo-equipamiento-para-medir-la-expresion-genica-a-nivel-de-celula-unica\\\/#primaryimage\"},\"thumbnailUrl\":\"https:\\\/\\\/eurecat.org\\\/wp-content\\\/uploads\\\/2024\\\/06\\\/EquipamentCOS_seq-1.jpg\",\"articleSection\":[\"\u00c1mbitos de conocimiento\",\"Ciencias \u00d3micas\"],\"inLanguage\":\"es\",\"potentialAction\":[{\"@type\":\"CommentAction\",\"name\":\"Comment\",\"target\":[\"https:\\\/\\\/eurecat.org\\\/es\\\/el-centro-de-ciencias-omicas-impulsa-las-tecnologias-omicas-con-un-nuevo-equipamiento-para-medir-la-expresion-genica-a-nivel-de-celula-unica\\\/#respond\"]}]},{\"@type\":\"WebPage\",\"@id\":\"https:\\\/\\\/eurecat.org\\\/es\\\/el-centro-de-ciencias-omicas-impulsa-las-tecnologias-omicas-con-un-nuevo-equipamiento-para-medir-la-expresion-genica-a-nivel-de-celula-unica\\\/\",\"url\":\"https:\\\/\\\/eurecat.org\\\/es\\\/el-centro-de-ciencias-omicas-impulsa-las-tecnologias-omicas-con-un-nuevo-equipamiento-para-medir-la-expresion-genica-a-nivel-de-celula-unica\\\/\",\"name\":\"El Centro de Ciencias \u00d3micas impulsa las tecnolog\u00edas \u00f3micas con un nuevo equipamiento para medir la expresi\u00f3n g\u00e9nica a nivel de c\u00e9lula \u00fanica - Eurecat\",\"isPartOf\":{\"@id\":\"https:\\\/\\\/eurecat.org\\\/es\\\/#website\"},\"primaryImageOfPage\":{\"@id\":\"https:\\\/\\\/eurecat.org\\\/es\\\/el-centro-de-ciencias-omicas-impulsa-las-tecnologias-omicas-con-un-nuevo-equipamiento-para-medir-la-expresion-genica-a-nivel-de-celula-unica\\\/#primaryimage\"},\"image\":{\"@id\":\"https:\\\/\\\/eurecat.org\\\/es\\\/el-centro-de-ciencias-omicas-impulsa-las-tecnologias-omicas-con-un-nuevo-equipamiento-para-medir-la-expresion-genica-a-nivel-de-celula-unica\\\/#primaryimage\"},\"thumbnailUrl\":\"https:\\\/\\\/eurecat.org\\\/wp-content\\\/uploads\\\/2024\\\/06\\\/EquipamentCOS_seq-1.jpg\",\"datePublished\":\"2024-06-04T09:41:31+00:00\",\"dateModified\":\"2024-06-04T09:46:53+00:00\",\"author\":{\"@id\":\"https:\\\/\\\/eurecat.org\\\/es\\\/#\\\/schema\\\/person\\\/acc873357cf745b420889e446e877b6c\"},\"breadcrumb\":{\"@id\":\"https:\\\/\\\/eurecat.org\\\/es\\\/el-centro-de-ciencias-omicas-impulsa-las-tecnologias-omicas-con-un-nuevo-equipamiento-para-medir-la-expresion-genica-a-nivel-de-celula-unica\\\/#breadcrumb\"},\"inLanguage\":\"es\",\"potentialAction\":[{\"@type\":\"ReadAction\",\"target\":[\"https:\\\/\\\/eurecat.org\\\/es\\\/el-centro-de-ciencias-omicas-impulsa-las-tecnologias-omicas-con-un-nuevo-equipamiento-para-medir-la-expresion-genica-a-nivel-de-celula-unica\\\/\"]}]},{\"@type\":\"ImageObject\",\"inLanguage\":\"es\",\"@id\":\"https:\\\/\\\/eurecat.org\\\/es\\\/el-centro-de-ciencias-omicas-impulsa-las-tecnologias-omicas-con-un-nuevo-equipamiento-para-medir-la-expresion-genica-a-nivel-de-celula-unica\\\/#primaryimage\",\"url\":\"https:\\\/\\\/eurecat.org\\\/wp-content\\\/uploads\\\/2024\\\/06\\\/EquipamentCOS_seq-1.jpg\",\"contentUrl\":\"https:\\\/\\\/eurecat.org\\\/wp-content\\\/uploads\\\/2024\\\/06\\\/EquipamentCOS_seq-1.jpg\",\"width\":1195,\"height\":702},{\"@type\":\"BreadcrumbList\",\"@id\":\"https:\\\/\\\/eurecat.org\\\/es\\\/el-centro-de-ciencias-omicas-impulsa-las-tecnologias-omicas-con-un-nuevo-equipamiento-para-medir-la-expresion-genica-a-nivel-de-celula-unica\\\/#breadcrumb\",\"itemListElement\":[{\"@type\":\"ListItem\",\"position\":1,\"name\":\"Inici\",\"item\":\"https:\\\/\\\/eurecat.org\\\/es\\\/\"},{\"@type\":\"ListItem\",\"position\":2,\"name\":\"El Centro de Ciencias \u00d3micas impulsa las tecnolog\u00edas \u00f3micas con un nuevo equipamiento para medir la expresi\u00f3n g\u00e9nica a nivel de c\u00e9lula \u00fanica\"}]},{\"@type\":\"WebSite\",\"@id\":\"https:\\\/\\\/eurecat.org\\\/es\\\/#website\",\"url\":\"https:\\\/\\\/eurecat.org\\\/es\\\/\",\"name\":\"Eurecat\",\"description\":\"Otro sitio realizado con WordPress\",\"potentialAction\":[{\"@type\":\"SearchAction\",\"target\":{\"@type\":\"EntryPoint\",\"urlTemplate\":\"https:\\\/\\\/eurecat.org\\\/es\\\/?s={search_term_string}\"},\"query-input\":{\"@type\":\"PropertyValueSpecification\",\"valueRequired\":true,\"valueName\":\"search_term_string\"}}],\"inLanguage\":\"es\"},{\"@type\":\"Person\",\"@id\":\"https:\\\/\\\/eurecat.org\\\/es\\\/#\\\/schema\\\/person\\\/acc873357cf745b420889e446e877b6c\",\"name\":\"EurecatIG\",\"image\":{\"@type\":\"ImageObject\",\"inLanguage\":\"es\",\"@id\":\"https:\\\/\\\/secure.gravatar.com\\\/avatar\\\/db8c4ef621d4581ea1cf6762a4bde6480bf1da66977dff6e3567787de3f174d3?s=96&d=mm&r=g\",\"url\":\"https:\\\/\\\/secure.gravatar.com\\\/avatar\\\/db8c4ef621d4581ea1cf6762a4bde6480bf1da66977dff6e3567787de3f174d3?s=96&d=mm&r=g\",\"contentUrl\":\"https:\\\/\\\/secure.gravatar.com\\\/avatar\\\/db8c4ef621d4581ea1cf6762a4bde6480bf1da66977dff6e3567787de3f174d3?s=96&d=mm&r=g\",\"caption\":\"EurecatIG\"}}]}<\/script>\n<!-- \/ Yoast SEO plugin. -->","yoast_head_json":{"title":"El Centro de Ciencias \u00d3micas impulsa las tecnolog\u00edas \u00f3micas con un nuevo equipamiento para medir la expresi\u00f3n g\u00e9nica a nivel de c\u00e9lula \u00fanica - Eurecat","robots":{"index":"index","follow":"follow","max-snippet":"max-snippet:-1","max-image-preview":"max-image-preview:large","max-video-preview":"max-video-preview:-1"},"canonical":"https:\/\/eurecat.org\/es\/el-centro-de-ciencias-omicas-impulsa-las-tecnologias-omicas-con-un-nuevo-equipamiento-para-medir-la-expresion-genica-a-nivel-de-celula-unica\/","og_locale":"es_ES","og_type":"article","og_title":"El Centro de Ciencias \u00d3micas impulsa las tecnolog\u00edas \u00f3micas con un nuevo equipamiento para medir la expresi\u00f3n g\u00e9nica a nivel de c\u00e9lula \u00fanica - Eurecat","og_url":"https:\/\/eurecat.org\/es\/el-centro-de-ciencias-omicas-impulsa-las-tecnologias-omicas-con-un-nuevo-equipamiento-para-medir-la-expresion-genica-a-nivel-de-celula-unica\/","og_site_name":"Eurecat","article_published_time":"2024-06-04T09:41:31+00:00","article_modified_time":"2024-06-04T09:46:53+00:00","og_image":[{"width":1195,"height":702,"url":"https:\/\/eurecat.org\/wp-content\/uploads\/2024\/06\/EquipamentCOS_seq-1.jpg","type":"image\/jpeg"}],"author":"EurecatIG","twitter_card":"summary_large_image","twitter_misc":{"Escrito por":"EurecatIG","Tiempo de lectura":"6 minutos"},"schema":{"@context":"https:\/\/schema.org","@graph":[{"@type":"Article","@id":"https:\/\/eurecat.org\/es\/el-centro-de-ciencias-omicas-impulsa-las-tecnologias-omicas-con-un-nuevo-equipamiento-para-medir-la-expresion-genica-a-nivel-de-celula-unica\/#article","isPartOf":{"@id":"https:\/\/eurecat.org\/es\/el-centro-de-ciencias-omicas-impulsa-las-tecnologias-omicas-con-un-nuevo-equipamiento-para-medir-la-expresion-genica-a-nivel-de-celula-unica\/"},"author":{"name":"EurecatIG","@id":"https:\/\/eurecat.org\/es\/#\/schema\/person\/acc873357cf745b420889e446e877b6c"},"headline":"El Centro de Ciencias \u00d3micas impulsa las tecnolog\u00edas \u00f3micas con un nuevo equipamiento para medir la expresi\u00f3n g\u00e9nica a nivel de c\u00e9lula \u00fanica","datePublished":"2024-06-04T09:41:31+00:00","dateModified":"2024-06-04T09:46:53+00:00","mainEntityOfPage":{"@id":"https:\/\/eurecat.org\/es\/el-centro-de-ciencias-omicas-impulsa-las-tecnologias-omicas-con-un-nuevo-equipamiento-para-medir-la-expresion-genica-a-nivel-de-celula-unica\/"},"wordCount":1322,"commentCount":0,"image":{"@id":"https:\/\/eurecat.org\/es\/el-centro-de-ciencias-omicas-impulsa-las-tecnologias-omicas-con-un-nuevo-equipamiento-para-medir-la-expresion-genica-a-nivel-de-celula-unica\/#primaryimage"},"thumbnailUrl":"https:\/\/eurecat.org\/wp-content\/uploads\/2024\/06\/EquipamentCOS_seq-1.jpg","articleSection":["\u00c1mbitos de conocimiento","Ciencias \u00d3micas"],"inLanguage":"es","potentialAction":[{"@type":"CommentAction","name":"Comment","target":["https:\/\/eurecat.org\/es\/el-centro-de-ciencias-omicas-impulsa-las-tecnologias-omicas-con-un-nuevo-equipamiento-para-medir-la-expresion-genica-a-nivel-de-celula-unica\/#respond"]}]},{"@type":"WebPage","@id":"https:\/\/eurecat.org\/es\/el-centro-de-ciencias-omicas-impulsa-las-tecnologias-omicas-con-un-nuevo-equipamiento-para-medir-la-expresion-genica-a-nivel-de-celula-unica\/","url":"https:\/\/eurecat.org\/es\/el-centro-de-ciencias-omicas-impulsa-las-tecnologias-omicas-con-un-nuevo-equipamiento-para-medir-la-expresion-genica-a-nivel-de-celula-unica\/","name":"El Centro de Ciencias \u00d3micas impulsa las tecnolog\u00edas \u00f3micas con un nuevo equipamiento para medir la expresi\u00f3n g\u00e9nica a nivel de c\u00e9lula \u00fanica - Eurecat","isPartOf":{"@id":"https:\/\/eurecat.org\/es\/#website"},"primaryImageOfPage":{"@id":"https:\/\/eurecat.org\/es\/el-centro-de-ciencias-omicas-impulsa-las-tecnologias-omicas-con-un-nuevo-equipamiento-para-medir-la-expresion-genica-a-nivel-de-celula-unica\/#primaryimage"},"image":{"@id":"https:\/\/eurecat.org\/es\/el-centro-de-ciencias-omicas-impulsa-las-tecnologias-omicas-con-un-nuevo-equipamiento-para-medir-la-expresion-genica-a-nivel-de-celula-unica\/#primaryimage"},"thumbnailUrl":"https:\/\/eurecat.org\/wp-content\/uploads\/2024\/06\/EquipamentCOS_seq-1.jpg","datePublished":"2024-06-04T09:41:31+00:00","dateModified":"2024-06-04T09:46:53+00:00","author":{"@id":"https:\/\/eurecat.org\/es\/#\/schema\/person\/acc873357cf745b420889e446e877b6c"},"breadcrumb":{"@id":"https:\/\/eurecat.org\/es\/el-centro-de-ciencias-omicas-impulsa-las-tecnologias-omicas-con-un-nuevo-equipamiento-para-medir-la-expresion-genica-a-nivel-de-celula-unica\/#breadcrumb"},"inLanguage":"es","potentialAction":[{"@type":"ReadAction","target":["https:\/\/eurecat.org\/es\/el-centro-de-ciencias-omicas-impulsa-las-tecnologias-omicas-con-un-nuevo-equipamiento-para-medir-la-expresion-genica-a-nivel-de-celula-unica\/"]}]},{"@type":"ImageObject","inLanguage":"es","@id":"https:\/\/eurecat.org\/es\/el-centro-de-ciencias-omicas-impulsa-las-tecnologias-omicas-con-un-nuevo-equipamiento-para-medir-la-expresion-genica-a-nivel-de-celula-unica\/#primaryimage","url":"https:\/\/eurecat.org\/wp-content\/uploads\/2024\/06\/EquipamentCOS_seq-1.jpg","contentUrl":"https:\/\/eurecat.org\/wp-content\/uploads\/2024\/06\/EquipamentCOS_seq-1.jpg","width":1195,"height":702},{"@type":"BreadcrumbList","@id":"https:\/\/eurecat.org\/es\/el-centro-de-ciencias-omicas-impulsa-las-tecnologias-omicas-con-un-nuevo-equipamiento-para-medir-la-expresion-genica-a-nivel-de-celula-unica\/#breadcrumb","itemListElement":[{"@type":"ListItem","position":1,"name":"Inici","item":"https:\/\/eurecat.org\/es\/"},{"@type":"ListItem","position":2,"name":"El Centro de Ciencias \u00d3micas impulsa las tecnolog\u00edas \u00f3micas con un nuevo equipamiento para medir la expresi\u00f3n g\u00e9nica a nivel de c\u00e9lula \u00fanica"}]},{"@type":"WebSite","@id":"https:\/\/eurecat.org\/es\/#website","url":"https:\/\/eurecat.org\/es\/","name":"Eurecat","description":"Otro sitio realizado con WordPress","potentialAction":[{"@type":"SearchAction","target":{"@type":"EntryPoint","urlTemplate":"https:\/\/eurecat.org\/es\/?s={search_term_string}"},"query-input":{"@type":"PropertyValueSpecification","valueRequired":true,"valueName":"search_term_string"}}],"inLanguage":"es"},{"@type":"Person","@id":"https:\/\/eurecat.org\/es\/#\/schema\/person\/acc873357cf745b420889e446e877b6c","name":"EurecatIG","image":{"@type":"ImageObject","inLanguage":"es","@id":"https:\/\/secure.gravatar.com\/avatar\/db8c4ef621d4581ea1cf6762a4bde6480bf1da66977dff6e3567787de3f174d3?s=96&d=mm&r=g","url":"https:\/\/secure.gravatar.com\/avatar\/db8c4ef621d4581ea1cf6762a4bde6480bf1da66977dff6e3567787de3f174d3?s=96&d=mm&r=g","contentUrl":"https:\/\/secure.gravatar.com\/avatar\/db8c4ef621d4581ea1cf6762a4bde6480bf1da66977dff6e3567787de3f174d3?s=96&d=mm&r=g","caption":"EurecatIG"}}]}},"_links":{"self":[{"href":"https:\/\/eurecat.org\/es\/wp-json\/wp\/v2\/posts\/152358","targetHints":{"allow":["GET"]}}],"collection":[{"href":"https:\/\/eurecat.org\/es\/wp-json\/wp\/v2\/posts"}],"about":[{"href":"https:\/\/eurecat.org\/es\/wp-json\/wp\/v2\/types\/post"}],"author":[{"embeddable":true,"href":"https:\/\/eurecat.org\/es\/wp-json\/wp\/v2\/users\/33"}],"replies":[{"embeddable":true,"href":"https:\/\/eurecat.org\/es\/wp-json\/wp\/v2\/comments?post=152358"}],"version-history":[{"count":1,"href":"https:\/\/eurecat.org\/es\/wp-json\/wp\/v2\/posts\/152358\/revisions"}],"predecessor-version":[{"id":152360,"href":"https:\/\/eurecat.org\/es\/wp-json\/wp\/v2\/posts\/152358\/revisions\/152360"}],"wp:featuredmedia":[{"embeddable":true,"href":"https:\/\/eurecat.org\/es\/wp-json\/wp\/v2\/media\/152356"}],"wp:attachment":[{"href":"https:\/\/eurecat.org\/es\/wp-json\/wp\/v2\/media?parent=152358"}],"wp:term":[{"taxonomy":"category","embeddable":true,"href":"https:\/\/eurecat.org\/es\/wp-json\/wp\/v2\/categories?post=152358"},{"taxonomy":"post_tag","embeddable":true,"href":"https:\/\/eurecat.org\/es\/wp-json\/wp\/v2\/tags?post=152358"}],"curies":[{"name":"wp","href":"https:\/\/api.w.org\/{rel}","templated":true}]}}