{"id":15430,"date":"2016-09-04T12:51:23","date_gmt":"2016-09-04T12:51:23","guid":{"rendered":"http:\/\/eurecat.org\/es\/?p=15430"},"modified":"2016-10-23T16:53:34","modified_gmt":"2016-10-23T16:53:34","slug":"nuevos-proyectos-tic-en-colombia-entre-cintel-y-eurecat","status":"publish","type":"post","link":"https:\/\/eurecat.org\/es\/nuevos-proyectos-tic-en-colombia-entre-cintel-y-eurecat\/","title":{"rendered":"Eurecat desarrollar\u00e1 nuevos proyectos TIC en Colombia y ampliar\u00e1 su presencia en Am\u00e9rica Latina"},"content":{"rendered":"<p><strong><u>Barcelona, 4 de septiembre de 2016.-<\/u> <\/strong>El Centro de Investigaci\u00f3n de las Telecomunicaciones de Bogot\u00e0 (CINTEL) y Eurecat (miembro de TECNIO) han firmado un convenio de colaboraci\u00f3n y cooperaci\u00f3n que permitir\u00e1 al centro tecnol\u00f3gico catal\u00e1n desarrollar nuevos proyectos de innovaci\u00f3n TIC en Colombia y ampliar su presencia en Latinoam\u00e9rica de la mano de un socio tecnol\u00f3gico referente.<\/p>\n<blockquote><p>El crecimiento ser\u00e1 posible gracias a un acuerdo de colaboraci\u00f3n con el centro tecnol\u00f3gico CINTEL de Bogot\u00e1.<\/p><\/blockquote>\n<p>El convenio, que tiene una duraci\u00f3n inicial de un a\u00f1o, establece acuerdos en los \u00e1mbitos de la investigaci\u00f3n y de la innovaci\u00f3n TIC a nivel de consultor\u00eda y de formaci\u00f3n. En este sentido, Eurecat prev\u00e9 desarrollar proyectos de innovaci\u00f3n TIC en Colombia en \u00e1mbitos como el Big Data o el Internet of Things (IOT) en colaboraci\u00f3n tanto con empresas privadas como con el Ministerio TIC del pa\u00eds andino.<\/p>\n<blockquote><p>El acuerdo se ha formalizado en Cartagena de Indias, en el marco del congreso tecnol\u00f3gico Andicom.<\/p><\/blockquote>\n<p>El acuerdo se ha formalizado en Cartagena de Indias, en el marco del congreso tecnol\u00f3gico Andicom, en el que Eurecat participa por segundo a\u00f1o consecutivo en una misi\u00f3n liderada por ACCI\u00d3, la agencia para la competitividad de la empresa, a trav\u00e9s de su oficina en Bogot\u00e1.<\/p>\n<p><strong>\u00a0<\/strong><\/p>\n<p><strong>Sobre Eurecat<\/strong><\/p>\n<p>Eurecat, Centro Tecnol\u00f3gico de Catalu\u00f1a (miembro de Tecnio), aglutina la experiencia de m\u00e1s de <strong>450 profesionales<\/strong> que generan un volumen de ingresos de <strong>45 millones de euros anuales<\/strong> y presta servicio a m\u00e1s de <strong>1.000 empresas<\/strong>. <strong>I+D aplicado<\/strong>, <strong>servicios tecnol\u00f3gicos<\/strong>, <strong>formaci\u00f3n de alta especializaci\u00f3n<\/strong>, <strong>consultor\u00eda tecnol\u00f3gica<\/strong> y <strong>eventos profesionales<\/strong> son algunos de los servicios que Eurecat ofrece tanto para grandes como para peque\u00f1as y medianas empresas de todos los sectores. Con instalaciones en Barcelona, Canet de Mar, Cerdanyola del Vall\u00e8s, Girona, Lleida, Manresa, Matar\u00f3, Reus y Amposta y con una sede en Brasil, participa en <strong>160 grandes proyectos consorciados de I+D+i<\/strong> nacionales e internacionales de alto valor estrat\u00e9gico y cuenta con <strong>73 patentes<\/strong> y <strong>7 spin-off<\/strong>. El valor a\u00f1adido que aporta Eurecat <strong>acelera la innovaci\u00f3n<\/strong>, <strong>disminuye el gasto en infraestructuras<\/strong> cient\u00edficas y tecnol\u00f3gicas, <strong>reduce los riesgos <\/strong>y proporciona <strong>conocimiento especializado <\/strong>a medida de cada empresa. <strong>M\u00e1s informaci\u00f3n en <\/strong><a href=\"http:\/\/www.eurecat.org\"><strong>www.eurecat.org<\/strong><\/a><\/p>\n<p>&nbsp;<\/p>\n<p><strong><em>M\u00e1s informaci\u00f3n:<\/p>\n<p><\/em><\/strong><strong>Montse Mascar\u00f3<br \/>\nPrensa | Direcci\u00f3n de Comunicaci\u00f3n Corporativa <\/strong><strong>Eurecat<\/strong><\/p>\n<p><strong>Tel. (+34) 932 381 400 | M\u00f3vil: (+34) 630 425 169<br \/>\nC\/e: premsa@eurecat.org | <\/strong><a href=\"http:\/\/www.eurecat.org\">www.eurecat.org<\/a><\/p>\n","protected":false},"excerpt":{"rendered":"<p>Barcelona, 4 de septiembre de 2016.- El Centro de Investigaci\u00f3n de las Telecomunicaciones de Bogot\u00e0 (CINTEL) y Eurecat (miembro de TECNIO) han firmado un convenio de colaboraci\u00f3n y cooperaci\u00f3n que permitir\u00e1 al centro tecnol\u00f3gico catal\u00e1n desarrollar nuevos proyectos de innovaci\u00f3n TIC en Colombia y ampliar su presencia en Latinoam\u00e9rica de la mano de un socio  [&#8230;]<\/p>\n","protected":false},"author":12,"featured_media":15427,"comment_status":"open","ping_status":"closed","sticky":false,"template":"","format":"standard","meta":{"footnotes":""},"categories":[400,134],"tags":[490,140],"class_list":["post-15430","post","type-post","status-publish","format-standard","has-post-thumbnail","hentry","category-desarrollo-producto","category-notas-de-prensa","tag-cintel","tag-eurecat"],"yoast_head":"<!-- This site is optimized with the Yoast SEO plugin v27.5 - https:\/\/yoast.com\/product\/yoast-seo-wordpress\/ -->\n<title>nuevos proyectos TIC en Colombia entre CINTEL y EURECAT<\/title>\n<meta name=\"description\" content=\"Cintel y Eurecat han firmado un convenio de colaboraci\u00f3n y cooperaci\u00f3n que permitir\u00e1 al centro tecnol\u00f3gico catal\u00e1n desarrollar nuevos TIC en Colombia\" \/>\n<meta name=\"robots\" content=\"index, follow, max-snippet:-1, max-image-preview:large, max-video-preview:-1\" \/>\n<link rel=\"canonical\" href=\"https:\/\/eurecat.org\/es\/nuevos-proyectos-tic-en-colombia-entre-cintel-y-eurecat\/\" \/>\n<meta property=\"og:locale\" content=\"es_ES\" \/>\n<meta property=\"og:type\" content=\"article\" \/>\n<meta property=\"og:title\" content=\"nuevos proyectos TIC en Colombia entre CINTEL y EURECAT\" \/>\n<meta property=\"og:description\" content=\"Cintel y Eurecat han firmado un convenio de colaboraci\u00f3n y cooperaci\u00f3n que permitir\u00e1 al centro tecnol\u00f3gico catal\u00e1n desarrollar nuevos TIC en Colombia\" \/>\n<meta property=\"og:url\" content=\"https:\/\/eurecat.org\/es\/nuevos-proyectos-tic-en-colombia-entre-cintel-y-eurecat\/\" \/>\n<meta property=\"og:site_name\" content=\"Eurecat\" \/>\n<meta property=\"article:published_time\" content=\"2016-09-04T12:51:23+00:00\" \/>\n<meta property=\"article:modified_time\" content=\"2016-10-23T16:53:34+00:00\" \/>\n<meta property=\"og:image\" content=\"https:\/\/eurecat.org\/wp-content\/uploads\/2016\/09\/CINTELEURECAT.jpg\" \/>\n\t<meta property=\"og:image:width\" content=\"800\" \/>\n\t<meta property=\"og:image:height\" content=\"450\" \/>\n\t<meta property=\"og:image:type\" content=\"image\/jpeg\" \/>\n<meta name=\"author\" content=\"EurecatEG\" \/>\n<meta name=\"twitter:card\" content=\"summary_large_image\" \/>\n<meta name=\"twitter:label1\" content=\"Escrito por\" \/>\n\t<meta name=\"twitter:data1\" content=\"EurecatEG\" \/>\n\t<meta name=\"twitter:label2\" content=\"Tiempo de lectura\" \/>\n\t<meta name=\"twitter:data2\" content=\"2 minutos\" \/>\n<script type=\"application\/ld+json\" class=\"yoast-schema-graph\">{\"@context\":\"https:\\\/\\\/schema.org\",\"@graph\":[{\"@type\":\"Article\",\"@id\":\"https:\\\/\\\/eurecat.org\\\/es\\\/nuevos-proyectos-tic-en-colombia-entre-cintel-y-eurecat\\\/#article\",\"isPartOf\":{\"@id\":\"https:\\\/\\\/eurecat.org\\\/es\\\/nuevos-proyectos-tic-en-colombia-entre-cintel-y-eurecat\\\/\"},\"author\":{\"name\":\"EurecatEG\",\"@id\":\"https:\\\/\\\/eurecat.org\\\/es\\\/#\\\/schema\\\/person\\\/def9217eded50ee57a9dc4cf0c883f80\"},\"headline\":\"Eurecat desarrollar\u00e1 nuevos proyectos TIC en Colombia y ampliar\u00e1 su presencia en Am\u00e9rica Latina\",\"datePublished\":\"2016-09-04T12:51:23+00:00\",\"dateModified\":\"2016-10-23T16:53:34+00:00\",\"mainEntityOfPage\":{\"@id\":\"https:\\\/\\\/eurecat.org\\\/es\\\/nuevos-proyectos-tic-en-colombia-entre-cintel-y-eurecat\\\/\"},\"wordCount\":436,\"commentCount\":0,\"image\":{\"@id\":\"https:\\\/\\\/eurecat.org\\\/es\\\/nuevos-proyectos-tic-en-colombia-entre-cintel-y-eurecat\\\/#primaryimage\"},\"thumbnailUrl\":\"https:\\\/\\\/eurecat.org\\\/wp-content\\\/uploads\\\/2016\\\/09\\\/CINTELEURECAT.jpg\",\"keywords\":[\"CINTEL\",\"eurecat\"],\"articleSection\":[\"Desarrollo de Producto\",\"Notas de prensa\"],\"inLanguage\":\"es\",\"potentialAction\":[{\"@type\":\"CommentAction\",\"name\":\"Comment\",\"target\":[\"https:\\\/\\\/eurecat.org\\\/es\\\/nuevos-proyectos-tic-en-colombia-entre-cintel-y-eurecat\\\/#respond\"]}]},{\"@type\":\"WebPage\",\"@id\":\"https:\\\/\\\/eurecat.org\\\/es\\\/nuevos-proyectos-tic-en-colombia-entre-cintel-y-eurecat\\\/\",\"url\":\"https:\\\/\\\/eurecat.org\\\/es\\\/nuevos-proyectos-tic-en-colombia-entre-cintel-y-eurecat\\\/\",\"name\":\"nuevos proyectos TIC en Colombia entre CINTEL y EURECAT\",\"isPartOf\":{\"@id\":\"https:\\\/\\\/eurecat.org\\\/es\\\/#website\"},\"primaryImageOfPage\":{\"@id\":\"https:\\\/\\\/eurecat.org\\\/es\\\/nuevos-proyectos-tic-en-colombia-entre-cintel-y-eurecat\\\/#primaryimage\"},\"image\":{\"@id\":\"https:\\\/\\\/eurecat.org\\\/es\\\/nuevos-proyectos-tic-en-colombia-entre-cintel-y-eurecat\\\/#primaryimage\"},\"thumbnailUrl\":\"https:\\\/\\\/eurecat.org\\\/wp-content\\\/uploads\\\/2016\\\/09\\\/CINTELEURECAT.jpg\",\"datePublished\":\"2016-09-04T12:51:23+00:00\",\"dateModified\":\"2016-10-23T16:53:34+00:00\",\"author\":{\"@id\":\"https:\\\/\\\/eurecat.org\\\/es\\\/#\\\/schema\\\/person\\\/def9217eded50ee57a9dc4cf0c883f80\"},\"description\":\"Cintel y Eurecat han firmado un convenio de colaboraci\u00f3n y cooperaci\u00f3n que permitir\u00e1 al centro tecnol\u00f3gico catal\u00e1n desarrollar nuevos TIC en Colombia\",\"breadcrumb\":{\"@id\":\"https:\\\/\\\/eurecat.org\\\/es\\\/nuevos-proyectos-tic-en-colombia-entre-cintel-y-eurecat\\\/#breadcrumb\"},\"inLanguage\":\"es\",\"potentialAction\":[{\"@type\":\"ReadAction\",\"target\":[\"https:\\\/\\\/eurecat.org\\\/es\\\/nuevos-proyectos-tic-en-colombia-entre-cintel-y-eurecat\\\/\"]}]},{\"@type\":\"ImageObject\",\"inLanguage\":\"es\",\"@id\":\"https:\\\/\\\/eurecat.org\\\/es\\\/nuevos-proyectos-tic-en-colombia-entre-cintel-y-eurecat\\\/#primaryimage\",\"url\":\"https:\\\/\\\/eurecat.org\\\/wp-content\\\/uploads\\\/2016\\\/09\\\/CINTELEURECAT.jpg\",\"contentUrl\":\"https:\\\/\\\/eurecat.org\\\/wp-content\\\/uploads\\\/2016\\\/09\\\/CINTELEURECAT.jpg\",\"width\":800,\"height\":450},{\"@type\":\"BreadcrumbList\",\"@id\":\"https:\\\/\\\/eurecat.org\\\/es\\\/nuevos-proyectos-tic-en-colombia-entre-cintel-y-eurecat\\\/#breadcrumb\",\"itemListElement\":[{\"@type\":\"ListItem\",\"position\":1,\"name\":\"Inici\",\"item\":\"https:\\\/\\\/eurecat.org\\\/es\\\/\"},{\"@type\":\"ListItem\",\"position\":2,\"name\":\"Eurecat desarrollar\u00e1 nuevos proyectos TIC en Colombia y ampliar\u00e1 su presencia en Am\u00e9rica Latina\"}]},{\"@type\":\"WebSite\",\"@id\":\"https:\\\/\\\/eurecat.org\\\/es\\\/#website\",\"url\":\"https:\\\/\\\/eurecat.org\\\/es\\\/\",\"name\":\"Eurecat\",\"description\":\"Otro sitio realizado con WordPress\",\"potentialAction\":[{\"@type\":\"SearchAction\",\"target\":{\"@type\":\"EntryPoint\",\"urlTemplate\":\"https:\\\/\\\/eurecat.org\\\/es\\\/?s={search_term_string}\"},\"query-input\":{\"@type\":\"PropertyValueSpecification\",\"valueRequired\":true,\"valueName\":\"search_term_string\"}}],\"inLanguage\":\"es\"},{\"@type\":\"Person\",\"@id\":\"https:\\\/\\\/eurecat.org\\\/es\\\/#\\\/schema\\\/person\\\/def9217eded50ee57a9dc4cf0c883f80\",\"name\":\"EurecatEG\",\"image\":{\"@type\":\"ImageObject\",\"inLanguage\":\"es\",\"@id\":\"https:\\\/\\\/secure.gravatar.com\\\/avatar\\\/f40dd9b6ecd3e5c591f3c9b033e495ee0ec9877ba77249fbf268b3889350c824?s=96&d=mm&r=g\",\"url\":\"https:\\\/\\\/secure.gravatar.com\\\/avatar\\\/f40dd9b6ecd3e5c591f3c9b033e495ee0ec9877ba77249fbf268b3889350c824?s=96&d=mm&r=g\",\"contentUrl\":\"https:\\\/\\\/secure.gravatar.com\\\/avatar\\\/f40dd9b6ecd3e5c591f3c9b033e495ee0ec9877ba77249fbf268b3889350c824?s=96&d=mm&r=g\",\"caption\":\"EurecatEG\"}}]}<\/script>\n<!-- \/ Yoast SEO plugin. -->","yoast_head_json":{"title":"nuevos proyectos TIC en Colombia entre CINTEL y EURECAT","description":"Cintel y Eurecat han firmado un convenio de colaboraci\u00f3n y cooperaci\u00f3n que permitir\u00e1 al centro tecnol\u00f3gico catal\u00e1n desarrollar nuevos TIC en Colombia","robots":{"index":"index","follow":"follow","max-snippet":"max-snippet:-1","max-image-preview":"max-image-preview:large","max-video-preview":"max-video-preview:-1"},"canonical":"https:\/\/eurecat.org\/es\/nuevos-proyectos-tic-en-colombia-entre-cintel-y-eurecat\/","og_locale":"es_ES","og_type":"article","og_title":"nuevos proyectos TIC en Colombia entre CINTEL y EURECAT","og_description":"Cintel y Eurecat han firmado un convenio de colaboraci\u00f3n y cooperaci\u00f3n que permitir\u00e1 al centro tecnol\u00f3gico catal\u00e1n desarrollar nuevos TIC en Colombia","og_url":"https:\/\/eurecat.org\/es\/nuevos-proyectos-tic-en-colombia-entre-cintel-y-eurecat\/","og_site_name":"Eurecat","article_published_time":"2016-09-04T12:51:23+00:00","article_modified_time":"2016-10-23T16:53:34+00:00","og_image":[{"width":800,"height":450,"url":"https:\/\/eurecat.org\/wp-content\/uploads\/2016\/09\/CINTELEURECAT.jpg","type":"image\/jpeg"}],"author":"EurecatEG","twitter_card":"summary_large_image","twitter_misc":{"Escrito por":"EurecatEG","Tiempo de lectura":"2 minutos"},"schema":{"@context":"https:\/\/schema.org","@graph":[{"@type":"Article","@id":"https:\/\/eurecat.org\/es\/nuevos-proyectos-tic-en-colombia-entre-cintel-y-eurecat\/#article","isPartOf":{"@id":"https:\/\/eurecat.org\/es\/nuevos-proyectos-tic-en-colombia-entre-cintel-y-eurecat\/"},"author":{"name":"EurecatEG","@id":"https:\/\/eurecat.org\/es\/#\/schema\/person\/def9217eded50ee57a9dc4cf0c883f80"},"headline":"Eurecat desarrollar\u00e1 nuevos proyectos TIC en Colombia y ampliar\u00e1 su presencia en Am\u00e9rica Latina","datePublished":"2016-09-04T12:51:23+00:00","dateModified":"2016-10-23T16:53:34+00:00","mainEntityOfPage":{"@id":"https:\/\/eurecat.org\/es\/nuevos-proyectos-tic-en-colombia-entre-cintel-y-eurecat\/"},"wordCount":436,"commentCount":0,"image":{"@id":"https:\/\/eurecat.org\/es\/nuevos-proyectos-tic-en-colombia-entre-cintel-y-eurecat\/#primaryimage"},"thumbnailUrl":"https:\/\/eurecat.org\/wp-content\/uploads\/2016\/09\/CINTELEURECAT.jpg","keywords":["CINTEL","eurecat"],"articleSection":["Desarrollo de Producto","Notas de prensa"],"inLanguage":"es","potentialAction":[{"@type":"CommentAction","name":"Comment","target":["https:\/\/eurecat.org\/es\/nuevos-proyectos-tic-en-colombia-entre-cintel-y-eurecat\/#respond"]}]},{"@type":"WebPage","@id":"https:\/\/eurecat.org\/es\/nuevos-proyectos-tic-en-colombia-entre-cintel-y-eurecat\/","url":"https:\/\/eurecat.org\/es\/nuevos-proyectos-tic-en-colombia-entre-cintel-y-eurecat\/","name":"nuevos proyectos TIC en Colombia entre CINTEL y EURECAT","isPartOf":{"@id":"https:\/\/eurecat.org\/es\/#website"},"primaryImageOfPage":{"@id":"https:\/\/eurecat.org\/es\/nuevos-proyectos-tic-en-colombia-entre-cintel-y-eurecat\/#primaryimage"},"image":{"@id":"https:\/\/eurecat.org\/es\/nuevos-proyectos-tic-en-colombia-entre-cintel-y-eurecat\/#primaryimage"},"thumbnailUrl":"https:\/\/eurecat.org\/wp-content\/uploads\/2016\/09\/CINTELEURECAT.jpg","datePublished":"2016-09-04T12:51:23+00:00","dateModified":"2016-10-23T16:53:34+00:00","author":{"@id":"https:\/\/eurecat.org\/es\/#\/schema\/person\/def9217eded50ee57a9dc4cf0c883f80"},"description":"Cintel y Eurecat han firmado un convenio de colaboraci\u00f3n y cooperaci\u00f3n que permitir\u00e1 al centro tecnol\u00f3gico catal\u00e1n desarrollar nuevos TIC en Colombia","breadcrumb":{"@id":"https:\/\/eurecat.org\/es\/nuevos-proyectos-tic-en-colombia-entre-cintel-y-eurecat\/#breadcrumb"},"inLanguage":"es","potentialAction":[{"@type":"ReadAction","target":["https:\/\/eurecat.org\/es\/nuevos-proyectos-tic-en-colombia-entre-cintel-y-eurecat\/"]}]},{"@type":"ImageObject","inLanguage":"es","@id":"https:\/\/eurecat.org\/es\/nuevos-proyectos-tic-en-colombia-entre-cintel-y-eurecat\/#primaryimage","url":"https:\/\/eurecat.org\/wp-content\/uploads\/2016\/09\/CINTELEURECAT.jpg","contentUrl":"https:\/\/eurecat.org\/wp-content\/uploads\/2016\/09\/CINTELEURECAT.jpg","width":800,"height":450},{"@type":"BreadcrumbList","@id":"https:\/\/eurecat.org\/es\/nuevos-proyectos-tic-en-colombia-entre-cintel-y-eurecat\/#breadcrumb","itemListElement":[{"@type":"ListItem","position":1,"name":"Inici","item":"https:\/\/eurecat.org\/es\/"},{"@type":"ListItem","position":2,"name":"Eurecat desarrollar\u00e1 nuevos proyectos TIC en Colombia y ampliar\u00e1 su presencia en Am\u00e9rica Latina"}]},{"@type":"WebSite","@id":"https:\/\/eurecat.org\/es\/#website","url":"https:\/\/eurecat.org\/es\/","name":"Eurecat","description":"Otro sitio realizado con WordPress","potentialAction":[{"@type":"SearchAction","target":{"@type":"EntryPoint","urlTemplate":"https:\/\/eurecat.org\/es\/?s={search_term_string}"},"query-input":{"@type":"PropertyValueSpecification","valueRequired":true,"valueName":"search_term_string"}}],"inLanguage":"es"},{"@type":"Person","@id":"https:\/\/eurecat.org\/es\/#\/schema\/person\/def9217eded50ee57a9dc4cf0c883f80","name":"EurecatEG","image":{"@type":"ImageObject","inLanguage":"es","@id":"https:\/\/secure.gravatar.com\/avatar\/f40dd9b6ecd3e5c591f3c9b033e495ee0ec9877ba77249fbf268b3889350c824?s=96&d=mm&r=g","url":"https:\/\/secure.gravatar.com\/avatar\/f40dd9b6ecd3e5c591f3c9b033e495ee0ec9877ba77249fbf268b3889350c824?s=96&d=mm&r=g","contentUrl":"https:\/\/secure.gravatar.com\/avatar\/f40dd9b6ecd3e5c591f3c9b033e495ee0ec9877ba77249fbf268b3889350c824?s=96&d=mm&r=g","caption":"EurecatEG"}}]}},"_links":{"self":[{"href":"https:\/\/eurecat.org\/es\/wp-json\/wp\/v2\/posts\/15430","targetHints":{"allow":["GET"]}}],"collection":[{"href":"https:\/\/eurecat.org\/es\/wp-json\/wp\/v2\/posts"}],"about":[{"href":"https:\/\/eurecat.org\/es\/wp-json\/wp\/v2\/types\/post"}],"author":[{"embeddable":true,"href":"https:\/\/eurecat.org\/es\/wp-json\/wp\/v2\/users\/12"}],"replies":[{"embeddable":true,"href":"https:\/\/eurecat.org\/es\/wp-json\/wp\/v2\/comments?post=15430"}],"version-history":[{"count":0,"href":"https:\/\/eurecat.org\/es\/wp-json\/wp\/v2\/posts\/15430\/revisions"}],"wp:featuredmedia":[{"embeddable":true,"href":"https:\/\/eurecat.org\/es\/wp-json\/wp\/v2\/media\/15427"}],"wp:attachment":[{"href":"https:\/\/eurecat.org\/es\/wp-json\/wp\/v2\/media?parent=15430"}],"wp:term":[{"taxonomy":"category","embeddable":true,"href":"https:\/\/eurecat.org\/es\/wp-json\/wp\/v2\/categories?post=15430"},{"taxonomy":"post_tag","embeddable":true,"href":"https:\/\/eurecat.org\/es\/wp-json\/wp\/v2\/tags?post=15430"}],"curies":[{"name":"wp","href":"https:\/\/api.w.org\/{rel}","templated":true}]}}