{"id":154454,"date":"2024-07-11T08:28:24","date_gmt":"2024-07-11T06:28:24","guid":{"rendered":"https:\/\/eurecat.org\/?p=154454"},"modified":"2024-07-11T08:30:06","modified_gmt":"2024-07-11T06:30:06","slug":"la-conferencia-cassandra-articula-un-plan-de-acciones-para-contribuir-a-mitigar-los-efectos-del-cambio-climatico-en-el-mediterraneo-y-africa","status":"publish","type":"post","link":"https:\/\/eurecat.org\/es\/la-conferencia-cassandra-articula-un-plan-de-acciones-para-contribuir-a-mitigar-los-efectos-del-cambio-climatico-en-el-mediterraneo-y-africa\/","title":{"rendered":"La Conferencia Cassandra articula un plan de acciones para contribuir a mitigar los efectos del cambio clim\u00e1tico en el Mediterr\u00e1neo y \u00c1frica"},"content":{"rendered":"<div class=\"fusion-fullwidth fullwidth-box fusion-builder-row-1 fusion-flex-container has-pattern-background has-mask-background nonhundred-percent-fullwidth non-hundred-percent-height-scrolling\" style=\"--awb-border-radius-top-left:0px;--awb-border-radius-top-right:0px;--awb-border-radius-bottom-right:0px;--awb-border-radius-bottom-left:0px;--awb-flex-wrap:wrap;\" ><div class=\"fusion-builder-row fusion-row fusion-flex-align-items-flex-start fusion-flex-content-wrap\" style=\"max-width:1424.8px;margin-left: calc(-4% \/ 2 );margin-right: calc(-4% \/ 2 );\"><div class=\"fusion-layout-column fusion_builder_column fusion-builder-column-0 fusion_builder_column_1_1 1_1 fusion-flex-column\" style=\"--awb-bg-size:cover;--awb-width-large:100%;--awb-margin-top-large:0px;--awb-spacing-right-large:1.92%;--awb-margin-bottom-large:20px;--awb-spacing-left-large:1.92%;--awb-width-medium:100%;--awb-order-medium:0;--awb-spacing-right-medium:1.92%;--awb-spacing-left-medium:1.92%;--awb-width-small:100%;--awb-order-small:0;--awb-spacing-right-small:1.92%;--awb-spacing-left-small:1.92%;\"><div class=\"fusion-column-wrapper fusion-column-has-shadow fusion-flex-justify-content-flex-start fusion-content-layout-column\"><div class=\"fusion-text fusion-text-1\"><p>La <a href=\"https:\/\/cassandraconference.org\/\">Conferencia Internacional Cassandra<\/a>, organizada por el centro tecnol\u00f3gico Eurecat, ha publicado un plan de acciones encaminadas a involucrar a la sociedad para identificar, dise\u00f1ar e implementar estrategias para la mitigaci\u00f3n de los efectos sociopol\u00edticos del cambio clim\u00e1tico en el Mediterr\u00e1neo y \u00c1frica.<\/p>\n<p>En concreto, las conclusiones de las dos primeras ediciones de Cassandra han sentado las bases de una iniciativa internacional centrada en debatir y dar respuestas cient\u00edficas y tecnol\u00f3gicas ante los efectos del cambio clim\u00e1tico en la salud, las migraciones, los conflictos y la desigualdad de g\u00e9nero, as\u00ed como de un plan de acciones espec\u00edficas dentro del proyecto, que cuenta con el apoyo de un centenar de organizaciones, entre las cuales figuran la Comisi\u00f3n Europea, la OCDE, el Programa de las Naciones Unidas para el Medio Ambiente, el Banco Mundial y la UNESCO.<\/p>\n<p>El plan de acciones impulsa de forma proactiva la colaboraci\u00f3n de agentes locales y culturales con instituciones de investigaci\u00f3n, centros tecnol\u00f3gicos y universidades, para la creaci\u00f3n de Foros Locales por el Clima en el Mediterr\u00e1neo y la regi\u00f3n de \u00c1frica. Cuatro de estos foros acoger\u00e1n casos piloto para co-dise\u00f1ar, co-implementar y monitorizar la evoluci\u00f3n de acciones de respuesta a retos locales vinculados con el cambio clim\u00e1tico y la salud, las migraciones, la igualdad de g\u00e9nero o los conflictos armados.<\/p>\n<p>El progreso de las acciones, coordinadas por Eurecat, se presentar\u00e1 en dos foros en l\u00ednea y los resultados obtenidos se dar\u00e1n a conocer en la tercera edici\u00f3n de Cassandra, en noviembre del pr\u00f3ximo a\u00f1o.<\/p>\n<p>En palabras del jefe de Relaciones Pol\u00edticas Internacionales de Eurecat, Richard Elelman, \u201cCassandra arranc\u00f3 en 2021 ante la evidencia de que el cambio clim\u00e1tico acelerar\u00e1 la aparici\u00f3n de efectos sociopol\u00edticos complejos que nuestra sociedad no puede ignorar\u201d.<\/p>\n<p><strong>Segunda edici\u00f3n de la Conferencia Internacional Cassandra<\/strong><\/p>\n<p>En su segunda edici\u00f3n, la Conferencia Internacional Cassandra reuni\u00f3 a m\u00e1s de 60 voces expertas y abri\u00f3 un di\u00e1logo entre pol\u00edticos, investigadores, agencias supranacionales, escritores, activistas socioculturales, ONGs y, sobre todo, ciudadanos de \u00c1frica y el Mediterr\u00e1neo, con el fin de identificar las consecuencias pol\u00edticas y sociales del cambio clim\u00e1tico y c\u00f3mo superarlas.<\/p>\n<p>Cassandra puso de relieve que la falta de buena calidad del agua potable, la contaminaci\u00f3n del aire, el aumento de las temperaturas, las inundaciones m\u00e1s frecuentes y el aumento del nivel del mar se convierten en causas de mayor movimiento humano y mayores tasas de mortalidad.<\/p>\n<p>En esta l\u00ednea, se subray\u00f3 que, a pesar de que \u00c1frica solo produce el 4 por ciento de las emisiones de CO<sub>2<\/sub> del planeta, 300 millones de personas ya no tienen acceso a agua potable en este continente.<\/p>\n<p>Durante la Conferencia, se apunt\u00f3 tambi\u00e9n que las mujeres son las que sufren las mayores consecuencias del cambio clim\u00e1tico, pues a menudo tienen que cuidar solas de los hijos, recorrer grandes distancias para conseguir agua y encontrar medios para superar los obst\u00e1culos cotidianos causados por las malas condiciones ambientales.<\/p>\n<p>En la vertiente humanitaria, Open Arms destac\u00f3 que en los \u00faltimos 10 a\u00f1os han perdido la vida en el Mediterr\u00e1neo m\u00e1s de 30.000 personas al intentar llegar a Europa. La misma ONG apunt\u00f3 que en ocho a\u00f1os han rescatado m\u00e1s de 70.000 personas tambi\u00e9n en el Mediterr\u00e1neo.<\/p>\n<p>Los expertos indicaron que estos movimientos migratorios pueden crecer exponencialmente cuando la poblaci\u00f3n africana se vea obligada a abandonar sus tierras por los efectos negativos del cambio clim\u00e1tico.<\/p>\n<p>En diferentes sesiones, los participantes coincidieron tambi\u00e9n en advertir que la forma de migraci\u00f3n m\u00e1s importante ser\u00e1 la de personas muy vinculadas a las \u00e1reas rurales tradicionales, que deber\u00e1n adaptarse a las incertidumbres de las \u00e1reas urbanas modernas. Ello conlleva un alto riesgo de ser excluidos socialmente de la vida principal en las urbes que est\u00e1n creciendo inexorablemente, no solo en \u00c1frica y el Mediterr\u00e1neo, sino en todo el mundo, seg\u00fan se expuso.<\/p>\n<p>Durante la conferencia, se manifestaron personas que sufren tales efectos desde los barrios bajos de Kibera y Korogocho, en Kenia, o Soweto, en Sud\u00e1frica, y organizaciones que buscan proporcionar soluciones basadas tanto en tecnolog\u00eda tradicional como en nuevas herramientas tecnol\u00f3gicas para crear impacto beneficioso socialmente donde m\u00e1s se requiere.<\/p>\n<table>\n<tbody>\n<tr>\n<td width=\"604\"><strong>Descarga la publicaci\u00f3n <\/strong><a href=\"https:\/\/cdn.eurecat.org\/PDF\/Cassandra2023\/Cassandra_conclusions.pdf\"><strong><em>Cassandra: A socio-political approach to climate change<\/em><\/strong><\/a><\/td>\n<\/tr>\n<\/tbody>\n<\/table>\n<\/div><\/div><\/div><\/div><\/div>\n","protected":false},"excerpt":{"rendered":"","protected":false},"author":20,"featured_media":154452,"comment_status":"open","ping_status":"closed","sticky":false,"template":"","format":"standard","meta":{"footnotes":""},"categories":[702,134],"tags":[],"class_list":["post-154454","post","type-post","status-publish","format-standard","has-post-thumbnail","hentry","category-eventos","category-notas-de-prensa"],"yoast_head":"<!-- This site is optimized with the Yoast SEO plugin v27.4 - https:\/\/yoast.com\/product\/yoast-seo-wordpress\/ -->\n<title>La Conferencia Cassandra articula un plan de acciones para contribuir a mitigar los efectos del cambio clim\u00e1tico en el Mediterr\u00e1neo y \u00c1frica - Eurecat<\/title>\n<meta name=\"robots\" content=\"index, follow, max-snippet:-1, max-image-preview:large, max-video-preview:-1\" \/>\n<link rel=\"canonical\" href=\"https:\/\/eurecat.org\/es\/la-conferencia-cassandra-articula-un-plan-de-acciones-para-contribuir-a-mitigar-los-efectos-del-cambio-climatico-en-el-mediterraneo-y-africa\/\" \/>\n<meta property=\"og:locale\" content=\"es_ES\" \/>\n<meta property=\"og:type\" content=\"article\" \/>\n<meta property=\"og:title\" content=\"La Conferencia Cassandra articula un plan de acciones para contribuir a mitigar los efectos del cambio clim\u00e1tico en el Mediterr\u00e1neo y \u00c1frica - Eurecat\" \/>\n<meta property=\"og:url\" content=\"https:\/\/eurecat.org\/es\/la-conferencia-cassandra-articula-un-plan-de-acciones-para-contribuir-a-mitigar-los-efectos-del-cambio-climatico-en-el-mediterraneo-y-africa\/\" \/>\n<meta property=\"og:site_name\" content=\"Eurecat\" \/>\n<meta property=\"article:published_time\" content=\"2024-07-11T06:28:24+00:00\" \/>\n<meta property=\"article:modified_time\" content=\"2024-07-11T06:30:06+00:00\" \/>\n<meta property=\"og:image\" content=\"https:\/\/eurecat.org\/wp-content\/uploads\/2024\/07\/Eurecat_Cassandra_800px.jpg\" \/>\n\t<meta property=\"og:image:width\" content=\"800\" \/>\n\t<meta property=\"og:image:height\" content=\"585\" \/>\n\t<meta property=\"og:image:type\" content=\"image\/jpeg\" \/>\n<meta name=\"author\" content=\"EurecatEQZ\" \/>\n<meta name=\"twitter:card\" content=\"summary_large_image\" \/>\n<meta name=\"twitter:label1\" content=\"Escrito por\" \/>\n\t<meta name=\"twitter:data1\" content=\"EurecatEQZ\" \/>\n\t<meta name=\"twitter:label2\" content=\"Tiempo de lectura\" \/>\n\t<meta name=\"twitter:data2\" content=\"4 minutos\" \/>\n<script type=\"application\/ld+json\" class=\"yoast-schema-graph\">{\"@context\":\"https:\\\/\\\/schema.org\",\"@graph\":[{\"@type\":\"Article\",\"@id\":\"https:\\\/\\\/eurecat.org\\\/es\\\/la-conferencia-cassandra-articula-un-plan-de-acciones-para-contribuir-a-mitigar-los-efectos-del-cambio-climatico-en-el-mediterraneo-y-africa\\\/#article\",\"isPartOf\":{\"@id\":\"https:\\\/\\\/eurecat.org\\\/es\\\/la-conferencia-cassandra-articula-un-plan-de-acciones-para-contribuir-a-mitigar-los-efectos-del-cambio-climatico-en-el-mediterraneo-y-africa\\\/\"},\"author\":{\"name\":\"EurecatEQZ\",\"@id\":\"https:\\\/\\\/eurecat.org\\\/es\\\/#\\\/schema\\\/person\\\/99d4d39712001e7621b6867b27b40bed\"},\"headline\":\"La Conferencia Cassandra articula un plan de acciones para contribuir a mitigar los efectos del cambio clim\u00e1tico en el Mediterr\u00e1neo y \u00c1frica\",\"datePublished\":\"2024-07-11T06:28:24+00:00\",\"dateModified\":\"2024-07-11T06:30:06+00:00\",\"mainEntityOfPage\":{\"@id\":\"https:\\\/\\\/eurecat.org\\\/es\\\/la-conferencia-cassandra-articula-un-plan-de-acciones-para-contribuir-a-mitigar-los-efectos-del-cambio-climatico-en-el-mediterraneo-y-africa\\\/\"},\"wordCount\":1810,\"commentCount\":0,\"image\":{\"@id\":\"https:\\\/\\\/eurecat.org\\\/es\\\/la-conferencia-cassandra-articula-un-plan-de-acciones-para-contribuir-a-mitigar-los-efectos-del-cambio-climatico-en-el-mediterraneo-y-africa\\\/#primaryimage\"},\"thumbnailUrl\":\"https:\\\/\\\/eurecat.org\\\/wp-content\\\/uploads\\\/2024\\\/07\\\/Eurecat_Cassandra_800px.jpg\",\"articleSection\":[\"Eventos\",\"Notas de prensa\"],\"inLanguage\":\"es\",\"potentialAction\":[{\"@type\":\"CommentAction\",\"name\":\"Comment\",\"target\":[\"https:\\\/\\\/eurecat.org\\\/es\\\/la-conferencia-cassandra-articula-un-plan-de-acciones-para-contribuir-a-mitigar-los-efectos-del-cambio-climatico-en-el-mediterraneo-y-africa\\\/#respond\"]}]},{\"@type\":\"WebPage\",\"@id\":\"https:\\\/\\\/eurecat.org\\\/es\\\/la-conferencia-cassandra-articula-un-plan-de-acciones-para-contribuir-a-mitigar-los-efectos-del-cambio-climatico-en-el-mediterraneo-y-africa\\\/\",\"url\":\"https:\\\/\\\/eurecat.org\\\/es\\\/la-conferencia-cassandra-articula-un-plan-de-acciones-para-contribuir-a-mitigar-los-efectos-del-cambio-climatico-en-el-mediterraneo-y-africa\\\/\",\"name\":\"La Conferencia Cassandra articula un plan de acciones para contribuir a mitigar los efectos del cambio clim\u00e1tico en el Mediterr\u00e1neo y \u00c1frica - Eurecat\",\"isPartOf\":{\"@id\":\"https:\\\/\\\/eurecat.org\\\/es\\\/#website\"},\"primaryImageOfPage\":{\"@id\":\"https:\\\/\\\/eurecat.org\\\/es\\\/la-conferencia-cassandra-articula-un-plan-de-acciones-para-contribuir-a-mitigar-los-efectos-del-cambio-climatico-en-el-mediterraneo-y-africa\\\/#primaryimage\"},\"image\":{\"@id\":\"https:\\\/\\\/eurecat.org\\\/es\\\/la-conferencia-cassandra-articula-un-plan-de-acciones-para-contribuir-a-mitigar-los-efectos-del-cambio-climatico-en-el-mediterraneo-y-africa\\\/#primaryimage\"},\"thumbnailUrl\":\"https:\\\/\\\/eurecat.org\\\/wp-content\\\/uploads\\\/2024\\\/07\\\/Eurecat_Cassandra_800px.jpg\",\"datePublished\":\"2024-07-11T06:28:24+00:00\",\"dateModified\":\"2024-07-11T06:30:06+00:00\",\"author\":{\"@id\":\"https:\\\/\\\/eurecat.org\\\/es\\\/#\\\/schema\\\/person\\\/99d4d39712001e7621b6867b27b40bed\"},\"breadcrumb\":{\"@id\":\"https:\\\/\\\/eurecat.org\\\/es\\\/la-conferencia-cassandra-articula-un-plan-de-acciones-para-contribuir-a-mitigar-los-efectos-del-cambio-climatico-en-el-mediterraneo-y-africa\\\/#breadcrumb\"},\"inLanguage\":\"es\",\"potentialAction\":[{\"@type\":\"ReadAction\",\"target\":[\"https:\\\/\\\/eurecat.org\\\/es\\\/la-conferencia-cassandra-articula-un-plan-de-acciones-para-contribuir-a-mitigar-los-efectos-del-cambio-climatico-en-el-mediterraneo-y-africa\\\/\"]}]},{\"@type\":\"ImageObject\",\"inLanguage\":\"es\",\"@id\":\"https:\\\/\\\/eurecat.org\\\/es\\\/la-conferencia-cassandra-articula-un-plan-de-acciones-para-contribuir-a-mitigar-los-efectos-del-cambio-climatico-en-el-mediterraneo-y-africa\\\/#primaryimage\",\"url\":\"https:\\\/\\\/eurecat.org\\\/wp-content\\\/uploads\\\/2024\\\/07\\\/Eurecat_Cassandra_800px.jpg\",\"contentUrl\":\"https:\\\/\\\/eurecat.org\\\/wp-content\\\/uploads\\\/2024\\\/07\\\/Eurecat_Cassandra_800px.jpg\",\"width\":800,\"height\":585},{\"@type\":\"BreadcrumbList\",\"@id\":\"https:\\\/\\\/eurecat.org\\\/es\\\/la-conferencia-cassandra-articula-un-plan-de-acciones-para-contribuir-a-mitigar-los-efectos-del-cambio-climatico-en-el-mediterraneo-y-africa\\\/#breadcrumb\",\"itemListElement\":[{\"@type\":\"ListItem\",\"position\":1,\"name\":\"Inici\",\"item\":\"https:\\\/\\\/eurecat.org\\\/es\\\/\"},{\"@type\":\"ListItem\",\"position\":2,\"name\":\"La Conferencia Cassandra articula un plan de acciones para contribuir a mitigar los efectos del cambio clim\u00e1tico en el Mediterr\u00e1neo y \u00c1frica\"}]},{\"@type\":\"WebSite\",\"@id\":\"https:\\\/\\\/eurecat.org\\\/es\\\/#website\",\"url\":\"https:\\\/\\\/eurecat.org\\\/es\\\/\",\"name\":\"Eurecat\",\"description\":\"Otro sitio realizado con WordPress\",\"potentialAction\":[{\"@type\":\"SearchAction\",\"target\":{\"@type\":\"EntryPoint\",\"urlTemplate\":\"https:\\\/\\\/eurecat.org\\\/es\\\/?s={search_term_string}\"},\"query-input\":{\"@type\":\"PropertyValueSpecification\",\"valueRequired\":true,\"valueName\":\"search_term_string\"}}],\"inLanguage\":\"es\"},{\"@type\":\"Person\",\"@id\":\"https:\\\/\\\/eurecat.org\\\/es\\\/#\\\/schema\\\/person\\\/99d4d39712001e7621b6867b27b40bed\",\"name\":\"EurecatEQZ\",\"image\":{\"@type\":\"ImageObject\",\"inLanguage\":\"es\",\"@id\":\"https:\\\/\\\/secure.gravatar.com\\\/avatar\\\/6deb26ca61bcc34263c59cc62bb8b08ff90b67af7f99943babf5d86396845993?s=96&d=mm&r=g\",\"url\":\"https:\\\/\\\/secure.gravatar.com\\\/avatar\\\/6deb26ca61bcc34263c59cc62bb8b08ff90b67af7f99943babf5d86396845993?s=96&d=mm&r=g\",\"contentUrl\":\"https:\\\/\\\/secure.gravatar.com\\\/avatar\\\/6deb26ca61bcc34263c59cc62bb8b08ff90b67af7f99943babf5d86396845993?s=96&d=mm&r=g\",\"caption\":\"EurecatEQZ\"}}]}<\/script>\n<!-- \/ Yoast SEO plugin. -->","yoast_head_json":{"title":"La Conferencia Cassandra articula un plan de acciones para contribuir a mitigar los efectos del cambio clim\u00e1tico en el Mediterr\u00e1neo y \u00c1frica - Eurecat","robots":{"index":"index","follow":"follow","max-snippet":"max-snippet:-1","max-image-preview":"max-image-preview:large","max-video-preview":"max-video-preview:-1"},"canonical":"https:\/\/eurecat.org\/es\/la-conferencia-cassandra-articula-un-plan-de-acciones-para-contribuir-a-mitigar-los-efectos-del-cambio-climatico-en-el-mediterraneo-y-africa\/","og_locale":"es_ES","og_type":"article","og_title":"La Conferencia Cassandra articula un plan de acciones para contribuir a mitigar los efectos del cambio clim\u00e1tico en el Mediterr\u00e1neo y \u00c1frica - Eurecat","og_url":"https:\/\/eurecat.org\/es\/la-conferencia-cassandra-articula-un-plan-de-acciones-para-contribuir-a-mitigar-los-efectos-del-cambio-climatico-en-el-mediterraneo-y-africa\/","og_site_name":"Eurecat","article_published_time":"2024-07-11T06:28:24+00:00","article_modified_time":"2024-07-11T06:30:06+00:00","og_image":[{"width":800,"height":585,"url":"https:\/\/eurecat.org\/wp-content\/uploads\/2024\/07\/Eurecat_Cassandra_800px.jpg","type":"image\/jpeg"}],"author":"EurecatEQZ","twitter_card":"summary_large_image","twitter_misc":{"Escrito por":"EurecatEQZ","Tiempo de lectura":"4 minutos"},"schema":{"@context":"https:\/\/schema.org","@graph":[{"@type":"Article","@id":"https:\/\/eurecat.org\/es\/la-conferencia-cassandra-articula-un-plan-de-acciones-para-contribuir-a-mitigar-los-efectos-del-cambio-climatico-en-el-mediterraneo-y-africa\/#article","isPartOf":{"@id":"https:\/\/eurecat.org\/es\/la-conferencia-cassandra-articula-un-plan-de-acciones-para-contribuir-a-mitigar-los-efectos-del-cambio-climatico-en-el-mediterraneo-y-africa\/"},"author":{"name":"EurecatEQZ","@id":"https:\/\/eurecat.org\/es\/#\/schema\/person\/99d4d39712001e7621b6867b27b40bed"},"headline":"La Conferencia Cassandra articula un plan de acciones para contribuir a mitigar los efectos del cambio clim\u00e1tico en el Mediterr\u00e1neo y \u00c1frica","datePublished":"2024-07-11T06:28:24+00:00","dateModified":"2024-07-11T06:30:06+00:00","mainEntityOfPage":{"@id":"https:\/\/eurecat.org\/es\/la-conferencia-cassandra-articula-un-plan-de-acciones-para-contribuir-a-mitigar-los-efectos-del-cambio-climatico-en-el-mediterraneo-y-africa\/"},"wordCount":1810,"commentCount":0,"image":{"@id":"https:\/\/eurecat.org\/es\/la-conferencia-cassandra-articula-un-plan-de-acciones-para-contribuir-a-mitigar-los-efectos-del-cambio-climatico-en-el-mediterraneo-y-africa\/#primaryimage"},"thumbnailUrl":"https:\/\/eurecat.org\/wp-content\/uploads\/2024\/07\/Eurecat_Cassandra_800px.jpg","articleSection":["Eventos","Notas de prensa"],"inLanguage":"es","potentialAction":[{"@type":"CommentAction","name":"Comment","target":["https:\/\/eurecat.org\/es\/la-conferencia-cassandra-articula-un-plan-de-acciones-para-contribuir-a-mitigar-los-efectos-del-cambio-climatico-en-el-mediterraneo-y-africa\/#respond"]}]},{"@type":"WebPage","@id":"https:\/\/eurecat.org\/es\/la-conferencia-cassandra-articula-un-plan-de-acciones-para-contribuir-a-mitigar-los-efectos-del-cambio-climatico-en-el-mediterraneo-y-africa\/","url":"https:\/\/eurecat.org\/es\/la-conferencia-cassandra-articula-un-plan-de-acciones-para-contribuir-a-mitigar-los-efectos-del-cambio-climatico-en-el-mediterraneo-y-africa\/","name":"La Conferencia Cassandra articula un plan de acciones para contribuir a mitigar los efectos del cambio clim\u00e1tico en el Mediterr\u00e1neo y \u00c1frica - Eurecat","isPartOf":{"@id":"https:\/\/eurecat.org\/es\/#website"},"primaryImageOfPage":{"@id":"https:\/\/eurecat.org\/es\/la-conferencia-cassandra-articula-un-plan-de-acciones-para-contribuir-a-mitigar-los-efectos-del-cambio-climatico-en-el-mediterraneo-y-africa\/#primaryimage"},"image":{"@id":"https:\/\/eurecat.org\/es\/la-conferencia-cassandra-articula-un-plan-de-acciones-para-contribuir-a-mitigar-los-efectos-del-cambio-climatico-en-el-mediterraneo-y-africa\/#primaryimage"},"thumbnailUrl":"https:\/\/eurecat.org\/wp-content\/uploads\/2024\/07\/Eurecat_Cassandra_800px.jpg","datePublished":"2024-07-11T06:28:24+00:00","dateModified":"2024-07-11T06:30:06+00:00","author":{"@id":"https:\/\/eurecat.org\/es\/#\/schema\/person\/99d4d39712001e7621b6867b27b40bed"},"breadcrumb":{"@id":"https:\/\/eurecat.org\/es\/la-conferencia-cassandra-articula-un-plan-de-acciones-para-contribuir-a-mitigar-los-efectos-del-cambio-climatico-en-el-mediterraneo-y-africa\/#breadcrumb"},"inLanguage":"es","potentialAction":[{"@type":"ReadAction","target":["https:\/\/eurecat.org\/es\/la-conferencia-cassandra-articula-un-plan-de-acciones-para-contribuir-a-mitigar-los-efectos-del-cambio-climatico-en-el-mediterraneo-y-africa\/"]}]},{"@type":"ImageObject","inLanguage":"es","@id":"https:\/\/eurecat.org\/es\/la-conferencia-cassandra-articula-un-plan-de-acciones-para-contribuir-a-mitigar-los-efectos-del-cambio-climatico-en-el-mediterraneo-y-africa\/#primaryimage","url":"https:\/\/eurecat.org\/wp-content\/uploads\/2024\/07\/Eurecat_Cassandra_800px.jpg","contentUrl":"https:\/\/eurecat.org\/wp-content\/uploads\/2024\/07\/Eurecat_Cassandra_800px.jpg","width":800,"height":585},{"@type":"BreadcrumbList","@id":"https:\/\/eurecat.org\/es\/la-conferencia-cassandra-articula-un-plan-de-acciones-para-contribuir-a-mitigar-los-efectos-del-cambio-climatico-en-el-mediterraneo-y-africa\/#breadcrumb","itemListElement":[{"@type":"ListItem","position":1,"name":"Inici","item":"https:\/\/eurecat.org\/es\/"},{"@type":"ListItem","position":2,"name":"La Conferencia Cassandra articula un plan de acciones para contribuir a mitigar los efectos del cambio clim\u00e1tico en el Mediterr\u00e1neo y \u00c1frica"}]},{"@type":"WebSite","@id":"https:\/\/eurecat.org\/es\/#website","url":"https:\/\/eurecat.org\/es\/","name":"Eurecat","description":"Otro sitio realizado con WordPress","potentialAction":[{"@type":"SearchAction","target":{"@type":"EntryPoint","urlTemplate":"https:\/\/eurecat.org\/es\/?s={search_term_string}"},"query-input":{"@type":"PropertyValueSpecification","valueRequired":true,"valueName":"search_term_string"}}],"inLanguage":"es"},{"@type":"Person","@id":"https:\/\/eurecat.org\/es\/#\/schema\/person\/99d4d39712001e7621b6867b27b40bed","name":"EurecatEQZ","image":{"@type":"ImageObject","inLanguage":"es","@id":"https:\/\/secure.gravatar.com\/avatar\/6deb26ca61bcc34263c59cc62bb8b08ff90b67af7f99943babf5d86396845993?s=96&d=mm&r=g","url":"https:\/\/secure.gravatar.com\/avatar\/6deb26ca61bcc34263c59cc62bb8b08ff90b67af7f99943babf5d86396845993?s=96&d=mm&r=g","contentUrl":"https:\/\/secure.gravatar.com\/avatar\/6deb26ca61bcc34263c59cc62bb8b08ff90b67af7f99943babf5d86396845993?s=96&d=mm&r=g","caption":"EurecatEQZ"}}]}},"_links":{"self":[{"href":"https:\/\/eurecat.org\/es\/wp-json\/wp\/v2\/posts\/154454","targetHints":{"allow":["GET"]}}],"collection":[{"href":"https:\/\/eurecat.org\/es\/wp-json\/wp\/v2\/posts"}],"about":[{"href":"https:\/\/eurecat.org\/es\/wp-json\/wp\/v2\/types\/post"}],"author":[{"embeddable":true,"href":"https:\/\/eurecat.org\/es\/wp-json\/wp\/v2\/users\/20"}],"replies":[{"embeddable":true,"href":"https:\/\/eurecat.org\/es\/wp-json\/wp\/v2\/comments?post=154454"}],"version-history":[{"count":1,"href":"https:\/\/eurecat.org\/es\/wp-json\/wp\/v2\/posts\/154454\/revisions"}],"predecessor-version":[{"id":154455,"href":"https:\/\/eurecat.org\/es\/wp-json\/wp\/v2\/posts\/154454\/revisions\/154455"}],"wp:featuredmedia":[{"embeddable":true,"href":"https:\/\/eurecat.org\/es\/wp-json\/wp\/v2\/media\/154452"}],"wp:attachment":[{"href":"https:\/\/eurecat.org\/es\/wp-json\/wp\/v2\/media?parent=154454"}],"wp:term":[{"taxonomy":"category","embeddable":true,"href":"https:\/\/eurecat.org\/es\/wp-json\/wp\/v2\/categories?post=154454"},{"taxonomy":"post_tag","embeddable":true,"href":"https:\/\/eurecat.org\/es\/wp-json\/wp\/v2\/tags?post=154454"}],"curies":[{"name":"wp","href":"https:\/\/api.w.org\/{rel}","templated":true}]}}