{"id":155807,"date":"2024-08-05T12:08:23","date_gmt":"2024-08-05T10:08:23","guid":{"rendered":"https:\/\/eurecat.org\/?p=155807"},"modified":"2024-08-05T12:18:47","modified_gmt":"2024-08-05T10:18:47","slug":"el-forum-turistic-debatira-en-barcelona-innovaciones-y-nuevas-tecnologias-para-avanzar-en-la-sostenibilidad-del-sector-turistico","status":"publish","type":"post","link":"https:\/\/eurecat.org\/es\/el-forum-turistic-debatira-en-barcelona-innovaciones-y-nuevas-tecnologias-para-avanzar-en-la-sostenibilidad-del-sector-turistico\/","title":{"rendered":"El Forum TurisTIC debatir\u00e1 en Barcelona innovaciones y nuevas tecnolog\u00edas para avanzar en la sostenibilidad del sector tur\u00edstico"},"content":{"rendered":"<p>El <a href=\"https:\/\/www.forumturistic.com\/ca\/\" target=\"_blank\" rel=\"noopener\">Forum TurisTIC<\/a>, el congreso sobre innovaci\u00f3n y tecnolog\u00eda en turismo organizado por el centro tecnol\u00f3gico <a href=\"http:\/\/eurecat.org\/es\/\" target=\"_blank\" rel=\"noopener\">Eurecat<\/a>, examinar\u00e1 en Barcelona iniciativas tecnol\u00f3gicas y casos referentes del sector tur\u00edstico para impulsar la sostenibilidad de la actividad y dar respuesta a retos como la gesti\u00f3n del agua y de los residuos, la descarbonizaci\u00f3n, la transformaci\u00f3n digital y nuevos productos de turismo responsable.<\/p>\n<p>El evento, que se celebrar\u00e1 el 3 de octubre en el Paraninfo de la Diputaci\u00f3n de Barcelona, en el recinto de la Escuela Industrial, contar\u00e1 con tres bloques dedicados a la innovaci\u00f3n tecnol\u00f3gica para la transformaci\u00f3n sostenible y digital del turismo.<\/p>\n<p>El primer bloque del congreso se centrar\u00e1 en la econom\u00eda circular y en su primera sesi\u00f3n abordar\u00e1 y presentar\u00e1 innovaciones y tecnolog\u00edas para la gesti\u00f3n, la eficiencia en el uso, la recuperaci\u00f3n y la reutilizaci\u00f3n del agua con la participaci\u00f3n de\u00a0Eurecat, el\u00a0Catalan\u00a0Water\u00a0Partnership, el Gremio de Hoteles de Barcelona y\u00a0Swifton\u00a0Innoveering.<\/p>\n<p>As\u00ed mismo, mostrar\u00e1 innovaciones para dar respuesta al reto de la gesti\u00f3n, la reducci\u00f3n y la reutilizaci\u00f3n de los residuos con proyectos de empresas que trabajan en la recogida de residuos del mar a los cuales se dan nuevos usos, soluciones de inteligencia artificial para evitar el desperdicio alimentario o la reutilizaci\u00f3n y reaprovechamiento de elementos con un corto periodo de uso como los auriculares para actividades tur\u00edsticas.<\/p>\n<p>Por otro lado, el\u00a0Forum\u00a0TurisTIC contar\u00e1 con el experto independiente en Turismo y Acci\u00f3n Clim\u00e1tica y coautor de la Declaraci\u00f3n de Glasgow sobre la Acci\u00f3n Clim\u00e1tica en el Turismo, Jeremy Smith, que detallar\u00e1 las claves de esta iniciativa liderada por las Naciones Unidas con m\u00e1s de 850 organizaciones signatarias en el \u00e1mbito mundial, que se comprometen a acelerar la acci\u00f3n clim\u00e1tica para reducir las emisiones globales del turismo a menos de la mitad la pr\u00f3xima d\u00e9cada y lograr un valor cero antes de 2050.<\/p>\n<p>En esta l\u00ednea, organizaciones signatarias de la declaraci\u00f3n de los sectores del turismo y la movilidad debatir\u00e1n sobre el despliegue de acciones para la reducci\u00f3n de emisiones y la descarbonizaci\u00f3n del turismo para hacer frente a la emergencia clim\u00e1tica.<\/p>\n<p>Adem\u00e1s, el ge\u00f3grafo y meteor\u00f3logo Francesc Mauri avanzar\u00e1 las cifras clim\u00e1ticas actuales y las implicaciones de esta situaci\u00f3n para la actividad tur\u00edstica y la sociedad, en la apertura del congreso.<\/p>\n<h3>La transformaci\u00f3n digital del turismo y los nuevos espacios de datos<\/h3>\n<p>El bloque dedicado a la transformaci\u00f3n digital del turismo debatir\u00e1 sobre las soluciones tecnol\u00f3gicas que contribuyen a impulsar una actividad tur\u00edstica m\u00e1s eficiente y sostenible en el \u00e1mbito de los alojamientos, de las agencias de viajes o de las experiencias en alta monta\u00f1a, entre otros.<\/p>\n<p>Adem\u00e1s, los espacios de datos y los nuevos modelos del sector del turismo ser\u00e1n los protagonistas de una sesi\u00f3n centrada en la estrategia europea de datos que apuesta por la compartici\u00f3n de las cifras e indicadores tur\u00edsticos para crear un mercado \u00fanico de datos seguros, de calidad y abiertos para contribuir a crear valor, a la digitalizaci\u00f3n del sector y a minimizar el impacto en el medio ambiente.<\/p>\n<p>Tambi\u00e9n tendr\u00e1n espacio, en el tercer bloque del congreso, proyectos singulares que apuestan por la innovaci\u00f3n y la sostenibilidad del turismo impulsados por\u00a0The\u00a0NeverRest\u00a0Project, la Agencia Catalana de Turismo,\u00a0Bookline\u00a0o el Grupo\u00a0Blaumar.<\/p>\n<p>El\u00a0Forum\u00a0TurisTIC\u00a0es un congreso organizado por\u00a0Eurecat\u00a0y promovido por la Generalitat de Catalunya, el Ayuntamiento de Barcelona y la Diputaci\u00f3n de Barcelona.<\/p>\n","protected":false},"excerpt":{"rendered":"<p>El Forum TurisTIC, el congreso sobre innovaci\u00f3n y tecnolog\u00eda en turismo organizado por el centro tecnol\u00f3gico Eurecat, examinar\u00e1 en Barcelona iniciativas tecnol\u00f3gicas y casos referentes del sector tur\u00edstico para impulsar la sostenibilidad de la actividad y dar respuesta a retos como la gesti\u00f3n del agua y de los residuos, la descarbonizaci\u00f3n, la transformaci\u00f3n digital y  [&#8230;]<\/p>\n","protected":false},"author":27,"featured_media":155803,"comment_status":"open","ping_status":"closed","sticky":false,"template":"","format":"standard","meta":{"footnotes":""},"categories":[702,2253,134],"tags":[],"class_list":["post-155807","post","type-post","status-publish","format-standard","has-post-thumbnail","hentry","category-eventos","category-innovacio-turistica-es","category-notas-de-prensa"],"yoast_head":"<!-- This site is optimized with the Yoast SEO plugin v27.4 - https:\/\/yoast.com\/product\/yoast-seo-wordpress\/ -->\n<title>El Forum TurisTIC debatir\u00e1 en Barcelona innovaciones y nuevas tecnolog\u00edas para avanzar en la sostenibilidad del sector tur\u00edstico - Eurecat<\/title>\n<meta name=\"description\" content=\"El Forum TurisTIC debatir\u00e1 en Barcelona innovaciones y nuevas tecnolog\u00edas para avanzar en la sostenibilidad del sector tur\u00edstico\" \/>\n<meta name=\"robots\" content=\"index, follow, max-snippet:-1, max-image-preview:large, max-video-preview:-1\" \/>\n<link rel=\"canonical\" href=\"https:\/\/eurecat.org\/es\/el-forum-turistic-debatira-en-barcelona-innovaciones-y-nuevas-tecnologias-para-avanzar-en-la-sostenibilidad-del-sector-turistico\/\" \/>\n<meta property=\"og:locale\" content=\"es_ES\" \/>\n<meta property=\"og:type\" content=\"article\" \/>\n<meta property=\"og:title\" content=\"El Forum TurisTIC debatir\u00e1 en Barcelona innovaciones y nuevas tecnolog\u00edas para avanzar en la sostenibilidad del sector tur\u00edstico - Eurecat\" \/>\n<meta property=\"og:description\" content=\"El Forum TurisTIC debatir\u00e1 en Barcelona innovaciones y nuevas tecnolog\u00edas para avanzar en la sostenibilidad del sector tur\u00edstico\" \/>\n<meta property=\"og:url\" content=\"https:\/\/eurecat.org\/es\/el-forum-turistic-debatira-en-barcelona-innovaciones-y-nuevas-tecnologias-para-avanzar-en-la-sostenibilidad-del-sector-turistico\/\" \/>\n<meta property=\"og:site_name\" content=\"Eurecat\" \/>\n<meta property=\"article:published_time\" content=\"2024-08-05T10:08:23+00:00\" \/>\n<meta property=\"article:modified_time\" content=\"2024-08-05T10:18:47+00:00\" \/>\n<meta property=\"og:image\" content=\"https:\/\/eurecat.org\/wp-content\/uploads\/2024\/08\/ForumTurisTIC_edicio2023_800px.jpg\" \/>\n\t<meta property=\"og:image:width\" content=\"800\" \/>\n\t<meta property=\"og:image:height\" content=\"504\" \/>\n\t<meta property=\"og:image:type\" content=\"image\/jpeg\" \/>\n<meta name=\"author\" content=\"eurecatNG\" \/>\n<meta name=\"twitter:card\" content=\"summary_large_image\" \/>\n<meta name=\"twitter:label1\" content=\"Escrito por\" \/>\n\t<meta name=\"twitter:data1\" content=\"eurecatNG\" \/>\n\t<meta name=\"twitter:label2\" content=\"Tiempo de lectura\" \/>\n\t<meta name=\"twitter:data2\" content=\"1 minuto\" \/>\n<script type=\"application\/ld+json\" class=\"yoast-schema-graph\">{\"@context\":\"https:\\\/\\\/schema.org\",\"@graph\":[{\"@type\":\"Article\",\"@id\":\"https:\\\/\\\/eurecat.org\\\/es\\\/el-forum-turistic-debatira-en-barcelona-innovaciones-y-nuevas-tecnologias-para-avanzar-en-la-sostenibilidad-del-sector-turistico\\\/#article\",\"isPartOf\":{\"@id\":\"https:\\\/\\\/eurecat.org\\\/es\\\/el-forum-turistic-debatira-en-barcelona-innovaciones-y-nuevas-tecnologias-para-avanzar-en-la-sostenibilidad-del-sector-turistico\\\/\"},\"author\":{\"name\":\"eurecatNG\",\"@id\":\"https:\\\/\\\/eurecat.org\\\/es\\\/#\\\/schema\\\/person\\\/8342992d6929ad043b305d3cac68b3f4\"},\"headline\":\"El Forum TurisTIC debatir\u00e1 en Barcelona innovaciones y nuevas tecnolog\u00edas para avanzar en la sostenibilidad del sector tur\u00edstico\",\"datePublished\":\"2024-08-05T10:08:23+00:00\",\"dateModified\":\"2024-08-05T10:18:47+00:00\",\"mainEntityOfPage\":{\"@id\":\"https:\\\/\\\/eurecat.org\\\/es\\\/el-forum-turistic-debatira-en-barcelona-innovaciones-y-nuevas-tecnologias-para-avanzar-en-la-sostenibilidad-del-sector-turistico\\\/\"},\"wordCount\":642,\"commentCount\":0,\"image\":{\"@id\":\"https:\\\/\\\/eurecat.org\\\/es\\\/el-forum-turistic-debatira-en-barcelona-innovaciones-y-nuevas-tecnologias-para-avanzar-en-la-sostenibilidad-del-sector-turistico\\\/#primaryimage\"},\"thumbnailUrl\":\"https:\\\/\\\/eurecat.org\\\/wp-content\\\/uploads\\\/2024\\\/08\\\/ForumTurisTIC_edicio2023_800px.jpg\",\"articleSection\":[\"Eventos\",\"Innovaci\u00f3 tur\u00edstica\",\"Notas de prensa\"],\"inLanguage\":\"es\",\"potentialAction\":[{\"@type\":\"CommentAction\",\"name\":\"Comment\",\"target\":[\"https:\\\/\\\/eurecat.org\\\/es\\\/el-forum-turistic-debatira-en-barcelona-innovaciones-y-nuevas-tecnologias-para-avanzar-en-la-sostenibilidad-del-sector-turistico\\\/#respond\"]}]},{\"@type\":\"WebPage\",\"@id\":\"https:\\\/\\\/eurecat.org\\\/es\\\/el-forum-turistic-debatira-en-barcelona-innovaciones-y-nuevas-tecnologias-para-avanzar-en-la-sostenibilidad-del-sector-turistico\\\/\",\"url\":\"https:\\\/\\\/eurecat.org\\\/es\\\/el-forum-turistic-debatira-en-barcelona-innovaciones-y-nuevas-tecnologias-para-avanzar-en-la-sostenibilidad-del-sector-turistico\\\/\",\"name\":\"El Forum TurisTIC debatir\u00e1 en Barcelona innovaciones y nuevas tecnolog\u00edas para avanzar en la sostenibilidad del sector tur\u00edstico - Eurecat\",\"isPartOf\":{\"@id\":\"https:\\\/\\\/eurecat.org\\\/es\\\/#website\"},\"primaryImageOfPage\":{\"@id\":\"https:\\\/\\\/eurecat.org\\\/es\\\/el-forum-turistic-debatira-en-barcelona-innovaciones-y-nuevas-tecnologias-para-avanzar-en-la-sostenibilidad-del-sector-turistico\\\/#primaryimage\"},\"image\":{\"@id\":\"https:\\\/\\\/eurecat.org\\\/es\\\/el-forum-turistic-debatira-en-barcelona-innovaciones-y-nuevas-tecnologias-para-avanzar-en-la-sostenibilidad-del-sector-turistico\\\/#primaryimage\"},\"thumbnailUrl\":\"https:\\\/\\\/eurecat.org\\\/wp-content\\\/uploads\\\/2024\\\/08\\\/ForumTurisTIC_edicio2023_800px.jpg\",\"datePublished\":\"2024-08-05T10:08:23+00:00\",\"dateModified\":\"2024-08-05T10:18:47+00:00\",\"author\":{\"@id\":\"https:\\\/\\\/eurecat.org\\\/es\\\/#\\\/schema\\\/person\\\/8342992d6929ad043b305d3cac68b3f4\"},\"description\":\"El Forum TurisTIC debatir\u00e1 en Barcelona innovaciones y nuevas tecnolog\u00edas para avanzar en la sostenibilidad del sector tur\u00edstico\",\"breadcrumb\":{\"@id\":\"https:\\\/\\\/eurecat.org\\\/es\\\/el-forum-turistic-debatira-en-barcelona-innovaciones-y-nuevas-tecnologias-para-avanzar-en-la-sostenibilidad-del-sector-turistico\\\/#breadcrumb\"},\"inLanguage\":\"es\",\"potentialAction\":[{\"@type\":\"ReadAction\",\"target\":[\"https:\\\/\\\/eurecat.org\\\/es\\\/el-forum-turistic-debatira-en-barcelona-innovaciones-y-nuevas-tecnologias-para-avanzar-en-la-sostenibilidad-del-sector-turistico\\\/\"]}]},{\"@type\":\"ImageObject\",\"inLanguage\":\"es\",\"@id\":\"https:\\\/\\\/eurecat.org\\\/es\\\/el-forum-turistic-debatira-en-barcelona-innovaciones-y-nuevas-tecnologias-para-avanzar-en-la-sostenibilidad-del-sector-turistico\\\/#primaryimage\",\"url\":\"https:\\\/\\\/eurecat.org\\\/wp-content\\\/uploads\\\/2024\\\/08\\\/ForumTurisTIC_edicio2023_800px.jpg\",\"contentUrl\":\"https:\\\/\\\/eurecat.org\\\/wp-content\\\/uploads\\\/2024\\\/08\\\/ForumTurisTIC_edicio2023_800px.jpg\",\"width\":800,\"height\":504,\"caption\":\"eurecat TurisTIC\"},{\"@type\":\"BreadcrumbList\",\"@id\":\"https:\\\/\\\/eurecat.org\\\/es\\\/el-forum-turistic-debatira-en-barcelona-innovaciones-y-nuevas-tecnologias-para-avanzar-en-la-sostenibilidad-del-sector-turistico\\\/#breadcrumb\",\"itemListElement\":[{\"@type\":\"ListItem\",\"position\":1,\"name\":\"Inici\",\"item\":\"https:\\\/\\\/eurecat.org\\\/es\\\/\"},{\"@type\":\"ListItem\",\"position\":2,\"name\":\"El Forum TurisTIC debatir\u00e1 en Barcelona innovaciones y nuevas tecnolog\u00edas para avanzar en la sostenibilidad del sector tur\u00edstico\"}]},{\"@type\":\"WebSite\",\"@id\":\"https:\\\/\\\/eurecat.org\\\/es\\\/#website\",\"url\":\"https:\\\/\\\/eurecat.org\\\/es\\\/\",\"name\":\"Eurecat\",\"description\":\"Otro sitio realizado con WordPress\",\"potentialAction\":[{\"@type\":\"SearchAction\",\"target\":{\"@type\":\"EntryPoint\",\"urlTemplate\":\"https:\\\/\\\/eurecat.org\\\/es\\\/?s={search_term_string}\"},\"query-input\":{\"@type\":\"PropertyValueSpecification\",\"valueRequired\":true,\"valueName\":\"search_term_string\"}}],\"inLanguage\":\"es\"},{\"@type\":\"Person\",\"@id\":\"https:\\\/\\\/eurecat.org\\\/es\\\/#\\\/schema\\\/person\\\/8342992d6929ad043b305d3cac68b3f4\",\"name\":\"eurecatNG\",\"image\":{\"@type\":\"ImageObject\",\"inLanguage\":\"es\",\"@id\":\"https:\\\/\\\/secure.gravatar.com\\\/avatar\\\/63200cb70ae4f15a0f673050f36df149dba802bea7614e8f838aaccfcf8ea11d?s=96&d=mm&r=g\",\"url\":\"https:\\\/\\\/secure.gravatar.com\\\/avatar\\\/63200cb70ae4f15a0f673050f36df149dba802bea7614e8f838aaccfcf8ea11d?s=96&d=mm&r=g\",\"contentUrl\":\"https:\\\/\\\/secure.gravatar.com\\\/avatar\\\/63200cb70ae4f15a0f673050f36df149dba802bea7614e8f838aaccfcf8ea11d?s=96&d=mm&r=g\",\"caption\":\"eurecatNG\"}}]}<\/script>\n<!-- \/ Yoast SEO plugin. -->","yoast_head_json":{"title":"El Forum TurisTIC debatir\u00e1 en Barcelona innovaciones y nuevas tecnolog\u00edas para avanzar en la sostenibilidad del sector tur\u00edstico - Eurecat","description":"El Forum TurisTIC debatir\u00e1 en Barcelona innovaciones y nuevas tecnolog\u00edas para avanzar en la sostenibilidad del sector tur\u00edstico","robots":{"index":"index","follow":"follow","max-snippet":"max-snippet:-1","max-image-preview":"max-image-preview:large","max-video-preview":"max-video-preview:-1"},"canonical":"https:\/\/eurecat.org\/es\/el-forum-turistic-debatira-en-barcelona-innovaciones-y-nuevas-tecnologias-para-avanzar-en-la-sostenibilidad-del-sector-turistico\/","og_locale":"es_ES","og_type":"article","og_title":"El Forum TurisTIC debatir\u00e1 en Barcelona innovaciones y nuevas tecnolog\u00edas para avanzar en la sostenibilidad del sector tur\u00edstico - Eurecat","og_description":"El Forum TurisTIC debatir\u00e1 en Barcelona innovaciones y nuevas tecnolog\u00edas para avanzar en la sostenibilidad del sector tur\u00edstico","og_url":"https:\/\/eurecat.org\/es\/el-forum-turistic-debatira-en-barcelona-innovaciones-y-nuevas-tecnologias-para-avanzar-en-la-sostenibilidad-del-sector-turistico\/","og_site_name":"Eurecat","article_published_time":"2024-08-05T10:08:23+00:00","article_modified_time":"2024-08-05T10:18:47+00:00","og_image":[{"width":800,"height":504,"url":"https:\/\/eurecat.org\/wp-content\/uploads\/2024\/08\/ForumTurisTIC_edicio2023_800px.jpg","type":"image\/jpeg"}],"author":"eurecatNG","twitter_card":"summary_large_image","twitter_misc":{"Escrito por":"eurecatNG","Tiempo de lectura":"1 minuto"},"schema":{"@context":"https:\/\/schema.org","@graph":[{"@type":"Article","@id":"https:\/\/eurecat.org\/es\/el-forum-turistic-debatira-en-barcelona-innovaciones-y-nuevas-tecnologias-para-avanzar-en-la-sostenibilidad-del-sector-turistico\/#article","isPartOf":{"@id":"https:\/\/eurecat.org\/es\/el-forum-turistic-debatira-en-barcelona-innovaciones-y-nuevas-tecnologias-para-avanzar-en-la-sostenibilidad-del-sector-turistico\/"},"author":{"name":"eurecatNG","@id":"https:\/\/eurecat.org\/es\/#\/schema\/person\/8342992d6929ad043b305d3cac68b3f4"},"headline":"El Forum TurisTIC debatir\u00e1 en Barcelona innovaciones y nuevas tecnolog\u00edas para avanzar en la sostenibilidad del sector tur\u00edstico","datePublished":"2024-08-05T10:08:23+00:00","dateModified":"2024-08-05T10:18:47+00:00","mainEntityOfPage":{"@id":"https:\/\/eurecat.org\/es\/el-forum-turistic-debatira-en-barcelona-innovaciones-y-nuevas-tecnologias-para-avanzar-en-la-sostenibilidad-del-sector-turistico\/"},"wordCount":642,"commentCount":0,"image":{"@id":"https:\/\/eurecat.org\/es\/el-forum-turistic-debatira-en-barcelona-innovaciones-y-nuevas-tecnologias-para-avanzar-en-la-sostenibilidad-del-sector-turistico\/#primaryimage"},"thumbnailUrl":"https:\/\/eurecat.org\/wp-content\/uploads\/2024\/08\/ForumTurisTIC_edicio2023_800px.jpg","articleSection":["Eventos","Innovaci\u00f3 tur\u00edstica","Notas de prensa"],"inLanguage":"es","potentialAction":[{"@type":"CommentAction","name":"Comment","target":["https:\/\/eurecat.org\/es\/el-forum-turistic-debatira-en-barcelona-innovaciones-y-nuevas-tecnologias-para-avanzar-en-la-sostenibilidad-del-sector-turistico\/#respond"]}]},{"@type":"WebPage","@id":"https:\/\/eurecat.org\/es\/el-forum-turistic-debatira-en-barcelona-innovaciones-y-nuevas-tecnologias-para-avanzar-en-la-sostenibilidad-del-sector-turistico\/","url":"https:\/\/eurecat.org\/es\/el-forum-turistic-debatira-en-barcelona-innovaciones-y-nuevas-tecnologias-para-avanzar-en-la-sostenibilidad-del-sector-turistico\/","name":"El Forum TurisTIC debatir\u00e1 en Barcelona innovaciones y nuevas tecnolog\u00edas para avanzar en la sostenibilidad del sector tur\u00edstico - Eurecat","isPartOf":{"@id":"https:\/\/eurecat.org\/es\/#website"},"primaryImageOfPage":{"@id":"https:\/\/eurecat.org\/es\/el-forum-turistic-debatira-en-barcelona-innovaciones-y-nuevas-tecnologias-para-avanzar-en-la-sostenibilidad-del-sector-turistico\/#primaryimage"},"image":{"@id":"https:\/\/eurecat.org\/es\/el-forum-turistic-debatira-en-barcelona-innovaciones-y-nuevas-tecnologias-para-avanzar-en-la-sostenibilidad-del-sector-turistico\/#primaryimage"},"thumbnailUrl":"https:\/\/eurecat.org\/wp-content\/uploads\/2024\/08\/ForumTurisTIC_edicio2023_800px.jpg","datePublished":"2024-08-05T10:08:23+00:00","dateModified":"2024-08-05T10:18:47+00:00","author":{"@id":"https:\/\/eurecat.org\/es\/#\/schema\/person\/8342992d6929ad043b305d3cac68b3f4"},"description":"El Forum TurisTIC debatir\u00e1 en Barcelona innovaciones y nuevas tecnolog\u00edas para avanzar en la sostenibilidad del sector tur\u00edstico","breadcrumb":{"@id":"https:\/\/eurecat.org\/es\/el-forum-turistic-debatira-en-barcelona-innovaciones-y-nuevas-tecnologias-para-avanzar-en-la-sostenibilidad-del-sector-turistico\/#breadcrumb"},"inLanguage":"es","potentialAction":[{"@type":"ReadAction","target":["https:\/\/eurecat.org\/es\/el-forum-turistic-debatira-en-barcelona-innovaciones-y-nuevas-tecnologias-para-avanzar-en-la-sostenibilidad-del-sector-turistico\/"]}]},{"@type":"ImageObject","inLanguage":"es","@id":"https:\/\/eurecat.org\/es\/el-forum-turistic-debatira-en-barcelona-innovaciones-y-nuevas-tecnologias-para-avanzar-en-la-sostenibilidad-del-sector-turistico\/#primaryimage","url":"https:\/\/eurecat.org\/wp-content\/uploads\/2024\/08\/ForumTurisTIC_edicio2023_800px.jpg","contentUrl":"https:\/\/eurecat.org\/wp-content\/uploads\/2024\/08\/ForumTurisTIC_edicio2023_800px.jpg","width":800,"height":504,"caption":"eurecat TurisTIC"},{"@type":"BreadcrumbList","@id":"https:\/\/eurecat.org\/es\/el-forum-turistic-debatira-en-barcelona-innovaciones-y-nuevas-tecnologias-para-avanzar-en-la-sostenibilidad-del-sector-turistico\/#breadcrumb","itemListElement":[{"@type":"ListItem","position":1,"name":"Inici","item":"https:\/\/eurecat.org\/es\/"},{"@type":"ListItem","position":2,"name":"El Forum TurisTIC debatir\u00e1 en Barcelona innovaciones y nuevas tecnolog\u00edas para avanzar en la sostenibilidad del sector tur\u00edstico"}]},{"@type":"WebSite","@id":"https:\/\/eurecat.org\/es\/#website","url":"https:\/\/eurecat.org\/es\/","name":"Eurecat","description":"Otro sitio realizado con WordPress","potentialAction":[{"@type":"SearchAction","target":{"@type":"EntryPoint","urlTemplate":"https:\/\/eurecat.org\/es\/?s={search_term_string}"},"query-input":{"@type":"PropertyValueSpecification","valueRequired":true,"valueName":"search_term_string"}}],"inLanguage":"es"},{"@type":"Person","@id":"https:\/\/eurecat.org\/es\/#\/schema\/person\/8342992d6929ad043b305d3cac68b3f4","name":"eurecatNG","image":{"@type":"ImageObject","inLanguage":"es","@id":"https:\/\/secure.gravatar.com\/avatar\/63200cb70ae4f15a0f673050f36df149dba802bea7614e8f838aaccfcf8ea11d?s=96&d=mm&r=g","url":"https:\/\/secure.gravatar.com\/avatar\/63200cb70ae4f15a0f673050f36df149dba802bea7614e8f838aaccfcf8ea11d?s=96&d=mm&r=g","contentUrl":"https:\/\/secure.gravatar.com\/avatar\/63200cb70ae4f15a0f673050f36df149dba802bea7614e8f838aaccfcf8ea11d?s=96&d=mm&r=g","caption":"eurecatNG"}}]}},"_links":{"self":[{"href":"https:\/\/eurecat.org\/es\/wp-json\/wp\/v2\/posts\/155807","targetHints":{"allow":["GET"]}}],"collection":[{"href":"https:\/\/eurecat.org\/es\/wp-json\/wp\/v2\/posts"}],"about":[{"href":"https:\/\/eurecat.org\/es\/wp-json\/wp\/v2\/types\/post"}],"author":[{"embeddable":true,"href":"https:\/\/eurecat.org\/es\/wp-json\/wp\/v2\/users\/27"}],"replies":[{"embeddable":true,"href":"https:\/\/eurecat.org\/es\/wp-json\/wp\/v2\/comments?post=155807"}],"version-history":[{"count":1,"href":"https:\/\/eurecat.org\/es\/wp-json\/wp\/v2\/posts\/155807\/revisions"}],"predecessor-version":[{"id":155810,"href":"https:\/\/eurecat.org\/es\/wp-json\/wp\/v2\/posts\/155807\/revisions\/155810"}],"wp:featuredmedia":[{"embeddable":true,"href":"https:\/\/eurecat.org\/es\/wp-json\/wp\/v2\/media\/155803"}],"wp:attachment":[{"href":"https:\/\/eurecat.org\/es\/wp-json\/wp\/v2\/media?parent=155807"}],"wp:term":[{"taxonomy":"category","embeddable":true,"href":"https:\/\/eurecat.org\/es\/wp-json\/wp\/v2\/categories?post=155807"},{"taxonomy":"post_tag","embeddable":true,"href":"https:\/\/eurecat.org\/es\/wp-json\/wp\/v2\/tags?post=155807"}],"curies":[{"name":"wp","href":"https:\/\/api.w.org\/{rel}","templated":true}]}}