{"id":161248,"date":"2024-10-10T16:31:31","date_gmt":"2024-10-10T14:31:31","guid":{"rendered":"https:\/\/eurecat.org\/?p=161248"},"modified":"2024-10-10T16:33:43","modified_gmt":"2024-10-10T14:33:43","slug":"la-inteligencia-artificial-cuantica-entre-las-tendencias-que-transformaran-las-tecnologias-de-ia","status":"publish","type":"post","link":"https:\/\/eurecat.org\/es\/la-inteligencia-artificial-cuantica-entre-las-tendencias-que-transformaran-las-tecnologias-de-ia\/","title":{"rendered":"La inteligencia artificial cu\u00e1ntica, entre las tendencias que transformar\u00e1n las tecnolog\u00edas de IA"},"content":{"rendered":"<div class=\"fusion-fullwidth fullwidth-box fusion-builder-row-1 fusion-flex-container has-pattern-background has-mask-background nonhundred-percent-fullwidth non-hundred-percent-height-scrolling\" style=\"--awb-border-radius-top-left:0px;--awb-border-radius-top-right:0px;--awb-border-radius-bottom-right:0px;--awb-border-radius-bottom-left:0px;--awb-flex-wrap:wrap;\" ><div class=\"fusion-builder-row fusion-row fusion-flex-align-items-flex-start fusion-flex-content-wrap\" style=\"max-width:1424.8px;margin-left: calc(-4% \/ 2 );margin-right: calc(-4% \/ 2 );\"><div class=\"fusion-layout-column fusion_builder_column fusion-builder-column-0 fusion_builder_column_1_1 1_1 fusion-flex-column\" style=\"--awb-bg-size:cover;--awb-width-large:100%;--awb-margin-top-large:0px;--awb-spacing-right-large:1.92%;--awb-margin-bottom-large:20px;--awb-spacing-left-large:1.92%;--awb-width-medium:100%;--awb-order-medium:0;--awb-spacing-right-medium:1.92%;--awb-spacing-left-medium:1.92%;--awb-width-small:100%;--awb-order-small:0;--awb-spacing-right-small:1.92%;--awb-spacing-left-small:1.92%;\"><div class=\"fusion-column-wrapper fusion-column-has-shadow fusion-flex-justify-content-flex-start fusion-content-layout-column\"><div class=\"fusion-text fusion-text-1\"><p>La segunda jornada del <a href=\"https:\/\/aicongress.barcelona\/es\/\">AI &amp; Big Data Congress<\/a> ha apuntado hoy al crecimiento de las capacidades que la computaci\u00f3n cu\u00e1ntica aportar\u00e1 a los sistemas de inteligencia artificial como una de las tendencias tecnol\u00f3gicas m\u00e1s prometedoras para los pr\u00f3ximos 5 a\u00f1os, dado que incrementar\u00e1n de forma exponencial la velocidad de procesamiento de los datos.<\/p>\n<p>\u201cEn estos d\u00edas de congreso y especialmente hoy, hemos visto ejemplos de IA anal\u00edtica e IA generativa aplicada a muchos \u00e1mbitos, desde aplicaciones educacionales, observaci\u00f3n de la Tierra, cultura, generaci\u00f3n de contenidos audiovisuales y mucho m\u00e1s, d\u00f3nde el impacto es real y aumenta considerablemente la productividad de las empresas que la utilizan\u201d, ha subrayado el gerente del Centre of Innovation for Data Tech and Artificial Intelligence (CIDAI), Marco Orellana, en el d\u00e9cimo aniversario del congreso, donde se han presentado tambi\u00e9n los primeros pasos de la integraci\u00f3n de la computaci\u00f3n cu\u00e1ntica con la inteligencia artificial.<\/p>\n<p>Durante la segunda jornada del congreso sobre inteligencia artificial y Big Data en el sector empresarial, organizado por el CIDAI y coordinado por el centro tecnol\u00f3gico Eurecat en el marco de la estrategia Catalonia.AI del Govern, empresas tecnol\u00f3gicas han presentado el software que desarrollan para trabajar con esta tecnolog\u00eda innovadora con un gran potencial de crecimiento para incrementar la eficiencia de la inteligencia artificial y crear nuevas oportunidades de negocio.<\/p>\n<p>Es el caso de la empresa GMV, que aplica la IA cu\u00e1ntica en el campo de la observaci\u00f3n de la Tierra para identificar plantas fotovoltaicas en im\u00e1genes de sat\u00e9lite o para la predicci\u00f3n a corto plazo de la velocidad y de la direcci\u00f3n del viento en zonas de inter\u00e9s. Por su parte, la empresa Multiverse Computing ha dado a conocer el uso de sus productos en sectores como el financiero, la energ\u00eda, la defensa o la manufactura con soluciones implementadas en el marco de referencia matem\u00e1tico conocido como Tensor Networks, y la empresa Qilimanjaro Quantum Tech ha explicado tambi\u00e9n c\u00f3mo la IA ayuda a optimizar la computaci\u00f3n cu\u00e1ntica.<\/p>\n<p><strong>Tecnolog\u00edas de inteligencia artificial para dar apoyo a la toma de decisiones de las empresas<\/strong><\/p>\n<p>Por otra parte, voces expertas en tecnolog\u00eda en el \u00e1mbito de los datos y de la inteligencia artificial han abordado las oportunidades y retos de la inteligencia artificial generativa, los modelos multimodales y las soluciones para hacer m\u00e1s explicables los modelos de IA \u201ccaja negra\u201d, es decir, para facilitar la comprensi\u00f3n de los resultados obtenidos.<\/p>\n<p>Entre estas tendencias, se han mostrado las oportunidades de la inteligencia artificial accionable y los Sistemas Multiagente, que habilitan la toma de decisiones y la ejecuci\u00f3n de tareas de forma aut\u00f3noma, ya que, como explica el director de la Unidad de Inteligencia Artificial Aplicada de Eurecat, Xavier Domingo, su finalidad es \u201cencontrar la secuencia de acciones \u00f3ptima a llevar a cabo para un objetivo com\u00fan, premiando las buenas decisiones, y penalizando a las que no lo son\u201d.<\/p>\n<p>El congreso ha presentado la aplicaci\u00f3n de estas y otras tecnolog\u00edas en distintos \u00e1mbitos, como es un proyecto para mejorar la operaci\u00f3n de las redes de agua potable desarrollado por el centro tecnol\u00f3gico del agua CETAQUA; una iniciativa del Centro de Telecomunicaciones y Tecnolog\u00edas de la Informaci\u00f3n (CTTI) de la Generalitat, para automatizar tareas de registro mediante formularios que aplican al sector vitivin\u00edcola con un asistente de voz, y una soluci\u00f3n del Centro de Estudios Avanzados de Blanes (CEAB-CSIC), para la implementaci\u00f3n de un sistema de vigilancia y control de mosquitos.<\/p>\n<p>Adem\u00e1s, se han presentado varios casos en los que la inteligencia artificial apoya la toma de decisiones en las empresas e instituciones, maximizando el valor de los datos de que disponen.<\/p>\n<p>En el \u00e1mbito cultural, la integraci\u00f3n de la inteligencia artificial y el reconocimiento facial ha permitido catalogar m\u00e1s de 47.000 fotograf\u00edas del archivo del Teatre Lliure y, tambi\u00e9n, ayudar al sector editorial a identificar nuevos bestsellers para su publicaci\u00f3n y a los autores a mejorar sus obras. En el sector de la educaci\u00f3n, se ha mostrado c\u00f3mo la aplicaci\u00f3n de la inteligencia artificial generativa puede apoyarse en tareas de creaci\u00f3n de contenido multimedia; en el \u00e1mbito financiero, c\u00f3mo puede ayudar en la detecci\u00f3n de fraude en transacciones digitales, y, en la industria, c\u00f3mo puede contribuir a impulsar la promoci\u00f3n de la seguridad en el trabajo y la log\u00edstica.<\/p>\n<p>Por otra parte, se han presentado herramientas como DocSynth, del Computer Vision Center de la Universitat Aut\u00f2noma de Barcelona para la generaci\u00f3n de documentos de alta calidad, y la aplicaci\u00f3n desarrollada por Eurecat que incorpora t\u00e9cnicas innovadoras avanzadas como modelos din\u00e1micos de arquitecturas de Retrieval-Augmented Generation (RAG) para desarrollar asistentes a partir de bases documentales propias.<\/p>\n<p><strong>Reconocimiento a empresas catalanas destacadas en el uso de la IA<\/strong><\/p>\n<p>En la presente edici\u00f3n, con ocasi\u00f3n del d\u00e9cimo aniversario del congreso, el AI &amp; Big Data Congress ha reconocido el papel de cuatro empresas catalanas de diferentes \u00e1mbitos, Verbio, Mango, Mediktor y AIS Group, que han destacado por el uso de tecnolog\u00edas de inteligencia artificial en los \u00faltimos diez a\u00f1os.<\/p>\n<p>Han recogido los reconocimientos a estas iniciativas el Chief Delivery Officer de Verbio, Carles Laparra; el Data and Advanced Analytics Director de Mango, Pol Oliva; el Head of Sales de Mediktor, Eusebi Oca\u00f1a, y el director comercial de AIS Group, David Fern\u00e1ndez.<\/p>\n<p>Adem\u00e1s, se ha reconocido tambi\u00e9n la trayectoria cient\u00edfica del profesor em\u00e9rito del CSIC en el Instituto de Investigaci\u00f3n en Inteligencia Artificial (IIIA), del que fue fundador y director, Ram\u00f3n L\u00f3pez de M\u00e1ntaras.<\/p>\n<p>El AI &amp; Big Data Congress est\u00e1 organizado por el Centre of Innovation for Data Tech and Artificial Intelligence (CIDAI) y coordinado por el centro tecnol\u00f3gico Eurecat, en el marco de la Estrategia de Inteligencia Artificial de Catalu\u00f1a Catalonia.AI, que impulsa y lidera la Generalitat de Catalunya a trav\u00e9s de la Secretar\u00eda de Pol\u00edticas Digitales del Departamento de Empresa y Trabajo para fortalecer y proyectar el ecosistema catal\u00e1n de IA, as\u00ed como para promover la adopci\u00f3n y utilizaci\u00f3n de esta tecnolog\u00eda en empresas e instituciones para mejorar la competitividad de las empresas y la calidad de vida de las personas. El congreso cuenta con el patrocinio de la Generalitat de Catalunya, CaixaBank Tech, Huawei, NTT FECHA, Softeng, Telefonica Tech, Inetum y Minsait y la colaboraci\u00f3n del Ayuntamiento de Barcelona, \u200b\u200bel Barcelona Supercomputing Center, el Centro de Visi\u00f3n por Computador, la Fundaci\u00f3n i2CAT, el Intelligent Data Science and Artificial Intelligence Research Center (IDEAI) de la Universitat Polit\u00e8cnica de Catalunya \u2013 BarcelonaTech (UPC), Microsoft, SAP y SDG Group.<\/p>\n<\/div><\/div><\/div><\/div><\/div>\n","protected":false},"excerpt":{"rendered":"","protected":false},"author":20,"featured_media":161240,"comment_status":"open","ping_status":"closed","sticky":false,"template":"","format":"standard","meta":{"footnotes":""},"categories":[2728,392,702,134,2289],"tags":[],"class_list":["post-161248","post","type-post","status-publish","format-standard","has-post-thumbnail","hentry","category-applied-artificial-intelligence-ambitos-conocimiento","category-big-data-analytics","category-eventos","category-notas-de-prensa","category-tic-es"],"yoast_head":"<!-- This site is optimized with the Yoast SEO plugin v27.4 - https:\/\/yoast.com\/product\/yoast-seo-wordpress\/ -->\n<title>La inteligencia artificial cu\u00e1ntica, entre las tendencias que transformar\u00e1n las tecnolog\u00edas de IA - Eurecat<\/title>\n<meta name=\"robots\" content=\"index, follow, max-snippet:-1, max-image-preview:large, max-video-preview:-1\" \/>\n<link rel=\"canonical\" href=\"https:\/\/eurecat.org\/es\/la-inteligencia-artificial-cuantica-entre-las-tendencias-que-transformaran-las-tecnologias-de-ia\/\" \/>\n<meta property=\"og:locale\" content=\"es_ES\" \/>\n<meta property=\"og:type\" content=\"article\" \/>\n<meta property=\"og:title\" content=\"La inteligencia artificial cu\u00e1ntica, entre las tendencias que transformar\u00e1n las tecnolog\u00edas de IA - Eurecat\" \/>\n<meta property=\"og:url\" content=\"https:\/\/eurecat.org\/es\/la-inteligencia-artificial-cuantica-entre-las-tendencias-que-transformaran-las-tecnologias-de-ia\/\" \/>\n<meta property=\"og:site_name\" content=\"Eurecat\" \/>\n<meta property=\"article:published_time\" content=\"2024-10-10T14:31:31+00:00\" \/>\n<meta property=\"article:modified_time\" content=\"2024-10-10T14:33:43+00:00\" \/>\n<meta property=\"og:image\" content=\"https:\/\/eurecat.org\/wp-content\/uploads\/2024\/10\/AIBigDataCongress_800px.jpg\" \/>\n\t<meta property=\"og:image:width\" content=\"800\" \/>\n\t<meta property=\"og:image:height\" content=\"533\" \/>\n\t<meta property=\"og:image:type\" content=\"image\/jpeg\" \/>\n<meta name=\"author\" content=\"EurecatEQZ\" \/>\n<meta name=\"twitter:card\" content=\"summary_large_image\" \/>\n<meta name=\"twitter:label1\" content=\"Escrito por\" \/>\n\t<meta name=\"twitter:data1\" content=\"EurecatEQZ\" \/>\n\t<meta name=\"twitter:label2\" content=\"Tiempo de lectura\" \/>\n\t<meta name=\"twitter:data2\" content=\"6 minutos\" \/>\n<script type=\"application\/ld+json\" class=\"yoast-schema-graph\">{\"@context\":\"https:\\\/\\\/schema.org\",\"@graph\":[{\"@type\":\"Article\",\"@id\":\"https:\\\/\\\/eurecat.org\\\/es\\\/la-inteligencia-artificial-cuantica-entre-las-tendencias-que-transformaran-las-tecnologias-de-ia\\\/#article\",\"isPartOf\":{\"@id\":\"https:\\\/\\\/eurecat.org\\\/es\\\/la-inteligencia-artificial-cuantica-entre-las-tendencias-que-transformaran-las-tecnologias-de-ia\\\/\"},\"author\":{\"name\":\"EurecatEQZ\",\"@id\":\"https:\\\/\\\/eurecat.org\\\/es\\\/#\\\/schema\\\/person\\\/99d4d39712001e7621b6867b27b40bed\"},\"headline\":\"La inteligencia artificial cu\u00e1ntica, entre las tendencias que transformar\u00e1n las tecnolog\u00edas de IA\",\"datePublished\":\"2024-10-10T14:31:31+00:00\",\"dateModified\":\"2024-10-10T14:33:43+00:00\",\"mainEntityOfPage\":{\"@id\":\"https:\\\/\\\/eurecat.org\\\/es\\\/la-inteligencia-artificial-cuantica-entre-las-tendencias-que-transformaran-las-tecnologias-de-ia\\\/\"},\"wordCount\":2214,\"commentCount\":0,\"image\":{\"@id\":\"https:\\\/\\\/eurecat.org\\\/es\\\/la-inteligencia-artificial-cuantica-entre-las-tendencias-que-transformaran-las-tecnologias-de-ia\\\/#primaryimage\"},\"thumbnailUrl\":\"https:\\\/\\\/eurecat.org\\\/wp-content\\\/uploads\\\/2024\\\/10\\\/AIBigDataCongress_800px.jpg\",\"articleSection\":[\"Applied Artificial Intelligence\",\"Data Science &amp; Big Data Analytics\",\"Eventos\",\"Notas de prensa\",\"Tic\"],\"inLanguage\":\"es\",\"potentialAction\":[{\"@type\":\"CommentAction\",\"name\":\"Comment\",\"target\":[\"https:\\\/\\\/eurecat.org\\\/es\\\/la-inteligencia-artificial-cuantica-entre-las-tendencias-que-transformaran-las-tecnologias-de-ia\\\/#respond\"]}]},{\"@type\":\"WebPage\",\"@id\":\"https:\\\/\\\/eurecat.org\\\/es\\\/la-inteligencia-artificial-cuantica-entre-las-tendencias-que-transformaran-las-tecnologias-de-ia\\\/\",\"url\":\"https:\\\/\\\/eurecat.org\\\/es\\\/la-inteligencia-artificial-cuantica-entre-las-tendencias-que-transformaran-las-tecnologias-de-ia\\\/\",\"name\":\"La inteligencia artificial cu\u00e1ntica, entre las tendencias que transformar\u00e1n las tecnolog\u00edas de IA - Eurecat\",\"isPartOf\":{\"@id\":\"https:\\\/\\\/eurecat.org\\\/es\\\/#website\"},\"primaryImageOfPage\":{\"@id\":\"https:\\\/\\\/eurecat.org\\\/es\\\/la-inteligencia-artificial-cuantica-entre-las-tendencias-que-transformaran-las-tecnologias-de-ia\\\/#primaryimage\"},\"image\":{\"@id\":\"https:\\\/\\\/eurecat.org\\\/es\\\/la-inteligencia-artificial-cuantica-entre-las-tendencias-que-transformaran-las-tecnologias-de-ia\\\/#primaryimage\"},\"thumbnailUrl\":\"https:\\\/\\\/eurecat.org\\\/wp-content\\\/uploads\\\/2024\\\/10\\\/AIBigDataCongress_800px.jpg\",\"datePublished\":\"2024-10-10T14:31:31+00:00\",\"dateModified\":\"2024-10-10T14:33:43+00:00\",\"author\":{\"@id\":\"https:\\\/\\\/eurecat.org\\\/es\\\/#\\\/schema\\\/person\\\/99d4d39712001e7621b6867b27b40bed\"},\"breadcrumb\":{\"@id\":\"https:\\\/\\\/eurecat.org\\\/es\\\/la-inteligencia-artificial-cuantica-entre-las-tendencias-que-transformaran-las-tecnologias-de-ia\\\/#breadcrumb\"},\"inLanguage\":\"es\",\"potentialAction\":[{\"@type\":\"ReadAction\",\"target\":[\"https:\\\/\\\/eurecat.org\\\/es\\\/la-inteligencia-artificial-cuantica-entre-las-tendencias-que-transformaran-las-tecnologias-de-ia\\\/\"]}]},{\"@type\":\"ImageObject\",\"inLanguage\":\"es\",\"@id\":\"https:\\\/\\\/eurecat.org\\\/es\\\/la-inteligencia-artificial-cuantica-entre-las-tendencias-que-transformaran-las-tecnologias-de-ia\\\/#primaryimage\",\"url\":\"https:\\\/\\\/eurecat.org\\\/wp-content\\\/uploads\\\/2024\\\/10\\\/AIBigDataCongress_800px.jpg\",\"contentUrl\":\"https:\\\/\\\/eurecat.org\\\/wp-content\\\/uploads\\\/2024\\\/10\\\/AIBigDataCongress_800px.jpg\",\"width\":800,\"height\":533},{\"@type\":\"BreadcrumbList\",\"@id\":\"https:\\\/\\\/eurecat.org\\\/es\\\/la-inteligencia-artificial-cuantica-entre-las-tendencias-que-transformaran-las-tecnologias-de-ia\\\/#breadcrumb\",\"itemListElement\":[{\"@type\":\"ListItem\",\"position\":1,\"name\":\"Inici\",\"item\":\"https:\\\/\\\/eurecat.org\\\/es\\\/\"},{\"@type\":\"ListItem\",\"position\":2,\"name\":\"La inteligencia artificial cu\u00e1ntica, entre las tendencias que transformar\u00e1n las tecnolog\u00edas de IA\"}]},{\"@type\":\"WebSite\",\"@id\":\"https:\\\/\\\/eurecat.org\\\/es\\\/#website\",\"url\":\"https:\\\/\\\/eurecat.org\\\/es\\\/\",\"name\":\"Eurecat\",\"description\":\"Otro sitio realizado con WordPress\",\"potentialAction\":[{\"@type\":\"SearchAction\",\"target\":{\"@type\":\"EntryPoint\",\"urlTemplate\":\"https:\\\/\\\/eurecat.org\\\/es\\\/?s={search_term_string}\"},\"query-input\":{\"@type\":\"PropertyValueSpecification\",\"valueRequired\":true,\"valueName\":\"search_term_string\"}}],\"inLanguage\":\"es\"},{\"@type\":\"Person\",\"@id\":\"https:\\\/\\\/eurecat.org\\\/es\\\/#\\\/schema\\\/person\\\/99d4d39712001e7621b6867b27b40bed\",\"name\":\"EurecatEQZ\",\"image\":{\"@type\":\"ImageObject\",\"inLanguage\":\"es\",\"@id\":\"https:\\\/\\\/secure.gravatar.com\\\/avatar\\\/6deb26ca61bcc34263c59cc62bb8b08ff90b67af7f99943babf5d86396845993?s=96&d=mm&r=g\",\"url\":\"https:\\\/\\\/secure.gravatar.com\\\/avatar\\\/6deb26ca61bcc34263c59cc62bb8b08ff90b67af7f99943babf5d86396845993?s=96&d=mm&r=g\",\"contentUrl\":\"https:\\\/\\\/secure.gravatar.com\\\/avatar\\\/6deb26ca61bcc34263c59cc62bb8b08ff90b67af7f99943babf5d86396845993?s=96&d=mm&r=g\",\"caption\":\"EurecatEQZ\"}}]}<\/script>\n<!-- \/ Yoast SEO plugin. -->","yoast_head_json":{"title":"La inteligencia artificial cu\u00e1ntica, entre las tendencias que transformar\u00e1n las tecnolog\u00edas de IA - Eurecat","robots":{"index":"index","follow":"follow","max-snippet":"max-snippet:-1","max-image-preview":"max-image-preview:large","max-video-preview":"max-video-preview:-1"},"canonical":"https:\/\/eurecat.org\/es\/la-inteligencia-artificial-cuantica-entre-las-tendencias-que-transformaran-las-tecnologias-de-ia\/","og_locale":"es_ES","og_type":"article","og_title":"La inteligencia artificial cu\u00e1ntica, entre las tendencias que transformar\u00e1n las tecnolog\u00edas de IA - Eurecat","og_url":"https:\/\/eurecat.org\/es\/la-inteligencia-artificial-cuantica-entre-las-tendencias-que-transformaran-las-tecnologias-de-ia\/","og_site_name":"Eurecat","article_published_time":"2024-10-10T14:31:31+00:00","article_modified_time":"2024-10-10T14:33:43+00:00","og_image":[{"width":800,"height":533,"url":"https:\/\/eurecat.org\/wp-content\/uploads\/2024\/10\/AIBigDataCongress_800px.jpg","type":"image\/jpeg"}],"author":"EurecatEQZ","twitter_card":"summary_large_image","twitter_misc":{"Escrito por":"EurecatEQZ","Tiempo de lectura":"6 minutos"},"schema":{"@context":"https:\/\/schema.org","@graph":[{"@type":"Article","@id":"https:\/\/eurecat.org\/es\/la-inteligencia-artificial-cuantica-entre-las-tendencias-que-transformaran-las-tecnologias-de-ia\/#article","isPartOf":{"@id":"https:\/\/eurecat.org\/es\/la-inteligencia-artificial-cuantica-entre-las-tendencias-que-transformaran-las-tecnologias-de-ia\/"},"author":{"name":"EurecatEQZ","@id":"https:\/\/eurecat.org\/es\/#\/schema\/person\/99d4d39712001e7621b6867b27b40bed"},"headline":"La inteligencia artificial cu\u00e1ntica, entre las tendencias que transformar\u00e1n las tecnolog\u00edas de IA","datePublished":"2024-10-10T14:31:31+00:00","dateModified":"2024-10-10T14:33:43+00:00","mainEntityOfPage":{"@id":"https:\/\/eurecat.org\/es\/la-inteligencia-artificial-cuantica-entre-las-tendencias-que-transformaran-las-tecnologias-de-ia\/"},"wordCount":2214,"commentCount":0,"image":{"@id":"https:\/\/eurecat.org\/es\/la-inteligencia-artificial-cuantica-entre-las-tendencias-que-transformaran-las-tecnologias-de-ia\/#primaryimage"},"thumbnailUrl":"https:\/\/eurecat.org\/wp-content\/uploads\/2024\/10\/AIBigDataCongress_800px.jpg","articleSection":["Applied Artificial Intelligence","Data Science &amp; Big Data Analytics","Eventos","Notas de prensa","Tic"],"inLanguage":"es","potentialAction":[{"@type":"CommentAction","name":"Comment","target":["https:\/\/eurecat.org\/es\/la-inteligencia-artificial-cuantica-entre-las-tendencias-que-transformaran-las-tecnologias-de-ia\/#respond"]}]},{"@type":"WebPage","@id":"https:\/\/eurecat.org\/es\/la-inteligencia-artificial-cuantica-entre-las-tendencias-que-transformaran-las-tecnologias-de-ia\/","url":"https:\/\/eurecat.org\/es\/la-inteligencia-artificial-cuantica-entre-las-tendencias-que-transformaran-las-tecnologias-de-ia\/","name":"La inteligencia artificial cu\u00e1ntica, entre las tendencias que transformar\u00e1n las tecnolog\u00edas de IA - Eurecat","isPartOf":{"@id":"https:\/\/eurecat.org\/es\/#website"},"primaryImageOfPage":{"@id":"https:\/\/eurecat.org\/es\/la-inteligencia-artificial-cuantica-entre-las-tendencias-que-transformaran-las-tecnologias-de-ia\/#primaryimage"},"image":{"@id":"https:\/\/eurecat.org\/es\/la-inteligencia-artificial-cuantica-entre-las-tendencias-que-transformaran-las-tecnologias-de-ia\/#primaryimage"},"thumbnailUrl":"https:\/\/eurecat.org\/wp-content\/uploads\/2024\/10\/AIBigDataCongress_800px.jpg","datePublished":"2024-10-10T14:31:31+00:00","dateModified":"2024-10-10T14:33:43+00:00","author":{"@id":"https:\/\/eurecat.org\/es\/#\/schema\/person\/99d4d39712001e7621b6867b27b40bed"},"breadcrumb":{"@id":"https:\/\/eurecat.org\/es\/la-inteligencia-artificial-cuantica-entre-las-tendencias-que-transformaran-las-tecnologias-de-ia\/#breadcrumb"},"inLanguage":"es","potentialAction":[{"@type":"ReadAction","target":["https:\/\/eurecat.org\/es\/la-inteligencia-artificial-cuantica-entre-las-tendencias-que-transformaran-las-tecnologias-de-ia\/"]}]},{"@type":"ImageObject","inLanguage":"es","@id":"https:\/\/eurecat.org\/es\/la-inteligencia-artificial-cuantica-entre-las-tendencias-que-transformaran-las-tecnologias-de-ia\/#primaryimage","url":"https:\/\/eurecat.org\/wp-content\/uploads\/2024\/10\/AIBigDataCongress_800px.jpg","contentUrl":"https:\/\/eurecat.org\/wp-content\/uploads\/2024\/10\/AIBigDataCongress_800px.jpg","width":800,"height":533},{"@type":"BreadcrumbList","@id":"https:\/\/eurecat.org\/es\/la-inteligencia-artificial-cuantica-entre-las-tendencias-que-transformaran-las-tecnologias-de-ia\/#breadcrumb","itemListElement":[{"@type":"ListItem","position":1,"name":"Inici","item":"https:\/\/eurecat.org\/es\/"},{"@type":"ListItem","position":2,"name":"La inteligencia artificial cu\u00e1ntica, entre las tendencias que transformar\u00e1n las tecnolog\u00edas de IA"}]},{"@type":"WebSite","@id":"https:\/\/eurecat.org\/es\/#website","url":"https:\/\/eurecat.org\/es\/","name":"Eurecat","description":"Otro sitio realizado con WordPress","potentialAction":[{"@type":"SearchAction","target":{"@type":"EntryPoint","urlTemplate":"https:\/\/eurecat.org\/es\/?s={search_term_string}"},"query-input":{"@type":"PropertyValueSpecification","valueRequired":true,"valueName":"search_term_string"}}],"inLanguage":"es"},{"@type":"Person","@id":"https:\/\/eurecat.org\/es\/#\/schema\/person\/99d4d39712001e7621b6867b27b40bed","name":"EurecatEQZ","image":{"@type":"ImageObject","inLanguage":"es","@id":"https:\/\/secure.gravatar.com\/avatar\/6deb26ca61bcc34263c59cc62bb8b08ff90b67af7f99943babf5d86396845993?s=96&d=mm&r=g","url":"https:\/\/secure.gravatar.com\/avatar\/6deb26ca61bcc34263c59cc62bb8b08ff90b67af7f99943babf5d86396845993?s=96&d=mm&r=g","contentUrl":"https:\/\/secure.gravatar.com\/avatar\/6deb26ca61bcc34263c59cc62bb8b08ff90b67af7f99943babf5d86396845993?s=96&d=mm&r=g","caption":"EurecatEQZ"}}]}},"_links":{"self":[{"href":"https:\/\/eurecat.org\/es\/wp-json\/wp\/v2\/posts\/161248","targetHints":{"allow":["GET"]}}],"collection":[{"href":"https:\/\/eurecat.org\/es\/wp-json\/wp\/v2\/posts"}],"about":[{"href":"https:\/\/eurecat.org\/es\/wp-json\/wp\/v2\/types\/post"}],"author":[{"embeddable":true,"href":"https:\/\/eurecat.org\/es\/wp-json\/wp\/v2\/users\/20"}],"replies":[{"embeddable":true,"href":"https:\/\/eurecat.org\/es\/wp-json\/wp\/v2\/comments?post=161248"}],"version-history":[{"count":1,"href":"https:\/\/eurecat.org\/es\/wp-json\/wp\/v2\/posts\/161248\/revisions"}],"predecessor-version":[{"id":161249,"href":"https:\/\/eurecat.org\/es\/wp-json\/wp\/v2\/posts\/161248\/revisions\/161249"}],"wp:featuredmedia":[{"embeddable":true,"href":"https:\/\/eurecat.org\/es\/wp-json\/wp\/v2\/media\/161240"}],"wp:attachment":[{"href":"https:\/\/eurecat.org\/es\/wp-json\/wp\/v2\/media?parent=161248"}],"wp:term":[{"taxonomy":"category","embeddable":true,"href":"https:\/\/eurecat.org\/es\/wp-json\/wp\/v2\/categories?post=161248"},{"taxonomy":"post_tag","embeddable":true,"href":"https:\/\/eurecat.org\/es\/wp-json\/wp\/v2\/tags?post=161248"}],"curies":[{"name":"wp","href":"https:\/\/api.w.org\/{rel}","templated":true}]}}