{"id":165392,"date":"2024-12-05T09:06:08","date_gmt":"2024-12-05T08:06:08","guid":{"rendered":"https:\/\/eurecat.org\/?p=165392"},"modified":"2024-12-05T09:09:19","modified_gmt":"2024-12-05T08:09:19","slug":"el-centro-de-ciencias-omicas-consolida-su-investigacion-en-metabolomica-y-proteomica-con-dos-nuevos-equipamientos","status":"publish","type":"post","link":"https:\/\/eurecat.org\/es\/el-centro-de-ciencias-omicas-consolida-su-investigacion-en-metabolomica-y-proteomica-con-dos-nuevos-equipamientos\/","title":{"rendered":"El Centro de Ciencias \u00d3micas consolida su investigaci\u00f3n en metabol\u00f3mica y prote\u00f3mica con dos nuevos equipamientos"},"content":{"rendered":"<div class=\"fusion-fullwidth fullwidth-box fusion-builder-row-1 fusion-flex-container has-pattern-background has-mask-background nonhundred-percent-fullwidth non-hundred-percent-height-scrolling\" style=\"--awb-border-radius-top-left:0px;--awb-border-radius-top-right:0px;--awb-border-radius-bottom-right:0px;--awb-border-radius-bottom-left:0px;--awb-flex-wrap:wrap;\" ><div class=\"fusion-builder-row fusion-row fusion-flex-align-items-flex-start fusion-flex-content-wrap\" style=\"max-width:1424.8px;margin-left: calc(-4% \/ 2 );margin-right: calc(-4% \/ 2 );\"><div class=\"fusion-layout-column fusion_builder_column fusion-builder-column-0 fusion_builder_column_1_1 1_1 fusion-flex-column\" style=\"--awb-bg-size:cover;--awb-width-large:100%;--awb-margin-top-large:0px;--awb-spacing-right-large:1.92%;--awb-margin-bottom-large:20px;--awb-spacing-left-large:1.92%;--awb-width-medium:100%;--awb-order-medium:0;--awb-spacing-right-medium:1.92%;--awb-spacing-left-medium:1.92%;--awb-width-small:100%;--awb-order-small:0;--awb-spacing-right-small:1.92%;--awb-spacing-left-small:1.92%;\"><div class=\"fusion-column-wrapper fusion-column-has-shadow fusion-flex-justify-content-flex-start fusion-content-layout-column\"><div class=\"fusion-text fusion-text-1\"><p>El <a href=\"https:\/\/eurecat.org\/es\/ambitos-de-conocimiento\/ciencias-omicas\/\">Centro de Ciencias \u00d3micas<\/a> (COS), unidad mixta de la Universitat Rovira i Virgili y el centro tecnol\u00f3gico <a href=\"https:\/\/eurecat.org\/es\">Eurecat<\/a>, consolida su investigaci\u00f3n puntera en metabol\u00f3mica y prote\u00f3mica aplicadas a las ciencias de la vida, la biomedicina, la agroalimentaci\u00f3n y el medio ambiente, con la instalaci\u00f3n de dos nuevos espectr\u00f3metros de masas de alta resoluci\u00f3n y sensibilidad.<\/p>\n<p>La metabol\u00f3mica y la prote\u00f3mica son ciencias que permiten estudiar la biolog\u00eda desde una perspectiva integral. La metabol\u00f3mica analiza los metabolitos, mol\u00e9culas peque\u00f1as que reflejan el estado metab\u00f3lico de un organismo, mientras que la prote\u00f3mica se centra en el estudio global de las prote\u00ednas, incluyendo su estructura, funci\u00f3n e interacciones. Estas disciplinas tienen aplicaciones clave en la salud, como el descubrimiento de biomarcadores, su monitorizaci\u00f3n y el desarrollo de terapias dirigidas; en biotecnolog\u00eda, donde ayudan a optimizar procesos industriales y la producci\u00f3n de compuestos \u00fatiles; y en estudios medio ambientales, donde contribuyen a la monitorizaci\u00f3n de ecosistemas y a los estudios de biodegradaci\u00f3n de contaminantes, siendo herramientas esenciales para abordar retos en m\u00faltiples \u00e1mbitos.<\/p>\n<p>Para reforzar la investigaci\u00f3n en estos \u00e1mbitos, el Centro de Ciencias \u00d3micas ha incorporado dos nuevos espectr\u00f3metros de masas. Por un lado, el instrumento Xevo TQ Absolute de Waters Corp., un equipo de cromatograf\u00eda l\u00edquida acoplada a un espectr\u00f3metro de masas tipo triple cuadrupolo, que cuenta con la m\u00e1xima sensibilidad disponible en el mercado actualmente. Este equipamiento ofrece varios modos de ionizaci\u00f3n de mol\u00e9culas y de adquisici\u00f3n de datos entre los que destaca el nuevo modo \u201cRADAR\u201d que, con una sola inyecci\u00f3n, aporta datos simult\u00e1neos de barrido completo y monitorizaci\u00f3n de reacciones m\u00faltiples.<\/p>\n<p>Y, por otra parte, ha instalado un equipo Orbitrap IQ-X Tribid de Thermo Scientific que es un sistema de masa precisa de alta resoluci\u00f3n y est\u00e1 dise\u00f1ado para el an\u00e1lisis de metabol\u00f3mica, pudiendo analizar un amplio n\u00famero de peque\u00f1a mol\u00e9cula tanto en estudios dirigidos como no dirigidos.<\/p>\n<p>Seg\u00fan la directora t\u00e9cnica del COS, N\u00faria Canela, son \u201cequipos pioneros en estudios de metabol\u00f3mica, gracias a su alta sensibilidad, resoluci\u00f3n y capacidad de an\u00e1lisis exhaustivo\u201d.<\/p>\n<p>\u201cEn biomedicina, Xevo TQ Absolute permite la detecci\u00f3n de biomarcadores en concentraciones m\u00ednimas (femtogramos), siendo clave para el diagn\u00f3stico precoz de diferentes enfermedades como el c\u00e1ncer, mientras que el Orbitrap IQ-X Tribrid, con una fidelidad isot\u00f3pica superior, facilita el estudio detallado de rutas metab\u00f3licas complejas que sirven de soporte al desarrollo de nuevos f\u00e1rmacos. Adem\u00e1s, en el medio ambiente, Xevo destaca en la cuantificaci\u00f3n precisa de contaminantes en aguas y suelos, mientras que el Orbitrap aborda estudios avanzados, como las interacciones entre contaminantes y la microbiota ambiental\u201d. Gracias a estas caracter\u00edsticas, \u201cestos equipos son referentes en el campo de la metabol\u00f3mica y esenciales para mantener y aumentar nuestras capacidades para resolver retos en m\u00faltiples \u00e1mbitos\u201d, detalla N\u00faria Canela.<\/p>\n<p>Asimismo, el director acad\u00e9mico del COS, Manuel Su\u00e1rez, a\u00f1ade que \u201cen nutrici\u00f3n y alimentaci\u00f3n, ambos instrumentos contribuyen a la caracterizaci\u00f3n de metabolitos y p\u00e9ptidos bioactivos en alimentos, el an\u00e1lisis de contaminantes y la verificaci\u00f3n de la autenticidad de los productos, siendo equipamientos clave para innovar en estos \u00e1mbitos de investigaci\u00f3n\u201d.<\/p>\n<p>Los equipamientos han sido financiados en un 90 por ciento con ayudas p\u00fablicas para las Infraestructuras Cient\u00edficas y T\u00e9cnicas Singulares del Ministerio de Ciencia e Innovaci\u00f3n con Fondos Next Generation de la Uni\u00f3n Europea en el marco del Plan de Recuperaci\u00f3n, Transformaci\u00f3n y Resiliencia, y cofinanciados en un 10 por ciento por el centro tecnol\u00f3gico Eurecat.<\/p>\n<p><strong>Las tecnolog\u00edas \u00f3micas y su potencial en la medicina y la nutrici\u00f3n personalizadas<\/strong><\/p>\n<p>En palabras del director del \u00c1rea de Biotecnolog\u00eda de Eurecat, Antoni Caimari, \u201clas tecnolog\u00edas \u00f3micas como la gen\u00f3mica, prote\u00f3mica y metabol\u00f3mica, entre otras, permiten el an\u00e1lisis de grandes cantidades de datos biol\u00f3gicos de los individuos y, por tanto, su caracterizaci\u00f3n a nivel molecular. Esto es de gran importancia para mejorar el diagn\u00f3stico y caracterizaci\u00f3n de enfermedades, para el desarrollo de terapias personalizadas y para la interpretaci\u00f3n de la respuesta terap\u00e9utica\u201d.<\/p>\n<p>Adem\u00e1s, en clave preventiva, \u201cgracias al estudio del genoma y del metabolismo, y a su precisa caracterizaci\u00f3n utilizando las ciencias \u00f3micas, podemos avanzar hacia la consecuci\u00f3n de una nutrici\u00f3n de precisi\u00f3n, que permite saber qu\u00e9 alimentos o nutrientes son m\u00e1s beneficiosos para una persona o para grupos de personas con un metabolismo m\u00e1s similar\u201d, a\u00f1ade Antoni Caimari.<\/p>\n<p>Los nuevos equipamientos se suman a las tecnolog\u00edas punteras del Centro de Ciencias \u00d3micas, que junto con el Centro Nacional de An\u00e1lisis Gen\u00f3mico (CNAG) y la Unidad de Prote\u00f3mica del CRG y UPF forman la ICTS OmicsTech.<\/p>\n<p>El Centro de Ciencias \u00d3micas ofrece una gama completa de servicios de investigaci\u00f3n de biomarcadores en los diferentes \u00e1mbitos de la salud, alimentaci\u00f3n y medio ambiente, desde el soporte en el dise\u00f1o de proyectos hasta el an\u00e1lisis e integraci\u00f3n de los datos obtenidos en diferentes tecnolog\u00edas \u00f3micas.<\/p>\n<p>Estas tecnolog\u00edas ofrecen un gran potencial en la medicina y la nutrici\u00f3n personalizadas, donde se utiliza la informaci\u00f3n gen\u00e9tica, biomarcadores moleculares, e informaci\u00f3n sobre el estilo de vida de la persona.<\/p>\n<\/div><\/div><\/div><\/div><\/div>\n","protected":false},"excerpt":{"rendered":"","protected":false},"author":20,"featured_media":165386,"comment_status":"open","ping_status":"closed","sticky":false,"template":"","format":"standard","meta":{"footnotes":""},"categories":[393,134],"tags":[],"class_list":["post-165392","post","type-post","status-publish","format-standard","has-post-thumbnail","hentry","category-ciencias-omicas","category-notas-de-prensa"],"yoast_head":"<!-- This site is optimized with the Yoast SEO plugin v27.4 - https:\/\/yoast.com\/product\/yoast-seo-wordpress\/ -->\n<title>El Centro de Ciencias \u00d3micas consolida su investigaci\u00f3n en metabol\u00f3mica y prote\u00f3mica con dos nuevos equipamientos - Eurecat<\/title>\n<meta name=\"robots\" content=\"index, follow, max-snippet:-1, max-image-preview:large, max-video-preview:-1\" \/>\n<link rel=\"canonical\" href=\"https:\/\/eurecat.org\/es\/el-centro-de-ciencias-omicas-consolida-su-investigacion-en-metabolomica-y-proteomica-con-dos-nuevos-equipamientos\/\" \/>\n<meta property=\"og:locale\" content=\"es_ES\" \/>\n<meta property=\"og:type\" content=\"article\" \/>\n<meta property=\"og:title\" content=\"El Centro de Ciencias \u00d3micas consolida su investigaci\u00f3n en metabol\u00f3mica y prote\u00f3mica con dos nuevos equipamientos - Eurecat\" \/>\n<meta property=\"og:url\" content=\"https:\/\/eurecat.org\/es\/el-centro-de-ciencias-omicas-consolida-su-investigacion-en-metabolomica-y-proteomica-con-dos-nuevos-equipamientos\/\" \/>\n<meta property=\"og:site_name\" content=\"Eurecat\" \/>\n<meta property=\"article:published_time\" content=\"2024-12-05T08:06:08+00:00\" \/>\n<meta property=\"article:modified_time\" content=\"2024-12-05T08:09:19+00:00\" \/>\n<meta property=\"og:image\" content=\"https:\/\/eurecat.org\/wp-content\/uploads\/2024\/12\/Equipament_Xevo_COS_800px.jpg\" \/>\n\t<meta property=\"og:image:width\" content=\"800\" \/>\n\t<meta property=\"og:image:height\" content=\"533\" \/>\n\t<meta property=\"og:image:type\" content=\"image\/jpeg\" \/>\n<meta name=\"author\" content=\"EurecatEQZ\" \/>\n<meta name=\"twitter:card\" content=\"summary_large_image\" \/>\n<meta name=\"twitter:label1\" content=\"Escrito por\" \/>\n\t<meta name=\"twitter:data1\" content=\"EurecatEQZ\" \/>\n\t<meta name=\"twitter:label2\" content=\"Tiempo de lectura\" \/>\n\t<meta name=\"twitter:data2\" content=\"5 minutos\" \/>\n<script type=\"application\/ld+json\" class=\"yoast-schema-graph\">{\"@context\":\"https:\\\/\\\/schema.org\",\"@graph\":[{\"@type\":\"Article\",\"@id\":\"https:\\\/\\\/eurecat.org\\\/es\\\/el-centro-de-ciencias-omicas-consolida-su-investigacion-en-metabolomica-y-proteomica-con-dos-nuevos-equipamientos\\\/#article\",\"isPartOf\":{\"@id\":\"https:\\\/\\\/eurecat.org\\\/es\\\/el-centro-de-ciencias-omicas-consolida-su-investigacion-en-metabolomica-y-proteomica-con-dos-nuevos-equipamientos\\\/\"},\"author\":{\"name\":\"EurecatEQZ\",\"@id\":\"https:\\\/\\\/eurecat.org\\\/es\\\/#\\\/schema\\\/person\\\/99d4d39712001e7621b6867b27b40bed\"},\"headline\":\"El Centro de Ciencias \u00d3micas consolida su investigaci\u00f3n en metabol\u00f3mica y prote\u00f3mica con dos nuevos equipamientos\",\"datePublished\":\"2024-12-05T08:06:08+00:00\",\"dateModified\":\"2024-12-05T08:09:19+00:00\",\"mainEntityOfPage\":{\"@id\":\"https:\\\/\\\/eurecat.org\\\/es\\\/el-centro-de-ciencias-omicas-consolida-su-investigacion-en-metabolomica-y-proteomica-con-dos-nuevos-equipamientos\\\/\"},\"wordCount\":1990,\"commentCount\":0,\"image\":{\"@id\":\"https:\\\/\\\/eurecat.org\\\/es\\\/el-centro-de-ciencias-omicas-consolida-su-investigacion-en-metabolomica-y-proteomica-con-dos-nuevos-equipamientos\\\/#primaryimage\"},\"thumbnailUrl\":\"https:\\\/\\\/eurecat.org\\\/wp-content\\\/uploads\\\/2024\\\/12\\\/Equipament_Xevo_COS_800px.jpg\",\"articleSection\":[\"Ciencias \u00d3micas\",\"Notas de prensa\"],\"inLanguage\":\"es\",\"potentialAction\":[{\"@type\":\"CommentAction\",\"name\":\"Comment\",\"target\":[\"https:\\\/\\\/eurecat.org\\\/es\\\/el-centro-de-ciencias-omicas-consolida-su-investigacion-en-metabolomica-y-proteomica-con-dos-nuevos-equipamientos\\\/#respond\"]}]},{\"@type\":\"WebPage\",\"@id\":\"https:\\\/\\\/eurecat.org\\\/es\\\/el-centro-de-ciencias-omicas-consolida-su-investigacion-en-metabolomica-y-proteomica-con-dos-nuevos-equipamientos\\\/\",\"url\":\"https:\\\/\\\/eurecat.org\\\/es\\\/el-centro-de-ciencias-omicas-consolida-su-investigacion-en-metabolomica-y-proteomica-con-dos-nuevos-equipamientos\\\/\",\"name\":\"El Centro de Ciencias \u00d3micas consolida su investigaci\u00f3n en metabol\u00f3mica y prote\u00f3mica con dos nuevos equipamientos - Eurecat\",\"isPartOf\":{\"@id\":\"https:\\\/\\\/eurecat.org\\\/es\\\/#website\"},\"primaryImageOfPage\":{\"@id\":\"https:\\\/\\\/eurecat.org\\\/es\\\/el-centro-de-ciencias-omicas-consolida-su-investigacion-en-metabolomica-y-proteomica-con-dos-nuevos-equipamientos\\\/#primaryimage\"},\"image\":{\"@id\":\"https:\\\/\\\/eurecat.org\\\/es\\\/el-centro-de-ciencias-omicas-consolida-su-investigacion-en-metabolomica-y-proteomica-con-dos-nuevos-equipamientos\\\/#primaryimage\"},\"thumbnailUrl\":\"https:\\\/\\\/eurecat.org\\\/wp-content\\\/uploads\\\/2024\\\/12\\\/Equipament_Xevo_COS_800px.jpg\",\"datePublished\":\"2024-12-05T08:06:08+00:00\",\"dateModified\":\"2024-12-05T08:09:19+00:00\",\"author\":{\"@id\":\"https:\\\/\\\/eurecat.org\\\/es\\\/#\\\/schema\\\/person\\\/99d4d39712001e7621b6867b27b40bed\"},\"breadcrumb\":{\"@id\":\"https:\\\/\\\/eurecat.org\\\/es\\\/el-centro-de-ciencias-omicas-consolida-su-investigacion-en-metabolomica-y-proteomica-con-dos-nuevos-equipamientos\\\/#breadcrumb\"},\"inLanguage\":\"es\",\"potentialAction\":[{\"@type\":\"ReadAction\",\"target\":[\"https:\\\/\\\/eurecat.org\\\/es\\\/el-centro-de-ciencias-omicas-consolida-su-investigacion-en-metabolomica-y-proteomica-con-dos-nuevos-equipamientos\\\/\"]}]},{\"@type\":\"ImageObject\",\"inLanguage\":\"es\",\"@id\":\"https:\\\/\\\/eurecat.org\\\/es\\\/el-centro-de-ciencias-omicas-consolida-su-investigacion-en-metabolomica-y-proteomica-con-dos-nuevos-equipamientos\\\/#primaryimage\",\"url\":\"https:\\\/\\\/eurecat.org\\\/wp-content\\\/uploads\\\/2024\\\/12\\\/Equipament_Xevo_COS_800px.jpg\",\"contentUrl\":\"https:\\\/\\\/eurecat.org\\\/wp-content\\\/uploads\\\/2024\\\/12\\\/Equipament_Xevo_COS_800px.jpg\",\"width\":800,\"height\":533},{\"@type\":\"BreadcrumbList\",\"@id\":\"https:\\\/\\\/eurecat.org\\\/es\\\/el-centro-de-ciencias-omicas-consolida-su-investigacion-en-metabolomica-y-proteomica-con-dos-nuevos-equipamientos\\\/#breadcrumb\",\"itemListElement\":[{\"@type\":\"ListItem\",\"position\":1,\"name\":\"Inici\",\"item\":\"https:\\\/\\\/eurecat.org\\\/es\\\/\"},{\"@type\":\"ListItem\",\"position\":2,\"name\":\"El Centro de Ciencias \u00d3micas consolida su investigaci\u00f3n en metabol\u00f3mica y prote\u00f3mica con dos nuevos equipamientos\"}]},{\"@type\":\"WebSite\",\"@id\":\"https:\\\/\\\/eurecat.org\\\/es\\\/#website\",\"url\":\"https:\\\/\\\/eurecat.org\\\/es\\\/\",\"name\":\"Eurecat\",\"description\":\"Otro sitio realizado con WordPress\",\"potentialAction\":[{\"@type\":\"SearchAction\",\"target\":{\"@type\":\"EntryPoint\",\"urlTemplate\":\"https:\\\/\\\/eurecat.org\\\/es\\\/?s={search_term_string}\"},\"query-input\":{\"@type\":\"PropertyValueSpecification\",\"valueRequired\":true,\"valueName\":\"search_term_string\"}}],\"inLanguage\":\"es\"},{\"@type\":\"Person\",\"@id\":\"https:\\\/\\\/eurecat.org\\\/es\\\/#\\\/schema\\\/person\\\/99d4d39712001e7621b6867b27b40bed\",\"name\":\"EurecatEQZ\",\"image\":{\"@type\":\"ImageObject\",\"inLanguage\":\"es\",\"@id\":\"https:\\\/\\\/secure.gravatar.com\\\/avatar\\\/6deb26ca61bcc34263c59cc62bb8b08ff90b67af7f99943babf5d86396845993?s=96&d=mm&r=g\",\"url\":\"https:\\\/\\\/secure.gravatar.com\\\/avatar\\\/6deb26ca61bcc34263c59cc62bb8b08ff90b67af7f99943babf5d86396845993?s=96&d=mm&r=g\",\"contentUrl\":\"https:\\\/\\\/secure.gravatar.com\\\/avatar\\\/6deb26ca61bcc34263c59cc62bb8b08ff90b67af7f99943babf5d86396845993?s=96&d=mm&r=g\",\"caption\":\"EurecatEQZ\"}}]}<\/script>\n<!-- \/ Yoast SEO plugin. -->","yoast_head_json":{"title":"El Centro de Ciencias \u00d3micas consolida su investigaci\u00f3n en metabol\u00f3mica y prote\u00f3mica con dos nuevos equipamientos - Eurecat","robots":{"index":"index","follow":"follow","max-snippet":"max-snippet:-1","max-image-preview":"max-image-preview:large","max-video-preview":"max-video-preview:-1"},"canonical":"https:\/\/eurecat.org\/es\/el-centro-de-ciencias-omicas-consolida-su-investigacion-en-metabolomica-y-proteomica-con-dos-nuevos-equipamientos\/","og_locale":"es_ES","og_type":"article","og_title":"El Centro de Ciencias \u00d3micas consolida su investigaci\u00f3n en metabol\u00f3mica y prote\u00f3mica con dos nuevos equipamientos - Eurecat","og_url":"https:\/\/eurecat.org\/es\/el-centro-de-ciencias-omicas-consolida-su-investigacion-en-metabolomica-y-proteomica-con-dos-nuevos-equipamientos\/","og_site_name":"Eurecat","article_published_time":"2024-12-05T08:06:08+00:00","article_modified_time":"2024-12-05T08:09:19+00:00","og_image":[{"width":800,"height":533,"url":"https:\/\/eurecat.org\/wp-content\/uploads\/2024\/12\/Equipament_Xevo_COS_800px.jpg","type":"image\/jpeg"}],"author":"EurecatEQZ","twitter_card":"summary_large_image","twitter_misc":{"Escrito por":"EurecatEQZ","Tiempo de lectura":"5 minutos"},"schema":{"@context":"https:\/\/schema.org","@graph":[{"@type":"Article","@id":"https:\/\/eurecat.org\/es\/el-centro-de-ciencias-omicas-consolida-su-investigacion-en-metabolomica-y-proteomica-con-dos-nuevos-equipamientos\/#article","isPartOf":{"@id":"https:\/\/eurecat.org\/es\/el-centro-de-ciencias-omicas-consolida-su-investigacion-en-metabolomica-y-proteomica-con-dos-nuevos-equipamientos\/"},"author":{"name":"EurecatEQZ","@id":"https:\/\/eurecat.org\/es\/#\/schema\/person\/99d4d39712001e7621b6867b27b40bed"},"headline":"El Centro de Ciencias \u00d3micas consolida su investigaci\u00f3n en metabol\u00f3mica y prote\u00f3mica con dos nuevos equipamientos","datePublished":"2024-12-05T08:06:08+00:00","dateModified":"2024-12-05T08:09:19+00:00","mainEntityOfPage":{"@id":"https:\/\/eurecat.org\/es\/el-centro-de-ciencias-omicas-consolida-su-investigacion-en-metabolomica-y-proteomica-con-dos-nuevos-equipamientos\/"},"wordCount":1990,"commentCount":0,"image":{"@id":"https:\/\/eurecat.org\/es\/el-centro-de-ciencias-omicas-consolida-su-investigacion-en-metabolomica-y-proteomica-con-dos-nuevos-equipamientos\/#primaryimage"},"thumbnailUrl":"https:\/\/eurecat.org\/wp-content\/uploads\/2024\/12\/Equipament_Xevo_COS_800px.jpg","articleSection":["Ciencias \u00d3micas","Notas de prensa"],"inLanguage":"es","potentialAction":[{"@type":"CommentAction","name":"Comment","target":["https:\/\/eurecat.org\/es\/el-centro-de-ciencias-omicas-consolida-su-investigacion-en-metabolomica-y-proteomica-con-dos-nuevos-equipamientos\/#respond"]}]},{"@type":"WebPage","@id":"https:\/\/eurecat.org\/es\/el-centro-de-ciencias-omicas-consolida-su-investigacion-en-metabolomica-y-proteomica-con-dos-nuevos-equipamientos\/","url":"https:\/\/eurecat.org\/es\/el-centro-de-ciencias-omicas-consolida-su-investigacion-en-metabolomica-y-proteomica-con-dos-nuevos-equipamientos\/","name":"El Centro de Ciencias \u00d3micas consolida su investigaci\u00f3n en metabol\u00f3mica y prote\u00f3mica con dos nuevos equipamientos - Eurecat","isPartOf":{"@id":"https:\/\/eurecat.org\/es\/#website"},"primaryImageOfPage":{"@id":"https:\/\/eurecat.org\/es\/el-centro-de-ciencias-omicas-consolida-su-investigacion-en-metabolomica-y-proteomica-con-dos-nuevos-equipamientos\/#primaryimage"},"image":{"@id":"https:\/\/eurecat.org\/es\/el-centro-de-ciencias-omicas-consolida-su-investigacion-en-metabolomica-y-proteomica-con-dos-nuevos-equipamientos\/#primaryimage"},"thumbnailUrl":"https:\/\/eurecat.org\/wp-content\/uploads\/2024\/12\/Equipament_Xevo_COS_800px.jpg","datePublished":"2024-12-05T08:06:08+00:00","dateModified":"2024-12-05T08:09:19+00:00","author":{"@id":"https:\/\/eurecat.org\/es\/#\/schema\/person\/99d4d39712001e7621b6867b27b40bed"},"breadcrumb":{"@id":"https:\/\/eurecat.org\/es\/el-centro-de-ciencias-omicas-consolida-su-investigacion-en-metabolomica-y-proteomica-con-dos-nuevos-equipamientos\/#breadcrumb"},"inLanguage":"es","potentialAction":[{"@type":"ReadAction","target":["https:\/\/eurecat.org\/es\/el-centro-de-ciencias-omicas-consolida-su-investigacion-en-metabolomica-y-proteomica-con-dos-nuevos-equipamientos\/"]}]},{"@type":"ImageObject","inLanguage":"es","@id":"https:\/\/eurecat.org\/es\/el-centro-de-ciencias-omicas-consolida-su-investigacion-en-metabolomica-y-proteomica-con-dos-nuevos-equipamientos\/#primaryimage","url":"https:\/\/eurecat.org\/wp-content\/uploads\/2024\/12\/Equipament_Xevo_COS_800px.jpg","contentUrl":"https:\/\/eurecat.org\/wp-content\/uploads\/2024\/12\/Equipament_Xevo_COS_800px.jpg","width":800,"height":533},{"@type":"BreadcrumbList","@id":"https:\/\/eurecat.org\/es\/el-centro-de-ciencias-omicas-consolida-su-investigacion-en-metabolomica-y-proteomica-con-dos-nuevos-equipamientos\/#breadcrumb","itemListElement":[{"@type":"ListItem","position":1,"name":"Inici","item":"https:\/\/eurecat.org\/es\/"},{"@type":"ListItem","position":2,"name":"El Centro de Ciencias \u00d3micas consolida su investigaci\u00f3n en metabol\u00f3mica y prote\u00f3mica con dos nuevos equipamientos"}]},{"@type":"WebSite","@id":"https:\/\/eurecat.org\/es\/#website","url":"https:\/\/eurecat.org\/es\/","name":"Eurecat","description":"Otro sitio realizado con WordPress","potentialAction":[{"@type":"SearchAction","target":{"@type":"EntryPoint","urlTemplate":"https:\/\/eurecat.org\/es\/?s={search_term_string}"},"query-input":{"@type":"PropertyValueSpecification","valueRequired":true,"valueName":"search_term_string"}}],"inLanguage":"es"},{"@type":"Person","@id":"https:\/\/eurecat.org\/es\/#\/schema\/person\/99d4d39712001e7621b6867b27b40bed","name":"EurecatEQZ","image":{"@type":"ImageObject","inLanguage":"es","@id":"https:\/\/secure.gravatar.com\/avatar\/6deb26ca61bcc34263c59cc62bb8b08ff90b67af7f99943babf5d86396845993?s=96&d=mm&r=g","url":"https:\/\/secure.gravatar.com\/avatar\/6deb26ca61bcc34263c59cc62bb8b08ff90b67af7f99943babf5d86396845993?s=96&d=mm&r=g","contentUrl":"https:\/\/secure.gravatar.com\/avatar\/6deb26ca61bcc34263c59cc62bb8b08ff90b67af7f99943babf5d86396845993?s=96&d=mm&r=g","caption":"EurecatEQZ"}}]}},"_links":{"self":[{"href":"https:\/\/eurecat.org\/es\/wp-json\/wp\/v2\/posts\/165392","targetHints":{"allow":["GET"]}}],"collection":[{"href":"https:\/\/eurecat.org\/es\/wp-json\/wp\/v2\/posts"}],"about":[{"href":"https:\/\/eurecat.org\/es\/wp-json\/wp\/v2\/types\/post"}],"author":[{"embeddable":true,"href":"https:\/\/eurecat.org\/es\/wp-json\/wp\/v2\/users\/20"}],"replies":[{"embeddable":true,"href":"https:\/\/eurecat.org\/es\/wp-json\/wp\/v2\/comments?post=165392"}],"version-history":[{"count":1,"href":"https:\/\/eurecat.org\/es\/wp-json\/wp\/v2\/posts\/165392\/revisions"}],"predecessor-version":[{"id":165393,"href":"https:\/\/eurecat.org\/es\/wp-json\/wp\/v2\/posts\/165392\/revisions\/165393"}],"wp:featuredmedia":[{"embeddable":true,"href":"https:\/\/eurecat.org\/es\/wp-json\/wp\/v2\/media\/165386"}],"wp:attachment":[{"href":"https:\/\/eurecat.org\/es\/wp-json\/wp\/v2\/media?parent=165392"}],"wp:term":[{"taxonomy":"category","embeddable":true,"href":"https:\/\/eurecat.org\/es\/wp-json\/wp\/v2\/categories?post=165392"},{"taxonomy":"post_tag","embeddable":true,"href":"https:\/\/eurecat.org\/es\/wp-json\/wp\/v2\/tags?post=165392"}],"curies":[{"name":"wp","href":"https:\/\/api.w.org\/{rel}","templated":true}]}}