{"id":168268,"date":"2025-01-08T12:05:05","date_gmt":"2025-01-08T11:05:05","guid":{"rendered":"https:\/\/eurecat.org\/?p=168268"},"modified":"2025-01-08T12:07:11","modified_gmt":"2025-01-08T11:07:11","slug":"nactiva-y-el-centro-en-resiliencia-climatica-se-unen-para-trabajar-en-la-regeneracion-del-delta-de-lebre","status":"publish","type":"post","link":"https:\/\/eurecat.org\/es\/nactiva-y-el-centro-en-resiliencia-climatica-se-unen-para-trabajar-en-la-regeneracion-del-delta-de-lebre\/","title":{"rendered":"Nactiva y el Centro en Resiliencia Clim\u00e1tica se unen para trabajar en la regeneraci\u00f3n del Delta de l\u2019Ebre"},"content":{"rendered":"<div class=\"fusion-fullwidth fullwidth-box fusion-builder-row-1 fusion-flex-container has-pattern-background has-mask-background nonhundred-percent-fullwidth non-hundred-percent-height-scrolling\" style=\"--awb-border-radius-top-left:0px;--awb-border-radius-top-right:0px;--awb-border-radius-bottom-right:0px;--awb-border-radius-bottom-left:0px;--awb-flex-wrap:wrap;\" ><div class=\"fusion-builder-row fusion-row fusion-flex-align-items-flex-start fusion-flex-content-wrap\" style=\"max-width:1424.8px;margin-left: calc(-4% \/ 2 );margin-right: calc(-4% \/ 2 );\"><div class=\"fusion-layout-column fusion_builder_column fusion-builder-column-0 fusion_builder_column_1_1 1_1 fusion-flex-column\" style=\"--awb-bg-size:cover;--awb-width-large:100%;--awb-margin-top-large:0px;--awb-spacing-right-large:1.92%;--awb-margin-bottom-large:20px;--awb-spacing-left-large:1.92%;--awb-width-medium:100%;--awb-order-medium:0;--awb-spacing-right-medium:1.92%;--awb-spacing-left-medium:1.92%;--awb-width-small:100%;--awb-order-small:0;--awb-spacing-right-small:1.92%;--awb-spacing-left-small:1.92%;\"><div class=\"fusion-column-wrapper fusion-column-has-shadow fusion-flex-justify-content-flex-start fusion-content-layout-column\"><div class=\"fusion-text fusion-text-1\"><p>Nactiva, plataforma colectiva para la protecci\u00f3n y regeneraci\u00f3n del capital natural en el Mediterr\u00e1neo, y el Centro en Resiliencia Clim\u00e1tica han sellado una alianza estrat\u00e9gica para poner en marcha un nuevo proyecto que se integra en el \u00e1rea de Agua de Nactiva, enfocado en el desarrollo de soluciones transformadoras para la adaptaci\u00f3n del Delta de l\u2019Ebre a los retos clim\u00e1ticos.<\/p>\n<p>Coordinado por Eurecat, el Centro en Resiliencia Clim\u00e1tica es un referente a nivel internacional por su labor en investigaci\u00f3n e innovaci\u00f3n para la adaptaci\u00f3n a la emergencia clim\u00e1tica, desarrollando soluciones transformadoras en \u00e1mbitos como la protecci\u00f3n de ecosistemas, la econom\u00eda circular y la digitalizaci\u00f3n. Por este motivo, la colaboraci\u00f3n tiene como objetivo aunar esfuerzos y conocimientos para abordar los retos ambientales y sociales que afectan al territorio, que enfrenta graves problemas de sostenibilidad debido a la degradaci\u00f3n de sus ecosistemas por factores relacionados con el cambio global.<\/p>\n<p>En este contexto, ambas organizaciones han iniciado un proyecto para desarrollar una visi\u00f3n estrat\u00e9gica y compartida con los actores locales para la regeneraci\u00f3n integral del paisaje, poniendo \u00e9nfasis en el v\u00ednculo existente entre el agua y la biodiversidad. Este trabajo incluir\u00e1 propuestas concretas de restauraci\u00f3n de humedales y creaci\u00f3n de infraestructuras verdes, as\u00ed como la transformaci\u00f3n de las actividades econ\u00f3micas hacia modelos regenerativos. Adem\u00e1s, se identificar\u00e1n oportunidades en bioeconom\u00eda y servicios ecosist\u00e9micos que permitan atraer financiaci\u00f3n.<\/p>\n<p>Para el CEO de Nactiva, Joan Cabezas, \u201cel Delta de l\u2019Ebre es un espacio de biodiversidad excepcional que debe ser protegido y regenerado para garantizar su supervivencia y la de las comunidades que dependen de \u00e9l. Sabemos que los retos que enfrenta son complejos, pero tambi\u00e9n estamos convencidos de que la uni\u00f3n de distintos actores, como el Centro en Resiliencia Clim\u00e1tica, es clave para poner en marcha iniciativas transformadoras. Este acuerdo nos acerca al objetivo de impulsar soluciones concretas y viables que restauren estos ecosistemas \u00fanicos y aseguren su resiliencia en el futuro\u201d.<\/p>\n<p>En palabras del director del Centro en Resiliencia Clim\u00e1tica, Carles Iba\u00f1ez, \u201cel acuerdo con Nactiva quiere contribuir a que el Delta de l\u2019Ebre sea un territorio m\u00e1s resiliente al cambio clim\u00e1tico, mediante el despliegue de una estrategia de regeneraci\u00f3n del paisaje y la potenciaci\u00f3n de su capital natural\u201d.<\/p>\n<p>Con este prop\u00f3sito, subraya, \u201ctrabajaremos junto con los actores clave del territorio para fomentar la bioeconom\u00eda y la restauraci\u00f3n del capital natural, mediante la concreci\u00f3n de un portafolio de proyectos atractivos que permitan la captaci\u00f3n de fondos privados y p\u00fablicos para su implementaci\u00f3n\u201d.<\/p>\n<p>De acuerdo con el director del Centro en Resiliencia Clim\u00e1tica, la colaboraci\u00f3n \u201ccontribuir\u00e1 a que el Delta de l\u2019Ebre sea un territorio de referencia en econom\u00eda regenerativa, creando el m\u00e1ximo valor a\u00f1adido y sinergias entre la agricultura, la pesca, la acuicultura, el ecoturismo y la conservaci\u00f3n de la naturaleza\u201d.<\/p>\n<\/div><\/div><\/div><\/div><\/div>\n","protected":false},"excerpt":{"rendered":"","protected":false},"author":20,"featured_media":168266,"comment_status":"open","ping_status":"closed","sticky":false,"template":"","format":"standard","meta":{"footnotes":""},"categories":[134,411],"tags":[],"class_list":["post-168268","post","type-post","status-publish","format-standard","has-post-thumbnail","hentry","category-notas-de-prensa","category-sostenibilidad"],"yoast_head":"<!-- This site is optimized with the Yoast SEO plugin v27.5 - https:\/\/yoast.com\/product\/yoast-seo-wordpress\/ -->\n<title>Nactiva y el Centro en Resiliencia Clim\u00e1tica se unen para trabajar en la regeneraci\u00f3n del Delta de l\u2019Ebre - Eurecat<\/title>\n<meta name=\"robots\" content=\"index, follow, max-snippet:-1, max-image-preview:large, max-video-preview:-1\" \/>\n<link rel=\"canonical\" href=\"https:\/\/eurecat.org\/es\/nactiva-y-el-centro-en-resiliencia-climatica-se-unen-para-trabajar-en-la-regeneracion-del-delta-de-lebre\/\" \/>\n<meta property=\"og:locale\" content=\"es_ES\" \/>\n<meta property=\"og:type\" content=\"article\" \/>\n<meta property=\"og:title\" content=\"Nactiva y el Centro en Resiliencia Clim\u00e1tica se unen para trabajar en la regeneraci\u00f3n del Delta de l\u2019Ebre - Eurecat\" \/>\n<meta property=\"og:url\" content=\"https:\/\/eurecat.org\/es\/nactiva-y-el-centro-en-resiliencia-climatica-se-unen-para-trabajar-en-la-regeneracion-del-delta-de-lebre\/\" \/>\n<meta property=\"og:site_name\" content=\"Eurecat\" \/>\n<meta property=\"article:published_time\" content=\"2025-01-08T11:05:05+00:00\" \/>\n<meta property=\"article:modified_time\" content=\"2025-01-08T11:07:11+00:00\" \/>\n<meta property=\"og:image\" content=\"https:\/\/eurecat.org\/wp-content\/uploads\/2025\/01\/Ebre_Delta_800px.jpg\" \/>\n\t<meta property=\"og:image:width\" content=\"800\" \/>\n\t<meta property=\"og:image:height\" content=\"533\" \/>\n\t<meta property=\"og:image:type\" content=\"image\/jpeg\" \/>\n<meta name=\"author\" content=\"EurecatEQZ\" \/>\n<meta name=\"twitter:card\" content=\"summary_large_image\" \/>\n<meta name=\"twitter:label1\" content=\"Escrito por\" \/>\n\t<meta name=\"twitter:data1\" content=\"EurecatEQZ\" \/>\n\t<meta name=\"twitter:label2\" content=\"Tiempo de lectura\" \/>\n\t<meta name=\"twitter:data2\" content=\"3 minutos\" \/>\n<script type=\"application\/ld+json\" class=\"yoast-schema-graph\">{\"@context\":\"https:\\\/\\\/schema.org\",\"@graph\":[{\"@type\":\"Article\",\"@id\":\"https:\\\/\\\/eurecat.org\\\/es\\\/nactiva-y-el-centro-en-resiliencia-climatica-se-unen-para-trabajar-en-la-regeneracion-del-delta-de-lebre\\\/#article\",\"isPartOf\":{\"@id\":\"https:\\\/\\\/eurecat.org\\\/es\\\/nactiva-y-el-centro-en-resiliencia-climatica-se-unen-para-trabajar-en-la-regeneracion-del-delta-de-lebre\\\/\"},\"author\":{\"name\":\"EurecatEQZ\",\"@id\":\"https:\\\/\\\/eurecat.org\\\/es\\\/#\\\/schema\\\/person\\\/99d4d39712001e7621b6867b27b40bed\"},\"headline\":\"Nactiva y el Centro en Resiliencia Clim\u00e1tica se unen para trabajar en la regeneraci\u00f3n del Delta de l\u2019Ebre\",\"datePublished\":\"2025-01-08T11:05:05+00:00\",\"dateModified\":\"2025-01-08T11:07:11+00:00\",\"mainEntityOfPage\":{\"@id\":\"https:\\\/\\\/eurecat.org\\\/es\\\/nactiva-y-el-centro-en-resiliencia-climatica-se-unen-para-trabajar-en-la-regeneracion-del-delta-de-lebre\\\/\"},\"wordCount\":1574,\"commentCount\":0,\"image\":{\"@id\":\"https:\\\/\\\/eurecat.org\\\/es\\\/nactiva-y-el-centro-en-resiliencia-climatica-se-unen-para-trabajar-en-la-regeneracion-del-delta-de-lebre\\\/#primaryimage\"},\"thumbnailUrl\":\"https:\\\/\\\/eurecat.org\\\/wp-content\\\/uploads\\\/2025\\\/01\\\/Ebre_Delta_800px.jpg\",\"articleSection\":[\"Notas de prensa\",\"Sostenibilidad\"],\"inLanguage\":\"es\",\"potentialAction\":[{\"@type\":\"CommentAction\",\"name\":\"Comment\",\"target\":[\"https:\\\/\\\/eurecat.org\\\/es\\\/nactiva-y-el-centro-en-resiliencia-climatica-se-unen-para-trabajar-en-la-regeneracion-del-delta-de-lebre\\\/#respond\"]}]},{\"@type\":\"WebPage\",\"@id\":\"https:\\\/\\\/eurecat.org\\\/es\\\/nactiva-y-el-centro-en-resiliencia-climatica-se-unen-para-trabajar-en-la-regeneracion-del-delta-de-lebre\\\/\",\"url\":\"https:\\\/\\\/eurecat.org\\\/es\\\/nactiva-y-el-centro-en-resiliencia-climatica-se-unen-para-trabajar-en-la-regeneracion-del-delta-de-lebre\\\/\",\"name\":\"Nactiva y el Centro en Resiliencia Clim\u00e1tica se unen para trabajar en la regeneraci\u00f3n del Delta de l\u2019Ebre - Eurecat\",\"isPartOf\":{\"@id\":\"https:\\\/\\\/eurecat.org\\\/es\\\/#website\"},\"primaryImageOfPage\":{\"@id\":\"https:\\\/\\\/eurecat.org\\\/es\\\/nactiva-y-el-centro-en-resiliencia-climatica-se-unen-para-trabajar-en-la-regeneracion-del-delta-de-lebre\\\/#primaryimage\"},\"image\":{\"@id\":\"https:\\\/\\\/eurecat.org\\\/es\\\/nactiva-y-el-centro-en-resiliencia-climatica-se-unen-para-trabajar-en-la-regeneracion-del-delta-de-lebre\\\/#primaryimage\"},\"thumbnailUrl\":\"https:\\\/\\\/eurecat.org\\\/wp-content\\\/uploads\\\/2025\\\/01\\\/Ebre_Delta_800px.jpg\",\"datePublished\":\"2025-01-08T11:05:05+00:00\",\"dateModified\":\"2025-01-08T11:07:11+00:00\",\"author\":{\"@id\":\"https:\\\/\\\/eurecat.org\\\/es\\\/#\\\/schema\\\/person\\\/99d4d39712001e7621b6867b27b40bed\"},\"breadcrumb\":{\"@id\":\"https:\\\/\\\/eurecat.org\\\/es\\\/nactiva-y-el-centro-en-resiliencia-climatica-se-unen-para-trabajar-en-la-regeneracion-del-delta-de-lebre\\\/#breadcrumb\"},\"inLanguage\":\"es\",\"potentialAction\":[{\"@type\":\"ReadAction\",\"target\":[\"https:\\\/\\\/eurecat.org\\\/es\\\/nactiva-y-el-centro-en-resiliencia-climatica-se-unen-para-trabajar-en-la-regeneracion-del-delta-de-lebre\\\/\"]}]},{\"@type\":\"ImageObject\",\"inLanguage\":\"es\",\"@id\":\"https:\\\/\\\/eurecat.org\\\/es\\\/nactiva-y-el-centro-en-resiliencia-climatica-se-unen-para-trabajar-en-la-regeneracion-del-delta-de-lebre\\\/#primaryimage\",\"url\":\"https:\\\/\\\/eurecat.org\\\/wp-content\\\/uploads\\\/2025\\\/01\\\/Ebre_Delta_800px.jpg\",\"contentUrl\":\"https:\\\/\\\/eurecat.org\\\/wp-content\\\/uploads\\\/2025\\\/01\\\/Ebre_Delta_800px.jpg\",\"width\":800,\"height\":533},{\"@type\":\"BreadcrumbList\",\"@id\":\"https:\\\/\\\/eurecat.org\\\/es\\\/nactiva-y-el-centro-en-resiliencia-climatica-se-unen-para-trabajar-en-la-regeneracion-del-delta-de-lebre\\\/#breadcrumb\",\"itemListElement\":[{\"@type\":\"ListItem\",\"position\":1,\"name\":\"Inici\",\"item\":\"https:\\\/\\\/eurecat.org\\\/es\\\/\"},{\"@type\":\"ListItem\",\"position\":2,\"name\":\"Nactiva y el Centro en Resiliencia Clim\u00e1tica se unen para trabajar en la regeneraci\u00f3n del Delta de l\u2019Ebre\"}]},{\"@type\":\"WebSite\",\"@id\":\"https:\\\/\\\/eurecat.org\\\/es\\\/#website\",\"url\":\"https:\\\/\\\/eurecat.org\\\/es\\\/\",\"name\":\"Eurecat\",\"description\":\"Otro sitio realizado con WordPress\",\"potentialAction\":[{\"@type\":\"SearchAction\",\"target\":{\"@type\":\"EntryPoint\",\"urlTemplate\":\"https:\\\/\\\/eurecat.org\\\/es\\\/?s={search_term_string}\"},\"query-input\":{\"@type\":\"PropertyValueSpecification\",\"valueRequired\":true,\"valueName\":\"search_term_string\"}}],\"inLanguage\":\"es\"},{\"@type\":\"Person\",\"@id\":\"https:\\\/\\\/eurecat.org\\\/es\\\/#\\\/schema\\\/person\\\/99d4d39712001e7621b6867b27b40bed\",\"name\":\"EurecatEQZ\",\"image\":{\"@type\":\"ImageObject\",\"inLanguage\":\"es\",\"@id\":\"https:\\\/\\\/secure.gravatar.com\\\/avatar\\\/6deb26ca61bcc34263c59cc62bb8b08ff90b67af7f99943babf5d86396845993?s=96&d=mm&r=g\",\"url\":\"https:\\\/\\\/secure.gravatar.com\\\/avatar\\\/6deb26ca61bcc34263c59cc62bb8b08ff90b67af7f99943babf5d86396845993?s=96&d=mm&r=g\",\"contentUrl\":\"https:\\\/\\\/secure.gravatar.com\\\/avatar\\\/6deb26ca61bcc34263c59cc62bb8b08ff90b67af7f99943babf5d86396845993?s=96&d=mm&r=g\",\"caption\":\"EurecatEQZ\"}}]}<\/script>\n<!-- \/ Yoast SEO plugin. -->","yoast_head_json":{"title":"Nactiva y el Centro en Resiliencia Clim\u00e1tica se unen para trabajar en la regeneraci\u00f3n del Delta de l\u2019Ebre - Eurecat","robots":{"index":"index","follow":"follow","max-snippet":"max-snippet:-1","max-image-preview":"max-image-preview:large","max-video-preview":"max-video-preview:-1"},"canonical":"https:\/\/eurecat.org\/es\/nactiva-y-el-centro-en-resiliencia-climatica-se-unen-para-trabajar-en-la-regeneracion-del-delta-de-lebre\/","og_locale":"es_ES","og_type":"article","og_title":"Nactiva y el Centro en Resiliencia Clim\u00e1tica se unen para trabajar en la regeneraci\u00f3n del Delta de l\u2019Ebre - Eurecat","og_url":"https:\/\/eurecat.org\/es\/nactiva-y-el-centro-en-resiliencia-climatica-se-unen-para-trabajar-en-la-regeneracion-del-delta-de-lebre\/","og_site_name":"Eurecat","article_published_time":"2025-01-08T11:05:05+00:00","article_modified_time":"2025-01-08T11:07:11+00:00","og_image":[{"width":800,"height":533,"url":"https:\/\/eurecat.org\/wp-content\/uploads\/2025\/01\/Ebre_Delta_800px.jpg","type":"image\/jpeg"}],"author":"EurecatEQZ","twitter_card":"summary_large_image","twitter_misc":{"Escrito por":"EurecatEQZ","Tiempo de lectura":"3 minutos"},"schema":{"@context":"https:\/\/schema.org","@graph":[{"@type":"Article","@id":"https:\/\/eurecat.org\/es\/nactiva-y-el-centro-en-resiliencia-climatica-se-unen-para-trabajar-en-la-regeneracion-del-delta-de-lebre\/#article","isPartOf":{"@id":"https:\/\/eurecat.org\/es\/nactiva-y-el-centro-en-resiliencia-climatica-se-unen-para-trabajar-en-la-regeneracion-del-delta-de-lebre\/"},"author":{"name":"EurecatEQZ","@id":"https:\/\/eurecat.org\/es\/#\/schema\/person\/99d4d39712001e7621b6867b27b40bed"},"headline":"Nactiva y el Centro en Resiliencia Clim\u00e1tica se unen para trabajar en la regeneraci\u00f3n del Delta de l\u2019Ebre","datePublished":"2025-01-08T11:05:05+00:00","dateModified":"2025-01-08T11:07:11+00:00","mainEntityOfPage":{"@id":"https:\/\/eurecat.org\/es\/nactiva-y-el-centro-en-resiliencia-climatica-se-unen-para-trabajar-en-la-regeneracion-del-delta-de-lebre\/"},"wordCount":1574,"commentCount":0,"image":{"@id":"https:\/\/eurecat.org\/es\/nactiva-y-el-centro-en-resiliencia-climatica-se-unen-para-trabajar-en-la-regeneracion-del-delta-de-lebre\/#primaryimage"},"thumbnailUrl":"https:\/\/eurecat.org\/wp-content\/uploads\/2025\/01\/Ebre_Delta_800px.jpg","articleSection":["Notas de prensa","Sostenibilidad"],"inLanguage":"es","potentialAction":[{"@type":"CommentAction","name":"Comment","target":["https:\/\/eurecat.org\/es\/nactiva-y-el-centro-en-resiliencia-climatica-se-unen-para-trabajar-en-la-regeneracion-del-delta-de-lebre\/#respond"]}]},{"@type":"WebPage","@id":"https:\/\/eurecat.org\/es\/nactiva-y-el-centro-en-resiliencia-climatica-se-unen-para-trabajar-en-la-regeneracion-del-delta-de-lebre\/","url":"https:\/\/eurecat.org\/es\/nactiva-y-el-centro-en-resiliencia-climatica-se-unen-para-trabajar-en-la-regeneracion-del-delta-de-lebre\/","name":"Nactiva y el Centro en Resiliencia Clim\u00e1tica se unen para trabajar en la regeneraci\u00f3n del Delta de l\u2019Ebre - Eurecat","isPartOf":{"@id":"https:\/\/eurecat.org\/es\/#website"},"primaryImageOfPage":{"@id":"https:\/\/eurecat.org\/es\/nactiva-y-el-centro-en-resiliencia-climatica-se-unen-para-trabajar-en-la-regeneracion-del-delta-de-lebre\/#primaryimage"},"image":{"@id":"https:\/\/eurecat.org\/es\/nactiva-y-el-centro-en-resiliencia-climatica-se-unen-para-trabajar-en-la-regeneracion-del-delta-de-lebre\/#primaryimage"},"thumbnailUrl":"https:\/\/eurecat.org\/wp-content\/uploads\/2025\/01\/Ebre_Delta_800px.jpg","datePublished":"2025-01-08T11:05:05+00:00","dateModified":"2025-01-08T11:07:11+00:00","author":{"@id":"https:\/\/eurecat.org\/es\/#\/schema\/person\/99d4d39712001e7621b6867b27b40bed"},"breadcrumb":{"@id":"https:\/\/eurecat.org\/es\/nactiva-y-el-centro-en-resiliencia-climatica-se-unen-para-trabajar-en-la-regeneracion-del-delta-de-lebre\/#breadcrumb"},"inLanguage":"es","potentialAction":[{"@type":"ReadAction","target":["https:\/\/eurecat.org\/es\/nactiva-y-el-centro-en-resiliencia-climatica-se-unen-para-trabajar-en-la-regeneracion-del-delta-de-lebre\/"]}]},{"@type":"ImageObject","inLanguage":"es","@id":"https:\/\/eurecat.org\/es\/nactiva-y-el-centro-en-resiliencia-climatica-se-unen-para-trabajar-en-la-regeneracion-del-delta-de-lebre\/#primaryimage","url":"https:\/\/eurecat.org\/wp-content\/uploads\/2025\/01\/Ebre_Delta_800px.jpg","contentUrl":"https:\/\/eurecat.org\/wp-content\/uploads\/2025\/01\/Ebre_Delta_800px.jpg","width":800,"height":533},{"@type":"BreadcrumbList","@id":"https:\/\/eurecat.org\/es\/nactiva-y-el-centro-en-resiliencia-climatica-se-unen-para-trabajar-en-la-regeneracion-del-delta-de-lebre\/#breadcrumb","itemListElement":[{"@type":"ListItem","position":1,"name":"Inici","item":"https:\/\/eurecat.org\/es\/"},{"@type":"ListItem","position":2,"name":"Nactiva y el Centro en Resiliencia Clim\u00e1tica se unen para trabajar en la regeneraci\u00f3n del Delta de l\u2019Ebre"}]},{"@type":"WebSite","@id":"https:\/\/eurecat.org\/es\/#website","url":"https:\/\/eurecat.org\/es\/","name":"Eurecat","description":"Otro sitio realizado con WordPress","potentialAction":[{"@type":"SearchAction","target":{"@type":"EntryPoint","urlTemplate":"https:\/\/eurecat.org\/es\/?s={search_term_string}"},"query-input":{"@type":"PropertyValueSpecification","valueRequired":true,"valueName":"search_term_string"}}],"inLanguage":"es"},{"@type":"Person","@id":"https:\/\/eurecat.org\/es\/#\/schema\/person\/99d4d39712001e7621b6867b27b40bed","name":"EurecatEQZ","image":{"@type":"ImageObject","inLanguage":"es","@id":"https:\/\/secure.gravatar.com\/avatar\/6deb26ca61bcc34263c59cc62bb8b08ff90b67af7f99943babf5d86396845993?s=96&d=mm&r=g","url":"https:\/\/secure.gravatar.com\/avatar\/6deb26ca61bcc34263c59cc62bb8b08ff90b67af7f99943babf5d86396845993?s=96&d=mm&r=g","contentUrl":"https:\/\/secure.gravatar.com\/avatar\/6deb26ca61bcc34263c59cc62bb8b08ff90b67af7f99943babf5d86396845993?s=96&d=mm&r=g","caption":"EurecatEQZ"}}]}},"_links":{"self":[{"href":"https:\/\/eurecat.org\/es\/wp-json\/wp\/v2\/posts\/168268","targetHints":{"allow":["GET"]}}],"collection":[{"href":"https:\/\/eurecat.org\/es\/wp-json\/wp\/v2\/posts"}],"about":[{"href":"https:\/\/eurecat.org\/es\/wp-json\/wp\/v2\/types\/post"}],"author":[{"embeddable":true,"href":"https:\/\/eurecat.org\/es\/wp-json\/wp\/v2\/users\/20"}],"replies":[{"embeddable":true,"href":"https:\/\/eurecat.org\/es\/wp-json\/wp\/v2\/comments?post=168268"}],"version-history":[{"count":1,"href":"https:\/\/eurecat.org\/es\/wp-json\/wp\/v2\/posts\/168268\/revisions"}],"predecessor-version":[{"id":168269,"href":"https:\/\/eurecat.org\/es\/wp-json\/wp\/v2\/posts\/168268\/revisions\/168269"}],"wp:featuredmedia":[{"embeddable":true,"href":"https:\/\/eurecat.org\/es\/wp-json\/wp\/v2\/media\/168266"}],"wp:attachment":[{"href":"https:\/\/eurecat.org\/es\/wp-json\/wp\/v2\/media?parent=168268"}],"wp:term":[{"taxonomy":"category","embeddable":true,"href":"https:\/\/eurecat.org\/es\/wp-json\/wp\/v2\/categories?post=168268"},{"taxonomy":"post_tag","embeddable":true,"href":"https:\/\/eurecat.org\/es\/wp-json\/wp\/v2\/tags?post=168268"}],"curies":[{"name":"wp","href":"https:\/\/api.w.org\/{rel}","templated":true}]}}