{"id":172626,"date":"2025-02-19T11:53:06","date_gmt":"2025-02-19T10:53:06","guid":{"rendered":"https:\/\/eurecat.org\/?p=172626"},"modified":"2025-02-19T12:07:48","modified_gmt":"2025-02-19T11:07:48","slug":"eurecat-crea-un-equipo-para-el-despliegue-de-la-computacion-cuantica-en-las-empresas","status":"publish","type":"post","link":"https:\/\/eurecat.org\/es\/eurecat-crea-un-equipo-para-el-despliegue-de-la-computacion-cuantica-en-las-empresas\/","title":{"rendered":"Eurecat crea un equipo para el despliegue de la computaci\u00f3n cu\u00e1ntica en las empresas"},"content":{"rendered":"<div class=\"fusion-fullwidth fullwidth-box fusion-builder-row-1 fusion-flex-container has-pattern-background has-mask-background nonhundred-percent-fullwidth non-hundred-percent-height-scrolling\" style=\"--awb-border-radius-top-left:0px;--awb-border-radius-top-right:0px;--awb-border-radius-bottom-right:0px;--awb-border-radius-bottom-left:0px;--awb-flex-wrap:wrap;\" ><div class=\"fusion-builder-row fusion-row fusion-flex-align-items-flex-start fusion-flex-content-wrap\" style=\"max-width:1424.8px;margin-left: calc(-4% \/ 2 );margin-right: calc(-4% \/ 2 );\"><div class=\"fusion-layout-column fusion_builder_column fusion-builder-column-0 fusion_builder_column_1_1 1_1 fusion-flex-column\" style=\"--awb-bg-size:cover;--awb-width-large:100%;--awb-margin-top-large:0px;--awb-spacing-right-large:1.92%;--awb-margin-bottom-large:20px;--awb-spacing-left-large:1.92%;--awb-width-medium:100%;--awb-order-medium:0;--awb-spacing-right-medium:1.92%;--awb-spacing-left-medium:1.92%;--awb-width-small:100%;--awb-order-small:0;--awb-spacing-right-small:1.92%;--awb-spacing-left-small:1.92%;\"><div class=\"fusion-column-wrapper fusion-column-has-shadow fusion-flex-justify-content-flex-start fusion-content-layout-column\"><div class=\"fusion-text fusion-text-1\"><p>El centro tecnol\u00f3gico <a href=\"https:\/\/eurecat.org\/es\">Eurecat<\/a> ha creado un equipo multidisciplinar que combina conocimientos de f\u00edsica cu\u00e1ntica, inteligencia artificial y desarrollo de software para acompa\u00f1ar a las empresas en el despliegue del potencial de la computaci\u00f3n cu\u00e1ntica, que se prev\u00e9 que tenga un impacto econ\u00f3mico que superar\u00e1 el bill\u00f3n de euros en los pr\u00f3ximos 10 a\u00f1os.<\/p>\n<p>El informe sobre tendencias tecnol\u00f3gicas para 2025 de ACCI\u00d3, la Agencia para la competitividad de la empresa de la Generalitat de Catalunya, se\u00f1ala la computaci\u00f3n cu\u00e1ntica como una de las tecnolog\u00edas de referencia que marcar\u00e1n el a\u00f1o y sit\u00faa a Eurecat entre los actores relevantes en Catalu\u00f1a en tecnolog\u00edas cu\u00e1nticas.<\/p>\n<p>En esta l\u00ednea, el centro tecnol\u00f3gico Eurecat ofrece soluciones de software cu\u00e1ntico para ayudar a investigadores, ingenieros y empresas a resolver problemas de alta complejidad que, hasta ahora, con la computaci\u00f3n tradicional, no ten\u00edan soluci\u00f3n.<\/p>\n<p>\u201cTenemos la voluntad de acercar la innovaci\u00f3n cu\u00e1ntica a las empresas porque tendr\u00e1 grandes impactos a medio y largo plazo en muchos sectores como la medicina, con nuevos f\u00e1rmacos y terapias personalizadas; la creaci\u00f3n de nuevos materiales; las finanzas; la industria qu\u00edmica; la log\u00edstica; la energ\u00eda; la ciberseguridad, y la gesti\u00f3n del territorio, entre otros\u201d, afirma el investigador principal de la L\u00ednea de Investigaci\u00f3n de Computaci\u00f3n Cu\u00e1ntica de Eurecat, Adan Garriga, coincidiendo con el inicio del A\u00f1o Internacional de la Ciencia y la Tecnolog\u00eda Cu\u00e1ntica, escogido por la UNESCO para el 2025, con el objetivo de aumentar la conciencia p\u00fablica sobre la importancia de la ciencia cu\u00e1ntica y sus aplicaciones.<\/p>\n<p>Eurecat ha participado en el equipo de elaboraci\u00f3n de la Estrategia Cu\u00e1ntica de Catalu\u00f1a y en grandes proyectos en el \u00e1mbito de la tecnolog\u00eda cu\u00e1ntica como la red de excelencia en tecnolog\u00edas habilitadoras basadas en los datos AI4ES y la red de excelencia Cervera ARQA.<\/p>\n<p>En concreto, la Red ARQA es la alianza de centros tecnol\u00f3gicos para la innovaci\u00f3n en aplicaciones de computaci\u00f3n cu\u00e1ntica para la empresa. Plantea un <em>Roadmap<\/em> tecnol\u00f3gico para resolver problemas pr\u00e1cticos de alta complejidad a los que se enfrenta el tejido industrial espa\u00f1ol e internacional relacionados con su modelo productivo, mediante el an\u00e1lisis de la viabilidad y eficiencia de la aplicaci\u00f3n de t\u00e9cnicas de computaci\u00f3n cu\u00e1ntica.<\/p>\n<p>Eurecat tiene experiencia \u201cen aprendizaje cu\u00e1ntico autom\u00e1tico, optimizaci\u00f3n cu\u00e1ntica, ciberseguridad y consultor\u00eda, y ofrece desarrollo de software cu\u00e1ntico y asesoramiento a empresas sobre c\u00f3mo implantar las tecnolog\u00edas de computaci\u00f3n cu\u00e1ntica en sus negocios\u201d, a\u00f1ade la directora del \u00c1rea Digital de Eurecat, Lali Soler.<\/p>\n<\/div><\/div><\/div><\/div><\/div>\n","protected":false},"excerpt":{"rendered":"","protected":false},"author":20,"featured_media":172624,"comment_status":"open","ping_status":"closed","sticky":false,"template":"","format":"standard","meta":{"footnotes":""},"categories":[134],"tags":[],"class_list":["post-172626","post","type-post","status-publish","format-standard","has-post-thumbnail","hentry","category-notas-de-prensa"],"yoast_head":"<!-- This site is optimized with the Yoast SEO plugin v27.5 - https:\/\/yoast.com\/product\/yoast-seo-wordpress\/ -->\n<title>Eurecat crea un equipo para el despliegue de la computaci\u00f3n cu\u00e1ntica en las empresas - Eurecat<\/title>\n<meta name=\"robots\" content=\"index, follow, max-snippet:-1, max-image-preview:large, max-video-preview:-1\" \/>\n<link rel=\"canonical\" href=\"https:\/\/eurecat.org\/es\/eurecat-crea-un-equipo-para-el-despliegue-de-la-computacion-cuantica-en-las-empresas\/\" \/>\n<meta property=\"og:locale\" content=\"es_ES\" \/>\n<meta property=\"og:type\" content=\"article\" \/>\n<meta property=\"og:title\" content=\"Eurecat crea un equipo para el despliegue de la computaci\u00f3n cu\u00e1ntica en las empresas - Eurecat\" \/>\n<meta property=\"og:url\" content=\"https:\/\/eurecat.org\/es\/eurecat-crea-un-equipo-para-el-despliegue-de-la-computacion-cuantica-en-las-empresas\/\" \/>\n<meta property=\"og:site_name\" content=\"Eurecat\" \/>\n<meta property=\"article:published_time\" content=\"2025-02-19T10:53:06+00:00\" \/>\n<meta property=\"article:modified_time\" content=\"2025-02-19T11:07:48+00:00\" \/>\n<meta property=\"og:image\" content=\"https:\/\/eurecat.org\/wp-content\/uploads\/2025\/02\/Computacio_quantica_800px.jpg\" \/>\n\t<meta property=\"og:image:width\" content=\"800\" \/>\n\t<meta property=\"og:image:height\" content=\"574\" \/>\n\t<meta property=\"og:image:type\" content=\"image\/jpeg\" \/>\n<meta name=\"author\" content=\"EurecatEQZ\" \/>\n<meta name=\"twitter:card\" content=\"summary_large_image\" \/>\n<meta name=\"twitter:label1\" content=\"Escrito por\" \/>\n\t<meta name=\"twitter:data1\" content=\"EurecatEQZ\" \/>\n\t<meta name=\"twitter:label2\" content=\"Tiempo de lectura\" \/>\n\t<meta name=\"twitter:data2\" content=\"1 minuto\" \/>\n<script type=\"application\/ld+json\" class=\"yoast-schema-graph\">{\"@context\":\"https:\\\/\\\/schema.org\",\"@graph\":[{\"@type\":\"Article\",\"@id\":\"https:\\\/\\\/eurecat.org\\\/es\\\/eurecat-crea-un-equipo-para-el-despliegue-de-la-computacion-cuantica-en-las-empresas\\\/#article\",\"isPartOf\":{\"@id\":\"https:\\\/\\\/eurecat.org\\\/es\\\/eurecat-crea-un-equipo-para-el-despliegue-de-la-computacion-cuantica-en-las-empresas\\\/\"},\"author\":{\"name\":\"EurecatEQZ\",\"@id\":\"https:\\\/\\\/eurecat.org\\\/es\\\/#\\\/schema\\\/person\\\/99d4d39712001e7621b6867b27b40bed\"},\"headline\":\"Eurecat crea un equipo para el despliegue de la computaci\u00f3n cu\u00e1ntica en las empresas\",\"datePublished\":\"2025-02-19T10:53:06+00:00\",\"dateModified\":\"2025-02-19T11:07:48+00:00\",\"mainEntityOfPage\":{\"@id\":\"https:\\\/\\\/eurecat.org\\\/es\\\/eurecat-crea-un-equipo-para-el-despliegue-de-la-computacion-cuantica-en-las-empresas\\\/\"},\"wordCount\":1530,\"commentCount\":0,\"image\":{\"@id\":\"https:\\\/\\\/eurecat.org\\\/es\\\/eurecat-crea-un-equipo-para-el-despliegue-de-la-computacion-cuantica-en-las-empresas\\\/#primaryimage\"},\"thumbnailUrl\":\"https:\\\/\\\/eurecat.org\\\/wp-content\\\/uploads\\\/2025\\\/02\\\/Computacio_quantica_800px.jpg\",\"articleSection\":[\"Notas de prensa\"],\"inLanguage\":\"es\",\"potentialAction\":[{\"@type\":\"CommentAction\",\"name\":\"Comment\",\"target\":[\"https:\\\/\\\/eurecat.org\\\/es\\\/eurecat-crea-un-equipo-para-el-despliegue-de-la-computacion-cuantica-en-las-empresas\\\/#respond\"]}]},{\"@type\":\"WebPage\",\"@id\":\"https:\\\/\\\/eurecat.org\\\/es\\\/eurecat-crea-un-equipo-para-el-despliegue-de-la-computacion-cuantica-en-las-empresas\\\/\",\"url\":\"https:\\\/\\\/eurecat.org\\\/es\\\/eurecat-crea-un-equipo-para-el-despliegue-de-la-computacion-cuantica-en-las-empresas\\\/\",\"name\":\"Eurecat crea un equipo para el despliegue de la computaci\u00f3n cu\u00e1ntica en las empresas - Eurecat\",\"isPartOf\":{\"@id\":\"https:\\\/\\\/eurecat.org\\\/es\\\/#website\"},\"primaryImageOfPage\":{\"@id\":\"https:\\\/\\\/eurecat.org\\\/es\\\/eurecat-crea-un-equipo-para-el-despliegue-de-la-computacion-cuantica-en-las-empresas\\\/#primaryimage\"},\"image\":{\"@id\":\"https:\\\/\\\/eurecat.org\\\/es\\\/eurecat-crea-un-equipo-para-el-despliegue-de-la-computacion-cuantica-en-las-empresas\\\/#primaryimage\"},\"thumbnailUrl\":\"https:\\\/\\\/eurecat.org\\\/wp-content\\\/uploads\\\/2025\\\/02\\\/Computacio_quantica_800px.jpg\",\"datePublished\":\"2025-02-19T10:53:06+00:00\",\"dateModified\":\"2025-02-19T11:07:48+00:00\",\"author\":{\"@id\":\"https:\\\/\\\/eurecat.org\\\/es\\\/#\\\/schema\\\/person\\\/99d4d39712001e7621b6867b27b40bed\"},\"breadcrumb\":{\"@id\":\"https:\\\/\\\/eurecat.org\\\/es\\\/eurecat-crea-un-equipo-para-el-despliegue-de-la-computacion-cuantica-en-las-empresas\\\/#breadcrumb\"},\"inLanguage\":\"es\",\"potentialAction\":[{\"@type\":\"ReadAction\",\"target\":[\"https:\\\/\\\/eurecat.org\\\/es\\\/eurecat-crea-un-equipo-para-el-despliegue-de-la-computacion-cuantica-en-las-empresas\\\/\"]}]},{\"@type\":\"ImageObject\",\"inLanguage\":\"es\",\"@id\":\"https:\\\/\\\/eurecat.org\\\/es\\\/eurecat-crea-un-equipo-para-el-despliegue-de-la-computacion-cuantica-en-las-empresas\\\/#primaryimage\",\"url\":\"https:\\\/\\\/eurecat.org\\\/wp-content\\\/uploads\\\/2025\\\/02\\\/Computacio_quantica_800px.jpg\",\"contentUrl\":\"https:\\\/\\\/eurecat.org\\\/wp-content\\\/uploads\\\/2025\\\/02\\\/Computacio_quantica_800px.jpg\",\"width\":800,\"height\":574},{\"@type\":\"BreadcrumbList\",\"@id\":\"https:\\\/\\\/eurecat.org\\\/es\\\/eurecat-crea-un-equipo-para-el-despliegue-de-la-computacion-cuantica-en-las-empresas\\\/#breadcrumb\",\"itemListElement\":[{\"@type\":\"ListItem\",\"position\":1,\"name\":\"Inici\",\"item\":\"https:\\\/\\\/eurecat.org\\\/es\\\/\"},{\"@type\":\"ListItem\",\"position\":2,\"name\":\"Eurecat crea un equipo para el despliegue de la computaci\u00f3n cu\u00e1ntica en las empresas\"}]},{\"@type\":\"WebSite\",\"@id\":\"https:\\\/\\\/eurecat.org\\\/es\\\/#website\",\"url\":\"https:\\\/\\\/eurecat.org\\\/es\\\/\",\"name\":\"Eurecat\",\"description\":\"Otro sitio realizado con WordPress\",\"potentialAction\":[{\"@type\":\"SearchAction\",\"target\":{\"@type\":\"EntryPoint\",\"urlTemplate\":\"https:\\\/\\\/eurecat.org\\\/es\\\/?s={search_term_string}\"},\"query-input\":{\"@type\":\"PropertyValueSpecification\",\"valueRequired\":true,\"valueName\":\"search_term_string\"}}],\"inLanguage\":\"es\"},{\"@type\":\"Person\",\"@id\":\"https:\\\/\\\/eurecat.org\\\/es\\\/#\\\/schema\\\/person\\\/99d4d39712001e7621b6867b27b40bed\",\"name\":\"EurecatEQZ\",\"image\":{\"@type\":\"ImageObject\",\"inLanguage\":\"es\",\"@id\":\"https:\\\/\\\/secure.gravatar.com\\\/avatar\\\/6deb26ca61bcc34263c59cc62bb8b08ff90b67af7f99943babf5d86396845993?s=96&d=mm&r=g\",\"url\":\"https:\\\/\\\/secure.gravatar.com\\\/avatar\\\/6deb26ca61bcc34263c59cc62bb8b08ff90b67af7f99943babf5d86396845993?s=96&d=mm&r=g\",\"contentUrl\":\"https:\\\/\\\/secure.gravatar.com\\\/avatar\\\/6deb26ca61bcc34263c59cc62bb8b08ff90b67af7f99943babf5d86396845993?s=96&d=mm&r=g\",\"caption\":\"EurecatEQZ\"}}]}<\/script>\n<!-- \/ Yoast SEO plugin. -->","yoast_head_json":{"title":"Eurecat crea un equipo para el despliegue de la computaci\u00f3n cu\u00e1ntica en las empresas - Eurecat","robots":{"index":"index","follow":"follow","max-snippet":"max-snippet:-1","max-image-preview":"max-image-preview:large","max-video-preview":"max-video-preview:-1"},"canonical":"https:\/\/eurecat.org\/es\/eurecat-crea-un-equipo-para-el-despliegue-de-la-computacion-cuantica-en-las-empresas\/","og_locale":"es_ES","og_type":"article","og_title":"Eurecat crea un equipo para el despliegue de la computaci\u00f3n cu\u00e1ntica en las empresas - Eurecat","og_url":"https:\/\/eurecat.org\/es\/eurecat-crea-un-equipo-para-el-despliegue-de-la-computacion-cuantica-en-las-empresas\/","og_site_name":"Eurecat","article_published_time":"2025-02-19T10:53:06+00:00","article_modified_time":"2025-02-19T11:07:48+00:00","og_image":[{"width":800,"height":574,"url":"https:\/\/eurecat.org\/wp-content\/uploads\/2025\/02\/Computacio_quantica_800px.jpg","type":"image\/jpeg"}],"author":"EurecatEQZ","twitter_card":"summary_large_image","twitter_misc":{"Escrito por":"EurecatEQZ","Tiempo de lectura":"1 minuto"},"schema":{"@context":"https:\/\/schema.org","@graph":[{"@type":"Article","@id":"https:\/\/eurecat.org\/es\/eurecat-crea-un-equipo-para-el-despliegue-de-la-computacion-cuantica-en-las-empresas\/#article","isPartOf":{"@id":"https:\/\/eurecat.org\/es\/eurecat-crea-un-equipo-para-el-despliegue-de-la-computacion-cuantica-en-las-empresas\/"},"author":{"name":"EurecatEQZ","@id":"https:\/\/eurecat.org\/es\/#\/schema\/person\/99d4d39712001e7621b6867b27b40bed"},"headline":"Eurecat crea un equipo para el despliegue de la computaci\u00f3n cu\u00e1ntica en las empresas","datePublished":"2025-02-19T10:53:06+00:00","dateModified":"2025-02-19T11:07:48+00:00","mainEntityOfPage":{"@id":"https:\/\/eurecat.org\/es\/eurecat-crea-un-equipo-para-el-despliegue-de-la-computacion-cuantica-en-las-empresas\/"},"wordCount":1530,"commentCount":0,"image":{"@id":"https:\/\/eurecat.org\/es\/eurecat-crea-un-equipo-para-el-despliegue-de-la-computacion-cuantica-en-las-empresas\/#primaryimage"},"thumbnailUrl":"https:\/\/eurecat.org\/wp-content\/uploads\/2025\/02\/Computacio_quantica_800px.jpg","articleSection":["Notas de prensa"],"inLanguage":"es","potentialAction":[{"@type":"CommentAction","name":"Comment","target":["https:\/\/eurecat.org\/es\/eurecat-crea-un-equipo-para-el-despliegue-de-la-computacion-cuantica-en-las-empresas\/#respond"]}]},{"@type":"WebPage","@id":"https:\/\/eurecat.org\/es\/eurecat-crea-un-equipo-para-el-despliegue-de-la-computacion-cuantica-en-las-empresas\/","url":"https:\/\/eurecat.org\/es\/eurecat-crea-un-equipo-para-el-despliegue-de-la-computacion-cuantica-en-las-empresas\/","name":"Eurecat crea un equipo para el despliegue de la computaci\u00f3n cu\u00e1ntica en las empresas - Eurecat","isPartOf":{"@id":"https:\/\/eurecat.org\/es\/#website"},"primaryImageOfPage":{"@id":"https:\/\/eurecat.org\/es\/eurecat-crea-un-equipo-para-el-despliegue-de-la-computacion-cuantica-en-las-empresas\/#primaryimage"},"image":{"@id":"https:\/\/eurecat.org\/es\/eurecat-crea-un-equipo-para-el-despliegue-de-la-computacion-cuantica-en-las-empresas\/#primaryimage"},"thumbnailUrl":"https:\/\/eurecat.org\/wp-content\/uploads\/2025\/02\/Computacio_quantica_800px.jpg","datePublished":"2025-02-19T10:53:06+00:00","dateModified":"2025-02-19T11:07:48+00:00","author":{"@id":"https:\/\/eurecat.org\/es\/#\/schema\/person\/99d4d39712001e7621b6867b27b40bed"},"breadcrumb":{"@id":"https:\/\/eurecat.org\/es\/eurecat-crea-un-equipo-para-el-despliegue-de-la-computacion-cuantica-en-las-empresas\/#breadcrumb"},"inLanguage":"es","potentialAction":[{"@type":"ReadAction","target":["https:\/\/eurecat.org\/es\/eurecat-crea-un-equipo-para-el-despliegue-de-la-computacion-cuantica-en-las-empresas\/"]}]},{"@type":"ImageObject","inLanguage":"es","@id":"https:\/\/eurecat.org\/es\/eurecat-crea-un-equipo-para-el-despliegue-de-la-computacion-cuantica-en-las-empresas\/#primaryimage","url":"https:\/\/eurecat.org\/wp-content\/uploads\/2025\/02\/Computacio_quantica_800px.jpg","contentUrl":"https:\/\/eurecat.org\/wp-content\/uploads\/2025\/02\/Computacio_quantica_800px.jpg","width":800,"height":574},{"@type":"BreadcrumbList","@id":"https:\/\/eurecat.org\/es\/eurecat-crea-un-equipo-para-el-despliegue-de-la-computacion-cuantica-en-las-empresas\/#breadcrumb","itemListElement":[{"@type":"ListItem","position":1,"name":"Inici","item":"https:\/\/eurecat.org\/es\/"},{"@type":"ListItem","position":2,"name":"Eurecat crea un equipo para el despliegue de la computaci\u00f3n cu\u00e1ntica en las empresas"}]},{"@type":"WebSite","@id":"https:\/\/eurecat.org\/es\/#website","url":"https:\/\/eurecat.org\/es\/","name":"Eurecat","description":"Otro sitio realizado con WordPress","potentialAction":[{"@type":"SearchAction","target":{"@type":"EntryPoint","urlTemplate":"https:\/\/eurecat.org\/es\/?s={search_term_string}"},"query-input":{"@type":"PropertyValueSpecification","valueRequired":true,"valueName":"search_term_string"}}],"inLanguage":"es"},{"@type":"Person","@id":"https:\/\/eurecat.org\/es\/#\/schema\/person\/99d4d39712001e7621b6867b27b40bed","name":"EurecatEQZ","image":{"@type":"ImageObject","inLanguage":"es","@id":"https:\/\/secure.gravatar.com\/avatar\/6deb26ca61bcc34263c59cc62bb8b08ff90b67af7f99943babf5d86396845993?s=96&d=mm&r=g","url":"https:\/\/secure.gravatar.com\/avatar\/6deb26ca61bcc34263c59cc62bb8b08ff90b67af7f99943babf5d86396845993?s=96&d=mm&r=g","contentUrl":"https:\/\/secure.gravatar.com\/avatar\/6deb26ca61bcc34263c59cc62bb8b08ff90b67af7f99943babf5d86396845993?s=96&d=mm&r=g","caption":"EurecatEQZ"}}]}},"_links":{"self":[{"href":"https:\/\/eurecat.org\/es\/wp-json\/wp\/v2\/posts\/172626","targetHints":{"allow":["GET"]}}],"collection":[{"href":"https:\/\/eurecat.org\/es\/wp-json\/wp\/v2\/posts"}],"about":[{"href":"https:\/\/eurecat.org\/es\/wp-json\/wp\/v2\/types\/post"}],"author":[{"embeddable":true,"href":"https:\/\/eurecat.org\/es\/wp-json\/wp\/v2\/users\/20"}],"replies":[{"embeddable":true,"href":"https:\/\/eurecat.org\/es\/wp-json\/wp\/v2\/comments?post=172626"}],"version-history":[{"count":1,"href":"https:\/\/eurecat.org\/es\/wp-json\/wp\/v2\/posts\/172626\/revisions"}],"predecessor-version":[{"id":172627,"href":"https:\/\/eurecat.org\/es\/wp-json\/wp\/v2\/posts\/172626\/revisions\/172627"}],"wp:featuredmedia":[{"embeddable":true,"href":"https:\/\/eurecat.org\/es\/wp-json\/wp\/v2\/media\/172624"}],"wp:attachment":[{"href":"https:\/\/eurecat.org\/es\/wp-json\/wp\/v2\/media?parent=172626"}],"wp:term":[{"taxonomy":"category","embeddable":true,"href":"https:\/\/eurecat.org\/es\/wp-json\/wp\/v2\/categories?post=172626"},{"taxonomy":"post_tag","embeddable":true,"href":"https:\/\/eurecat.org\/es\/wp-json\/wp\/v2\/tags?post=172626"}],"curies":[{"name":"wp","href":"https:\/\/api.w.org\/{rel}","templated":true}]}}