{"id":173308,"date":"2025-02-28T09:33:49","date_gmt":"2025-02-28T08:33:49","guid":{"rendered":"https:\/\/eurecat.org\/?p=173308"},"modified":"2025-02-28T09:36:03","modified_gmt":"2025-02-28T08:36:03","slug":"eurecat-y-residencia-sant-victor-crean-un-dispositivo-predictivo-para-mejorar-la-vida-de-personas-mayores","status":"publish","type":"post","link":"https:\/\/eurecat.org\/es\/eurecat-y-residencia-sant-victor-crean-un-dispositivo-predictivo-para-mejorar-la-vida-de-personas-mayores\/","title":{"rendered":"Eurecat y la Residencia de mayores Sant V\u00edctor crean un dispositivo predictivo para mejorar la vida de las personas mayores"},"content":{"rendered":"<div class=\"fusion-fullwidth fullwidth-box fusion-builder-row-1 has-pattern-background has-mask-background nonhundred-percent-fullwidth non-hundred-percent-height-scrolling\" style=\"--awb-border-radius-top-left:0px;--awb-border-radius-top-right:0px;--awb-border-radius-bottom-right:0px;--awb-border-radius-bottom-left:0px;--awb-background-color:#f4f4f4;--awb-flex-wrap:wrap;\" ><div class=\"fusion-builder-row fusion-row\"><div class=\"fusion-layout-column fusion_builder_column fusion-builder-column-0 fusion_builder_column_1_4 1_4 fusion-one-fourth fusion-column-first\" style=\"--awb-padding-top:40px;--awb-padding-left:20px;--awb-bg-size:cover;width:25%;width:calc(25% - ( ( 4% + 4% + 4% ) * 0.25 ) );margin-right: 4%;\"><div class=\"fusion-column-wrapper fusion-column-has-shadow fusion-flex-column-wrapper-legacy\"><div class=\"fusion-image-element fusion-image-align-center in-legacy-container\" style=\"text-align:center;--awb-margin-top:30px;--awb-max-width:200px;--awb-caption-title-font-family:var(--h2_typography-font-family);--awb-caption-title-font-weight:var(--h2_typography-font-weight);--awb-caption-title-font-style:var(--h2_typography-font-style);--awb-caption-title-size:var(--h2_typography-font-size);--awb-caption-title-transform:var(--h2_typography-text-transform);--awb-caption-title-line-height:var(--h2_typography-line-height);--awb-caption-title-letter-spacing:var(--h2_typography-letter-spacing);\"><div class=\"imageframe-align-center\"><span class=\" fusion-imageframe imageframe-none imageframe-1 hover-type-none\"><img decoding=\"async\" width=\"442\" height=\"200\" alt=\"residencia-sant-victor\" title=\"residencia-sant-victor _logo\" src=\"https:\/\/eurecat.org\/wp-content\/uploads\/2025\/02\/residencia-sant-victor-_logo-1.png\" class=\"img-responsive wp-image-173319\" srcset=\"https:\/\/eurecat.org\/wp-content\/uploads\/2025\/02\/residencia-sant-victor-_logo-1-200x90.png 200w, https:\/\/eurecat.org\/wp-content\/uploads\/2025\/02\/residencia-sant-victor-_logo-1-400x181.png 400w, https:\/\/eurecat.org\/wp-content\/uploads\/2025\/02\/residencia-sant-victor-_logo-1.png 442w\" sizes=\"(max-width: 800px) 100vw, 400px\" \/><\/span><\/div><\/div><div class=\"fusion-clearfix\"><\/div><\/div><\/div><div class=\"fusion-layout-column fusion_builder_column fusion-builder-column-1 fusion_builder_column_1_4 1_4 fusion-one-fourth\" style=\"--awb-padding-top:50px;--awb-bg-size:cover;width:25%;width:calc(25% - ( ( 4% + 4% + 4% ) * 0.25 ) );margin-right: 4%;\"><div class=\"fusion-column-wrapper fusion-column-has-shadow fusion-flex-column-wrapper-legacy\"><div class=\"fusion-fa-align-center\"><i class=\"fb-icon-element-1 fb-icon-element fontawesome-icon fa-globe-americas fas circle-yes\" style=\"--awb-circlebordersize:1px;--awb-font-size:28.16px;--awb-width:56.32px;--awb-height:56.32px;--awb-line-height:54.32px;\"><\/i><\/div><div class=\"fusion-sep-clear\"><\/div><div class=\"fusion-separator fusion-full-width-sep\" style=\"margin-left: auto;margin-right: auto;margin-top:5px;margin-bottom:5px;width:100%;\"><\/div><div class=\"fusion-sep-clear\"><\/div><div class=\"fusion-text fusion-text-1\" style=\"--awb-text-transform:none;\"><h4 style=\"text-align: center;\">La residencia de mayores Sant V\u00edctor, con sede en Art\u00e9s, es un centro con vocaci\u00f3n de innovar y crear soluciones para mejorar la vida de las personas mayores.<\/h4>\n<\/div><div class=\"fusion-clearfix\"><\/div><\/div><\/div><div class=\"fusion-layout-column fusion_builder_column fusion-builder-column-2 fusion_builder_column_1_6 1_6 fusion-one-sixth\" style=\"--awb-padding-top:50px;--awb-bg-size:cover;width:16.666666666667%;width:calc(16.666666666667% - ( ( 4% + 4% + 4% ) * 0.16666666666667 ) );margin-right: 4%;\"><div class=\"fusion-column-wrapper fusion-column-has-shadow fusion-flex-column-wrapper-legacy\"><div class=\"fusion-clearfix\"><\/div><\/div><\/div><div class=\"fusion-layout-column fusion_builder_column fusion-builder-column-3 fusion_builder_column_1_4 1_4 fusion-one-fourth fusion-column-last\" style=\"--awb-padding-top:50px;--awb-bg-size:cover;width:25%;width:calc(25% - ( ( 4% + 4% + 4% ) * 0.25 ) );\"><div class=\"fusion-column-wrapper fusion-column-has-shadow fusion-flex-column-wrapper-legacy\"><div class=\"fusion-fa-align-center\"><i class=\"fb-icon-element-2 fb-icon-element fontawesome-icon fa-check fas circle-yes\" style=\"--awb-circlebordersize:1px;--awb-font-size:28.16px;--awb-width:56.32px;--awb-height:56.32px;--awb-line-height:54.32px;\"><\/i><\/div><div class=\"fusion-sep-clear\"><\/div><div class=\"fusion-separator fusion-full-width-sep\" style=\"margin-left: auto;margin-right: auto;margin-top:5px;margin-bottom:5px;width:100%;\"><\/div><div class=\"fusion-sep-clear\"><\/div><div class=\"fusion-text fusion-text-2\" style=\"--awb-text-transform:none;--awb-margin-top:5px;\"><h4 style=\"text-align: center;\">Desde el a\u00f1o 2019 cuenta con Eurecat como aliado tecnol\u00f3gico.<\/h4>\n<\/div><div class=\"fusion-clearfix\"><\/div><\/div><\/div><\/div><\/div><div class=\"fusion-fullwidth fullwidth-box fusion-builder-row-2 nonhundred-percent-fullwidth non-hundred-percent-height-scrolling\" style=\"--awb-border-radius-top-left:0px;--awb-border-radius-top-right:0px;--awb-border-radius-bottom-right:0px;--awb-border-radius-bottom-left:0px;--awb-padding-top:30px;--awb-flex-wrap:wrap;\" ><div class=\"fusion-builder-row fusion-row\"><div class=\"fusion-layout-column fusion_builder_column fusion-builder-column-4 fusion_builder_column_1_2 1_2 fusion-one-half fusion-column-first\" style=\"--awb-padding-top:0px;--awb-padding-right:0px;--awb-padding-bottom:0px;--awb-padding-left:0px;--awb-bg-position:center center;--awb-bg-repeat:repeat;width:50%;width:calc(50% - ( ( 4% ) * 0.5 ) );margin-right: 4%;\"><div class=\"fusion-column-wrapper fusion-column-has-shadow fusion-flex-column-wrapper-legacy\"><div class=\"fusion-text fusion-text-3\" style=\"--awb-text-transform:none;\"><p>Eurecat y la Residencia de mayores Sant V\u00edctor han creado Sit2Stand, un dispositivo que detecta el riesgo de ca\u00eddas en personas mayores al levantarse.<\/p>\n<p>Gracias al uso de sensores y algoritmos, Sit2Stand analiza los patrones de movimiento e identifica situaciones de riesgo. El dispositivo cuenta con un sistema de alerta integrado a trav\u00e9s de una aplicaci\u00f3n m\u00f3vil, que avisa al personal del centro geri\u00e1trico cuando un usuario con riesgo de ca\u00edda intenta levantarse de una silla o sin supervisi\u00f3n.<\/p>\n<p>Esta soluci\u00f3n ofrece una alternativa a las t\u00e9cnicas tradicionales aplicadas a personas con problemas cognitivos y movilidad reducida, como el uso de sujeciones f\u00edsicas y farmacol\u00f3gicas, mejorando as\u00ed la libertad y calidad de vida de las personas mayores.<\/p>\n<\/div><div class=\"fusion-sep-clear\"><\/div><div class=\"fusion-separator fusion-full-width-sep\" style=\"margin-left: auto;margin-right: auto;margin-top:10px;margin-bottom:10px;width:100%;\"><\/div><div class=\"fusion-sep-clear\"><\/div><div class=\"fusion-builder-row fusion-builder-row-inner fusion-row\"><div class=\"fusion-layout-column fusion_builder_column_inner fusion-builder-nested-column-0 fusion_builder_column_inner_1_3 1_3 fusion-one-third fusion-column-first\" style=\"--awb-bg-size:cover;width:33.333333333333%;width:calc(33.333333333333% - ( ( 4% ) * 0.33333333333333 ) );margin-right: 4%;\"><div class=\"fusion-column-wrapper fusion-column-has-shadow fusion-flex-column-wrapper-legacy\"><div class=\"fusion-image-element fusion-image-align-center in-legacy-container\" style=\"text-align:center;--awb-max-width:150px;--awb-caption-title-font-family:var(--h2_typography-font-family);--awb-caption-title-font-weight:var(--h2_typography-font-weight);--awb-caption-title-font-style:var(--h2_typography-font-style);--awb-caption-title-size:var(--h2_typography-font-size);--awb-caption-title-transform:var(--h2_typography-text-transform);--awb-caption-title-line-height:var(--h2_typography-line-height);--awb-caption-title-letter-spacing:var(--h2_typography-letter-spacing);\"><div class=\"imageframe-align-center\"><span class=\" fusion-imageframe imageframe-none imageframe-2 hover-type-none\"><img decoding=\"async\" width=\"360\" height=\"360\" alt=\"xavi catasus esport eurecat\" title=\"xavier-catasus-eurecat-circle-360x360px\" src=\"https:\/\/eurecat.org\/wp-content\/uploads\/2020\/01\/xavier-catasus-eurecat-circle-360x360px.png\" class=\"img-responsive wp-image-95038\" srcset=\"https:\/\/eurecat.org\/wp-content\/uploads\/2020\/01\/xavier-catasus-eurecat-circle-360x360px-200x200.png 200w, https:\/\/eurecat.org\/wp-content\/uploads\/2020\/01\/xavier-catasus-eurecat-circle-360x360px.png 360w\" sizes=\"(max-width: 800px) 100vw, 360px\" \/><\/span><\/div><\/div><div class=\"fusion-clearfix\"><\/div><\/div><\/div><div class=\"fusion-layout-column fusion_builder_column_inner fusion-builder-nested-column-1 fusion_builder_column_inner_2_3 2_3 fusion-two-third fusion-column-last\" style=\"--awb-padding-left:30px;--awb-bg-size:cover;--awb-border-color:#662483;--awb-border-left:1px;--awb-border-style:solid;width:66.666666666667%;width:calc(66.666666666667% - ( ( 4% ) * 0.66666666666667 ) );\"><div class=\"fusion-column-wrapper fusion-column-has-shadow fusion-flex-column-wrapper-legacy\"><div class=\"fusion-text fusion-text-4\" style=\"--awb-text-transform:none;\"><p><strong>Xavi Catas\u00fas<\/strong><\/p>\n<p>Responsable de Desarrollo del sector Wellness Industries<\/p>\n<p><em>Tel. +34 637 81 64 39<br \/>\n<\/em><em>xavi.catasus@eurecat.org<\/em><\/p>\n<\/div><div class=\"fusion-clearfix\"><\/div><\/div><\/div><\/div><div class=\"fusion-clearfix\"><\/div><\/div><\/div><div class=\"fusion-layout-column fusion_builder_column fusion-builder-column-5 fusion_builder_column_1_2 1_2 fusion-one-half fusion-column-last\" style=\"--awb-bg-size:cover;width:50%;width:calc(50% - ( ( 4% ) * 0.5 ) );\"><div class=\"fusion-column-wrapper fusion-column-has-shadow fusion-flex-column-wrapper-legacy\"><div class=\"fusion-video fusion-youtube fusion-aligncenter\" style=\"--awb-max-width:600px;--awb-max-height:360px;--awb-width:100%;\"><div class=\"video-shortcode\"><div class=\"fluid-width-video-wrapper\" style=\"padding-top:60%;\" ><iframe title=\"YouTube video player 1\" src=\"https:\/\/www.youtube.com\/embed\/5BzE76fVPeA?wmode=transparent&autoplay=0\" width=\"600\" height=\"360\" allowfullscreen allow=\"autoplay; clipboard-write; encrypted-media; gyroscope; picture-in-picture;\"><\/iframe><\/div><\/div><\/div><div class=\"fusion-clearfix\"><\/div><\/div><\/div><\/div><\/div>\n","protected":false},"excerpt":{"rendered":"","protected":false},"author":23,"featured_media":173383,"comment_status":"closed","ping_status":"closed","sticky":false,"template":"","format":"standard","meta":{"footnotes":""},"categories":[2192,2193],"tags":[],"class_list":["post-173308","post","type-post","status-publish","format-standard","has-post-thumbnail","hentry","category-casos-de-exito","category-casos-exito-home"],"yoast_head":"<!-- This site is optimized with the Yoast SEO plugin v27.5 - https:\/\/yoast.com\/product\/yoast-seo-wordpress\/ -->\n<title>Eurecat y la Residencia de mayores Sant V\u00edctor crean un dispositivo predictivo para mejorar la vida de las personas mayores - Eurecat<\/title>\n<meta name=\"description\" content=\"Eurecat y la Residencia de mayores Sant V\u00edctor han creado Sit2Stand, un dispositivo que detecta el riesgo de ca\u00eddas en personas mayores al levantarse.\" \/>\n<meta name=\"robots\" content=\"index, follow, max-snippet:-1, max-image-preview:large, max-video-preview:-1\" \/>\n<link rel=\"canonical\" href=\"https:\/\/eurecat.org\/es\/eurecat-y-residencia-sant-victor-crean-un-dispositivo-predictivo-para-mejorar-la-vida-de-personas-mayores\/\" \/>\n<meta property=\"og:locale\" content=\"es_ES\" \/>\n<meta property=\"og:type\" content=\"article\" \/>\n<meta property=\"og:title\" content=\"Eurecat y la Residencia de mayores Sant V\u00edctor crean un dispositivo predictivo para mejorar la vida de las personas mayores - Eurecat\" \/>\n<meta property=\"og:description\" content=\"Eurecat y la Residencia de mayores Sant V\u00edctor han creado Sit2Stand, un dispositivo que detecta el riesgo de ca\u00eddas en personas mayores al levantarse.\" \/>\n<meta property=\"og:url\" content=\"https:\/\/eurecat.org\/es\/eurecat-y-residencia-sant-victor-crean-un-dispositivo-predictivo-para-mejorar-la-vida-de-personas-mayores\/\" \/>\n<meta property=\"og:site_name\" content=\"Eurecat\" \/>\n<meta property=\"article:published_time\" content=\"2025-02-28T08:33:49+00:00\" \/>\n<meta property=\"article:modified_time\" content=\"2025-02-28T08:36:03+00:00\" \/>\n<meta property=\"og:image\" content=\"https:\/\/eurecat.org\/wp-content\/uploads\/2025\/02\/miniatura-residencia-sant-victor.jpg\" \/>\n\t<meta property=\"og:image:width\" content=\"520\" \/>\n\t<meta property=\"og:image:height\" content=\"272\" \/>\n\t<meta property=\"og:image:type\" content=\"image\/jpeg\" \/>\n<meta name=\"author\" content=\"EurecatMS\" \/>\n<meta name=\"twitter:card\" content=\"summary_large_image\" \/>\n<meta name=\"twitter:label1\" content=\"Escrito por\" \/>\n\t<meta name=\"twitter:data1\" content=\"EurecatMS\" \/>\n\t<meta name=\"twitter:label2\" content=\"Tiempo de lectura\" \/>\n\t<meta name=\"twitter:data2\" content=\"2 minutos\" \/>\n<script type=\"application\/ld+json\" class=\"yoast-schema-graph\">{\"@context\":\"https:\\\/\\\/schema.org\",\"@graph\":[{\"@type\":\"Article\",\"@id\":\"https:\\\/\\\/eurecat.org\\\/es\\\/eurecat-y-residencia-sant-victor-crean-un-dispositivo-predictivo-para-mejorar-la-vida-de-personas-mayores\\\/#article\",\"isPartOf\":{\"@id\":\"https:\\\/\\\/eurecat.org\\\/es\\\/eurecat-y-residencia-sant-victor-crean-un-dispositivo-predictivo-para-mejorar-la-vida-de-personas-mayores\\\/\"},\"author\":{\"name\":\"EurecatMS\",\"@id\":\"https:\\\/\\\/eurecat.org\\\/es\\\/#\\\/schema\\\/person\\\/7e65a0dfb27ba781e4317beaf71654bc\"},\"headline\":\"Eurecat y la Residencia de mayores Sant V\u00edctor crean un dispositivo predictivo para mejorar la vida de las personas mayores\",\"datePublished\":\"2025-02-28T08:33:49+00:00\",\"dateModified\":\"2025-02-28T08:36:03+00:00\",\"mainEntityOfPage\":{\"@id\":\"https:\\\/\\\/eurecat.org\\\/es\\\/eurecat-y-residencia-sant-victor-crean-un-dispositivo-predictivo-para-mejorar-la-vida-de-personas-mayores\\\/\"},\"wordCount\":3650,\"image\":{\"@id\":\"https:\\\/\\\/eurecat.org\\\/es\\\/eurecat-y-residencia-sant-victor-crean-un-dispositivo-predictivo-para-mejorar-la-vida-de-personas-mayores\\\/#primaryimage\"},\"thumbnailUrl\":\"https:\\\/\\\/eurecat.org\\\/wp-content\\\/uploads\\\/2025\\\/02\\\/miniatura-residencia-sant-victor.jpg\",\"articleSection\":[\"Casos de \u00e9xito\",\"Casos \u00e9xito HOME\"],\"inLanguage\":\"es\"},{\"@type\":\"WebPage\",\"@id\":\"https:\\\/\\\/eurecat.org\\\/es\\\/eurecat-y-residencia-sant-victor-crean-un-dispositivo-predictivo-para-mejorar-la-vida-de-personas-mayores\\\/\",\"url\":\"https:\\\/\\\/eurecat.org\\\/es\\\/eurecat-y-residencia-sant-victor-crean-un-dispositivo-predictivo-para-mejorar-la-vida-de-personas-mayores\\\/\",\"name\":\"Eurecat y la Residencia de mayores Sant V\u00edctor crean un dispositivo predictivo para mejorar la vida de las personas mayores - Eurecat\",\"isPartOf\":{\"@id\":\"https:\\\/\\\/eurecat.org\\\/es\\\/#website\"},\"primaryImageOfPage\":{\"@id\":\"https:\\\/\\\/eurecat.org\\\/es\\\/eurecat-y-residencia-sant-victor-crean-un-dispositivo-predictivo-para-mejorar-la-vida-de-personas-mayores\\\/#primaryimage\"},\"image\":{\"@id\":\"https:\\\/\\\/eurecat.org\\\/es\\\/eurecat-y-residencia-sant-victor-crean-un-dispositivo-predictivo-para-mejorar-la-vida-de-personas-mayores\\\/#primaryimage\"},\"thumbnailUrl\":\"https:\\\/\\\/eurecat.org\\\/wp-content\\\/uploads\\\/2025\\\/02\\\/miniatura-residencia-sant-victor.jpg\",\"datePublished\":\"2025-02-28T08:33:49+00:00\",\"dateModified\":\"2025-02-28T08:36:03+00:00\",\"author\":{\"@id\":\"https:\\\/\\\/eurecat.org\\\/es\\\/#\\\/schema\\\/person\\\/7e65a0dfb27ba781e4317beaf71654bc\"},\"description\":\"Eurecat y la Residencia de mayores Sant V\u00edctor han creado Sit2Stand, un dispositivo que detecta el riesgo de ca\u00eddas en personas mayores al levantarse.\",\"breadcrumb\":{\"@id\":\"https:\\\/\\\/eurecat.org\\\/es\\\/eurecat-y-residencia-sant-victor-crean-un-dispositivo-predictivo-para-mejorar-la-vida-de-personas-mayores\\\/#breadcrumb\"},\"inLanguage\":\"es\",\"potentialAction\":[{\"@type\":\"ReadAction\",\"target\":[\"https:\\\/\\\/eurecat.org\\\/es\\\/eurecat-y-residencia-sant-victor-crean-un-dispositivo-predictivo-para-mejorar-la-vida-de-personas-mayores\\\/\"]}]},{\"@type\":\"ImageObject\",\"inLanguage\":\"es\",\"@id\":\"https:\\\/\\\/eurecat.org\\\/es\\\/eurecat-y-residencia-sant-victor-crean-un-dispositivo-predictivo-para-mejorar-la-vida-de-personas-mayores\\\/#primaryimage\",\"url\":\"https:\\\/\\\/eurecat.org\\\/wp-content\\\/uploads\\\/2025\\\/02\\\/miniatura-residencia-sant-victor.jpg\",\"contentUrl\":\"https:\\\/\\\/eurecat.org\\\/wp-content\\\/uploads\\\/2025\\\/02\\\/miniatura-residencia-sant-victor.jpg\",\"width\":520,\"height\":272,\"caption\":\"Resid\u00e8ncia Sant V\u00edctor\"},{\"@type\":\"BreadcrumbList\",\"@id\":\"https:\\\/\\\/eurecat.org\\\/es\\\/eurecat-y-residencia-sant-victor-crean-un-dispositivo-predictivo-para-mejorar-la-vida-de-personas-mayores\\\/#breadcrumb\",\"itemListElement\":[{\"@type\":\"ListItem\",\"position\":1,\"name\":\"Inici\",\"item\":\"https:\\\/\\\/eurecat.org\\\/es\\\/\"},{\"@type\":\"ListItem\",\"position\":2,\"name\":\"Eurecat y la Residencia de mayores Sant V\u00edctor crean un dispositivo predictivo para mejorar la vida de las personas mayores\"}]},{\"@type\":\"WebSite\",\"@id\":\"https:\\\/\\\/eurecat.org\\\/es\\\/#website\",\"url\":\"https:\\\/\\\/eurecat.org\\\/es\\\/\",\"name\":\"Eurecat\",\"description\":\"Otro sitio realizado con WordPress\",\"potentialAction\":[{\"@type\":\"SearchAction\",\"target\":{\"@type\":\"EntryPoint\",\"urlTemplate\":\"https:\\\/\\\/eurecat.org\\\/es\\\/?s={search_term_string}\"},\"query-input\":{\"@type\":\"PropertyValueSpecification\",\"valueRequired\":true,\"valueName\":\"search_term_string\"}}],\"inLanguage\":\"es\"},{\"@type\":\"Person\",\"@id\":\"https:\\\/\\\/eurecat.org\\\/es\\\/#\\\/schema\\\/person\\\/7e65a0dfb27ba781e4317beaf71654bc\",\"name\":\"EurecatMS\",\"image\":{\"@type\":\"ImageObject\",\"inLanguage\":\"es\",\"@id\":\"https:\\\/\\\/secure.gravatar.com\\\/avatar\\\/8e1fd0ca74e3998abd2fe0a5db9438f8a2d17573de97148aeafd24540819dfd8?s=96&d=mm&r=g\",\"url\":\"https:\\\/\\\/secure.gravatar.com\\\/avatar\\\/8e1fd0ca74e3998abd2fe0a5db9438f8a2d17573de97148aeafd24540819dfd8?s=96&d=mm&r=g\",\"contentUrl\":\"https:\\\/\\\/secure.gravatar.com\\\/avatar\\\/8e1fd0ca74e3998abd2fe0a5db9438f8a2d17573de97148aeafd24540819dfd8?s=96&d=mm&r=g\",\"caption\":\"EurecatMS\"}}]}<\/script>\n<!-- \/ Yoast SEO plugin. -->","yoast_head_json":{"title":"Eurecat y la Residencia de mayores Sant V\u00edctor crean un dispositivo predictivo para mejorar la vida de las personas mayores - Eurecat","description":"Eurecat y la Residencia de mayores Sant V\u00edctor han creado Sit2Stand, un dispositivo que detecta el riesgo de ca\u00eddas en personas mayores al levantarse.","robots":{"index":"index","follow":"follow","max-snippet":"max-snippet:-1","max-image-preview":"max-image-preview:large","max-video-preview":"max-video-preview:-1"},"canonical":"https:\/\/eurecat.org\/es\/eurecat-y-residencia-sant-victor-crean-un-dispositivo-predictivo-para-mejorar-la-vida-de-personas-mayores\/","og_locale":"es_ES","og_type":"article","og_title":"Eurecat y la Residencia de mayores Sant V\u00edctor crean un dispositivo predictivo para mejorar la vida de las personas mayores - Eurecat","og_description":"Eurecat y la Residencia de mayores Sant V\u00edctor han creado Sit2Stand, un dispositivo que detecta el riesgo de ca\u00eddas en personas mayores al levantarse.","og_url":"https:\/\/eurecat.org\/es\/eurecat-y-residencia-sant-victor-crean-un-dispositivo-predictivo-para-mejorar-la-vida-de-personas-mayores\/","og_site_name":"Eurecat","article_published_time":"2025-02-28T08:33:49+00:00","article_modified_time":"2025-02-28T08:36:03+00:00","og_image":[{"width":520,"height":272,"url":"https:\/\/eurecat.org\/wp-content\/uploads\/2025\/02\/miniatura-residencia-sant-victor.jpg","type":"image\/jpeg"}],"author":"EurecatMS","twitter_card":"summary_large_image","twitter_misc":{"Escrito por":"EurecatMS","Tiempo de lectura":"2 minutos"},"schema":{"@context":"https:\/\/schema.org","@graph":[{"@type":"Article","@id":"https:\/\/eurecat.org\/es\/eurecat-y-residencia-sant-victor-crean-un-dispositivo-predictivo-para-mejorar-la-vida-de-personas-mayores\/#article","isPartOf":{"@id":"https:\/\/eurecat.org\/es\/eurecat-y-residencia-sant-victor-crean-un-dispositivo-predictivo-para-mejorar-la-vida-de-personas-mayores\/"},"author":{"name":"EurecatMS","@id":"https:\/\/eurecat.org\/es\/#\/schema\/person\/7e65a0dfb27ba781e4317beaf71654bc"},"headline":"Eurecat y la Residencia de mayores Sant V\u00edctor crean un dispositivo predictivo para mejorar la vida de las personas mayores","datePublished":"2025-02-28T08:33:49+00:00","dateModified":"2025-02-28T08:36:03+00:00","mainEntityOfPage":{"@id":"https:\/\/eurecat.org\/es\/eurecat-y-residencia-sant-victor-crean-un-dispositivo-predictivo-para-mejorar-la-vida-de-personas-mayores\/"},"wordCount":3650,"image":{"@id":"https:\/\/eurecat.org\/es\/eurecat-y-residencia-sant-victor-crean-un-dispositivo-predictivo-para-mejorar-la-vida-de-personas-mayores\/#primaryimage"},"thumbnailUrl":"https:\/\/eurecat.org\/wp-content\/uploads\/2025\/02\/miniatura-residencia-sant-victor.jpg","articleSection":["Casos de \u00e9xito","Casos \u00e9xito HOME"],"inLanguage":"es"},{"@type":"WebPage","@id":"https:\/\/eurecat.org\/es\/eurecat-y-residencia-sant-victor-crean-un-dispositivo-predictivo-para-mejorar-la-vida-de-personas-mayores\/","url":"https:\/\/eurecat.org\/es\/eurecat-y-residencia-sant-victor-crean-un-dispositivo-predictivo-para-mejorar-la-vida-de-personas-mayores\/","name":"Eurecat y la Residencia de mayores Sant V\u00edctor crean un dispositivo predictivo para mejorar la vida de las personas mayores - Eurecat","isPartOf":{"@id":"https:\/\/eurecat.org\/es\/#website"},"primaryImageOfPage":{"@id":"https:\/\/eurecat.org\/es\/eurecat-y-residencia-sant-victor-crean-un-dispositivo-predictivo-para-mejorar-la-vida-de-personas-mayores\/#primaryimage"},"image":{"@id":"https:\/\/eurecat.org\/es\/eurecat-y-residencia-sant-victor-crean-un-dispositivo-predictivo-para-mejorar-la-vida-de-personas-mayores\/#primaryimage"},"thumbnailUrl":"https:\/\/eurecat.org\/wp-content\/uploads\/2025\/02\/miniatura-residencia-sant-victor.jpg","datePublished":"2025-02-28T08:33:49+00:00","dateModified":"2025-02-28T08:36:03+00:00","author":{"@id":"https:\/\/eurecat.org\/es\/#\/schema\/person\/7e65a0dfb27ba781e4317beaf71654bc"},"description":"Eurecat y la Residencia de mayores Sant V\u00edctor han creado Sit2Stand, un dispositivo que detecta el riesgo de ca\u00eddas en personas mayores al levantarse.","breadcrumb":{"@id":"https:\/\/eurecat.org\/es\/eurecat-y-residencia-sant-victor-crean-un-dispositivo-predictivo-para-mejorar-la-vida-de-personas-mayores\/#breadcrumb"},"inLanguage":"es","potentialAction":[{"@type":"ReadAction","target":["https:\/\/eurecat.org\/es\/eurecat-y-residencia-sant-victor-crean-un-dispositivo-predictivo-para-mejorar-la-vida-de-personas-mayores\/"]}]},{"@type":"ImageObject","inLanguage":"es","@id":"https:\/\/eurecat.org\/es\/eurecat-y-residencia-sant-victor-crean-un-dispositivo-predictivo-para-mejorar-la-vida-de-personas-mayores\/#primaryimage","url":"https:\/\/eurecat.org\/wp-content\/uploads\/2025\/02\/miniatura-residencia-sant-victor.jpg","contentUrl":"https:\/\/eurecat.org\/wp-content\/uploads\/2025\/02\/miniatura-residencia-sant-victor.jpg","width":520,"height":272,"caption":"Resid\u00e8ncia Sant V\u00edctor"},{"@type":"BreadcrumbList","@id":"https:\/\/eurecat.org\/es\/eurecat-y-residencia-sant-victor-crean-un-dispositivo-predictivo-para-mejorar-la-vida-de-personas-mayores\/#breadcrumb","itemListElement":[{"@type":"ListItem","position":1,"name":"Inici","item":"https:\/\/eurecat.org\/es\/"},{"@type":"ListItem","position":2,"name":"Eurecat y la Residencia de mayores Sant V\u00edctor crean un dispositivo predictivo para mejorar la vida de las personas mayores"}]},{"@type":"WebSite","@id":"https:\/\/eurecat.org\/es\/#website","url":"https:\/\/eurecat.org\/es\/","name":"Eurecat","description":"Otro sitio realizado con WordPress","potentialAction":[{"@type":"SearchAction","target":{"@type":"EntryPoint","urlTemplate":"https:\/\/eurecat.org\/es\/?s={search_term_string}"},"query-input":{"@type":"PropertyValueSpecification","valueRequired":true,"valueName":"search_term_string"}}],"inLanguage":"es"},{"@type":"Person","@id":"https:\/\/eurecat.org\/es\/#\/schema\/person\/7e65a0dfb27ba781e4317beaf71654bc","name":"EurecatMS","image":{"@type":"ImageObject","inLanguage":"es","@id":"https:\/\/secure.gravatar.com\/avatar\/8e1fd0ca74e3998abd2fe0a5db9438f8a2d17573de97148aeafd24540819dfd8?s=96&d=mm&r=g","url":"https:\/\/secure.gravatar.com\/avatar\/8e1fd0ca74e3998abd2fe0a5db9438f8a2d17573de97148aeafd24540819dfd8?s=96&d=mm&r=g","contentUrl":"https:\/\/secure.gravatar.com\/avatar\/8e1fd0ca74e3998abd2fe0a5db9438f8a2d17573de97148aeafd24540819dfd8?s=96&d=mm&r=g","caption":"EurecatMS"}}]}},"_links":{"self":[{"href":"https:\/\/eurecat.org\/es\/wp-json\/wp\/v2\/posts\/173308","targetHints":{"allow":["GET"]}}],"collection":[{"href":"https:\/\/eurecat.org\/es\/wp-json\/wp\/v2\/posts"}],"about":[{"href":"https:\/\/eurecat.org\/es\/wp-json\/wp\/v2\/types\/post"}],"author":[{"embeddable":true,"href":"https:\/\/eurecat.org\/es\/wp-json\/wp\/v2\/users\/23"}],"replies":[{"embeddable":true,"href":"https:\/\/eurecat.org\/es\/wp-json\/wp\/v2\/comments?post=173308"}],"version-history":[{"count":1,"href":"https:\/\/eurecat.org\/es\/wp-json\/wp\/v2\/posts\/173308\/revisions"}],"predecessor-version":[{"id":173323,"href":"https:\/\/eurecat.org\/es\/wp-json\/wp\/v2\/posts\/173308\/revisions\/173323"}],"wp:featuredmedia":[{"embeddable":true,"href":"https:\/\/eurecat.org\/es\/wp-json\/wp\/v2\/media\/173383"}],"wp:attachment":[{"href":"https:\/\/eurecat.org\/es\/wp-json\/wp\/v2\/media?parent=173308"}],"wp:term":[{"taxonomy":"category","embeddable":true,"href":"https:\/\/eurecat.org\/es\/wp-json\/wp\/v2\/categories?post=173308"},{"taxonomy":"post_tag","embeddable":true,"href":"https:\/\/eurecat.org\/es\/wp-json\/wp\/v2\/tags?post=173308"}],"curies":[{"name":"wp","href":"https:\/\/api.w.org\/{rel}","templated":true}]}}