{"id":173838,"date":"2025-03-04T16:30:04","date_gmt":"2025-03-04T15:30:04","guid":{"rendered":"https:\/\/eurecat.org\/?p=173838"},"modified":"2025-03-05T17:05:16","modified_gmt":"2025-03-05T16:05:16","slug":"un-dispositivo-inteligente-para-prevenir-caidas-de-las-personas-mayores-con-deterioro-cognitivo","status":"publish","type":"post","link":"https:\/\/eurecat.org\/es\/un-dispositivo-inteligente-para-prevenir-caidas-de-las-personas-mayores-con-deterioro-cognitivo\/","title":{"rendered":"Un dispositivo inteligente para prevenir ca\u00eddas de las personas mayores con deterioro cognitivo"},"content":{"rendered":"<div class=\"fusion-fullwidth fullwidth-box fusion-builder-row-1 fusion-flex-container nonhundred-percent-fullwidth non-hundred-percent-height-scrolling\" style=\"--awb-border-radius-top-left:0px;--awb-border-radius-top-right:0px;--awb-border-radius-bottom-right:0px;--awb-border-radius-bottom-left:0px;--awb-flex-wrap:wrap;\" ><div class=\"fusion-builder-row fusion-row fusion-flex-align-items-flex-start fusion-flex-content-wrap\" style=\"max-width:1424.8px;margin-left: calc(-4% \/ 2 );margin-right: calc(-4% \/ 2 );\"><div class=\"fusion-layout-column fusion_builder_column fusion-builder-column-0 fusion_builder_column_1_1 1_1 fusion-flex-column\" style=\"--awb-bg-size:cover;--awb-width-large:100%;--awb-margin-top-large:0px;--awb-spacing-right-large:1.92%;--awb-margin-bottom-large:0px;--awb-spacing-left-large:1.92%;--awb-width-medium:100%;--awb-spacing-right-medium:1.92%;--awb-spacing-left-medium:1.92%;--awb-width-small:100%;--awb-spacing-right-small:1.92%;--awb-spacing-left-small:1.92%;\"><div class=\"fusion-column-wrapper fusion-flex-justify-content-flex-start fusion-content-layout-column\"><div class=\"fusion-text fusion-text-1\"><p>El centro tecnol\u00f3gico <a href=\"https:\/\/eurecat.org\/es\" target=\"_blank\" rel=\"noopener\">Eurecat<\/a> ha desarrollado un dispositivo inteligente con la residencia Sant V\u00edctor para personas mayores, para la prevenci\u00f3n de ca\u00eddas, especialmente pensado para evitar que las personas que sufren alg\u00fan tipo de deterioro cognitivo y movilidad reducida sufran accidentes como consecuencia de movimientos que no pueden asumir por la fragilidad de su salud.<\/p>\n<p>Seg\u00fan se\u00f1ala el director gerente de la residencia para personas mayores Sant V\u00edctor, Josep Maria Maci\u00e0, la idea del dispositivo, llamado Sit2Stand, \u201cnaci\u00f3 del objetivo de mejorar la calidad asistencial que reciben las personas mayores en la prevenci\u00f3n de ca\u00eddas, especialmente las que sufren alg\u00fan tipo de deterioro cognitivo y tienen la movilidad reducida\u201d.<\/p>\n<p>Con esta finalidad, el centro tecnol\u00f3gico Eurecat ha llevado a cabo el desarrollo y la algor\u00edtmica del dispositivo, que \u201cda una soluci\u00f3n a la problem\u00e1tica que implica la necesidad de avanzar en la eliminaci\u00f3n de contenciones f\u00edsicas o farmacol\u00f3gicas y minimizar el riesgo de posibles ca\u00eddas que esto puede acarrear\u201d, destaca el responsable de Desarrollo de Negocio del Sector Wellnes Industries del centro tecnol\u00f3gico Eurecat, Xavi Catas\u00fas.<\/p>\n<p>Para ello, el dispositivo se puede configurar con diferentes niveles de sensibilidad para adaptarlo a cada persona, tiene una tira de leds que da informaci\u00f3n visual y, al mismo tiempo, se comunica con un smartphone, tanto para configurarlo como para avisar a los cuidadores cuando se produce el intento de levantarse por parte de un usuario.<\/p>\n<p>En palabras de Josep Maria Maci\u00e0, \u201cel proyecto est\u00e1 pensado para personas mayores con deterioro cognitivo y movilidad reducida que habitualmente est\u00e1n sentadas y que a menudo quieren levantarse por s\u00ed mismas, sin ser conscientes de que, si lo consiguen, casi seguro acabar\u00e1n cayendo al suelo\u201d.<\/p>\n<p>Para evitarlo, el dispositivo Sit2Stand \u201cse coloca en la parte trasera del cuello de la camisa de la persona usuaria, porque en los estudios previos realizados se ha comprobado que ponerlo en otras zonas del cuerpo o de la ropa podr\u00eda generar falsos indicadores\u201d, a\u00f1ade Xavi Catas\u00fas. En cambio, en esta posici\u00f3n, \u201ccon el movimiento oscilante que hacen estas personas al querer levantarse, es la forma en la que se ha visto que tiene m\u00e1s sensibilidad para dar una buena lectura\u201d, detalla.<\/p>\n<p>\u201cEl nivel de desarrollo tecnol\u00f3gico de Sit2Stand est\u00e1 en una fase dos, es decir, se ha pasado la primera fase de pruebas en la Residencia Sant V\u00edctor y ahora se est\u00e1 testeando con otros usuarios y centros geri\u00e1tricos diferentes\u201d, especifica el responsable de Desarrollo de Negocio del sector Wellness Industries de Eurecat, quien anticipa que \u201ca partir de los resultados obtenidos, Eurecat ayudar\u00e1 a la empresa a configurar el sistema para que pueda ser escalable a cualquier residencia para las personas mayores y llegar al mercado\u201d.<\/p>\n<p>De acuerdo con la Organizaci\u00f3n Mundial de la Salud (OMS), hay m\u00e1s de 55 millones de personas en el mundo con deterioro cognitivo y se calcula que ser\u00e1n 139 millones en 2050, un escenario que \u201crefleja la necesidad de nuevas tecnolog\u00edas que permitan aportar soluciones orientadas a paliar los problemas de movilidad que puedan sufrir a medida que envejecen\u201d, remarca el director gerente de la residencia para la gente mayor Sant V\u00edctor.<\/p>\n<p><strong>Venid a visitarnos al Congress Square: estand CS210 espacio 43, dentro de Digital Catalonia<\/strong><\/p>\n<\/div><div ><a class=\"fusion-button button-flat fusion-button-default-size button-default fusion-button-default button-1 fusion-button-default-span fusion-button-default-type\" target=\"_self\" href=\"https:\/\/www.youtube.com\/watch?v=5BzE76fVPeA\"><span class=\"fusion-button-text awb-button__text awb-button__text--default\">Video de la innovaci\u00f3n <\/span><\/a><\/div><\/div><\/div><\/div><\/div>\n","protected":false},"excerpt":{"rendered":"","protected":false},"author":27,"featured_media":173831,"comment_status":"open","ping_status":"closed","sticky":false,"template":"","format":"standard","meta":{"footnotes":""},"categories":[727,1417,134,2283],"tags":[],"class_list":["post-173838","post","type-post","status-publish","format-standard","has-post-thumbnail","hentry","category-ferias","category-mobile-world-congress-es","category-notas-de-prensa","category-salud"],"yoast_head":"<!-- This site is optimized with the Yoast SEO plugin v27.4 - https:\/\/yoast.com\/product\/yoast-seo-wordpress\/ -->\n<title>Dispositivo inteligente para prevenir ca\u00eddas de las personas mayores<\/title>\n<meta name=\"description\" content=\"Un dispositivo inteligente para prevenir ca\u00eddas de las personas mayores con deterioro cognitivo\" \/>\n<meta name=\"robots\" content=\"index, follow, max-snippet:-1, max-image-preview:large, max-video-preview:-1\" \/>\n<link rel=\"canonical\" href=\"https:\/\/eurecat.org\/es\/un-dispositivo-inteligente-para-prevenir-caidas-de-las-personas-mayores-con-deterioro-cognitivo\/\" \/>\n<meta property=\"og:locale\" content=\"es_ES\" \/>\n<meta property=\"og:type\" content=\"article\" \/>\n<meta property=\"og:title\" content=\"Dispositivo inteligente para prevenir ca\u00eddas de las personas mayores\" \/>\n<meta property=\"og:description\" content=\"Un dispositivo inteligente para prevenir ca\u00eddas de las personas mayores con deterioro cognitivo\" \/>\n<meta property=\"og:url\" content=\"https:\/\/eurecat.org\/es\/un-dispositivo-inteligente-para-prevenir-caidas-de-las-personas-mayores-con-deterioro-cognitivo\/\" \/>\n<meta property=\"og:site_name\" content=\"Eurecat\" \/>\n<meta property=\"article:published_time\" content=\"2025-03-04T15:30:04+00:00\" \/>\n<meta property=\"article:modified_time\" content=\"2025-03-05T16:05:16+00:00\" \/>\n<meta property=\"og:image\" content=\"https:\/\/eurecat.org\/wp-content\/uploads\/2025\/03\/Eurecat_MWC_Sit2Stand_800px.jpg\" \/>\n\t<meta property=\"og:image:width\" content=\"800\" \/>\n\t<meta property=\"og:image:height\" content=\"533\" \/>\n\t<meta property=\"og:image:type\" content=\"image\/jpeg\" \/>\n<meta name=\"author\" content=\"eurecatNG\" \/>\n<meta name=\"twitter:card\" content=\"summary_large_image\" \/>\n<meta name=\"twitter:label1\" content=\"Escrito por\" \/>\n\t<meta name=\"twitter:data1\" content=\"eurecatNG\" \/>\n\t<meta name=\"twitter:label2\" content=\"Tiempo de lectura\" \/>\n\t<meta name=\"twitter:data2\" content=\"4 minutos\" \/>\n<script type=\"application\/ld+json\" class=\"yoast-schema-graph\">{\"@context\":\"https:\\\/\\\/schema.org\",\"@graph\":[{\"@type\":\"Article\",\"@id\":\"https:\\\/\\\/eurecat.org\\\/es\\\/un-dispositivo-inteligente-para-prevenir-caidas-de-las-personas-mayores-con-deterioro-cognitivo\\\/#article\",\"isPartOf\":{\"@id\":\"https:\\\/\\\/eurecat.org\\\/es\\\/un-dispositivo-inteligente-para-prevenir-caidas-de-las-personas-mayores-con-deterioro-cognitivo\\\/\"},\"author\":{\"name\":\"eurecatNG\",\"@id\":\"https:\\\/\\\/eurecat.org\\\/es\\\/#\\\/schema\\\/person\\\/8342992d6929ad043b305d3cac68b3f4\"},\"headline\":\"Un dispositivo inteligente para prevenir ca\u00eddas de las personas mayores con deterioro cognitivo\",\"datePublished\":\"2025-03-04T15:30:04+00:00\",\"dateModified\":\"2025-03-05T16:05:16+00:00\",\"mainEntityOfPage\":{\"@id\":\"https:\\\/\\\/eurecat.org\\\/es\\\/un-dispositivo-inteligente-para-prevenir-caidas-de-las-personas-mayores-con-deterioro-cognitivo\\\/\"},\"wordCount\":933,\"commentCount\":0,\"image\":{\"@id\":\"https:\\\/\\\/eurecat.org\\\/es\\\/un-dispositivo-inteligente-para-prevenir-caidas-de-las-personas-mayores-con-deterioro-cognitivo\\\/#primaryimage\"},\"thumbnailUrl\":\"https:\\\/\\\/eurecat.org\\\/wp-content\\\/uploads\\\/2025\\\/03\\\/Eurecat_MWC_Sit2Stand_800px.jpg\",\"articleSection\":[\"Ferias\",\"Mobile World Congress\",\"Notas de prensa\",\"Salud\"],\"inLanguage\":\"es\",\"potentialAction\":[{\"@type\":\"CommentAction\",\"name\":\"Comment\",\"target\":[\"https:\\\/\\\/eurecat.org\\\/es\\\/un-dispositivo-inteligente-para-prevenir-caidas-de-las-personas-mayores-con-deterioro-cognitivo\\\/#respond\"]}]},{\"@type\":\"WebPage\",\"@id\":\"https:\\\/\\\/eurecat.org\\\/es\\\/un-dispositivo-inteligente-para-prevenir-caidas-de-las-personas-mayores-con-deterioro-cognitivo\\\/\",\"url\":\"https:\\\/\\\/eurecat.org\\\/es\\\/un-dispositivo-inteligente-para-prevenir-caidas-de-las-personas-mayores-con-deterioro-cognitivo\\\/\",\"name\":\"Dispositivo inteligente para prevenir ca\u00eddas de las personas mayores\",\"isPartOf\":{\"@id\":\"https:\\\/\\\/eurecat.org\\\/es\\\/#website\"},\"primaryImageOfPage\":{\"@id\":\"https:\\\/\\\/eurecat.org\\\/es\\\/un-dispositivo-inteligente-para-prevenir-caidas-de-las-personas-mayores-con-deterioro-cognitivo\\\/#primaryimage\"},\"image\":{\"@id\":\"https:\\\/\\\/eurecat.org\\\/es\\\/un-dispositivo-inteligente-para-prevenir-caidas-de-las-personas-mayores-con-deterioro-cognitivo\\\/#primaryimage\"},\"thumbnailUrl\":\"https:\\\/\\\/eurecat.org\\\/wp-content\\\/uploads\\\/2025\\\/03\\\/Eurecat_MWC_Sit2Stand_800px.jpg\",\"datePublished\":\"2025-03-04T15:30:04+00:00\",\"dateModified\":\"2025-03-05T16:05:16+00:00\",\"author\":{\"@id\":\"https:\\\/\\\/eurecat.org\\\/es\\\/#\\\/schema\\\/person\\\/8342992d6929ad043b305d3cac68b3f4\"},\"description\":\"Un dispositivo inteligente para prevenir ca\u00eddas de las personas mayores con deterioro cognitivo\",\"breadcrumb\":{\"@id\":\"https:\\\/\\\/eurecat.org\\\/es\\\/un-dispositivo-inteligente-para-prevenir-caidas-de-las-personas-mayores-con-deterioro-cognitivo\\\/#breadcrumb\"},\"inLanguage\":\"es\",\"potentialAction\":[{\"@type\":\"ReadAction\",\"target\":[\"https:\\\/\\\/eurecat.org\\\/es\\\/un-dispositivo-inteligente-para-prevenir-caidas-de-las-personas-mayores-con-deterioro-cognitivo\\\/\"]}]},{\"@type\":\"ImageObject\",\"inLanguage\":\"es\",\"@id\":\"https:\\\/\\\/eurecat.org\\\/es\\\/un-dispositivo-inteligente-para-prevenir-caidas-de-las-personas-mayores-con-deterioro-cognitivo\\\/#primaryimage\",\"url\":\"https:\\\/\\\/eurecat.org\\\/wp-content\\\/uploads\\\/2025\\\/03\\\/Eurecat_MWC_Sit2Stand_800px.jpg\",\"contentUrl\":\"https:\\\/\\\/eurecat.org\\\/wp-content\\\/uploads\\\/2025\\\/03\\\/Eurecat_MWC_Sit2Stand_800px.jpg\",\"width\":800,\"height\":533,\"caption\":\"eurecat MWC prevenir ca\u00eddas\"},{\"@type\":\"BreadcrumbList\",\"@id\":\"https:\\\/\\\/eurecat.org\\\/es\\\/un-dispositivo-inteligente-para-prevenir-caidas-de-las-personas-mayores-con-deterioro-cognitivo\\\/#breadcrumb\",\"itemListElement\":[{\"@type\":\"ListItem\",\"position\":1,\"name\":\"Inici\",\"item\":\"https:\\\/\\\/eurecat.org\\\/es\\\/\"},{\"@type\":\"ListItem\",\"position\":2,\"name\":\"Un dispositivo inteligente para prevenir ca\u00eddas de las personas mayores con deterioro cognitivo\"}]},{\"@type\":\"WebSite\",\"@id\":\"https:\\\/\\\/eurecat.org\\\/es\\\/#website\",\"url\":\"https:\\\/\\\/eurecat.org\\\/es\\\/\",\"name\":\"Eurecat\",\"description\":\"Otro sitio realizado con WordPress\",\"potentialAction\":[{\"@type\":\"SearchAction\",\"target\":{\"@type\":\"EntryPoint\",\"urlTemplate\":\"https:\\\/\\\/eurecat.org\\\/es\\\/?s={search_term_string}\"},\"query-input\":{\"@type\":\"PropertyValueSpecification\",\"valueRequired\":true,\"valueName\":\"search_term_string\"}}],\"inLanguage\":\"es\"},{\"@type\":\"Person\",\"@id\":\"https:\\\/\\\/eurecat.org\\\/es\\\/#\\\/schema\\\/person\\\/8342992d6929ad043b305d3cac68b3f4\",\"name\":\"eurecatNG\",\"image\":{\"@type\":\"ImageObject\",\"inLanguage\":\"es\",\"@id\":\"https:\\\/\\\/secure.gravatar.com\\\/avatar\\\/63200cb70ae4f15a0f673050f36df149dba802bea7614e8f838aaccfcf8ea11d?s=96&d=mm&r=g\",\"url\":\"https:\\\/\\\/secure.gravatar.com\\\/avatar\\\/63200cb70ae4f15a0f673050f36df149dba802bea7614e8f838aaccfcf8ea11d?s=96&d=mm&r=g\",\"contentUrl\":\"https:\\\/\\\/secure.gravatar.com\\\/avatar\\\/63200cb70ae4f15a0f673050f36df149dba802bea7614e8f838aaccfcf8ea11d?s=96&d=mm&r=g\",\"caption\":\"eurecatNG\"}}]}<\/script>\n<!-- \/ Yoast SEO plugin. -->","yoast_head_json":{"title":"Dispositivo inteligente para prevenir ca\u00eddas de las personas mayores","description":"Un dispositivo inteligente para prevenir ca\u00eddas de las personas mayores con deterioro cognitivo","robots":{"index":"index","follow":"follow","max-snippet":"max-snippet:-1","max-image-preview":"max-image-preview:large","max-video-preview":"max-video-preview:-1"},"canonical":"https:\/\/eurecat.org\/es\/un-dispositivo-inteligente-para-prevenir-caidas-de-las-personas-mayores-con-deterioro-cognitivo\/","og_locale":"es_ES","og_type":"article","og_title":"Dispositivo inteligente para prevenir ca\u00eddas de las personas mayores","og_description":"Un dispositivo inteligente para prevenir ca\u00eddas de las personas mayores con deterioro cognitivo","og_url":"https:\/\/eurecat.org\/es\/un-dispositivo-inteligente-para-prevenir-caidas-de-las-personas-mayores-con-deterioro-cognitivo\/","og_site_name":"Eurecat","article_published_time":"2025-03-04T15:30:04+00:00","article_modified_time":"2025-03-05T16:05:16+00:00","og_image":[{"width":800,"height":533,"url":"https:\/\/eurecat.org\/wp-content\/uploads\/2025\/03\/Eurecat_MWC_Sit2Stand_800px.jpg","type":"image\/jpeg"}],"author":"eurecatNG","twitter_card":"summary_large_image","twitter_misc":{"Escrito por":"eurecatNG","Tiempo de lectura":"4 minutos"},"schema":{"@context":"https:\/\/schema.org","@graph":[{"@type":"Article","@id":"https:\/\/eurecat.org\/es\/un-dispositivo-inteligente-para-prevenir-caidas-de-las-personas-mayores-con-deterioro-cognitivo\/#article","isPartOf":{"@id":"https:\/\/eurecat.org\/es\/un-dispositivo-inteligente-para-prevenir-caidas-de-las-personas-mayores-con-deterioro-cognitivo\/"},"author":{"name":"eurecatNG","@id":"https:\/\/eurecat.org\/es\/#\/schema\/person\/8342992d6929ad043b305d3cac68b3f4"},"headline":"Un dispositivo inteligente para prevenir ca\u00eddas de las personas mayores con deterioro cognitivo","datePublished":"2025-03-04T15:30:04+00:00","dateModified":"2025-03-05T16:05:16+00:00","mainEntityOfPage":{"@id":"https:\/\/eurecat.org\/es\/un-dispositivo-inteligente-para-prevenir-caidas-de-las-personas-mayores-con-deterioro-cognitivo\/"},"wordCount":933,"commentCount":0,"image":{"@id":"https:\/\/eurecat.org\/es\/un-dispositivo-inteligente-para-prevenir-caidas-de-las-personas-mayores-con-deterioro-cognitivo\/#primaryimage"},"thumbnailUrl":"https:\/\/eurecat.org\/wp-content\/uploads\/2025\/03\/Eurecat_MWC_Sit2Stand_800px.jpg","articleSection":["Ferias","Mobile World Congress","Notas de prensa","Salud"],"inLanguage":"es","potentialAction":[{"@type":"CommentAction","name":"Comment","target":["https:\/\/eurecat.org\/es\/un-dispositivo-inteligente-para-prevenir-caidas-de-las-personas-mayores-con-deterioro-cognitivo\/#respond"]}]},{"@type":"WebPage","@id":"https:\/\/eurecat.org\/es\/un-dispositivo-inteligente-para-prevenir-caidas-de-las-personas-mayores-con-deterioro-cognitivo\/","url":"https:\/\/eurecat.org\/es\/un-dispositivo-inteligente-para-prevenir-caidas-de-las-personas-mayores-con-deterioro-cognitivo\/","name":"Dispositivo inteligente para prevenir ca\u00eddas de las personas mayores","isPartOf":{"@id":"https:\/\/eurecat.org\/es\/#website"},"primaryImageOfPage":{"@id":"https:\/\/eurecat.org\/es\/un-dispositivo-inteligente-para-prevenir-caidas-de-las-personas-mayores-con-deterioro-cognitivo\/#primaryimage"},"image":{"@id":"https:\/\/eurecat.org\/es\/un-dispositivo-inteligente-para-prevenir-caidas-de-las-personas-mayores-con-deterioro-cognitivo\/#primaryimage"},"thumbnailUrl":"https:\/\/eurecat.org\/wp-content\/uploads\/2025\/03\/Eurecat_MWC_Sit2Stand_800px.jpg","datePublished":"2025-03-04T15:30:04+00:00","dateModified":"2025-03-05T16:05:16+00:00","author":{"@id":"https:\/\/eurecat.org\/es\/#\/schema\/person\/8342992d6929ad043b305d3cac68b3f4"},"description":"Un dispositivo inteligente para prevenir ca\u00eddas de las personas mayores con deterioro cognitivo","breadcrumb":{"@id":"https:\/\/eurecat.org\/es\/un-dispositivo-inteligente-para-prevenir-caidas-de-las-personas-mayores-con-deterioro-cognitivo\/#breadcrumb"},"inLanguage":"es","potentialAction":[{"@type":"ReadAction","target":["https:\/\/eurecat.org\/es\/un-dispositivo-inteligente-para-prevenir-caidas-de-las-personas-mayores-con-deterioro-cognitivo\/"]}]},{"@type":"ImageObject","inLanguage":"es","@id":"https:\/\/eurecat.org\/es\/un-dispositivo-inteligente-para-prevenir-caidas-de-las-personas-mayores-con-deterioro-cognitivo\/#primaryimage","url":"https:\/\/eurecat.org\/wp-content\/uploads\/2025\/03\/Eurecat_MWC_Sit2Stand_800px.jpg","contentUrl":"https:\/\/eurecat.org\/wp-content\/uploads\/2025\/03\/Eurecat_MWC_Sit2Stand_800px.jpg","width":800,"height":533,"caption":"eurecat MWC prevenir ca\u00eddas"},{"@type":"BreadcrumbList","@id":"https:\/\/eurecat.org\/es\/un-dispositivo-inteligente-para-prevenir-caidas-de-las-personas-mayores-con-deterioro-cognitivo\/#breadcrumb","itemListElement":[{"@type":"ListItem","position":1,"name":"Inici","item":"https:\/\/eurecat.org\/es\/"},{"@type":"ListItem","position":2,"name":"Un dispositivo inteligente para prevenir ca\u00eddas de las personas mayores con deterioro cognitivo"}]},{"@type":"WebSite","@id":"https:\/\/eurecat.org\/es\/#website","url":"https:\/\/eurecat.org\/es\/","name":"Eurecat","description":"Otro sitio realizado con WordPress","potentialAction":[{"@type":"SearchAction","target":{"@type":"EntryPoint","urlTemplate":"https:\/\/eurecat.org\/es\/?s={search_term_string}"},"query-input":{"@type":"PropertyValueSpecification","valueRequired":true,"valueName":"search_term_string"}}],"inLanguage":"es"},{"@type":"Person","@id":"https:\/\/eurecat.org\/es\/#\/schema\/person\/8342992d6929ad043b305d3cac68b3f4","name":"eurecatNG","image":{"@type":"ImageObject","inLanguage":"es","@id":"https:\/\/secure.gravatar.com\/avatar\/63200cb70ae4f15a0f673050f36df149dba802bea7614e8f838aaccfcf8ea11d?s=96&d=mm&r=g","url":"https:\/\/secure.gravatar.com\/avatar\/63200cb70ae4f15a0f673050f36df149dba802bea7614e8f838aaccfcf8ea11d?s=96&d=mm&r=g","contentUrl":"https:\/\/secure.gravatar.com\/avatar\/63200cb70ae4f15a0f673050f36df149dba802bea7614e8f838aaccfcf8ea11d?s=96&d=mm&r=g","caption":"eurecatNG"}}]}},"_links":{"self":[{"href":"https:\/\/eurecat.org\/es\/wp-json\/wp\/v2\/posts\/173838","targetHints":{"allow":["GET"]}}],"collection":[{"href":"https:\/\/eurecat.org\/es\/wp-json\/wp\/v2\/posts"}],"about":[{"href":"https:\/\/eurecat.org\/es\/wp-json\/wp\/v2\/types\/post"}],"author":[{"embeddable":true,"href":"https:\/\/eurecat.org\/es\/wp-json\/wp\/v2\/users\/27"}],"replies":[{"embeddable":true,"href":"https:\/\/eurecat.org\/es\/wp-json\/wp\/v2\/comments?post=173838"}],"version-history":[{"count":1,"href":"https:\/\/eurecat.org\/es\/wp-json\/wp\/v2\/posts\/173838\/revisions"}],"predecessor-version":[{"id":173840,"href":"https:\/\/eurecat.org\/es\/wp-json\/wp\/v2\/posts\/173838\/revisions\/173840"}],"wp:featuredmedia":[{"embeddable":true,"href":"https:\/\/eurecat.org\/es\/wp-json\/wp\/v2\/media\/173831"}],"wp:attachment":[{"href":"https:\/\/eurecat.org\/es\/wp-json\/wp\/v2\/media?parent=173838"}],"wp:term":[{"taxonomy":"category","embeddable":true,"href":"https:\/\/eurecat.org\/es\/wp-json\/wp\/v2\/categories?post=173838"},{"taxonomy":"post_tag","embeddable":true,"href":"https:\/\/eurecat.org\/es\/wp-json\/wp\/v2\/tags?post=173838"}],"curies":[{"name":"wp","href":"https:\/\/api.w.org\/{rel}","templated":true}]}}