{"id":175359,"date":"2025-03-27T15:45:18","date_gmt":"2025-03-27T14:45:18","guid":{"rendered":"https:\/\/eurecat.org\/?p=175359"},"modified":"2025-03-28T12:49:58","modified_gmt":"2025-03-28T11:49:58","slug":"amposta-capital-de-la-resiliencia-climatica","status":"publish","type":"post","link":"https:\/\/eurecat.org\/es\/amposta-capital-de-la-resiliencia-climatica\/","title":{"rendered":"Amposta, capital de la resiliencia clim\u00e1tica"},"content":{"rendered":"<div class=\"fusion-fullwidth fullwidth-box fusion-builder-row-1 fusion-flex-container nonhundred-percent-fullwidth non-hundred-percent-height-scrolling\" style=\"--awb-border-radius-top-left:0px;--awb-border-radius-top-right:0px;--awb-border-radius-bottom-right:0px;--awb-border-radius-bottom-left:0px;--awb-flex-wrap:wrap;\" ><div class=\"fusion-builder-row fusion-row fusion-flex-align-items-flex-start fusion-flex-content-wrap\" style=\"max-width:1424.8px;margin-left: calc(-4% \/ 2 );margin-right: calc(-4% \/ 2 );\"><div class=\"fusion-layout-column fusion_builder_column fusion-builder-column-0 fusion_builder_column_1_1 1_1 fusion-flex-column\" style=\"--awb-bg-size:cover;--awb-width-large:100%;--awb-margin-top-large:0px;--awb-spacing-right-large:1.92%;--awb-margin-bottom-large:0px;--awb-spacing-left-large:1.92%;--awb-width-medium:100%;--awb-spacing-right-medium:1.92%;--awb-spacing-left-medium:1.92%;--awb-width-small:100%;--awb-spacing-right-small:1.92%;--awb-spacing-left-small:1.92%;\"><div class=\"fusion-column-wrapper fusion-flex-justify-content-flex-start fusion-content-layout-column\"><div class=\"fusion-text fusion-text-1\"><p>Amposta acoger\u00e1 el pr\u00f3ximo abril el segundo\u00a0workshop\u00a0del\u00a0Centro\u00a0en Resiliencia Clim\u00e1tica (CRC)\u00a0y\u00a0Eurecat, que presentar\u00e1 buenas pr\u00e1cticas en Catalu\u00f1a y en el \u00e1mbito internacional en resiliencia clim\u00e1tica y profundizar\u00e1 en aspectos como la adaptaci\u00f3n ante los efectos del cambio clim\u00e1tico, la reducci\u00f3n de las emisiones, la sostenibilidad, la\u00a0bioeconom\u00eda\u00a0y la regeneraci\u00f3n del paisaje, a partir de la visi\u00f3n de empresas, centros de investigaci\u00f3n e innovaci\u00f3n, administraciones y de iniciativas sociales.<\/p>\n<p>\u201cQue Amposta sea la sede del Centro en Resiliencia Clim\u00e1tica de Eurecat y acoja una jornada de primer nivel como esta es motivo de orgullo\u201d, se\u00f1ala el alcalde de Amposta, Adam Tom\u00e0s, poniendo en valor que \u201cdesde el primer momento el gobierno municipal ha estado alineado con Eurecat para poder llevar adelante el Edificio Semilla y dar soporte a toda aquella investigaci\u00f3n cient\u00edfica que se hace desde aqu\u00ed\u201d.<\/p>\n<p>El evento aportar\u00e1 estrategias y soluciones innovadoras que contribuyan a \u201cconvertir los retos que genera la emergencia clim\u00e1tica en oportunidades de transformaci\u00f3n del modelo econ\u00f3mico y de gesti\u00f3n del territorio, fomentando una transici\u00f3n ecol\u00f3gica en Catalu\u00f1a, mediante alianzas y colaboraciones del sector p\u00fablico y privado, para dar respuesta a la aceleraci\u00f3n de los efectos del cambio clim\u00e1tico, especialmente en el Mediterr\u00e1neo, con riesgos crecientes de lograr puntos de no retorno\u201d, explica el director del\u00a0Centro\u00a0en Resiliencia Clim\u00e1tica, Carles Ib\u00e1\u00f1ez.<\/p>\n<p>\u201cDesde el gobierno municipal estamos muy alineados con todas aquellas pol\u00edticas que podamos llevar a cabo para dar respuesta a esta aceleraci\u00f3n del cambio clim\u00e1tico\u201d, a\u00f1ade la regidora de Acci\u00f3n Clim\u00e1tica y Medio Rural, N\u00faria Marco, \u201clo demuestran las pol\u00edticas de sostenibilidad que implementamos desde el Ayuntamiento de Amposta vinculadas a la sostenibilidad medioambiental, econ\u00f3mica y social\u201d.<\/p>\n<p>Las inscripciones para participar en el\u00a0workshop, que se celebrar\u00e1 en el Auditorio Municipal de Amposta los d\u00edas 24 y 25 de abril, est\u00e1n abiertas a toda la sociedad y se pueden realizar en l\u00ednea de forma gratuita.<\/p>\n<p>El acontecimiento contar\u00e1 con voces expertas en varios \u00e1mbitos vinculados con la sostenibilidad, la emergencia clim\u00e1tica, el medio ambiente, la tecnolog\u00eda y el conocimiento, de la administraci\u00f3n, la empresa, las organizaciones no gubernamentales, la ciencia, la tecnolog\u00eda y la academia, entre otras.<\/p>\n<p>Durante las diferentes sesiones, se analizar\u00e1n los retos de la adaptaci\u00f3n al cambio clim\u00e1tico en Catalu\u00f1a y su mitigaci\u00f3n con la reducci\u00f3n de las emisiones con efecto invernadero, junto con todos los agentes de la cadena de valor, al mismo tiempo que se pondr\u00e1n sobre la mesa las prioridades necesarias de acci\u00f3n clim\u00e1tica para el impulso de la transici\u00f3n energ\u00e9tica, la movilidad sostenible, as\u00ed como de nuevos modelos de turismo y de producci\u00f3n agroalimentaria, entre otras.<\/p>\n<p>La primera jornada, centrada en la ciencia y la tecnolog\u00eda, ser\u00e1 inaugurada por el presidente de\u00a0Eurecat, Daniel\u00a0Altimiras, y la regidora de Educaci\u00f3n, Acci\u00f3n Clim\u00e1tica y Medio rural del Ayuntamiento de Amposta, N\u00faria Marco.<\/p>\n<p>Entre otras sesiones, se contar\u00e1 con una ponencia de la catedr\u00e1tica de F\u00edsica de la Atm\u00f3sfera por la Universitat de Barcelona, Carme\u00a0Llassat, experta en fen\u00f3menos clim\u00e1ticos extremos como las inundaciones, y con la presentaci\u00f3n del Plan Integral de Energ\u00eda y Clima como marco estrat\u00e9gico de mitigaci\u00f3n de Catalu\u00f1a, por parte del director de la Oficina Catalana de Cambio Clim\u00e1tico,\u00a0Leornardo\u00a0Bejarano.<\/p>\n<p>El alcalde de Amposta, Adam Tom\u00e0s, el director general de\u00a0Eurecat, Xavier L\u00f3pez, y el secretario de Transici\u00f3n Ecol\u00f3gica del Departamento de Territorio, Vivienda y Transici\u00f3n Ecol\u00f3gica de la Generalitat, Jordi\u00a0Sargatal, abrir\u00e1n la segunda jornada, que estar\u00e1 dedicada al papel de la sociedad, la administraci\u00f3n y la empresa en la acci\u00f3n para afrontar el cambio clim\u00e1tico. La clausura del\u00a0workshop\u00a0ser\u00e1 a cargo de la consejera de Territorio, Vivienda y Transici\u00f3n Ecol\u00f3gica, S\u00edlvia\u00a0Paneque.<\/p>\n<p>Entre otras ponencias, la directora general de Calidad Ambiental y Cambio Clim\u00e1tico del Departamento de Territorio, Vivienda y Transici\u00f3n Ecol\u00f3gica,\u00a0Sonsoles\u00a0Letang, avanzar\u00e1 los ejes de trabajo estrat\u00e9gicos de la Generalitat para la transici\u00f3n ecol\u00f3gica y el cambio clim\u00e1tico.<\/p>\n<p>Adem\u00e1s, las empresas\u00a0Naturgy, Ciments Molins, Laboratorios Ferrer,\u00a0Borges\u00a0y el F\u00fatbol Club Barcelona compartir\u00e1n las iniciativas que han implementado para la resiliencia clim\u00e1tica, en una mesa redonda moderada por la directora de la Fundaci\u00f3n Empresa y Clima, Elvira Carles.<\/p>\n<p>Participar\u00e1n tambi\u00e9n empresas y organismos como el Centro de Estudios Avanzados de Blanes (CEAB-CSIC), el Colectivo para un nuevo modelo Energ\u00e9tico y Social Sostenible (CMES), el Consejo Asesor para el Desarrollo Sostenible, la Universitat de Barcelona, la Universitat Rovira i Virgili, el Institut Cartogr\u00e0fic i Geol\u00f2gic de Catalunya, la Diputaci\u00f3n de Barcelona,\u00a0EarthPulse, la Fundaci\u00f3 Catalunya la Pedrera, el Centro Internacional de Investigaci\u00f3n de los Recursos Costeros (CIIRC-UPC), el Centro de Investigaci\u00f3n de Ecolog\u00eda y Aplicaciones Forestales (CREAF), el Observatori de l\u2019Ebre, la Agencia Catalana del Agua,\u00a0SEO\/BirdLife\u00a0y\u00a0Nactiva.<\/p>\n<h3>El Centro en Resiliencia Clim\u00e1tica, referente en innovaciones tecnol\u00f3gicas ante el cambio clim\u00e1tico<\/h3>\n<p>El Centro en Resiliencia Clim\u00e1tica es un centro de excelencia referente en Catalu\u00f1a que desarrolla investigaci\u00f3n aplicada, herramientas metodol\u00f3gicas y tecnolog\u00edas innovadoras para acelerar la aplicaci\u00f3n de soluciones multitecnol\u00f3gicas a los retos que hay que afrontar, as\u00ed como trabaja para catalizar la innovaci\u00f3n y transferencia de conocimiento en materia de resiliencia clim\u00e1tica para acelerar la transici\u00f3n ecol\u00f3gica hacia el desarrollo sostenible en los territorios, las empresas, los ciudadanos y las administraciones para adaptarse a la emergencia clim\u00e1tica. Adem\u00e1s, busca contribuir a la implementaci\u00f3n de las estrategias compartidas de adaptaci\u00f3n y mitigaci\u00f3n del cambio clim\u00e1tico y transformaci\u00f3n econ\u00f3mica, as\u00ed como de las agendas internacionales.<\/p>\n<p>As\u00ed, implementa actividades en \u00e1reas diversas que alcanzan desde la elaboraci\u00f3n de soluciones basadas en la naturaleza hasta el dise\u00f1o de planes relacionados con la\u00a0bioeconom\u00eda\u00a0y la resiliencia territorial, en numerosas iniciativas como el proyecto europeo\u00a0Bioresilmed\u00a0para el fomento de la\u00a0bioeconom\u00eda\u00a0en los paisajes mediterr\u00e1neos de costa y de interior, mediante el uso de metodolog\u00edas participativas y de una red de fincas experimentales.<\/p>\n<p><strong>D\u00edas<\/strong>: jueves 24 de abril y viernes 25 de abril de 2025<\/p>\n<p><strong>Hora<\/strong>: d\u00eda 24 de las 10.30h a las 18h, y d\u00eda 25 de las 10.15h a las 14.30 h<\/p>\n<p><strong>Lugar<\/strong>: Auditorio Municipal de Amposta (Calle Sebasti\u00e0 Juan Arb\u00f3, Amposta)<\/p>\n<p><strong>Inscripciones:<\/strong> <a href=\"https:\/\/www.tfaforms.com\/5158243\">www.tfaforms.com\/5158243<\/a><\/p>\n<p><strong>Programa<\/strong>: <a href=\"https:\/\/centreenresilienciaclimatica.org\/2n-workshop-la-resiliencia-climatica-a-catalunya-punts-de-no-retorn-oportunitats-bones-practiques\/\">centreenresilienciaclimatica.org\/2n-workshop-la-resiliencia-climatica-a-catalunya-punts-de-no-retorn-oportunitats-bones-practiques\/<\/a><\/p>\n<\/div><\/div><\/div><\/div><\/div>\n","protected":false},"excerpt":{"rendered":"","protected":false},"author":27,"featured_media":175326,"comment_status":"open","ping_status":"closed","sticky":false,"template":"","format":"standard","meta":{"footnotes":""},"categories":[2312,134,411],"tags":[],"class_list":["post-175359","post","type-post","status-publish","format-standard","has-post-thumbnail","hentry","category-canvi-climatic-es","category-notas-de-prensa","category-sostenibilidad"],"yoast_head":"<!-- This site is optimized with the Yoast SEO plugin v27.5 - https:\/\/yoast.com\/product\/yoast-seo-wordpress\/ -->\n<title>Amposta, capital de la resiliencia clim\u00e1tica - Eurecat<\/title>\n<meta name=\"description\" content=\"Amposta, capital de la resiliencia clim\u00e1tica\" \/>\n<meta name=\"robots\" content=\"index, follow, max-snippet:-1, max-image-preview:large, max-video-preview:-1\" \/>\n<link rel=\"canonical\" href=\"https:\/\/eurecat.org\/es\/amposta-capital-de-la-resiliencia-climatica\/\" \/>\n<meta property=\"og:locale\" content=\"es_ES\" \/>\n<meta property=\"og:type\" content=\"article\" \/>\n<meta property=\"og:title\" content=\"Amposta, capital de la resiliencia clim\u00e1tica - Eurecat\" \/>\n<meta property=\"og:description\" content=\"Amposta, capital de la resiliencia clim\u00e1tica\" \/>\n<meta property=\"og:url\" content=\"https:\/\/eurecat.org\/es\/amposta-capital-de-la-resiliencia-climatica\/\" \/>\n<meta property=\"og:site_name\" content=\"Eurecat\" \/>\n<meta property=\"article:published_time\" content=\"2025-03-27T14:45:18+00:00\" \/>\n<meta property=\"article:modified_time\" content=\"2025-03-28T11:49:58+00:00\" \/>\n<meta property=\"og:image\" content=\"https:\/\/eurecat.org\/wp-content\/uploads\/2025\/03\/CarlesIbanez_AdamTomas_NuriaMarco-a-CRC_Amposta_800px.jpg\" \/>\n\t<meta property=\"og:image:width\" content=\"800\" \/>\n\t<meta property=\"og:image:height\" content=\"546\" \/>\n\t<meta property=\"og:image:type\" content=\"image\/jpeg\" \/>\n<meta name=\"author\" content=\"eurecatNG\" \/>\n<meta name=\"twitter:card\" content=\"summary_large_image\" \/>\n<meta name=\"twitter:label1\" content=\"Escrito por\" \/>\n\t<meta name=\"twitter:data1\" content=\"eurecatNG\" \/>\n\t<meta name=\"twitter:label2\" content=\"Tiempo de lectura\" \/>\n\t<meta name=\"twitter:data2\" content=\"6 minutos\" \/>\n<script type=\"application\/ld+json\" class=\"yoast-schema-graph\">{\"@context\":\"https:\\\/\\\/schema.org\",\"@graph\":[{\"@type\":\"Article\",\"@id\":\"https:\\\/\\\/eurecat.org\\\/es\\\/amposta-capital-de-la-resiliencia-climatica\\\/#article\",\"isPartOf\":{\"@id\":\"https:\\\/\\\/eurecat.org\\\/es\\\/amposta-capital-de-la-resiliencia-climatica\\\/\"},\"author\":{\"name\":\"eurecatNG\",\"@id\":\"https:\\\/\\\/eurecat.org\\\/es\\\/#\\\/schema\\\/person\\\/8342992d6929ad043b305d3cac68b3f4\"},\"headline\":\"Amposta, capital de la resiliencia clim\u00e1tica\",\"datePublished\":\"2025-03-27T14:45:18+00:00\",\"dateModified\":\"2025-03-28T11:49:58+00:00\",\"mainEntityOfPage\":{\"@id\":\"https:\\\/\\\/eurecat.org\\\/es\\\/amposta-capital-de-la-resiliencia-climatica\\\/\"},\"wordCount\":1400,\"commentCount\":0,\"image\":{\"@id\":\"https:\\\/\\\/eurecat.org\\\/es\\\/amposta-capital-de-la-resiliencia-climatica\\\/#primaryimage\"},\"thumbnailUrl\":\"https:\\\/\\\/eurecat.org\\\/wp-content\\\/uploads\\\/2025\\\/03\\\/CarlesIbanez_AdamTomas_NuriaMarco-a-CRC_Amposta_800px.jpg\",\"articleSection\":[\"Canvi Clim\u00e0tic\",\"Notas de prensa\",\"Sostenibilidad\"],\"inLanguage\":\"es\",\"potentialAction\":[{\"@type\":\"CommentAction\",\"name\":\"Comment\",\"target\":[\"https:\\\/\\\/eurecat.org\\\/es\\\/amposta-capital-de-la-resiliencia-climatica\\\/#respond\"]}]},{\"@type\":\"WebPage\",\"@id\":\"https:\\\/\\\/eurecat.org\\\/es\\\/amposta-capital-de-la-resiliencia-climatica\\\/\",\"url\":\"https:\\\/\\\/eurecat.org\\\/es\\\/amposta-capital-de-la-resiliencia-climatica\\\/\",\"name\":\"Amposta, capital de la resiliencia clim\u00e1tica - Eurecat\",\"isPartOf\":{\"@id\":\"https:\\\/\\\/eurecat.org\\\/es\\\/#website\"},\"primaryImageOfPage\":{\"@id\":\"https:\\\/\\\/eurecat.org\\\/es\\\/amposta-capital-de-la-resiliencia-climatica\\\/#primaryimage\"},\"image\":{\"@id\":\"https:\\\/\\\/eurecat.org\\\/es\\\/amposta-capital-de-la-resiliencia-climatica\\\/#primaryimage\"},\"thumbnailUrl\":\"https:\\\/\\\/eurecat.org\\\/wp-content\\\/uploads\\\/2025\\\/03\\\/CarlesIbanez_AdamTomas_NuriaMarco-a-CRC_Amposta_800px.jpg\",\"datePublished\":\"2025-03-27T14:45:18+00:00\",\"dateModified\":\"2025-03-28T11:49:58+00:00\",\"author\":{\"@id\":\"https:\\\/\\\/eurecat.org\\\/es\\\/#\\\/schema\\\/person\\\/8342992d6929ad043b305d3cac68b3f4\"},\"description\":\"Amposta, capital de la resiliencia clim\u00e1tica\",\"breadcrumb\":{\"@id\":\"https:\\\/\\\/eurecat.org\\\/es\\\/amposta-capital-de-la-resiliencia-climatica\\\/#breadcrumb\"},\"inLanguage\":\"es\",\"potentialAction\":[{\"@type\":\"ReadAction\",\"target\":[\"https:\\\/\\\/eurecat.org\\\/es\\\/amposta-capital-de-la-resiliencia-climatica\\\/\"]}]},{\"@type\":\"ImageObject\",\"inLanguage\":\"es\",\"@id\":\"https:\\\/\\\/eurecat.org\\\/es\\\/amposta-capital-de-la-resiliencia-climatica\\\/#primaryimage\",\"url\":\"https:\\\/\\\/eurecat.org\\\/wp-content\\\/uploads\\\/2025\\\/03\\\/CarlesIbanez_AdamTomas_NuriaMarco-a-CRC_Amposta_800px.jpg\",\"contentUrl\":\"https:\\\/\\\/eurecat.org\\\/wp-content\\\/uploads\\\/2025\\\/03\\\/CarlesIbanez_AdamTomas_NuriaMarco-a-CRC_Amposta_800px.jpg\",\"width\":800,\"height\":546,\"caption\":\"eurecat crc resili\u00e8ncia clim\u00e0tica\"},{\"@type\":\"BreadcrumbList\",\"@id\":\"https:\\\/\\\/eurecat.org\\\/es\\\/amposta-capital-de-la-resiliencia-climatica\\\/#breadcrumb\",\"itemListElement\":[{\"@type\":\"ListItem\",\"position\":1,\"name\":\"Inici\",\"item\":\"https:\\\/\\\/eurecat.org\\\/es\\\/\"},{\"@type\":\"ListItem\",\"position\":2,\"name\":\"Amposta, capital de la resiliencia clim\u00e1tica\"}]},{\"@type\":\"WebSite\",\"@id\":\"https:\\\/\\\/eurecat.org\\\/es\\\/#website\",\"url\":\"https:\\\/\\\/eurecat.org\\\/es\\\/\",\"name\":\"Eurecat\",\"description\":\"Otro sitio realizado con WordPress\",\"potentialAction\":[{\"@type\":\"SearchAction\",\"target\":{\"@type\":\"EntryPoint\",\"urlTemplate\":\"https:\\\/\\\/eurecat.org\\\/es\\\/?s={search_term_string}\"},\"query-input\":{\"@type\":\"PropertyValueSpecification\",\"valueRequired\":true,\"valueName\":\"search_term_string\"}}],\"inLanguage\":\"es\"},{\"@type\":\"Person\",\"@id\":\"https:\\\/\\\/eurecat.org\\\/es\\\/#\\\/schema\\\/person\\\/8342992d6929ad043b305d3cac68b3f4\",\"name\":\"eurecatNG\",\"image\":{\"@type\":\"ImageObject\",\"inLanguage\":\"es\",\"@id\":\"https:\\\/\\\/secure.gravatar.com\\\/avatar\\\/63200cb70ae4f15a0f673050f36df149dba802bea7614e8f838aaccfcf8ea11d?s=96&d=mm&r=g\",\"url\":\"https:\\\/\\\/secure.gravatar.com\\\/avatar\\\/63200cb70ae4f15a0f673050f36df149dba802bea7614e8f838aaccfcf8ea11d?s=96&d=mm&r=g\",\"contentUrl\":\"https:\\\/\\\/secure.gravatar.com\\\/avatar\\\/63200cb70ae4f15a0f673050f36df149dba802bea7614e8f838aaccfcf8ea11d?s=96&d=mm&r=g\",\"caption\":\"eurecatNG\"}}]}<\/script>\n<!-- \/ Yoast SEO plugin. -->","yoast_head_json":{"title":"Amposta, capital de la resiliencia clim\u00e1tica - Eurecat","description":"Amposta, capital de la resiliencia clim\u00e1tica","robots":{"index":"index","follow":"follow","max-snippet":"max-snippet:-1","max-image-preview":"max-image-preview:large","max-video-preview":"max-video-preview:-1"},"canonical":"https:\/\/eurecat.org\/es\/amposta-capital-de-la-resiliencia-climatica\/","og_locale":"es_ES","og_type":"article","og_title":"Amposta, capital de la resiliencia clim\u00e1tica - Eurecat","og_description":"Amposta, capital de la resiliencia clim\u00e1tica","og_url":"https:\/\/eurecat.org\/es\/amposta-capital-de-la-resiliencia-climatica\/","og_site_name":"Eurecat","article_published_time":"2025-03-27T14:45:18+00:00","article_modified_time":"2025-03-28T11:49:58+00:00","og_image":[{"width":800,"height":546,"url":"https:\/\/eurecat.org\/wp-content\/uploads\/2025\/03\/CarlesIbanez_AdamTomas_NuriaMarco-a-CRC_Amposta_800px.jpg","type":"image\/jpeg"}],"author":"eurecatNG","twitter_card":"summary_large_image","twitter_misc":{"Escrito por":"eurecatNG","Tiempo de lectura":"6 minutos"},"schema":{"@context":"https:\/\/schema.org","@graph":[{"@type":"Article","@id":"https:\/\/eurecat.org\/es\/amposta-capital-de-la-resiliencia-climatica\/#article","isPartOf":{"@id":"https:\/\/eurecat.org\/es\/amposta-capital-de-la-resiliencia-climatica\/"},"author":{"name":"eurecatNG","@id":"https:\/\/eurecat.org\/es\/#\/schema\/person\/8342992d6929ad043b305d3cac68b3f4"},"headline":"Amposta, capital de la resiliencia clim\u00e1tica","datePublished":"2025-03-27T14:45:18+00:00","dateModified":"2025-03-28T11:49:58+00:00","mainEntityOfPage":{"@id":"https:\/\/eurecat.org\/es\/amposta-capital-de-la-resiliencia-climatica\/"},"wordCount":1400,"commentCount":0,"image":{"@id":"https:\/\/eurecat.org\/es\/amposta-capital-de-la-resiliencia-climatica\/#primaryimage"},"thumbnailUrl":"https:\/\/eurecat.org\/wp-content\/uploads\/2025\/03\/CarlesIbanez_AdamTomas_NuriaMarco-a-CRC_Amposta_800px.jpg","articleSection":["Canvi Clim\u00e0tic","Notas de prensa","Sostenibilidad"],"inLanguage":"es","potentialAction":[{"@type":"CommentAction","name":"Comment","target":["https:\/\/eurecat.org\/es\/amposta-capital-de-la-resiliencia-climatica\/#respond"]}]},{"@type":"WebPage","@id":"https:\/\/eurecat.org\/es\/amposta-capital-de-la-resiliencia-climatica\/","url":"https:\/\/eurecat.org\/es\/amposta-capital-de-la-resiliencia-climatica\/","name":"Amposta, capital de la resiliencia clim\u00e1tica - Eurecat","isPartOf":{"@id":"https:\/\/eurecat.org\/es\/#website"},"primaryImageOfPage":{"@id":"https:\/\/eurecat.org\/es\/amposta-capital-de-la-resiliencia-climatica\/#primaryimage"},"image":{"@id":"https:\/\/eurecat.org\/es\/amposta-capital-de-la-resiliencia-climatica\/#primaryimage"},"thumbnailUrl":"https:\/\/eurecat.org\/wp-content\/uploads\/2025\/03\/CarlesIbanez_AdamTomas_NuriaMarco-a-CRC_Amposta_800px.jpg","datePublished":"2025-03-27T14:45:18+00:00","dateModified":"2025-03-28T11:49:58+00:00","author":{"@id":"https:\/\/eurecat.org\/es\/#\/schema\/person\/8342992d6929ad043b305d3cac68b3f4"},"description":"Amposta, capital de la resiliencia clim\u00e1tica","breadcrumb":{"@id":"https:\/\/eurecat.org\/es\/amposta-capital-de-la-resiliencia-climatica\/#breadcrumb"},"inLanguage":"es","potentialAction":[{"@type":"ReadAction","target":["https:\/\/eurecat.org\/es\/amposta-capital-de-la-resiliencia-climatica\/"]}]},{"@type":"ImageObject","inLanguage":"es","@id":"https:\/\/eurecat.org\/es\/amposta-capital-de-la-resiliencia-climatica\/#primaryimage","url":"https:\/\/eurecat.org\/wp-content\/uploads\/2025\/03\/CarlesIbanez_AdamTomas_NuriaMarco-a-CRC_Amposta_800px.jpg","contentUrl":"https:\/\/eurecat.org\/wp-content\/uploads\/2025\/03\/CarlesIbanez_AdamTomas_NuriaMarco-a-CRC_Amposta_800px.jpg","width":800,"height":546,"caption":"eurecat crc resili\u00e8ncia clim\u00e0tica"},{"@type":"BreadcrumbList","@id":"https:\/\/eurecat.org\/es\/amposta-capital-de-la-resiliencia-climatica\/#breadcrumb","itemListElement":[{"@type":"ListItem","position":1,"name":"Inici","item":"https:\/\/eurecat.org\/es\/"},{"@type":"ListItem","position":2,"name":"Amposta, capital de la resiliencia clim\u00e1tica"}]},{"@type":"WebSite","@id":"https:\/\/eurecat.org\/es\/#website","url":"https:\/\/eurecat.org\/es\/","name":"Eurecat","description":"Otro sitio realizado con WordPress","potentialAction":[{"@type":"SearchAction","target":{"@type":"EntryPoint","urlTemplate":"https:\/\/eurecat.org\/es\/?s={search_term_string}"},"query-input":{"@type":"PropertyValueSpecification","valueRequired":true,"valueName":"search_term_string"}}],"inLanguage":"es"},{"@type":"Person","@id":"https:\/\/eurecat.org\/es\/#\/schema\/person\/8342992d6929ad043b305d3cac68b3f4","name":"eurecatNG","image":{"@type":"ImageObject","inLanguage":"es","@id":"https:\/\/secure.gravatar.com\/avatar\/63200cb70ae4f15a0f673050f36df149dba802bea7614e8f838aaccfcf8ea11d?s=96&d=mm&r=g","url":"https:\/\/secure.gravatar.com\/avatar\/63200cb70ae4f15a0f673050f36df149dba802bea7614e8f838aaccfcf8ea11d?s=96&d=mm&r=g","contentUrl":"https:\/\/secure.gravatar.com\/avatar\/63200cb70ae4f15a0f673050f36df149dba802bea7614e8f838aaccfcf8ea11d?s=96&d=mm&r=g","caption":"eurecatNG"}}]}},"_links":{"self":[{"href":"https:\/\/eurecat.org\/es\/wp-json\/wp\/v2\/posts\/175359","targetHints":{"allow":["GET"]}}],"collection":[{"href":"https:\/\/eurecat.org\/es\/wp-json\/wp\/v2\/posts"}],"about":[{"href":"https:\/\/eurecat.org\/es\/wp-json\/wp\/v2\/types\/post"}],"author":[{"embeddable":true,"href":"https:\/\/eurecat.org\/es\/wp-json\/wp\/v2\/users\/27"}],"replies":[{"embeddable":true,"href":"https:\/\/eurecat.org\/es\/wp-json\/wp\/v2\/comments?post=175359"}],"version-history":[{"count":2,"href":"https:\/\/eurecat.org\/es\/wp-json\/wp\/v2\/posts\/175359\/revisions"}],"predecessor-version":[{"id":175433,"href":"https:\/\/eurecat.org\/es\/wp-json\/wp\/v2\/posts\/175359\/revisions\/175433"}],"wp:featuredmedia":[{"embeddable":true,"href":"https:\/\/eurecat.org\/es\/wp-json\/wp\/v2\/media\/175326"}],"wp:attachment":[{"href":"https:\/\/eurecat.org\/es\/wp-json\/wp\/v2\/media?parent=175359"}],"wp:term":[{"taxonomy":"category","embeddable":true,"href":"https:\/\/eurecat.org\/es\/wp-json\/wp\/v2\/categories?post=175359"},{"taxonomy":"post_tag","embeddable":true,"href":"https:\/\/eurecat.org\/es\/wp-json\/wp\/v2\/tags?post=175359"}],"curies":[{"name":"wp","href":"https:\/\/api.w.org\/{rel}","templated":true}]}}