{"id":175761,"date":"2025-04-02T13:19:53","date_gmt":"2025-04-02T11:19:53","guid":{"rendered":"https:\/\/eurecat.org\/?p=175761"},"modified":"2025-04-02T13:22:02","modified_gmt":"2025-04-02T11:22:02","slug":"eurecat-inicia-nueva-etapa-con-voluntad-de-consolidar-su-liderazgo-en-tecnologias-que-aporten-soluciones-a-grandes-retos-sociales-e-industriales","status":"publish","type":"post","link":"https:\/\/eurecat.org\/es\/eurecat-inicia-nueva-etapa-con-voluntad-de-consolidar-su-liderazgo-en-tecnologias-que-aporten-soluciones-a-grandes-retos-sociales-e-industriales\/","title":{"rendered":"Eurecat inicia nueva etapa con voluntad de consolidar su liderazgo en tecnolog\u00edas que aporten soluciones a grandes retos sociales e industriales"},"content":{"rendered":"<div class=\"fusion-fullwidth fullwidth-box fusion-builder-row-1 fusion-flex-container has-pattern-background has-mask-background nonhundred-percent-fullwidth non-hundred-percent-height-scrolling\" style=\"--awb-border-radius-top-left:0px;--awb-border-radius-top-right:0px;--awb-border-radius-bottom-right:0px;--awb-border-radius-bottom-left:0px;--awb-flex-wrap:wrap;\" ><div class=\"fusion-builder-row fusion-row fusion-flex-align-items-flex-start fusion-flex-content-wrap\" style=\"max-width:1424.8px;margin-left: calc(-4% \/ 2 );margin-right: calc(-4% \/ 2 );\"><div class=\"fusion-layout-column fusion_builder_column fusion-builder-column-0 fusion_builder_column_1_1 1_1 fusion-flex-column\" style=\"--awb-bg-size:cover;--awb-width-large:100%;--awb-margin-top-large:0px;--awb-spacing-right-large:1.92%;--awb-margin-bottom-large:20px;--awb-spacing-left-large:1.92%;--awb-width-medium:100%;--awb-order-medium:0;--awb-spacing-right-medium:1.92%;--awb-spacing-left-medium:1.92%;--awb-width-small:100%;--awb-order-small:0;--awb-spacing-right-small:1.92%;--awb-spacing-left-small:1.92%;\"><div class=\"fusion-column-wrapper fusion-column-has-shadow fusion-flex-justify-content-flex-start fusion-content-layout-column\"><div class=\"fusion-text fusion-text-1\"><p>El Patronato de <a href=\"http:\/\/eurecat.org\/es\/\">Eurecat<\/a> ha aprobado su nuevo Plan estrat\u00e9gico para los pr\u00f3ximos tres a\u00f1os, que inaugura una nueva etapa del centro tecnol\u00f3gico enfocada al impulso de tecnolog\u00edas transformadoras para superar los actuales retos empresariales y sociales. El inicio del nuevo per\u00edodo estrat\u00e9gico coincide con el d\u00e9cimo aniversario de Eurecat, un hito simb\u00f3lico que el centro ha querido aprovechar para renovar y fortalecer su compromiso como agente tecnol\u00f3gico clave del pa\u00eds y motor de innovaciones que mejoran la productividad, la competitividad empresarial y el bienestar de los ciudadanos.<\/p>\n<p>En palabras del director general de Eurecat, Xavier L\u00f3pez, \u201cen el mundo actual la competitividad de los territorios est\u00e1 ligada a la innovaci\u00f3n y, al mismo tiempo, la innovaci\u00f3n tiene que estar comprometida con el bienestar y la prosperidad social\u201d. Desde la perspectiva de los grandes retos globales, como la crisis demogr\u00e1fica y clim\u00e1tica, la dimensi\u00f3n geoestrat\u00e9gica de las tecnolog\u00edas, el acceso a los recursos y las desigualdades sociales, \u201ccon el nuevo Plan estrat\u00e9gico, Eurecat se replantea c\u00f3mo puede servir mejor a las empresas, a la econom\u00eda, a las administraciones y, en definitiva, a la sociedad y al planeta, para construir un futuro m\u00e1s pr\u00f3spero para todos\u201d, subraya el director general de Eurecat.<\/p>\n<p>En este sentido, el nuevo Plan estrat\u00e9gico establece misiones tecnol\u00f3gicas alineadas con cuatro retos globales que requieren soluciones tecnol\u00f3gicas transformadoras a largo plazo: la salud y el bienestar a lo largo de la vida, la autonom\u00eda industrial y la soberan\u00eda tecnol\u00f3gica, la calidad ambiental y la resiliencia clim\u00e1tica, y la nueva era digital.<\/p>\n<p>\u201cEstos son retos que, por su complejidad, persistencia, proyecci\u00f3n e impacto, requieren aproximaciones creativas, multidisciplinares, sist\u00e9micas y de convergencia tecnol\u00f3gica\u201d, indica Xavier L\u00f3pez.<\/p>\n<p>\u201cEurecat es un centro multidisciplinar y en los \u00faltimos 10 a\u00f1os hemos aprendido a generar valor tecnol\u00f3gico diferencial de la colaboraci\u00f3n y trabajo conjunto entre equipos internos y externos expertos en diferentes \u00e1mbitos de conocimiento tecnol\u00f3gico. Esto se nos da bastante bien y nos ha permitido sacar adelante numerosos casos de \u00e9xito con empresas, en los que la convergencia tecnol\u00f3gica ha sido el factor decisivo en la obtenci\u00f3n de los buenos resultados\u201d, se\u00f1ala.<\/p>\n<p><strong>Talento y empresas<\/strong><\/p>\n<p>Eurecat prev\u00e9 continuar la senda de crecimiento y alcanzar 100 millones de euros de ingresos y una plantilla de 1.100 personas en 2027 e invertir un total de 24 millones de euros en infraestructuras tecnol\u00f3gicas punteras durante los tres a\u00f1os de vigencia del plan.<\/p>\n<p>Seg\u00fan se\u00f1ala el presidente de Eurecat, Daniel Altimiras, \u201ccomo centro tecnol\u00f3gico sin \u00e1nimo de lucro, cuando hablamos de ingresos e inversiones en Eurecat hablamos de dinero que se dedica a la generaci\u00f3n de conocimiento y tecnolog\u00edas nuevas que se transfieren al tejido productivo, generando valor e impacto positivo en el ecosistema y que nos hacen m\u00e1s competitivos como pa\u00eds\u201d.<\/p>\n<p>En referencia al talento, concluye Altimiras, \u201cEurecat es una comunidad diversa, comprometida y generosa, con talento de alt\u00edsima calificaci\u00f3n. Queremos que nuestro equipo siga creciendo y, por eso, el talento tiene un rol a\u00fan m\u00e1s central en esta nueva etapa de Eurecat\u201d. En efecto, uno de los objetivos estrat\u00e9gicos del nuevo plan \u201ces la consolidaci\u00f3n de una cultura organizativa moderna, de alta eficiencia y sostenible y de un entorno que favorezca el desarrollo profesional, que sea un polo de atracci\u00f3n de talento experto e incidir\u00e1 tambi\u00e9n en su posicionamiento como centro de investigaci\u00f3n aplicada e innovaci\u00f3n l\u00edder de Europa\u201d, destaca.<\/p>\n<p>El nuevo Plan estrat\u00e9gico de Eurecat para 2025-2027 tambi\u00e9n fija objetivos relacionados con el posicionamiento y las relaciones del centro tecnol\u00f3gico con los agentes de los ecosistemas de innovaci\u00f3n en los que participa. En este sentido, Eurecat se afianza en el compromiso y vocaci\u00f3n de servicio a las empresas de todo tama\u00f1o. \u201cA las empresas que exploran soluciones incrementales, por razones reguladoras o de productividad, podemos ayudarlas a alcanzar sus objetivos inmediatos y tal vez inspirarlas para continuar la senda innovadora\u201d, explica Xavier L\u00f3pez, y a\u00f1ade \u201cpara las empresas con madurez y trayectoria innovadora, y tambi\u00e9n para las administraciones, queremos ser m\u00e1s que un proveedor tecnol\u00f3gico. Somos un aliado estrat\u00e9gico para ayudarlas a dise\u00f1ar sus agendas de innovaci\u00f3n a largo plazo y acompa\u00f1arlas durante la implementaci\u00f3n\u201d.<\/p>\n<p>Actualmente, Eurecat re\u00fane la experiencia de m\u00e1s de 800 profesionales que generan un volumen de ingresos que super\u00f3 los 69 millones de euros en 2024 y participa en m\u00e1s de 200 grandes proyectos consorciados de I+D+I nacionales e internacionales de alto valor estrat\u00e9gico en tecnolog\u00edas digitales, industriales, biotecnol\u00f3gicas y en materia de sostenibilidad. El centro tecnol\u00f3gico ha desarrollado m\u00e1s de 230 patentes, suma 10 spin-off y su despliegue territorial se vertebra en once sedes en Catalu\u00f1a, situadas en Barcelona, \u200b\u200bCanet de Mar, Cerdanyola del Vall\u00e9s, Girona, Lleida, Manresa, Matar\u00f3, Reus, Tarragona, Amposta y Vila-seca, adem\u00e1s de tener presencia en M\u00e1laga, Madrid y Chile.<\/p>\n<\/div><\/div><\/div><\/div><\/div>\n","protected":false},"excerpt":{"rendered":"","protected":false},"author":20,"featured_media":175759,"comment_status":"open","ping_status":"closed","sticky":false,"template":"","format":"standard","meta":{"footnotes":""},"categories":[682,134],"tags":[],"class_list":["post-175761","post","type-post","status-publish","format-standard","has-post-thumbnail","hentry","category-corporatiu-es","category-notas-de-prensa"],"yoast_head":"<!-- This site is optimized with the Yoast SEO plugin v27.4 - https:\/\/yoast.com\/product\/yoast-seo-wordpress\/ -->\n<title>Eurecat inicia nueva etapa con voluntad de consolidar su liderazgo en tecnolog\u00edas que aporten soluciones a grandes retos sociales e industriales - Eurecat<\/title>\n<meta name=\"robots\" content=\"index, follow, max-snippet:-1, max-image-preview:large, max-video-preview:-1\" \/>\n<link rel=\"canonical\" href=\"https:\/\/eurecat.org\/es\/eurecat-inicia-nueva-etapa-con-voluntad-de-consolidar-su-liderazgo-en-tecnologias-que-aporten-soluciones-a-grandes-retos-sociales-e-industriales\/\" \/>\n<meta property=\"og:locale\" content=\"es_ES\" \/>\n<meta property=\"og:type\" content=\"article\" \/>\n<meta property=\"og:title\" content=\"Eurecat inicia nueva etapa con voluntad de consolidar su liderazgo en tecnolog\u00edas que aporten soluciones a grandes retos sociales e industriales - Eurecat\" \/>\n<meta property=\"og:url\" content=\"https:\/\/eurecat.org\/es\/eurecat-inicia-nueva-etapa-con-voluntad-de-consolidar-su-liderazgo-en-tecnologias-que-aporten-soluciones-a-grandes-retos-sociales-e-industriales\/\" \/>\n<meta property=\"og:site_name\" content=\"Eurecat\" \/>\n<meta property=\"article:published_time\" content=\"2025-04-02T11:19:53+00:00\" \/>\n<meta property=\"article:modified_time\" content=\"2025-04-02T11:22:02+00:00\" \/>\n<meta property=\"og:image\" content=\"https:\/\/eurecat.org\/wp-content\/uploads\/2025\/04\/President-i-director-general-dEurecat_800px.jpg\" \/>\n\t<meta property=\"og:image:width\" content=\"800\" \/>\n\t<meta property=\"og:image:height\" content=\"574\" \/>\n\t<meta property=\"og:image:type\" content=\"image\/jpeg\" \/>\n<meta name=\"author\" content=\"EurecatEQZ\" \/>\n<meta name=\"twitter:card\" content=\"summary_large_image\" \/>\n<meta name=\"twitter:label1\" content=\"Escrito por\" \/>\n\t<meta name=\"twitter:data1\" content=\"EurecatEQZ\" \/>\n\t<meta name=\"twitter:label2\" content=\"Tiempo de lectura\" \/>\n\t<meta name=\"twitter:data2\" content=\"1 minuto\" \/>\n<script type=\"application\/ld+json\" class=\"yoast-schema-graph\">{\"@context\":\"https:\\\/\\\/schema.org\",\"@graph\":[{\"@type\":\"Article\",\"@id\":\"https:\\\/\\\/eurecat.org\\\/es\\\/eurecat-inicia-nueva-etapa-con-voluntad-de-consolidar-su-liderazgo-en-tecnologias-que-aporten-soluciones-a-grandes-retos-sociales-e-industriales\\\/#article\",\"isPartOf\":{\"@id\":\"https:\\\/\\\/eurecat.org\\\/es\\\/eurecat-inicia-nueva-etapa-con-voluntad-de-consolidar-su-liderazgo-en-tecnologias-que-aporten-soluciones-a-grandes-retos-sociales-e-industriales\\\/\"},\"author\":{\"name\":\"EurecatEQZ\",\"@id\":\"https:\\\/\\\/eurecat.org\\\/es\\\/#\\\/schema\\\/person\\\/99d4d39712001e7621b6867b27b40bed\"},\"headline\":\"Eurecat inicia nueva etapa con voluntad de consolidar su liderazgo en tecnolog\u00edas que aporten soluciones a grandes retos sociales e industriales\",\"datePublished\":\"2025-04-02T11:19:53+00:00\",\"dateModified\":\"2025-04-02T11:22:02+00:00\",\"mainEntityOfPage\":{\"@id\":\"https:\\\/\\\/eurecat.org\\\/es\\\/eurecat-inicia-nueva-etapa-con-voluntad-de-consolidar-su-liderazgo-en-tecnologias-que-aporten-soluciones-a-grandes-retos-sociales-e-industriales\\\/\"},\"wordCount\":1929,\"commentCount\":0,\"image\":{\"@id\":\"https:\\\/\\\/eurecat.org\\\/es\\\/eurecat-inicia-nueva-etapa-con-voluntad-de-consolidar-su-liderazgo-en-tecnologias-que-aporten-soluciones-a-grandes-retos-sociales-e-industriales\\\/#primaryimage\"},\"thumbnailUrl\":\"https:\\\/\\\/eurecat.org\\\/wp-content\\\/uploads\\\/2025\\\/04\\\/President-i-director-general-dEurecat_800px.jpg\",\"articleSection\":[\"Corporativo\",\"Notas de prensa\"],\"inLanguage\":\"es\",\"potentialAction\":[{\"@type\":\"CommentAction\",\"name\":\"Comment\",\"target\":[\"https:\\\/\\\/eurecat.org\\\/es\\\/eurecat-inicia-nueva-etapa-con-voluntad-de-consolidar-su-liderazgo-en-tecnologias-que-aporten-soluciones-a-grandes-retos-sociales-e-industriales\\\/#respond\"]}]},{\"@type\":\"WebPage\",\"@id\":\"https:\\\/\\\/eurecat.org\\\/es\\\/eurecat-inicia-nueva-etapa-con-voluntad-de-consolidar-su-liderazgo-en-tecnologias-que-aporten-soluciones-a-grandes-retos-sociales-e-industriales\\\/\",\"url\":\"https:\\\/\\\/eurecat.org\\\/es\\\/eurecat-inicia-nueva-etapa-con-voluntad-de-consolidar-su-liderazgo-en-tecnologias-que-aporten-soluciones-a-grandes-retos-sociales-e-industriales\\\/\",\"name\":\"Eurecat inicia nueva etapa con voluntad de consolidar su liderazgo en tecnolog\u00edas que aporten soluciones a grandes retos sociales e industriales - Eurecat\",\"isPartOf\":{\"@id\":\"https:\\\/\\\/eurecat.org\\\/es\\\/#website\"},\"primaryImageOfPage\":{\"@id\":\"https:\\\/\\\/eurecat.org\\\/es\\\/eurecat-inicia-nueva-etapa-con-voluntad-de-consolidar-su-liderazgo-en-tecnologias-que-aporten-soluciones-a-grandes-retos-sociales-e-industriales\\\/#primaryimage\"},\"image\":{\"@id\":\"https:\\\/\\\/eurecat.org\\\/es\\\/eurecat-inicia-nueva-etapa-con-voluntad-de-consolidar-su-liderazgo-en-tecnologias-que-aporten-soluciones-a-grandes-retos-sociales-e-industriales\\\/#primaryimage\"},\"thumbnailUrl\":\"https:\\\/\\\/eurecat.org\\\/wp-content\\\/uploads\\\/2025\\\/04\\\/President-i-director-general-dEurecat_800px.jpg\",\"datePublished\":\"2025-04-02T11:19:53+00:00\",\"dateModified\":\"2025-04-02T11:22:02+00:00\",\"author\":{\"@id\":\"https:\\\/\\\/eurecat.org\\\/es\\\/#\\\/schema\\\/person\\\/99d4d39712001e7621b6867b27b40bed\"},\"breadcrumb\":{\"@id\":\"https:\\\/\\\/eurecat.org\\\/es\\\/eurecat-inicia-nueva-etapa-con-voluntad-de-consolidar-su-liderazgo-en-tecnologias-que-aporten-soluciones-a-grandes-retos-sociales-e-industriales\\\/#breadcrumb\"},\"inLanguage\":\"es\",\"potentialAction\":[{\"@type\":\"ReadAction\",\"target\":[\"https:\\\/\\\/eurecat.org\\\/es\\\/eurecat-inicia-nueva-etapa-con-voluntad-de-consolidar-su-liderazgo-en-tecnologias-que-aporten-soluciones-a-grandes-retos-sociales-e-industriales\\\/\"]}]},{\"@type\":\"ImageObject\",\"inLanguage\":\"es\",\"@id\":\"https:\\\/\\\/eurecat.org\\\/es\\\/eurecat-inicia-nueva-etapa-con-voluntad-de-consolidar-su-liderazgo-en-tecnologias-que-aporten-soluciones-a-grandes-retos-sociales-e-industriales\\\/#primaryimage\",\"url\":\"https:\\\/\\\/eurecat.org\\\/wp-content\\\/uploads\\\/2025\\\/04\\\/President-i-director-general-dEurecat_800px.jpg\",\"contentUrl\":\"https:\\\/\\\/eurecat.org\\\/wp-content\\\/uploads\\\/2025\\\/04\\\/President-i-director-general-dEurecat_800px.jpg\",\"width\":800,\"height\":574},{\"@type\":\"BreadcrumbList\",\"@id\":\"https:\\\/\\\/eurecat.org\\\/es\\\/eurecat-inicia-nueva-etapa-con-voluntad-de-consolidar-su-liderazgo-en-tecnologias-que-aporten-soluciones-a-grandes-retos-sociales-e-industriales\\\/#breadcrumb\",\"itemListElement\":[{\"@type\":\"ListItem\",\"position\":1,\"name\":\"Inici\",\"item\":\"https:\\\/\\\/eurecat.org\\\/es\\\/\"},{\"@type\":\"ListItem\",\"position\":2,\"name\":\"Eurecat inicia nueva etapa con voluntad de consolidar su liderazgo en tecnolog\u00edas que aporten soluciones a grandes retos sociales e industriales\"}]},{\"@type\":\"WebSite\",\"@id\":\"https:\\\/\\\/eurecat.org\\\/es\\\/#website\",\"url\":\"https:\\\/\\\/eurecat.org\\\/es\\\/\",\"name\":\"Eurecat\",\"description\":\"Otro sitio realizado con WordPress\",\"potentialAction\":[{\"@type\":\"SearchAction\",\"target\":{\"@type\":\"EntryPoint\",\"urlTemplate\":\"https:\\\/\\\/eurecat.org\\\/es\\\/?s={search_term_string}\"},\"query-input\":{\"@type\":\"PropertyValueSpecification\",\"valueRequired\":true,\"valueName\":\"search_term_string\"}}],\"inLanguage\":\"es\"},{\"@type\":\"Person\",\"@id\":\"https:\\\/\\\/eurecat.org\\\/es\\\/#\\\/schema\\\/person\\\/99d4d39712001e7621b6867b27b40bed\",\"name\":\"EurecatEQZ\",\"image\":{\"@type\":\"ImageObject\",\"inLanguage\":\"es\",\"@id\":\"https:\\\/\\\/secure.gravatar.com\\\/avatar\\\/6deb26ca61bcc34263c59cc62bb8b08ff90b67af7f99943babf5d86396845993?s=96&d=mm&r=g\",\"url\":\"https:\\\/\\\/secure.gravatar.com\\\/avatar\\\/6deb26ca61bcc34263c59cc62bb8b08ff90b67af7f99943babf5d86396845993?s=96&d=mm&r=g\",\"contentUrl\":\"https:\\\/\\\/secure.gravatar.com\\\/avatar\\\/6deb26ca61bcc34263c59cc62bb8b08ff90b67af7f99943babf5d86396845993?s=96&d=mm&r=g\",\"caption\":\"EurecatEQZ\"}}]}<\/script>\n<!-- \/ Yoast SEO plugin. -->","yoast_head_json":{"title":"Eurecat inicia nueva etapa con voluntad de consolidar su liderazgo en tecnolog\u00edas que aporten soluciones a grandes retos sociales e industriales - Eurecat","robots":{"index":"index","follow":"follow","max-snippet":"max-snippet:-1","max-image-preview":"max-image-preview:large","max-video-preview":"max-video-preview:-1"},"canonical":"https:\/\/eurecat.org\/es\/eurecat-inicia-nueva-etapa-con-voluntad-de-consolidar-su-liderazgo-en-tecnologias-que-aporten-soluciones-a-grandes-retos-sociales-e-industriales\/","og_locale":"es_ES","og_type":"article","og_title":"Eurecat inicia nueva etapa con voluntad de consolidar su liderazgo en tecnolog\u00edas que aporten soluciones a grandes retos sociales e industriales - Eurecat","og_url":"https:\/\/eurecat.org\/es\/eurecat-inicia-nueva-etapa-con-voluntad-de-consolidar-su-liderazgo-en-tecnologias-que-aporten-soluciones-a-grandes-retos-sociales-e-industriales\/","og_site_name":"Eurecat","article_published_time":"2025-04-02T11:19:53+00:00","article_modified_time":"2025-04-02T11:22:02+00:00","og_image":[{"width":800,"height":574,"url":"https:\/\/eurecat.org\/wp-content\/uploads\/2025\/04\/President-i-director-general-dEurecat_800px.jpg","type":"image\/jpeg"}],"author":"EurecatEQZ","twitter_card":"summary_large_image","twitter_misc":{"Escrito por":"EurecatEQZ","Tiempo de lectura":"1 minuto"},"schema":{"@context":"https:\/\/schema.org","@graph":[{"@type":"Article","@id":"https:\/\/eurecat.org\/es\/eurecat-inicia-nueva-etapa-con-voluntad-de-consolidar-su-liderazgo-en-tecnologias-que-aporten-soluciones-a-grandes-retos-sociales-e-industriales\/#article","isPartOf":{"@id":"https:\/\/eurecat.org\/es\/eurecat-inicia-nueva-etapa-con-voluntad-de-consolidar-su-liderazgo-en-tecnologias-que-aporten-soluciones-a-grandes-retos-sociales-e-industriales\/"},"author":{"name":"EurecatEQZ","@id":"https:\/\/eurecat.org\/es\/#\/schema\/person\/99d4d39712001e7621b6867b27b40bed"},"headline":"Eurecat inicia nueva etapa con voluntad de consolidar su liderazgo en tecnolog\u00edas que aporten soluciones a grandes retos sociales e industriales","datePublished":"2025-04-02T11:19:53+00:00","dateModified":"2025-04-02T11:22:02+00:00","mainEntityOfPage":{"@id":"https:\/\/eurecat.org\/es\/eurecat-inicia-nueva-etapa-con-voluntad-de-consolidar-su-liderazgo-en-tecnologias-que-aporten-soluciones-a-grandes-retos-sociales-e-industriales\/"},"wordCount":1929,"commentCount":0,"image":{"@id":"https:\/\/eurecat.org\/es\/eurecat-inicia-nueva-etapa-con-voluntad-de-consolidar-su-liderazgo-en-tecnologias-que-aporten-soluciones-a-grandes-retos-sociales-e-industriales\/#primaryimage"},"thumbnailUrl":"https:\/\/eurecat.org\/wp-content\/uploads\/2025\/04\/President-i-director-general-dEurecat_800px.jpg","articleSection":["Corporativo","Notas de prensa"],"inLanguage":"es","potentialAction":[{"@type":"CommentAction","name":"Comment","target":["https:\/\/eurecat.org\/es\/eurecat-inicia-nueva-etapa-con-voluntad-de-consolidar-su-liderazgo-en-tecnologias-que-aporten-soluciones-a-grandes-retos-sociales-e-industriales\/#respond"]}]},{"@type":"WebPage","@id":"https:\/\/eurecat.org\/es\/eurecat-inicia-nueva-etapa-con-voluntad-de-consolidar-su-liderazgo-en-tecnologias-que-aporten-soluciones-a-grandes-retos-sociales-e-industriales\/","url":"https:\/\/eurecat.org\/es\/eurecat-inicia-nueva-etapa-con-voluntad-de-consolidar-su-liderazgo-en-tecnologias-que-aporten-soluciones-a-grandes-retos-sociales-e-industriales\/","name":"Eurecat inicia nueva etapa con voluntad de consolidar su liderazgo en tecnolog\u00edas que aporten soluciones a grandes retos sociales e industriales - Eurecat","isPartOf":{"@id":"https:\/\/eurecat.org\/es\/#website"},"primaryImageOfPage":{"@id":"https:\/\/eurecat.org\/es\/eurecat-inicia-nueva-etapa-con-voluntad-de-consolidar-su-liderazgo-en-tecnologias-que-aporten-soluciones-a-grandes-retos-sociales-e-industriales\/#primaryimage"},"image":{"@id":"https:\/\/eurecat.org\/es\/eurecat-inicia-nueva-etapa-con-voluntad-de-consolidar-su-liderazgo-en-tecnologias-que-aporten-soluciones-a-grandes-retos-sociales-e-industriales\/#primaryimage"},"thumbnailUrl":"https:\/\/eurecat.org\/wp-content\/uploads\/2025\/04\/President-i-director-general-dEurecat_800px.jpg","datePublished":"2025-04-02T11:19:53+00:00","dateModified":"2025-04-02T11:22:02+00:00","author":{"@id":"https:\/\/eurecat.org\/es\/#\/schema\/person\/99d4d39712001e7621b6867b27b40bed"},"breadcrumb":{"@id":"https:\/\/eurecat.org\/es\/eurecat-inicia-nueva-etapa-con-voluntad-de-consolidar-su-liderazgo-en-tecnologias-que-aporten-soluciones-a-grandes-retos-sociales-e-industriales\/#breadcrumb"},"inLanguage":"es","potentialAction":[{"@type":"ReadAction","target":["https:\/\/eurecat.org\/es\/eurecat-inicia-nueva-etapa-con-voluntad-de-consolidar-su-liderazgo-en-tecnologias-que-aporten-soluciones-a-grandes-retos-sociales-e-industriales\/"]}]},{"@type":"ImageObject","inLanguage":"es","@id":"https:\/\/eurecat.org\/es\/eurecat-inicia-nueva-etapa-con-voluntad-de-consolidar-su-liderazgo-en-tecnologias-que-aporten-soluciones-a-grandes-retos-sociales-e-industriales\/#primaryimage","url":"https:\/\/eurecat.org\/wp-content\/uploads\/2025\/04\/President-i-director-general-dEurecat_800px.jpg","contentUrl":"https:\/\/eurecat.org\/wp-content\/uploads\/2025\/04\/President-i-director-general-dEurecat_800px.jpg","width":800,"height":574},{"@type":"BreadcrumbList","@id":"https:\/\/eurecat.org\/es\/eurecat-inicia-nueva-etapa-con-voluntad-de-consolidar-su-liderazgo-en-tecnologias-que-aporten-soluciones-a-grandes-retos-sociales-e-industriales\/#breadcrumb","itemListElement":[{"@type":"ListItem","position":1,"name":"Inici","item":"https:\/\/eurecat.org\/es\/"},{"@type":"ListItem","position":2,"name":"Eurecat inicia nueva etapa con voluntad de consolidar su liderazgo en tecnolog\u00edas que aporten soluciones a grandes retos sociales e industriales"}]},{"@type":"WebSite","@id":"https:\/\/eurecat.org\/es\/#website","url":"https:\/\/eurecat.org\/es\/","name":"Eurecat","description":"Otro sitio realizado con WordPress","potentialAction":[{"@type":"SearchAction","target":{"@type":"EntryPoint","urlTemplate":"https:\/\/eurecat.org\/es\/?s={search_term_string}"},"query-input":{"@type":"PropertyValueSpecification","valueRequired":true,"valueName":"search_term_string"}}],"inLanguage":"es"},{"@type":"Person","@id":"https:\/\/eurecat.org\/es\/#\/schema\/person\/99d4d39712001e7621b6867b27b40bed","name":"EurecatEQZ","image":{"@type":"ImageObject","inLanguage":"es","@id":"https:\/\/secure.gravatar.com\/avatar\/6deb26ca61bcc34263c59cc62bb8b08ff90b67af7f99943babf5d86396845993?s=96&d=mm&r=g","url":"https:\/\/secure.gravatar.com\/avatar\/6deb26ca61bcc34263c59cc62bb8b08ff90b67af7f99943babf5d86396845993?s=96&d=mm&r=g","contentUrl":"https:\/\/secure.gravatar.com\/avatar\/6deb26ca61bcc34263c59cc62bb8b08ff90b67af7f99943babf5d86396845993?s=96&d=mm&r=g","caption":"EurecatEQZ"}}]}},"_links":{"self":[{"href":"https:\/\/eurecat.org\/es\/wp-json\/wp\/v2\/posts\/175761","targetHints":{"allow":["GET"]}}],"collection":[{"href":"https:\/\/eurecat.org\/es\/wp-json\/wp\/v2\/posts"}],"about":[{"href":"https:\/\/eurecat.org\/es\/wp-json\/wp\/v2\/types\/post"}],"author":[{"embeddable":true,"href":"https:\/\/eurecat.org\/es\/wp-json\/wp\/v2\/users\/20"}],"replies":[{"embeddable":true,"href":"https:\/\/eurecat.org\/es\/wp-json\/wp\/v2\/comments?post=175761"}],"version-history":[{"count":1,"href":"https:\/\/eurecat.org\/es\/wp-json\/wp\/v2\/posts\/175761\/revisions"}],"predecessor-version":[{"id":175762,"href":"https:\/\/eurecat.org\/es\/wp-json\/wp\/v2\/posts\/175761\/revisions\/175762"}],"wp:featuredmedia":[{"embeddable":true,"href":"https:\/\/eurecat.org\/es\/wp-json\/wp\/v2\/media\/175759"}],"wp:attachment":[{"href":"https:\/\/eurecat.org\/es\/wp-json\/wp\/v2\/media?parent=175761"}],"wp:term":[{"taxonomy":"category","embeddable":true,"href":"https:\/\/eurecat.org\/es\/wp-json\/wp\/v2\/categories?post=175761"},{"taxonomy":"post_tag","embeddable":true,"href":"https:\/\/eurecat.org\/es\/wp-json\/wp\/v2\/tags?post=175761"}],"curies":[{"name":"wp","href":"https:\/\/api.w.org\/{rel}","templated":true}]}}