{"id":177183,"date":"2025-04-11T14:19:00","date_gmt":"2025-04-11T12:19:00","guid":{"rendered":"https:\/\/eurecat.org\/?p=177183"},"modified":"2025-04-11T14:24:22","modified_gmt":"2025-04-11T12:24:22","slug":"la-compra-publica-innovadora-clave-para-fomentar-soluciones-innovadoras-frente-a-desafios-empresariales-y-sociales","status":"publish","type":"post","link":"https:\/\/eurecat.org\/es\/la-compra-publica-innovadora-clave-para-fomentar-soluciones-innovadoras-frente-a-desafios-empresariales-y-sociales\/","title":{"rendered":"La Compra P\u00fablica Innovadora, clave para fomentar soluciones innovadoras frente a desaf\u00edos empresariales y sociales"},"content":{"rendered":"<p>El centro tecnol\u00f3gico <a href=\"https:\/\/eurecat.org\/es\">Eurecat<\/a> ha participado en una jornada sobre el mecanismo de la Compra P\u00fablica Innovadora, que ha sido organizada por INCOTEC con la colaboraci\u00f3n de APD, a fin de dar a conocer la importancia estrat\u00e9gica de este proceso para fomentar la colaboraci\u00f3n entre los sectores p\u00fablico y privado y el desarrollo de soluciones innovadoras para sus retos econ\u00f3micos y sociales.<\/p>\n<p>De acuerdo con el director de M\u00e1rqueting de Eurecat, Carles Fradera, que ha intervenido en la jornada, Eurecat \u201capuesta plenamente por los procesos de Compra P\u00fablica Innovadora, dado que su naturaleza multitecnol\u00f3gica le permite trabajar en \u00e1mbitos diversos, con especial atenci\u00f3n a la sostenibilidad en m\u00faltiples campos y a la inteligencia de los datos aplicada a la salud y a la mejora de la eficacia de las administraciones, entre otras \u00e1reas\u201d.<\/p>\n<p>\u201cLos procesos de Compra P\u00fablica Innovadora nos permiten aplicar las tecnolog\u00edas innovadoras a retos espec\u00edficos de las administraciones, hacerlas tangibles, concretas y llevarlas a mercado\u201d, destaca Carles Fradera, quien pone de relieve que \u201clas compras p\u00fablicas innovadoras constituyen oportunidades de aceleraci\u00f3n tecnol\u00f3gica y requieren, habitualmente, de equipos conjuntos de empresas, administraciones y centros tecnol\u00f3gicos, en un procedimiento de innovaci\u00f3n abierta de gran valor\u201d.<\/p>\n<p>De acuerdo con el director general de Eurecat, Xavier L\u00f3pez, \u201cen el entorno actual, donde la tecnolog\u00eda, la innovaci\u00f3n y la soberan\u00eda tecnol\u00f3gica e industrial se han convertido en factores geoestrat\u00e9gicos de primera magnitud, es muy importante que la Compra P\u00fablica Innovadora crezca y sea utilizada como un instrumento muy relevante de pol\u00edtica tecnol\u00f3gica e industrial\u201d.<\/p>\n<p>\u201cLa raz\u00f3n de ser de un centro tecnol\u00f3gico como Eurecat es aportar soluciones, basadas en la innovaci\u00f3n tecnol\u00f3gica a los grandes retos industriales y sociales y al desarrollo sostenible del territorio\u201d, una actividad en la que Eurecat aplica \u201cm\u00faltiples tecnolog\u00edas, complementarias y trabaja de forma articulada con el ecosistema, con las administraciones y las empresas y con otros agentes de innovaci\u00f3n\u201d, recalca Xavier L\u00f3pez.<\/p>\n<p>\u201cEl rol de Eurecat como agente de referencia en tecnolog\u00eda e innovaci\u00f3n nos permite posicionarnos como elemento fundamental, tanto para dar apoyo a la administraci\u00f3n para el enfoque tecnol\u00f3gico de sus procesos de Compra P\u00fablica Innovadora, como tambi\u00e9n para cocrear y plantear respuesta a los distintos retos y oportunidades en alianza con las empresas y, muy especialmente, con las pymes\u201d, a\u00f1ade Carles Fradera.<\/p>\n<p>En este sentido, prosigue, \u201cla participaci\u00f3n de una pyme en una Compra P\u00fablica Innovadora, en consorcio con grandes empresas y centros tecnol\u00f3gicos como Eurecat le sirve de palanca de conocimiento, de procedimientos y de posicionamiento a futuro\u201d.<\/p>\n<p>Bajo el t\u00edtulo \u201cLa compra p\u00fablica de Innovaci\u00f3n en Espa\u00f1a: pasado, presente y futuro\u201d, la jornada, que ha sido organizada por INCOTEC con la colaboraci\u00f3n de APD, ha reunido en Madrid a representantes del Ministerio de Ciencia e Innovaci\u00f3n, CDTI, Fundaci\u00f3n COTEC, INCIBE y el Grupo Boeing, entre otras organizaciones.<\/p>\n","protected":false},"excerpt":{"rendered":"<p>El centro tecnol\u00f3gico Eurecat ha participado en una jornada sobre el mecanismo de la Compra P\u00fablica Innovadora, que ha sido organizada por INCOTEC con la colaboraci\u00f3n de APD, a fin de dar a conocer la importancia estrat\u00e9gica de este proceso para fomentar la colaboraci\u00f3n entre los sectores p\u00fablico y privado y el desarrollo de soluciones  [&#8230;]<\/p>\n","protected":false},"author":27,"featured_media":177179,"comment_status":"open","ping_status":"closed","sticky":false,"template":"","format":"standard","meta":{"footnotes":""},"categories":[134],"tags":[],"class_list":["post-177183","post","type-post","status-publish","format-standard","has-post-thumbnail","hentry","category-notas-de-prensa"],"yoast_head":"<!-- This site is optimized with the Yoast SEO plugin v27.5 - https:\/\/yoast.com\/product\/yoast-seo-wordpress\/ -->\n<title>La Compra P\u00fablica Innovadora, clave para fomentar soluciones innovadoras frente a desaf\u00edos empresariales y sociales - Eurecat<\/title>\n<meta name=\"description\" content=\"La Compra P\u00fablica Innovadora, clave para fomentar soluciones innovadoras frente a desaf\u00edos empresariales y sociales\" \/>\n<meta name=\"robots\" content=\"index, follow, max-snippet:-1, max-image-preview:large, max-video-preview:-1\" \/>\n<link rel=\"canonical\" href=\"https:\/\/eurecat.org\/es\/la-compra-publica-innovadora-clave-para-fomentar-soluciones-innovadoras-frente-a-desafios-empresariales-y-sociales\/\" \/>\n<meta property=\"og:locale\" content=\"es_ES\" \/>\n<meta property=\"og:type\" content=\"article\" \/>\n<meta property=\"og:title\" content=\"La Compra P\u00fablica Innovadora, clave para fomentar soluciones innovadoras frente a desaf\u00edos empresariales y sociales - Eurecat\" \/>\n<meta property=\"og:description\" content=\"La Compra P\u00fablica Innovadora, clave para fomentar soluciones innovadoras frente a desaf\u00edos empresariales y sociales\" \/>\n<meta property=\"og:url\" content=\"https:\/\/eurecat.org\/es\/la-compra-publica-innovadora-clave-para-fomentar-soluciones-innovadoras-frente-a-desafios-empresariales-y-sociales\/\" \/>\n<meta property=\"og:site_name\" content=\"Eurecat\" \/>\n<meta property=\"article:published_time\" content=\"2025-04-11T12:19:00+00:00\" \/>\n<meta property=\"article:modified_time\" content=\"2025-04-11T12:24:22+00:00\" \/>\n<meta property=\"og:image\" content=\"https:\/\/eurecat.org\/wp-content\/uploads\/2025\/04\/Eurecat_CompraPublicaInnovadora_800px.jpg\" \/>\n\t<meta property=\"og:image:width\" content=\"800\" \/>\n\t<meta property=\"og:image:height\" content=\"533\" \/>\n\t<meta property=\"og:image:type\" content=\"image\/jpeg\" \/>\n<meta name=\"author\" content=\"eurecatNG\" \/>\n<meta name=\"twitter:card\" content=\"summary_large_image\" \/>\n<meta name=\"twitter:label1\" content=\"Escrito por\" \/>\n\t<meta name=\"twitter:data1\" content=\"eurecatNG\" \/>\n\t<meta name=\"twitter:label2\" content=\"Tiempo de lectura\" \/>\n\t<meta name=\"twitter:data2\" content=\"1 minuto\" \/>\n<script type=\"application\/ld+json\" class=\"yoast-schema-graph\">{\"@context\":\"https:\\\/\\\/schema.org\",\"@graph\":[{\"@type\":\"Article\",\"@id\":\"https:\\\/\\\/eurecat.org\\\/es\\\/la-compra-publica-innovadora-clave-para-fomentar-soluciones-innovadoras-frente-a-desafios-empresariales-y-sociales\\\/#article\",\"isPartOf\":{\"@id\":\"https:\\\/\\\/eurecat.org\\\/es\\\/la-compra-publica-innovadora-clave-para-fomentar-soluciones-innovadoras-frente-a-desafios-empresariales-y-sociales\\\/\"},\"author\":{\"name\":\"eurecatNG\",\"@id\":\"https:\\\/\\\/eurecat.org\\\/es\\\/#\\\/schema\\\/person\\\/8342992d6929ad043b305d3cac68b3f4\"},\"headline\":\"La Compra P\u00fablica Innovadora, clave para fomentar soluciones innovadoras frente a desaf\u00edos empresariales y sociales\",\"datePublished\":\"2025-04-11T12:19:00+00:00\",\"dateModified\":\"2025-04-11T12:24:22+00:00\",\"mainEntityOfPage\":{\"@id\":\"https:\\\/\\\/eurecat.org\\\/es\\\/la-compra-publica-innovadora-clave-para-fomentar-soluciones-innovadoras-frente-a-desafios-empresariales-y-sociales\\\/\"},\"wordCount\":537,\"commentCount\":0,\"image\":{\"@id\":\"https:\\\/\\\/eurecat.org\\\/es\\\/la-compra-publica-innovadora-clave-para-fomentar-soluciones-innovadoras-frente-a-desafios-empresariales-y-sociales\\\/#primaryimage\"},\"thumbnailUrl\":\"https:\\\/\\\/eurecat.org\\\/wp-content\\\/uploads\\\/2025\\\/04\\\/Eurecat_CompraPublicaInnovadora_800px.jpg\",\"articleSection\":[\"Notas de prensa\"],\"inLanguage\":\"es\",\"potentialAction\":[{\"@type\":\"CommentAction\",\"name\":\"Comment\",\"target\":[\"https:\\\/\\\/eurecat.org\\\/es\\\/la-compra-publica-innovadora-clave-para-fomentar-soluciones-innovadoras-frente-a-desafios-empresariales-y-sociales\\\/#respond\"]}]},{\"@type\":\"WebPage\",\"@id\":\"https:\\\/\\\/eurecat.org\\\/es\\\/la-compra-publica-innovadora-clave-para-fomentar-soluciones-innovadoras-frente-a-desafios-empresariales-y-sociales\\\/\",\"url\":\"https:\\\/\\\/eurecat.org\\\/es\\\/la-compra-publica-innovadora-clave-para-fomentar-soluciones-innovadoras-frente-a-desafios-empresariales-y-sociales\\\/\",\"name\":\"La Compra P\u00fablica Innovadora, clave para fomentar soluciones innovadoras frente a desaf\u00edos empresariales y sociales - Eurecat\",\"isPartOf\":{\"@id\":\"https:\\\/\\\/eurecat.org\\\/es\\\/#website\"},\"primaryImageOfPage\":{\"@id\":\"https:\\\/\\\/eurecat.org\\\/es\\\/la-compra-publica-innovadora-clave-para-fomentar-soluciones-innovadoras-frente-a-desafios-empresariales-y-sociales\\\/#primaryimage\"},\"image\":{\"@id\":\"https:\\\/\\\/eurecat.org\\\/es\\\/la-compra-publica-innovadora-clave-para-fomentar-soluciones-innovadoras-frente-a-desafios-empresariales-y-sociales\\\/#primaryimage\"},\"thumbnailUrl\":\"https:\\\/\\\/eurecat.org\\\/wp-content\\\/uploads\\\/2025\\\/04\\\/Eurecat_CompraPublicaInnovadora_800px.jpg\",\"datePublished\":\"2025-04-11T12:19:00+00:00\",\"dateModified\":\"2025-04-11T12:24:22+00:00\",\"author\":{\"@id\":\"https:\\\/\\\/eurecat.org\\\/es\\\/#\\\/schema\\\/person\\\/8342992d6929ad043b305d3cac68b3f4\"},\"description\":\"La Compra P\u00fablica Innovadora, clave para fomentar soluciones innovadoras frente a desaf\u00edos empresariales y sociales\",\"breadcrumb\":{\"@id\":\"https:\\\/\\\/eurecat.org\\\/es\\\/la-compra-publica-innovadora-clave-para-fomentar-soluciones-innovadoras-frente-a-desafios-empresariales-y-sociales\\\/#breadcrumb\"},\"inLanguage\":\"es\",\"potentialAction\":[{\"@type\":\"ReadAction\",\"target\":[\"https:\\\/\\\/eurecat.org\\\/es\\\/la-compra-publica-innovadora-clave-para-fomentar-soluciones-innovadoras-frente-a-desafios-empresariales-y-sociales\\\/\"]}]},{\"@type\":\"ImageObject\",\"inLanguage\":\"es\",\"@id\":\"https:\\\/\\\/eurecat.org\\\/es\\\/la-compra-publica-innovadora-clave-para-fomentar-soluciones-innovadoras-frente-a-desafios-empresariales-y-sociales\\\/#primaryimage\",\"url\":\"https:\\\/\\\/eurecat.org\\\/wp-content\\\/uploads\\\/2025\\\/04\\\/Eurecat_CompraPublicaInnovadora_800px.jpg\",\"contentUrl\":\"https:\\\/\\\/eurecat.org\\\/wp-content\\\/uploads\\\/2025\\\/04\\\/Eurecat_CompraPublicaInnovadora_800px.jpg\",\"width\":800,\"height\":533,\"caption\":\"Eurecat Compra P\u00fablica Innovadora\"},{\"@type\":\"BreadcrumbList\",\"@id\":\"https:\\\/\\\/eurecat.org\\\/es\\\/la-compra-publica-innovadora-clave-para-fomentar-soluciones-innovadoras-frente-a-desafios-empresariales-y-sociales\\\/#breadcrumb\",\"itemListElement\":[{\"@type\":\"ListItem\",\"position\":1,\"name\":\"Inici\",\"item\":\"https:\\\/\\\/eurecat.org\\\/es\\\/\"},{\"@type\":\"ListItem\",\"position\":2,\"name\":\"La Compra P\u00fablica Innovadora, clave para fomentar soluciones innovadoras frente a desaf\u00edos empresariales y sociales\"}]},{\"@type\":\"WebSite\",\"@id\":\"https:\\\/\\\/eurecat.org\\\/es\\\/#website\",\"url\":\"https:\\\/\\\/eurecat.org\\\/es\\\/\",\"name\":\"Eurecat\",\"description\":\"Otro sitio realizado con WordPress\",\"potentialAction\":[{\"@type\":\"SearchAction\",\"target\":{\"@type\":\"EntryPoint\",\"urlTemplate\":\"https:\\\/\\\/eurecat.org\\\/es\\\/?s={search_term_string}\"},\"query-input\":{\"@type\":\"PropertyValueSpecification\",\"valueRequired\":true,\"valueName\":\"search_term_string\"}}],\"inLanguage\":\"es\"},{\"@type\":\"Person\",\"@id\":\"https:\\\/\\\/eurecat.org\\\/es\\\/#\\\/schema\\\/person\\\/8342992d6929ad043b305d3cac68b3f4\",\"name\":\"eurecatNG\",\"image\":{\"@type\":\"ImageObject\",\"inLanguage\":\"es\",\"@id\":\"https:\\\/\\\/secure.gravatar.com\\\/avatar\\\/63200cb70ae4f15a0f673050f36df149dba802bea7614e8f838aaccfcf8ea11d?s=96&d=mm&r=g\",\"url\":\"https:\\\/\\\/secure.gravatar.com\\\/avatar\\\/63200cb70ae4f15a0f673050f36df149dba802bea7614e8f838aaccfcf8ea11d?s=96&d=mm&r=g\",\"contentUrl\":\"https:\\\/\\\/secure.gravatar.com\\\/avatar\\\/63200cb70ae4f15a0f673050f36df149dba802bea7614e8f838aaccfcf8ea11d?s=96&d=mm&r=g\",\"caption\":\"eurecatNG\"}}]}<\/script>\n<!-- \/ Yoast SEO plugin. -->","yoast_head_json":{"title":"La Compra P\u00fablica Innovadora, clave para fomentar soluciones innovadoras frente a desaf\u00edos empresariales y sociales - Eurecat","description":"La Compra P\u00fablica Innovadora, clave para fomentar soluciones innovadoras frente a desaf\u00edos empresariales y sociales","robots":{"index":"index","follow":"follow","max-snippet":"max-snippet:-1","max-image-preview":"max-image-preview:large","max-video-preview":"max-video-preview:-1"},"canonical":"https:\/\/eurecat.org\/es\/la-compra-publica-innovadora-clave-para-fomentar-soluciones-innovadoras-frente-a-desafios-empresariales-y-sociales\/","og_locale":"es_ES","og_type":"article","og_title":"La Compra P\u00fablica Innovadora, clave para fomentar soluciones innovadoras frente a desaf\u00edos empresariales y sociales - Eurecat","og_description":"La Compra P\u00fablica Innovadora, clave para fomentar soluciones innovadoras frente a desaf\u00edos empresariales y sociales","og_url":"https:\/\/eurecat.org\/es\/la-compra-publica-innovadora-clave-para-fomentar-soluciones-innovadoras-frente-a-desafios-empresariales-y-sociales\/","og_site_name":"Eurecat","article_published_time":"2025-04-11T12:19:00+00:00","article_modified_time":"2025-04-11T12:24:22+00:00","og_image":[{"width":800,"height":533,"url":"https:\/\/eurecat.org\/wp-content\/uploads\/2025\/04\/Eurecat_CompraPublicaInnovadora_800px.jpg","type":"image\/jpeg"}],"author":"eurecatNG","twitter_card":"summary_large_image","twitter_misc":{"Escrito por":"eurecatNG","Tiempo de lectura":"1 minuto"},"schema":{"@context":"https:\/\/schema.org","@graph":[{"@type":"Article","@id":"https:\/\/eurecat.org\/es\/la-compra-publica-innovadora-clave-para-fomentar-soluciones-innovadoras-frente-a-desafios-empresariales-y-sociales\/#article","isPartOf":{"@id":"https:\/\/eurecat.org\/es\/la-compra-publica-innovadora-clave-para-fomentar-soluciones-innovadoras-frente-a-desafios-empresariales-y-sociales\/"},"author":{"name":"eurecatNG","@id":"https:\/\/eurecat.org\/es\/#\/schema\/person\/8342992d6929ad043b305d3cac68b3f4"},"headline":"La Compra P\u00fablica Innovadora, clave para fomentar soluciones innovadoras frente a desaf\u00edos empresariales y sociales","datePublished":"2025-04-11T12:19:00+00:00","dateModified":"2025-04-11T12:24:22+00:00","mainEntityOfPage":{"@id":"https:\/\/eurecat.org\/es\/la-compra-publica-innovadora-clave-para-fomentar-soluciones-innovadoras-frente-a-desafios-empresariales-y-sociales\/"},"wordCount":537,"commentCount":0,"image":{"@id":"https:\/\/eurecat.org\/es\/la-compra-publica-innovadora-clave-para-fomentar-soluciones-innovadoras-frente-a-desafios-empresariales-y-sociales\/#primaryimage"},"thumbnailUrl":"https:\/\/eurecat.org\/wp-content\/uploads\/2025\/04\/Eurecat_CompraPublicaInnovadora_800px.jpg","articleSection":["Notas de prensa"],"inLanguage":"es","potentialAction":[{"@type":"CommentAction","name":"Comment","target":["https:\/\/eurecat.org\/es\/la-compra-publica-innovadora-clave-para-fomentar-soluciones-innovadoras-frente-a-desafios-empresariales-y-sociales\/#respond"]}]},{"@type":"WebPage","@id":"https:\/\/eurecat.org\/es\/la-compra-publica-innovadora-clave-para-fomentar-soluciones-innovadoras-frente-a-desafios-empresariales-y-sociales\/","url":"https:\/\/eurecat.org\/es\/la-compra-publica-innovadora-clave-para-fomentar-soluciones-innovadoras-frente-a-desafios-empresariales-y-sociales\/","name":"La Compra P\u00fablica Innovadora, clave para fomentar soluciones innovadoras frente a desaf\u00edos empresariales y sociales - Eurecat","isPartOf":{"@id":"https:\/\/eurecat.org\/es\/#website"},"primaryImageOfPage":{"@id":"https:\/\/eurecat.org\/es\/la-compra-publica-innovadora-clave-para-fomentar-soluciones-innovadoras-frente-a-desafios-empresariales-y-sociales\/#primaryimage"},"image":{"@id":"https:\/\/eurecat.org\/es\/la-compra-publica-innovadora-clave-para-fomentar-soluciones-innovadoras-frente-a-desafios-empresariales-y-sociales\/#primaryimage"},"thumbnailUrl":"https:\/\/eurecat.org\/wp-content\/uploads\/2025\/04\/Eurecat_CompraPublicaInnovadora_800px.jpg","datePublished":"2025-04-11T12:19:00+00:00","dateModified":"2025-04-11T12:24:22+00:00","author":{"@id":"https:\/\/eurecat.org\/es\/#\/schema\/person\/8342992d6929ad043b305d3cac68b3f4"},"description":"La Compra P\u00fablica Innovadora, clave para fomentar soluciones innovadoras frente a desaf\u00edos empresariales y sociales","breadcrumb":{"@id":"https:\/\/eurecat.org\/es\/la-compra-publica-innovadora-clave-para-fomentar-soluciones-innovadoras-frente-a-desafios-empresariales-y-sociales\/#breadcrumb"},"inLanguage":"es","potentialAction":[{"@type":"ReadAction","target":["https:\/\/eurecat.org\/es\/la-compra-publica-innovadora-clave-para-fomentar-soluciones-innovadoras-frente-a-desafios-empresariales-y-sociales\/"]}]},{"@type":"ImageObject","inLanguage":"es","@id":"https:\/\/eurecat.org\/es\/la-compra-publica-innovadora-clave-para-fomentar-soluciones-innovadoras-frente-a-desafios-empresariales-y-sociales\/#primaryimage","url":"https:\/\/eurecat.org\/wp-content\/uploads\/2025\/04\/Eurecat_CompraPublicaInnovadora_800px.jpg","contentUrl":"https:\/\/eurecat.org\/wp-content\/uploads\/2025\/04\/Eurecat_CompraPublicaInnovadora_800px.jpg","width":800,"height":533,"caption":"Eurecat Compra P\u00fablica Innovadora"},{"@type":"BreadcrumbList","@id":"https:\/\/eurecat.org\/es\/la-compra-publica-innovadora-clave-para-fomentar-soluciones-innovadoras-frente-a-desafios-empresariales-y-sociales\/#breadcrumb","itemListElement":[{"@type":"ListItem","position":1,"name":"Inici","item":"https:\/\/eurecat.org\/es\/"},{"@type":"ListItem","position":2,"name":"La Compra P\u00fablica Innovadora, clave para fomentar soluciones innovadoras frente a desaf\u00edos empresariales y sociales"}]},{"@type":"WebSite","@id":"https:\/\/eurecat.org\/es\/#website","url":"https:\/\/eurecat.org\/es\/","name":"Eurecat","description":"Otro sitio realizado con WordPress","potentialAction":[{"@type":"SearchAction","target":{"@type":"EntryPoint","urlTemplate":"https:\/\/eurecat.org\/es\/?s={search_term_string}"},"query-input":{"@type":"PropertyValueSpecification","valueRequired":true,"valueName":"search_term_string"}}],"inLanguage":"es"},{"@type":"Person","@id":"https:\/\/eurecat.org\/es\/#\/schema\/person\/8342992d6929ad043b305d3cac68b3f4","name":"eurecatNG","image":{"@type":"ImageObject","inLanguage":"es","@id":"https:\/\/secure.gravatar.com\/avatar\/63200cb70ae4f15a0f673050f36df149dba802bea7614e8f838aaccfcf8ea11d?s=96&d=mm&r=g","url":"https:\/\/secure.gravatar.com\/avatar\/63200cb70ae4f15a0f673050f36df149dba802bea7614e8f838aaccfcf8ea11d?s=96&d=mm&r=g","contentUrl":"https:\/\/secure.gravatar.com\/avatar\/63200cb70ae4f15a0f673050f36df149dba802bea7614e8f838aaccfcf8ea11d?s=96&d=mm&r=g","caption":"eurecatNG"}}]}},"_links":{"self":[{"href":"https:\/\/eurecat.org\/es\/wp-json\/wp\/v2\/posts\/177183","targetHints":{"allow":["GET"]}}],"collection":[{"href":"https:\/\/eurecat.org\/es\/wp-json\/wp\/v2\/posts"}],"about":[{"href":"https:\/\/eurecat.org\/es\/wp-json\/wp\/v2\/types\/post"}],"author":[{"embeddable":true,"href":"https:\/\/eurecat.org\/es\/wp-json\/wp\/v2\/users\/27"}],"replies":[{"embeddable":true,"href":"https:\/\/eurecat.org\/es\/wp-json\/wp\/v2\/comments?post=177183"}],"version-history":[{"count":1,"href":"https:\/\/eurecat.org\/es\/wp-json\/wp\/v2\/posts\/177183\/revisions"}],"predecessor-version":[{"id":177184,"href":"https:\/\/eurecat.org\/es\/wp-json\/wp\/v2\/posts\/177183\/revisions\/177184"}],"wp:featuredmedia":[{"embeddable":true,"href":"https:\/\/eurecat.org\/es\/wp-json\/wp\/v2\/media\/177179"}],"wp:attachment":[{"href":"https:\/\/eurecat.org\/es\/wp-json\/wp\/v2\/media?parent=177183"}],"wp:term":[{"taxonomy":"category","embeddable":true,"href":"https:\/\/eurecat.org\/es\/wp-json\/wp\/v2\/categories?post=177183"},{"taxonomy":"post_tag","embeddable":true,"href":"https:\/\/eurecat.org\/es\/wp-json\/wp\/v2\/tags?post=177183"}],"curies":[{"name":"wp","href":"https:\/\/api.w.org\/{rel}","templated":true}]}}