{"id":180720,"date":"2025-05-29T15:41:01","date_gmt":"2025-05-29T13:41:01","guid":{"rendered":"https:\/\/eurecat.org\/?p=180720"},"modified":"2025-05-29T15:46:30","modified_gmt":"2025-05-29T13:46:30","slug":"eurecat-abre-sede-en-madrid","status":"publish","type":"post","link":"https:\/\/eurecat.org\/es\/eurecat-abre-sede-en-madrid\/","title":{"rendered":"Eurecat abre sede en Madrid, dentro de su apuesta estrat\u00e9gica para sumar valor tecnol\u00f3gico y acelerar la innovaci\u00f3n y la competitividad empresarial"},"content":{"rendered":"<div class=\"fusion-fullwidth fullwidth-box fusion-builder-row-1 fusion-flex-container nonhundred-percent-fullwidth non-hundred-percent-height-scrolling\" style=\"--awb-border-radius-top-left:0px;--awb-border-radius-top-right:0px;--awb-border-radius-bottom-right:0px;--awb-border-radius-bottom-left:0px;--awb-flex-wrap:wrap;\" ><div class=\"fusion-builder-row fusion-row fusion-flex-align-items-flex-start fusion-flex-content-wrap\" style=\"max-width:1424.8px;margin-left: calc(-4% \/ 2 );margin-right: calc(-4% \/ 2 );\"><div class=\"fusion-layout-column fusion_builder_column fusion-builder-column-0 fusion_builder_column_1_1 1_1 fusion-flex-column\" style=\"--awb-bg-size:cover;--awb-width-large:100%;--awb-margin-top-large:0px;--awb-spacing-right-large:1.92%;--awb-margin-bottom-large:0px;--awb-spacing-left-large:1.92%;--awb-width-medium:100%;--awb-spacing-right-medium:1.92%;--awb-spacing-left-medium:1.92%;--awb-width-small:100%;--awb-spacing-right-small:1.92%;--awb-spacing-left-small:1.92%;\"><div class=\"fusion-column-wrapper fusion-flex-justify-content-flex-start fusion-content-layout-column\"><div class=\"fusion-text fusion-text-1\"><p>El centro tecnol\u00f3gico <a href=\"https:\/\/eurecat.org\/es\/eurecat\/\">Eurecat<\/a> ha presentado hoy la apertura de Eurecat en Madrid, dentro de su apuesta estrat\u00e9gica por estar m\u00e1s pr\u00f3ximo a su ecosistema econ\u00f3mico, empresarial y de innovaci\u00f3n, a fin de contribuir a acelerar la transferencia de tecnolog\u00edas y la competitividad empresarial en \u00e1mbitos estrat\u00e9gicos del sector productivo, como la salud, el aeroespacial, la innovaci\u00f3n tur\u00edstica, la energ\u00eda, la movilidad y los servicios avanzados.<\/p>\n<p>El presidente de Eurecat, Daniel Altimiras, y la secretaria general de Innovaci\u00f3n del Ministerio de Ciencia, Innovaci\u00f3n y Universidades, Teresa Riesgo, han abierto la presentaci\u00f3n, en la que el director general de Eurecat, Xavier L\u00f3pez, ha presentado la visi\u00f3n estrat\u00e9gica de Eurecat Madrid.<\/p>\n<p>La secretaria general de Innovaci\u00f3n del Ministerio de Ciencia, Innovaci\u00f3n y Universidades ha afirmado \u201cestoy muy ilusionada de celebrar en esta jornada un hito trascendental para la innovaci\u00f3n y el desarrollo tecnol\u00f3gico en Espa\u00f1a: la apertura de la nueva sede de Eurecat en Madrid, que supone no solo la expansi\u00f3n geogr\u00e1fica de uno de los centros tecnol\u00f3gicos m\u00e1s importantes del sur de Europa, sino tambi\u00e9n el firme compromiso de Eurecat con la competitividad empresarial, el bienestar social y la igualdad a trav\u00e9s de la I+D+i, en \u00e1reas estrat\u00e9gicas del conocimiento como la industria, la digitalizaci\u00f3n, la salud y la sostenibilidad\u201d.<\/p>\n<p>La apertura de Eurecat Madrid coincide con la primera d\u00e9cada de trayectoria de Eurecat, periodo en el que \u201cse ha consolidado como un referente para la innovaci\u00f3n empresarial y una de las organizaciones de investigaci\u00f3n aplicada y transferencia tecnol\u00f3gica m\u00e1s importantes del sur de Europa\u201d, ha destacado Daniel Altimiras.<\/p>\n<p>\u201cHoy, pensar en innovaci\u00f3n tecnol\u00f3gica en Espa\u00f1a, para muchas empresas, es cada vez m\u00e1s pensar en Eurecat como un aliado clave para llevar adelante con \u00e9xito proyectos de innovaci\u00f3n tecnol\u00f3gica de gran valor estrat\u00e9gico\u201d, ha expuesto el presidente de Eurecat.<\/p>\n<p>En este sentido, \u201ccontar con una sede en Madrid y seguir apostando por la cercan\u00eda y el despliegue territorial refuerza nuestro compromiso con la colaboraci\u00f3n interterritorial y nos permitir\u00e1 seguir acercando capacidades tecnol\u00f3gicas avanzadas a los retos espec\u00edficos de las empresas\u201d, ha argumentado Daniel Altimiras.<\/p>\n<p>Con este objetivo, \u201ca partir de hoy y desde Eurecat Madrid, sumaremos para construir un futuro m\u00e1s competitivo, resiliente y justo, contribuyendo al desarrollo tecnol\u00f3gico con impacto como palanca para la competitividad, la sostenibilidad y el bienestar social\u201d, ha enfatizado el presidente de Eurecat.<\/p>\n<h3>Eurecat, un referente en innovaci\u00f3n tecnol\u00f3gica para las empresas<\/h3>\n<p>En su intervenci\u00f3n, el director general de Eurecat ha se\u00f1alado como vectores estrat\u00e9gicos de Eurecat \u201cel foco en la aceleraci\u00f3n de la innovaci\u00f3n de empresas y organizaciones y la cobertura de toda la cadena de valor desde la idea hasta el mercado, la convergencia multitecnol\u00f3gica y multisectorial, el acompa\u00f1amiento a las empresas en sus procesos de escalado tecnol\u00f3gico industrial y la respuesta a las necesidades del tejido socioecon\u00f3mico, y la inversi\u00f3n de Eurecat en el factor clave en todos estos procesos, el talento. La implementaci\u00f3n efectiva de todo lo anterior, adem\u00e1s, requiere de proximidad territorial y trabajar de forma colaborativa con otros agentes del ecosistema\u201d.<\/p>\n<p>En este contexto, ha dicho, Eurecat Madrid busca establecer \u201cun nodo estrat\u00e9gico para transformar el futuro y estar m\u00e1s cerca de las empresas para innovar con impacto\u201d, tras \u201cuna d\u00e9cada de crecimiento sostenido, con masa cr\u00edtica, infraestructura avanzada y reconocimiento como socio confiable en innovaci\u00f3n tecnol\u00f3gica\u201d.<\/p>\n<p>Durante su exposici\u00f3n, el director general de Eurecat ha detallado algunos datos sobre la trayectoria de Eurecat, que cerr\u00f3 2024 con 69 millones de ingresos y un equipo de 805 personas de 36 nacionalidades, con un impacto econ\u00f3mico multiplicador de 9,37, adem\u00e1s de contar con m\u00e1s de 230 patentes y 10 spin-offs, que suman 14,6 millones de euros de facturaci\u00f3n.<\/p>\n<p>La actividad de Eurecat \u201cabarca la cadena de valor completa de la I+D+I, desde la idea hasta el escalado preindustrial, acompa\u00f1ando a las empresas en toda su transformaci\u00f3n, estrategia, procesos o productos\u201d, una din\u00e1mica que Eurecat Madrid reforzar\u00e1 \u201cconectando ciencia, tecnolog\u00eda, industria y econom\u00eda real\u201d, ha manifestado Xavier L\u00f3pez.<\/p>\n<p>Adem\u00e1s, Eurecat Madrid refuerza la misi\u00f3n de Eurecat \u201cde ser catalizador de la transformaci\u00f3n industrial y social\u201d, tal como lo acreditan \u201clas m\u00e1s de 3.200 empresas y administraciones que han confiado en nosotros a la hora de innovar\u201d, ha apuntado el director general de Eurecat.<\/p>\n<h3>Tecnolog\u00eda con impacto local y visi\u00f3n global<\/h3>\n<p>\u201cNuestra capilaridad territorial y proyecci\u00f3n internacional nos permiten actuar con proximidad y visi\u00f3n estrat\u00e9gica\u201d, en la que \u201cEurecat Madrid ser\u00e1 una plataforma clave para escalar impacto, conectar ecosistemas y proyectar Europa, alineando nuestras capacidades tecnol\u00f3gicas con los vectores estrat\u00e9gicos y necesidades del territorio\u201d, ha agregado Xavier L\u00f3pez.<\/p>\n<p>Para lograrlo, Eurecat Madrid aspira a ser un \u201cnodo singular, conectado, complementario y comprometido con el impulso de la escalabilidad\u202findustrial y una innovaci\u00f3n \u00fatil, transformadora y profundamente arraigada en el territorio\u201d, ha continuado.<\/p>\n<p>\u201cEl aterrizaje del centro tecnol\u00f3gico Eurecat en Madrid es un paso relevante para el matrimonio de gran potencial del emprendimiento, la innovaci\u00f3n y la industria con el capital, las grandes empresas y la pol\u00edtica p\u00fablica nacional\u201d, ha manifestado, por su parte, el director general de Estrategia Industrial y de la Peque\u00f1a y Mediana Empresa, Jordi Garc\u00eda-Brustenga, quien ha clausurado el evento con un mensaje audiovisual en el que ha dado la bienvenida a Eurecat Madrid y le ha deseado suerte y aciertos.<\/p>\n<p>El evento ha sido conducido por el director de Eurecat Madrid, Samuel Rodr\u00edguez, y ha contado con la asistencia del vicepresidente de Investigaci\u00f3n Cient\u00edfica y T\u00e9cnica del CSIC, Jos\u00e9 Mar\u00eda Martell Berrocal; el director ejecutivo de Fedit, \u00c1ureo D\u00edaz-Carrasco, y el presidente de AMETIC, Francisco Hortig\u00fcela, entre otros representantes institucionales.<\/p>\n<h3>Transformaciones sectoriales y tecnolog\u00edas de alto impacto<\/h3>\n<p>La presentaci\u00f3n ha incluido tres paneles tem\u00e1ticos que han abordado las transformaciones sectoriales impulsadas por tecnolog\u00edas de alto impacto, desde la perspectiva de las personas, las deeptech y el entorno.<\/p>\n<p>A partir de estos tres ejes, diferentes expertos de Eurecat han abordado las disrupciones impulsadas por la biotecnolog\u00eda, la inteligencia artificial, la rob\u00f3tica o la cu\u00e1ntica, como motores clave para el avance de la innovaci\u00f3n industrial, la sostenibilidad y de la salud.<\/p>\n<p>El primer bloque tem\u00e1tico ha sido moderado por el director de Tecnolog\u00edas de la Salud de Eurecat, Felip Miralles, y se ha centrado en \u201cLa salud y el bienestar a lo largo de la vida\u201d, a partir de casos de impacto en salud digital, biotecnolog\u00eda y tecnolog\u00edas asistenciales, con la participaci\u00f3n de la responsable de Innovaci\u00f3n de la Consejer\u00eda en Salud Madrid, Ana Isabel Gonz\u00e1lez; la directora de innovaci\u00f3n PhD de Fenin, Pilar Navarro, y el director de Innovaci\u00f3n y Estrategia Digital de Astrazeneca, C\u00e9sar Velasco.<\/p>\n<p>En el segundo panel, titulado \u201cIntervenciones \u00e1giles: Fronteras tecnol\u00f3gicas\u201d, el director de Ecosistemas de Eurecat, Gabriel Anzaldi, ha incidido en la importancia de la convergencia tecnol\u00f3gica en los proyectos de innovaci\u00f3n. Tambi\u00e9n han intervenido el director de Rob\u00f3tica y Automatizaci\u00f3n de Eurecat, Daniel Serrano, que ha hablado de rob\u00f3tica cognitiva y aut\u00f3noma; la promotora de Inteligencia Artificial Aplicada de Eurecat, Laia Garriga, que se ha centrado en los avances disruptivos en inteligencia artificial y su r\u00e1pida evoluci\u00f3n en aplicaciones industriales y el responsable de tecnolog\u00edas cu\u00e1nticas de Eurecat, Ad\u00e1n Garriga, que ha introducido las oportunidades en computaci\u00f3n cu\u00e1ntica.<\/p>\n<p>\u201cLa calidad ambiental y la resiliencia clim\u00e1tica\u201d han vertebrado el tercer panel, en el cual el director de Sostenibilidad de Eurecat, Miquel Rovira, ha establecido un di\u00e1logo con varios responsables empresariales, en el que se han tratado aspectos cr\u00edticos como la descarbonizaci\u00f3n y la econom\u00eda circular, entre los cuales han estado el director de Sostenibilidad en Ferrovial, Valent\u00edn Alfaya; el director del CEL, Ram\u00f3n Garc\u00eda; el CEO de Keiken, Fernando Portillo, y la directora de Operaciones en Madrid de Amphos 21 Consulting, Esther S\u00e1nchez.<\/p>\n<\/div><\/div><\/div><\/div><\/div>\n","protected":false},"excerpt":{"rendered":"","protected":false},"author":27,"featured_media":180735,"comment_status":"open","ping_status":"closed","sticky":false,"template":"","format":"standard","meta":{"footnotes":""},"categories":[682,134],"tags":[],"class_list":["post-180720","post","type-post","status-publish","format-standard","has-post-thumbnail","hentry","category-corporatiu-es","category-notas-de-prensa"],"yoast_head":"<!-- This site is optimized with the Yoast SEO plugin v27.5 - https:\/\/yoast.com\/product\/yoast-seo-wordpress\/ -->\n<title>Eurecat abre sede en Madrid, dentro de su apuesta estrat\u00e9gica para sumar valor tecnol\u00f3gico y acelerar la innovaci\u00f3n y la competitividad empresarial - Eurecat<\/title>\n<meta name=\"description\" content=\"Eurecat abre sede en Madrid, dentro de su apuesta estrat\u00e9gica para sumar valor tecnol\u00f3gico y acelerar la innovaci\u00f3n y la competitividad empresarial\" \/>\n<meta name=\"robots\" content=\"index, follow, max-snippet:-1, max-image-preview:large, max-video-preview:-1\" \/>\n<link rel=\"canonical\" href=\"https:\/\/eurecat.org\/es\/eurecat-abre-sede-en-madrid\/\" \/>\n<meta property=\"og:locale\" content=\"es_ES\" \/>\n<meta property=\"og:type\" content=\"article\" \/>\n<meta property=\"og:title\" content=\"Eurecat abre sede en Madrid, dentro de su apuesta estrat\u00e9gica para sumar valor tecnol\u00f3gico y acelerar la innovaci\u00f3n y la competitividad empresarial - Eurecat\" \/>\n<meta property=\"og:description\" content=\"Eurecat abre sede en Madrid, dentro de su apuesta estrat\u00e9gica para sumar valor tecnol\u00f3gico y acelerar la innovaci\u00f3n y la competitividad empresarial\" \/>\n<meta property=\"og:url\" content=\"https:\/\/eurecat.org\/es\/eurecat-abre-sede-en-madrid\/\" \/>\n<meta property=\"og:site_name\" content=\"Eurecat\" \/>\n<meta property=\"article:published_time\" content=\"2025-05-29T13:41:01+00:00\" \/>\n<meta property=\"article:modified_time\" content=\"2025-05-29T13:46:30+00:00\" \/>\n<meta property=\"og:image\" content=\"https:\/\/eurecat.org\/wp-content\/uploads\/2025\/05\/Presentacion_EurecatMadrid_XavierLopez_TeresaRiesgo_DanielAltimiras_MyriamGarciaBerro_800px.jpg\" \/>\n\t<meta property=\"og:image:width\" content=\"800\" \/>\n\t<meta property=\"og:image:height\" content=\"533\" \/>\n\t<meta property=\"og:image:type\" content=\"image\/jpeg\" \/>\n<meta name=\"author\" content=\"eurecatNG\" \/>\n<meta name=\"twitter:card\" content=\"summary_large_image\" \/>\n<meta name=\"twitter:label1\" content=\"Escrito por\" \/>\n\t<meta name=\"twitter:data1\" content=\"eurecatNG\" \/>\n\t<meta name=\"twitter:label2\" content=\"Tiempo de lectura\" \/>\n\t<meta name=\"twitter:data2\" content=\"8 minutos\" \/>\n<script type=\"application\/ld+json\" class=\"yoast-schema-graph\">{\"@context\":\"https:\\\/\\\/schema.org\",\"@graph\":[{\"@type\":\"Article\",\"@id\":\"https:\\\/\\\/eurecat.org\\\/es\\\/eurecat-abre-sede-en-madrid\\\/#article\",\"isPartOf\":{\"@id\":\"https:\\\/\\\/eurecat.org\\\/es\\\/eurecat-abre-sede-en-madrid\\\/\"},\"author\":{\"name\":\"eurecatNG\",\"@id\":\"https:\\\/\\\/eurecat.org\\\/es\\\/#\\\/schema\\\/person\\\/8342992d6929ad043b305d3cac68b3f4\"},\"headline\":\"Eurecat abre sede en Madrid, dentro de su apuesta estrat\u00e9gica para sumar valor tecnol\u00f3gico y acelerar la innovaci\u00f3n y la competitividad empresarial\",\"datePublished\":\"2025-05-29T13:41:01+00:00\",\"dateModified\":\"2025-05-29T13:46:30+00:00\",\"mainEntityOfPage\":{\"@id\":\"https:\\\/\\\/eurecat.org\\\/es\\\/eurecat-abre-sede-en-madrid\\\/\"},\"wordCount\":1708,\"commentCount\":0,\"image\":{\"@id\":\"https:\\\/\\\/eurecat.org\\\/es\\\/eurecat-abre-sede-en-madrid\\\/#primaryimage\"},\"thumbnailUrl\":\"https:\\\/\\\/eurecat.org\\\/wp-content\\\/uploads\\\/2025\\\/05\\\/Presentacion_EurecatMadrid_XavierLopez_TeresaRiesgo_DanielAltimiras_MyriamGarciaBerro_800px.jpg\",\"articleSection\":[\"Corporativo\",\"Notas de prensa\"],\"inLanguage\":\"es\",\"potentialAction\":[{\"@type\":\"CommentAction\",\"name\":\"Comment\",\"target\":[\"https:\\\/\\\/eurecat.org\\\/es\\\/eurecat-abre-sede-en-madrid\\\/#respond\"]}]},{\"@type\":\"WebPage\",\"@id\":\"https:\\\/\\\/eurecat.org\\\/es\\\/eurecat-abre-sede-en-madrid\\\/\",\"url\":\"https:\\\/\\\/eurecat.org\\\/es\\\/eurecat-abre-sede-en-madrid\\\/\",\"name\":\"Eurecat abre sede en Madrid, dentro de su apuesta estrat\u00e9gica para sumar valor tecnol\u00f3gico y acelerar la innovaci\u00f3n y la competitividad empresarial - Eurecat\",\"isPartOf\":{\"@id\":\"https:\\\/\\\/eurecat.org\\\/es\\\/#website\"},\"primaryImageOfPage\":{\"@id\":\"https:\\\/\\\/eurecat.org\\\/es\\\/eurecat-abre-sede-en-madrid\\\/#primaryimage\"},\"image\":{\"@id\":\"https:\\\/\\\/eurecat.org\\\/es\\\/eurecat-abre-sede-en-madrid\\\/#primaryimage\"},\"thumbnailUrl\":\"https:\\\/\\\/eurecat.org\\\/wp-content\\\/uploads\\\/2025\\\/05\\\/Presentacion_EurecatMadrid_XavierLopez_TeresaRiesgo_DanielAltimiras_MyriamGarciaBerro_800px.jpg\",\"datePublished\":\"2025-05-29T13:41:01+00:00\",\"dateModified\":\"2025-05-29T13:46:30+00:00\",\"author\":{\"@id\":\"https:\\\/\\\/eurecat.org\\\/es\\\/#\\\/schema\\\/person\\\/8342992d6929ad043b305d3cac68b3f4\"},\"description\":\"Eurecat abre sede en Madrid, dentro de su apuesta estrat\u00e9gica para sumar valor tecnol\u00f3gico y acelerar la innovaci\u00f3n y la competitividad empresarial\",\"breadcrumb\":{\"@id\":\"https:\\\/\\\/eurecat.org\\\/es\\\/eurecat-abre-sede-en-madrid\\\/#breadcrumb\"},\"inLanguage\":\"es\",\"potentialAction\":[{\"@type\":\"ReadAction\",\"target\":[\"https:\\\/\\\/eurecat.org\\\/es\\\/eurecat-abre-sede-en-madrid\\\/\"]}]},{\"@type\":\"ImageObject\",\"inLanguage\":\"es\",\"@id\":\"https:\\\/\\\/eurecat.org\\\/es\\\/eurecat-abre-sede-en-madrid\\\/#primaryimage\",\"url\":\"https:\\\/\\\/eurecat.org\\\/wp-content\\\/uploads\\\/2025\\\/05\\\/Presentacion_EurecatMadrid_XavierLopez_TeresaRiesgo_DanielAltimiras_MyriamGarciaBerro_800px.jpg\",\"contentUrl\":\"https:\\\/\\\/eurecat.org\\\/wp-content\\\/uploads\\\/2025\\\/05\\\/Presentacion_EurecatMadrid_XavierLopez_TeresaRiesgo_DanielAltimiras_MyriamGarciaBerro_800px.jpg\",\"width\":800,\"height\":533,\"caption\":\"Eurecat Madrid\"},{\"@type\":\"BreadcrumbList\",\"@id\":\"https:\\\/\\\/eurecat.org\\\/es\\\/eurecat-abre-sede-en-madrid\\\/#breadcrumb\",\"itemListElement\":[{\"@type\":\"ListItem\",\"position\":1,\"name\":\"Inici\",\"item\":\"https:\\\/\\\/eurecat.org\\\/es\\\/\"},{\"@type\":\"ListItem\",\"position\":2,\"name\":\"Eurecat abre sede en Madrid, dentro de su apuesta estrat\u00e9gica para sumar valor tecnol\u00f3gico y acelerar la innovaci\u00f3n y la competitividad empresarial\"}]},{\"@type\":\"WebSite\",\"@id\":\"https:\\\/\\\/eurecat.org\\\/es\\\/#website\",\"url\":\"https:\\\/\\\/eurecat.org\\\/es\\\/\",\"name\":\"Eurecat\",\"description\":\"Otro sitio realizado con WordPress\",\"potentialAction\":[{\"@type\":\"SearchAction\",\"target\":{\"@type\":\"EntryPoint\",\"urlTemplate\":\"https:\\\/\\\/eurecat.org\\\/es\\\/?s={search_term_string}\"},\"query-input\":{\"@type\":\"PropertyValueSpecification\",\"valueRequired\":true,\"valueName\":\"search_term_string\"}}],\"inLanguage\":\"es\"},{\"@type\":\"Person\",\"@id\":\"https:\\\/\\\/eurecat.org\\\/es\\\/#\\\/schema\\\/person\\\/8342992d6929ad043b305d3cac68b3f4\",\"name\":\"eurecatNG\",\"image\":{\"@type\":\"ImageObject\",\"inLanguage\":\"es\",\"@id\":\"https:\\\/\\\/secure.gravatar.com\\\/avatar\\\/63200cb70ae4f15a0f673050f36df149dba802bea7614e8f838aaccfcf8ea11d?s=96&d=mm&r=g\",\"url\":\"https:\\\/\\\/secure.gravatar.com\\\/avatar\\\/63200cb70ae4f15a0f673050f36df149dba802bea7614e8f838aaccfcf8ea11d?s=96&d=mm&r=g\",\"contentUrl\":\"https:\\\/\\\/secure.gravatar.com\\\/avatar\\\/63200cb70ae4f15a0f673050f36df149dba802bea7614e8f838aaccfcf8ea11d?s=96&d=mm&r=g\",\"caption\":\"eurecatNG\"}}]}<\/script>\n<!-- \/ Yoast SEO plugin. -->","yoast_head_json":{"title":"Eurecat abre sede en Madrid, dentro de su apuesta estrat\u00e9gica para sumar valor tecnol\u00f3gico y acelerar la innovaci\u00f3n y la competitividad empresarial - Eurecat","description":"Eurecat abre sede en Madrid, dentro de su apuesta estrat\u00e9gica para sumar valor tecnol\u00f3gico y acelerar la innovaci\u00f3n y la competitividad empresarial","robots":{"index":"index","follow":"follow","max-snippet":"max-snippet:-1","max-image-preview":"max-image-preview:large","max-video-preview":"max-video-preview:-1"},"canonical":"https:\/\/eurecat.org\/es\/eurecat-abre-sede-en-madrid\/","og_locale":"es_ES","og_type":"article","og_title":"Eurecat abre sede en Madrid, dentro de su apuesta estrat\u00e9gica para sumar valor tecnol\u00f3gico y acelerar la innovaci\u00f3n y la competitividad empresarial - Eurecat","og_description":"Eurecat abre sede en Madrid, dentro de su apuesta estrat\u00e9gica para sumar valor tecnol\u00f3gico y acelerar la innovaci\u00f3n y la competitividad empresarial","og_url":"https:\/\/eurecat.org\/es\/eurecat-abre-sede-en-madrid\/","og_site_name":"Eurecat","article_published_time":"2025-05-29T13:41:01+00:00","article_modified_time":"2025-05-29T13:46:30+00:00","og_image":[{"width":800,"height":533,"url":"https:\/\/eurecat.org\/wp-content\/uploads\/2025\/05\/Presentacion_EurecatMadrid_XavierLopez_TeresaRiesgo_DanielAltimiras_MyriamGarciaBerro_800px.jpg","type":"image\/jpeg"}],"author":"eurecatNG","twitter_card":"summary_large_image","twitter_misc":{"Escrito por":"eurecatNG","Tiempo de lectura":"8 minutos"},"schema":{"@context":"https:\/\/schema.org","@graph":[{"@type":"Article","@id":"https:\/\/eurecat.org\/es\/eurecat-abre-sede-en-madrid\/#article","isPartOf":{"@id":"https:\/\/eurecat.org\/es\/eurecat-abre-sede-en-madrid\/"},"author":{"name":"eurecatNG","@id":"https:\/\/eurecat.org\/es\/#\/schema\/person\/8342992d6929ad043b305d3cac68b3f4"},"headline":"Eurecat abre sede en Madrid, dentro de su apuesta estrat\u00e9gica para sumar valor tecnol\u00f3gico y acelerar la innovaci\u00f3n y la competitividad empresarial","datePublished":"2025-05-29T13:41:01+00:00","dateModified":"2025-05-29T13:46:30+00:00","mainEntityOfPage":{"@id":"https:\/\/eurecat.org\/es\/eurecat-abre-sede-en-madrid\/"},"wordCount":1708,"commentCount":0,"image":{"@id":"https:\/\/eurecat.org\/es\/eurecat-abre-sede-en-madrid\/#primaryimage"},"thumbnailUrl":"https:\/\/eurecat.org\/wp-content\/uploads\/2025\/05\/Presentacion_EurecatMadrid_XavierLopez_TeresaRiesgo_DanielAltimiras_MyriamGarciaBerro_800px.jpg","articleSection":["Corporativo","Notas de prensa"],"inLanguage":"es","potentialAction":[{"@type":"CommentAction","name":"Comment","target":["https:\/\/eurecat.org\/es\/eurecat-abre-sede-en-madrid\/#respond"]}]},{"@type":"WebPage","@id":"https:\/\/eurecat.org\/es\/eurecat-abre-sede-en-madrid\/","url":"https:\/\/eurecat.org\/es\/eurecat-abre-sede-en-madrid\/","name":"Eurecat abre sede en Madrid, dentro de su apuesta estrat\u00e9gica para sumar valor tecnol\u00f3gico y acelerar la innovaci\u00f3n y la competitividad empresarial - Eurecat","isPartOf":{"@id":"https:\/\/eurecat.org\/es\/#website"},"primaryImageOfPage":{"@id":"https:\/\/eurecat.org\/es\/eurecat-abre-sede-en-madrid\/#primaryimage"},"image":{"@id":"https:\/\/eurecat.org\/es\/eurecat-abre-sede-en-madrid\/#primaryimage"},"thumbnailUrl":"https:\/\/eurecat.org\/wp-content\/uploads\/2025\/05\/Presentacion_EurecatMadrid_XavierLopez_TeresaRiesgo_DanielAltimiras_MyriamGarciaBerro_800px.jpg","datePublished":"2025-05-29T13:41:01+00:00","dateModified":"2025-05-29T13:46:30+00:00","author":{"@id":"https:\/\/eurecat.org\/es\/#\/schema\/person\/8342992d6929ad043b305d3cac68b3f4"},"description":"Eurecat abre sede en Madrid, dentro de su apuesta estrat\u00e9gica para sumar valor tecnol\u00f3gico y acelerar la innovaci\u00f3n y la competitividad empresarial","breadcrumb":{"@id":"https:\/\/eurecat.org\/es\/eurecat-abre-sede-en-madrid\/#breadcrumb"},"inLanguage":"es","potentialAction":[{"@type":"ReadAction","target":["https:\/\/eurecat.org\/es\/eurecat-abre-sede-en-madrid\/"]}]},{"@type":"ImageObject","inLanguage":"es","@id":"https:\/\/eurecat.org\/es\/eurecat-abre-sede-en-madrid\/#primaryimage","url":"https:\/\/eurecat.org\/wp-content\/uploads\/2025\/05\/Presentacion_EurecatMadrid_XavierLopez_TeresaRiesgo_DanielAltimiras_MyriamGarciaBerro_800px.jpg","contentUrl":"https:\/\/eurecat.org\/wp-content\/uploads\/2025\/05\/Presentacion_EurecatMadrid_XavierLopez_TeresaRiesgo_DanielAltimiras_MyriamGarciaBerro_800px.jpg","width":800,"height":533,"caption":"Eurecat Madrid"},{"@type":"BreadcrumbList","@id":"https:\/\/eurecat.org\/es\/eurecat-abre-sede-en-madrid\/#breadcrumb","itemListElement":[{"@type":"ListItem","position":1,"name":"Inici","item":"https:\/\/eurecat.org\/es\/"},{"@type":"ListItem","position":2,"name":"Eurecat abre sede en Madrid, dentro de su apuesta estrat\u00e9gica para sumar valor tecnol\u00f3gico y acelerar la innovaci\u00f3n y la competitividad empresarial"}]},{"@type":"WebSite","@id":"https:\/\/eurecat.org\/es\/#website","url":"https:\/\/eurecat.org\/es\/","name":"Eurecat","description":"Otro sitio realizado con WordPress","potentialAction":[{"@type":"SearchAction","target":{"@type":"EntryPoint","urlTemplate":"https:\/\/eurecat.org\/es\/?s={search_term_string}"},"query-input":{"@type":"PropertyValueSpecification","valueRequired":true,"valueName":"search_term_string"}}],"inLanguage":"es"},{"@type":"Person","@id":"https:\/\/eurecat.org\/es\/#\/schema\/person\/8342992d6929ad043b305d3cac68b3f4","name":"eurecatNG","image":{"@type":"ImageObject","inLanguage":"es","@id":"https:\/\/secure.gravatar.com\/avatar\/63200cb70ae4f15a0f673050f36df149dba802bea7614e8f838aaccfcf8ea11d?s=96&d=mm&r=g","url":"https:\/\/secure.gravatar.com\/avatar\/63200cb70ae4f15a0f673050f36df149dba802bea7614e8f838aaccfcf8ea11d?s=96&d=mm&r=g","contentUrl":"https:\/\/secure.gravatar.com\/avatar\/63200cb70ae4f15a0f673050f36df149dba802bea7614e8f838aaccfcf8ea11d?s=96&d=mm&r=g","caption":"eurecatNG"}}]}},"_links":{"self":[{"href":"https:\/\/eurecat.org\/es\/wp-json\/wp\/v2\/posts\/180720","targetHints":{"allow":["GET"]}}],"collection":[{"href":"https:\/\/eurecat.org\/es\/wp-json\/wp\/v2\/posts"}],"about":[{"href":"https:\/\/eurecat.org\/es\/wp-json\/wp\/v2\/types\/post"}],"author":[{"embeddable":true,"href":"https:\/\/eurecat.org\/es\/wp-json\/wp\/v2\/users\/27"}],"replies":[{"embeddable":true,"href":"https:\/\/eurecat.org\/es\/wp-json\/wp\/v2\/comments?post=180720"}],"version-history":[{"count":1,"href":"https:\/\/eurecat.org\/es\/wp-json\/wp\/v2\/posts\/180720\/revisions"}],"predecessor-version":[{"id":180729,"href":"https:\/\/eurecat.org\/es\/wp-json\/wp\/v2\/posts\/180720\/revisions\/180729"}],"wp:featuredmedia":[{"embeddable":true,"href":"https:\/\/eurecat.org\/es\/wp-json\/wp\/v2\/media\/180735"}],"wp:attachment":[{"href":"https:\/\/eurecat.org\/es\/wp-json\/wp\/v2\/media?parent=180720"}],"wp:term":[{"taxonomy":"category","embeddable":true,"href":"https:\/\/eurecat.org\/es\/wp-json\/wp\/v2\/categories?post=180720"},{"taxonomy":"post_tag","embeddable":true,"href":"https:\/\/eurecat.org\/es\/wp-json\/wp\/v2\/tags?post=180720"}],"curies":[{"name":"wp","href":"https:\/\/api.w.org\/{rel}","templated":true}]}}