{"id":181130,"date":"2025-06-11T18:01:33","date_gmt":"2025-06-11T16:01:33","guid":{"rendered":"https:\/\/eurecat.org\/?p=181130"},"modified":"2025-06-12T10:06:52","modified_gmt":"2025-06-12T08:06:52","slug":"el-congreso-eurecat-celebra-los-10-anos-de-eurecat-y-apunta-a-la-innovacion-tecnologica-como-palanca-para-la-competitividad-y-la-transformacion-empresarial-y-social","status":"publish","type":"post","link":"https:\/\/eurecat.org\/es\/el-congreso-eurecat-celebra-los-10-anos-de-eurecat-y-apunta-a-la-innovacion-tecnologica-como-palanca-para-la-competitividad-y-la-transformacion-empresarial-y-social\/","title":{"rendered":"El Congreso Eurecat celebra los 10 a\u00f1os de Eurecat y apunta a la innovaci\u00f3n tecnol\u00f3gica como palanca para la competitividad y la transformaci\u00f3n empresarial y social"},"content":{"rendered":"<div class=\"fusion-fullwidth fullwidth-box fusion-builder-row-1 fusion-flex-container has-pattern-background has-mask-background nonhundred-percent-fullwidth non-hundred-percent-height-scrolling\" style=\"--awb-border-radius-top-left:0px;--awb-border-radius-top-right:0px;--awb-border-radius-bottom-right:0px;--awb-border-radius-bottom-left:0px;--awb-flex-wrap:wrap;\" ><div class=\"fusion-builder-row fusion-row fusion-flex-align-items-flex-start fusion-flex-content-wrap\" style=\"max-width:1424.8px;margin-left: calc(-4% \/ 2 );margin-right: calc(-4% \/ 2 );\"><div class=\"fusion-layout-column fusion_builder_column fusion-builder-column-0 fusion_builder_column_1_1 1_1 fusion-flex-column\" style=\"--awb-bg-size:cover;--awb-width-large:100%;--awb-margin-top-large:0px;--awb-spacing-right-large:1.92%;--awb-margin-bottom-large:20px;--awb-spacing-left-large:1.92%;--awb-width-medium:100%;--awb-order-medium:0;--awb-spacing-right-medium:1.92%;--awb-spacing-left-medium:1.92%;--awb-width-small:100%;--awb-order-small:0;--awb-spacing-right-small:1.92%;--awb-spacing-left-small:1.92%;\"><div class=\"fusion-column-wrapper fusion-column-has-shadow fusion-flex-justify-content-flex-start fusion-content-layout-column\"><div class=\"fusion-text fusion-text-1\"><p>El Congreso <a href=\"http:\/\/eurecat.org\/es\/\">Eurecat<\/a> ha reunido hoy a cerca de 400 representantes del tejido econ\u00f3mico, tecnol\u00f3gico, empresarial e institucional catal\u00e1n en la tercera edici\u00f3n del evento, que ha coincidido con los 10 a\u00f1os de trayectoria de Eurecat y que ha apuntado a la innovaci\u00f3n tecnol\u00f3gica como pilar para la competitividad de las empresas y la transformaci\u00f3n industrial y social, en un contexto de cambios acelerados a nivel global.<\/p>\n<p>La presente edici\u00f3n del congreso ha abordado la primera d\u00e9cada de trayectoria de Eurecat en una sesi\u00f3n titulada \u201810 a\u00f1os innovando por el bien com\u00fan\u2019 y ha analizado los escenarios de futuro vinculados a la nueva era digital con tecnolog\u00edas de impacto transversal que hace a\u00f1os que se aplican al tejido industrial y empresarial, como la inteligencia artificial, y otras con impacto a futuro, como la computaci\u00f3n cu\u00e1ntica o la combinaci\u00f3n de rob\u00f3tica y tecnolog\u00edas digitales.<\/p>\n<p>Tambi\u00e9n ha evaluado las transformaciones que hacen referencia a la salud y a la calidad de la vida de las personas y que se traducen en una personalizaci\u00f3n de la atenci\u00f3n m\u00e9dica y en una mejora en las plataformas de monitorizaci\u00f3n de sus datos, tanto para los pacientes como para los profesionales sanitarios.<\/p>\n<p>\u201cLa soberan\u00eda industrial y tecnol\u00f3gica, el reto clim\u00e1tico o la necesidad de una industria local competitiva hacen imprescindible el papel aglutinador y acelerador de la innovaci\u00f3n\u201d, ha manifestado el presidente de Eurecat, Daniel Altimiras, en la apertura del congreso, donde ha explicado que, durante esta d\u00e9cada, Eurecat ha desarrollado casi 16.000 proyectos de investigaci\u00f3n aplicada y servicios de innovaci\u00f3n tecnol\u00f3gica y ha aportado soluciones tecnol\u00f3gicas a m\u00e1s de 3.200 empresas para acelerar su innovaci\u00f3n y hacerlas m\u00e1s competitivas, con un impacto econ\u00f3mico multiplicador de Eurecat en Catalu\u00f1a que ha llegado a 9,37 en t\u00e9rminos de retorno de la inversi\u00f3n de la administraci\u00f3n.<\/p>\n<p>Estos 10 a\u00f1os, \u201cEurecat ha definido un modelo de centro tecnol\u00f3gico que ha fortalecido el ecosistema de innovaci\u00f3n tecnol\u00f3gica de Catalu\u00f1a\u201d, ha afirmado Daniel Altimiras, para quien \u201cla capacidad de sumar alianzas para generar nuevas ideas y tecnolog\u00edas ha sido tambi\u00e9n clave\u201d.<\/p>\n<p>El director general de Eurecat, Xavier L\u00f3pez, ha moderado la primera sesi\u00f3n del evento, con el t\u00edtulo \u201810 a\u00f1os innovando por el bien com\u00fan\u2019, que ha contado con el rector de la Universitat de Girona, Joaquim Salvi i Mas; la vicepresidenta de Grupo Carinsa, Denia Mart\u00ednez; el director de Innovaci\u00f3n y Transformaci\u00f3n Tecnol\u00f3gica de la Generalitat de Catalunya, Jordi Aguasca; el director del Instituto Catal\u00e1n de Investigaci\u00f3n Qu\u00edmica (ICIQ), Emilio Palomares, y el CEO de NEOS Surgery, Llu\u00eds Chico.<\/p>\n<p>\u201cTenemos muchos elementos para construir un ecosistema de innovaci\u00f3n muy eficiente\u201d, ha se\u00f1alado el director general de Eurecat, Xavier L\u00f3pez, para quien hay que potenciar \u201cel trabajo ecosist\u00e9mico con la empresa, actual y futura, como principal actor de la conversi\u00f3n de conocimiento en valor econ\u00f3mico y social en su entorno\u201d.<\/p>\n<p>En este sentido, el director general de Eurecat ha subrayado la propuesta de valor de Eurecat basada en la convergencia tecnol\u00f3gica, la multisectorialidad, las alianzas con los agentes del ecosistema y la proximidad al tejido empresarial y ha hecho \u00e9nfasis en la necesidad de que cada vez m\u00e1s empresas, instituciones y organizaciones adopten la innovaci\u00f3n como estrategia clave.<\/p>\n<p>El conseller de Empresa y Trabajo de la Generalitat de Catalunya, Miquel S\u00e0mper, que ha clausurado el evento, ha se\u00f1alado la formaci\u00f3n profesional, la digitalizaci\u00f3n, la soberan\u00eda tecnol\u00f3gica, la internacionalizaci\u00f3n, la diversificaci\u00f3n y la descarbonizaci\u00f3n como factores imprescindibles para recuperar el protagonismo de la industria en Catalu\u00f1a y ha destacado las capacidades y competitividad del tejido empresarial, universitario y de investigaci\u00f3n y de los centros tecnol\u00f3gicos como Eurecat del pa\u00eds.<\/p>\n<p><strong>\u201810 a\u00f1os innovando por el bien com\u00fan\u2019<\/strong><\/p>\n<p>Durante la primera sesi\u00f3n del Congreso Eurecat, la vicepresidenta de Grupo Carinsa ha incidido en la importancia que tiene la innovaci\u00f3n en su compa\u00f1\u00eda y ha destacado que, como a resultado de la colaboraci\u00f3n con Eurecat, Carinsa ha podido trabajar con un centro de investigaci\u00f3n de Corea especializado en cosm\u00e9tica. Ha explicado tambi\u00e9n que su inversi\u00f3n en I+D supone un 20 por ciento de la cifra de negocio de Carinsa, un esfuerzo que les ha permitido desarrollar muchas patentes.<\/p>\n<p>Por su parte, el rector de la Universitat de Girona ha expuesto Eurecat es un socio con el que la Universitat tiene muy buen entendimiento y suma esfuerzos, para tener una mayor incidencia en el tejido econ\u00f3mico e industrial, como es el caso de su laboratorio de fabricaci\u00f3n aditiva conjunto. Tambi\u00e9n ha puesto de relieve la importancia de la capacidad de adaptaci\u00f3n al territorio y ha expresado la relevancia de apostar y creer en la innovaci\u00f3n.<\/p>\n<p>Por su parte, el director del Instituto Catal\u00e1n de Investigaci\u00f3n Qu\u00edmica ha hecho hincapi\u00e9 en la importancia que tiene Eurecat para contribuir a generar un ecosistema que ayude a que la investigaci\u00f3n se valorice. Ha manifestado tambi\u00e9n su convicci\u00f3n de que los agentes sumen para poner en valor la investigaci\u00f3n universitaria con plantas piloto y proyectos industriales que faciliten la generaci\u00f3n de nuevos productos y servicios y permitan que la empresa catalana pueda competir mejor en el mundo.<\/p>\n<p>En su intervenci\u00f3n, el CEO de NEOS Surgery, spin-off de Eurecat, ha anunciado que su previsi\u00f3n es ser el primer fabricante europeo y el segundo del mundo que producir\u00e1 un producto patentado que dar\u00e1 soluci\u00f3n a la hernia discal lumbar. En esta l\u00ednea, ha se\u00f1alado el papel destacado de Eurecat como socio fundador, que aport\u00f3 equipo, conocimiento y tecnolog\u00eda, y fue un actor clave en un proceso en el que se mezclaron mundos como los del centro tecnol\u00f3gico, la cirug\u00eda y la ingenier\u00eda. Para el CEO de NEOS Surgery, Eurecat ha aportado tambi\u00e9n reputaci\u00f3n y solidez a NEOS y ha facilitado financiaci\u00f3n para crecer, mediante su participaci\u00f3n en la spin-off.<\/p>\n<p>Por su parte, el director de Innovaci\u00f3n y Transformaci\u00f3n Tecnol\u00f3gica de la Generalitat de Catalunya ha subrayado que en el tejido industrial catal\u00e1n, basado en las pymes, la proximidad que Eurecat da confianza a las empresas. Tambi\u00e9n ha puesto de relieve que la creaci\u00f3n de Eurecat hizo posible que los centros tecnol\u00f3gicos alcanzaran una masa cr\u00edtica suficiente, para dar mejor servicio a la empresa y competir nacional e internacionalmente de una forma m\u00e1s segura. Desde su perspectiva, la diferenciaci\u00f3n de Eurecat es que est\u00e1 dirigido a la empresa y enfocado a adquirir y desarrollar tecnolog\u00eda para las necesidades de la empresa como aliado tecnol\u00f3gico.<\/p>\n<p>En la ponencia \u2018Preparando el futuro\u2019, la fundadora y CEO de Futurity Systems, Cecilia Mosze Tham, ha expuesto las claves para anticiparse a la transformaci\u00f3n que las tecnolog\u00edas digitales, como la inteligencia artificial y su confluencia con la cu\u00e1ntica, la biotecnolog\u00eda y la naturaleza, propiciar\u00e1 en los pr\u00f3ximos a\u00f1os. De acuerdo con Tham, \u201cel coste de no hacer nada, hoy en d\u00eda, es mayor que el coste de fracasar\u201d y ha trazado un camino continuo marcado, principalmente, por la investigaci\u00f3n, el ensayo y la recombinaci\u00f3n de ideas y de componentes diversos para hacer cosas nuevas.<\/p>\n<p><strong>Tecnolog\u00eda personalizada, preventiva y de precisi\u00f3n para la sostenibilidad de la salud y el bienestar a lo largo de la vida <\/strong><\/p>\n<p>El congreso ha abordado tambi\u00e9n el futuro en el \u00e1mbito de la salud y el bienestar a lo largo de la vida, en un momento clave, han coincidido los expertos, para repensar el sistema de salud para hacer frente a retos como el envejecimiento poblacional, el aumento de enfermedades cr\u00f3nicas y la falta de profesionales, as\u00ed como la sostenibilidad econ\u00f3mica y ambiental. Y han destacado la oportunidad que brinda este momento para impulsar el sector de tecnolog\u00edas de la salud, tanto tecnolog\u00edas m\u00e9dicas como biotecnolog\u00edas, como motor econ\u00f3mico y de aprovechamiento del talento emergente.<\/p>\n<p>El director de Tecnolog\u00edas de la Salud de Eurecat, Felip Miralles ha moderado la sesi\u00f3n, que ha contado con la directora asistencial y codirectora del Institut Guttmann, Montserrat Bernabeu; la CEO de Onalabs, Elisabet del Valle; el CEO de Avinent, Albert Giralt; el director de Fundaci\u00f3 TIC Social i Salut, Joan Guanyabens, y el jefe de Secci\u00f3n de Neurolog\u00eda-Unidad de Ictus de Vall d&#8217;Hebron, Carlos Molina.<\/p>\n<p>La transformaci\u00f3n del sistema sanitario \u201cexige una mejor transici\u00f3n entre niveles asistenciales y, sobre todo, una integraci\u00f3n intersectorial real\u201d, ha afirmado la directora asistencial y codirectora del Institut Guttmann, para quien \u201chay que evolucionar hacia un modelo de atenci\u00f3n basado en una red de servicios centrada en la persona, acercando la respuesta sanitaria y social al domicilio y a la comunidad\u201d. Para que esta transformaci\u00f3n sea una realidad, ha apuntado a tres l\u00edneas prioritarias de desarrollo tecnol\u00f3gico como \u201csistemas de evaluaci\u00f3n y monitorizaci\u00f3n remota que permitan un seguimiento continuado y personalizado, generaci\u00f3n de datos de calidad que faciliten el desarrollo de algoritmos de inteligencia artificial con capacidad predictiva y de apoyo a la toma de decisiones y plataformas digitales que permitan intervenciones terap\u00e9uticas integrales en el entorno cotidiano del paciente, \u00a0incluyendo soluciones de \u201ccoaching\u201d personalizado\u201d.<\/p>\n<p>El \u00e1mbito de las tecnolog\u00edas de salud \u201ces estrat\u00e9gico para Eurecat y, por tanto, jugamos y jugaremos un papel central como agente de innovaci\u00f3n con conocimiento y orquestador de la colaboraci\u00f3n p\u00fablico-privada\u201d, ha afirmado el director de Tecnolog\u00edas de la Salud de Eurecat, quien ha destacado que \u201cdesde Eurecat estamos comprometidos con una innovaci\u00f3n tecnol\u00f3gica interdisciplinaria que aporte valor real y se pueda escalar desde el territorio, para consolidar las tecnolog\u00edas de salud como un sector estrat\u00e9gico en Catalu\u00f1a\u201d.<\/p>\n<p><strong>La nueva era digital<\/strong><\/p>\n<p>La nueva era digital ha sido la protagonista en la \u00faltima sesi\u00f3n del congreso, en la que se ha abordado el auge de tecnolog\u00edas disruptivas como la computaci\u00f3n cu\u00e1ntica, la rob\u00f3tica y la inteligencia artificial, as\u00ed como las claves para aplicar estos nuevos paradigmas a la empresa y la sociedad, adaptados a los requisitos de sostenibilidad, seguridad y \u00e9tica.<\/p>\n<p>El debate sobre retos de futuro ha girado en torno a la necesidad de formaci\u00f3n de talento adaptado a los nuevos roles digitales, el desarrollo de alianzas estrat\u00e9gicas y la configuraci\u00f3n de una pol\u00edtica tecnol\u00f3gica europea que permita liderar esta transformaci\u00f3n. Un crecimiento que se prev\u00e9 alcanzar\u00e1 un nuevo m\u00e1ximo en 2031, con un n\u00famero de usuarios de herramientas de inteligencia artificial de 1.200 millones.<\/p>\n<p>De acuerdo con el director de la Unidad de Inteligencia Artificial Aplicada de Eurecat, Xavier Domingo, que ha conducido la sesi\u00f3n, \u201caunque ya podemos disfrutar de algunas mejoras gracias a las tecnolog\u00edas en torno a la IA, en el caso de la cu\u00e1ntica estamos hablando de niveles de madurez m\u00e1s bajos, todav\u00eda en el \u00e1mbito de la investigaci\u00f3n, pero que avanzan con fuerza y de los que se espera resultados disruptivos en el medio plazo\u201d.<\/p>\n<p>\u201cLas tecnolog\u00edas cu\u00e1nticas ser\u00e1n una revoluci\u00f3n superior, por ejemplo, a la llegada del correo electr\u00f3nico y debemos prepararnos a varios niveles: desarrollando tecnolog\u00eda y ayudando a las empresas en su adopci\u00f3n, involucrando al ecosistema (universidades, centros tecnol\u00f3gicos, etc.) y potenciando el ecosistema de start-ups\u201d, ha incidido la directora del Centro Internacional de Cu\u00e1ntica de Fujitsu, Almudena Justo Mart\u00ednez.<\/p>\n<p>En la mesa de debate, que ha contado tambi\u00e9n con la participaci\u00f3n del director del Centro de Telecomunicaciones y Tecnolog\u00edas de la Informaci\u00f3n (CTTI), Demetri Rico; el profesor de investigaci\u00f3n ICREA y jefe del Grupo de Teor\u00eda de Informaci\u00f3n Cu\u00e1ntica del Instituto de Ciencias Fot\u00f3nicas (ICFO), Antonio Ac\u00edn, y la directora de Innovaci\u00f3n de Qilimanjaro Quantum Tech, Eva Mart\u00edn Fierro, se ha apuntado a la necesidad de preparar hoy el camino para una d\u00e9cada que marcar\u00e1 un punto de inflexi\u00f3n tecnol\u00f3gico, social y econ\u00f3mico.<\/p>\n<\/div><\/div><\/div><\/div><\/div>\n","protected":false},"excerpt":{"rendered":"","protected":false},"author":20,"featured_media":181122,"comment_status":"open","ping_status":"closed","sticky":false,"template":"","format":"standard","meta":{"footnotes":""},"categories":[682,702,134],"tags":[],"class_list":["post-181130","post","type-post","status-publish","format-standard","has-post-thumbnail","hentry","category-corporatiu-es","category-eventos","category-notas-de-prensa"],"yoast_head":"<!-- This site is optimized with the Yoast SEO plugin v27.5 - https:\/\/yoast.com\/product\/yoast-seo-wordpress\/ -->\n<title>El Congreso Eurecat celebra los 10 a\u00f1os de Eurecat y apunta a la innovaci\u00f3n tecnol\u00f3gica como palanca para la competitividad y la transformaci\u00f3n empresarial y social - Eurecat<\/title>\n<meta name=\"robots\" content=\"index, follow, max-snippet:-1, max-image-preview:large, max-video-preview:-1\" \/>\n<link rel=\"canonical\" href=\"https:\/\/eurecat.org\/es\/el-congreso-eurecat-celebra-los-10-anos-de-eurecat-y-apunta-a-la-innovacion-tecnologica-como-palanca-para-la-competitividad-y-la-transformacion-empresarial-y-social\/\" \/>\n<meta property=\"og:locale\" content=\"es_ES\" \/>\n<meta property=\"og:type\" content=\"article\" \/>\n<meta property=\"og:title\" content=\"El Congreso Eurecat celebra los 10 a\u00f1os de Eurecat y apunta a la innovaci\u00f3n tecnol\u00f3gica como palanca para la competitividad y la transformaci\u00f3n empresarial y social - Eurecat\" \/>\n<meta property=\"og:url\" content=\"https:\/\/eurecat.org\/es\/el-congreso-eurecat-celebra-los-10-anos-de-eurecat-y-apunta-a-la-innovacion-tecnologica-como-palanca-para-la-competitividad-y-la-transformacion-empresarial-y-social\/\" \/>\n<meta property=\"og:site_name\" content=\"Eurecat\" \/>\n<meta property=\"article:published_time\" content=\"2025-06-11T16:01:33+00:00\" \/>\n<meta property=\"article:modified_time\" content=\"2025-06-12T08:06:52+00:00\" \/>\n<meta property=\"og:image\" content=\"https:\/\/eurecat.org\/wp-content\/uploads\/2025\/06\/Congres_Eurecat_Taula10anys_800px.gif\" \/>\n\t<meta property=\"og:image:width\" content=\"800\" \/>\n\t<meta property=\"og:image:height\" content=\"533\" \/>\n\t<meta property=\"og:image:type\" content=\"image\/gif\" \/>\n<meta name=\"author\" content=\"EurecatEQZ\" \/>\n<meta name=\"twitter:card\" content=\"summary_large_image\" \/>\n<meta name=\"twitter:label1\" content=\"Escrito por\" \/>\n\t<meta name=\"twitter:data1\" content=\"EurecatEQZ\" \/>\n\t<meta name=\"twitter:label2\" content=\"Tiempo de lectura\" \/>\n\t<meta name=\"twitter:data2\" content=\"1 minuto\" \/>\n<script type=\"application\/ld+json\" class=\"yoast-schema-graph\">{\"@context\":\"https:\\\/\\\/schema.org\",\"@graph\":[{\"@type\":\"Article\",\"@id\":\"https:\\\/\\\/eurecat.org\\\/es\\\/el-congreso-eurecat-celebra-los-10-anos-de-eurecat-y-apunta-a-la-innovacion-tecnologica-como-palanca-para-la-competitividad-y-la-transformacion-empresarial-y-social\\\/#article\",\"isPartOf\":{\"@id\":\"https:\\\/\\\/eurecat.org\\\/es\\\/el-congreso-eurecat-celebra-los-10-anos-de-eurecat-y-apunta-a-la-innovacion-tecnologica-como-palanca-para-la-competitividad-y-la-transformacion-empresarial-y-social\\\/\"},\"author\":{\"name\":\"EurecatEQZ\",\"@id\":\"https:\\\/\\\/eurecat.org\\\/es\\\/#\\\/schema\\\/person\\\/99d4d39712001e7621b6867b27b40bed\"},\"headline\":\"El Congreso Eurecat celebra los 10 a\u00f1os de Eurecat y apunta a la innovaci\u00f3n tecnol\u00f3gica como palanca para la competitividad y la transformaci\u00f3n empresarial y social\",\"datePublished\":\"2025-06-11T16:01:33+00:00\",\"dateModified\":\"2025-06-12T08:06:52+00:00\",\"mainEntityOfPage\":{\"@id\":\"https:\\\/\\\/eurecat.org\\\/es\\\/el-congreso-eurecat-celebra-los-10-anos-de-eurecat-y-apunta-a-la-innovacion-tecnologica-como-palanca-para-la-competitividad-y-la-transformacion-empresarial-y-social\\\/\"},\"wordCount\":3189,\"commentCount\":0,\"image\":{\"@id\":\"https:\\\/\\\/eurecat.org\\\/es\\\/el-congreso-eurecat-celebra-los-10-anos-de-eurecat-y-apunta-a-la-innovacion-tecnologica-como-palanca-para-la-competitividad-y-la-transformacion-empresarial-y-social\\\/#primaryimage\"},\"thumbnailUrl\":\"https:\\\/\\\/eurecat.org\\\/wp-content\\\/uploads\\\/2025\\\/06\\\/Congres_Eurecat_Taula10anys_800px.gif\",\"articleSection\":[\"Corporativo\",\"Eventos\",\"Notas de prensa\"],\"inLanguage\":\"es\",\"potentialAction\":[{\"@type\":\"CommentAction\",\"name\":\"Comment\",\"target\":[\"https:\\\/\\\/eurecat.org\\\/es\\\/el-congreso-eurecat-celebra-los-10-anos-de-eurecat-y-apunta-a-la-innovacion-tecnologica-como-palanca-para-la-competitividad-y-la-transformacion-empresarial-y-social\\\/#respond\"]}]},{\"@type\":\"WebPage\",\"@id\":\"https:\\\/\\\/eurecat.org\\\/es\\\/el-congreso-eurecat-celebra-los-10-anos-de-eurecat-y-apunta-a-la-innovacion-tecnologica-como-palanca-para-la-competitividad-y-la-transformacion-empresarial-y-social\\\/\",\"url\":\"https:\\\/\\\/eurecat.org\\\/es\\\/el-congreso-eurecat-celebra-los-10-anos-de-eurecat-y-apunta-a-la-innovacion-tecnologica-como-palanca-para-la-competitividad-y-la-transformacion-empresarial-y-social\\\/\",\"name\":\"El Congreso Eurecat celebra los 10 a\u00f1os de Eurecat y apunta a la innovaci\u00f3n tecnol\u00f3gica como palanca para la competitividad y la transformaci\u00f3n empresarial y social - Eurecat\",\"isPartOf\":{\"@id\":\"https:\\\/\\\/eurecat.org\\\/es\\\/#website\"},\"primaryImageOfPage\":{\"@id\":\"https:\\\/\\\/eurecat.org\\\/es\\\/el-congreso-eurecat-celebra-los-10-anos-de-eurecat-y-apunta-a-la-innovacion-tecnologica-como-palanca-para-la-competitividad-y-la-transformacion-empresarial-y-social\\\/#primaryimage\"},\"image\":{\"@id\":\"https:\\\/\\\/eurecat.org\\\/es\\\/el-congreso-eurecat-celebra-los-10-anos-de-eurecat-y-apunta-a-la-innovacion-tecnologica-como-palanca-para-la-competitividad-y-la-transformacion-empresarial-y-social\\\/#primaryimage\"},\"thumbnailUrl\":\"https:\\\/\\\/eurecat.org\\\/wp-content\\\/uploads\\\/2025\\\/06\\\/Congres_Eurecat_Taula10anys_800px.gif\",\"datePublished\":\"2025-06-11T16:01:33+00:00\",\"dateModified\":\"2025-06-12T08:06:52+00:00\",\"author\":{\"@id\":\"https:\\\/\\\/eurecat.org\\\/es\\\/#\\\/schema\\\/person\\\/99d4d39712001e7621b6867b27b40bed\"},\"breadcrumb\":{\"@id\":\"https:\\\/\\\/eurecat.org\\\/es\\\/el-congreso-eurecat-celebra-los-10-anos-de-eurecat-y-apunta-a-la-innovacion-tecnologica-como-palanca-para-la-competitividad-y-la-transformacion-empresarial-y-social\\\/#breadcrumb\"},\"inLanguage\":\"es\",\"potentialAction\":[{\"@type\":\"ReadAction\",\"target\":[\"https:\\\/\\\/eurecat.org\\\/es\\\/el-congreso-eurecat-celebra-los-10-anos-de-eurecat-y-apunta-a-la-innovacion-tecnologica-como-palanca-para-la-competitividad-y-la-transformacion-empresarial-y-social\\\/\"]}]},{\"@type\":\"ImageObject\",\"inLanguage\":\"es\",\"@id\":\"https:\\\/\\\/eurecat.org\\\/es\\\/el-congreso-eurecat-celebra-los-10-anos-de-eurecat-y-apunta-a-la-innovacion-tecnologica-como-palanca-para-la-competitividad-y-la-transformacion-empresarial-y-social\\\/#primaryimage\",\"url\":\"https:\\\/\\\/eurecat.org\\\/wp-content\\\/uploads\\\/2025\\\/06\\\/Congres_Eurecat_Taula10anys_800px.gif\",\"contentUrl\":\"https:\\\/\\\/eurecat.org\\\/wp-content\\\/uploads\\\/2025\\\/06\\\/Congres_Eurecat_Taula10anys_800px.gif\",\"width\":800,\"height\":533},{\"@type\":\"BreadcrumbList\",\"@id\":\"https:\\\/\\\/eurecat.org\\\/es\\\/el-congreso-eurecat-celebra-los-10-anos-de-eurecat-y-apunta-a-la-innovacion-tecnologica-como-palanca-para-la-competitividad-y-la-transformacion-empresarial-y-social\\\/#breadcrumb\",\"itemListElement\":[{\"@type\":\"ListItem\",\"position\":1,\"name\":\"Inici\",\"item\":\"https:\\\/\\\/eurecat.org\\\/es\\\/\"},{\"@type\":\"ListItem\",\"position\":2,\"name\":\"El Congreso Eurecat celebra los 10 a\u00f1os de Eurecat y apunta a la innovaci\u00f3n tecnol\u00f3gica como palanca para la competitividad y la transformaci\u00f3n empresarial y social\"}]},{\"@type\":\"WebSite\",\"@id\":\"https:\\\/\\\/eurecat.org\\\/es\\\/#website\",\"url\":\"https:\\\/\\\/eurecat.org\\\/es\\\/\",\"name\":\"Eurecat\",\"description\":\"Otro sitio realizado con WordPress\",\"potentialAction\":[{\"@type\":\"SearchAction\",\"target\":{\"@type\":\"EntryPoint\",\"urlTemplate\":\"https:\\\/\\\/eurecat.org\\\/es\\\/?s={search_term_string}\"},\"query-input\":{\"@type\":\"PropertyValueSpecification\",\"valueRequired\":true,\"valueName\":\"search_term_string\"}}],\"inLanguage\":\"es\"},{\"@type\":\"Person\",\"@id\":\"https:\\\/\\\/eurecat.org\\\/es\\\/#\\\/schema\\\/person\\\/99d4d39712001e7621b6867b27b40bed\",\"name\":\"EurecatEQZ\",\"image\":{\"@type\":\"ImageObject\",\"inLanguage\":\"es\",\"@id\":\"https:\\\/\\\/secure.gravatar.com\\\/avatar\\\/6deb26ca61bcc34263c59cc62bb8b08ff90b67af7f99943babf5d86396845993?s=96&d=mm&r=g\",\"url\":\"https:\\\/\\\/secure.gravatar.com\\\/avatar\\\/6deb26ca61bcc34263c59cc62bb8b08ff90b67af7f99943babf5d86396845993?s=96&d=mm&r=g\",\"contentUrl\":\"https:\\\/\\\/secure.gravatar.com\\\/avatar\\\/6deb26ca61bcc34263c59cc62bb8b08ff90b67af7f99943babf5d86396845993?s=96&d=mm&r=g\",\"caption\":\"EurecatEQZ\"}}]}<\/script>\n<!-- \/ Yoast SEO plugin. -->","yoast_head_json":{"title":"El Congreso Eurecat celebra los 10 a\u00f1os de Eurecat y apunta a la innovaci\u00f3n tecnol\u00f3gica como palanca para la competitividad y la transformaci\u00f3n empresarial y social - Eurecat","robots":{"index":"index","follow":"follow","max-snippet":"max-snippet:-1","max-image-preview":"max-image-preview:large","max-video-preview":"max-video-preview:-1"},"canonical":"https:\/\/eurecat.org\/es\/el-congreso-eurecat-celebra-los-10-anos-de-eurecat-y-apunta-a-la-innovacion-tecnologica-como-palanca-para-la-competitividad-y-la-transformacion-empresarial-y-social\/","og_locale":"es_ES","og_type":"article","og_title":"El Congreso Eurecat celebra los 10 a\u00f1os de Eurecat y apunta a la innovaci\u00f3n tecnol\u00f3gica como palanca para la competitividad y la transformaci\u00f3n empresarial y social - Eurecat","og_url":"https:\/\/eurecat.org\/es\/el-congreso-eurecat-celebra-los-10-anos-de-eurecat-y-apunta-a-la-innovacion-tecnologica-como-palanca-para-la-competitividad-y-la-transformacion-empresarial-y-social\/","og_site_name":"Eurecat","article_published_time":"2025-06-11T16:01:33+00:00","article_modified_time":"2025-06-12T08:06:52+00:00","og_image":[{"width":800,"height":533,"url":"https:\/\/eurecat.org\/wp-content\/uploads\/2025\/06\/Congres_Eurecat_Taula10anys_800px.gif","type":"image\/gif"}],"author":"EurecatEQZ","twitter_card":"summary_large_image","twitter_misc":{"Escrito por":"EurecatEQZ","Tiempo de lectura":"1 minuto"},"schema":{"@context":"https:\/\/schema.org","@graph":[{"@type":"Article","@id":"https:\/\/eurecat.org\/es\/el-congreso-eurecat-celebra-los-10-anos-de-eurecat-y-apunta-a-la-innovacion-tecnologica-como-palanca-para-la-competitividad-y-la-transformacion-empresarial-y-social\/#article","isPartOf":{"@id":"https:\/\/eurecat.org\/es\/el-congreso-eurecat-celebra-los-10-anos-de-eurecat-y-apunta-a-la-innovacion-tecnologica-como-palanca-para-la-competitividad-y-la-transformacion-empresarial-y-social\/"},"author":{"name":"EurecatEQZ","@id":"https:\/\/eurecat.org\/es\/#\/schema\/person\/99d4d39712001e7621b6867b27b40bed"},"headline":"El Congreso Eurecat celebra los 10 a\u00f1os de Eurecat y apunta a la innovaci\u00f3n tecnol\u00f3gica como palanca para la competitividad y la transformaci\u00f3n empresarial y social","datePublished":"2025-06-11T16:01:33+00:00","dateModified":"2025-06-12T08:06:52+00:00","mainEntityOfPage":{"@id":"https:\/\/eurecat.org\/es\/el-congreso-eurecat-celebra-los-10-anos-de-eurecat-y-apunta-a-la-innovacion-tecnologica-como-palanca-para-la-competitividad-y-la-transformacion-empresarial-y-social\/"},"wordCount":3189,"commentCount":0,"image":{"@id":"https:\/\/eurecat.org\/es\/el-congreso-eurecat-celebra-los-10-anos-de-eurecat-y-apunta-a-la-innovacion-tecnologica-como-palanca-para-la-competitividad-y-la-transformacion-empresarial-y-social\/#primaryimage"},"thumbnailUrl":"https:\/\/eurecat.org\/wp-content\/uploads\/2025\/06\/Congres_Eurecat_Taula10anys_800px.gif","articleSection":["Corporativo","Eventos","Notas de prensa"],"inLanguage":"es","potentialAction":[{"@type":"CommentAction","name":"Comment","target":["https:\/\/eurecat.org\/es\/el-congreso-eurecat-celebra-los-10-anos-de-eurecat-y-apunta-a-la-innovacion-tecnologica-como-palanca-para-la-competitividad-y-la-transformacion-empresarial-y-social\/#respond"]}]},{"@type":"WebPage","@id":"https:\/\/eurecat.org\/es\/el-congreso-eurecat-celebra-los-10-anos-de-eurecat-y-apunta-a-la-innovacion-tecnologica-como-palanca-para-la-competitividad-y-la-transformacion-empresarial-y-social\/","url":"https:\/\/eurecat.org\/es\/el-congreso-eurecat-celebra-los-10-anos-de-eurecat-y-apunta-a-la-innovacion-tecnologica-como-palanca-para-la-competitividad-y-la-transformacion-empresarial-y-social\/","name":"El Congreso Eurecat celebra los 10 a\u00f1os de Eurecat y apunta a la innovaci\u00f3n tecnol\u00f3gica como palanca para la competitividad y la transformaci\u00f3n empresarial y social - Eurecat","isPartOf":{"@id":"https:\/\/eurecat.org\/es\/#website"},"primaryImageOfPage":{"@id":"https:\/\/eurecat.org\/es\/el-congreso-eurecat-celebra-los-10-anos-de-eurecat-y-apunta-a-la-innovacion-tecnologica-como-palanca-para-la-competitividad-y-la-transformacion-empresarial-y-social\/#primaryimage"},"image":{"@id":"https:\/\/eurecat.org\/es\/el-congreso-eurecat-celebra-los-10-anos-de-eurecat-y-apunta-a-la-innovacion-tecnologica-como-palanca-para-la-competitividad-y-la-transformacion-empresarial-y-social\/#primaryimage"},"thumbnailUrl":"https:\/\/eurecat.org\/wp-content\/uploads\/2025\/06\/Congres_Eurecat_Taula10anys_800px.gif","datePublished":"2025-06-11T16:01:33+00:00","dateModified":"2025-06-12T08:06:52+00:00","author":{"@id":"https:\/\/eurecat.org\/es\/#\/schema\/person\/99d4d39712001e7621b6867b27b40bed"},"breadcrumb":{"@id":"https:\/\/eurecat.org\/es\/el-congreso-eurecat-celebra-los-10-anos-de-eurecat-y-apunta-a-la-innovacion-tecnologica-como-palanca-para-la-competitividad-y-la-transformacion-empresarial-y-social\/#breadcrumb"},"inLanguage":"es","potentialAction":[{"@type":"ReadAction","target":["https:\/\/eurecat.org\/es\/el-congreso-eurecat-celebra-los-10-anos-de-eurecat-y-apunta-a-la-innovacion-tecnologica-como-palanca-para-la-competitividad-y-la-transformacion-empresarial-y-social\/"]}]},{"@type":"ImageObject","inLanguage":"es","@id":"https:\/\/eurecat.org\/es\/el-congreso-eurecat-celebra-los-10-anos-de-eurecat-y-apunta-a-la-innovacion-tecnologica-como-palanca-para-la-competitividad-y-la-transformacion-empresarial-y-social\/#primaryimage","url":"https:\/\/eurecat.org\/wp-content\/uploads\/2025\/06\/Congres_Eurecat_Taula10anys_800px.gif","contentUrl":"https:\/\/eurecat.org\/wp-content\/uploads\/2025\/06\/Congres_Eurecat_Taula10anys_800px.gif","width":800,"height":533},{"@type":"BreadcrumbList","@id":"https:\/\/eurecat.org\/es\/el-congreso-eurecat-celebra-los-10-anos-de-eurecat-y-apunta-a-la-innovacion-tecnologica-como-palanca-para-la-competitividad-y-la-transformacion-empresarial-y-social\/#breadcrumb","itemListElement":[{"@type":"ListItem","position":1,"name":"Inici","item":"https:\/\/eurecat.org\/es\/"},{"@type":"ListItem","position":2,"name":"El Congreso Eurecat celebra los 10 a\u00f1os de Eurecat y apunta a la innovaci\u00f3n tecnol\u00f3gica como palanca para la competitividad y la transformaci\u00f3n empresarial y social"}]},{"@type":"WebSite","@id":"https:\/\/eurecat.org\/es\/#website","url":"https:\/\/eurecat.org\/es\/","name":"Eurecat","description":"Otro sitio realizado con WordPress","potentialAction":[{"@type":"SearchAction","target":{"@type":"EntryPoint","urlTemplate":"https:\/\/eurecat.org\/es\/?s={search_term_string}"},"query-input":{"@type":"PropertyValueSpecification","valueRequired":true,"valueName":"search_term_string"}}],"inLanguage":"es"},{"@type":"Person","@id":"https:\/\/eurecat.org\/es\/#\/schema\/person\/99d4d39712001e7621b6867b27b40bed","name":"EurecatEQZ","image":{"@type":"ImageObject","inLanguage":"es","@id":"https:\/\/secure.gravatar.com\/avatar\/6deb26ca61bcc34263c59cc62bb8b08ff90b67af7f99943babf5d86396845993?s=96&d=mm&r=g","url":"https:\/\/secure.gravatar.com\/avatar\/6deb26ca61bcc34263c59cc62bb8b08ff90b67af7f99943babf5d86396845993?s=96&d=mm&r=g","contentUrl":"https:\/\/secure.gravatar.com\/avatar\/6deb26ca61bcc34263c59cc62bb8b08ff90b67af7f99943babf5d86396845993?s=96&d=mm&r=g","caption":"EurecatEQZ"}}]}},"_links":{"self":[{"href":"https:\/\/eurecat.org\/es\/wp-json\/wp\/v2\/posts\/181130","targetHints":{"allow":["GET"]}}],"collection":[{"href":"https:\/\/eurecat.org\/es\/wp-json\/wp\/v2\/posts"}],"about":[{"href":"https:\/\/eurecat.org\/es\/wp-json\/wp\/v2\/types\/post"}],"author":[{"embeddable":true,"href":"https:\/\/eurecat.org\/es\/wp-json\/wp\/v2\/users\/20"}],"replies":[{"embeddable":true,"href":"https:\/\/eurecat.org\/es\/wp-json\/wp\/v2\/comments?post=181130"}],"version-history":[{"count":1,"href":"https:\/\/eurecat.org\/es\/wp-json\/wp\/v2\/posts\/181130\/revisions"}],"predecessor-version":[{"id":181131,"href":"https:\/\/eurecat.org\/es\/wp-json\/wp\/v2\/posts\/181130\/revisions\/181131"}],"wp:featuredmedia":[{"embeddable":true,"href":"https:\/\/eurecat.org\/es\/wp-json\/wp\/v2\/media\/181122"}],"wp:attachment":[{"href":"https:\/\/eurecat.org\/es\/wp-json\/wp\/v2\/media?parent=181130"}],"wp:term":[{"taxonomy":"category","embeddable":true,"href":"https:\/\/eurecat.org\/es\/wp-json\/wp\/v2\/categories?post=181130"},{"taxonomy":"post_tag","embeddable":true,"href":"https:\/\/eurecat.org\/es\/wp-json\/wp\/v2\/tags?post=181130"}],"curies":[{"name":"wp","href":"https:\/\/api.w.org\/{rel}","templated":true}]}}