{"id":181295,"date":"2025-06-13T19:00:47","date_gmt":"2025-06-13T17:00:47","guid":{"rendered":"https:\/\/eurecat.org\/?p=181295"},"modified":"2025-06-16T10:26:26","modified_gmt":"2025-06-16T08:26:26","slug":"el-congreso-eurecat-plantea-una-nueva-era-digital-definida-por-la-inteligencia-artificial-y-la-computacion-cuantica","status":"publish","type":"post","link":"https:\/\/eurecat.org\/es\/el-congreso-eurecat-plantea-una-nueva-era-digital-definida-por-la-inteligencia-artificial-y-la-computacion-cuantica\/","title":{"rendered":"El Congreso Eurecat plantea una nueva era digital definida por la inteligencia artificial y la computaci\u00f3n cu\u00e1ntica"},"content":{"rendered":"<div class=\"fusion-fullwidth fullwidth-box fusion-builder-row-1 fusion-flex-container has-pattern-background has-mask-background nonhundred-percent-fullwidth non-hundred-percent-height-scrolling\" style=\"--awb-border-radius-top-left:0px;--awb-border-radius-top-right:0px;--awb-border-radius-bottom-right:0px;--awb-border-radius-bottom-left:0px;--awb-flex-wrap:wrap;\" ><div class=\"fusion-builder-row fusion-row fusion-flex-align-items-flex-start fusion-flex-content-wrap\" style=\"max-width:1424.8px;margin-left: calc(-4% \/ 2 );margin-right: calc(-4% \/ 2 );\"><div class=\"fusion-layout-column fusion_builder_column fusion-builder-column-0 fusion_builder_column_1_1 1_1 fusion-flex-column\" style=\"--awb-bg-size:cover;--awb-width-large:100%;--awb-margin-top-large:0px;--awb-spacing-right-large:1.92%;--awb-margin-bottom-large:20px;--awb-spacing-left-large:1.92%;--awb-width-medium:100%;--awb-order-medium:0;--awb-spacing-right-medium:1.92%;--awb-spacing-left-medium:1.92%;--awb-width-small:100%;--awb-order-small:0;--awb-spacing-right-small:1.92%;--awb-spacing-left-small:1.92%;\"><div class=\"fusion-column-wrapper fusion-column-has-shadow fusion-flex-justify-content-flex-start fusion-content-layout-column\"><div class=\"fusion-text fusion-text-1\"><p>El Congreso <a href=\"http:\/\/eurecat.org\/es\/\">Eurecat<\/a> ha reunido expertos y agentes destacados en el \u00e1mbito de la inteligencia artificial y de la computaci\u00f3n cu\u00e1ntica para reflexionar sobre c\u00f3mo estas tecnolog\u00edas disruptivas comportar\u00e1n una \u201cnueva era digital\u201d, como se ha titulado la mesa redonda del acto que ha analizado el impacto que pueden tener en la sociedad, las empresas y las instituciones p\u00fablicas y c\u00f3mo se pueden adaptar a los requisitos de sostenibilidad, de seguridad y de \u00e9tica.<\/p>\n<p>Estas innovaciones suponen \u201cun cambio en la manera en que la sociedad se relaciona con la tecnolog\u00eda, por eso, tenemos que ser capaces de aportar soluciones estrat\u00e9gicas que ayuden a todos los actores a adaptarse a este nuevo paradigma\u201d, ha explicado el director de la Unidad de Inteligencia Artificial Aplicada de Eurecat, Xavier Domingo, que ha conducido la sesi\u00f3n.<\/p>\n<p>\u201cA pesar de que ya podemos disfrutar de algunas mejoras gracias a las tecnolog\u00edas alrededor de la inteligencia artificial, en el caso de la cu\u00e1ntica estamos hablando de niveles de madurez m\u00e1s bajos, todav\u00eda en el \u00e1mbito de la investigaci\u00f3n, pero que avanzan con fuerza y de los que se espera resultados disruptivos en el medio plazo\u201d, ha a\u00f1adido.<\/p>\n<p>Los ponentes han compartido casos de uso basados en tecnolog\u00edas como la inteligencia artificial en m\u00faltiples sectores, adem\u00e1s de llevarse a cabo una mirada al futuro para entender c\u00f3mo la aplicaci\u00f3n de la computaci\u00f3n cu\u00e1ntica complementar\u00e1 o, incluso, en algunos casos, permitir\u00e1 que los modelos de inteligencia artificial sean mucho m\u00e1s eficientes. Ejemplos de esto son la resoluci\u00f3n de problemas de optimizaci\u00f3n o la simulaci\u00f3n de materiales avanzados.<\/p>\n<p>\u201cLo m\u00e1s probable es que las primeras aplicaciones que veamos de tecnolog\u00eda cu\u00e1ntica sean en el \u00e1mbito cient\u00edfico, hay muchos problemas que hoy en d\u00eda no podemos resolver y que creemos que ser\u00e1n capaces de solucionarse con el uso de un superordenador cu\u00e1ntico\u201d, ha explicado el profesor de investigaci\u00f3n ICREA y jefe del Grupo de Teor\u00eda de Informaci\u00f3n Cu\u00e1ntica del Instituto de Ciencias Fot\u00f3nicas (ICFO), Antonio Ac\u00edn.<\/p>\n<p>\u201cLas part\u00edculas cu\u00e1nticas se pueden aplicar a una serie de elementos, as\u00ed podremos tener dispositivos cu\u00e1nticos o internet cu\u00e1ntico, entre otras muchas aplicaciones que todav\u00eda est\u00e1n por definir a medida que se vaya desarrollando esta tecnolog\u00eda\u201d, ha apuntado.<\/p>\n<p>Durante la mesa redonda, los expertos han coincidido en el hecho que la madurez tecnol\u00f3gica en el caso de la cu\u00e1ntica es todav\u00eda limitada, pero la inversi\u00f3n p\u00fablica y privada deja intuir una adopci\u00f3n progresiva en el medio plazo. Este es un motivo de peso, por el cual se ha considerado la necesidad de preparar las peque\u00f1as y medianas empresas y el sector p\u00fablico como un punto clave.<\/p>\n<p>\u201cA corto plazo las empresas no tendr\u00e1n un ordenador cu\u00e1ntico, pero es recomendable que ya empiecen a hacer exploraciones de esta tecnolog\u00eda, puesto que, cuando se implemente lo har\u00e1 de un d\u00eda para el otro y supondr\u00e1 una gran ventaja competitiva\u201d, ha apuntado la directora de Innovaci\u00f3n de Qilimanjaro Quantum Tech, Eva Mart\u00edn Fierro.<\/p>\n<p>La llegada de la computaci\u00f3n cu\u00e1ntica ser\u00e1 una revoluci\u00f3n disruptiva y \u201cnos tenemos que preparar a varios niveles: desarrollando tecnolog\u00eda y ayudando las empresas en su adopci\u00f3n, involucrando el ecosistema (universidades, centros tecnol\u00f3gicos, etc.) y potenciando el ecosistema de start-ups\u201d, ha incidido la directora del Centro Internacional de Cu\u00e1ntica en FSAS Technologies de Fujitsu, Almudena Justo Mart\u00ednez.<\/p>\n<p>En el \u00e1mbito de inteligencia artificial el director del Centro de Telecomunicaciones y Tecnolog\u00edas de la Informaci\u00f3n (CTTI), Demetri Rico, ha anunciado que \u201cla red p\u00fablica de fibra que conecta 6.000 sedes de la Generalitat tendr\u00e1 19 nodos con cifrado cu\u00e1ntico antes de 2027&#8243;. Desde su punto de vista, \u201cno tenemos que quedarnos solo en la automatizaci\u00f3n de procesos, las empresas tienen que aprovechar la oportunidad de hacer cosas diferentes, no solo para ser m\u00e1s eficientes, sino para generar realmente un cambio en el \u00e1mbito de la innovaci\u00f3n\u201d, en un sector en crecimiento que se prev\u00e9 que llegar\u00e1 a un nuevo m\u00e1ximo el 2031, con un n\u00famero de usuarios de herramientas de inteligencia artificial de 1.200 millones.<\/p>\n<p>El debate sobre los retos de futuro ha girado en torno a la necesidad de formaci\u00f3n de talento adaptado a los nuevos roles digitales, la necesidad de desarrollar la soberan\u00eda tecnol\u00f3gica con el desarrollo de alianzas estrat\u00e9gicas y la configuraci\u00f3n de una pol\u00edtica tecnol\u00f3gica europea que permita avanzar en esta direcci\u00f3n y liderar la transformaci\u00f3n. El mensaje compartido ha sido que la pr\u00f3xima d\u00e9cada ser\u00e1 decisiva y hay que actuar desde ahora para garantizar una transici\u00f3n tecnol\u00f3gica responsable, \u00e9tica y colaborativa.<\/p>\n<p>Eurecat ha reafirmado su compromiso con un nuevo plan estrat\u00e9gico que incluye estos \u00e1mbitos de investigaci\u00f3n e innovaci\u00f3n, como su participaci\u00f3n en la Red Cervera ARQA, que avanza significativamente en la investigaci\u00f3n y el desarrollo de aplicaciones cu\u00e1nticas para el sector empresarial, con la voluntad \u201cde anticiparse a los cambios y actuar como puente entre conocimiento, empresa y sociedad\u201d, ha se\u00f1alado Xavier Domingo.<\/p>\n<\/div><\/div><\/div><\/div><\/div>\n","protected":false},"excerpt":{"rendered":"","protected":false},"author":20,"featured_media":181293,"comment_status":"open","ping_status":"closed","sticky":false,"template":"","format":"standard","meta":{"footnotes":""},"categories":[392,702,134],"tags":[],"class_list":["post-181295","post","type-post","status-publish","format-standard","has-post-thumbnail","hentry","category-big-data-analytics","category-eventos","category-notas-de-prensa"],"yoast_head":"<!-- This site is optimized with the Yoast SEO plugin v27.4 - https:\/\/yoast.com\/product\/yoast-seo-wordpress\/ -->\n<title>El Congreso Eurecat plantea una nueva era digital definida por la inteligencia artificial y la computaci\u00f3n cu\u00e1ntica - Eurecat<\/title>\n<meta name=\"robots\" content=\"index, follow, max-snippet:-1, max-image-preview:large, max-video-preview:-1\" \/>\n<link rel=\"canonical\" href=\"https:\/\/eurecat.org\/es\/el-congreso-eurecat-plantea-una-nueva-era-digital-definida-por-la-inteligencia-artificial-y-la-computacion-cuantica\/\" \/>\n<meta property=\"og:locale\" content=\"es_ES\" \/>\n<meta property=\"og:type\" content=\"article\" \/>\n<meta property=\"og:title\" content=\"El Congreso Eurecat plantea una nueva era digital definida por la inteligencia artificial y la computaci\u00f3n cu\u00e1ntica - Eurecat\" \/>\n<meta property=\"og:url\" content=\"https:\/\/eurecat.org\/es\/el-congreso-eurecat-plantea-una-nueva-era-digital-definida-por-la-inteligencia-artificial-y-la-computacion-cuantica\/\" \/>\n<meta property=\"og:site_name\" content=\"Eurecat\" \/>\n<meta property=\"article:published_time\" content=\"2025-06-13T17:00:47+00:00\" \/>\n<meta property=\"article:modified_time\" content=\"2025-06-16T08:26:26+00:00\" \/>\n<meta property=\"og:image\" content=\"https:\/\/eurecat.org\/wp-content\/uploads\/2025\/06\/Congres_Eurecat_TaulaDigital_800px.gif\" \/>\n\t<meta property=\"og:image:width\" content=\"800\" \/>\n\t<meta property=\"og:image:height\" content=\"533\" \/>\n\t<meta property=\"og:image:type\" content=\"image\/gif\" \/>\n<meta name=\"author\" content=\"EurecatEQZ\" \/>\n<meta name=\"twitter:card\" content=\"summary_large_image\" \/>\n<meta name=\"twitter:label1\" content=\"Escrito por\" \/>\n\t<meta name=\"twitter:data1\" content=\"EurecatEQZ\" \/>\n\t<meta name=\"twitter:label2\" content=\"Tiempo de lectura\" \/>\n\t<meta name=\"twitter:data2\" content=\"1 minuto\" \/>\n<script type=\"application\/ld+json\" class=\"yoast-schema-graph\">{\"@context\":\"https:\\\/\\\/schema.org\",\"@graph\":[{\"@type\":\"Article\",\"@id\":\"https:\\\/\\\/eurecat.org\\\/es\\\/el-congreso-eurecat-plantea-una-nueva-era-digital-definida-por-la-inteligencia-artificial-y-la-computacion-cuantica\\\/#article\",\"isPartOf\":{\"@id\":\"https:\\\/\\\/eurecat.org\\\/es\\\/el-congreso-eurecat-plantea-una-nueva-era-digital-definida-por-la-inteligencia-artificial-y-la-computacion-cuantica\\\/\"},\"author\":{\"name\":\"EurecatEQZ\",\"@id\":\"https:\\\/\\\/eurecat.org\\\/es\\\/#\\\/schema\\\/person\\\/99d4d39712001e7621b6867b27b40bed\"},\"headline\":\"El Congreso Eurecat plantea una nueva era digital definida por la inteligencia artificial y la computaci\u00f3n cu\u00e1ntica\",\"datePublished\":\"2025-06-13T17:00:47+00:00\",\"dateModified\":\"2025-06-16T08:26:26+00:00\",\"mainEntityOfPage\":{\"@id\":\"https:\\\/\\\/eurecat.org\\\/es\\\/el-congreso-eurecat-plantea-una-nueva-era-digital-definida-por-la-inteligencia-artificial-y-la-computacion-cuantica\\\/\"},\"wordCount\":1979,\"commentCount\":0,\"image\":{\"@id\":\"https:\\\/\\\/eurecat.org\\\/es\\\/el-congreso-eurecat-plantea-una-nueva-era-digital-definida-por-la-inteligencia-artificial-y-la-computacion-cuantica\\\/#primaryimage\"},\"thumbnailUrl\":\"https:\\\/\\\/eurecat.org\\\/wp-content\\\/uploads\\\/2025\\\/06\\\/Congres_Eurecat_TaulaDigital_800px.gif\",\"articleSection\":[\"Data Science &amp; Big Data Analytics\",\"Eventos\",\"Notas de prensa\"],\"inLanguage\":\"es\",\"potentialAction\":[{\"@type\":\"CommentAction\",\"name\":\"Comment\",\"target\":[\"https:\\\/\\\/eurecat.org\\\/es\\\/el-congreso-eurecat-plantea-una-nueva-era-digital-definida-por-la-inteligencia-artificial-y-la-computacion-cuantica\\\/#respond\"]}]},{\"@type\":\"WebPage\",\"@id\":\"https:\\\/\\\/eurecat.org\\\/es\\\/el-congreso-eurecat-plantea-una-nueva-era-digital-definida-por-la-inteligencia-artificial-y-la-computacion-cuantica\\\/\",\"url\":\"https:\\\/\\\/eurecat.org\\\/es\\\/el-congreso-eurecat-plantea-una-nueva-era-digital-definida-por-la-inteligencia-artificial-y-la-computacion-cuantica\\\/\",\"name\":\"El Congreso Eurecat plantea una nueva era digital definida por la inteligencia artificial y la computaci\u00f3n cu\u00e1ntica - Eurecat\",\"isPartOf\":{\"@id\":\"https:\\\/\\\/eurecat.org\\\/es\\\/#website\"},\"primaryImageOfPage\":{\"@id\":\"https:\\\/\\\/eurecat.org\\\/es\\\/el-congreso-eurecat-plantea-una-nueva-era-digital-definida-por-la-inteligencia-artificial-y-la-computacion-cuantica\\\/#primaryimage\"},\"image\":{\"@id\":\"https:\\\/\\\/eurecat.org\\\/es\\\/el-congreso-eurecat-plantea-una-nueva-era-digital-definida-por-la-inteligencia-artificial-y-la-computacion-cuantica\\\/#primaryimage\"},\"thumbnailUrl\":\"https:\\\/\\\/eurecat.org\\\/wp-content\\\/uploads\\\/2025\\\/06\\\/Congres_Eurecat_TaulaDigital_800px.gif\",\"datePublished\":\"2025-06-13T17:00:47+00:00\",\"dateModified\":\"2025-06-16T08:26:26+00:00\",\"author\":{\"@id\":\"https:\\\/\\\/eurecat.org\\\/es\\\/#\\\/schema\\\/person\\\/99d4d39712001e7621b6867b27b40bed\"},\"breadcrumb\":{\"@id\":\"https:\\\/\\\/eurecat.org\\\/es\\\/el-congreso-eurecat-plantea-una-nueva-era-digital-definida-por-la-inteligencia-artificial-y-la-computacion-cuantica\\\/#breadcrumb\"},\"inLanguage\":\"es\",\"potentialAction\":[{\"@type\":\"ReadAction\",\"target\":[\"https:\\\/\\\/eurecat.org\\\/es\\\/el-congreso-eurecat-plantea-una-nueva-era-digital-definida-por-la-inteligencia-artificial-y-la-computacion-cuantica\\\/\"]}]},{\"@type\":\"ImageObject\",\"inLanguage\":\"es\",\"@id\":\"https:\\\/\\\/eurecat.org\\\/es\\\/el-congreso-eurecat-plantea-una-nueva-era-digital-definida-por-la-inteligencia-artificial-y-la-computacion-cuantica\\\/#primaryimage\",\"url\":\"https:\\\/\\\/eurecat.org\\\/wp-content\\\/uploads\\\/2025\\\/06\\\/Congres_Eurecat_TaulaDigital_800px.gif\",\"contentUrl\":\"https:\\\/\\\/eurecat.org\\\/wp-content\\\/uploads\\\/2025\\\/06\\\/Congres_Eurecat_TaulaDigital_800px.gif\",\"width\":800,\"height\":533},{\"@type\":\"BreadcrumbList\",\"@id\":\"https:\\\/\\\/eurecat.org\\\/es\\\/el-congreso-eurecat-plantea-una-nueva-era-digital-definida-por-la-inteligencia-artificial-y-la-computacion-cuantica\\\/#breadcrumb\",\"itemListElement\":[{\"@type\":\"ListItem\",\"position\":1,\"name\":\"Inici\",\"item\":\"https:\\\/\\\/eurecat.org\\\/es\\\/\"},{\"@type\":\"ListItem\",\"position\":2,\"name\":\"El Congreso Eurecat plantea una nueva era digital definida por la inteligencia artificial y la computaci\u00f3n cu\u00e1ntica\"}]},{\"@type\":\"WebSite\",\"@id\":\"https:\\\/\\\/eurecat.org\\\/es\\\/#website\",\"url\":\"https:\\\/\\\/eurecat.org\\\/es\\\/\",\"name\":\"Eurecat\",\"description\":\"Otro sitio realizado con WordPress\",\"potentialAction\":[{\"@type\":\"SearchAction\",\"target\":{\"@type\":\"EntryPoint\",\"urlTemplate\":\"https:\\\/\\\/eurecat.org\\\/es\\\/?s={search_term_string}\"},\"query-input\":{\"@type\":\"PropertyValueSpecification\",\"valueRequired\":true,\"valueName\":\"search_term_string\"}}],\"inLanguage\":\"es\"},{\"@type\":\"Person\",\"@id\":\"https:\\\/\\\/eurecat.org\\\/es\\\/#\\\/schema\\\/person\\\/99d4d39712001e7621b6867b27b40bed\",\"name\":\"EurecatEQZ\",\"image\":{\"@type\":\"ImageObject\",\"inLanguage\":\"es\",\"@id\":\"https:\\\/\\\/secure.gravatar.com\\\/avatar\\\/6deb26ca61bcc34263c59cc62bb8b08ff90b67af7f99943babf5d86396845993?s=96&d=mm&r=g\",\"url\":\"https:\\\/\\\/secure.gravatar.com\\\/avatar\\\/6deb26ca61bcc34263c59cc62bb8b08ff90b67af7f99943babf5d86396845993?s=96&d=mm&r=g\",\"contentUrl\":\"https:\\\/\\\/secure.gravatar.com\\\/avatar\\\/6deb26ca61bcc34263c59cc62bb8b08ff90b67af7f99943babf5d86396845993?s=96&d=mm&r=g\",\"caption\":\"EurecatEQZ\"}}]}<\/script>\n<!-- \/ Yoast SEO plugin. -->","yoast_head_json":{"title":"El Congreso Eurecat plantea una nueva era digital definida por la inteligencia artificial y la computaci\u00f3n cu\u00e1ntica - Eurecat","robots":{"index":"index","follow":"follow","max-snippet":"max-snippet:-1","max-image-preview":"max-image-preview:large","max-video-preview":"max-video-preview:-1"},"canonical":"https:\/\/eurecat.org\/es\/el-congreso-eurecat-plantea-una-nueva-era-digital-definida-por-la-inteligencia-artificial-y-la-computacion-cuantica\/","og_locale":"es_ES","og_type":"article","og_title":"El Congreso Eurecat plantea una nueva era digital definida por la inteligencia artificial y la computaci\u00f3n cu\u00e1ntica - Eurecat","og_url":"https:\/\/eurecat.org\/es\/el-congreso-eurecat-plantea-una-nueva-era-digital-definida-por-la-inteligencia-artificial-y-la-computacion-cuantica\/","og_site_name":"Eurecat","article_published_time":"2025-06-13T17:00:47+00:00","article_modified_time":"2025-06-16T08:26:26+00:00","og_image":[{"width":800,"height":533,"url":"https:\/\/eurecat.org\/wp-content\/uploads\/2025\/06\/Congres_Eurecat_TaulaDigital_800px.gif","type":"image\/gif"}],"author":"EurecatEQZ","twitter_card":"summary_large_image","twitter_misc":{"Escrito por":"EurecatEQZ","Tiempo de lectura":"1 minuto"},"schema":{"@context":"https:\/\/schema.org","@graph":[{"@type":"Article","@id":"https:\/\/eurecat.org\/es\/el-congreso-eurecat-plantea-una-nueva-era-digital-definida-por-la-inteligencia-artificial-y-la-computacion-cuantica\/#article","isPartOf":{"@id":"https:\/\/eurecat.org\/es\/el-congreso-eurecat-plantea-una-nueva-era-digital-definida-por-la-inteligencia-artificial-y-la-computacion-cuantica\/"},"author":{"name":"EurecatEQZ","@id":"https:\/\/eurecat.org\/es\/#\/schema\/person\/99d4d39712001e7621b6867b27b40bed"},"headline":"El Congreso Eurecat plantea una nueva era digital definida por la inteligencia artificial y la computaci\u00f3n cu\u00e1ntica","datePublished":"2025-06-13T17:00:47+00:00","dateModified":"2025-06-16T08:26:26+00:00","mainEntityOfPage":{"@id":"https:\/\/eurecat.org\/es\/el-congreso-eurecat-plantea-una-nueva-era-digital-definida-por-la-inteligencia-artificial-y-la-computacion-cuantica\/"},"wordCount":1979,"commentCount":0,"image":{"@id":"https:\/\/eurecat.org\/es\/el-congreso-eurecat-plantea-una-nueva-era-digital-definida-por-la-inteligencia-artificial-y-la-computacion-cuantica\/#primaryimage"},"thumbnailUrl":"https:\/\/eurecat.org\/wp-content\/uploads\/2025\/06\/Congres_Eurecat_TaulaDigital_800px.gif","articleSection":["Data Science &amp; Big Data Analytics","Eventos","Notas de prensa"],"inLanguage":"es","potentialAction":[{"@type":"CommentAction","name":"Comment","target":["https:\/\/eurecat.org\/es\/el-congreso-eurecat-plantea-una-nueva-era-digital-definida-por-la-inteligencia-artificial-y-la-computacion-cuantica\/#respond"]}]},{"@type":"WebPage","@id":"https:\/\/eurecat.org\/es\/el-congreso-eurecat-plantea-una-nueva-era-digital-definida-por-la-inteligencia-artificial-y-la-computacion-cuantica\/","url":"https:\/\/eurecat.org\/es\/el-congreso-eurecat-plantea-una-nueva-era-digital-definida-por-la-inteligencia-artificial-y-la-computacion-cuantica\/","name":"El Congreso Eurecat plantea una nueva era digital definida por la inteligencia artificial y la computaci\u00f3n cu\u00e1ntica - Eurecat","isPartOf":{"@id":"https:\/\/eurecat.org\/es\/#website"},"primaryImageOfPage":{"@id":"https:\/\/eurecat.org\/es\/el-congreso-eurecat-plantea-una-nueva-era-digital-definida-por-la-inteligencia-artificial-y-la-computacion-cuantica\/#primaryimage"},"image":{"@id":"https:\/\/eurecat.org\/es\/el-congreso-eurecat-plantea-una-nueva-era-digital-definida-por-la-inteligencia-artificial-y-la-computacion-cuantica\/#primaryimage"},"thumbnailUrl":"https:\/\/eurecat.org\/wp-content\/uploads\/2025\/06\/Congres_Eurecat_TaulaDigital_800px.gif","datePublished":"2025-06-13T17:00:47+00:00","dateModified":"2025-06-16T08:26:26+00:00","author":{"@id":"https:\/\/eurecat.org\/es\/#\/schema\/person\/99d4d39712001e7621b6867b27b40bed"},"breadcrumb":{"@id":"https:\/\/eurecat.org\/es\/el-congreso-eurecat-plantea-una-nueva-era-digital-definida-por-la-inteligencia-artificial-y-la-computacion-cuantica\/#breadcrumb"},"inLanguage":"es","potentialAction":[{"@type":"ReadAction","target":["https:\/\/eurecat.org\/es\/el-congreso-eurecat-plantea-una-nueva-era-digital-definida-por-la-inteligencia-artificial-y-la-computacion-cuantica\/"]}]},{"@type":"ImageObject","inLanguage":"es","@id":"https:\/\/eurecat.org\/es\/el-congreso-eurecat-plantea-una-nueva-era-digital-definida-por-la-inteligencia-artificial-y-la-computacion-cuantica\/#primaryimage","url":"https:\/\/eurecat.org\/wp-content\/uploads\/2025\/06\/Congres_Eurecat_TaulaDigital_800px.gif","contentUrl":"https:\/\/eurecat.org\/wp-content\/uploads\/2025\/06\/Congres_Eurecat_TaulaDigital_800px.gif","width":800,"height":533},{"@type":"BreadcrumbList","@id":"https:\/\/eurecat.org\/es\/el-congreso-eurecat-plantea-una-nueva-era-digital-definida-por-la-inteligencia-artificial-y-la-computacion-cuantica\/#breadcrumb","itemListElement":[{"@type":"ListItem","position":1,"name":"Inici","item":"https:\/\/eurecat.org\/es\/"},{"@type":"ListItem","position":2,"name":"El Congreso Eurecat plantea una nueva era digital definida por la inteligencia artificial y la computaci\u00f3n cu\u00e1ntica"}]},{"@type":"WebSite","@id":"https:\/\/eurecat.org\/es\/#website","url":"https:\/\/eurecat.org\/es\/","name":"Eurecat","description":"Otro sitio realizado con WordPress","potentialAction":[{"@type":"SearchAction","target":{"@type":"EntryPoint","urlTemplate":"https:\/\/eurecat.org\/es\/?s={search_term_string}"},"query-input":{"@type":"PropertyValueSpecification","valueRequired":true,"valueName":"search_term_string"}}],"inLanguage":"es"},{"@type":"Person","@id":"https:\/\/eurecat.org\/es\/#\/schema\/person\/99d4d39712001e7621b6867b27b40bed","name":"EurecatEQZ","image":{"@type":"ImageObject","inLanguage":"es","@id":"https:\/\/secure.gravatar.com\/avatar\/6deb26ca61bcc34263c59cc62bb8b08ff90b67af7f99943babf5d86396845993?s=96&d=mm&r=g","url":"https:\/\/secure.gravatar.com\/avatar\/6deb26ca61bcc34263c59cc62bb8b08ff90b67af7f99943babf5d86396845993?s=96&d=mm&r=g","contentUrl":"https:\/\/secure.gravatar.com\/avatar\/6deb26ca61bcc34263c59cc62bb8b08ff90b67af7f99943babf5d86396845993?s=96&d=mm&r=g","caption":"EurecatEQZ"}}]}},"_links":{"self":[{"href":"https:\/\/eurecat.org\/es\/wp-json\/wp\/v2\/posts\/181295","targetHints":{"allow":["GET"]}}],"collection":[{"href":"https:\/\/eurecat.org\/es\/wp-json\/wp\/v2\/posts"}],"about":[{"href":"https:\/\/eurecat.org\/es\/wp-json\/wp\/v2\/types\/post"}],"author":[{"embeddable":true,"href":"https:\/\/eurecat.org\/es\/wp-json\/wp\/v2\/users\/20"}],"replies":[{"embeddable":true,"href":"https:\/\/eurecat.org\/es\/wp-json\/wp\/v2\/comments?post=181295"}],"version-history":[{"count":1,"href":"https:\/\/eurecat.org\/es\/wp-json\/wp\/v2\/posts\/181295\/revisions"}],"predecessor-version":[{"id":181296,"href":"https:\/\/eurecat.org\/es\/wp-json\/wp\/v2\/posts\/181295\/revisions\/181296"}],"wp:featuredmedia":[{"embeddable":true,"href":"https:\/\/eurecat.org\/es\/wp-json\/wp\/v2\/media\/181293"}],"wp:attachment":[{"href":"https:\/\/eurecat.org\/es\/wp-json\/wp\/v2\/media?parent=181295"}],"wp:term":[{"taxonomy":"category","embeddable":true,"href":"https:\/\/eurecat.org\/es\/wp-json\/wp\/v2\/categories?post=181295"},{"taxonomy":"post_tag","embeddable":true,"href":"https:\/\/eurecat.org\/es\/wp-json\/wp\/v2\/tags?post=181295"}],"curies":[{"name":"wp","href":"https:\/\/api.w.org\/{rel}","templated":true}]}}